{"id":165041,"date":"2025-11-20T11:11:01","date_gmt":"2025-11-20T10:11:01","guid":{"rendered":"https:\/\/www.bellunopress.it\/?p=165041"},"modified":"2025-11-20T11:11:01","modified_gmt":"2025-11-20T10:11:01","slug":"belluno-liberamente-in-scena-in-memoria-del-giornalista-maurizio-dorigo-due-date-il-23-e-30-novembre","status":"publish","type":"post","link":"https:\/\/www.bellunopress.it\/fr\/2025\/11\/20\/belluno-liberamente-in-scena-in-memoria-del-giornalista-maurizio-dorigo-due-date-il-23-e-30-novembre\/","title":{"rendered":"Belluno. &#8220;Liberamente in scena&#8221;, in memoria del giornalista Maurizio Dorigo. Due date il 23 e 30 novembre"},"content":{"rendered":"<figure id=\"attachment_113105\" aria-describedby=\"caption-attachment-113105\" style=\"width: 457px\" class=\"wp-caption aligncenter\"><img loading=\"lazy\" decoding=\"async\" class=\"size-full wp-image-113105\" src=\"https:\/\/www.bellunopress.it\/wp-content\/uploads\/2020\/03\/MAURIZIO-DORIGO.jpg\" alt=\"\" width=\"457\" height=\"595\" srcset=\"https:\/\/www.bellunopress.it\/wp-content\/uploads\/2020\/03\/MAURIZIO-DORIGO.jpg 457w, https:\/\/www.bellunopress.it\/wp-content\/uploads\/2020\/03\/MAURIZIO-DORIGO-384x500.jpg 384w, https:\/\/www.bellunopress.it\/wp-content\/uploads\/2020\/03\/MAURIZIO-DORIGO-323x420.jpg 323w\" sizes=\"auto, (max-width: 457px) 100vw, 457px\" \/><figcaption id=\"caption-attachment-113105\" class=\"wp-caption-text\">Maurizio Dorigo, giornalista<\/figcaption><\/figure>\n<p>Ancora due spettacoli saranno portati in scena dall&#8217;associazione culturale Liberamente Tratti Aps nell&#8217;ambito della prima rassegna teatrale &#8220;Liberamente in scena&#8221;, dedicata alla memoria di Maurizio Dorigo.<\/p>\n<p>Si terranno sul palco dell&#8217;oratorio &#8220;Don Bosco&#8221; in Piazza San Giovanni Bosco, 12 a Belluno nelle giornate del 23 e 30 novembre.<br \/>\nDopo l&#8217;esordio di successo lo scorso 15 novembre con la Compagnia Instabile Don Bosco, la<\/p>\n<p>Compagnia del Sorriso di Salce presenta domenica 23 novembre alle 17.30 lo spettacolo &#8220;Vacanze forzate&#8221; ambientato nella Caorle degli anni &#8217;60 tra impegnative convivenze.<br \/>\nLa data di chiusura \u00e8 invece a cura della Compagnia Liberamente Tratti che presenta, domenica 30 novembre alle ore 17.30, &#8220;Benvenuti a Checchiavau&#8221;, rappresentazione ambientata in un contesto paradossale, esilarante, a volte forse demenziale, ma che prende spunto dalla realt\u00e0.<\/p>\n<p>La rassegna intende ricordare la figura di Maurizio Dorigo, amico di alcuni componenti della compagnia, giornalista ed esperto del mondo dell&#8217;informazione e della comunicazione, a servizio anche delle associazioni provinciali.<br \/>\nL&#8217;ingresso \u00e8 aperto a tutti e si richiede un contributo di 5 euro.<\/p>\n<p>L&#8217;associazione culturale Liberamente Tratti Aps, nata a Belluno nel febbraio 2020, riunisce persone di diverse et\u00e0 ed esperienze provenienti da corsi di teatro, scuole di canto, radio, spettacoli di strada e un gruppo di soci sostenitori che contribuiscono con entusiasmo alla vitalit\u00e0 del progetto. Numerosi i progetti in corso: rappresentazioni teatrali, corsi e laboratori di teatro, iniziative culturali, viaggi organizzati e collaborazioni con realt\u00e0 del territorio. Cuore pulsante dell&#8217;associazione, la compagnia teatrale ha all&#8217;attivo numerosi successi, a partire dallo spettacolo &#8220;Arrestatemi&#8230; sono innocente!&#8221; (2015), seguito da spettacoli natalizi itineranti e dalla commedia &#8220;Il Bello delle donne&#8221; (2018). Nel 2022 ha debuttato la commedia brillante &#8220;Benvenuti a Checciavau&#8221;, scritta da Valerio Scremin e diretta da Giancarlo Merlin, tuttora in tourn\u00e9e. La compagnia \u00e8 ora al lavoro su una nuova commedia originale, interamente scritta &#8220;in casa&#8221;.<\/p>","protected":false},"excerpt":{"rendered":"<p>Ancora due spettacoli saranno portati in scena dall&#8217;associazione culturale Liberamente Tratti Aps nell&#8217;ambito della prima rassegna teatrale &#8220;Liberamente in scena&#8221;, dedicata alla memoria di Maurizio Dorigo. Si terranno sul palco dell&#8217;oratorio &#8220;Don Bosco&#8221; in Piazza San Giovanni Bosco, 12 a Belluno nelle giornate del 23 e 30 novembre. Dopo l&#8217;esordio di successo lo scorso 15 [&hellip;]<\/p>\n","protected":false},"author":2,"featured_media":113105,"comment_status":"closed","ping_status":"open","sticky":false,"template":"","format":"standard","meta":{"footnotes":""},"categories":[27,25],"tags":[],"class_list":["post-165041","post","type-post","status-publish","format-standard","has-post-thumbnail","category-appuntamenti","category-pausa-caffe"],"yoast_head":"<!-- This site is optimized with the Yoast SEO plugin v28.4 - https:\/\/yoast.com\/product\/yoast-seo-wordpress\/ -->\n<title>Belluno. &quot;Liberamente in scena&quot;, in memoria del giornalista Maurizio Dorigo. Due date il 23 e 30 novembre - Bellunopress - Dolomiti<\/title>\n<meta name=\"robots\" content=\"index, follow, max-snippet:-1, max-image-preview:large, max-video-preview:-1\" \/>\n<link rel=\"canonical\" href=\"https:\/\/www.bellunopress.it\/fr\/2025\/11\/20\/belluno-liberamente-in-scena-in-memoria-del-giornalista-maurizio-dorigo-due-date-il-23-e-30-novembre\/\" \/>\n<meta property=\"og:locale\" content=\"fr_FR\" \/>\n<meta property=\"og:type\" content=\"article\" \/>\n<meta property=\"og:title\" content=\"Belluno. &quot;Liberamente in scena&quot;, in memoria del giornalista Maurizio Dorigo. Due date il 23 e 30 novembre - Bellunopress - Dolomiti\" \/>\n<meta property=\"og:description\" content=\"Ancora due spettacoli saranno portati in scena dall&#8217;associazione culturale Liberamente Tratti Aps nell&#8217;ambito della prima rassegna teatrale &#8220;Liberamente in scena&#8221;, dedicata alla memoria di Maurizio Dorigo. Si terranno sul palco dell&#8217;oratorio &#8220;Don Bosco&#8221; in Piazza San Giovanni Bosco, 12 a Belluno nelle giornate del 23 e 30 novembre. Dopo l&#8217;esordio di successo lo scorso 15 [&hellip;]\" \/>\n<meta property=\"og:url\" content=\"https:\/\/www.bellunopress.it\/fr\/2025\/11\/20\/belluno-liberamente-in-scena-in-memoria-del-giornalista-maurizio-dorigo-due-date-il-23-e-30-novembre\/\" \/>\n<meta property=\"og:site_name\" content=\"Bellunopress - Dolomiti\" \/>\n<meta property=\"article:publisher\" content=\"https:\/\/www.facebook.com\/profile.php?id=100008943462799\" \/>\n<meta property=\"article:published_time\" content=\"2025-11-20T10:11:01+00:00\" \/>\n<meta property=\"og:image\" content=\"https:\/\/www.bellunopress.it\/wp-content\/uploads\/2020\/03\/MAURIZIO-DORIGO.jpg\" \/>\n\t<meta property=\"og:image:width\" content=\"457\" \/>\n\t<meta property=\"og:image:height\" content=\"595\" \/>\n\t<meta property=\"og:image:type\" content=\"image\/jpeg\" \/>\n<meta name=\"author\" content=\"redazione\" \/>\n<meta name=\"twitter:card\" content=\"summary_large_image\" \/>\n<meta name=\"twitter:creator\" content=\"@bellunopress\" \/>\n<meta name=\"twitter:site\" content=\"@bellunopress\" \/>\n<meta name=\"twitter:label1\" content=\"\u00c9crit par\" \/>\n\t<meta name=\"twitter:data1\" content=\"redazione\" \/>\n\t<meta name=\"twitter:label2\" content=\"Dur\u00e9e de lecture estim\u00e9e\" \/>\n\t<meta name=\"twitter:data2\" content=\"1 minute\" \/>\n<script type=\"application\/ld+json\" class=\"yoast-schema-graph\">{\"@context\":\"https:\\\/\\\/schema.org\",\"@graph\":[{\"@type\":\"Article\",\"@id\":\"https:\\\/\\\/www.bellunopress.it\\\/2025\\\/11\\\/20\\\/belluno-liberamente-in-scena-in-memoria-del-giornalista-maurizio-dorigo-due-date-il-23-e-30-novembre\\\/#article\",\"isPartOf\":{\"@id\":\"https:\\\/\\\/www.bellunopress.it\\\/2025\\\/11\\\/20\\\/belluno-liberamente-in-scena-in-memoria-del-giornalista-maurizio-dorigo-due-date-il-23-e-30-novembre\\\/\"},\"author\":{\"name\":\"redazione\",\"@id\":\"https:\\\/\\\/www.bellunopress.it\\\/#\\\/schema\\\/person\\\/79bb06722b37ece1c03d3e94beb30d73\"},\"headline\":\"Belluno. &#8220;Liberamente in scena&#8221;, in memoria del giornalista Maurizio Dorigo. Due date il 23 e 30 novembre\",\"datePublished\":\"2025-11-20T10:11:01+00:00\",\"mainEntityOfPage\":{\"@id\":\"https:\\\/\\\/www.bellunopress.it\\\/2025\\\/11\\\/20\\\/belluno-liberamente-in-scena-in-memoria-del-giornalista-maurizio-dorigo-due-date-il-23-e-30-novembre\\\/\"},\"wordCount\":322,\"publisher\":{\"@id\":\"https:\\\/\\\/www.bellunopress.it\\\/#organization\"},\"image\":{\"@id\":\"https:\\\/\\\/www.bellunopress.it\\\/2025\\\/11\\\/20\\\/belluno-liberamente-in-scena-in-memoria-del-giornalista-maurizio-dorigo-due-date-il-23-e-30-novembre\\\/#primaryimage\"},\"thumbnailUrl\":\"https:\\\/\\\/www.bellunopress.it\\\/wp-content\\\/uploads\\\/2020\\\/03\\\/MAURIZIO-DORIGO.jpg\",\"articleSection\":[\"Appuntamenti, Eventi\",\"Pausa Caff\u00e8\"],\"inLanguage\":\"fr-FR\"},{\"@type\":\"WebPage\",\"@id\":\"https:\\\/\\\/www.bellunopress.it\\\/2025\\\/11\\\/20\\\/belluno-liberamente-in-scena-in-memoria-del-giornalista-maurizio-dorigo-due-date-il-23-e-30-novembre\\\/\",\"url\":\"https:\\\/\\\/www.bellunopress.it\\\/2025\\\/11\\\/20\\\/belluno-liberamente-in-scena-in-memoria-del-giornalista-maurizio-dorigo-due-date-il-23-e-30-novembre\\\/\",\"name\":\"Belluno. \\\"Liberamente in scena\\\", in memoria del giornalista Maurizio Dorigo. Due date il 23 e 30 novembre - Bellunopress - Dolomiti\",\"isPartOf\":{\"@id\":\"https:\\\/\\\/www.bellunopress.it\\\/#website\"},\"primaryImageOfPage\":{\"@id\":\"https:\\\/\\\/www.bellunopress.it\\\/2025\\\/11\\\/20\\\/belluno-liberamente-in-scena-in-memoria-del-giornalista-maurizio-dorigo-due-date-il-23-e-30-novembre\\\/#primaryimage\"},\"image\":{\"@id\":\"https:\\\/\\\/www.bellunopress.it\\\/2025\\\/11\\\/20\\\/belluno-liberamente-in-scena-in-memoria-del-giornalista-maurizio-dorigo-due-date-il-23-e-30-novembre\\\/#primaryimage\"},\"thumbnailUrl\":\"https:\\\/\\\/www.bellunopress.it\\\/wp-content\\\/uploads\\\/2020\\\/03\\\/MAURIZIO-DORIGO.jpg\",\"datePublished\":\"2025-11-20T10:11:01+00:00\",\"breadcrumb\":{\"@id\":\"https:\\\/\\\/www.bellunopress.it\\\/2025\\\/11\\\/20\\\/belluno-liberamente-in-scena-in-memoria-del-giornalista-maurizio-dorigo-due-date-il-23-e-30-novembre\\\/#breadcrumb\"},\"inLanguage\":\"fr-FR\",\"potentialAction\":[{\"@type\":\"ReadAction\",\"target\":[\"https:\\\/\\\/www.bellunopress.it\\\/2025\\\/11\\\/20\\\/belluno-liberamente-in-scena-in-memoria-del-giornalista-maurizio-dorigo-due-date-il-23-e-30-novembre\\\/\"]}]},{\"@type\":\"ImageObject\",\"inLanguage\":\"fr-FR\",\"@id\":\"https:\\\/\\\/www.bellunopress.it\\\/2025\\\/11\\\/20\\\/belluno-liberamente-in-scena-in-memoria-del-giornalista-maurizio-dorigo-due-date-il-23-e-30-novembre\\\/#primaryimage\",\"url\":\"https:\\\/\\\/www.bellunopress.it\\\/wp-content\\\/uploads\\\/2020\\\/03\\\/MAURIZIO-DORIGO.jpg\",\"contentUrl\":\"https:\\\/\\\/www.bellunopress.it\\\/wp-content\\\/uploads\\\/2020\\\/03\\\/MAURIZIO-DORIGO.jpg\",\"width\":457,\"height\":595,\"caption\":\"Maurizio Dorigo, giornalista\"},{\"@type\":\"BreadcrumbList\",\"@id\":\"https:\\\/\\\/www.bellunopress.it\\\/2025\\\/11\\\/20\\\/belluno-liberamente-in-scena-in-memoria-del-giornalista-maurizio-dorigo-due-date-il-23-e-30-novembre\\\/#breadcrumb\",\"itemListElement\":[{\"@type\":\"ListItem\",\"position\":1,\"name\":\"Home\",\"item\":\"https:\\\/\\\/www.bellunopress.it\\\/\"},{\"@type\":\"ListItem\",\"position\":2,\"name\":\"Belluno. &#8220;Liberamente in scena&#8221;, in memoria del giornalista Maurizio Dorigo. Due date il 23 e 30 novembre\"}]},{\"@type\":\"WebSite\",\"@id\":\"https:\\\/\\\/www.bellunopress.it\\\/#website\",\"url\":\"https:\\\/\\\/www.bellunopress.it\\\/\",\"name\":\"Bellunopress - Dolomiti\",\"description\":\"e-mail: redazione@bellunopress.it\",\"publisher\":{\"@id\":\"https:\\\/\\\/www.bellunopress.it\\\/#organization\"},\"potentialAction\":[{\"@type\":\"SearchAction\",\"target\":{\"@type\":\"EntryPoint\",\"urlTemplate\":\"https:\\\/\\\/www.bellunopress.it\\\/?s={search_term_string}\"},\"query-input\":{\"@type\":\"PropertyValueSpecification\",\"valueRequired\":true,\"valueName\":\"search_term_string\"}}],\"inLanguage\":\"fr-FR\"},{\"@type\":\"Organization\",\"@id\":\"https:\\\/\\\/www.bellunopress.it\\\/#organization\",\"name\":\"Bellunopress\",\"url\":\"https:\\\/\\\/www.bellunopress.it\\\/\",\"logo\":{\"@type\":\"ImageObject\",\"inLanguage\":\"fr-FR\",\"@id\":\"https:\\\/\\\/www.bellunopress.it\\\/#\\\/schema\\\/logo\\\/image\\\/\",\"url\":\"https:\\\/\\\/www.bellunopress.it\\\/wp-content\\\/uploads\\\/2011\\\/05\\\/cropped-logo-bellunopress-.jpg\",\"contentUrl\":\"https:\\\/\\\/www.bellunopress.it\\\/wp-content\\\/uploads\\\/2011\\\/05\\\/cropped-logo-bellunopress-.jpg\",\"width\":512,\"height\":512,\"caption\":\"Bellunopress\"},\"image\":{\"@id\":\"https:\\\/\\\/www.bellunopress.it\\\/#\\\/schema\\\/logo\\\/image\\\/\"},\"sameAs\":[\"https:\\\/\\\/www.facebook.com\\\/profile.php?id=100008943462799\",\"https:\\\/\\\/x.com\\\/bellunopress\",\"https:\\\/\\\/www.linkedin.com\\\/hp\\\/?dnr=JBzUWaJfMUw8vbXJJ2tVW5-I3jZKvC4wsoxE&amp;amp;amp;amp;amp;amp;trk=nav_responsive_tab_home\",\"https:\\\/\\\/www.youtube.com\\\/channel\\\/UCxL0wu1uN0_3_7hGG0306cw\"]},{\"@type\":\"Person\",\"@id\":\"https:\\\/\\\/www.bellunopress.it\\\/#\\\/schema\\\/person\\\/79bb06722b37ece1c03d3e94beb30d73\",\"name\":\"redazione\",\"image\":{\"@type\":\"ImageObject\",\"inLanguage\":\"fr-FR\",\"@id\":\"https:\\\/\\\/secure.gravatar.com\\\/avatar\\\/37d968a2e67a6fd04c169c4bdef102d0bc5d31b2546345219e348575eb80e9a0?s=96&d=mm&r=g\",\"url\":\"https:\\\/\\\/secure.gravatar.com\\\/avatar\\\/37d968a2e67a6fd04c169c4bdef102d0bc5d31b2546345219e348575eb80e9a0?s=96&d=mm&r=g\",\"contentUrl\":\"https:\\\/\\\/secure.gravatar.com\\\/avatar\\\/37d968a2e67a6fd04c169c4bdef102d0bc5d31b2546345219e348575eb80e9a0?s=96&d=mm&r=g\",\"caption\":\"redazione\"},\"sameAs\":[\"http:\\\/\\\/www.bellunopress.it\",\"https:\\\/\\\/x.com\\\/bellunopress\"],\"url\":\"https:\\\/\\\/www.bellunopress.it\\\/fr\\\/author\\\/redazione\\\/\"}]}<\/script>\n<!-- \/ Yoast SEO plugin. -->","yoast_head_json":{"title":"Belluno. \"Liberamente in scena\", in memoria del giornalista Maurizio Dorigo. Due date il 23 e 30 novembre - Bellunopress - Dolomiti","robots":{"index":"index","follow":"follow","max-snippet":"max-snippet:-1","max-image-preview":"max-image-preview:large","max-video-preview":"max-video-preview:-1"},"canonical":"https:\/\/www.bellunopress.it\/fr\/2025\/11\/20\/belluno-liberamente-in-scena-in-memoria-del-giornalista-maurizio-dorigo-due-date-il-23-e-30-novembre\/","og_locale":"fr_FR","og_type":"article","og_title":"Belluno. \"Liberamente in scena\", in memoria del giornalista Maurizio Dorigo. Due date il 23 e 30 novembre - Bellunopress - Dolomiti","og_description":"Ancora due spettacoli saranno portati in scena dall&#8217;associazione culturale Liberamente Tratti Aps nell&#8217;ambito della prima rassegna teatrale &#8220;Liberamente in scena&#8221;, dedicata alla memoria di Maurizio Dorigo. Si terranno sul palco dell&#8217;oratorio &#8220;Don Bosco&#8221; in Piazza San Giovanni Bosco, 12 a Belluno nelle giornate del 23 e 30 novembre. Dopo l&#8217;esordio di successo lo scorso 15 [&hellip;]","og_url":"https:\/\/www.bellunopress.it\/fr\/2025\/11\/20\/belluno-liberamente-in-scena-in-memoria-del-giornalista-maurizio-dorigo-due-date-il-23-e-30-novembre\/","og_site_name":"Bellunopress - Dolomiti","article_publisher":"https:\/\/www.facebook.com\/profile.php?id=100008943462799","article_published_time":"2025-11-20T10:11:01+00:00","og_image":[{"width":457,"height":595,"url":"https:\/\/www.bellunopress.it\/wp-content\/uploads\/2020\/03\/MAURIZIO-DORIGO.jpg","type":"image\/jpeg"}],"author":"redazione","twitter_card":"summary_large_image","twitter_creator":"@bellunopress","twitter_site":"@bellunopress","twitter_misc":{"\u00c9crit par":"redazione","Dur\u00e9e de lecture estim\u00e9e":"1 minute"},"schema":{"@context":"https:\/\/schema.org","@graph":[{"@type":"Article","@id":"https:\/\/www.bellunopress.it\/2025\/11\/20\/belluno-liberamente-in-scena-in-memoria-del-giornalista-maurizio-dorigo-due-date-il-23-e-30-novembre\/#article","isPartOf":{"@id":"https:\/\/www.bellunopress.it\/2025\/11\/20\/belluno-liberamente-in-scena-in-memoria-del-giornalista-maurizio-dorigo-due-date-il-23-e-30-novembre\/"},"author":{"name":"redazione","@id":"https:\/\/www.bellunopress.it\/#\/schema\/person\/79bb06722b37ece1c03d3e94beb30d73"},"headline":"Belluno. &#8220;Liberamente in scena&#8221;, in memoria del giornalista Maurizio Dorigo. Due date il 23 e 30 novembre","datePublished":"2025-11-20T10:11:01+00:00","mainEntityOfPage":{"@id":"https:\/\/www.bellunopress.it\/2025\/11\/20\/belluno-liberamente-in-scena-in-memoria-del-giornalista-maurizio-dorigo-due-date-il-23-e-30-novembre\/"},"wordCount":322,"publisher":{"@id":"https:\/\/www.bellunopress.it\/#organization"},"image":{"@id":"https:\/\/www.bellunopress.it\/2025\/11\/20\/belluno-liberamente-in-scena-in-memoria-del-giornalista-maurizio-dorigo-due-date-il-23-e-30-novembre\/#primaryimage"},"thumbnailUrl":"https:\/\/www.bellunopress.it\/wp-content\/uploads\/2020\/03\/MAURIZIO-DORIGO.jpg","articleSection":["Appuntamenti, Eventi","Pausa Caff\u00e8"],"inLanguage":"fr-FR"},{"@type":"WebPage","@id":"https:\/\/www.bellunopress.it\/2025\/11\/20\/belluno-liberamente-in-scena-in-memoria-del-giornalista-maurizio-dorigo-due-date-il-23-e-30-novembre\/","url":"https:\/\/www.bellunopress.it\/2025\/11\/20\/belluno-liberamente-in-scena-in-memoria-del-giornalista-maurizio-dorigo-due-date-il-23-e-30-novembre\/","name":"Belluno. \"Liberamente in scena\", in memoria del giornalista Maurizio Dorigo. Due date il 23 e 30 novembre - Bellunopress - Dolomiti","isPartOf":{"@id":"https:\/\/www.bellunopress.it\/#website"},"primaryImageOfPage":{"@id":"https:\/\/www.bellunopress.it\/2025\/11\/20\/belluno-liberamente-in-scena-in-memoria-del-giornalista-maurizio-dorigo-due-date-il-23-e-30-novembre\/#primaryimage"},"image":{"@id":"https:\/\/www.bellunopress.it\/2025\/11\/20\/belluno-liberamente-in-scena-in-memoria-del-giornalista-maurizio-dorigo-due-date-il-23-e-30-novembre\/#primaryimage"},"thumbnailUrl":"https:\/\/www.bellunopress.it\/wp-content\/uploads\/2020\/03\/MAURIZIO-DORIGO.jpg","datePublished":"2025-11-20T10:11:01+00:00","breadcrumb":{"@id":"https:\/\/www.bellunopress.it\/2025\/11\/20\/belluno-liberamente-in-scena-in-memoria-del-giornalista-maurizio-dorigo-due-date-il-23-e-30-novembre\/#breadcrumb"},"inLanguage":"fr-FR","potentialAction":[{"@type":"ReadAction","target":["https:\/\/www.bellunopress.it\/2025\/11\/20\/belluno-liberamente-in-scena-in-memoria-del-giornalista-maurizio-dorigo-due-date-il-23-e-30-novembre\/"]}]},{"@type":"ImageObject","inLanguage":"fr-FR","@id":"https:\/\/www.bellunopress.it\/2025\/11\/20\/belluno-liberamente-in-scena-in-memoria-del-giornalista-maurizio-dorigo-due-date-il-23-e-30-novembre\/#primaryimage","url":"https:\/\/www.bellunopress.it\/wp-content\/uploads\/2020\/03\/MAURIZIO-DORIGO.jpg","contentUrl":"https:\/\/www.bellunopress.it\/wp-content\/uploads\/2020\/03\/MAURIZIO-DORIGO.jpg","width":457,"height":595,"caption":"Maurizio Dorigo, giornalista"},{"@type":"BreadcrumbList","@id":"https:\/\/www.bellunopress.it\/2025\/11\/20\/belluno-liberamente-in-scena-in-memoria-del-giornalista-maurizio-dorigo-due-date-il-23-e-30-novembre\/#breadcrumb","itemListElement":[{"@type":"ListItem","position":1,"name":"Home","item":"https:\/\/www.bellunopress.it\/"},{"@type":"ListItem","position":2,"name":"Belluno. &#8220;Liberamente in scena&#8221;, in memoria del giornalista Maurizio Dorigo. Due date il 23 e 30 novembre"}]},{"@type":"WebSite","@id":"https:\/\/www.bellunopress.it\/#website","url":"https:\/\/www.bellunopress.it\/","name":"Bellunopress - Dolomiti","description":"e-mail: redazione@bellunopress.it","publisher":{"@id":"https:\/\/www.bellunopress.it\/#organization"},"potentialAction":[{"@type":"SearchAction","target":{"@type":"EntryPoint","urlTemplate":"https:\/\/www.bellunopress.it\/?s={search_term_string}"},"query-input":{"@type":"PropertyValueSpecification","valueRequired":true,"valueName":"search_term_string"}}],"inLanguage":"fr-FR"},{"@type":"Organization","@id":"https:\/\/www.bellunopress.it\/#organization","name":"Bellunopress","url":"https:\/\/www.bellunopress.it\/","logo":{"@type":"ImageObject","inLanguage":"fr-FR","@id":"https:\/\/www.bellunopress.it\/#\/schema\/logo\/image\/","url":"https:\/\/www.bellunopress.it\/wp-content\/uploads\/2011\/05\/cropped-logo-bellunopress-.jpg","contentUrl":"https:\/\/www.bellunopress.it\/wp-content\/uploads\/2011\/05\/cropped-logo-bellunopress-.jpg","width":512,"height":512,"caption":"Bellunopress"},"image":{"@id":"https:\/\/www.bellunopress.it\/#\/schema\/logo\/image\/"},"sameAs":["https:\/\/www.facebook.com\/profile.php?id=100008943462799","https:\/\/x.com\/bellunopress","https:\/\/www.linkedin.com\/hp\/?dnr=JBzUWaJfMUw8vbXJJ2tVW5-I3jZKvC4wsoxE&amp;amp;amp;amp;amp;amp;trk=nav_responsive_tab_home","https:\/\/www.youtube.com\/channel\/UCxL0wu1uN0_3_7hGG0306cw"]},{"@type":"Person","@id":"https:\/\/www.bellunopress.it\/#\/schema\/person\/79bb06722b37ece1c03d3e94beb30d73","name":"r\u00e9daction","image":{"@type":"ImageObject","inLanguage":"fr-FR","@id":"https:\/\/secure.gravatar.com\/avatar\/37d968a2e67a6fd04c169c4bdef102d0bc5d31b2546345219e348575eb80e9a0?s=96&d=mm&r=g","url":"https:\/\/secure.gravatar.com\/avatar\/37d968a2e67a6fd04c169c4bdef102d0bc5d31b2546345219e348575eb80e9a0?s=96&d=mm&r=g","contentUrl":"https:\/\/secure.gravatar.com\/avatar\/37d968a2e67a6fd04c169c4bdef102d0bc5d31b2546345219e348575eb80e9a0?s=96&d=mm&r=g","caption":"redazione"},"sameAs":["http:\/\/www.bellunopress.it","https:\/\/x.com\/bellunopress"],"url":"https:\/\/www.bellunopress.it\/fr\/author\/redazione\/"}]}},"_links":{"self":[{"href":"https:\/\/www.bellunopress.it\/fr\/wp-json\/wp\/v2\/posts\/165041","targetHints":{"allow":["GET"]}}],"collection":[{"href":"https:\/\/www.bellunopress.it\/fr\/wp-json\/wp\/v2\/posts"}],"about":[{"href":"https:\/\/www.bellunopress.it\/fr\/wp-json\/wp\/v2\/types\/post"}],"author":[{"embeddable":true,"href":"https:\/\/www.bellunopress.it\/fr\/wp-json\/wp\/v2\/users\/2"}],"replies":[{"embeddable":true,"href":"https:\/\/www.bellunopress.it\/fr\/wp-json\/wp\/v2\/comments?post=165041"}],"version-history":[{"count":1,"href":"https:\/\/www.bellunopress.it\/fr\/wp-json\/wp\/v2\/posts\/165041\/revisions"}],"predecessor-version":[{"id":165042,"href":"https:\/\/www.bellunopress.it\/fr\/wp-json\/wp\/v2\/posts\/165041\/revisions\/165042"}],"wp:featuredmedia":[{"embeddable":true,"href":"https:\/\/www.bellunopress.it\/fr\/wp-json\/wp\/v2\/media\/113105"}],"wp:attachment":[{"href":"https:\/\/www.bellunopress.it\/fr\/wp-json\/wp\/v2\/media?parent=165041"}],"wp:term":[{"taxonomy":"category","embeddable":true,"href":"https:\/\/www.bellunopress.it\/fr\/wp-json\/wp\/v2\/categories?post=165041"},{"taxonomy":"post_tag","embeddable":true,"href":"https:\/\/www.bellunopress.it\/fr\/wp-json\/wp\/v2\/tags?post=165041"}],"curies":[{"name":"wp","href":"https:\/\/api.w.org\/{rel}","templated":true}]}}