{"id":165022,"date":"2025-11-19T13:19:56","date_gmt":"2025-11-19T12:19:56","guid":{"rendered":"https:\/\/www.bellunopress.it\/?p=165022"},"modified":"2025-11-19T13:22:27","modified_gmt":"2025-11-19T12:22:27","slug":"legambiente-belluno-sempre-piu-al-vertice-nazionale-della-dispersione-idrica","status":"publish","type":"post","link":"https:\/\/www.bellunopress.it\/fr\/2025\/11\/19\/legambiente-belluno-sempre-piu-al-vertice-nazionale-della-dispersione-idrica\/","title":{"rendered":"Legambiente: Belluno sempre pi\u00f9 al vertice nazionale della dispersione idrica"},"content":{"rendered":"<p data-path-to-node=\"1,1\"><img loading=\"lazy\" decoding=\"async\" class=\"aligncenter size-full wp-image-112601\" src=\"https:\/\/www.bellunopress.it\/wp-content\/uploads\/2020\/03\/lettere-al-direttore-bellunopress.jpg\" alt=\"lettera al direttore\" width=\"677\" height=\"454\" srcset=\"https:\/\/www.bellunopress.it\/wp-content\/uploads\/2020\/03\/lettere-al-direttore-bellunopress.jpg 677w, https:\/\/www.bellunopress.it\/wp-content\/uploads\/2020\/03\/lettere-al-direttore-bellunopress-500x335.jpg 500w, https:\/\/www.bellunopress.it\/wp-content\/uploads\/2020\/03\/lettere-al-direttore-bellunopress-626x420.jpg 626w\" sizes=\"auto, (max-width: 677px) 100vw, 677px\" \/>E cos\u00ec, anche quest&#8217;anno, puntualmente a fine ottobre, Legambiente ha pubblicato la sua indagine annuale Ecosistema Urbano, quest&#8217;anno riferita al 2024. Vi si pu\u00f2 leggere che la citt\u00e0 di Belluno si conferma al vertice nazionale per dispersione della propria rete idrica, gestita ormai da pi\u00f9 di 20 anni, come nell&#8217;intera provincia, da <a href=\"https:\/\/serviziarete.it\/nasce-sib-servizi-integrati-bellunesi\/\">SIB (l&#8217;ex Bim GSP)<\/a>.<\/p>\n<p data-path-to-node=\"1,2\">Nel 2024 la percentuale di acqua andata persa sul totale di quella immessa in una rete evidentemente colabrodo \u00e8 arrivata nientemeno che al <b>69,7%<\/b>, in costante aumento (era il <span class=\"math-inline\" data-math=\"69,2\\%\">69,2%<\/span> nel 2023 e del <span class=\"math-inline\" data-math=\"64\\%\">64%<\/span> nel 2022, ma le percentuali devono essere poco diverse, se non peggiori, se riferite all&#8217;intera provincia di Belluno) e comunque sempre saldamente al vertice della classifica nazionale (seguono Belluno, in questa poco onorevole classifica, Siracusa, Latina, Massa, Vibo Valentia, Campobasso, Rieti ed Agrigento) e ad abissale distanza dagli altri capoluoghi di provincia veneti (le vicine Treviso e Vicenza, ad esempio, hanno percentuali rispettivamente del <span class=\"math-inline\" data-math=\"22,4\">22,4<\/span> e <span class=\"math-inline\" data-math=\"17,4\\%\">17,4%$<\/span>).<\/p>\n<p data-path-to-node=\"1,3\">A questo punto una domanda, a SIB ma soprattutto al Consiglio di Bacino Dolomiti Bellunesi (ente d&#8217;ambito che dovrebbe controllarla) ed anche ai sindaci dei Comuni della provincia di Belluno (soci di SIB), sorge spontanea: dove finiscono da oltre vent&#8217;anni i soldi delle bollette del servizio idrico (con tariffe ogni anno, tra l&#8217;altro, in costante aumento)?<\/p>\n<p data-path-to-node=\"1,4\">Paolo A. Lucci<\/p>\n<p data-path-to-node=\"1,5\">Feltre<\/p>","protected":false},"excerpt":{"rendered":"<p>E cos\u00ec, anche quest&#8217;anno, puntualmente a fine ottobre, Legambiente ha pubblicato la sua indagine annuale Ecosistema Urbano, quest&#8217;anno riferita al 2024. Vi si pu\u00f2 leggere che la citt\u00e0 di Belluno si conferma al vertice nazionale per dispersione della propria rete idrica, gestita ormai da pi\u00f9 di 20 anni, come nell&#8217;intera provincia, da SIB (l&#8217;ex Bim [&hellip;]<\/p>\n","protected":false},"author":2,"featured_media":112601,"comment_status":"closed","ping_status":"open","sticky":false,"template":"","format":"standard","meta":{"footnotes":""},"categories":[1],"tags":[],"class_list":["post-165022","post","type-post","status-publish","format-standard","has-post-thumbnail","category-leo"],"yoast_head":"<!-- This site is optimized with the Yoast SEO plugin v28.4 - https:\/\/yoast.com\/product\/yoast-seo-wordpress\/ -->\n<title>Legambiente: Belluno sempre pi\u00f9 al vertice nazionale della dispersione idrica - Bellunopress - Dolomiti<\/title>\n<meta name=\"robots\" content=\"index, follow, max-snippet:-1, max-image-preview:large, max-video-preview:-1\" \/>\n<link rel=\"canonical\" href=\"https:\/\/www.bellunopress.it\/fr\/2025\/11\/19\/legambiente-belluno-sempre-piu-al-vertice-nazionale-della-dispersione-idrica\/\" \/>\n<meta property=\"og:locale\" content=\"fr_FR\" \/>\n<meta property=\"og:type\" content=\"article\" \/>\n<meta property=\"og:title\" content=\"Legambiente: Belluno sempre pi\u00f9 al vertice nazionale della dispersione idrica - Bellunopress - Dolomiti\" \/>\n<meta property=\"og:description\" content=\"E cos\u00ec, anche quest&#8217;anno, puntualmente a fine ottobre, Legambiente ha pubblicato la sua indagine annuale Ecosistema Urbano, quest&#8217;anno riferita al 2024. Vi si pu\u00f2 leggere che la citt\u00e0 di Belluno si conferma al vertice nazionale per dispersione della propria rete idrica, gestita ormai da pi\u00f9 di 20 anni, come nell&#8217;intera provincia, da SIB (l&#8217;ex Bim [&hellip;]\" \/>\n<meta property=\"og:url\" content=\"https:\/\/www.bellunopress.it\/fr\/2025\/11\/19\/legambiente-belluno-sempre-piu-al-vertice-nazionale-della-dispersione-idrica\/\" \/>\n<meta property=\"og:site_name\" content=\"Bellunopress - Dolomiti\" \/>\n<meta property=\"article:publisher\" content=\"https:\/\/www.facebook.com\/profile.php?id=100008943462799\" \/>\n<meta property=\"article:published_time\" content=\"2025-11-19T12:19:56+00:00\" \/>\n<meta property=\"article:modified_time\" content=\"2025-11-19T12:22:27+00:00\" \/>\n<meta property=\"og:image\" content=\"https:\/\/www.bellunopress.it\/wp-content\/uploads\/2020\/03\/lettere-al-direttore-bellunopress.jpg\" \/>\n\t<meta property=\"og:image:width\" content=\"677\" \/>\n\t<meta property=\"og:image:height\" content=\"454\" \/>\n\t<meta property=\"og:image:type\" content=\"image\/jpeg\" \/>\n<meta name=\"author\" content=\"redazione\" \/>\n<meta name=\"twitter:card\" content=\"summary_large_image\" \/>\n<meta name=\"twitter:creator\" content=\"@bellunopress\" \/>\n<meta name=\"twitter:site\" content=\"@bellunopress\" \/>\n<meta name=\"twitter:label1\" content=\"\u00c9crit par\" \/>\n\t<meta name=\"twitter:data1\" content=\"redazione\" \/>\n\t<meta name=\"twitter:label2\" content=\"Dur\u00e9e de lecture estim\u00e9e\" \/>\n\t<meta name=\"twitter:data2\" content=\"1 minute\" \/>\n<script type=\"application\/ld+json\" class=\"yoast-schema-graph\">{\"@context\":\"https:\\\/\\\/schema.org\",\"@graph\":[{\"@type\":\"Article\",\"@id\":\"https:\\\/\\\/www.bellunopress.it\\\/2025\\\/11\\\/19\\\/legambiente-belluno-sempre-piu-al-vertice-nazionale-della-dispersione-idrica\\\/#article\",\"isPartOf\":{\"@id\":\"https:\\\/\\\/www.bellunopress.it\\\/2025\\\/11\\\/19\\\/legambiente-belluno-sempre-piu-al-vertice-nazionale-della-dispersione-idrica\\\/\"},\"author\":{\"name\":\"redazione\",\"@id\":\"https:\\\/\\\/www.bellunopress.it\\\/#\\\/schema\\\/person\\\/79bb06722b37ece1c03d3e94beb30d73\"},\"headline\":\"Legambiente: Belluno sempre pi\u00f9 al vertice nazionale della dispersione idrica\",\"datePublished\":\"2025-11-19T12:19:56+00:00\",\"dateModified\":\"2025-11-19T12:22:27+00:00\",\"mainEntityOfPage\":{\"@id\":\"https:\\\/\\\/www.bellunopress.it\\\/2025\\\/11\\\/19\\\/legambiente-belluno-sempre-piu-al-vertice-nazionale-della-dispersione-idrica\\\/\"},\"wordCount\":225,\"publisher\":{\"@id\":\"https:\\\/\\\/www.bellunopress.it\\\/#organization\"},\"image\":{\"@id\":\"https:\\\/\\\/www.bellunopress.it\\\/2025\\\/11\\\/19\\\/legambiente-belluno-sempre-piu-al-vertice-nazionale-della-dispersione-idrica\\\/#primaryimage\"},\"thumbnailUrl\":\"https:\\\/\\\/www.bellunopress.it\\\/wp-content\\\/uploads\\\/2020\\\/03\\\/lettere-al-direttore-bellunopress.jpg\",\"articleSection\":[\"Lettere Opinioni\"],\"inLanguage\":\"fr-FR\"},{\"@type\":\"WebPage\",\"@id\":\"https:\\\/\\\/www.bellunopress.it\\\/2025\\\/11\\\/19\\\/legambiente-belluno-sempre-piu-al-vertice-nazionale-della-dispersione-idrica\\\/\",\"url\":\"https:\\\/\\\/www.bellunopress.it\\\/2025\\\/11\\\/19\\\/legambiente-belluno-sempre-piu-al-vertice-nazionale-della-dispersione-idrica\\\/\",\"name\":\"Legambiente: Belluno sempre pi\u00f9 al vertice nazionale della dispersione idrica - Bellunopress - Dolomiti\",\"isPartOf\":{\"@id\":\"https:\\\/\\\/www.bellunopress.it\\\/#website\"},\"primaryImageOfPage\":{\"@id\":\"https:\\\/\\\/www.bellunopress.it\\\/2025\\\/11\\\/19\\\/legambiente-belluno-sempre-piu-al-vertice-nazionale-della-dispersione-idrica\\\/#primaryimage\"},\"image\":{\"@id\":\"https:\\\/\\\/www.bellunopress.it\\\/2025\\\/11\\\/19\\\/legambiente-belluno-sempre-piu-al-vertice-nazionale-della-dispersione-idrica\\\/#primaryimage\"},\"thumbnailUrl\":\"https:\\\/\\\/www.bellunopress.it\\\/wp-content\\\/uploads\\\/2020\\\/03\\\/lettere-al-direttore-bellunopress.jpg\",\"datePublished\":\"2025-11-19T12:19:56+00:00\",\"dateModified\":\"2025-11-19T12:22:27+00:00\",\"breadcrumb\":{\"@id\":\"https:\\\/\\\/www.bellunopress.it\\\/2025\\\/11\\\/19\\\/legambiente-belluno-sempre-piu-al-vertice-nazionale-della-dispersione-idrica\\\/#breadcrumb\"},\"inLanguage\":\"fr-FR\",\"potentialAction\":[{\"@type\":\"ReadAction\",\"target\":[\"https:\\\/\\\/www.bellunopress.it\\\/2025\\\/11\\\/19\\\/legambiente-belluno-sempre-piu-al-vertice-nazionale-della-dispersione-idrica\\\/\"]}]},{\"@type\":\"ImageObject\",\"inLanguage\":\"fr-FR\",\"@id\":\"https:\\\/\\\/www.bellunopress.it\\\/2025\\\/11\\\/19\\\/legambiente-belluno-sempre-piu-al-vertice-nazionale-della-dispersione-idrica\\\/#primaryimage\",\"url\":\"https:\\\/\\\/www.bellunopress.it\\\/wp-content\\\/uploads\\\/2020\\\/03\\\/lettere-al-direttore-bellunopress.jpg\",\"contentUrl\":\"https:\\\/\\\/www.bellunopress.it\\\/wp-content\\\/uploads\\\/2020\\\/03\\\/lettere-al-direttore-bellunopress.jpg\",\"width\":677,\"height\":454,\"caption\":\"lettera al direttore\"},{\"@type\":\"BreadcrumbList\",\"@id\":\"https:\\\/\\\/www.bellunopress.it\\\/2025\\\/11\\\/19\\\/legambiente-belluno-sempre-piu-al-vertice-nazionale-della-dispersione-idrica\\\/#breadcrumb\",\"itemListElement\":[{\"@type\":\"ListItem\",\"position\":1,\"name\":\"Home\",\"item\":\"https:\\\/\\\/www.bellunopress.it\\\/\"},{\"@type\":\"ListItem\",\"position\":2,\"name\":\"Legambiente: Belluno sempre pi\u00f9 al vertice nazionale della dispersione idrica\"}]},{\"@type\":\"WebSite\",\"@id\":\"https:\\\/\\\/www.bellunopress.it\\\/#website\",\"url\":\"https:\\\/\\\/www.bellunopress.it\\\/\",\"name\":\"Bellunopress - Dolomiti\",\"description\":\"e-mail: redazione@bellunopress.it\",\"publisher\":{\"@id\":\"https:\\\/\\\/www.bellunopress.it\\\/#organization\"},\"potentialAction\":[{\"@type\":\"SearchAction\",\"target\":{\"@type\":\"EntryPoint\",\"urlTemplate\":\"https:\\\/\\\/www.bellunopress.it\\\/?s={search_term_string}\"},\"query-input\":{\"@type\":\"PropertyValueSpecification\",\"valueRequired\":true,\"valueName\":\"search_term_string\"}}],\"inLanguage\":\"fr-FR\"},{\"@type\":\"Organization\",\"@id\":\"https:\\\/\\\/www.bellunopress.it\\\/#organization\",\"name\":\"Bellunopress\",\"url\":\"https:\\\/\\\/www.bellunopress.it\\\/\",\"logo\":{\"@type\":\"ImageObject\",\"inLanguage\":\"fr-FR\",\"@id\":\"https:\\\/\\\/www.bellunopress.it\\\/#\\\/schema\\\/logo\\\/image\\\/\",\"url\":\"https:\\\/\\\/www.bellunopress.it\\\/wp-content\\\/uploads\\\/2011\\\/05\\\/cropped-logo-bellunopress-.jpg\",\"contentUrl\":\"https:\\\/\\\/www.bellunopress.it\\\/wp-content\\\/uploads\\\/2011\\\/05\\\/cropped-logo-bellunopress-.jpg\",\"width\":512,\"height\":512,\"caption\":\"Bellunopress\"},\"image\":{\"@id\":\"https:\\\/\\\/www.bellunopress.it\\\/#\\\/schema\\\/logo\\\/image\\\/\"},\"sameAs\":[\"https:\\\/\\\/www.facebook.com\\\/profile.php?id=100008943462799\",\"https:\\\/\\\/x.com\\\/bellunopress\",\"https:\\\/\\\/www.linkedin.com\\\/hp\\\/?dnr=JBzUWaJfMUw8vbXJJ2tVW5-I3jZKvC4wsoxE&amp;amp;amp;amp;amp;amp;trk=nav_responsive_tab_home\",\"https:\\\/\\\/www.youtube.com\\\/channel\\\/UCxL0wu1uN0_3_7hGG0306cw\"]},{\"@type\":\"Person\",\"@id\":\"https:\\\/\\\/www.bellunopress.it\\\/#\\\/schema\\\/person\\\/79bb06722b37ece1c03d3e94beb30d73\",\"name\":\"redazione\",\"image\":{\"@type\":\"ImageObject\",\"inLanguage\":\"fr-FR\",\"@id\":\"https:\\\/\\\/secure.gravatar.com\\\/avatar\\\/37d968a2e67a6fd04c169c4bdef102d0bc5d31b2546345219e348575eb80e9a0?s=96&d=mm&r=g\",\"url\":\"https:\\\/\\\/secure.gravatar.com\\\/avatar\\\/37d968a2e67a6fd04c169c4bdef102d0bc5d31b2546345219e348575eb80e9a0?s=96&d=mm&r=g\",\"contentUrl\":\"https:\\\/\\\/secure.gravatar.com\\\/avatar\\\/37d968a2e67a6fd04c169c4bdef102d0bc5d31b2546345219e348575eb80e9a0?s=96&d=mm&r=g\",\"caption\":\"redazione\"},\"sameAs\":[\"http:\\\/\\\/www.bellunopress.it\",\"https:\\\/\\\/x.com\\\/bellunopress\"],\"url\":\"https:\\\/\\\/www.bellunopress.it\\\/fr\\\/author\\\/redazione\\\/\"}]}<\/script>\n<!-- \/ Yoast SEO plugin. -->","yoast_head_json":{"title":"Legambiente: Belluno sempre pi\u00f9 al vertice nazionale della dispersione idrica - Bellunopress - Dolomiti","robots":{"index":"index","follow":"follow","max-snippet":"max-snippet:-1","max-image-preview":"max-image-preview:large","max-video-preview":"max-video-preview:-1"},"canonical":"https:\/\/www.bellunopress.it\/fr\/2025\/11\/19\/legambiente-belluno-sempre-piu-al-vertice-nazionale-della-dispersione-idrica\/","og_locale":"fr_FR","og_type":"article","og_title":"Legambiente: Belluno sempre pi\u00f9 al vertice nazionale della dispersione idrica - Bellunopress - Dolomiti","og_description":"E cos\u00ec, anche quest&#8217;anno, puntualmente a fine ottobre, Legambiente ha pubblicato la sua indagine annuale Ecosistema Urbano, quest&#8217;anno riferita al 2024. Vi si pu\u00f2 leggere che la citt\u00e0 di Belluno si conferma al vertice nazionale per dispersione della propria rete idrica, gestita ormai da pi\u00f9 di 20 anni, come nell&#8217;intera provincia, da SIB (l&#8217;ex Bim [&hellip;]","og_url":"https:\/\/www.bellunopress.it\/fr\/2025\/11\/19\/legambiente-belluno-sempre-piu-al-vertice-nazionale-della-dispersione-idrica\/","og_site_name":"Bellunopress - Dolomiti","article_publisher":"https:\/\/www.facebook.com\/profile.php?id=100008943462799","article_published_time":"2025-11-19T12:19:56+00:00","article_modified_time":"2025-11-19T12:22:27+00:00","og_image":[{"width":677,"height":454,"url":"https:\/\/www.bellunopress.it\/wp-content\/uploads\/2020\/03\/lettere-al-direttore-bellunopress.jpg","type":"image\/jpeg"}],"author":"redazione","twitter_card":"summary_large_image","twitter_creator":"@bellunopress","twitter_site":"@bellunopress","twitter_misc":{"\u00c9crit par":"redazione","Dur\u00e9e de lecture estim\u00e9e":"1 minute"},"schema":{"@context":"https:\/\/schema.org","@graph":[{"@type":"Article","@id":"https:\/\/www.bellunopress.it\/2025\/11\/19\/legambiente-belluno-sempre-piu-al-vertice-nazionale-della-dispersione-idrica\/#article","isPartOf":{"@id":"https:\/\/www.bellunopress.it\/2025\/11\/19\/legambiente-belluno-sempre-piu-al-vertice-nazionale-della-dispersione-idrica\/"},"author":{"name":"redazione","@id":"https:\/\/www.bellunopress.it\/#\/schema\/person\/79bb06722b37ece1c03d3e94beb30d73"},"headline":"Legambiente: Belluno sempre pi\u00f9 al vertice nazionale della dispersione idrica","datePublished":"2025-11-19T12:19:56+00:00","dateModified":"2025-11-19T12:22:27+00:00","mainEntityOfPage":{"@id":"https:\/\/www.bellunopress.it\/2025\/11\/19\/legambiente-belluno-sempre-piu-al-vertice-nazionale-della-dispersione-idrica\/"},"wordCount":225,"publisher":{"@id":"https:\/\/www.bellunopress.it\/#organization"},"image":{"@id":"https:\/\/www.bellunopress.it\/2025\/11\/19\/legambiente-belluno-sempre-piu-al-vertice-nazionale-della-dispersione-idrica\/#primaryimage"},"thumbnailUrl":"https:\/\/www.bellunopress.it\/wp-content\/uploads\/2020\/03\/lettere-al-direttore-bellunopress.jpg","articleSection":["Lettere Opinioni"],"inLanguage":"fr-FR"},{"@type":"WebPage","@id":"https:\/\/www.bellunopress.it\/2025\/11\/19\/legambiente-belluno-sempre-piu-al-vertice-nazionale-della-dispersione-idrica\/","url":"https:\/\/www.bellunopress.it\/2025\/11\/19\/legambiente-belluno-sempre-piu-al-vertice-nazionale-della-dispersione-idrica\/","name":"Legambiente: Belluno sempre pi\u00f9 al vertice nazionale della dispersione idrica - Bellunopress - Dolomiti","isPartOf":{"@id":"https:\/\/www.bellunopress.it\/#website"},"primaryImageOfPage":{"@id":"https:\/\/www.bellunopress.it\/2025\/11\/19\/legambiente-belluno-sempre-piu-al-vertice-nazionale-della-dispersione-idrica\/#primaryimage"},"image":{"@id":"https:\/\/www.bellunopress.it\/2025\/11\/19\/legambiente-belluno-sempre-piu-al-vertice-nazionale-della-dispersione-idrica\/#primaryimage"},"thumbnailUrl":"https:\/\/www.bellunopress.it\/wp-content\/uploads\/2020\/03\/lettere-al-direttore-bellunopress.jpg","datePublished":"2025-11-19T12:19:56+00:00","dateModified":"2025-11-19T12:22:27+00:00","breadcrumb":{"@id":"https:\/\/www.bellunopress.it\/2025\/11\/19\/legambiente-belluno-sempre-piu-al-vertice-nazionale-della-dispersione-idrica\/#breadcrumb"},"inLanguage":"fr-FR","potentialAction":[{"@type":"ReadAction","target":["https:\/\/www.bellunopress.it\/2025\/11\/19\/legambiente-belluno-sempre-piu-al-vertice-nazionale-della-dispersione-idrica\/"]}]},{"@type":"ImageObject","inLanguage":"fr-FR","@id":"https:\/\/www.bellunopress.it\/2025\/11\/19\/legambiente-belluno-sempre-piu-al-vertice-nazionale-della-dispersione-idrica\/#primaryimage","url":"https:\/\/www.bellunopress.it\/wp-content\/uploads\/2020\/03\/lettere-al-direttore-bellunopress.jpg","contentUrl":"https:\/\/www.bellunopress.it\/wp-content\/uploads\/2020\/03\/lettere-al-direttore-bellunopress.jpg","width":677,"height":454,"caption":"lettera al direttore"},{"@type":"BreadcrumbList","@id":"https:\/\/www.bellunopress.it\/2025\/11\/19\/legambiente-belluno-sempre-piu-al-vertice-nazionale-della-dispersione-idrica\/#breadcrumb","itemListElement":[{"@type":"ListItem","position":1,"name":"Home","item":"https:\/\/www.bellunopress.it\/"},{"@type":"ListItem","position":2,"name":"Legambiente: Belluno sempre pi\u00f9 al vertice nazionale della dispersione idrica"}]},{"@type":"WebSite","@id":"https:\/\/www.bellunopress.it\/#website","url":"https:\/\/www.bellunopress.it\/","name":"Bellunopress - Dolomiti","description":"e-mail: redazione@bellunopress.it","publisher":{"@id":"https:\/\/www.bellunopress.it\/#organization"},"potentialAction":[{"@type":"SearchAction","target":{"@type":"EntryPoint","urlTemplate":"https:\/\/www.bellunopress.it\/?s={search_term_string}"},"query-input":{"@type":"PropertyValueSpecification","valueRequired":true,"valueName":"search_term_string"}}],"inLanguage":"fr-FR"},{"@type":"Organization","@id":"https:\/\/www.bellunopress.it\/#organization","name":"Bellunopress","url":"https:\/\/www.bellunopress.it\/","logo":{"@type":"ImageObject","inLanguage":"fr-FR","@id":"https:\/\/www.bellunopress.it\/#\/schema\/logo\/image\/","url":"https:\/\/www.bellunopress.it\/wp-content\/uploads\/2011\/05\/cropped-logo-bellunopress-.jpg","contentUrl":"https:\/\/www.bellunopress.it\/wp-content\/uploads\/2011\/05\/cropped-logo-bellunopress-.jpg","width":512,"height":512,"caption":"Bellunopress"},"image":{"@id":"https:\/\/www.bellunopress.it\/#\/schema\/logo\/image\/"},"sameAs":["https:\/\/www.facebook.com\/profile.php?id=100008943462799","https:\/\/x.com\/bellunopress","https:\/\/www.linkedin.com\/hp\/?dnr=JBzUWaJfMUw8vbXJJ2tVW5-I3jZKvC4wsoxE&amp;amp;amp;amp;amp;amp;trk=nav_responsive_tab_home","https:\/\/www.youtube.com\/channel\/UCxL0wu1uN0_3_7hGG0306cw"]},{"@type":"Person","@id":"https:\/\/www.bellunopress.it\/#\/schema\/person\/79bb06722b37ece1c03d3e94beb30d73","name":"r\u00e9daction","image":{"@type":"ImageObject","inLanguage":"fr-FR","@id":"https:\/\/secure.gravatar.com\/avatar\/37d968a2e67a6fd04c169c4bdef102d0bc5d31b2546345219e348575eb80e9a0?s=96&d=mm&r=g","url":"https:\/\/secure.gravatar.com\/avatar\/37d968a2e67a6fd04c169c4bdef102d0bc5d31b2546345219e348575eb80e9a0?s=96&d=mm&r=g","contentUrl":"https:\/\/secure.gravatar.com\/avatar\/37d968a2e67a6fd04c169c4bdef102d0bc5d31b2546345219e348575eb80e9a0?s=96&d=mm&r=g","caption":"redazione"},"sameAs":["http:\/\/www.bellunopress.it","https:\/\/x.com\/bellunopress"],"url":"https:\/\/www.bellunopress.it\/fr\/author\/redazione\/"}]}},"_links":{"self":[{"href":"https:\/\/www.bellunopress.it\/fr\/wp-json\/wp\/v2\/posts\/165022","targetHints":{"allow":["GET"]}}],"collection":[{"href":"https:\/\/www.bellunopress.it\/fr\/wp-json\/wp\/v2\/posts"}],"about":[{"href":"https:\/\/www.bellunopress.it\/fr\/wp-json\/wp\/v2\/types\/post"}],"author":[{"embeddable":true,"href":"https:\/\/www.bellunopress.it\/fr\/wp-json\/wp\/v2\/users\/2"}],"replies":[{"embeddable":true,"href":"https:\/\/www.bellunopress.it\/fr\/wp-json\/wp\/v2\/comments?post=165022"}],"version-history":[{"count":2,"href":"https:\/\/www.bellunopress.it\/fr\/wp-json\/wp\/v2\/posts\/165022\/revisions"}],"predecessor-version":[{"id":165024,"href":"https:\/\/www.bellunopress.it\/fr\/wp-json\/wp\/v2\/posts\/165022\/revisions\/165024"}],"wp:featuredmedia":[{"embeddable":true,"href":"https:\/\/www.bellunopress.it\/fr\/wp-json\/wp\/v2\/media\/112601"}],"wp:attachment":[{"href":"https:\/\/www.bellunopress.it\/fr\/wp-json\/wp\/v2\/media?parent=165022"}],"wp:term":[{"taxonomy":"category","embeddable":true,"href":"https:\/\/www.bellunopress.it\/fr\/wp-json\/wp\/v2\/categories?post=165022"},{"taxonomy":"post_tag","embeddable":true,"href":"https:\/\/www.bellunopress.it\/fr\/wp-json\/wp\/v2\/tags?post=165022"}],"curies":[{"name":"wp","href":"https:\/\/api.w.org\/{rel}","templated":true}]}}