{"id":165020,"date":"2025-11-19T12:50:16","date_gmt":"2025-11-19T11:50:16","guid":{"rendered":"https:\/\/www.bellunopress.it\/?p=165020"},"modified":"2025-11-19T12:50:16","modified_gmt":"2025-11-19T11:50:16","slug":"schopenhauer-il-filosofo-del-pendolo-arriva-a-teatro","status":"publish","type":"post","link":"https:\/\/www.bellunopress.it\/fr\/2025\/11\/19\/schopenhauer-il-filosofo-del-pendolo-arriva-a-teatro\/","title":{"rendered":"Schopenhauer, il filosofo del pendolo, arriva a teatro"},"content":{"rendered":"<figure id=\"attachment_116747\" aria-describedby=\"caption-attachment-116747\" style=\"width: 800px\" class=\"wp-caption aligncenter\"><img loading=\"lazy\" decoding=\"async\" class=\"size-full wp-image-116747\" src=\"https:\/\/www.bellunopress.it\/wp-content\/uploads\/2020\/08\/piazza-piloni_edited.jpg\" alt=\"\" width=\"800\" height=\"446\" srcset=\"https:\/\/www.bellunopress.it\/wp-content\/uploads\/2020\/08\/piazza-piloni_edited.jpg 800w, https:\/\/www.bellunopress.it\/wp-content\/uploads\/2020\/08\/piazza-piloni_edited-500x279.jpg 500w, https:\/\/www.bellunopress.it\/wp-content\/uploads\/2020\/08\/piazza-piloni_edited-696x388.jpg 696w, https:\/\/www.bellunopress.it\/wp-content\/uploads\/2020\/08\/piazza-piloni_edited-753x420.jpg 753w\" sizes=\"auto, (max-width: 800px) 100vw, 800px\" \/><figcaption id=\"caption-attachment-116747\" class=\"wp-caption-text\">Centro congressi Giovanni 23mo &#8211; Belluno piazza Piloni<\/figcaption><\/figure>\n<p><strong>Venerd\u00ec 21 alle 21 al Teatro Giovanni XXIII La Chiave di Sophia mette in scena la filosofia in uno spettacolo di parole, musica e colore<\/strong><\/p>\n<p>Seconda tappa per La Chiave di Sophia in tour per i teatri veneti. L&#8217;associazione e rivista di filosofia pratica coneglianese, dopo il primo spettacolo dello scorso ottobre a Treviso, approda il 21 novembre a Belluno, dove alle 21 al Teatro Giovanni XXIII porter\u00e0 in scena Arthur Schopenhauer, il famoso filosofo del pendolo che oscilla tra il dolore e la noia. In uno spettacolo che unisce narrazione, luci, colore, musica elettronica e una scenografia minimale, l&#8217;illustre protagonista si racconta e viene raccontato tra vita personale e pensiero filosofico dall&#8217;attore Fabio Dalla Zuanna, accompagnato dal sound design elettronico di Francesco Da Ros. Biglietti a partire da 15 euro acquistabili su www.ticket.cinebot.it<\/p>\n<p>Arthur Schopenhauer \u00e8 un filosofo tedesco vissuto tra 1700 e 1800 ed \u00e8 considerato uno dei massimi pensatori dell&#8217;epoca moderna e raccontato da La Chiave di Sophia come &#8220;il filosofo dello straordinariamente ordinario&#8221;. Mai come per Schopenhauer la vita del filosofo diventa un&#8217;interessante chiave di lettura con cui interpretare tutto il suo pensiero: in un continuo alternarsi tra vicissitudini e passioni (che, come per i migliori fuoricorso, sono destinate a non essere mai completamente approfondite), tra noia e dolore, tra Essere e Dover Essere, la Vita inizia a pulsare di una Volont\u00e0 nuova e autonoma, che &#8220;vuole vivere&#8221;. E gli spettatori ci saranno dentro, ineluttabilmente invischiati. In questo universo solo apparentemente razionale, anche l&#8217;ordinario pu\u00f2 tingersi di straordinari colori.<\/p>\n<p>La &#8220;prima&#8221; di &#8220;Imago&#8221; \u00e8 stata nel 2022 a Treviso: il primo filosofo portato in scena \u00e8 stato Platone; da allora il format ha portato a teatro numerosi pensatori della storia occidentale. Per la prima volta gli spettacoli escono dalla provincia di Treviso e approdano in tutto il Veneto. Dopo Belluno, il tour ripartir\u00e0 nel 2026 in gennaio con il filosofo illuminista per eccellenza, Immanuel Kant, &#8220;il filosofo dalla routine inflessibile&#8221;, che sar\u00e0 raccontato sul palco del Teatro Astra di Vicenza sabato 31 gennaio alle ore 21. Venerd\u00ec 20 febbraio, sempre alle 21, al Teatro Camploy di Verona andr\u00e0 invece in scena Friedrich Nietzsche, &#8220;il filosofo che abbracci\u00f2 un cavallo&#8221;, tra i filosofi pi\u00f9 geniali e pi\u00f9 travisati di sempre, mentre un mese dopo, il 20 marzo a Rovigo, il Teatro Duomo ospiter\u00e0 Soren Kierkegaard, &#8220;il filosofo che non sapeva scegliere&#8221;, raccontato anche attraverso le sue turbolente vicende amorose che ne hanno influenzato il pensiero. Doveroso cambio di voce a Padova venerd\u00ec 17 aprile: Fabio Dalla Zuanna cede momentaneamente il testimone alla collega Francesca Zava per interpretare Hannah Arendt, &#8220;la filosofa del tutto pu\u00f2 essere banale&#8221;, alle 21 al Piccolo Teatro: con Arendt approdiamo nel Novecento e parleremo di filosofia politica e totalitarismi. A chiudere il tour sar\u00e0 la citt\u00e0 di Venezia, che al Teatro del Parco di Mestre venerd\u00ec 15 maggio alle 21 accoglier\u00e0 Cartesio, &#8220;il filosofo davanti alla stufa&#8221;, universalmente noto non solo per il piano cartesiano (appunto) ma anche per il suo &#8220;penso dunque sono&#8221;.<\/p>\n<p>Biglietto intero 20 euro, ridotto under 30 15 euro, acquistabili in loco e su www.ticket.cinebot.it<\/p>\n<p>Per acquisto biglietti: https:\/\/bit.ly\/BigliettiTourTeatriImago<\/p>\n<p>Per informazioni: info@lachiavedisophia.com<\/p>","protected":false},"excerpt":{"rendered":"<p>Venerd\u00ec 21 alle 21 al Teatro Giovanni XXIII La Chiave di Sophia mette in scena la filosofia in uno spettacolo di parole, musica e colore Seconda tappa per La Chiave di Sophia in tour per i teatri veneti. L&#8217;associazione e rivista di filosofia pratica coneglianese, dopo il primo spettacolo dello scorso ottobre a Treviso, approda [&hellip;]<\/p>\n","protected":false},"author":2,"featured_media":129066,"comment_status":"closed","ping_status":"open","sticky":false,"template":"","format":"standard","meta":{"footnotes":""},"categories":[27,3,25],"tags":[],"class_list":["post-165020","post","type-post","status-publish","format-standard","has-post-thumbnail","category-appuntamenti","category-arte-cultura-spettacoli-scienza-archivi","category-pausa-caffe"],"yoast_head":"<!-- This site is optimized with the Yoast SEO plugin v28.4 - https:\/\/yoast.com\/product\/yoast-seo-wordpress\/ -->\n<title>Schopenhauer, il filosofo del pendolo, arriva a teatro - Bellunopress - Dolomiti<\/title>\n<meta name=\"robots\" content=\"index, follow, max-snippet:-1, max-image-preview:large, max-video-preview:-1\" \/>\n<link rel=\"canonical\" href=\"https:\/\/www.bellunopress.it\/fr\/2025\/11\/19\/schopenhauer-il-filosofo-del-pendolo-arriva-a-teatro\/\" \/>\n<meta property=\"og:locale\" content=\"fr_FR\" \/>\n<meta property=\"og:type\" content=\"article\" \/>\n<meta property=\"og:title\" content=\"Schopenhauer, il filosofo del pendolo, arriva a teatro - Bellunopress - Dolomiti\" \/>\n<meta property=\"og:description\" content=\"Venerd\u00ec 21 alle 21 al Teatro Giovanni XXIII La Chiave di Sophia mette in scena la filosofia in uno spettacolo di parole, musica e colore Seconda tappa per La Chiave di Sophia in tour per i teatri veneti. L&#8217;associazione e rivista di filosofia pratica coneglianese, dopo il primo spettacolo dello scorso ottobre a Treviso, approda [&hellip;]\" \/>\n<meta property=\"og:url\" content=\"https:\/\/www.bellunopress.it\/fr\/2025\/11\/19\/schopenhauer-il-filosofo-del-pendolo-arriva-a-teatro\/\" \/>\n<meta property=\"og:site_name\" content=\"Bellunopress - Dolomiti\" \/>\n<meta property=\"article:publisher\" content=\"https:\/\/www.facebook.com\/profile.php?id=100008943462799\" \/>\n<meta property=\"article:published_time\" content=\"2025-11-19T11:50:16+00:00\" \/>\n<meta property=\"og:image\" content=\"https:\/\/www.bellunopress.it\/wp-content\/uploads\/2021\/11\/centro-giovanni-23_edited.jpg\" \/>\n\t<meta property=\"og:image:width\" content=\"800\" \/>\n\t<meta property=\"og:image:height\" content=\"600\" \/>\n\t<meta property=\"og:image:type\" content=\"image\/jpeg\" \/>\n<meta name=\"author\" content=\"redazione\" \/>\n<meta name=\"twitter:card\" content=\"summary_large_image\" \/>\n<meta name=\"twitter:creator\" content=\"@bellunopress\" \/>\n<meta name=\"twitter:site\" content=\"@bellunopress\" \/>\n<meta name=\"twitter:label1\" content=\"\u00c9crit par\" \/>\n\t<meta name=\"twitter:data1\" content=\"redazione\" \/>\n\t<meta name=\"twitter:label2\" content=\"Dur\u00e9e de lecture estim\u00e9e\" \/>\n\t<meta name=\"twitter:data2\" content=\"3 minutes\" \/>\n<script type=\"application\/ld+json\" class=\"yoast-schema-graph\">{\"@context\":\"https:\\\/\\\/schema.org\",\"@graph\":[{\"@type\":\"Article\",\"@id\":\"https:\\\/\\\/www.bellunopress.it\\\/2025\\\/11\\\/19\\\/schopenhauer-il-filosofo-del-pendolo-arriva-a-teatro\\\/#article\",\"isPartOf\":{\"@id\":\"https:\\\/\\\/www.bellunopress.it\\\/2025\\\/11\\\/19\\\/schopenhauer-il-filosofo-del-pendolo-arriva-a-teatro\\\/\"},\"author\":{\"name\":\"redazione\",\"@id\":\"https:\\\/\\\/www.bellunopress.it\\\/#\\\/schema\\\/person\\\/79bb06722b37ece1c03d3e94beb30d73\"},\"headline\":\"Schopenhauer, il filosofo del pendolo, arriva a teatro\",\"datePublished\":\"2025-11-19T11:50:16+00:00\",\"mainEntityOfPage\":{\"@id\":\"https:\\\/\\\/www.bellunopress.it\\\/2025\\\/11\\\/19\\\/schopenhauer-il-filosofo-del-pendolo-arriva-a-teatro\\\/\"},\"wordCount\":538,\"publisher\":{\"@id\":\"https:\\\/\\\/www.bellunopress.it\\\/#organization\"},\"image\":{\"@id\":\"https:\\\/\\\/www.bellunopress.it\\\/2025\\\/11\\\/19\\\/schopenhauer-il-filosofo-del-pendolo-arriva-a-teatro\\\/#primaryimage\"},\"thumbnailUrl\":\"https:\\\/\\\/www.bellunopress.it\\\/wp-content\\\/uploads\\\/2021\\\/11\\\/centro-giovanni-23_edited.jpg\",\"articleSection\":[\"Appuntamenti, Eventi\",\"Arte, Cultura, Spettacoli, Scienza\",\"Pausa Caff\u00e8\"],\"inLanguage\":\"fr-FR\"},{\"@type\":\"WebPage\",\"@id\":\"https:\\\/\\\/www.bellunopress.it\\\/2025\\\/11\\\/19\\\/schopenhauer-il-filosofo-del-pendolo-arriva-a-teatro\\\/\",\"url\":\"https:\\\/\\\/www.bellunopress.it\\\/2025\\\/11\\\/19\\\/schopenhauer-il-filosofo-del-pendolo-arriva-a-teatro\\\/\",\"name\":\"Schopenhauer, il filosofo del pendolo, arriva a teatro - Bellunopress - Dolomiti\",\"isPartOf\":{\"@id\":\"https:\\\/\\\/www.bellunopress.it\\\/#website\"},\"primaryImageOfPage\":{\"@id\":\"https:\\\/\\\/www.bellunopress.it\\\/2025\\\/11\\\/19\\\/schopenhauer-il-filosofo-del-pendolo-arriva-a-teatro\\\/#primaryimage\"},\"image\":{\"@id\":\"https:\\\/\\\/www.bellunopress.it\\\/2025\\\/11\\\/19\\\/schopenhauer-il-filosofo-del-pendolo-arriva-a-teatro\\\/#primaryimage\"},\"thumbnailUrl\":\"https:\\\/\\\/www.bellunopress.it\\\/wp-content\\\/uploads\\\/2021\\\/11\\\/centro-giovanni-23_edited.jpg\",\"datePublished\":\"2025-11-19T11:50:16+00:00\",\"breadcrumb\":{\"@id\":\"https:\\\/\\\/www.bellunopress.it\\\/2025\\\/11\\\/19\\\/schopenhauer-il-filosofo-del-pendolo-arriva-a-teatro\\\/#breadcrumb\"},\"inLanguage\":\"fr-FR\",\"potentialAction\":[{\"@type\":\"ReadAction\",\"target\":[\"https:\\\/\\\/www.bellunopress.it\\\/2025\\\/11\\\/19\\\/schopenhauer-il-filosofo-del-pendolo-arriva-a-teatro\\\/\"]}]},{\"@type\":\"ImageObject\",\"inLanguage\":\"fr-FR\",\"@id\":\"https:\\\/\\\/www.bellunopress.it\\\/2025\\\/11\\\/19\\\/schopenhauer-il-filosofo-del-pendolo-arriva-a-teatro\\\/#primaryimage\",\"url\":\"https:\\\/\\\/www.bellunopress.it\\\/wp-content\\\/uploads\\\/2021\\\/11\\\/centro-giovanni-23_edited.jpg\",\"contentUrl\":\"https:\\\/\\\/www.bellunopress.it\\\/wp-content\\\/uploads\\\/2021\\\/11\\\/centro-giovanni-23_edited.jpg\",\"width\":800,\"height\":600,\"caption\":\"Centro Giovanni 23mo - Belluno\"},{\"@type\":\"BreadcrumbList\",\"@id\":\"https:\\\/\\\/www.bellunopress.it\\\/2025\\\/11\\\/19\\\/schopenhauer-il-filosofo-del-pendolo-arriva-a-teatro\\\/#breadcrumb\",\"itemListElement\":[{\"@type\":\"ListItem\",\"position\":1,\"name\":\"Home\",\"item\":\"https:\\\/\\\/www.bellunopress.it\\\/\"},{\"@type\":\"ListItem\",\"position\":2,\"name\":\"Schopenhauer, il filosofo del pendolo, arriva a teatro\"}]},{\"@type\":\"WebSite\",\"@id\":\"https:\\\/\\\/www.bellunopress.it\\\/#website\",\"url\":\"https:\\\/\\\/www.bellunopress.it\\\/\",\"name\":\"Bellunopress - Dolomiti\",\"description\":\"e-mail: redazione@bellunopress.it\",\"publisher\":{\"@id\":\"https:\\\/\\\/www.bellunopress.it\\\/#organization\"},\"potentialAction\":[{\"@type\":\"SearchAction\",\"target\":{\"@type\":\"EntryPoint\",\"urlTemplate\":\"https:\\\/\\\/www.bellunopress.it\\\/?s={search_term_string}\"},\"query-input\":{\"@type\":\"PropertyValueSpecification\",\"valueRequired\":true,\"valueName\":\"search_term_string\"}}],\"inLanguage\":\"fr-FR\"},{\"@type\":\"Organization\",\"@id\":\"https:\\\/\\\/www.bellunopress.it\\\/#organization\",\"name\":\"Bellunopress\",\"url\":\"https:\\\/\\\/www.bellunopress.it\\\/\",\"logo\":{\"@type\":\"ImageObject\",\"inLanguage\":\"fr-FR\",\"@id\":\"https:\\\/\\\/www.bellunopress.it\\\/#\\\/schema\\\/logo\\\/image\\\/\",\"url\":\"https:\\\/\\\/www.bellunopress.it\\\/wp-content\\\/uploads\\\/2011\\\/05\\\/cropped-logo-bellunopress-.jpg\",\"contentUrl\":\"https:\\\/\\\/www.bellunopress.it\\\/wp-content\\\/uploads\\\/2011\\\/05\\\/cropped-logo-bellunopress-.jpg\",\"width\":512,\"height\":512,\"caption\":\"Bellunopress\"},\"image\":{\"@id\":\"https:\\\/\\\/www.bellunopress.it\\\/#\\\/schema\\\/logo\\\/image\\\/\"},\"sameAs\":[\"https:\\\/\\\/www.facebook.com\\\/profile.php?id=100008943462799\",\"https:\\\/\\\/x.com\\\/bellunopress\",\"https:\\\/\\\/www.linkedin.com\\\/hp\\\/?dnr=JBzUWaJfMUw8vbXJJ2tVW5-I3jZKvC4wsoxE&amp;amp;amp;amp;amp;amp;trk=nav_responsive_tab_home\",\"https:\\\/\\\/www.youtube.com\\\/channel\\\/UCxL0wu1uN0_3_7hGG0306cw\"]},{\"@type\":\"Person\",\"@id\":\"https:\\\/\\\/www.bellunopress.it\\\/#\\\/schema\\\/person\\\/79bb06722b37ece1c03d3e94beb30d73\",\"name\":\"redazione\",\"image\":{\"@type\":\"ImageObject\",\"inLanguage\":\"fr-FR\",\"@id\":\"https:\\\/\\\/secure.gravatar.com\\\/avatar\\\/37d968a2e67a6fd04c169c4bdef102d0bc5d31b2546345219e348575eb80e9a0?s=96&d=mm&r=g\",\"url\":\"https:\\\/\\\/secure.gravatar.com\\\/avatar\\\/37d968a2e67a6fd04c169c4bdef102d0bc5d31b2546345219e348575eb80e9a0?s=96&d=mm&r=g\",\"contentUrl\":\"https:\\\/\\\/secure.gravatar.com\\\/avatar\\\/37d968a2e67a6fd04c169c4bdef102d0bc5d31b2546345219e348575eb80e9a0?s=96&d=mm&r=g\",\"caption\":\"redazione\"},\"sameAs\":[\"http:\\\/\\\/www.bellunopress.it\",\"https:\\\/\\\/x.com\\\/bellunopress\"],\"url\":\"https:\\\/\\\/www.bellunopress.it\\\/fr\\\/author\\\/redazione\\\/\"}]}<\/script>\n<!-- \/ Yoast SEO plugin. -->","yoast_head_json":{"title":"Schopenhauer, il filosofo del pendolo, arriva a teatro - Bellunopress - Dolomiti","robots":{"index":"index","follow":"follow","max-snippet":"max-snippet:-1","max-image-preview":"max-image-preview:large","max-video-preview":"max-video-preview:-1"},"canonical":"https:\/\/www.bellunopress.it\/fr\/2025\/11\/19\/schopenhauer-il-filosofo-del-pendolo-arriva-a-teatro\/","og_locale":"fr_FR","og_type":"article","og_title":"Schopenhauer, il filosofo del pendolo, arriva a teatro - Bellunopress - Dolomiti","og_description":"Venerd\u00ec 21 alle 21 al Teatro Giovanni XXIII La Chiave di Sophia mette in scena la filosofia in uno spettacolo di parole, musica e colore Seconda tappa per La Chiave di Sophia in tour per i teatri veneti. L&#8217;associazione e rivista di filosofia pratica coneglianese, dopo il primo spettacolo dello scorso ottobre a Treviso, approda [&hellip;]","og_url":"https:\/\/www.bellunopress.it\/fr\/2025\/11\/19\/schopenhauer-il-filosofo-del-pendolo-arriva-a-teatro\/","og_site_name":"Bellunopress - Dolomiti","article_publisher":"https:\/\/www.facebook.com\/profile.php?id=100008943462799","article_published_time":"2025-11-19T11:50:16+00:00","og_image":[{"width":800,"height":600,"url":"https:\/\/www.bellunopress.it\/wp-content\/uploads\/2021\/11\/centro-giovanni-23_edited.jpg","type":"image\/jpeg"}],"author":"redazione","twitter_card":"summary_large_image","twitter_creator":"@bellunopress","twitter_site":"@bellunopress","twitter_misc":{"\u00c9crit par":"redazione","Dur\u00e9e de lecture estim\u00e9e":"3 minutes"},"schema":{"@context":"https:\/\/schema.org","@graph":[{"@type":"Article","@id":"https:\/\/www.bellunopress.it\/2025\/11\/19\/schopenhauer-il-filosofo-del-pendolo-arriva-a-teatro\/#article","isPartOf":{"@id":"https:\/\/www.bellunopress.it\/2025\/11\/19\/schopenhauer-il-filosofo-del-pendolo-arriva-a-teatro\/"},"author":{"name":"redazione","@id":"https:\/\/www.bellunopress.it\/#\/schema\/person\/79bb06722b37ece1c03d3e94beb30d73"},"headline":"Schopenhauer, il filosofo del pendolo, arriva a teatro","datePublished":"2025-11-19T11:50:16+00:00","mainEntityOfPage":{"@id":"https:\/\/www.bellunopress.it\/2025\/11\/19\/schopenhauer-il-filosofo-del-pendolo-arriva-a-teatro\/"},"wordCount":538,"publisher":{"@id":"https:\/\/www.bellunopress.it\/#organization"},"image":{"@id":"https:\/\/www.bellunopress.it\/2025\/11\/19\/schopenhauer-il-filosofo-del-pendolo-arriva-a-teatro\/#primaryimage"},"thumbnailUrl":"https:\/\/www.bellunopress.it\/wp-content\/uploads\/2021\/11\/centro-giovanni-23_edited.jpg","articleSection":["Appuntamenti, Eventi","Arte, Cultura, Spettacoli, Scienza","Pausa Caff\u00e8"],"inLanguage":"fr-FR"},{"@type":"WebPage","@id":"https:\/\/www.bellunopress.it\/2025\/11\/19\/schopenhauer-il-filosofo-del-pendolo-arriva-a-teatro\/","url":"https:\/\/www.bellunopress.it\/2025\/11\/19\/schopenhauer-il-filosofo-del-pendolo-arriva-a-teatro\/","name":"Schopenhauer, il filosofo del pendolo, arriva a teatro - Bellunopress - Dolomiti","isPartOf":{"@id":"https:\/\/www.bellunopress.it\/#website"},"primaryImageOfPage":{"@id":"https:\/\/www.bellunopress.it\/2025\/11\/19\/schopenhauer-il-filosofo-del-pendolo-arriva-a-teatro\/#primaryimage"},"image":{"@id":"https:\/\/www.bellunopress.it\/2025\/11\/19\/schopenhauer-il-filosofo-del-pendolo-arriva-a-teatro\/#primaryimage"},"thumbnailUrl":"https:\/\/www.bellunopress.it\/wp-content\/uploads\/2021\/11\/centro-giovanni-23_edited.jpg","datePublished":"2025-11-19T11:50:16+00:00","breadcrumb":{"@id":"https:\/\/www.bellunopress.it\/2025\/11\/19\/schopenhauer-il-filosofo-del-pendolo-arriva-a-teatro\/#breadcrumb"},"inLanguage":"fr-FR","potentialAction":[{"@type":"ReadAction","target":["https:\/\/www.bellunopress.it\/2025\/11\/19\/schopenhauer-il-filosofo-del-pendolo-arriva-a-teatro\/"]}]},{"@type":"ImageObject","inLanguage":"fr-FR","@id":"https:\/\/www.bellunopress.it\/2025\/11\/19\/schopenhauer-il-filosofo-del-pendolo-arriva-a-teatro\/#primaryimage","url":"https:\/\/www.bellunopress.it\/wp-content\/uploads\/2021\/11\/centro-giovanni-23_edited.jpg","contentUrl":"https:\/\/www.bellunopress.it\/wp-content\/uploads\/2021\/11\/centro-giovanni-23_edited.jpg","width":800,"height":600,"caption":"Centro Giovanni 23mo - Belluno"},{"@type":"BreadcrumbList","@id":"https:\/\/www.bellunopress.it\/2025\/11\/19\/schopenhauer-il-filosofo-del-pendolo-arriva-a-teatro\/#breadcrumb","itemListElement":[{"@type":"ListItem","position":1,"name":"Home","item":"https:\/\/www.bellunopress.it\/"},{"@type":"ListItem","position":2,"name":"Schopenhauer, il filosofo del pendolo, arriva a teatro"}]},{"@type":"WebSite","@id":"https:\/\/www.bellunopress.it\/#website","url":"https:\/\/www.bellunopress.it\/","name":"Bellunopress - Dolomiti","description":"e-mail: redazione@bellunopress.it","publisher":{"@id":"https:\/\/www.bellunopress.it\/#organization"},"potentialAction":[{"@type":"SearchAction","target":{"@type":"EntryPoint","urlTemplate":"https:\/\/www.bellunopress.it\/?s={search_term_string}"},"query-input":{"@type":"PropertyValueSpecification","valueRequired":true,"valueName":"search_term_string"}}],"inLanguage":"fr-FR"},{"@type":"Organization","@id":"https:\/\/www.bellunopress.it\/#organization","name":"Bellunopress","url":"https:\/\/www.bellunopress.it\/","logo":{"@type":"ImageObject","inLanguage":"fr-FR","@id":"https:\/\/www.bellunopress.it\/#\/schema\/logo\/image\/","url":"https:\/\/www.bellunopress.it\/wp-content\/uploads\/2011\/05\/cropped-logo-bellunopress-.jpg","contentUrl":"https:\/\/www.bellunopress.it\/wp-content\/uploads\/2011\/05\/cropped-logo-bellunopress-.jpg","width":512,"height":512,"caption":"Bellunopress"},"image":{"@id":"https:\/\/www.bellunopress.it\/#\/schema\/logo\/image\/"},"sameAs":["https:\/\/www.facebook.com\/profile.php?id=100008943462799","https:\/\/x.com\/bellunopress","https:\/\/www.linkedin.com\/hp\/?dnr=JBzUWaJfMUw8vbXJJ2tVW5-I3jZKvC4wsoxE&amp;amp;amp;amp;amp;amp;trk=nav_responsive_tab_home","https:\/\/www.youtube.com\/channel\/UCxL0wu1uN0_3_7hGG0306cw"]},{"@type":"Person","@id":"https:\/\/www.bellunopress.it\/#\/schema\/person\/79bb06722b37ece1c03d3e94beb30d73","name":"r\u00e9daction","image":{"@type":"ImageObject","inLanguage":"fr-FR","@id":"https:\/\/secure.gravatar.com\/avatar\/37d968a2e67a6fd04c169c4bdef102d0bc5d31b2546345219e348575eb80e9a0?s=96&d=mm&r=g","url":"https:\/\/secure.gravatar.com\/avatar\/37d968a2e67a6fd04c169c4bdef102d0bc5d31b2546345219e348575eb80e9a0?s=96&d=mm&r=g","contentUrl":"https:\/\/secure.gravatar.com\/avatar\/37d968a2e67a6fd04c169c4bdef102d0bc5d31b2546345219e348575eb80e9a0?s=96&d=mm&r=g","caption":"redazione"},"sameAs":["http:\/\/www.bellunopress.it","https:\/\/x.com\/bellunopress"],"url":"https:\/\/www.bellunopress.it\/fr\/author\/redazione\/"}]}},"_links":{"self":[{"href":"https:\/\/www.bellunopress.it\/fr\/wp-json\/wp\/v2\/posts\/165020","targetHints":{"allow":["GET"]}}],"collection":[{"href":"https:\/\/www.bellunopress.it\/fr\/wp-json\/wp\/v2\/posts"}],"about":[{"href":"https:\/\/www.bellunopress.it\/fr\/wp-json\/wp\/v2\/types\/post"}],"author":[{"embeddable":true,"href":"https:\/\/www.bellunopress.it\/fr\/wp-json\/wp\/v2\/users\/2"}],"replies":[{"embeddable":true,"href":"https:\/\/www.bellunopress.it\/fr\/wp-json\/wp\/v2\/comments?post=165020"}],"version-history":[{"count":1,"href":"https:\/\/www.bellunopress.it\/fr\/wp-json\/wp\/v2\/posts\/165020\/revisions"}],"predecessor-version":[{"id":165021,"href":"https:\/\/www.bellunopress.it\/fr\/wp-json\/wp\/v2\/posts\/165020\/revisions\/165021"}],"wp:featuredmedia":[{"embeddable":true,"href":"https:\/\/www.bellunopress.it\/fr\/wp-json\/wp\/v2\/media\/129066"}],"wp:attachment":[{"href":"https:\/\/www.bellunopress.it\/fr\/wp-json\/wp\/v2\/media?parent=165020"}],"wp:term":[{"taxonomy":"category","embeddable":true,"href":"https:\/\/www.bellunopress.it\/fr\/wp-json\/wp\/v2\/categories?post=165020"},{"taxonomy":"post_tag","embeddable":true,"href":"https:\/\/www.bellunopress.it\/fr\/wp-json\/wp\/v2\/tags?post=165020"}],"curies":[{"name":"wp","href":"https:\/\/api.w.org\/{rel}","templated":true}]}}