{"id":165017,"date":"2025-11-19T12:18:00","date_gmt":"2025-11-19T11:18:00","guid":{"rendered":"https:\/\/www.bellunopress.it\/?p=165017"},"modified":"2025-11-19T17:35:33","modified_gmt":"2025-11-19T16:35:33","slug":"sanita-bellunese-giovedi-lincontro-pubblico-promosso-dalla-lista-alleanza-verdi-sinistra","status":"publish","type":"post","link":"https:\/\/www.bellunopress.it\/fr\/2025\/11\/19\/sanita-bellunese-giovedi-lincontro-pubblico-promosso-dalla-lista-alleanza-verdi-sinistra\/","title":{"rendered":"Sanit\u00e0 bellunese. Gioved\u00ec l&#8217;incontro pubblico promosso dalla lista Alleanza Verdi Sinistra"},"content":{"rendered":"<p><img loading=\"lazy\" decoding=\"async\" class=\"aligncenter size-full wp-image-165018\" src=\"https:\/\/www.bellunopress.it\/wp-content\/uploads\/2025\/11\/FOCUS-SULLA-SANITa_edited.jpg\" alt=\"\" width=\"566\" height=\"800\" srcset=\"https:\/\/www.bellunopress.it\/wp-content\/uploads\/2025\/11\/FOCUS-SULLA-SANITa_edited.jpg 566w, https:\/\/www.bellunopress.it\/wp-content\/uploads\/2025\/11\/FOCUS-SULLA-SANITa_edited-354x500.jpg 354w, https:\/\/www.bellunopress.it\/wp-content\/uploads\/2025\/11\/FOCUS-SULLA-SANITa_edited-297x420.jpg 297w\" sizes=\"auto, (max-width: 566px) 100vw, 566px\" \/>Belluno, 19 novembre 2025 &#8211; In vista delle elezioni regionali del Veneto del 23 e 24 novembre, la lista Alleanza Verdi Sinistra organizza un incontro pubblico dedicato alla sanit\u00e0 bellunese, con l\u2019obiettivo di analizzare criticit\u00e0 e avanzare proposte concrete per il rilancio del sistema sanitario locale.<\/p>\n<p>L\u2019evento, intitolato \u201cFocus sulla Sanit\u00e0 Bellunese: Problemi e Proposte\u201d, si terr\u00e0 gioved\u00ec 20 novembre alle ore 18:00 presso la Sala Luciani del Centro Congressi Giovanni XXIII, sita in Piazza Piloni 11, Belluno.<\/p>\n<p>Interverranno professionisti del settore sanitario che operano quotidianamente sul territorio:<br \/>\n\u2022 Davide Mazzon, anestesista rianimatore<br \/>\n\u2022 Alessandra Turrin, presidente commissione d\u2019albo ordine professioni<br \/>\ninfermieristiche &#8211; Belluno<br \/>\n\u2022 Fabio Candeago, psichiatra<br \/>\n\u2022 Emilia Padoin, medico di medicina generale<br \/>\nA concludere l\u2019incontro sar\u00e0 Mimmo Risica, cardiologo e collaboratore di Emergency e Mediterranea Saving Humans, indicato da Giovanni Manildo come assessore alla sanit\u00e0 in caso di vittoria della coalizione di centrosinistra.<br \/>\nSaranno presenti le candidate e i candidati della lista provinciale di Alleanza Verdi Sinistra.<\/p>\n<p>L\u2019iniziativa \u00e8 aperta a tutta la cittadinanza e vuole essere un momento di ascolto, confronto e partecipazione attiva, per ribadire-come gi\u00e0 fatto all\u2019incontro di Tai di Cadore La sanit\u00e0 che vogliamo, la salute per tutti dell\u201911 novembre scorso- la contrariet\u00e0 di AVS alla privatizzazione dei servizi sanitari e al depauperamento dei presidi ospedalieri nelle aree<br \/>\nmontane.<br \/>\nPer la sanit\u00e0 in provincia di Belluno, infatti, AVS chiede e si impegna a portare in Consiglio regionale la garanzia della copertura dei posti di Medici di medicina generale e di guardia medica, il potenziamento del servizio di trasporto di emergenza\/urgenza in orario diurno e notturno oltre che il potenziamento dei servizi di telemedicina e la salvaguardia<br \/>\ndella rete degli ospedali pubblici in un\u2019ottica policentrica.<br \/>\nDa programma, Alleanza Verdi-Sinistra ritiene che, in un\u2019ottica globale di benessere della persona e per favorire la residenzialit\u00e0, siano necessari un aumento almeno del 30% del Fondo Regionale per la Non Autosufficienza (+150 milioni \u20ac\/anno), al fine di garantire l\u2019adeguamento del fondo per le rette dei centri servizi anziani (fermo dal 2009!) e il potenziamento dei centri di salute mentale e dei servizi territoriali, in estrema sofferenza<br \/>\nspecialmente dopo il Covid, attraverso l\u2019assunzione di psicologi e di personale medico e infermieristico. Infine, sarebbe essenziale finanziare adeguatamente la rete dei servizi sociali territoriali nel delicato passaggio verso la costituzione degli Ambiti Territoriali Sociali, corrispondendo alla Montagna Veneta e alle aree interne il differenziale montagna.<\/p>","protected":false},"excerpt":{"rendered":"<p>Belluno, 19 novembre 2025 &#8211; In vista delle elezioni regionali del Veneto del 23 e 24 novembre, la lista Alleanza Verdi Sinistra organizza un incontro pubblico dedicato alla sanit\u00e0 bellunese, con l\u2019obiettivo di analizzare criticit\u00e0 e avanzare proposte concrete per il rilancio del sistema sanitario locale. L\u2019evento, intitolato \u201cFocus sulla Sanit\u00e0 Bellunese: Problemi e Proposte\u201d, [&hellip;]<\/p>\n","protected":false},"author":2,"featured_media":165018,"comment_status":"closed","ping_status":"open","sticky":false,"template":"","format":"standard","meta":{"footnotes":""},"categories":[25,17],"tags":[],"class_list":["post-165017","post","type-post","status-publish","format-standard","has-post-thumbnail","category-pausa-caffe","category-sanita"],"yoast_head":"<!-- This site is optimized with the Yoast SEO plugin v28.4 - https:\/\/yoast.com\/product\/yoast-seo-wordpress\/ -->\n<title>Sanit\u00e0 bellunese. Gioved\u00ec l&#039;incontro pubblico promosso dalla lista Alleanza Verdi Sinistra - Bellunopress - Dolomiti<\/title>\n<meta name=\"robots\" content=\"index, follow, max-snippet:-1, max-image-preview:large, max-video-preview:-1\" \/>\n<link rel=\"canonical\" href=\"https:\/\/www.bellunopress.it\/fr\/2025\/11\/19\/sanita-bellunese-giovedi-lincontro-pubblico-promosso-dalla-lista-alleanza-verdi-sinistra\/\" \/>\n<meta property=\"og:locale\" content=\"fr_FR\" \/>\n<meta property=\"og:type\" content=\"article\" \/>\n<meta property=\"og:title\" content=\"Sanit\u00e0 bellunese. Gioved\u00ec l&#039;incontro pubblico promosso dalla lista Alleanza Verdi Sinistra - Bellunopress - Dolomiti\" \/>\n<meta property=\"og:description\" content=\"Belluno, 19 novembre 2025 &#8211; In vista delle elezioni regionali del Veneto del 23 e 24 novembre, la lista Alleanza Verdi Sinistra organizza un incontro pubblico dedicato alla sanit\u00e0 bellunese, con l\u2019obiettivo di analizzare criticit\u00e0 e avanzare proposte concrete per il rilancio del sistema sanitario locale. L\u2019evento, intitolato \u201cFocus sulla Sanit\u00e0 Bellunese: Problemi e Proposte\u201d, [&hellip;]\" \/>\n<meta property=\"og:url\" content=\"https:\/\/www.bellunopress.it\/fr\/2025\/11\/19\/sanita-bellunese-giovedi-lincontro-pubblico-promosso-dalla-lista-alleanza-verdi-sinistra\/\" \/>\n<meta property=\"og:site_name\" content=\"Bellunopress - Dolomiti\" \/>\n<meta property=\"article:publisher\" content=\"https:\/\/www.facebook.com\/profile.php?id=100008943462799\" \/>\n<meta property=\"article:published_time\" content=\"2025-11-19T11:18:00+00:00\" \/>\n<meta property=\"article:modified_time\" content=\"2025-11-19T16:35:33+00:00\" \/>\n<meta property=\"og:image\" content=\"https:\/\/www.bellunopress.it\/wp-content\/uploads\/2025\/11\/FOCUS-SULLA-SANITa_edited.jpg\" \/>\n\t<meta property=\"og:image:width\" content=\"566\" \/>\n\t<meta property=\"og:image:height\" content=\"800\" \/>\n\t<meta property=\"og:image:type\" content=\"image\/jpeg\" \/>\n<meta name=\"author\" content=\"redazione\" \/>\n<meta name=\"twitter:card\" content=\"summary_large_image\" \/>\n<meta name=\"twitter:creator\" content=\"@bellunopress\" \/>\n<meta name=\"twitter:site\" content=\"@bellunopress\" \/>\n<meta name=\"twitter:label1\" content=\"\u00c9crit par\" \/>\n\t<meta name=\"twitter:data1\" content=\"redazione\" \/>\n\t<meta name=\"twitter:label2\" content=\"Dur\u00e9e de lecture estim\u00e9e\" \/>\n\t<meta name=\"twitter:data2\" content=\"2 minutes\" \/>\n<script type=\"application\/ld+json\" class=\"yoast-schema-graph\">{\"@context\":\"https:\\\/\\\/schema.org\",\"@graph\":[{\"@type\":\"Article\",\"@id\":\"https:\\\/\\\/www.bellunopress.it\\\/2025\\\/11\\\/19\\\/sanita-bellunese-giovedi-lincontro-pubblico-promosso-dalla-lista-alleanza-verdi-sinistra\\\/#article\",\"isPartOf\":{\"@id\":\"https:\\\/\\\/www.bellunopress.it\\\/2025\\\/11\\\/19\\\/sanita-bellunese-giovedi-lincontro-pubblico-promosso-dalla-lista-alleanza-verdi-sinistra\\\/\"},\"author\":{\"name\":\"redazione\",\"@id\":\"https:\\\/\\\/www.bellunopress.it\\\/#\\\/schema\\\/person\\\/79bb06722b37ece1c03d3e94beb30d73\"},\"headline\":\"Sanit\u00e0 bellunese. Gioved\u00ec l&#8217;incontro pubblico promosso dalla lista Alleanza Verdi Sinistra\",\"datePublished\":\"2025-11-19T11:18:00+00:00\",\"dateModified\":\"2025-11-19T16:35:33+00:00\",\"mainEntityOfPage\":{\"@id\":\"https:\\\/\\\/www.bellunopress.it\\\/2025\\\/11\\\/19\\\/sanita-bellunese-giovedi-lincontro-pubblico-promosso-dalla-lista-alleanza-verdi-sinistra\\\/\"},\"wordCount\":402,\"publisher\":{\"@id\":\"https:\\\/\\\/www.bellunopress.it\\\/#organization\"},\"image\":{\"@id\":\"https:\\\/\\\/www.bellunopress.it\\\/2025\\\/11\\\/19\\\/sanita-bellunese-giovedi-lincontro-pubblico-promosso-dalla-lista-alleanza-verdi-sinistra\\\/#primaryimage\"},\"thumbnailUrl\":\"https:\\\/\\\/www.bellunopress.it\\\/wp-content\\\/uploads\\\/2025\\\/11\\\/FOCUS-SULLA-SANITa_edited.jpg\",\"articleSection\":[\"Pausa Caff\u00e8\",\"Sanit\u00e0 Medicina\"],\"inLanguage\":\"fr-FR\"},{\"@type\":\"WebPage\",\"@id\":\"https:\\\/\\\/www.bellunopress.it\\\/2025\\\/11\\\/19\\\/sanita-bellunese-giovedi-lincontro-pubblico-promosso-dalla-lista-alleanza-verdi-sinistra\\\/\",\"url\":\"https:\\\/\\\/www.bellunopress.it\\\/2025\\\/11\\\/19\\\/sanita-bellunese-giovedi-lincontro-pubblico-promosso-dalla-lista-alleanza-verdi-sinistra\\\/\",\"name\":\"Sanit\u00e0 bellunese. Gioved\u00ec l'incontro pubblico promosso dalla lista Alleanza Verdi Sinistra - Bellunopress - Dolomiti\",\"isPartOf\":{\"@id\":\"https:\\\/\\\/www.bellunopress.it\\\/#website\"},\"primaryImageOfPage\":{\"@id\":\"https:\\\/\\\/www.bellunopress.it\\\/2025\\\/11\\\/19\\\/sanita-bellunese-giovedi-lincontro-pubblico-promosso-dalla-lista-alleanza-verdi-sinistra\\\/#primaryimage\"},\"image\":{\"@id\":\"https:\\\/\\\/www.bellunopress.it\\\/2025\\\/11\\\/19\\\/sanita-bellunese-giovedi-lincontro-pubblico-promosso-dalla-lista-alleanza-verdi-sinistra\\\/#primaryimage\"},\"thumbnailUrl\":\"https:\\\/\\\/www.bellunopress.it\\\/wp-content\\\/uploads\\\/2025\\\/11\\\/FOCUS-SULLA-SANITa_edited.jpg\",\"datePublished\":\"2025-11-19T11:18:00+00:00\",\"dateModified\":\"2025-11-19T16:35:33+00:00\",\"breadcrumb\":{\"@id\":\"https:\\\/\\\/www.bellunopress.it\\\/2025\\\/11\\\/19\\\/sanita-bellunese-giovedi-lincontro-pubblico-promosso-dalla-lista-alleanza-verdi-sinistra\\\/#breadcrumb\"},\"inLanguage\":\"fr-FR\",\"potentialAction\":[{\"@type\":\"ReadAction\",\"target\":[\"https:\\\/\\\/www.bellunopress.it\\\/2025\\\/11\\\/19\\\/sanita-bellunese-giovedi-lincontro-pubblico-promosso-dalla-lista-alleanza-verdi-sinistra\\\/\"]}]},{\"@type\":\"ImageObject\",\"inLanguage\":\"fr-FR\",\"@id\":\"https:\\\/\\\/www.bellunopress.it\\\/2025\\\/11\\\/19\\\/sanita-bellunese-giovedi-lincontro-pubblico-promosso-dalla-lista-alleanza-verdi-sinistra\\\/#primaryimage\",\"url\":\"https:\\\/\\\/www.bellunopress.it\\\/wp-content\\\/uploads\\\/2025\\\/11\\\/FOCUS-SULLA-SANITa_edited.jpg\",\"contentUrl\":\"https:\\\/\\\/www.bellunopress.it\\\/wp-content\\\/uploads\\\/2025\\\/11\\\/FOCUS-SULLA-SANITa_edited.jpg\",\"width\":566,\"height\":800},{\"@type\":\"BreadcrumbList\",\"@id\":\"https:\\\/\\\/www.bellunopress.it\\\/2025\\\/11\\\/19\\\/sanita-bellunese-giovedi-lincontro-pubblico-promosso-dalla-lista-alleanza-verdi-sinistra\\\/#breadcrumb\",\"itemListElement\":[{\"@type\":\"ListItem\",\"position\":1,\"name\":\"Home\",\"item\":\"https:\\\/\\\/www.bellunopress.it\\\/\"},{\"@type\":\"ListItem\",\"position\":2,\"name\":\"Sanit\u00e0 bellunese. Gioved\u00ec l&#8217;incontro pubblico promosso dalla lista Alleanza Verdi Sinistra\"}]},{\"@type\":\"WebSite\",\"@id\":\"https:\\\/\\\/www.bellunopress.it\\\/#website\",\"url\":\"https:\\\/\\\/www.bellunopress.it\\\/\",\"name\":\"Bellunopress - Dolomiti\",\"description\":\"e-mail: redazione@bellunopress.it\",\"publisher\":{\"@id\":\"https:\\\/\\\/www.bellunopress.it\\\/#organization\"},\"potentialAction\":[{\"@type\":\"SearchAction\",\"target\":{\"@type\":\"EntryPoint\",\"urlTemplate\":\"https:\\\/\\\/www.bellunopress.it\\\/?s={search_term_string}\"},\"query-input\":{\"@type\":\"PropertyValueSpecification\",\"valueRequired\":true,\"valueName\":\"search_term_string\"}}],\"inLanguage\":\"fr-FR\"},{\"@type\":\"Organization\",\"@id\":\"https:\\\/\\\/www.bellunopress.it\\\/#organization\",\"name\":\"Bellunopress\",\"url\":\"https:\\\/\\\/www.bellunopress.it\\\/\",\"logo\":{\"@type\":\"ImageObject\",\"inLanguage\":\"fr-FR\",\"@id\":\"https:\\\/\\\/www.bellunopress.it\\\/#\\\/schema\\\/logo\\\/image\\\/\",\"url\":\"https:\\\/\\\/www.bellunopress.it\\\/wp-content\\\/uploads\\\/2011\\\/05\\\/cropped-logo-bellunopress-.jpg\",\"contentUrl\":\"https:\\\/\\\/www.bellunopress.it\\\/wp-content\\\/uploads\\\/2011\\\/05\\\/cropped-logo-bellunopress-.jpg\",\"width\":512,\"height\":512,\"caption\":\"Bellunopress\"},\"image\":{\"@id\":\"https:\\\/\\\/www.bellunopress.it\\\/#\\\/schema\\\/logo\\\/image\\\/\"},\"sameAs\":[\"https:\\\/\\\/www.facebook.com\\\/profile.php?id=100008943462799\",\"https:\\\/\\\/x.com\\\/bellunopress\",\"https:\\\/\\\/www.linkedin.com\\\/hp\\\/?dnr=JBzUWaJfMUw8vbXJJ2tVW5-I3jZKvC4wsoxE&amp;amp;amp;amp;amp;amp;trk=nav_responsive_tab_home\",\"https:\\\/\\\/www.youtube.com\\\/channel\\\/UCxL0wu1uN0_3_7hGG0306cw\"]},{\"@type\":\"Person\",\"@id\":\"https:\\\/\\\/www.bellunopress.it\\\/#\\\/schema\\\/person\\\/79bb06722b37ece1c03d3e94beb30d73\",\"name\":\"redazione\",\"image\":{\"@type\":\"ImageObject\",\"inLanguage\":\"fr-FR\",\"@id\":\"https:\\\/\\\/secure.gravatar.com\\\/avatar\\\/37d968a2e67a6fd04c169c4bdef102d0bc5d31b2546345219e348575eb80e9a0?s=96&d=mm&r=g\",\"url\":\"https:\\\/\\\/secure.gravatar.com\\\/avatar\\\/37d968a2e67a6fd04c169c4bdef102d0bc5d31b2546345219e348575eb80e9a0?s=96&d=mm&r=g\",\"contentUrl\":\"https:\\\/\\\/secure.gravatar.com\\\/avatar\\\/37d968a2e67a6fd04c169c4bdef102d0bc5d31b2546345219e348575eb80e9a0?s=96&d=mm&r=g\",\"caption\":\"redazione\"},\"sameAs\":[\"http:\\\/\\\/www.bellunopress.it\",\"https:\\\/\\\/x.com\\\/bellunopress\"],\"url\":\"https:\\\/\\\/www.bellunopress.it\\\/fr\\\/author\\\/redazione\\\/\"}]}<\/script>\n<!-- \/ Yoast SEO plugin. -->","yoast_head_json":{"title":"Sanit\u00e0 bellunese. Gioved\u00ec l'incontro pubblico promosso dalla lista Alleanza Verdi Sinistra - Bellunopress - Dolomiti","robots":{"index":"index","follow":"follow","max-snippet":"max-snippet:-1","max-image-preview":"max-image-preview:large","max-video-preview":"max-video-preview:-1"},"canonical":"https:\/\/www.bellunopress.it\/fr\/2025\/11\/19\/sanita-bellunese-giovedi-lincontro-pubblico-promosso-dalla-lista-alleanza-verdi-sinistra\/","og_locale":"fr_FR","og_type":"article","og_title":"Sanit\u00e0 bellunese. Gioved\u00ec l'incontro pubblico promosso dalla lista Alleanza Verdi Sinistra - Bellunopress - Dolomiti","og_description":"Belluno, 19 novembre 2025 &#8211; In vista delle elezioni regionali del Veneto del 23 e 24 novembre, la lista Alleanza Verdi Sinistra organizza un incontro pubblico dedicato alla sanit\u00e0 bellunese, con l\u2019obiettivo di analizzare criticit\u00e0 e avanzare proposte concrete per il rilancio del sistema sanitario locale. L\u2019evento, intitolato \u201cFocus sulla Sanit\u00e0 Bellunese: Problemi e Proposte\u201d, [&hellip;]","og_url":"https:\/\/www.bellunopress.it\/fr\/2025\/11\/19\/sanita-bellunese-giovedi-lincontro-pubblico-promosso-dalla-lista-alleanza-verdi-sinistra\/","og_site_name":"Bellunopress - Dolomiti","article_publisher":"https:\/\/www.facebook.com\/profile.php?id=100008943462799","article_published_time":"2025-11-19T11:18:00+00:00","article_modified_time":"2025-11-19T16:35:33+00:00","og_image":[{"width":566,"height":800,"url":"https:\/\/www.bellunopress.it\/wp-content\/uploads\/2025\/11\/FOCUS-SULLA-SANITa_edited.jpg","type":"image\/jpeg"}],"author":"redazione","twitter_card":"summary_large_image","twitter_creator":"@bellunopress","twitter_site":"@bellunopress","twitter_misc":{"\u00c9crit par":"redazione","Dur\u00e9e de lecture estim\u00e9e":"2 minutes"},"schema":{"@context":"https:\/\/schema.org","@graph":[{"@type":"Article","@id":"https:\/\/www.bellunopress.it\/2025\/11\/19\/sanita-bellunese-giovedi-lincontro-pubblico-promosso-dalla-lista-alleanza-verdi-sinistra\/#article","isPartOf":{"@id":"https:\/\/www.bellunopress.it\/2025\/11\/19\/sanita-bellunese-giovedi-lincontro-pubblico-promosso-dalla-lista-alleanza-verdi-sinistra\/"},"author":{"name":"redazione","@id":"https:\/\/www.bellunopress.it\/#\/schema\/person\/79bb06722b37ece1c03d3e94beb30d73"},"headline":"Sanit\u00e0 bellunese. Gioved\u00ec l&#8217;incontro pubblico promosso dalla lista Alleanza Verdi Sinistra","datePublished":"2025-11-19T11:18:00+00:00","dateModified":"2025-11-19T16:35:33+00:00","mainEntityOfPage":{"@id":"https:\/\/www.bellunopress.it\/2025\/11\/19\/sanita-bellunese-giovedi-lincontro-pubblico-promosso-dalla-lista-alleanza-verdi-sinistra\/"},"wordCount":402,"publisher":{"@id":"https:\/\/www.bellunopress.it\/#organization"},"image":{"@id":"https:\/\/www.bellunopress.it\/2025\/11\/19\/sanita-bellunese-giovedi-lincontro-pubblico-promosso-dalla-lista-alleanza-verdi-sinistra\/#primaryimage"},"thumbnailUrl":"https:\/\/www.bellunopress.it\/wp-content\/uploads\/2025\/11\/FOCUS-SULLA-SANITa_edited.jpg","articleSection":["Pausa Caff\u00e8","Sanit\u00e0 Medicina"],"inLanguage":"fr-FR"},{"@type":"WebPage","@id":"https:\/\/www.bellunopress.it\/2025\/11\/19\/sanita-bellunese-giovedi-lincontro-pubblico-promosso-dalla-lista-alleanza-verdi-sinistra\/","url":"https:\/\/www.bellunopress.it\/2025\/11\/19\/sanita-bellunese-giovedi-lincontro-pubblico-promosso-dalla-lista-alleanza-verdi-sinistra\/","name":"Sanit\u00e0 bellunese. Gioved\u00ec l'incontro pubblico promosso dalla lista Alleanza Verdi Sinistra - Bellunopress - Dolomiti","isPartOf":{"@id":"https:\/\/www.bellunopress.it\/#website"},"primaryImageOfPage":{"@id":"https:\/\/www.bellunopress.it\/2025\/11\/19\/sanita-bellunese-giovedi-lincontro-pubblico-promosso-dalla-lista-alleanza-verdi-sinistra\/#primaryimage"},"image":{"@id":"https:\/\/www.bellunopress.it\/2025\/11\/19\/sanita-bellunese-giovedi-lincontro-pubblico-promosso-dalla-lista-alleanza-verdi-sinistra\/#primaryimage"},"thumbnailUrl":"https:\/\/www.bellunopress.it\/wp-content\/uploads\/2025\/11\/FOCUS-SULLA-SANITa_edited.jpg","datePublished":"2025-11-19T11:18:00+00:00","dateModified":"2025-11-19T16:35:33+00:00","breadcrumb":{"@id":"https:\/\/www.bellunopress.it\/2025\/11\/19\/sanita-bellunese-giovedi-lincontro-pubblico-promosso-dalla-lista-alleanza-verdi-sinistra\/#breadcrumb"},"inLanguage":"fr-FR","potentialAction":[{"@type":"ReadAction","target":["https:\/\/www.bellunopress.it\/2025\/11\/19\/sanita-bellunese-giovedi-lincontro-pubblico-promosso-dalla-lista-alleanza-verdi-sinistra\/"]}]},{"@type":"ImageObject","inLanguage":"fr-FR","@id":"https:\/\/www.bellunopress.it\/2025\/11\/19\/sanita-bellunese-giovedi-lincontro-pubblico-promosso-dalla-lista-alleanza-verdi-sinistra\/#primaryimage","url":"https:\/\/www.bellunopress.it\/wp-content\/uploads\/2025\/11\/FOCUS-SULLA-SANITa_edited.jpg","contentUrl":"https:\/\/www.bellunopress.it\/wp-content\/uploads\/2025\/11\/FOCUS-SULLA-SANITa_edited.jpg","width":566,"height":800},{"@type":"BreadcrumbList","@id":"https:\/\/www.bellunopress.it\/2025\/11\/19\/sanita-bellunese-giovedi-lincontro-pubblico-promosso-dalla-lista-alleanza-verdi-sinistra\/#breadcrumb","itemListElement":[{"@type":"ListItem","position":1,"name":"Home","item":"https:\/\/www.bellunopress.it\/"},{"@type":"ListItem","position":2,"name":"Sanit\u00e0 bellunese. Gioved\u00ec l&#8217;incontro pubblico promosso dalla lista Alleanza Verdi Sinistra"}]},{"@type":"WebSite","@id":"https:\/\/www.bellunopress.it\/#website","url":"https:\/\/www.bellunopress.it\/","name":"Bellunopress - Dolomiti","description":"e-mail: redazione@bellunopress.it","publisher":{"@id":"https:\/\/www.bellunopress.it\/#organization"},"potentialAction":[{"@type":"SearchAction","target":{"@type":"EntryPoint","urlTemplate":"https:\/\/www.bellunopress.it\/?s={search_term_string}"},"query-input":{"@type":"PropertyValueSpecification","valueRequired":true,"valueName":"search_term_string"}}],"inLanguage":"fr-FR"},{"@type":"Organization","@id":"https:\/\/www.bellunopress.it\/#organization","name":"Bellunopress","url":"https:\/\/www.bellunopress.it\/","logo":{"@type":"ImageObject","inLanguage":"fr-FR","@id":"https:\/\/www.bellunopress.it\/#\/schema\/logo\/image\/","url":"https:\/\/www.bellunopress.it\/wp-content\/uploads\/2011\/05\/cropped-logo-bellunopress-.jpg","contentUrl":"https:\/\/www.bellunopress.it\/wp-content\/uploads\/2011\/05\/cropped-logo-bellunopress-.jpg","width":512,"height":512,"caption":"Bellunopress"},"image":{"@id":"https:\/\/www.bellunopress.it\/#\/schema\/logo\/image\/"},"sameAs":["https:\/\/www.facebook.com\/profile.php?id=100008943462799","https:\/\/x.com\/bellunopress","https:\/\/www.linkedin.com\/hp\/?dnr=JBzUWaJfMUw8vbXJJ2tVW5-I3jZKvC4wsoxE&amp;amp;amp;amp;amp;amp;trk=nav_responsive_tab_home","https:\/\/www.youtube.com\/channel\/UCxL0wu1uN0_3_7hGG0306cw"]},{"@type":"Person","@id":"https:\/\/www.bellunopress.it\/#\/schema\/person\/79bb06722b37ece1c03d3e94beb30d73","name":"r\u00e9daction","image":{"@type":"ImageObject","inLanguage":"fr-FR","@id":"https:\/\/secure.gravatar.com\/avatar\/37d968a2e67a6fd04c169c4bdef102d0bc5d31b2546345219e348575eb80e9a0?s=96&d=mm&r=g","url":"https:\/\/secure.gravatar.com\/avatar\/37d968a2e67a6fd04c169c4bdef102d0bc5d31b2546345219e348575eb80e9a0?s=96&d=mm&r=g","contentUrl":"https:\/\/secure.gravatar.com\/avatar\/37d968a2e67a6fd04c169c4bdef102d0bc5d31b2546345219e348575eb80e9a0?s=96&d=mm&r=g","caption":"redazione"},"sameAs":["http:\/\/www.bellunopress.it","https:\/\/x.com\/bellunopress"],"url":"https:\/\/www.bellunopress.it\/fr\/author\/redazione\/"}]}},"_links":{"self":[{"href":"https:\/\/www.bellunopress.it\/fr\/wp-json\/wp\/v2\/posts\/165017","targetHints":{"allow":["GET"]}}],"collection":[{"href":"https:\/\/www.bellunopress.it\/fr\/wp-json\/wp\/v2\/posts"}],"about":[{"href":"https:\/\/www.bellunopress.it\/fr\/wp-json\/wp\/v2\/types\/post"}],"author":[{"embeddable":true,"href":"https:\/\/www.bellunopress.it\/fr\/wp-json\/wp\/v2\/users\/2"}],"replies":[{"embeddable":true,"href":"https:\/\/www.bellunopress.it\/fr\/wp-json\/wp\/v2\/comments?post=165017"}],"version-history":[{"count":1,"href":"https:\/\/www.bellunopress.it\/fr\/wp-json\/wp\/v2\/posts\/165017\/revisions"}],"predecessor-version":[{"id":165019,"href":"https:\/\/www.bellunopress.it\/fr\/wp-json\/wp\/v2\/posts\/165017\/revisions\/165019"}],"wp:featuredmedia":[{"embeddable":true,"href":"https:\/\/www.bellunopress.it\/fr\/wp-json\/wp\/v2\/media\/165018"}],"wp:attachment":[{"href":"https:\/\/www.bellunopress.it\/fr\/wp-json\/wp\/v2\/media?parent=165017"}],"wp:term":[{"taxonomy":"category","embeddable":true,"href":"https:\/\/www.bellunopress.it\/fr\/wp-json\/wp\/v2\/categories?post=165017"},{"taxonomy":"post_tag","embeddable":true,"href":"https:\/\/www.bellunopress.it\/fr\/wp-json\/wp\/v2\/tags?post=165017"}],"curies":[{"name":"wp","href":"https:\/\/api.w.org\/{rel}","templated":true}]}}