{"id":164945,"date":"2025-11-17T08:48:11","date_gmt":"2025-11-17T07:48:11","guid":{"rendered":"https:\/\/www.bellunopress.it\/?p=164945"},"modified":"2025-11-17T08:48:11","modified_gmt":"2025-11-17T07:48:11","slug":"nasce-archeotracce-un-viaggio-pluriennale-alla-scoperta-della-storia-antica-del-bellunese","status":"publish","type":"post","link":"https:\/\/www.bellunopress.it\/fr\/2025\/11\/17\/nasce-archeotracce-un-viaggio-pluriennale-alla-scoperta-della-storia-antica-del-bellunese\/","title":{"rendered":"Nasce &#8220;Archeotracce&#8221;: un viaggio pluriennale alla scoperta della storia antica del Bellunese"},"content":{"rendered":"<p><img loading=\"lazy\" decoding=\"async\" class=\"aligncenter size-full wp-image-164946\" src=\"https:\/\/www.bellunopress.it\/wp-content\/uploads\/2025\/11\/archeotracce_edited.jpg\" alt=\"\" width=\"645\" height=\"800\" srcset=\"https:\/\/www.bellunopress.it\/wp-content\/uploads\/2025\/11\/archeotracce_edited.jpg 645w, https:\/\/www.bellunopress.it\/wp-content\/uploads\/2025\/11\/archeotracce_edited-403x500.jpg 403w, https:\/\/www.bellunopress.it\/wp-content\/uploads\/2025\/11\/archeotracce_edited-339x420.jpg 339w\" sizes=\"auto, (max-width: 645px) 100vw, 645px\" \/>Feltre, 17 novembre 2025 \u2013 Il patrimonio archeologico della Provincia di Belluno, spesso celato tra le maestose vette dolomitiche, si prepara a svelarsi al grande pubblico. L\u2019Associazione \u201cIl Fondaco per Feltre odv\u201d, in partnership con il CAI \u2013 Sezione di Feltre, lancia \u201cArcheotracce: Percorsi di Archeologia in Provincia di Belluno\u201d, un nuovo e ambizioso progetto pluriennale che mira a valorizzare, promuovere e rendere accessibile la storia pi\u00f9 antica del territorio.<\/p>\n<p>L\u2019iniziativa, che gode del prestigioso patrocinio della Fondazione Dolomiti UNESCO, si pone l\u2019obiettivo di tessere una vera e propria rete culturale territoriale, coinvolgendo attivamente musei, siti archeologici, associazioni locali e il mondo accademico. Un riconoscimento che sottolinea l&#8217;importanza cruciale dell&#8217;archeologia nel dialogo con il paesaggio e il patrimonio culturale delle Dolomiti.<\/p>\n<p><strong>Al via l&#8217;edizione 2025-2026 con un ciclo di incontri e archeotrekking<\/strong><br \/>\nL&#8217;edizione di debutto, 2025-2026, prender\u00e0 il via sabato 22 novembre 2025. Il programma si articola in due momenti principali:<\/p>\n<p>Ciclo di incontri divulgativi: sei appuntamenti a ingresso libero si terranno tra l&#8217;autunno 2025 e la primavera 2026, tutti in programma il sabato pomeriggio presso la Sala pPolifunzionale del Pradenich di Cesiomaggiore.<\/p>\n<p>Archeotrekking ed escursioni: tra la primavera e l&#8217;estate del 2026, la conoscenza teorica si unir\u00e0 all&#8217;esperienza sul campo, con una serie di escursioni e archeotrekking organizzati in collaborazione con il CAI e il gruppo TAM di Feltre, oltre a numerose realt\u00e0 locali.<\/p>\n<p><strong>Il calendario: dalla Destra Piave all&#8217;Agordino<\/strong><br \/>\nIl ciclo di conferenze toccher\u00e0 diverse aree tematiche e geografiche, offrendo una panoramica completa sulla storia millenaria bellunese:<\/p>\n<p>22 novembre 2025: Archeologia a Cesio (Incontro di apertura)<\/p>\n<p>20 dicembre 2025: Archeologia fra Lamon e Sovramonte<\/p>\n<p>24 gennaio 2026: Il Neolitico in provincia di Belluno<\/p>\n<p>31 gennaio 2026: Archeologia nell\u2019Agordino<\/p>\n<p>28 febbraio 2026: Archeologia a Sedico<\/p>\n<p>21 marzo 2026: Archeologia in Destra Piave<\/p>\n<p><strong>L&#8217;inaugurazione: focus su Cesio<\/strong><br \/>\nIl battesimo ufficiale del progetto sar\u00e0 sabato 22 novembre alle ore 17, con l\u2019incontro intitolato &#8220;Archeologia a Cesio&#8221;. La serata prevede:<\/p>\n<p>La presentazione ufficiale di Archeotracce a cura de Il Fondaco per Feltre e CAI Feltre.<\/p>\n<p>Un approfondimento sul Gruppo Archeostorico Cesiolino con gli interventi di Eleonora Feltrin e Silvana Vignaga.<\/p>\n<p>Una relazione sul popolamento della Destra Piave fra il Tardo Bronzo e il Primo Ferro a cura di Anna Angelini.<\/p>\n<p>A corredo dell&#8217;evento, grazie al contributo scientifico della Fondazione Angelini, sar\u00e0 allestita una sezione della mostra &#8220;Dolomiti e pianura. Vita e culture a confronto 3.000 anni fa&#8221;, precedentemente ospitata al Museo Fulcis di Belluno. Saranno inoltre disponibili pubblicazioni informative curate dalla Fondazione Angelini e dal Fondaco per Feltre.<\/p>\n<p>&#8220;Archeotracce&#8221; si candida a diventare un punto di riferimento fondamentale per tutti coloro che desiderano riscoprire le radici pi\u00f9 antiche della provincia, offrendo un ponte tra la ricerca scientifica e il turismo culturale sostenibile nel cuore delle Dolomiti.<\/p>","protected":false},"excerpt":{"rendered":"<p>Feltre, 17 novembre 2025 \u2013 Il patrimonio archeologico della Provincia di Belluno, spesso celato tra le maestose vette dolomitiche, si prepara a svelarsi al grande pubblico. L\u2019Associazione \u201cIl Fondaco per Feltre odv\u201d, in partnership con il CAI \u2013 Sezione di Feltre, lancia \u201cArcheotracce: Percorsi di Archeologia in Provincia di Belluno\u201d, un nuovo e ambizioso progetto [&hellip;]<\/p>\n","protected":false},"author":2,"featured_media":164946,"comment_status":"closed","ping_status":"open","sticky":false,"template":"","format":"standard","meta":{"footnotes":""},"categories":[27,3,25],"tags":[],"class_list":["post-164945","post","type-post","status-publish","format-standard","has-post-thumbnail","category-appuntamenti","category-arte-cultura-spettacoli-scienza-archivi","category-pausa-caffe"],"yoast_head":"<!-- This site is optimized with the Yoast SEO plugin v28.4 - https:\/\/yoast.com\/product\/yoast-seo-wordpress\/ -->\n<title>Nasce &quot;Archeotracce&quot;: un viaggio pluriennale alla scoperta della storia antica del Bellunese - Bellunopress - Dolomiti<\/title>\n<meta name=\"robots\" content=\"index, follow, max-snippet:-1, max-image-preview:large, max-video-preview:-1\" \/>\n<link rel=\"canonical\" href=\"https:\/\/www.bellunopress.it\/fr\/2025\/11\/17\/nasce-archeotracce-un-viaggio-pluriennale-alla-scoperta-della-storia-antica-del-bellunese\/\" \/>\n<meta property=\"og:locale\" content=\"fr_FR\" \/>\n<meta property=\"og:type\" content=\"article\" \/>\n<meta property=\"og:title\" content=\"Nasce &quot;Archeotracce&quot;: un viaggio pluriennale alla scoperta della storia antica del Bellunese - Bellunopress - Dolomiti\" \/>\n<meta property=\"og:description\" content=\"Feltre, 17 novembre 2025 \u2013 Il patrimonio archeologico della Provincia di Belluno, spesso celato tra le maestose vette dolomitiche, si prepara a svelarsi al grande pubblico. L\u2019Associazione \u201cIl Fondaco per Feltre odv\u201d, in partnership con il CAI \u2013 Sezione di Feltre, lancia \u201cArcheotracce: Percorsi di Archeologia in Provincia di Belluno\u201d, un nuovo e ambizioso progetto [&hellip;]\" \/>\n<meta property=\"og:url\" content=\"https:\/\/www.bellunopress.it\/fr\/2025\/11\/17\/nasce-archeotracce-un-viaggio-pluriennale-alla-scoperta-della-storia-antica-del-bellunese\/\" \/>\n<meta property=\"og:site_name\" content=\"Bellunopress - Dolomiti\" \/>\n<meta property=\"article:publisher\" content=\"https:\/\/www.facebook.com\/profile.php?id=100008943462799\" \/>\n<meta property=\"article:published_time\" content=\"2025-11-17T07:48:11+00:00\" \/>\n<meta property=\"og:image\" content=\"https:\/\/www.bellunopress.it\/wp-content\/uploads\/2025\/11\/archeotracce_edited.jpg\" \/>\n\t<meta property=\"og:image:width\" content=\"645\" \/>\n\t<meta property=\"og:image:height\" content=\"800\" \/>\n\t<meta property=\"og:image:type\" content=\"image\/jpeg\" \/>\n<meta name=\"author\" content=\"redazione\" \/>\n<meta name=\"twitter:card\" content=\"summary_large_image\" \/>\n<meta name=\"twitter:creator\" content=\"@bellunopress\" \/>\n<meta name=\"twitter:site\" content=\"@bellunopress\" \/>\n<meta name=\"twitter:label1\" content=\"\u00c9crit par\" \/>\n\t<meta name=\"twitter:data1\" content=\"redazione\" \/>\n\t<meta name=\"twitter:label2\" content=\"Dur\u00e9e de lecture estim\u00e9e\" \/>\n\t<meta name=\"twitter:data2\" content=\"2 minutes\" \/>\n<script type=\"application\/ld+json\" class=\"yoast-schema-graph\">{\"@context\":\"https:\\\/\\\/schema.org\",\"@graph\":[{\"@type\":\"Article\",\"@id\":\"https:\\\/\\\/www.bellunopress.it\\\/2025\\\/11\\\/17\\\/nasce-archeotracce-un-viaggio-pluriennale-alla-scoperta-della-storia-antica-del-bellunese\\\/#article\",\"isPartOf\":{\"@id\":\"https:\\\/\\\/www.bellunopress.it\\\/2025\\\/11\\\/17\\\/nasce-archeotracce-un-viaggio-pluriennale-alla-scoperta-della-storia-antica-del-bellunese\\\/\"},\"author\":{\"name\":\"redazione\",\"@id\":\"https:\\\/\\\/www.bellunopress.it\\\/#\\\/schema\\\/person\\\/79bb06722b37ece1c03d3e94beb30d73\"},\"headline\":\"Nasce &#8220;Archeotracce&#8221;: un viaggio pluriennale alla scoperta della storia antica del Bellunese\",\"datePublished\":\"2025-11-17T07:48:11+00:00\",\"mainEntityOfPage\":{\"@id\":\"https:\\\/\\\/www.bellunopress.it\\\/2025\\\/11\\\/17\\\/nasce-archeotracce-un-viaggio-pluriennale-alla-scoperta-della-storia-antica-del-bellunese\\\/\"},\"wordCount\":457,\"publisher\":{\"@id\":\"https:\\\/\\\/www.bellunopress.it\\\/#organization\"},\"image\":{\"@id\":\"https:\\\/\\\/www.bellunopress.it\\\/2025\\\/11\\\/17\\\/nasce-archeotracce-un-viaggio-pluriennale-alla-scoperta-della-storia-antica-del-bellunese\\\/#primaryimage\"},\"thumbnailUrl\":\"https:\\\/\\\/www.bellunopress.it\\\/wp-content\\\/uploads\\\/2025\\\/11\\\/archeotracce_edited.jpg\",\"articleSection\":[\"Appuntamenti, Eventi\",\"Arte, Cultura, Spettacoli, Scienza\",\"Pausa Caff\u00e8\"],\"inLanguage\":\"fr-FR\"},{\"@type\":\"WebPage\",\"@id\":\"https:\\\/\\\/www.bellunopress.it\\\/2025\\\/11\\\/17\\\/nasce-archeotracce-un-viaggio-pluriennale-alla-scoperta-della-storia-antica-del-bellunese\\\/\",\"url\":\"https:\\\/\\\/www.bellunopress.it\\\/2025\\\/11\\\/17\\\/nasce-archeotracce-un-viaggio-pluriennale-alla-scoperta-della-storia-antica-del-bellunese\\\/\",\"name\":\"Nasce \\\"Archeotracce\\\": un viaggio pluriennale alla scoperta della storia antica del Bellunese - Bellunopress - Dolomiti\",\"isPartOf\":{\"@id\":\"https:\\\/\\\/www.bellunopress.it\\\/#website\"},\"primaryImageOfPage\":{\"@id\":\"https:\\\/\\\/www.bellunopress.it\\\/2025\\\/11\\\/17\\\/nasce-archeotracce-un-viaggio-pluriennale-alla-scoperta-della-storia-antica-del-bellunese\\\/#primaryimage\"},\"image\":{\"@id\":\"https:\\\/\\\/www.bellunopress.it\\\/2025\\\/11\\\/17\\\/nasce-archeotracce-un-viaggio-pluriennale-alla-scoperta-della-storia-antica-del-bellunese\\\/#primaryimage\"},\"thumbnailUrl\":\"https:\\\/\\\/www.bellunopress.it\\\/wp-content\\\/uploads\\\/2025\\\/11\\\/archeotracce_edited.jpg\",\"datePublished\":\"2025-11-17T07:48:11+00:00\",\"breadcrumb\":{\"@id\":\"https:\\\/\\\/www.bellunopress.it\\\/2025\\\/11\\\/17\\\/nasce-archeotracce-un-viaggio-pluriennale-alla-scoperta-della-storia-antica-del-bellunese\\\/#breadcrumb\"},\"inLanguage\":\"fr-FR\",\"potentialAction\":[{\"@type\":\"ReadAction\",\"target\":[\"https:\\\/\\\/www.bellunopress.it\\\/2025\\\/11\\\/17\\\/nasce-archeotracce-un-viaggio-pluriennale-alla-scoperta-della-storia-antica-del-bellunese\\\/\"]}]},{\"@type\":\"ImageObject\",\"inLanguage\":\"fr-FR\",\"@id\":\"https:\\\/\\\/www.bellunopress.it\\\/2025\\\/11\\\/17\\\/nasce-archeotracce-un-viaggio-pluriennale-alla-scoperta-della-storia-antica-del-bellunese\\\/#primaryimage\",\"url\":\"https:\\\/\\\/www.bellunopress.it\\\/wp-content\\\/uploads\\\/2025\\\/11\\\/archeotracce_edited.jpg\",\"contentUrl\":\"https:\\\/\\\/www.bellunopress.it\\\/wp-content\\\/uploads\\\/2025\\\/11\\\/archeotracce_edited.jpg\",\"width\":645,\"height\":800},{\"@type\":\"BreadcrumbList\",\"@id\":\"https:\\\/\\\/www.bellunopress.it\\\/2025\\\/11\\\/17\\\/nasce-archeotracce-un-viaggio-pluriennale-alla-scoperta-della-storia-antica-del-bellunese\\\/#breadcrumb\",\"itemListElement\":[{\"@type\":\"ListItem\",\"position\":1,\"name\":\"Home\",\"item\":\"https:\\\/\\\/www.bellunopress.it\\\/\"},{\"@type\":\"ListItem\",\"position\":2,\"name\":\"Nasce &#8220;Archeotracce&#8221;: un viaggio pluriennale alla scoperta della storia antica del Bellunese\"}]},{\"@type\":\"WebSite\",\"@id\":\"https:\\\/\\\/www.bellunopress.it\\\/#website\",\"url\":\"https:\\\/\\\/www.bellunopress.it\\\/\",\"name\":\"Bellunopress - Dolomiti\",\"description\":\"e-mail: redazione@bellunopress.it\",\"publisher\":{\"@id\":\"https:\\\/\\\/www.bellunopress.it\\\/#organization\"},\"potentialAction\":[{\"@type\":\"SearchAction\",\"target\":{\"@type\":\"EntryPoint\",\"urlTemplate\":\"https:\\\/\\\/www.bellunopress.it\\\/?s={search_term_string}\"},\"query-input\":{\"@type\":\"PropertyValueSpecification\",\"valueRequired\":true,\"valueName\":\"search_term_string\"}}],\"inLanguage\":\"fr-FR\"},{\"@type\":\"Organization\",\"@id\":\"https:\\\/\\\/www.bellunopress.it\\\/#organization\",\"name\":\"Bellunopress\",\"url\":\"https:\\\/\\\/www.bellunopress.it\\\/\",\"logo\":{\"@type\":\"ImageObject\",\"inLanguage\":\"fr-FR\",\"@id\":\"https:\\\/\\\/www.bellunopress.it\\\/#\\\/schema\\\/logo\\\/image\\\/\",\"url\":\"https:\\\/\\\/www.bellunopress.it\\\/wp-content\\\/uploads\\\/2011\\\/05\\\/cropped-logo-bellunopress-.jpg\",\"contentUrl\":\"https:\\\/\\\/www.bellunopress.it\\\/wp-content\\\/uploads\\\/2011\\\/05\\\/cropped-logo-bellunopress-.jpg\",\"width\":512,\"height\":512,\"caption\":\"Bellunopress\"},\"image\":{\"@id\":\"https:\\\/\\\/www.bellunopress.it\\\/#\\\/schema\\\/logo\\\/image\\\/\"},\"sameAs\":[\"https:\\\/\\\/www.facebook.com\\\/profile.php?id=100008943462799\",\"https:\\\/\\\/x.com\\\/bellunopress\",\"https:\\\/\\\/www.linkedin.com\\\/hp\\\/?dnr=JBzUWaJfMUw8vbXJJ2tVW5-I3jZKvC4wsoxE&amp;amp;amp;amp;amp;amp;trk=nav_responsive_tab_home\",\"https:\\\/\\\/www.youtube.com\\\/channel\\\/UCxL0wu1uN0_3_7hGG0306cw\"]},{\"@type\":\"Person\",\"@id\":\"https:\\\/\\\/www.bellunopress.it\\\/#\\\/schema\\\/person\\\/79bb06722b37ece1c03d3e94beb30d73\",\"name\":\"redazione\",\"image\":{\"@type\":\"ImageObject\",\"inLanguage\":\"fr-FR\",\"@id\":\"https:\\\/\\\/secure.gravatar.com\\\/avatar\\\/37d968a2e67a6fd04c169c4bdef102d0bc5d31b2546345219e348575eb80e9a0?s=96&d=mm&r=g\",\"url\":\"https:\\\/\\\/secure.gravatar.com\\\/avatar\\\/37d968a2e67a6fd04c169c4bdef102d0bc5d31b2546345219e348575eb80e9a0?s=96&d=mm&r=g\",\"contentUrl\":\"https:\\\/\\\/secure.gravatar.com\\\/avatar\\\/37d968a2e67a6fd04c169c4bdef102d0bc5d31b2546345219e348575eb80e9a0?s=96&d=mm&r=g\",\"caption\":\"redazione\"},\"sameAs\":[\"http:\\\/\\\/www.bellunopress.it\",\"https:\\\/\\\/x.com\\\/bellunopress\"],\"url\":\"https:\\\/\\\/www.bellunopress.it\\\/fr\\\/author\\\/redazione\\\/\"}]}<\/script>\n<!-- \/ Yoast SEO plugin. -->","yoast_head_json":{"title":"Nasce \"Archeotracce\": un viaggio pluriennale alla scoperta della storia antica del Bellunese - Bellunopress - Dolomiti","robots":{"index":"index","follow":"follow","max-snippet":"max-snippet:-1","max-image-preview":"max-image-preview:large","max-video-preview":"max-video-preview:-1"},"canonical":"https:\/\/www.bellunopress.it\/fr\/2025\/11\/17\/nasce-archeotracce-un-viaggio-pluriennale-alla-scoperta-della-storia-antica-del-bellunese\/","og_locale":"fr_FR","og_type":"article","og_title":"Nasce \"Archeotracce\": un viaggio pluriennale alla scoperta della storia antica del Bellunese - Bellunopress - Dolomiti","og_description":"Feltre, 17 novembre 2025 \u2013 Il patrimonio archeologico della Provincia di Belluno, spesso celato tra le maestose vette dolomitiche, si prepara a svelarsi al grande pubblico. L\u2019Associazione \u201cIl Fondaco per Feltre odv\u201d, in partnership con il CAI \u2013 Sezione di Feltre, lancia \u201cArcheotracce: Percorsi di Archeologia in Provincia di Belluno\u201d, un nuovo e ambizioso progetto [&hellip;]","og_url":"https:\/\/www.bellunopress.it\/fr\/2025\/11\/17\/nasce-archeotracce-un-viaggio-pluriennale-alla-scoperta-della-storia-antica-del-bellunese\/","og_site_name":"Bellunopress - Dolomiti","article_publisher":"https:\/\/www.facebook.com\/profile.php?id=100008943462799","article_published_time":"2025-11-17T07:48:11+00:00","og_image":[{"width":645,"height":800,"url":"https:\/\/www.bellunopress.it\/wp-content\/uploads\/2025\/11\/archeotracce_edited.jpg","type":"image\/jpeg"}],"author":"redazione","twitter_card":"summary_large_image","twitter_creator":"@bellunopress","twitter_site":"@bellunopress","twitter_misc":{"\u00c9crit par":"redazione","Dur\u00e9e de lecture estim\u00e9e":"2 minutes"},"schema":{"@context":"https:\/\/schema.org","@graph":[{"@type":"Article","@id":"https:\/\/www.bellunopress.it\/2025\/11\/17\/nasce-archeotracce-un-viaggio-pluriennale-alla-scoperta-della-storia-antica-del-bellunese\/#article","isPartOf":{"@id":"https:\/\/www.bellunopress.it\/2025\/11\/17\/nasce-archeotracce-un-viaggio-pluriennale-alla-scoperta-della-storia-antica-del-bellunese\/"},"author":{"name":"redazione","@id":"https:\/\/www.bellunopress.it\/#\/schema\/person\/79bb06722b37ece1c03d3e94beb30d73"},"headline":"Nasce &#8220;Archeotracce&#8221;: un viaggio pluriennale alla scoperta della storia antica del Bellunese","datePublished":"2025-11-17T07:48:11+00:00","mainEntityOfPage":{"@id":"https:\/\/www.bellunopress.it\/2025\/11\/17\/nasce-archeotracce-un-viaggio-pluriennale-alla-scoperta-della-storia-antica-del-bellunese\/"},"wordCount":457,"publisher":{"@id":"https:\/\/www.bellunopress.it\/#organization"},"image":{"@id":"https:\/\/www.bellunopress.it\/2025\/11\/17\/nasce-archeotracce-un-viaggio-pluriennale-alla-scoperta-della-storia-antica-del-bellunese\/#primaryimage"},"thumbnailUrl":"https:\/\/www.bellunopress.it\/wp-content\/uploads\/2025\/11\/archeotracce_edited.jpg","articleSection":["Appuntamenti, Eventi","Arte, Cultura, Spettacoli, Scienza","Pausa Caff\u00e8"],"inLanguage":"fr-FR"},{"@type":"WebPage","@id":"https:\/\/www.bellunopress.it\/2025\/11\/17\/nasce-archeotracce-un-viaggio-pluriennale-alla-scoperta-della-storia-antica-del-bellunese\/","url":"https:\/\/www.bellunopress.it\/2025\/11\/17\/nasce-archeotracce-un-viaggio-pluriennale-alla-scoperta-della-storia-antica-del-bellunese\/","name":"Nasce \"Archeotracce\": un viaggio pluriennale alla scoperta della storia antica del Bellunese - Bellunopress - Dolomiti","isPartOf":{"@id":"https:\/\/www.bellunopress.it\/#website"},"primaryImageOfPage":{"@id":"https:\/\/www.bellunopress.it\/2025\/11\/17\/nasce-archeotracce-un-viaggio-pluriennale-alla-scoperta-della-storia-antica-del-bellunese\/#primaryimage"},"image":{"@id":"https:\/\/www.bellunopress.it\/2025\/11\/17\/nasce-archeotracce-un-viaggio-pluriennale-alla-scoperta-della-storia-antica-del-bellunese\/#primaryimage"},"thumbnailUrl":"https:\/\/www.bellunopress.it\/wp-content\/uploads\/2025\/11\/archeotracce_edited.jpg","datePublished":"2025-11-17T07:48:11+00:00","breadcrumb":{"@id":"https:\/\/www.bellunopress.it\/2025\/11\/17\/nasce-archeotracce-un-viaggio-pluriennale-alla-scoperta-della-storia-antica-del-bellunese\/#breadcrumb"},"inLanguage":"fr-FR","potentialAction":[{"@type":"ReadAction","target":["https:\/\/www.bellunopress.it\/2025\/11\/17\/nasce-archeotracce-un-viaggio-pluriennale-alla-scoperta-della-storia-antica-del-bellunese\/"]}]},{"@type":"ImageObject","inLanguage":"fr-FR","@id":"https:\/\/www.bellunopress.it\/2025\/11\/17\/nasce-archeotracce-un-viaggio-pluriennale-alla-scoperta-della-storia-antica-del-bellunese\/#primaryimage","url":"https:\/\/www.bellunopress.it\/wp-content\/uploads\/2025\/11\/archeotracce_edited.jpg","contentUrl":"https:\/\/www.bellunopress.it\/wp-content\/uploads\/2025\/11\/archeotracce_edited.jpg","width":645,"height":800},{"@type":"BreadcrumbList","@id":"https:\/\/www.bellunopress.it\/2025\/11\/17\/nasce-archeotracce-un-viaggio-pluriennale-alla-scoperta-della-storia-antica-del-bellunese\/#breadcrumb","itemListElement":[{"@type":"ListItem","position":1,"name":"Home","item":"https:\/\/www.bellunopress.it\/"},{"@type":"ListItem","position":2,"name":"Nasce &#8220;Archeotracce&#8221;: un viaggio pluriennale alla scoperta della storia antica del Bellunese"}]},{"@type":"WebSite","@id":"https:\/\/www.bellunopress.it\/#website","url":"https:\/\/www.bellunopress.it\/","name":"Bellunopress - Dolomiti","description":"e-mail: redazione@bellunopress.it","publisher":{"@id":"https:\/\/www.bellunopress.it\/#organization"},"potentialAction":[{"@type":"SearchAction","target":{"@type":"EntryPoint","urlTemplate":"https:\/\/www.bellunopress.it\/?s={search_term_string}"},"query-input":{"@type":"PropertyValueSpecification","valueRequired":true,"valueName":"search_term_string"}}],"inLanguage":"fr-FR"},{"@type":"Organization","@id":"https:\/\/www.bellunopress.it\/#organization","name":"Bellunopress","url":"https:\/\/www.bellunopress.it\/","logo":{"@type":"ImageObject","inLanguage":"fr-FR","@id":"https:\/\/www.bellunopress.it\/#\/schema\/logo\/image\/","url":"https:\/\/www.bellunopress.it\/wp-content\/uploads\/2011\/05\/cropped-logo-bellunopress-.jpg","contentUrl":"https:\/\/www.bellunopress.it\/wp-content\/uploads\/2011\/05\/cropped-logo-bellunopress-.jpg","width":512,"height":512,"caption":"Bellunopress"},"image":{"@id":"https:\/\/www.bellunopress.it\/#\/schema\/logo\/image\/"},"sameAs":["https:\/\/www.facebook.com\/profile.php?id=100008943462799","https:\/\/x.com\/bellunopress","https:\/\/www.linkedin.com\/hp\/?dnr=JBzUWaJfMUw8vbXJJ2tVW5-I3jZKvC4wsoxE&amp;amp;amp;amp;amp;amp;trk=nav_responsive_tab_home","https:\/\/www.youtube.com\/channel\/UCxL0wu1uN0_3_7hGG0306cw"]},{"@type":"Person","@id":"https:\/\/www.bellunopress.it\/#\/schema\/person\/79bb06722b37ece1c03d3e94beb30d73","name":"r\u00e9daction","image":{"@type":"ImageObject","inLanguage":"fr-FR","@id":"https:\/\/secure.gravatar.com\/avatar\/37d968a2e67a6fd04c169c4bdef102d0bc5d31b2546345219e348575eb80e9a0?s=96&d=mm&r=g","url":"https:\/\/secure.gravatar.com\/avatar\/37d968a2e67a6fd04c169c4bdef102d0bc5d31b2546345219e348575eb80e9a0?s=96&d=mm&r=g","contentUrl":"https:\/\/secure.gravatar.com\/avatar\/37d968a2e67a6fd04c169c4bdef102d0bc5d31b2546345219e348575eb80e9a0?s=96&d=mm&r=g","caption":"redazione"},"sameAs":["http:\/\/www.bellunopress.it","https:\/\/x.com\/bellunopress"],"url":"https:\/\/www.bellunopress.it\/fr\/author\/redazione\/"}]}},"_links":{"self":[{"href":"https:\/\/www.bellunopress.it\/fr\/wp-json\/wp\/v2\/posts\/164945","targetHints":{"allow":["GET"]}}],"collection":[{"href":"https:\/\/www.bellunopress.it\/fr\/wp-json\/wp\/v2\/posts"}],"about":[{"href":"https:\/\/www.bellunopress.it\/fr\/wp-json\/wp\/v2\/types\/post"}],"author":[{"embeddable":true,"href":"https:\/\/www.bellunopress.it\/fr\/wp-json\/wp\/v2\/users\/2"}],"replies":[{"embeddable":true,"href":"https:\/\/www.bellunopress.it\/fr\/wp-json\/wp\/v2\/comments?post=164945"}],"version-history":[{"count":1,"href":"https:\/\/www.bellunopress.it\/fr\/wp-json\/wp\/v2\/posts\/164945\/revisions"}],"predecessor-version":[{"id":164947,"href":"https:\/\/www.bellunopress.it\/fr\/wp-json\/wp\/v2\/posts\/164945\/revisions\/164947"}],"wp:featuredmedia":[{"embeddable":true,"href":"https:\/\/www.bellunopress.it\/fr\/wp-json\/wp\/v2\/media\/164946"}],"wp:attachment":[{"href":"https:\/\/www.bellunopress.it\/fr\/wp-json\/wp\/v2\/media?parent=164945"}],"wp:term":[{"taxonomy":"category","embeddable":true,"href":"https:\/\/www.bellunopress.it\/fr\/wp-json\/wp\/v2\/categories?post=164945"},{"taxonomy":"post_tag","embeddable":true,"href":"https:\/\/www.bellunopress.it\/fr\/wp-json\/wp\/v2\/tags?post=164945"}],"curies":[{"name":"wp","href":"https:\/\/api.w.org\/{rel}","templated":true}]}}