{"id":164942,"date":"2025-11-16T21:16:56","date_gmt":"2025-11-16T20:16:56","guid":{"rendered":"https:\/\/www.bellunopress.it\/?p=164942"},"modified":"2025-11-17T09:49:50","modified_gmt":"2025-11-17T08:49:50","slug":"piazzale-dello-stadio-parcheggi-e-promesse-tanti-dubbi-e-poche-risposte","status":"publish","type":"post","link":"https:\/\/www.bellunopress.it\/fr\/2025\/11\/16\/piazzale-dello-stadio-parcheggi-e-promesse-tanti-dubbi-e-poche-risposte\/","title":{"rendered":"Piazzale dello Stadio, parcheggi e promesse: tanti dubbi e poche risposte"},"content":{"rendered":"<figure id=\"attachment_164943\" aria-describedby=\"caption-attachment-164943\" style=\"width: 800px\" class=\"wp-caption aligncenter\"><img loading=\"lazy\" decoding=\"async\" class=\"size-full wp-image-164943\" src=\"https:\/\/www.bellunopress.it\/wp-content\/uploads\/2025\/11\/piazzale-resistenza.jpg\" alt=\"\" width=\"800\" height=\"537\" srcset=\"https:\/\/www.bellunopress.it\/wp-content\/uploads\/2025\/11\/piazzale-resistenza.jpg 800w, https:\/\/www.bellunopress.it\/wp-content\/uploads\/2025\/11\/piazzale-resistenza-500x336.jpg 500w, https:\/\/www.bellunopress.it\/wp-content\/uploads\/2025\/11\/piazzale-resistenza-626x420.jpg 626w, https:\/\/www.bellunopress.it\/wp-content\/uploads\/2025\/11\/piazzale-resistenza-696x467.jpg 696w\" sizes=\"auto, (max-width: 800px) 100vw, 800px\" \/><figcaption id=\"caption-attachment-164943\" class=\"wp-caption-text\">Piazzale Resistenza &#8211; Belluno<\/figcaption><\/figure>\n<p>Belluno 16 novembre 2025- Stiamo vedendo in questi giorni la trasformazione del piazzale dello Stadio \u2013 non senza qualche disagio per i residenti \u2013 e osserviamo, giorno dopo giorno, ergersi sempre pi\u00f9 alta la tribuna in via di costruzione a fianco dei condomini. Questo ci porta a una domanda: come si gestisce l&#8217;arrivo di 2.000 persone a una partita di calcio quando davanti allo stadio ci sono appena 127 posti auto? \u00c8 la domanda pi\u00f9 semplice del mondo, eppure sembra la pi\u00f9 difficile da affrontare. L&#8217;abbiamo posta direttamente al sindaco Oscar De Pellegrin, che ha risposto con un &#8220;useremo altri parcheggi e faremo navette&#8221;. Bene l&#8217;idea, per carit\u00e0. Il problema \u00e8 che non si sa quali parcheggi, dove saranno, quanto costeranno, chi li pagher\u00e0 e con quali risorse verranno fatte funzionare queste navette.<\/p>\n<p>Per ora, solo una grande nebulosa nello spazio siderale.<\/p>\n<p>Il piazzale dello stadio, storicamente, \u00e8 sempre stato un parcheggio scambiatore usatissimo da residenti, pendolari, utenti delle attivit\u00e0 commerciali della zona. Era un&#8217;area funzionale, senza fronzoli ma efficace. Ora \u00e8 stato stravolto: due aiuole piazzate in mezzo a uno spazio che serviva soprattutto a contenere auto, sacrificando numeri preziosi ( 14 posti auto) proprio per le attivit\u00e0 che vivono di continuo ricambio.<br \/>\nSoprattutto perch\u00e9 si \u00e8 voluto ampliare lo Stadio in una zona cos\u00ec densamente popolata ed urbanizzata? Lo stadio \u00e8 ancora compatibile con la densit\u00e0 urbanistica che si \u00e8 venuta a concentrare in questi decenni, in un quartiere densamente urbanizzato di quasi 6000 abitanti ?<br \/>\nSi amplia lo stadio ma non si pensa ai servizi come parcheggi e TPL.<br \/>\nPi\u00f9 che l&#8217;incremento dello stadio forse si sarebbe dovuto pensare seriamente al suo trasferimento in un&#8217;altra area.<\/p>\n<p>E qui nasce un&#8217;altra domanda che nessuno, finora, ha osato affrontare: perch\u00e9 intervenire cos\u00ec pesantemente su un piazzale che funzionava, e che tra l&#8217;altro era cruciale per la zona e per il futuro della squadra di serie C Dolomiti Bellunesi? Perch\u00e9 togliere pi\u00f9 di una trentina di importanti posti quando attorno ci sono negozi, servizi, palazzine, residenti che quel parcheggio lo usano tutti i giorni? Perch\u00e9 non si \u00e8 pensato a spostare lo Stadio Polisportivo in un&#8217;altra zona della citt\u00e0, magari Levego, e destinare lo spazio dell&#8217;attuale Stadio a servizi per la citt\u00e0 e il quartiere come si sta pensando di fare a Treviso con il Tenni? Perch\u00e9 non si \u00e8 pensata una mossa strategica e lungimirante, come una cittadella dello sport in un&#8217;area pi\u00f9 periferica come Levego o Safforze, dato che ormai Baldenich non \u00e8 pi\u00f9 periferia di Belluno, quartiere in cui risiedono importanti servizi, aree residenziali e commerciali? Davvero aveva senso spendere 10 milioni dal PNRR per la riqualificazione del piazzale e delle tribune? Non vorremmo, noi del quartiere di Baldenich, vederci le auto parcheggiate fin sotto casa come quando c&#8217;era la 24 ore di San Martino, evento importante per lo sport bellunese.<\/p>\n<p>In un progetto che dovrebbe &#8220;rilanciare&#8221; lo stadio e l&#8217;area circostante, la prima cosa da garantire \u00e8 la logistica. Invece qui sembra che si sia partiti dalla fine, senza coinvolgimento dei residenti e della popolazione, ancora una volta scarsa partecipazione. Si \u00e8 provveduto concentrandosi su dettagli estetici e trascurando la questione pi\u00f9 banale: dove mettono la macchina duemila persone?<\/p>\n<p>Il sindaco assicura che tutto verr\u00e0 gestito con parcheggi alternativi e bus navetta. Perfetto. Ma se non si dice dove, come, quando e soprattutto chi paga, resta solo una promessa campata in aria. E i cittadini, giustamente, iniziano a chiedersi se i costi del &#8220;corredo allo stadio&#8221; finiranno come al solito sulle spalle dei contribuenti.<\/p>\n<p>Quello che serve adesso \u00e8 chiarezza. Senza mezze parole e senza slogan. Nell&#8217;assemblea pubblica di dicembre ci aspettiamo risposte nette: quanti parcheggi reali sono previsti (dal progetto che ho io, avendo fatto accesso agli atti, sono circa 130)? Dove saranno questi fantomatici parcheggi per far lasciare la macchina ai 2000 tifosi? Chi si occuper\u00e0 delle navette? Con quali fondi? E perch\u00e9 si \u00e8 sacrificata una parte preziosa del piazzale, penalizzando attivit\u00e0 e residenti? Si potenzier\u00e0 finalmente il Trasporto pubblico Locale e la linea Verde, blu, Rossa con corse ogni 20 minuti nelle ore di punta e ogni 40 minuti in quelle di morbida? Torneremo a far correre gli autobus anche la Domenica (Sarebbe ora)? O i tifosi useranno la flotta del Trillo? Ci saranno Taxi (attualmente ce ne sono 2 a Belluno e non coprono tutte le fasce orarie)? Ed ancora, perch\u00e9 non fare un parcheggio a 2 piani? Ad esempio, dove gioca attualmente la Dolomiti Bellunesi, ossia a Fontanafredda, nello stadio Tognon, esso \u00e8 circondato da un parcheggio nelle immediate vicinanze dello stadio con migliaia di parcheggi.<\/p>\n<p>Lo stadio pu\u00f2 e deve essere un&#8217;opportunit\u00e0 per la citt\u00e0, nessuno lo ha mai messo in dubbio. Siamo tutti contenti che la squadra della nostra citt\u00e0 sia in serie C e porti lustro alla nostra Provincia. Ma un progetto mal comunicato, costruito su troppe incognite, rischia di diventare esattamente l&#8217;opposto, un inferno per residenti e cittadini.<\/p>\n<p>Dicembre sar\u00e0 il momento della presentazione del progetto, del confronto, della presentazione degli atti, che abbiamo voluto che venissero presentati, e ce l&#8217;abbiamo messa tutta, con tanta fatica; perch\u00e9 altrimenti questa amministrazione avrebbe costruito e finito il cantiere senza partecipazione. Ancora una volta l&#8217;Ascolteria \u00e8 un concetto vuoto e non realizzato. La citt\u00e0 vuole fatti, non slogan. E soprattutto il quartiere vuole capire dove potr\u00e0 parcheggiare. Perch\u00e9 questa, alla fine, \u00e8 la base di tutto. Non vorremmo che ogni volta che la Dolomiti giochi in casa, ci ritrovassimo le auto parcheggiate ovunque, anche nelle strade private. Questo non pu\u00f2 accadere, per questo chiediamo chiarezza e certezze.<\/p>\n<p><strong>Luigi Filippo Daniele &#8211; Capofrazione di Baldenich<\/strong><\/p>","protected":false},"excerpt":{"rendered":"<p>Belluno 16 novembre 2025- Stiamo vedendo in questi giorni la trasformazione del piazzale dello Stadio \u2013 non senza qualche disagio per i residenti \u2013 e osserviamo, giorno dopo giorno, ergersi sempre pi\u00f9 alta la tribuna in via di costruzione a fianco dei condomini. Questo ci porta a una domanda: come si gestisce l&#8217;arrivo di 2.000 [&hellip;]<\/p>\n","protected":false},"author":2,"featured_media":164943,"comment_status":"closed","ping_status":"open","sticky":false,"template":"","format":"standard","meta":{"footnotes":""},"categories":[3446,1],"tags":[],"class_list":["post-164942","post","type-post","status-publish","format-standard","has-post-thumbnail","category-featured","category-leo"],"yoast_head":"<!-- This site is optimized with the Yoast SEO plugin v28.4 - https:\/\/yoast.com\/product\/yoast-seo-wordpress\/ -->\n<title>Piazzale dello Stadio, parcheggi e promesse: tanti dubbi e poche risposte - Bellunopress - Dolomiti<\/title>\n<meta name=\"robots\" content=\"index, follow, max-snippet:-1, max-image-preview:large, max-video-preview:-1\" \/>\n<link rel=\"canonical\" href=\"https:\/\/www.bellunopress.it\/fr\/2025\/11\/16\/piazzale-dello-stadio-parcheggi-e-promesse-tanti-dubbi-e-poche-risposte\/\" \/>\n<meta property=\"og:locale\" content=\"fr_FR\" \/>\n<meta property=\"og:type\" content=\"article\" \/>\n<meta property=\"og:title\" content=\"Piazzale dello Stadio, parcheggi e promesse: tanti dubbi e poche risposte - Bellunopress - Dolomiti\" \/>\n<meta property=\"og:description\" content=\"Belluno 16 novembre 2025- Stiamo vedendo in questi giorni la trasformazione del piazzale dello Stadio \u2013 non senza qualche disagio per i residenti \u2013 e osserviamo, giorno dopo giorno, ergersi sempre pi\u00f9 alta la tribuna in via di costruzione a fianco dei condomini. Questo ci porta a una domanda: come si gestisce l&#8217;arrivo di 2.000 [&hellip;]\" \/>\n<meta property=\"og:url\" content=\"https:\/\/www.bellunopress.it\/fr\/2025\/11\/16\/piazzale-dello-stadio-parcheggi-e-promesse-tanti-dubbi-e-poche-risposte\/\" \/>\n<meta property=\"og:site_name\" content=\"Bellunopress - Dolomiti\" \/>\n<meta property=\"article:publisher\" content=\"https:\/\/www.facebook.com\/profile.php?id=100008943462799\" \/>\n<meta property=\"article:published_time\" content=\"2025-11-16T20:16:56+00:00\" \/>\n<meta property=\"article:modified_time\" content=\"2025-11-17T08:49:50+00:00\" \/>\n<meta property=\"og:image\" content=\"https:\/\/www.bellunopress.it\/wp-content\/uploads\/2025\/11\/piazzale-resistenza.jpg\" \/>\n\t<meta property=\"og:image:width\" content=\"800\" \/>\n\t<meta property=\"og:image:height\" content=\"537\" \/>\n\t<meta property=\"og:image:type\" content=\"image\/jpeg\" \/>\n<meta name=\"author\" content=\"redazione\" \/>\n<meta name=\"twitter:card\" content=\"summary_large_image\" \/>\n<meta name=\"twitter:creator\" content=\"@bellunopress\" \/>\n<meta name=\"twitter:site\" content=\"@bellunopress\" \/>\n<meta name=\"twitter:label1\" content=\"\u00c9crit par\" \/>\n\t<meta name=\"twitter:data1\" content=\"redazione\" \/>\n\t<meta name=\"twitter:label2\" content=\"Dur\u00e9e de lecture estim\u00e9e\" \/>\n\t<meta name=\"twitter:data2\" content=\"5 minutes\" \/>\n<script type=\"application\/ld+json\" class=\"yoast-schema-graph\">{\"@context\":\"https:\\\/\\\/schema.org\",\"@graph\":[{\"@type\":\"Article\",\"@id\":\"https:\\\/\\\/www.bellunopress.it\\\/2025\\\/11\\\/16\\\/piazzale-dello-stadio-parcheggi-e-promesse-tanti-dubbi-e-poche-risposte\\\/#article\",\"isPartOf\":{\"@id\":\"https:\\\/\\\/www.bellunopress.it\\\/2025\\\/11\\\/16\\\/piazzale-dello-stadio-parcheggi-e-promesse-tanti-dubbi-e-poche-risposte\\\/\"},\"author\":{\"name\":\"redazione\",\"@id\":\"https:\\\/\\\/www.bellunopress.it\\\/#\\\/schema\\\/person\\\/79bb06722b37ece1c03d3e94beb30d73\"},\"headline\":\"Piazzale dello Stadio, parcheggi e promesse: tanti dubbi e poche risposte\",\"datePublished\":\"2025-11-16T20:16:56+00:00\",\"dateModified\":\"2025-11-17T08:49:50+00:00\",\"mainEntityOfPage\":{\"@id\":\"https:\\\/\\\/www.bellunopress.it\\\/2025\\\/11\\\/16\\\/piazzale-dello-stadio-parcheggi-e-promesse-tanti-dubbi-e-poche-risposte\\\/\"},\"wordCount\":941,\"publisher\":{\"@id\":\"https:\\\/\\\/www.bellunopress.it\\\/#organization\"},\"image\":{\"@id\":\"https:\\\/\\\/www.bellunopress.it\\\/2025\\\/11\\\/16\\\/piazzale-dello-stadio-parcheggi-e-promesse-tanti-dubbi-e-poche-risposte\\\/#primaryimage\"},\"thumbnailUrl\":\"https:\\\/\\\/www.bellunopress.it\\\/wp-content\\\/uploads\\\/2025\\\/11\\\/piazzale-resistenza.jpg\",\"articleSection\":[\"Featured\",\"Lettere Opinioni\"],\"inLanguage\":\"fr-FR\"},{\"@type\":\"WebPage\",\"@id\":\"https:\\\/\\\/www.bellunopress.it\\\/2025\\\/11\\\/16\\\/piazzale-dello-stadio-parcheggi-e-promesse-tanti-dubbi-e-poche-risposte\\\/\",\"url\":\"https:\\\/\\\/www.bellunopress.it\\\/2025\\\/11\\\/16\\\/piazzale-dello-stadio-parcheggi-e-promesse-tanti-dubbi-e-poche-risposte\\\/\",\"name\":\"Piazzale dello Stadio, parcheggi e promesse: tanti dubbi e poche risposte - Bellunopress - Dolomiti\",\"isPartOf\":{\"@id\":\"https:\\\/\\\/www.bellunopress.it\\\/#website\"},\"primaryImageOfPage\":{\"@id\":\"https:\\\/\\\/www.bellunopress.it\\\/2025\\\/11\\\/16\\\/piazzale-dello-stadio-parcheggi-e-promesse-tanti-dubbi-e-poche-risposte\\\/#primaryimage\"},\"image\":{\"@id\":\"https:\\\/\\\/www.bellunopress.it\\\/2025\\\/11\\\/16\\\/piazzale-dello-stadio-parcheggi-e-promesse-tanti-dubbi-e-poche-risposte\\\/#primaryimage\"},\"thumbnailUrl\":\"https:\\\/\\\/www.bellunopress.it\\\/wp-content\\\/uploads\\\/2025\\\/11\\\/piazzale-resistenza.jpg\",\"datePublished\":\"2025-11-16T20:16:56+00:00\",\"dateModified\":\"2025-11-17T08:49:50+00:00\",\"breadcrumb\":{\"@id\":\"https:\\\/\\\/www.bellunopress.it\\\/2025\\\/11\\\/16\\\/piazzale-dello-stadio-parcheggi-e-promesse-tanti-dubbi-e-poche-risposte\\\/#breadcrumb\"},\"inLanguage\":\"fr-FR\",\"potentialAction\":[{\"@type\":\"ReadAction\",\"target\":[\"https:\\\/\\\/www.bellunopress.it\\\/2025\\\/11\\\/16\\\/piazzale-dello-stadio-parcheggi-e-promesse-tanti-dubbi-e-poche-risposte\\\/\"]}]},{\"@type\":\"ImageObject\",\"inLanguage\":\"fr-FR\",\"@id\":\"https:\\\/\\\/www.bellunopress.it\\\/2025\\\/11\\\/16\\\/piazzale-dello-stadio-parcheggi-e-promesse-tanti-dubbi-e-poche-risposte\\\/#primaryimage\",\"url\":\"https:\\\/\\\/www.bellunopress.it\\\/wp-content\\\/uploads\\\/2025\\\/11\\\/piazzale-resistenza.jpg\",\"contentUrl\":\"https:\\\/\\\/www.bellunopress.it\\\/wp-content\\\/uploads\\\/2025\\\/11\\\/piazzale-resistenza.jpg\",\"width\":800,\"height\":537,\"caption\":\"Piazzale Resistenza - Belluno\"},{\"@type\":\"BreadcrumbList\",\"@id\":\"https:\\\/\\\/www.bellunopress.it\\\/2025\\\/11\\\/16\\\/piazzale-dello-stadio-parcheggi-e-promesse-tanti-dubbi-e-poche-risposte\\\/#breadcrumb\",\"itemListElement\":[{\"@type\":\"ListItem\",\"position\":1,\"name\":\"Home\",\"item\":\"https:\\\/\\\/www.bellunopress.it\\\/\"},{\"@type\":\"ListItem\",\"position\":2,\"name\":\"Piazzale dello Stadio, parcheggi e promesse: tanti dubbi e poche risposte\"}]},{\"@type\":\"WebSite\",\"@id\":\"https:\\\/\\\/www.bellunopress.it\\\/#website\",\"url\":\"https:\\\/\\\/www.bellunopress.it\\\/\",\"name\":\"Bellunopress - Dolomiti\",\"description\":\"e-mail: redazione@bellunopress.it\",\"publisher\":{\"@id\":\"https:\\\/\\\/www.bellunopress.it\\\/#organization\"},\"potentialAction\":[{\"@type\":\"SearchAction\",\"target\":{\"@type\":\"EntryPoint\",\"urlTemplate\":\"https:\\\/\\\/www.bellunopress.it\\\/?s={search_term_string}\"},\"query-input\":{\"@type\":\"PropertyValueSpecification\",\"valueRequired\":true,\"valueName\":\"search_term_string\"}}],\"inLanguage\":\"fr-FR\"},{\"@type\":\"Organization\",\"@id\":\"https:\\\/\\\/www.bellunopress.it\\\/#organization\",\"name\":\"Bellunopress\",\"url\":\"https:\\\/\\\/www.bellunopress.it\\\/\",\"logo\":{\"@type\":\"ImageObject\",\"inLanguage\":\"fr-FR\",\"@id\":\"https:\\\/\\\/www.bellunopress.it\\\/#\\\/schema\\\/logo\\\/image\\\/\",\"url\":\"https:\\\/\\\/www.bellunopress.it\\\/wp-content\\\/uploads\\\/2011\\\/05\\\/cropped-logo-bellunopress-.jpg\",\"contentUrl\":\"https:\\\/\\\/www.bellunopress.it\\\/wp-content\\\/uploads\\\/2011\\\/05\\\/cropped-logo-bellunopress-.jpg\",\"width\":512,\"height\":512,\"caption\":\"Bellunopress\"},\"image\":{\"@id\":\"https:\\\/\\\/www.bellunopress.it\\\/#\\\/schema\\\/logo\\\/image\\\/\"},\"sameAs\":[\"https:\\\/\\\/www.facebook.com\\\/profile.php?id=100008943462799\",\"https:\\\/\\\/x.com\\\/bellunopress\",\"https:\\\/\\\/www.linkedin.com\\\/hp\\\/?dnr=JBzUWaJfMUw8vbXJJ2tVW5-I3jZKvC4wsoxE&amp;amp;amp;amp;amp;amp;trk=nav_responsive_tab_home\",\"https:\\\/\\\/www.youtube.com\\\/channel\\\/UCxL0wu1uN0_3_7hGG0306cw\"]},{\"@type\":\"Person\",\"@id\":\"https:\\\/\\\/www.bellunopress.it\\\/#\\\/schema\\\/person\\\/79bb06722b37ece1c03d3e94beb30d73\",\"name\":\"redazione\",\"image\":{\"@type\":\"ImageObject\",\"inLanguage\":\"fr-FR\",\"@id\":\"https:\\\/\\\/secure.gravatar.com\\\/avatar\\\/37d968a2e67a6fd04c169c4bdef102d0bc5d31b2546345219e348575eb80e9a0?s=96&d=mm&r=g\",\"url\":\"https:\\\/\\\/secure.gravatar.com\\\/avatar\\\/37d968a2e67a6fd04c169c4bdef102d0bc5d31b2546345219e348575eb80e9a0?s=96&d=mm&r=g\",\"contentUrl\":\"https:\\\/\\\/secure.gravatar.com\\\/avatar\\\/37d968a2e67a6fd04c169c4bdef102d0bc5d31b2546345219e348575eb80e9a0?s=96&d=mm&r=g\",\"caption\":\"redazione\"},\"sameAs\":[\"http:\\\/\\\/www.bellunopress.it\",\"https:\\\/\\\/x.com\\\/bellunopress\"],\"url\":\"https:\\\/\\\/www.bellunopress.it\\\/fr\\\/author\\\/redazione\\\/\"}]}<\/script>\n<!-- \/ Yoast SEO plugin. -->","yoast_head_json":{"title":"Piazzale dello Stadio, parcheggi e promesse: tanti dubbi e poche risposte - Bellunopress - Dolomiti","robots":{"index":"index","follow":"follow","max-snippet":"max-snippet:-1","max-image-preview":"max-image-preview:large","max-video-preview":"max-video-preview:-1"},"canonical":"https:\/\/www.bellunopress.it\/fr\/2025\/11\/16\/piazzale-dello-stadio-parcheggi-e-promesse-tanti-dubbi-e-poche-risposte\/","og_locale":"fr_FR","og_type":"article","og_title":"Piazzale dello Stadio, parcheggi e promesse: tanti dubbi e poche risposte - Bellunopress - Dolomiti","og_description":"Belluno 16 novembre 2025- Stiamo vedendo in questi giorni la trasformazione del piazzale dello Stadio \u2013 non senza qualche disagio per i residenti \u2013 e osserviamo, giorno dopo giorno, ergersi sempre pi\u00f9 alta la tribuna in via di costruzione a fianco dei condomini. Questo ci porta a una domanda: come si gestisce l&#8217;arrivo di 2.000 [&hellip;]","og_url":"https:\/\/www.bellunopress.it\/fr\/2025\/11\/16\/piazzale-dello-stadio-parcheggi-e-promesse-tanti-dubbi-e-poche-risposte\/","og_site_name":"Bellunopress - Dolomiti","article_publisher":"https:\/\/www.facebook.com\/profile.php?id=100008943462799","article_published_time":"2025-11-16T20:16:56+00:00","article_modified_time":"2025-11-17T08:49:50+00:00","og_image":[{"width":800,"height":537,"url":"https:\/\/www.bellunopress.it\/wp-content\/uploads\/2025\/11\/piazzale-resistenza.jpg","type":"image\/jpeg"}],"author":"redazione","twitter_card":"summary_large_image","twitter_creator":"@bellunopress","twitter_site":"@bellunopress","twitter_misc":{"\u00c9crit par":"redazione","Dur\u00e9e de lecture estim\u00e9e":"5 minutes"},"schema":{"@context":"https:\/\/schema.org","@graph":[{"@type":"Article","@id":"https:\/\/www.bellunopress.it\/2025\/11\/16\/piazzale-dello-stadio-parcheggi-e-promesse-tanti-dubbi-e-poche-risposte\/#article","isPartOf":{"@id":"https:\/\/www.bellunopress.it\/2025\/11\/16\/piazzale-dello-stadio-parcheggi-e-promesse-tanti-dubbi-e-poche-risposte\/"},"author":{"name":"redazione","@id":"https:\/\/www.bellunopress.it\/#\/schema\/person\/79bb06722b37ece1c03d3e94beb30d73"},"headline":"Piazzale dello Stadio, parcheggi e promesse: tanti dubbi e poche risposte","datePublished":"2025-11-16T20:16:56+00:00","dateModified":"2025-11-17T08:49:50+00:00","mainEntityOfPage":{"@id":"https:\/\/www.bellunopress.it\/2025\/11\/16\/piazzale-dello-stadio-parcheggi-e-promesse-tanti-dubbi-e-poche-risposte\/"},"wordCount":941,"publisher":{"@id":"https:\/\/www.bellunopress.it\/#organization"},"image":{"@id":"https:\/\/www.bellunopress.it\/2025\/11\/16\/piazzale-dello-stadio-parcheggi-e-promesse-tanti-dubbi-e-poche-risposte\/#primaryimage"},"thumbnailUrl":"https:\/\/www.bellunopress.it\/wp-content\/uploads\/2025\/11\/piazzale-resistenza.jpg","articleSection":["Featured","Lettere Opinioni"],"inLanguage":"fr-FR"},{"@type":"WebPage","@id":"https:\/\/www.bellunopress.it\/2025\/11\/16\/piazzale-dello-stadio-parcheggi-e-promesse-tanti-dubbi-e-poche-risposte\/","url":"https:\/\/www.bellunopress.it\/2025\/11\/16\/piazzale-dello-stadio-parcheggi-e-promesse-tanti-dubbi-e-poche-risposte\/","name":"Piazzale dello Stadio, parcheggi e promesse: tanti dubbi e poche risposte - Bellunopress - Dolomiti","isPartOf":{"@id":"https:\/\/www.bellunopress.it\/#website"},"primaryImageOfPage":{"@id":"https:\/\/www.bellunopress.it\/2025\/11\/16\/piazzale-dello-stadio-parcheggi-e-promesse-tanti-dubbi-e-poche-risposte\/#primaryimage"},"image":{"@id":"https:\/\/www.bellunopress.it\/2025\/11\/16\/piazzale-dello-stadio-parcheggi-e-promesse-tanti-dubbi-e-poche-risposte\/#primaryimage"},"thumbnailUrl":"https:\/\/www.bellunopress.it\/wp-content\/uploads\/2025\/11\/piazzale-resistenza.jpg","datePublished":"2025-11-16T20:16:56+00:00","dateModified":"2025-11-17T08:49:50+00:00","breadcrumb":{"@id":"https:\/\/www.bellunopress.it\/2025\/11\/16\/piazzale-dello-stadio-parcheggi-e-promesse-tanti-dubbi-e-poche-risposte\/#breadcrumb"},"inLanguage":"fr-FR","potentialAction":[{"@type":"ReadAction","target":["https:\/\/www.bellunopress.it\/2025\/11\/16\/piazzale-dello-stadio-parcheggi-e-promesse-tanti-dubbi-e-poche-risposte\/"]}]},{"@type":"ImageObject","inLanguage":"fr-FR","@id":"https:\/\/www.bellunopress.it\/2025\/11\/16\/piazzale-dello-stadio-parcheggi-e-promesse-tanti-dubbi-e-poche-risposte\/#primaryimage","url":"https:\/\/www.bellunopress.it\/wp-content\/uploads\/2025\/11\/piazzale-resistenza.jpg","contentUrl":"https:\/\/www.bellunopress.it\/wp-content\/uploads\/2025\/11\/piazzale-resistenza.jpg","width":800,"height":537,"caption":"Piazzale Resistenza - Belluno"},{"@type":"BreadcrumbList","@id":"https:\/\/www.bellunopress.it\/2025\/11\/16\/piazzale-dello-stadio-parcheggi-e-promesse-tanti-dubbi-e-poche-risposte\/#breadcrumb","itemListElement":[{"@type":"ListItem","position":1,"name":"Home","item":"https:\/\/www.bellunopress.it\/"},{"@type":"ListItem","position":2,"name":"Piazzale dello Stadio, parcheggi e promesse: tanti dubbi e poche risposte"}]},{"@type":"WebSite","@id":"https:\/\/www.bellunopress.it\/#website","url":"https:\/\/www.bellunopress.it\/","name":"Bellunopress - Dolomiti","description":"e-mail: redazione@bellunopress.it","publisher":{"@id":"https:\/\/www.bellunopress.it\/#organization"},"potentialAction":[{"@type":"SearchAction","target":{"@type":"EntryPoint","urlTemplate":"https:\/\/www.bellunopress.it\/?s={search_term_string}"},"query-input":{"@type":"PropertyValueSpecification","valueRequired":true,"valueName":"search_term_string"}}],"inLanguage":"fr-FR"},{"@type":"Organization","@id":"https:\/\/www.bellunopress.it\/#organization","name":"Bellunopress","url":"https:\/\/www.bellunopress.it\/","logo":{"@type":"ImageObject","inLanguage":"fr-FR","@id":"https:\/\/www.bellunopress.it\/#\/schema\/logo\/image\/","url":"https:\/\/www.bellunopress.it\/wp-content\/uploads\/2011\/05\/cropped-logo-bellunopress-.jpg","contentUrl":"https:\/\/www.bellunopress.it\/wp-content\/uploads\/2011\/05\/cropped-logo-bellunopress-.jpg","width":512,"height":512,"caption":"Bellunopress"},"image":{"@id":"https:\/\/www.bellunopress.it\/#\/schema\/logo\/image\/"},"sameAs":["https:\/\/www.facebook.com\/profile.php?id=100008943462799","https:\/\/x.com\/bellunopress","https:\/\/www.linkedin.com\/hp\/?dnr=JBzUWaJfMUw8vbXJJ2tVW5-I3jZKvC4wsoxE&amp;amp;amp;amp;amp;amp;trk=nav_responsive_tab_home","https:\/\/www.youtube.com\/channel\/UCxL0wu1uN0_3_7hGG0306cw"]},{"@type":"Person","@id":"https:\/\/www.bellunopress.it\/#\/schema\/person\/79bb06722b37ece1c03d3e94beb30d73","name":"r\u00e9daction","image":{"@type":"ImageObject","inLanguage":"fr-FR","@id":"https:\/\/secure.gravatar.com\/avatar\/37d968a2e67a6fd04c169c4bdef102d0bc5d31b2546345219e348575eb80e9a0?s=96&d=mm&r=g","url":"https:\/\/secure.gravatar.com\/avatar\/37d968a2e67a6fd04c169c4bdef102d0bc5d31b2546345219e348575eb80e9a0?s=96&d=mm&r=g","contentUrl":"https:\/\/secure.gravatar.com\/avatar\/37d968a2e67a6fd04c169c4bdef102d0bc5d31b2546345219e348575eb80e9a0?s=96&d=mm&r=g","caption":"redazione"},"sameAs":["http:\/\/www.bellunopress.it","https:\/\/x.com\/bellunopress"],"url":"https:\/\/www.bellunopress.it\/fr\/author\/redazione\/"}]}},"_links":{"self":[{"href":"https:\/\/www.bellunopress.it\/fr\/wp-json\/wp\/v2\/posts\/164942","targetHints":{"allow":["GET"]}}],"collection":[{"href":"https:\/\/www.bellunopress.it\/fr\/wp-json\/wp\/v2\/posts"}],"about":[{"href":"https:\/\/www.bellunopress.it\/fr\/wp-json\/wp\/v2\/types\/post"}],"author":[{"embeddable":true,"href":"https:\/\/www.bellunopress.it\/fr\/wp-json\/wp\/v2\/users\/2"}],"replies":[{"embeddable":true,"href":"https:\/\/www.bellunopress.it\/fr\/wp-json\/wp\/v2\/comments?post=164942"}],"version-history":[{"count":1,"href":"https:\/\/www.bellunopress.it\/fr\/wp-json\/wp\/v2\/posts\/164942\/revisions"}],"predecessor-version":[{"id":164944,"href":"https:\/\/www.bellunopress.it\/fr\/wp-json\/wp\/v2\/posts\/164942\/revisions\/164944"}],"wp:featuredmedia":[{"embeddable":true,"href":"https:\/\/www.bellunopress.it\/fr\/wp-json\/wp\/v2\/media\/164943"}],"wp:attachment":[{"href":"https:\/\/www.bellunopress.it\/fr\/wp-json\/wp\/v2\/media?parent=164942"}],"wp:term":[{"taxonomy":"category","embeddable":true,"href":"https:\/\/www.bellunopress.it\/fr\/wp-json\/wp\/v2\/categories?post=164942"},{"taxonomy":"post_tag","embeddable":true,"href":"https:\/\/www.bellunopress.it\/fr\/wp-json\/wp\/v2\/tags?post=164942"}],"curies":[{"name":"wp","href":"https:\/\/api.w.org\/{rel}","templated":true}]}}