{"id":164933,"date":"2025-11-23T10:32:05","date_gmt":"2025-11-23T09:32:05","guid":{"rendered":"https:\/\/www.bellunopress.it\/?p=164933"},"modified":"2025-11-16T08:38:24","modified_gmt":"2025-11-16T07:38:24","slug":"non-fare-storia-a-tambre-un-monologo-ironico-contro-la-violenza-di-genere","status":"publish","type":"post","link":"https:\/\/www.bellunopress.it\/fr\/2025\/11\/23\/non-fare-storia-a-tambre-un-monologo-ironico-contro-la-violenza-di-genere\/","title":{"rendered":"&#8220;Non Fare Storia&#8221;: a Tambre un monologo ironico contro la violenza di genere"},"content":{"rendered":"<p><img loading=\"lazy\" decoding=\"async\" class=\"aligncenter size-full wp-image-164934\" src=\"https:\/\/www.bellunopress.it\/wp-content\/uploads\/2025\/11\/Belluno-Donna-non-fare-storia-a-Tambre.jpg\" alt=\"\" width=\"212\" height=\"300\" \/>Tambre \u2013 L&#8217;Associazione Belluno Donna e la sezione Tambre-Spert dell&#8217;A.B.V.S. uniscono le forze per un evento di sensibilizzazione che coniuga l&#8217;importanza del tema con la leggerezza dell&#8217;ironia. La serata, intitolata &#8220;Non Fare Storia. Monologo Ironico&#8221;, si terr\u00e0 venerd\u00ec 28 novembre 2025 alle ore 20.30 al Centro Sociale di Tambre.<\/p>\n<p>L&#8217;iniziativa, promossa in concomitanza con la Giornata internazionale per l&#8217;eliminazione della violenza contro le donne (che ricorre il 25 novembre), mira a toccare le corde del pubblico attraverso un linguaggio diretto ma non convenzionale.<\/p>\n<p>Il fulcro della serata sar\u00e0 il monologo &#8220;Non Fare Storia&#8221;, scritto e interpretato dall&#8217;attrice Paola Brolati. Attraverso il filtro dell&#8217;ironia, Brolati affronta le dinamiche, spesso sottili e radicate, della violenza di genere, invitando alla riflessione senza rinunciare a un approccio vivace e coinvolgente. L&#8217;uso dell&#8217;ironia diventa uno strumento potente per smascherare i luoghi comuni e le giustificazioni culturali che troppo spesso circondano questo fenomeno.<\/p>\n<p>A seguire, l&#8217;evento offrir\u00e0 un momento di approfondimento fondamentale con l&#8217;intervento a cura di Fiorella Bristot, vicepresidente dell&#8217;Associazione Belluno Donna. Bristot presenter\u00e0 \u201cAssociazione Belluno-Donna. L\u2019esperienza del Centro Antiviolenza\u201d, un intervento che far\u00e0 luce sull&#8217;attivit\u00e0 cruciale svolta quotidianamente dall&#8217;associazione sul territorio.<\/p>\n<p>Sar\u00e0 l&#8217;occasione per conoscere da vicino il lavoro di supporto, accoglienza e protezione offerto dal Centro Antiviolenza alle donne che subiscono maltrattamenti e violenze, sottolineando l&#8217;importanza della rete e della solidariet\u00e0 comunitaria.<\/p>\n<p>L&#8217;appuntamento di Tambre si configura come un&#8217;occasione per la cittadinanza di affrontare un argomento delicato con strumenti diversi, promuovendo la consapevolezza e l&#8217;impegno contro la violenza. L&#8217;ingresso \u00e8 libero e la partecipazione \u00e8 fortemente incoraggiata.<\/p>","protected":false},"excerpt":{"rendered":"<p>Tambre \u2013 L&#8217;Associazione Belluno Donna e la sezione Tambre-Spert dell&#8217;A.B.V.S. uniscono le forze per un evento di sensibilizzazione che coniuga l&#8217;importanza del tema con la leggerezza dell&#8217;ironia. La serata, intitolata &#8220;Non Fare Storia. Monologo Ironico&#8221;, si terr\u00e0 venerd\u00ec 28 novembre 2025 alle ore 20.30 al Centro Sociale di Tambre. L&#8217;iniziativa, promossa in concomitanza con la [&hellip;]<\/p>\n","protected":false},"author":2,"featured_media":2511,"comment_status":"closed","ping_status":"open","sticky":false,"template":"","format":"standard","meta":{"footnotes":""},"categories":[25,8],"tags":[],"class_list":["post-164933","post","type-post","status-publish","format-standard","has-post-thumbnail","category-pausa-caffe","category-societa-istituzioni"],"yoast_head":"<!-- This site is optimized with the Yoast SEO plugin v28.4 - https:\/\/yoast.com\/product\/yoast-seo-wordpress\/ -->\n<title>&quot;Non Fare Storia&quot;: a Tambre un monologo ironico contro la violenza di genere - Bellunopress - Dolomiti<\/title>\n<meta name=\"robots\" content=\"index, follow, max-snippet:-1, max-image-preview:large, max-video-preview:-1\" \/>\n<link rel=\"canonical\" href=\"https:\/\/www.bellunopress.it\/fr\/2025\/11\/23\/non-fare-storia-a-tambre-un-monologo-ironico-contro-la-violenza-di-genere\/\" \/>\n<meta property=\"og:locale\" content=\"fr_FR\" \/>\n<meta property=\"og:type\" content=\"article\" \/>\n<meta property=\"og:title\" content=\"&quot;Non Fare Storia&quot;: a Tambre un monologo ironico contro la violenza di genere - Bellunopress - Dolomiti\" \/>\n<meta property=\"og:description\" content=\"Tambre \u2013 L&#8217;Associazione Belluno Donna e la sezione Tambre-Spert dell&#8217;A.B.V.S. uniscono le forze per un evento di sensibilizzazione che coniuga l&#8217;importanza del tema con la leggerezza dell&#8217;ironia. La serata, intitolata &#8220;Non Fare Storia. Monologo Ironico&#8221;, si terr\u00e0 venerd\u00ec 28 novembre 2025 alle ore 20.30 al Centro Sociale di Tambre. L&#8217;iniziativa, promossa in concomitanza con la [&hellip;]\" \/>\n<meta property=\"og:url\" content=\"https:\/\/www.bellunopress.it\/fr\/2025\/11\/23\/non-fare-storia-a-tambre-un-monologo-ironico-contro-la-violenza-di-genere\/\" \/>\n<meta property=\"og:site_name\" content=\"Bellunopress - Dolomiti\" \/>\n<meta property=\"article:publisher\" content=\"https:\/\/www.facebook.com\/profile.php?id=100008943462799\" \/>\n<meta property=\"article:published_time\" content=\"2025-11-23T09:32:05+00:00\" \/>\n<meta property=\"og:image\" content=\"https:\/\/www.bellunopress.it\/wp-content\/uploads\/2009\/04\/logo-belluno-donna-leggera.jpg\" \/>\n\t<meta property=\"og:image:width\" content=\"221\" \/>\n\t<meta property=\"og:image:height\" content=\"130\" \/>\n\t<meta property=\"og:image:type\" content=\"image\/jpeg\" \/>\n<meta name=\"author\" content=\"redazione\" \/>\n<meta name=\"twitter:card\" content=\"summary_large_image\" \/>\n<meta name=\"twitter:creator\" content=\"@bellunopress\" \/>\n<meta name=\"twitter:site\" content=\"@bellunopress\" \/>\n<meta name=\"twitter:label1\" content=\"\u00c9crit par\" \/>\n\t<meta name=\"twitter:data1\" content=\"redazione\" \/>\n\t<meta name=\"twitter:label2\" content=\"Dur\u00e9e de lecture estim\u00e9e\" \/>\n\t<meta name=\"twitter:data2\" content=\"1 minute\" \/>\n<script type=\"application\/ld+json\" class=\"yoast-schema-graph\">{\"@context\":\"https:\\\/\\\/schema.org\",\"@graph\":[{\"@type\":\"Article\",\"@id\":\"https:\\\/\\\/www.bellunopress.it\\\/2025\\\/11\\\/23\\\/non-fare-storia-a-tambre-un-monologo-ironico-contro-la-violenza-di-genere\\\/#article\",\"isPartOf\":{\"@id\":\"https:\\\/\\\/www.bellunopress.it\\\/2025\\\/11\\\/23\\\/non-fare-storia-a-tambre-un-monologo-ironico-contro-la-violenza-di-genere\\\/\"},\"author\":{\"name\":\"redazione\",\"@id\":\"https:\\\/\\\/www.bellunopress.it\\\/#\\\/schema\\\/person\\\/79bb06722b37ece1c03d3e94beb30d73\"},\"headline\":\"&#8220;Non Fare Storia&#8221;: a Tambre un monologo ironico contro la violenza di genere\",\"datePublished\":\"2025-11-23T09:32:05+00:00\",\"mainEntityOfPage\":{\"@id\":\"https:\\\/\\\/www.bellunopress.it\\\/2025\\\/11\\\/23\\\/non-fare-storia-a-tambre-un-monologo-ironico-contro-la-violenza-di-genere\\\/\"},\"wordCount\":285,\"publisher\":{\"@id\":\"https:\\\/\\\/www.bellunopress.it\\\/#organization\"},\"image\":{\"@id\":\"https:\\\/\\\/www.bellunopress.it\\\/2025\\\/11\\\/23\\\/non-fare-storia-a-tambre-un-monologo-ironico-contro-la-violenza-di-genere\\\/#primaryimage\"},\"thumbnailUrl\":\"https:\\\/\\\/www.bellunopress.it\\\/wp-content\\\/uploads\\\/2009\\\/04\\\/logo-belluno-donna-leggera.jpg\",\"articleSection\":[\"Pausa Caff\u00e8\",\"Societ\u00e0, Associazioni, Istituzioni\"],\"inLanguage\":\"fr-FR\"},{\"@type\":\"WebPage\",\"@id\":\"https:\\\/\\\/www.bellunopress.it\\\/2025\\\/11\\\/23\\\/non-fare-storia-a-tambre-un-monologo-ironico-contro-la-violenza-di-genere\\\/\",\"url\":\"https:\\\/\\\/www.bellunopress.it\\\/2025\\\/11\\\/23\\\/non-fare-storia-a-tambre-un-monologo-ironico-contro-la-violenza-di-genere\\\/\",\"name\":\"\\\"Non Fare Storia\\\": a Tambre un monologo ironico contro la violenza di genere - Bellunopress - Dolomiti\",\"isPartOf\":{\"@id\":\"https:\\\/\\\/www.bellunopress.it\\\/#website\"},\"primaryImageOfPage\":{\"@id\":\"https:\\\/\\\/www.bellunopress.it\\\/2025\\\/11\\\/23\\\/non-fare-storia-a-tambre-un-monologo-ironico-contro-la-violenza-di-genere\\\/#primaryimage\"},\"image\":{\"@id\":\"https:\\\/\\\/www.bellunopress.it\\\/2025\\\/11\\\/23\\\/non-fare-storia-a-tambre-un-monologo-ironico-contro-la-violenza-di-genere\\\/#primaryimage\"},\"thumbnailUrl\":\"https:\\\/\\\/www.bellunopress.it\\\/wp-content\\\/uploads\\\/2009\\\/04\\\/logo-belluno-donna-leggera.jpg\",\"datePublished\":\"2025-11-23T09:32:05+00:00\",\"breadcrumb\":{\"@id\":\"https:\\\/\\\/www.bellunopress.it\\\/2025\\\/11\\\/23\\\/non-fare-storia-a-tambre-un-monologo-ironico-contro-la-violenza-di-genere\\\/#breadcrumb\"},\"inLanguage\":\"fr-FR\",\"potentialAction\":[{\"@type\":\"ReadAction\",\"target\":[\"https:\\\/\\\/www.bellunopress.it\\\/2025\\\/11\\\/23\\\/non-fare-storia-a-tambre-un-monologo-ironico-contro-la-violenza-di-genere\\\/\"]}]},{\"@type\":\"ImageObject\",\"inLanguage\":\"fr-FR\",\"@id\":\"https:\\\/\\\/www.bellunopress.it\\\/2025\\\/11\\\/23\\\/non-fare-storia-a-tambre-un-monologo-ironico-contro-la-violenza-di-genere\\\/#primaryimage\",\"url\":\"https:\\\/\\\/www.bellunopress.it\\\/wp-content\\\/uploads\\\/2009\\\/04\\\/logo-belluno-donna-leggera.jpg\",\"contentUrl\":\"https:\\\/\\\/www.bellunopress.it\\\/wp-content\\\/uploads\\\/2009\\\/04\\\/logo-belluno-donna-leggera.jpg\",\"width\":221,\"height\":130},{\"@type\":\"BreadcrumbList\",\"@id\":\"https:\\\/\\\/www.bellunopress.it\\\/2025\\\/11\\\/23\\\/non-fare-storia-a-tambre-un-monologo-ironico-contro-la-violenza-di-genere\\\/#breadcrumb\",\"itemListElement\":[{\"@type\":\"ListItem\",\"position\":1,\"name\":\"Home\",\"item\":\"https:\\\/\\\/www.bellunopress.it\\\/\"},{\"@type\":\"ListItem\",\"position\":2,\"name\":\"&#8220;Non Fare Storia&#8221;: a Tambre un monologo ironico contro la violenza di genere\"}]},{\"@type\":\"WebSite\",\"@id\":\"https:\\\/\\\/www.bellunopress.it\\\/#website\",\"url\":\"https:\\\/\\\/www.bellunopress.it\\\/\",\"name\":\"Bellunopress - Dolomiti\",\"description\":\"e-mail: redazione@bellunopress.it\",\"publisher\":{\"@id\":\"https:\\\/\\\/www.bellunopress.it\\\/#organization\"},\"potentialAction\":[{\"@type\":\"SearchAction\",\"target\":{\"@type\":\"EntryPoint\",\"urlTemplate\":\"https:\\\/\\\/www.bellunopress.it\\\/?s={search_term_string}\"},\"query-input\":{\"@type\":\"PropertyValueSpecification\",\"valueRequired\":true,\"valueName\":\"search_term_string\"}}],\"inLanguage\":\"fr-FR\"},{\"@type\":\"Organization\",\"@id\":\"https:\\\/\\\/www.bellunopress.it\\\/#organization\",\"name\":\"Bellunopress\",\"url\":\"https:\\\/\\\/www.bellunopress.it\\\/\",\"logo\":{\"@type\":\"ImageObject\",\"inLanguage\":\"fr-FR\",\"@id\":\"https:\\\/\\\/www.bellunopress.it\\\/#\\\/schema\\\/logo\\\/image\\\/\",\"url\":\"https:\\\/\\\/www.bellunopress.it\\\/wp-content\\\/uploads\\\/2011\\\/05\\\/cropped-logo-bellunopress-.jpg\",\"contentUrl\":\"https:\\\/\\\/www.bellunopress.it\\\/wp-content\\\/uploads\\\/2011\\\/05\\\/cropped-logo-bellunopress-.jpg\",\"width\":512,\"height\":512,\"caption\":\"Bellunopress\"},\"image\":{\"@id\":\"https:\\\/\\\/www.bellunopress.it\\\/#\\\/schema\\\/logo\\\/image\\\/\"},\"sameAs\":[\"https:\\\/\\\/www.facebook.com\\\/profile.php?id=100008943462799\",\"https:\\\/\\\/x.com\\\/bellunopress\",\"https:\\\/\\\/www.linkedin.com\\\/hp\\\/?dnr=JBzUWaJfMUw8vbXJJ2tVW5-I3jZKvC4wsoxE&amp;amp;amp;amp;amp;amp;trk=nav_responsive_tab_home\",\"https:\\\/\\\/www.youtube.com\\\/channel\\\/UCxL0wu1uN0_3_7hGG0306cw\"]},{\"@type\":\"Person\",\"@id\":\"https:\\\/\\\/www.bellunopress.it\\\/#\\\/schema\\\/person\\\/79bb06722b37ece1c03d3e94beb30d73\",\"name\":\"redazione\",\"image\":{\"@type\":\"ImageObject\",\"inLanguage\":\"fr-FR\",\"@id\":\"https:\\\/\\\/secure.gravatar.com\\\/avatar\\\/37d968a2e67a6fd04c169c4bdef102d0bc5d31b2546345219e348575eb80e9a0?s=96&d=mm&r=g\",\"url\":\"https:\\\/\\\/secure.gravatar.com\\\/avatar\\\/37d968a2e67a6fd04c169c4bdef102d0bc5d31b2546345219e348575eb80e9a0?s=96&d=mm&r=g\",\"contentUrl\":\"https:\\\/\\\/secure.gravatar.com\\\/avatar\\\/37d968a2e67a6fd04c169c4bdef102d0bc5d31b2546345219e348575eb80e9a0?s=96&d=mm&r=g\",\"caption\":\"redazione\"},\"sameAs\":[\"http:\\\/\\\/www.bellunopress.it\",\"https:\\\/\\\/x.com\\\/bellunopress\"],\"url\":\"https:\\\/\\\/www.bellunopress.it\\\/fr\\\/author\\\/redazione\\\/\"}]}<\/script>\n<!-- \/ Yoast SEO plugin. -->","yoast_head_json":{"title":"\"Non Fare Storia\": a Tambre un monologo ironico contro la violenza di genere - Bellunopress - Dolomiti","robots":{"index":"index","follow":"follow","max-snippet":"max-snippet:-1","max-image-preview":"max-image-preview:large","max-video-preview":"max-video-preview:-1"},"canonical":"https:\/\/www.bellunopress.it\/fr\/2025\/11\/23\/non-fare-storia-a-tambre-un-monologo-ironico-contro-la-violenza-di-genere\/","og_locale":"fr_FR","og_type":"article","og_title":"\"Non Fare Storia\": a Tambre un monologo ironico contro la violenza di genere - Bellunopress - Dolomiti","og_description":"Tambre \u2013 L&#8217;Associazione Belluno Donna e la sezione Tambre-Spert dell&#8217;A.B.V.S. uniscono le forze per un evento di sensibilizzazione che coniuga l&#8217;importanza del tema con la leggerezza dell&#8217;ironia. La serata, intitolata &#8220;Non Fare Storia. Monologo Ironico&#8221;, si terr\u00e0 venerd\u00ec 28 novembre 2025 alle ore 20.30 al Centro Sociale di Tambre. L&#8217;iniziativa, promossa in concomitanza con la [&hellip;]","og_url":"https:\/\/www.bellunopress.it\/fr\/2025\/11\/23\/non-fare-storia-a-tambre-un-monologo-ironico-contro-la-violenza-di-genere\/","og_site_name":"Bellunopress - Dolomiti","article_publisher":"https:\/\/www.facebook.com\/profile.php?id=100008943462799","article_published_time":"2025-11-23T09:32:05+00:00","og_image":[{"width":221,"height":130,"url":"https:\/\/www.bellunopress.it\/wp-content\/uploads\/2009\/04\/logo-belluno-donna-leggera.jpg","type":"image\/jpeg"}],"author":"redazione","twitter_card":"summary_large_image","twitter_creator":"@bellunopress","twitter_site":"@bellunopress","twitter_misc":{"\u00c9crit par":"redazione","Dur\u00e9e de lecture estim\u00e9e":"1 minute"},"schema":{"@context":"https:\/\/schema.org","@graph":[{"@type":"Article","@id":"https:\/\/www.bellunopress.it\/2025\/11\/23\/non-fare-storia-a-tambre-un-monologo-ironico-contro-la-violenza-di-genere\/#article","isPartOf":{"@id":"https:\/\/www.bellunopress.it\/2025\/11\/23\/non-fare-storia-a-tambre-un-monologo-ironico-contro-la-violenza-di-genere\/"},"author":{"name":"redazione","@id":"https:\/\/www.bellunopress.it\/#\/schema\/person\/79bb06722b37ece1c03d3e94beb30d73"},"headline":"&#8220;Non Fare Storia&#8221;: a Tambre un monologo ironico contro la violenza di genere","datePublished":"2025-11-23T09:32:05+00:00","mainEntityOfPage":{"@id":"https:\/\/www.bellunopress.it\/2025\/11\/23\/non-fare-storia-a-tambre-un-monologo-ironico-contro-la-violenza-di-genere\/"},"wordCount":285,"publisher":{"@id":"https:\/\/www.bellunopress.it\/#organization"},"image":{"@id":"https:\/\/www.bellunopress.it\/2025\/11\/23\/non-fare-storia-a-tambre-un-monologo-ironico-contro-la-violenza-di-genere\/#primaryimage"},"thumbnailUrl":"https:\/\/www.bellunopress.it\/wp-content\/uploads\/2009\/04\/logo-belluno-donna-leggera.jpg","articleSection":["Pausa Caff\u00e8","Societ\u00e0, Associazioni, Istituzioni"],"inLanguage":"fr-FR"},{"@type":"WebPage","@id":"https:\/\/www.bellunopress.it\/2025\/11\/23\/non-fare-storia-a-tambre-un-monologo-ironico-contro-la-violenza-di-genere\/","url":"https:\/\/www.bellunopress.it\/2025\/11\/23\/non-fare-storia-a-tambre-un-monologo-ironico-contro-la-violenza-di-genere\/","name":"\"Non Fare Storia\": a Tambre un monologo ironico contro la violenza di genere - Bellunopress - Dolomiti","isPartOf":{"@id":"https:\/\/www.bellunopress.it\/#website"},"primaryImageOfPage":{"@id":"https:\/\/www.bellunopress.it\/2025\/11\/23\/non-fare-storia-a-tambre-un-monologo-ironico-contro-la-violenza-di-genere\/#primaryimage"},"image":{"@id":"https:\/\/www.bellunopress.it\/2025\/11\/23\/non-fare-storia-a-tambre-un-monologo-ironico-contro-la-violenza-di-genere\/#primaryimage"},"thumbnailUrl":"https:\/\/www.bellunopress.it\/wp-content\/uploads\/2009\/04\/logo-belluno-donna-leggera.jpg","datePublished":"2025-11-23T09:32:05+00:00","breadcrumb":{"@id":"https:\/\/www.bellunopress.it\/2025\/11\/23\/non-fare-storia-a-tambre-un-monologo-ironico-contro-la-violenza-di-genere\/#breadcrumb"},"inLanguage":"fr-FR","potentialAction":[{"@type":"ReadAction","target":["https:\/\/www.bellunopress.it\/2025\/11\/23\/non-fare-storia-a-tambre-un-monologo-ironico-contro-la-violenza-di-genere\/"]}]},{"@type":"ImageObject","inLanguage":"fr-FR","@id":"https:\/\/www.bellunopress.it\/2025\/11\/23\/non-fare-storia-a-tambre-un-monologo-ironico-contro-la-violenza-di-genere\/#primaryimage","url":"https:\/\/www.bellunopress.it\/wp-content\/uploads\/2009\/04\/logo-belluno-donna-leggera.jpg","contentUrl":"https:\/\/www.bellunopress.it\/wp-content\/uploads\/2009\/04\/logo-belluno-donna-leggera.jpg","width":221,"height":130},{"@type":"BreadcrumbList","@id":"https:\/\/www.bellunopress.it\/2025\/11\/23\/non-fare-storia-a-tambre-un-monologo-ironico-contro-la-violenza-di-genere\/#breadcrumb","itemListElement":[{"@type":"ListItem","position":1,"name":"Home","item":"https:\/\/www.bellunopress.it\/"},{"@type":"ListItem","position":2,"name":"&#8220;Non Fare Storia&#8221;: a Tambre un monologo ironico contro la violenza di genere"}]},{"@type":"WebSite","@id":"https:\/\/www.bellunopress.it\/#website","url":"https:\/\/www.bellunopress.it\/","name":"Bellunopress - Dolomiti","description":"e-mail: redazione@bellunopress.it","publisher":{"@id":"https:\/\/www.bellunopress.it\/#organization"},"potentialAction":[{"@type":"SearchAction","target":{"@type":"EntryPoint","urlTemplate":"https:\/\/www.bellunopress.it\/?s={search_term_string}"},"query-input":{"@type":"PropertyValueSpecification","valueRequired":true,"valueName":"search_term_string"}}],"inLanguage":"fr-FR"},{"@type":"Organization","@id":"https:\/\/www.bellunopress.it\/#organization","name":"Bellunopress","url":"https:\/\/www.bellunopress.it\/","logo":{"@type":"ImageObject","inLanguage":"fr-FR","@id":"https:\/\/www.bellunopress.it\/#\/schema\/logo\/image\/","url":"https:\/\/www.bellunopress.it\/wp-content\/uploads\/2011\/05\/cropped-logo-bellunopress-.jpg","contentUrl":"https:\/\/www.bellunopress.it\/wp-content\/uploads\/2011\/05\/cropped-logo-bellunopress-.jpg","width":512,"height":512,"caption":"Bellunopress"},"image":{"@id":"https:\/\/www.bellunopress.it\/#\/schema\/logo\/image\/"},"sameAs":["https:\/\/www.facebook.com\/profile.php?id=100008943462799","https:\/\/x.com\/bellunopress","https:\/\/www.linkedin.com\/hp\/?dnr=JBzUWaJfMUw8vbXJJ2tVW5-I3jZKvC4wsoxE&amp;amp;amp;amp;amp;amp;trk=nav_responsive_tab_home","https:\/\/www.youtube.com\/channel\/UCxL0wu1uN0_3_7hGG0306cw"]},{"@type":"Person","@id":"https:\/\/www.bellunopress.it\/#\/schema\/person\/79bb06722b37ece1c03d3e94beb30d73","name":"r\u00e9daction","image":{"@type":"ImageObject","inLanguage":"fr-FR","@id":"https:\/\/secure.gravatar.com\/avatar\/37d968a2e67a6fd04c169c4bdef102d0bc5d31b2546345219e348575eb80e9a0?s=96&d=mm&r=g","url":"https:\/\/secure.gravatar.com\/avatar\/37d968a2e67a6fd04c169c4bdef102d0bc5d31b2546345219e348575eb80e9a0?s=96&d=mm&r=g","contentUrl":"https:\/\/secure.gravatar.com\/avatar\/37d968a2e67a6fd04c169c4bdef102d0bc5d31b2546345219e348575eb80e9a0?s=96&d=mm&r=g","caption":"redazione"},"sameAs":["http:\/\/www.bellunopress.it","https:\/\/x.com\/bellunopress"],"url":"https:\/\/www.bellunopress.it\/fr\/author\/redazione\/"}]}},"_links":{"self":[{"href":"https:\/\/www.bellunopress.it\/fr\/wp-json\/wp\/v2\/posts\/164933","targetHints":{"allow":["GET"]}}],"collection":[{"href":"https:\/\/www.bellunopress.it\/fr\/wp-json\/wp\/v2\/posts"}],"about":[{"href":"https:\/\/www.bellunopress.it\/fr\/wp-json\/wp\/v2\/types\/post"}],"author":[{"embeddable":true,"href":"https:\/\/www.bellunopress.it\/fr\/wp-json\/wp\/v2\/users\/2"}],"replies":[{"embeddable":true,"href":"https:\/\/www.bellunopress.it\/fr\/wp-json\/wp\/v2\/comments?post=164933"}],"version-history":[{"count":1,"href":"https:\/\/www.bellunopress.it\/fr\/wp-json\/wp\/v2\/posts\/164933\/revisions"}],"predecessor-version":[{"id":164935,"href":"https:\/\/www.bellunopress.it\/fr\/wp-json\/wp\/v2\/posts\/164933\/revisions\/164935"}],"wp:featuredmedia":[{"embeddable":true,"href":"https:\/\/www.bellunopress.it\/fr\/wp-json\/wp\/v2\/media\/2511"}],"wp:attachment":[{"href":"https:\/\/www.bellunopress.it\/fr\/wp-json\/wp\/v2\/media?parent=164933"}],"wp:term":[{"taxonomy":"category","embeddable":true,"href":"https:\/\/www.bellunopress.it\/fr\/wp-json\/wp\/v2\/categories?post=164933"},{"taxonomy":"post_tag","embeddable":true,"href":"https:\/\/www.bellunopress.it\/fr\/wp-json\/wp\/v2\/tags?post=164933"}],"curies":[{"name":"wp","href":"https:\/\/api.w.org\/{rel}","templated":true}]}}