{"id":164923,"date":"2025-11-15T16:56:52","date_gmt":"2025-11-15T15:56:52","guid":{"rendered":"https:\/\/www.bellunopress.it\/?p=164923"},"modified":"2025-11-15T16:56:52","modified_gmt":"2025-11-15T15:56:52","slug":"wanda-ferro-in-veneto-il-governo-meloni-al-fianco-delle-comunita-montane","status":"publish","type":"post","link":"https:\/\/www.bellunopress.it\/fr\/2025\/11\/15\/wanda-ferro-in-veneto-il-governo-meloni-al-fianco-delle-comunita-montane\/","title":{"rendered":"Wanda Ferro in Veneto: &#8220;il Governo Meloni al fianco delle comunit\u00e0 montane&#8221;"},"content":{"rendered":"<figure id=\"attachment_164924\" aria-describedby=\"caption-attachment-164924\" style=\"width: 800px\" class=\"wp-caption aligncenter\"><img loading=\"lazy\" decoding=\"async\" class=\"size-full wp-image-164924\" src=\"https:\/\/www.bellunopress.it\/wp-content\/uploads\/2025\/11\/Sottosegretario-on.-Ferro_edited.jpg\" alt=\"\" width=\"800\" height=\"797\" srcset=\"https:\/\/www.bellunopress.it\/wp-content\/uploads\/2025\/11\/Sottosegretario-on.-Ferro_edited.jpg 800w, https:\/\/www.bellunopress.it\/wp-content\/uploads\/2025\/11\/Sottosegretario-on.-Ferro_edited-500x498.jpg 500w, https:\/\/www.bellunopress.it\/wp-content\/uploads\/2025\/11\/Sottosegretario-on.-Ferro_edited-300x300.jpg 300w, https:\/\/www.bellunopress.it\/wp-content\/uploads\/2025\/11\/Sottosegretario-on.-Ferro_edited-422x420.jpg 422w, https:\/\/www.bellunopress.it\/wp-content\/uploads\/2025\/11\/Sottosegretario-on.-Ferro_edited-696x693.jpg 696w\" sizes=\"auto, (max-width: 800px) 100vw, 800px\" \/><figcaption id=\"caption-attachment-164924\" class=\"wp-caption-text\">Sottosegretario On Wanda Ferro<\/figcaption><\/figure>\n<p>Belluno, 15 novembre 2025 \u2013 Il Ministero dell&#8217;Interno incontra i territori montani del Veneto. Il Sottosegretario On. Wanda Ferro ha fatto tappa ieri, 14 novembre 2025, in provincia di Belluno, incontrando cittadini e rappresentanti di Fratelli d&#8217;Italia prima all&#8217;Hotel Astor di Belluno e poi presso la Sala Emigranti di Canale d&#8217;Agordo. L&#8217;iniziativa, organizzata in vista delle imminenti elezioni regionali, \u00e8 stata l&#8217;occasione per fare il punto sui primi tre anni di governo e per delineare le priorit\u00e0 politiche del partito nelle aree montane.<\/p>\n<p>Nel corso dei due appuntamenti, il Sottosegretario Ferro ha evidenziato come il Governo Meloni si attesti oggi come il terzo per longevit\u00e0 nella storia repubblicana, un dato che testimonia la stabilit\u00e0 dell&#8217;Esecutivo nell&#8217;attuare la propria strategia politica.<\/p>\n<p>I pilastri dell&#8217;azione governativa ribaditi sono:<\/p>\n<p>Una gestione controllata dei flussi migratori.<\/p>\n<p>Il rafforzamento della sicurezza pubblica.<\/p>\n<p>Una profonda riforma della giustizia.<\/p>\n<p>Sul fronte della sicurezza, il Sottosegretario Ferro ha snocciolato dati significativi, sottolineando l&#8217;assunzione di 37.400 nuovi operatori tra Vigili del Fuoco, Carabinieri, Guardia di Finanza e Polizia di Stato. Un incremento reso possibile anche grazie alla riduzione dei tempi di formazione, pensata per una risposta pi\u00f9 tempestiva alle esigenze del territorio.<\/p>\n<p>A tutela delle Forze dell&#8217;Ordine \u00e8 stato confermato il raddoppio della copertura economica per l&#8217;assistenza legale in ogni grado di giudizio.<\/p>\n<p>L&#8217;azione riformatrice, definita di &#8220;portata storica&#8221;, prosegue con:<\/p>\n<p>La separazione delle carriere nella magistratura.<\/p>\n<p>L&#8217;attuazione dell&#8217;autonomia differenziata, definita uno strumento cruciale per valorizzare realt\u00e0 come la provincia di Belluno, ricca di specificit\u00e0 territoriali.<\/p>\n<p>L&#8217;agenda governativa ha toccato anche i temi economici e sociali. Sono stati evidenziati:<\/p>\n<p>Stanziamenti record di 17 miliardi per la sanit\u00e0.<\/p>\n<p>Misure strutturali a favore della famiglia.<\/p>\n<p>Interventi che hanno spinto l&#8217;occupazione femminile ai massimi storici.<\/p>\n<p>La riconferma, nella manovra economica, del taglio del cuneo fiscale per sostenere sia le imprese che i lavoratori.<\/p>\n<p>La presenza del Sottosegretario Ferro, come ha sottolineato la Segreteria provinciale di Fratelli d&#8217;Italia, testimonia la vicinanza del Governo centrale a un territorio che rappresenta un&#8217;eccellenza nazionale per patrimonio e identit\u00e0.<\/p>\n<p>Fratelli d&#8217;Italia si proietta alle elezioni regionali rivendicando il ruolo di forza trainante della coalizione di centrodestra in Veneto, forte di una squadra radicata e pronta a difendere le istanze specifiche delle comunit\u00e0 montane.<\/p>\n<p>All&#8217;evento era presente anche l&#8217;On. Alessandro Urz\u00ec, capogruppo della Commissione Affari Costituzionali, che ha portato i saluti del coordinatore regionale, Sen. Luca De Carlo, rafforzando il messaggio di un dialogo costante tra istituzioni centrali e realt\u00e0 locali.<\/p>","protected":false},"excerpt":{"rendered":"<p>Belluno, 15 novembre 2025 \u2013 Il Ministero dell&#8217;Interno incontra i territori montani del Veneto. Il Sottosegretario On. Wanda Ferro ha fatto tappa ieri, 14 novembre 2025, in provincia di Belluno, incontrando cittadini e rappresentanti di Fratelli d&#8217;Italia prima all&#8217;Hotel Astor di Belluno e poi presso la Sala Emigranti di Canale d&#8217;Agordo. L&#8217;iniziativa, organizzata in vista [&hellip;]<\/p>\n","protected":false},"author":2,"featured_media":164924,"comment_status":"closed","ping_status":"open","sticky":false,"template":"","format":"standard","meta":{"footnotes":""},"categories":[5],"tags":[],"class_list":["post-164923","post","type-post","status-publish","format-standard","has-post-thumbnail","category-cronaca"],"yoast_head":"<!-- This site is optimized with the Yoast SEO plugin v28.4 - https:\/\/yoast.com\/product\/yoast-seo-wordpress\/ -->\n<title>Wanda Ferro in Veneto: &quot;il Governo Meloni al fianco delle comunit\u00e0 montane&quot; - Bellunopress - Dolomiti<\/title>\n<meta name=\"robots\" content=\"index, follow, max-snippet:-1, max-image-preview:large, max-video-preview:-1\" \/>\n<link rel=\"canonical\" href=\"https:\/\/www.bellunopress.it\/fr\/2025\/11\/15\/wanda-ferro-in-veneto-il-governo-meloni-al-fianco-delle-comunita-montane\/\" \/>\n<meta property=\"og:locale\" content=\"fr_FR\" \/>\n<meta property=\"og:type\" content=\"article\" \/>\n<meta property=\"og:title\" content=\"Wanda Ferro in Veneto: &quot;il Governo Meloni al fianco delle comunit\u00e0 montane&quot; - Bellunopress - Dolomiti\" \/>\n<meta property=\"og:description\" content=\"Belluno, 15 novembre 2025 \u2013 Il Ministero dell&#8217;Interno incontra i territori montani del Veneto. Il Sottosegretario On. Wanda Ferro ha fatto tappa ieri, 14 novembre 2025, in provincia di Belluno, incontrando cittadini e rappresentanti di Fratelli d&#8217;Italia prima all&#8217;Hotel Astor di Belluno e poi presso la Sala Emigranti di Canale d&#8217;Agordo. L&#8217;iniziativa, organizzata in vista [&hellip;]\" \/>\n<meta property=\"og:url\" content=\"https:\/\/www.bellunopress.it\/fr\/2025\/11\/15\/wanda-ferro-in-veneto-il-governo-meloni-al-fianco-delle-comunita-montane\/\" \/>\n<meta property=\"og:site_name\" content=\"Bellunopress - Dolomiti\" \/>\n<meta property=\"article:publisher\" content=\"https:\/\/www.facebook.com\/profile.php?id=100008943462799\" \/>\n<meta property=\"article:published_time\" content=\"2025-11-15T15:56:52+00:00\" \/>\n<meta property=\"og:image\" content=\"https:\/\/www.bellunopress.it\/wp-content\/uploads\/2025\/11\/Sottosegretario-on.-Ferro_edited.jpg\" \/>\n\t<meta property=\"og:image:width\" content=\"800\" \/>\n\t<meta property=\"og:image:height\" content=\"797\" \/>\n\t<meta property=\"og:image:type\" content=\"image\/jpeg\" \/>\n<meta name=\"author\" content=\"redazione\" \/>\n<meta name=\"twitter:card\" content=\"summary_large_image\" \/>\n<meta name=\"twitter:creator\" content=\"@bellunopress\" \/>\n<meta name=\"twitter:site\" content=\"@bellunopress\" \/>\n<meta name=\"twitter:label1\" content=\"\u00c9crit par\" \/>\n\t<meta name=\"twitter:data1\" content=\"redazione\" \/>\n\t<meta name=\"twitter:label2\" content=\"Dur\u00e9e de lecture estim\u00e9e\" \/>\n\t<meta name=\"twitter:data2\" content=\"2 minutes\" \/>\n<script type=\"application\/ld+json\" class=\"yoast-schema-graph\">{\"@context\":\"https:\\\/\\\/schema.org\",\"@graph\":[{\"@type\":\"Article\",\"@id\":\"https:\\\/\\\/www.bellunopress.it\\\/2025\\\/11\\\/15\\\/wanda-ferro-in-veneto-il-governo-meloni-al-fianco-delle-comunita-montane\\\/#article\",\"isPartOf\":{\"@id\":\"https:\\\/\\\/www.bellunopress.it\\\/2025\\\/11\\\/15\\\/wanda-ferro-in-veneto-il-governo-meloni-al-fianco-delle-comunita-montane\\\/\"},\"author\":{\"name\":\"redazione\",\"@id\":\"https:\\\/\\\/www.bellunopress.it\\\/#\\\/schema\\\/person\\\/79bb06722b37ece1c03d3e94beb30d73\"},\"headline\":\"Wanda Ferro in Veneto: &#8220;il Governo Meloni al fianco delle comunit\u00e0 montane&#8221;\",\"datePublished\":\"2025-11-15T15:56:52+00:00\",\"mainEntityOfPage\":{\"@id\":\"https:\\\/\\\/www.bellunopress.it\\\/2025\\\/11\\\/15\\\/wanda-ferro-in-veneto-il-governo-meloni-al-fianco-delle-comunita-montane\\\/\"},\"wordCount\":439,\"publisher\":{\"@id\":\"https:\\\/\\\/www.bellunopress.it\\\/#organization\"},\"image\":{\"@id\":\"https:\\\/\\\/www.bellunopress.it\\\/2025\\\/11\\\/15\\\/wanda-ferro-in-veneto-il-governo-meloni-al-fianco-delle-comunita-montane\\\/#primaryimage\"},\"thumbnailUrl\":\"https:\\\/\\\/www.bellunopress.it\\\/wp-content\\\/uploads\\\/2025\\\/11\\\/Sottosegretario-on.-Ferro_edited.jpg\",\"articleSection\":[\"Cronaca\\\/Politica\"],\"inLanguage\":\"fr-FR\"},{\"@type\":\"WebPage\",\"@id\":\"https:\\\/\\\/www.bellunopress.it\\\/2025\\\/11\\\/15\\\/wanda-ferro-in-veneto-il-governo-meloni-al-fianco-delle-comunita-montane\\\/\",\"url\":\"https:\\\/\\\/www.bellunopress.it\\\/2025\\\/11\\\/15\\\/wanda-ferro-in-veneto-il-governo-meloni-al-fianco-delle-comunita-montane\\\/\",\"name\":\"Wanda Ferro in Veneto: \\\"il Governo Meloni al fianco delle comunit\u00e0 montane\\\" - Bellunopress - Dolomiti\",\"isPartOf\":{\"@id\":\"https:\\\/\\\/www.bellunopress.it\\\/#website\"},\"primaryImageOfPage\":{\"@id\":\"https:\\\/\\\/www.bellunopress.it\\\/2025\\\/11\\\/15\\\/wanda-ferro-in-veneto-il-governo-meloni-al-fianco-delle-comunita-montane\\\/#primaryimage\"},\"image\":{\"@id\":\"https:\\\/\\\/www.bellunopress.it\\\/2025\\\/11\\\/15\\\/wanda-ferro-in-veneto-il-governo-meloni-al-fianco-delle-comunita-montane\\\/#primaryimage\"},\"thumbnailUrl\":\"https:\\\/\\\/www.bellunopress.it\\\/wp-content\\\/uploads\\\/2025\\\/11\\\/Sottosegretario-on.-Ferro_edited.jpg\",\"datePublished\":\"2025-11-15T15:56:52+00:00\",\"breadcrumb\":{\"@id\":\"https:\\\/\\\/www.bellunopress.it\\\/2025\\\/11\\\/15\\\/wanda-ferro-in-veneto-il-governo-meloni-al-fianco-delle-comunita-montane\\\/#breadcrumb\"},\"inLanguage\":\"fr-FR\",\"potentialAction\":[{\"@type\":\"ReadAction\",\"target\":[\"https:\\\/\\\/www.bellunopress.it\\\/2025\\\/11\\\/15\\\/wanda-ferro-in-veneto-il-governo-meloni-al-fianco-delle-comunita-montane\\\/\"]}]},{\"@type\":\"ImageObject\",\"inLanguage\":\"fr-FR\",\"@id\":\"https:\\\/\\\/www.bellunopress.it\\\/2025\\\/11\\\/15\\\/wanda-ferro-in-veneto-il-governo-meloni-al-fianco-delle-comunita-montane\\\/#primaryimage\",\"url\":\"https:\\\/\\\/www.bellunopress.it\\\/wp-content\\\/uploads\\\/2025\\\/11\\\/Sottosegretario-on.-Ferro_edited.jpg\",\"contentUrl\":\"https:\\\/\\\/www.bellunopress.it\\\/wp-content\\\/uploads\\\/2025\\\/11\\\/Sottosegretario-on.-Ferro_edited.jpg\",\"width\":800,\"height\":797,\"caption\":\"Sottosegretario On Wanda Ferro\"},{\"@type\":\"BreadcrumbList\",\"@id\":\"https:\\\/\\\/www.bellunopress.it\\\/2025\\\/11\\\/15\\\/wanda-ferro-in-veneto-il-governo-meloni-al-fianco-delle-comunita-montane\\\/#breadcrumb\",\"itemListElement\":[{\"@type\":\"ListItem\",\"position\":1,\"name\":\"Home\",\"item\":\"https:\\\/\\\/www.bellunopress.it\\\/\"},{\"@type\":\"ListItem\",\"position\":2,\"name\":\"Wanda Ferro in Veneto: &#8220;il Governo Meloni al fianco delle comunit\u00e0 montane&#8221;\"}]},{\"@type\":\"WebSite\",\"@id\":\"https:\\\/\\\/www.bellunopress.it\\\/#website\",\"url\":\"https:\\\/\\\/www.bellunopress.it\\\/\",\"name\":\"Bellunopress - Dolomiti\",\"description\":\"e-mail: redazione@bellunopress.it\",\"publisher\":{\"@id\":\"https:\\\/\\\/www.bellunopress.it\\\/#organization\"},\"potentialAction\":[{\"@type\":\"SearchAction\",\"target\":{\"@type\":\"EntryPoint\",\"urlTemplate\":\"https:\\\/\\\/www.bellunopress.it\\\/?s={search_term_string}\"},\"query-input\":{\"@type\":\"PropertyValueSpecification\",\"valueRequired\":true,\"valueName\":\"search_term_string\"}}],\"inLanguage\":\"fr-FR\"},{\"@type\":\"Organization\",\"@id\":\"https:\\\/\\\/www.bellunopress.it\\\/#organization\",\"name\":\"Bellunopress\",\"url\":\"https:\\\/\\\/www.bellunopress.it\\\/\",\"logo\":{\"@type\":\"ImageObject\",\"inLanguage\":\"fr-FR\",\"@id\":\"https:\\\/\\\/www.bellunopress.it\\\/#\\\/schema\\\/logo\\\/image\\\/\",\"url\":\"https:\\\/\\\/www.bellunopress.it\\\/wp-content\\\/uploads\\\/2011\\\/05\\\/cropped-logo-bellunopress-.jpg\",\"contentUrl\":\"https:\\\/\\\/www.bellunopress.it\\\/wp-content\\\/uploads\\\/2011\\\/05\\\/cropped-logo-bellunopress-.jpg\",\"width\":512,\"height\":512,\"caption\":\"Bellunopress\"},\"image\":{\"@id\":\"https:\\\/\\\/www.bellunopress.it\\\/#\\\/schema\\\/logo\\\/image\\\/\"},\"sameAs\":[\"https:\\\/\\\/www.facebook.com\\\/profile.php?id=100008943462799\",\"https:\\\/\\\/x.com\\\/bellunopress\",\"https:\\\/\\\/www.linkedin.com\\\/hp\\\/?dnr=JBzUWaJfMUw8vbXJJ2tVW5-I3jZKvC4wsoxE&amp;amp;amp;amp;amp;amp;trk=nav_responsive_tab_home\",\"https:\\\/\\\/www.youtube.com\\\/channel\\\/UCxL0wu1uN0_3_7hGG0306cw\"]},{\"@type\":\"Person\",\"@id\":\"https:\\\/\\\/www.bellunopress.it\\\/#\\\/schema\\\/person\\\/79bb06722b37ece1c03d3e94beb30d73\",\"name\":\"redazione\",\"image\":{\"@type\":\"ImageObject\",\"inLanguage\":\"fr-FR\",\"@id\":\"https:\\\/\\\/secure.gravatar.com\\\/avatar\\\/37d968a2e67a6fd04c169c4bdef102d0bc5d31b2546345219e348575eb80e9a0?s=96&d=mm&r=g\",\"url\":\"https:\\\/\\\/secure.gravatar.com\\\/avatar\\\/37d968a2e67a6fd04c169c4bdef102d0bc5d31b2546345219e348575eb80e9a0?s=96&d=mm&r=g\",\"contentUrl\":\"https:\\\/\\\/secure.gravatar.com\\\/avatar\\\/37d968a2e67a6fd04c169c4bdef102d0bc5d31b2546345219e348575eb80e9a0?s=96&d=mm&r=g\",\"caption\":\"redazione\"},\"sameAs\":[\"http:\\\/\\\/www.bellunopress.it\",\"https:\\\/\\\/x.com\\\/bellunopress\"],\"url\":\"https:\\\/\\\/www.bellunopress.it\\\/fr\\\/author\\\/redazione\\\/\"}]}<\/script>\n<!-- \/ Yoast SEO plugin. -->","yoast_head_json":{"title":"Wanda Ferro in Veneto: \"il Governo Meloni al fianco delle comunit\u00e0 montane\" - Bellunopress - Dolomiti","robots":{"index":"index","follow":"follow","max-snippet":"max-snippet:-1","max-image-preview":"max-image-preview:large","max-video-preview":"max-video-preview:-1"},"canonical":"https:\/\/www.bellunopress.it\/fr\/2025\/11\/15\/wanda-ferro-in-veneto-il-governo-meloni-al-fianco-delle-comunita-montane\/","og_locale":"fr_FR","og_type":"article","og_title":"Wanda Ferro in Veneto: \"il Governo Meloni al fianco delle comunit\u00e0 montane\" - Bellunopress - Dolomiti","og_description":"Belluno, 15 novembre 2025 \u2013 Il Ministero dell&#8217;Interno incontra i territori montani del Veneto. Il Sottosegretario On. Wanda Ferro ha fatto tappa ieri, 14 novembre 2025, in provincia di Belluno, incontrando cittadini e rappresentanti di Fratelli d&#8217;Italia prima all&#8217;Hotel Astor di Belluno e poi presso la Sala Emigranti di Canale d&#8217;Agordo. L&#8217;iniziativa, organizzata in vista [&hellip;]","og_url":"https:\/\/www.bellunopress.it\/fr\/2025\/11\/15\/wanda-ferro-in-veneto-il-governo-meloni-al-fianco-delle-comunita-montane\/","og_site_name":"Bellunopress - Dolomiti","article_publisher":"https:\/\/www.facebook.com\/profile.php?id=100008943462799","article_published_time":"2025-11-15T15:56:52+00:00","og_image":[{"width":800,"height":797,"url":"https:\/\/www.bellunopress.it\/wp-content\/uploads\/2025\/11\/Sottosegretario-on.-Ferro_edited.jpg","type":"image\/jpeg"}],"author":"redazione","twitter_card":"summary_large_image","twitter_creator":"@bellunopress","twitter_site":"@bellunopress","twitter_misc":{"\u00c9crit par":"redazione","Dur\u00e9e de lecture estim\u00e9e":"2 minutes"},"schema":{"@context":"https:\/\/schema.org","@graph":[{"@type":"Article","@id":"https:\/\/www.bellunopress.it\/2025\/11\/15\/wanda-ferro-in-veneto-il-governo-meloni-al-fianco-delle-comunita-montane\/#article","isPartOf":{"@id":"https:\/\/www.bellunopress.it\/2025\/11\/15\/wanda-ferro-in-veneto-il-governo-meloni-al-fianco-delle-comunita-montane\/"},"author":{"name":"redazione","@id":"https:\/\/www.bellunopress.it\/#\/schema\/person\/79bb06722b37ece1c03d3e94beb30d73"},"headline":"Wanda Ferro in Veneto: &#8220;il Governo Meloni al fianco delle comunit\u00e0 montane&#8221;","datePublished":"2025-11-15T15:56:52+00:00","mainEntityOfPage":{"@id":"https:\/\/www.bellunopress.it\/2025\/11\/15\/wanda-ferro-in-veneto-il-governo-meloni-al-fianco-delle-comunita-montane\/"},"wordCount":439,"publisher":{"@id":"https:\/\/www.bellunopress.it\/#organization"},"image":{"@id":"https:\/\/www.bellunopress.it\/2025\/11\/15\/wanda-ferro-in-veneto-il-governo-meloni-al-fianco-delle-comunita-montane\/#primaryimage"},"thumbnailUrl":"https:\/\/www.bellunopress.it\/wp-content\/uploads\/2025\/11\/Sottosegretario-on.-Ferro_edited.jpg","articleSection":["Cronaca\/Politica"],"inLanguage":"fr-FR"},{"@type":"WebPage","@id":"https:\/\/www.bellunopress.it\/2025\/11\/15\/wanda-ferro-in-veneto-il-governo-meloni-al-fianco-delle-comunita-montane\/","url":"https:\/\/www.bellunopress.it\/2025\/11\/15\/wanda-ferro-in-veneto-il-governo-meloni-al-fianco-delle-comunita-montane\/","name":"Wanda Ferro in Veneto: \"il Governo Meloni al fianco delle comunit\u00e0 montane\" - Bellunopress - Dolomiti","isPartOf":{"@id":"https:\/\/www.bellunopress.it\/#website"},"primaryImageOfPage":{"@id":"https:\/\/www.bellunopress.it\/2025\/11\/15\/wanda-ferro-in-veneto-il-governo-meloni-al-fianco-delle-comunita-montane\/#primaryimage"},"image":{"@id":"https:\/\/www.bellunopress.it\/2025\/11\/15\/wanda-ferro-in-veneto-il-governo-meloni-al-fianco-delle-comunita-montane\/#primaryimage"},"thumbnailUrl":"https:\/\/www.bellunopress.it\/wp-content\/uploads\/2025\/11\/Sottosegretario-on.-Ferro_edited.jpg","datePublished":"2025-11-15T15:56:52+00:00","breadcrumb":{"@id":"https:\/\/www.bellunopress.it\/2025\/11\/15\/wanda-ferro-in-veneto-il-governo-meloni-al-fianco-delle-comunita-montane\/#breadcrumb"},"inLanguage":"fr-FR","potentialAction":[{"@type":"ReadAction","target":["https:\/\/www.bellunopress.it\/2025\/11\/15\/wanda-ferro-in-veneto-il-governo-meloni-al-fianco-delle-comunita-montane\/"]}]},{"@type":"ImageObject","inLanguage":"fr-FR","@id":"https:\/\/www.bellunopress.it\/2025\/11\/15\/wanda-ferro-in-veneto-il-governo-meloni-al-fianco-delle-comunita-montane\/#primaryimage","url":"https:\/\/www.bellunopress.it\/wp-content\/uploads\/2025\/11\/Sottosegretario-on.-Ferro_edited.jpg","contentUrl":"https:\/\/www.bellunopress.it\/wp-content\/uploads\/2025\/11\/Sottosegretario-on.-Ferro_edited.jpg","width":800,"height":797,"caption":"Sottosegretario On Wanda Ferro"},{"@type":"BreadcrumbList","@id":"https:\/\/www.bellunopress.it\/2025\/11\/15\/wanda-ferro-in-veneto-il-governo-meloni-al-fianco-delle-comunita-montane\/#breadcrumb","itemListElement":[{"@type":"ListItem","position":1,"name":"Home","item":"https:\/\/www.bellunopress.it\/"},{"@type":"ListItem","position":2,"name":"Wanda Ferro in Veneto: &#8220;il Governo Meloni al fianco delle comunit\u00e0 montane&#8221;"}]},{"@type":"WebSite","@id":"https:\/\/www.bellunopress.it\/#website","url":"https:\/\/www.bellunopress.it\/","name":"Bellunopress - Dolomiti","description":"e-mail: redazione@bellunopress.it","publisher":{"@id":"https:\/\/www.bellunopress.it\/#organization"},"potentialAction":[{"@type":"SearchAction","target":{"@type":"EntryPoint","urlTemplate":"https:\/\/www.bellunopress.it\/?s={search_term_string}"},"query-input":{"@type":"PropertyValueSpecification","valueRequired":true,"valueName":"search_term_string"}}],"inLanguage":"fr-FR"},{"@type":"Organization","@id":"https:\/\/www.bellunopress.it\/#organization","name":"Bellunopress","url":"https:\/\/www.bellunopress.it\/","logo":{"@type":"ImageObject","inLanguage":"fr-FR","@id":"https:\/\/www.bellunopress.it\/#\/schema\/logo\/image\/","url":"https:\/\/www.bellunopress.it\/wp-content\/uploads\/2011\/05\/cropped-logo-bellunopress-.jpg","contentUrl":"https:\/\/www.bellunopress.it\/wp-content\/uploads\/2011\/05\/cropped-logo-bellunopress-.jpg","width":512,"height":512,"caption":"Bellunopress"},"image":{"@id":"https:\/\/www.bellunopress.it\/#\/schema\/logo\/image\/"},"sameAs":["https:\/\/www.facebook.com\/profile.php?id=100008943462799","https:\/\/x.com\/bellunopress","https:\/\/www.linkedin.com\/hp\/?dnr=JBzUWaJfMUw8vbXJJ2tVW5-I3jZKvC4wsoxE&amp;amp;amp;amp;amp;amp;trk=nav_responsive_tab_home","https:\/\/www.youtube.com\/channel\/UCxL0wu1uN0_3_7hGG0306cw"]},{"@type":"Person","@id":"https:\/\/www.bellunopress.it\/#\/schema\/person\/79bb06722b37ece1c03d3e94beb30d73","name":"r\u00e9daction","image":{"@type":"ImageObject","inLanguage":"fr-FR","@id":"https:\/\/secure.gravatar.com\/avatar\/37d968a2e67a6fd04c169c4bdef102d0bc5d31b2546345219e348575eb80e9a0?s=96&d=mm&r=g","url":"https:\/\/secure.gravatar.com\/avatar\/37d968a2e67a6fd04c169c4bdef102d0bc5d31b2546345219e348575eb80e9a0?s=96&d=mm&r=g","contentUrl":"https:\/\/secure.gravatar.com\/avatar\/37d968a2e67a6fd04c169c4bdef102d0bc5d31b2546345219e348575eb80e9a0?s=96&d=mm&r=g","caption":"redazione"},"sameAs":["http:\/\/www.bellunopress.it","https:\/\/x.com\/bellunopress"],"url":"https:\/\/www.bellunopress.it\/fr\/author\/redazione\/"}]}},"_links":{"self":[{"href":"https:\/\/www.bellunopress.it\/fr\/wp-json\/wp\/v2\/posts\/164923","targetHints":{"allow":["GET"]}}],"collection":[{"href":"https:\/\/www.bellunopress.it\/fr\/wp-json\/wp\/v2\/posts"}],"about":[{"href":"https:\/\/www.bellunopress.it\/fr\/wp-json\/wp\/v2\/types\/post"}],"author":[{"embeddable":true,"href":"https:\/\/www.bellunopress.it\/fr\/wp-json\/wp\/v2\/users\/2"}],"replies":[{"embeddable":true,"href":"https:\/\/www.bellunopress.it\/fr\/wp-json\/wp\/v2\/comments?post=164923"}],"version-history":[{"count":1,"href":"https:\/\/www.bellunopress.it\/fr\/wp-json\/wp\/v2\/posts\/164923\/revisions"}],"predecessor-version":[{"id":164925,"href":"https:\/\/www.bellunopress.it\/fr\/wp-json\/wp\/v2\/posts\/164923\/revisions\/164925"}],"wp:featuredmedia":[{"embeddable":true,"href":"https:\/\/www.bellunopress.it\/fr\/wp-json\/wp\/v2\/media\/164924"}],"wp:attachment":[{"href":"https:\/\/www.bellunopress.it\/fr\/wp-json\/wp\/v2\/media?parent=164923"}],"wp:term":[{"taxonomy":"category","embeddable":true,"href":"https:\/\/www.bellunopress.it\/fr\/wp-json\/wp\/v2\/categories?post=164923"},{"taxonomy":"post_tag","embeddable":true,"href":"https:\/\/www.bellunopress.it\/fr\/wp-json\/wp\/v2\/tags?post=164923"}],"curies":[{"name":"wp","href":"https:\/\/api.w.org\/{rel}","templated":true}]}}