{"id":164916,"date":"2025-11-15T14:52:20","date_gmt":"2025-11-15T13:52:20","guid":{"rendered":"https:\/\/www.bellunopress.it\/?p=164916"},"modified":"2025-11-15T15:05:46","modified_gmt":"2025-11-15T14:05:46","slug":"belluno-rinasce-con-citta-sospese-larte-contemporanea-sulle-vetrine-sfitte-del-centro","status":"publish","type":"post","link":"https:\/\/www.bellunopress.it\/fr\/2025\/11\/15\/belluno-rinasce-con-citta-sospese-larte-contemporanea-sulle-vetrine-sfitte-del-centro\/","title":{"rendered":"Belluno rinasce con &#8220;Citt\u00e0 Sospese&#8221;: l&#8217;arte contemporanea sulle vetrine sfitte del centro"},"content":{"rendered":"<figure id=\"attachment_164917\" aria-describedby=\"caption-attachment-164917\" style=\"width: 800px\" class=\"wp-caption aligncenter\"><img loading=\"lazy\" decoding=\"async\" class=\"size-full wp-image-164917\" src=\"https:\/\/www.bellunopress.it\/wp-content\/uploads\/2025\/11\/opera-di-Alessandra-Condello-in-via-Loreto.jpg\" alt=\"\" width=\"800\" height=\"440\" srcset=\"https:\/\/www.bellunopress.it\/wp-content\/uploads\/2025\/11\/opera-di-Alessandra-Condello-in-via-Loreto.jpg 800w, https:\/\/www.bellunopress.it\/wp-content\/uploads\/2025\/11\/opera-di-Alessandra-Condello-in-via-Loreto-500x275.jpg 500w, https:\/\/www.bellunopress.it\/wp-content\/uploads\/2025\/11\/opera-di-Alessandra-Condello-in-via-Loreto-764x420.jpg 764w, https:\/\/www.bellunopress.it\/wp-content\/uploads\/2025\/11\/opera-di-Alessandra-Condello-in-via-Loreto-696x383.jpg 696w\" sizes=\"auto, (max-width: 800px) 100vw, 800px\" \/><figcaption id=\"caption-attachment-164917\" class=\"wp-caption-text\">Opera di Alessandra Condello, in via Loreto a Belluno<\/figcaption><\/figure>\n<p><img loading=\"lazy\" decoding=\"async\" class=\"aligncenter size-full wp-image-164920\" src=\"https:\/\/www.bellunopress.it\/wp-content\/uploads\/2025\/11\/Mappa-Opere-Citta-Sospese-Belluno.jpg\" alt=\"\" width=\"640\" height=\"800\" srcset=\"https:\/\/www.bellunopress.it\/wp-content\/uploads\/2025\/11\/Mappa-Opere-Citta-Sospese-Belluno.jpg 640w, https:\/\/www.bellunopress.it\/wp-content\/uploads\/2025\/11\/Mappa-Opere-Citta-Sospese-Belluno-400x500.jpg 400w, https:\/\/www.bellunopress.it\/wp-content\/uploads\/2025\/11\/Mappa-Opere-Citta-Sospese-Belluno-336x420.jpg 336w\" sizes=\"auto, (max-width: 640px) 100vw, 640px\" \/><\/p>\n<p><img loading=\"lazy\" decoding=\"async\" class=\"aligncenter size-full wp-image-164921\" src=\"https:\/\/www.bellunopress.it\/wp-content\/uploads\/2025\/11\/tavolo-conferenza-stampa_edited.jpg\" alt=\"\" width=\"800\" height=\"304\" srcset=\"https:\/\/www.bellunopress.it\/wp-content\/uploads\/2025\/11\/tavolo-conferenza-stampa_edited.jpg 800w, https:\/\/www.bellunopress.it\/wp-content\/uploads\/2025\/11\/tavolo-conferenza-stampa_edited-500x190.jpg 500w, https:\/\/www.bellunopress.it\/wp-content\/uploads\/2025\/11\/tavolo-conferenza-stampa_edited-696x264.jpg 696w\" sizes=\"auto, (max-width: 800px) 100vw, 800px\" \/><\/p>\n<p><strong>Inaugurato oggi il progetto di arte site specific firmato Mikoriza che trasforma il centro storico in una galleria a cielo aperto, offrendo una risposta creativa al problema dei negozi chiusi<\/strong><\/p>\n<p>Belluno 15 novembre 2025 &#8211; Dal 15 novembre 2025 al 31 gennaio 2026, il centro storico di Belluno si anima con &#8220;Citt\u00e0 Sospese&#8221;, un ambizioso progetto di arte site specific ideato e promosso dalla piattaforma creativa Mikoriza. L&#8217;iniziativa trasforma tredici vetrine sfitte della citt\u00e0 in punti d&#8217;arte, restituendo voce a spazi altrimenti silenti e ponendo l&#8217;attenzione sul tema della desertificazione urbana.<\/p>\n<p>Il progetto coinvolge sei artisti di diverse discipline \u2013 Alessandra Condello, Carlo Andreasi, DEM, Francesco Comello, Lavinia Fagiuoli, e Raul Barattin \u2013 che espongono complessivamente 40 opere tra illustrazione, fotografia, disegno, pittura, scultura e performance. Il filo conduttore \u00e8 la presenza della figura umana, che popola e rivitalizza gli spazi inattivi.<\/p>\n<p>Ilaria D\u2019Alessio, fondatrice di Mikoriza, descrive le vetrine vuote come &#8220;una ferita esposta&#8221; e presenta &#8220;Citt\u00e0 Sospese&#8221; come un &#8220;contributo appassionato, seppur temporaneo&#8221;, al dibattito sugli spazi in abbandono. L&#8217;obiettivo, spiega, \u00e8 lasciare una &#8220;piccola spora&#8221; che possa innescare nuovi processi di rigenerazione. Mikoriza stessa si definisce come un &#8220;intreccio segreto tra radici e funghi&#8221;, una piattaforma che connette arte contemporanea, comunit\u00e0 e aziende attraverso i valori della cultura e del mecenatismo strategico.<\/p>\n<p>Il progetto ha trovato immediato sostegno in tre realt\u00e0 bellunesi di spicco: CORTINABANCA, Clivet e Unifarco, che testimoniano un forte impegno per il territorio che va oltre la mera attivit\u00e0 economica.<\/p>\n<p>Giacomo Giacobbi, Vice Presidente di CortinaBanca, ha sottolineato come l&#8217;iniziativa sia coerente con gli obiettivi ESG dell&#8217;istituto, in quanto &#8220;fare delle vetrine abbandonate dei punti di arte e immagine&#8230; va a migliorare la socialit\u00e0 ed il benessere del territorio&#8221;.<\/p>\n<p>Anche Ernesto Riva, Presidente di Unifarco (Societ\u00e0 Benefit), evidenzia come il sostegno a &#8220;Citt\u00e0 Sospese&#8221; significhi &#8220;rafforzare il legame con la comunit\u00e0 e il territorio&#8221;, riconoscendo nella cultura e nella bellezza &#8220;una forma di cura verso il luogo in cui viviamo&#8221;.<\/p>\n<p>Moira Strag\u00e0 (Corporate Communication Manager Clivet) ha messo in luce la coerenza del progetto con la missione aziendale &#8220;Comfort for the Planet &amp; People&#8221;, affermando che l&#8217;arte &#8220;riaccende lo sguardo sui centri storici e trasforma gli spazi chiusi in luoghi di relazione e di pensiero&#8221;.<\/p>\n<p>Determinante per il coinvolgimento dei proprietari degli spazi sfitti \u00e8 stato il ruolo di Confcommercio Belluno Dolomiti. Christian Marchetti, Presidente della Consulta Confcommercio, ha espresso l&#8217;auspicio che l&#8217;illuminazione artistica delle vetrine &#8220;faccia riaccendere anche nei giovani imprenditori la voglia&#8230; di provare ancora a fare impresa in citt\u00e0&#8221;. Il sogno, conclude, \u00e8 che l&#8217;iniziativa porti i visitatori a rendersi conto di vivere in un &#8220;posto speciale in cui \u00e8 bello vivere, abitare e fare i propri acquisti&#8221;.<\/p>\n<p>&#8220;Citt\u00e0 Sospese&#8221; si configura dunque non solo come un evento culturale, ma come un&#8217;azione concreta che, attraverso l&#8217;arte, cerca di innescare una nuova consapevolezza e un desiderio di riappropriazione e rilancio del cuore pulsante di Belluno.<\/p>\n<p><strong>Mikoriza: l&#8217;intreccio invisibile per la rigenerazione urbana<\/strong><br \/>\nLa piattaforma che ha promosso &#8220;Citt\u00e0 Sospese&#8221; si presenta come un ecosistema creativo, dove arte, mecenatismo e responsabilit\u00e0 sociale d&#8217;impresa collaborano per rivitalizzare i territori.<\/p>\n<p>Dietro all&#8217;iniziativa &#8220;Citt\u00e0 Sospese&#8221; c&#8217;\u00e8 Mikoriza, una piattaforma digitale e creativa il cui nome svela immediatamente la sua missione.<\/p>\n<p>&#8220;La micorriza \u00e8 un intreccio segreto tra radici e funghi: un patto invisibile che nutre, collega e sostiene. Un gesto silenzioso di alleanza, dove ogni legame fa crescere qualcosa di nuovo.&#8221;<\/p>\n<p>Mikoriza nasce con l&#8217;obiettivo di tessere questa &#8220;alleanza&#8221; nel mondo reale, mettendo in contatto l&#8217;arte contemporanea con le comunit\u00e0 e, in particolare, con le aziende che mirano a rafforzare la propria corporate identity e il legame con il territorio attraverso i valori della cultura.<\/p>\n<p>L&#8217;apparato radicale della piattaforma si sviluppa attorno a quattro pilastri fondamentali (le &#8220;ife&#8221;):<\/p>\n<p>Arte contemporanea, utilizzata come strumento per generare nuove narrazioni.<\/p>\n<p>Mecenatismo contemporaneo, che supera la logica della semplice sponsorizzazione.<\/p>\n<p>Responsabilit\u00e0 sociale d&#8217;Impresa (CSR), che integra l&#8217;arte negli obiettivi strategici aziendali.<\/p>\n<p>Rigenerazione dei territori, attivando luoghi dimenticati e creando economie culturali sostenibili.<\/p>\n<p>Mikoriza non considera l&#8217;arte come un mero abbellimento o un evento isolato, ma come un processo capace di generare valore immateriale e rafforzare il senso di appartenenza.<\/p>\n<p>Per i territori: L&#8217;arte viene impiegata per attivare luoghi dimenticati e costruire &#8220;ecosistemi di senso condivisi&#8221;, trasformando l&#8217;intervento artistico in uno strumento di rigenerazione.<\/p>\n<p>Per le aziende: Le imprese non sono semplici sponsor, ma co-creatori. Mikoriza progetta percorsi di mecenatismo strategico (co-branded projects, attivazioni CSR, programmi di employee engagement) dove l&#8217;investimento culturale risponde a obiettivi strategici, creando contenuti autentici per community e stakeholder.<\/p>\n<p>Per gli artisti: L&#8217;artista \u00e8 considerato un attivatore di senso e un co-autore, non un semplice fornitore. La piattaforma mira a creare il match perfetto tra la visione creativa dell&#8217;artista e la sensibilit\u00e0 del &#8220;nuovo mecenate&#8221;, attraverso format site-specific e processi di co-creazione.<\/p>\n<p>Il successo di &#8220;Citt\u00e0 Sospese&#8221; a Belluno, con l&#8217;unione di sei artisti e il supporto di tre importanti realt\u00e0 aziendali locali (CORTINABANCA, Clivet, Unifarco), Confcommercio e la collaborazione dell&#8217;amministrazione comunale, \u00e8 la dimostrazione pratica del modello Mikoriza: trasformare spazi vuoti in opportunit\u00e0 di connessione e crescita per l&#8217;intera comunit\u00e0.<\/p>","protected":false},"excerpt":{"rendered":"<p>Inaugurato oggi il progetto di arte site specific firmato Mikoriza che trasforma il centro storico in una galleria a cielo aperto, offrendo una risposta creativa al problema dei negozi chiusi Belluno 15 novembre 2025 &#8211; Dal 15 novembre 2025 al 31 gennaio 2026, il centro storico di Belluno si anima con &#8220;Citt\u00e0 Sospese&#8221;, un ambizioso [&hellip;]<\/p>\n","protected":false},"author":2,"featured_media":164917,"comment_status":"closed","ping_status":"open","sticky":false,"template":"","format":"standard","meta":{"footnotes":""},"categories":[3,3446,26],"tags":[],"class_list":["post-164916","post","type-post","status-publish","format-standard","has-post-thumbnail","category-arte-cultura-spettacoli-scienza-archivi","category-featured","category-prima-pagina"],"yoast_head":"<!-- This site is optimized with the Yoast SEO plugin v28.4 - https:\/\/yoast.com\/product\/yoast-seo-wordpress\/ -->\n<title>Belluno rinasce con &quot;Citt\u00e0 Sospese&quot;: l&#039;arte contemporanea sulle vetrine sfitte del centro - Bellunopress - Dolomiti<\/title>\n<meta name=\"robots\" content=\"index, follow, max-snippet:-1, max-image-preview:large, max-video-preview:-1\" \/>\n<link rel=\"canonical\" href=\"https:\/\/www.bellunopress.it\/fr\/2025\/11\/15\/belluno-rinasce-con-citta-sospese-larte-contemporanea-sulle-vetrine-sfitte-del-centro\/\" \/>\n<meta property=\"og:locale\" content=\"fr_FR\" \/>\n<meta property=\"og:type\" content=\"article\" \/>\n<meta property=\"og:title\" content=\"Belluno rinasce con &quot;Citt\u00e0 Sospese&quot;: l&#039;arte contemporanea sulle vetrine sfitte del centro - Bellunopress - Dolomiti\" \/>\n<meta property=\"og:description\" content=\"Inaugurato oggi il progetto di arte site specific firmato Mikoriza che trasforma il centro storico in una galleria a cielo aperto, offrendo una risposta creativa al problema dei negozi chiusi Belluno 15 novembre 2025 &#8211; Dal 15 novembre 2025 al 31 gennaio 2026, il centro storico di Belluno si anima con &#8220;Citt\u00e0 Sospese&#8221;, un ambizioso [&hellip;]\" \/>\n<meta property=\"og:url\" content=\"https:\/\/www.bellunopress.it\/fr\/2025\/11\/15\/belluno-rinasce-con-citta-sospese-larte-contemporanea-sulle-vetrine-sfitte-del-centro\/\" \/>\n<meta property=\"og:site_name\" content=\"Bellunopress - Dolomiti\" \/>\n<meta property=\"article:publisher\" content=\"https:\/\/www.facebook.com\/profile.php?id=100008943462799\" \/>\n<meta property=\"article:published_time\" content=\"2025-11-15T13:52:20+00:00\" \/>\n<meta property=\"article:modified_time\" content=\"2025-11-15T14:05:46+00:00\" \/>\n<meta property=\"og:image\" content=\"https:\/\/www.bellunopress.it\/wp-content\/uploads\/2025\/11\/opera-di-Alessandra-Condello-in-via-Loreto.jpg\" \/>\n\t<meta property=\"og:image:width\" content=\"800\" \/>\n\t<meta property=\"og:image:height\" content=\"440\" \/>\n\t<meta property=\"og:image:type\" content=\"image\/jpeg\" \/>\n<meta name=\"author\" content=\"redazione\" \/>\n<meta name=\"twitter:card\" content=\"summary_large_image\" \/>\n<meta name=\"twitter:creator\" content=\"@bellunopress\" \/>\n<meta name=\"twitter:site\" content=\"@bellunopress\" \/>\n<meta name=\"twitter:label1\" content=\"\u00c9crit par\" \/>\n\t<meta name=\"twitter:data1\" content=\"redazione\" \/>\n\t<meta name=\"twitter:label2\" content=\"Dur\u00e9e de lecture estim\u00e9e\" \/>\n\t<meta name=\"twitter:data2\" content=\"4 minutes\" \/>\n<script type=\"application\/ld+json\" class=\"yoast-schema-graph\">{\"@context\":\"https:\\\/\\\/schema.org\",\"@graph\":[{\"@type\":\"Article\",\"@id\":\"https:\\\/\\\/www.bellunopress.it\\\/2025\\\/11\\\/15\\\/belluno-rinasce-con-citta-sospese-larte-contemporanea-sulle-vetrine-sfitte-del-centro\\\/#article\",\"isPartOf\":{\"@id\":\"https:\\\/\\\/www.bellunopress.it\\\/2025\\\/11\\\/15\\\/belluno-rinasce-con-citta-sospese-larte-contemporanea-sulle-vetrine-sfitte-del-centro\\\/\"},\"author\":{\"name\":\"redazione\",\"@id\":\"https:\\\/\\\/www.bellunopress.it\\\/#\\\/schema\\\/person\\\/79bb06722b37ece1c03d3e94beb30d73\"},\"headline\":\"Belluno rinasce con &#8220;Citt\u00e0 Sospese&#8221;: l&#8217;arte contemporanea sulle vetrine sfitte del centro\",\"datePublished\":\"2025-11-15T13:52:20+00:00\",\"dateModified\":\"2025-11-15T14:05:46+00:00\",\"mainEntityOfPage\":{\"@id\":\"https:\\\/\\\/www.bellunopress.it\\\/2025\\\/11\\\/15\\\/belluno-rinasce-con-citta-sospese-larte-contemporanea-sulle-vetrine-sfitte-del-centro\\\/\"},\"wordCount\":886,\"publisher\":{\"@id\":\"https:\\\/\\\/www.bellunopress.it\\\/#organization\"},\"image\":{\"@id\":\"https:\\\/\\\/www.bellunopress.it\\\/2025\\\/11\\\/15\\\/belluno-rinasce-con-citta-sospese-larte-contemporanea-sulle-vetrine-sfitte-del-centro\\\/#primaryimage\"},\"thumbnailUrl\":\"https:\\\/\\\/www.bellunopress.it\\\/wp-content\\\/uploads\\\/2025\\\/11\\\/opera-di-Alessandra-Condello-in-via-Loreto.jpg\",\"articleSection\":[\"Arte, Cultura, Spettacoli, Scienza\",\"Featured\",\"Prima Pagina\"],\"inLanguage\":\"fr-FR\"},{\"@type\":\"WebPage\",\"@id\":\"https:\\\/\\\/www.bellunopress.it\\\/2025\\\/11\\\/15\\\/belluno-rinasce-con-citta-sospese-larte-contemporanea-sulle-vetrine-sfitte-del-centro\\\/\",\"url\":\"https:\\\/\\\/www.bellunopress.it\\\/2025\\\/11\\\/15\\\/belluno-rinasce-con-citta-sospese-larte-contemporanea-sulle-vetrine-sfitte-del-centro\\\/\",\"name\":\"Belluno rinasce con \\\"Citt\u00e0 Sospese\\\": l'arte contemporanea sulle vetrine sfitte del centro - Bellunopress - Dolomiti\",\"isPartOf\":{\"@id\":\"https:\\\/\\\/www.bellunopress.it\\\/#website\"},\"primaryImageOfPage\":{\"@id\":\"https:\\\/\\\/www.bellunopress.it\\\/2025\\\/11\\\/15\\\/belluno-rinasce-con-citta-sospese-larte-contemporanea-sulle-vetrine-sfitte-del-centro\\\/#primaryimage\"},\"image\":{\"@id\":\"https:\\\/\\\/www.bellunopress.it\\\/2025\\\/11\\\/15\\\/belluno-rinasce-con-citta-sospese-larte-contemporanea-sulle-vetrine-sfitte-del-centro\\\/#primaryimage\"},\"thumbnailUrl\":\"https:\\\/\\\/www.bellunopress.it\\\/wp-content\\\/uploads\\\/2025\\\/11\\\/opera-di-Alessandra-Condello-in-via-Loreto.jpg\",\"datePublished\":\"2025-11-15T13:52:20+00:00\",\"dateModified\":\"2025-11-15T14:05:46+00:00\",\"breadcrumb\":{\"@id\":\"https:\\\/\\\/www.bellunopress.it\\\/2025\\\/11\\\/15\\\/belluno-rinasce-con-citta-sospese-larte-contemporanea-sulle-vetrine-sfitte-del-centro\\\/#breadcrumb\"},\"inLanguage\":\"fr-FR\",\"potentialAction\":[{\"@type\":\"ReadAction\",\"target\":[\"https:\\\/\\\/www.bellunopress.it\\\/2025\\\/11\\\/15\\\/belluno-rinasce-con-citta-sospese-larte-contemporanea-sulle-vetrine-sfitte-del-centro\\\/\"]}]},{\"@type\":\"ImageObject\",\"inLanguage\":\"fr-FR\",\"@id\":\"https:\\\/\\\/www.bellunopress.it\\\/2025\\\/11\\\/15\\\/belluno-rinasce-con-citta-sospese-larte-contemporanea-sulle-vetrine-sfitte-del-centro\\\/#primaryimage\",\"url\":\"https:\\\/\\\/www.bellunopress.it\\\/wp-content\\\/uploads\\\/2025\\\/11\\\/opera-di-Alessandra-Condello-in-via-Loreto.jpg\",\"contentUrl\":\"https:\\\/\\\/www.bellunopress.it\\\/wp-content\\\/uploads\\\/2025\\\/11\\\/opera-di-Alessandra-Condello-in-via-Loreto.jpg\",\"width\":800,\"height\":440,\"caption\":\"Opera di Alessandra Condello, in via Loreto a Belluno\"},{\"@type\":\"BreadcrumbList\",\"@id\":\"https:\\\/\\\/www.bellunopress.it\\\/2025\\\/11\\\/15\\\/belluno-rinasce-con-citta-sospese-larte-contemporanea-sulle-vetrine-sfitte-del-centro\\\/#breadcrumb\",\"itemListElement\":[{\"@type\":\"ListItem\",\"position\":1,\"name\":\"Home\",\"item\":\"https:\\\/\\\/www.bellunopress.it\\\/\"},{\"@type\":\"ListItem\",\"position\":2,\"name\":\"Belluno rinasce con &#8220;Citt\u00e0 Sospese&#8221;: l&#8217;arte contemporanea sulle vetrine sfitte del centro\"}]},{\"@type\":\"WebSite\",\"@id\":\"https:\\\/\\\/www.bellunopress.it\\\/#website\",\"url\":\"https:\\\/\\\/www.bellunopress.it\\\/\",\"name\":\"Bellunopress - Dolomiti\",\"description\":\"e-mail: redazione@bellunopress.it\",\"publisher\":{\"@id\":\"https:\\\/\\\/www.bellunopress.it\\\/#organization\"},\"potentialAction\":[{\"@type\":\"SearchAction\",\"target\":{\"@type\":\"EntryPoint\",\"urlTemplate\":\"https:\\\/\\\/www.bellunopress.it\\\/?s={search_term_string}\"},\"query-input\":{\"@type\":\"PropertyValueSpecification\",\"valueRequired\":true,\"valueName\":\"search_term_string\"}}],\"inLanguage\":\"fr-FR\"},{\"@type\":\"Organization\",\"@id\":\"https:\\\/\\\/www.bellunopress.it\\\/#organization\",\"name\":\"Bellunopress\",\"url\":\"https:\\\/\\\/www.bellunopress.it\\\/\",\"logo\":{\"@type\":\"ImageObject\",\"inLanguage\":\"fr-FR\",\"@id\":\"https:\\\/\\\/www.bellunopress.it\\\/#\\\/schema\\\/logo\\\/image\\\/\",\"url\":\"https:\\\/\\\/www.bellunopress.it\\\/wp-content\\\/uploads\\\/2011\\\/05\\\/cropped-logo-bellunopress-.jpg\",\"contentUrl\":\"https:\\\/\\\/www.bellunopress.it\\\/wp-content\\\/uploads\\\/2011\\\/05\\\/cropped-logo-bellunopress-.jpg\",\"width\":512,\"height\":512,\"caption\":\"Bellunopress\"},\"image\":{\"@id\":\"https:\\\/\\\/www.bellunopress.it\\\/#\\\/schema\\\/logo\\\/image\\\/\"},\"sameAs\":[\"https:\\\/\\\/www.facebook.com\\\/profile.php?id=100008943462799\",\"https:\\\/\\\/x.com\\\/bellunopress\",\"https:\\\/\\\/www.linkedin.com\\\/hp\\\/?dnr=JBzUWaJfMUw8vbXJJ2tVW5-I3jZKvC4wsoxE&amp;amp;amp;amp;amp;amp;trk=nav_responsive_tab_home\",\"https:\\\/\\\/www.youtube.com\\\/channel\\\/UCxL0wu1uN0_3_7hGG0306cw\"]},{\"@type\":\"Person\",\"@id\":\"https:\\\/\\\/www.bellunopress.it\\\/#\\\/schema\\\/person\\\/79bb06722b37ece1c03d3e94beb30d73\",\"name\":\"redazione\",\"image\":{\"@type\":\"ImageObject\",\"inLanguage\":\"fr-FR\",\"@id\":\"https:\\\/\\\/secure.gravatar.com\\\/avatar\\\/37d968a2e67a6fd04c169c4bdef102d0bc5d31b2546345219e348575eb80e9a0?s=96&d=mm&r=g\",\"url\":\"https:\\\/\\\/secure.gravatar.com\\\/avatar\\\/37d968a2e67a6fd04c169c4bdef102d0bc5d31b2546345219e348575eb80e9a0?s=96&d=mm&r=g\",\"contentUrl\":\"https:\\\/\\\/secure.gravatar.com\\\/avatar\\\/37d968a2e67a6fd04c169c4bdef102d0bc5d31b2546345219e348575eb80e9a0?s=96&d=mm&r=g\",\"caption\":\"redazione\"},\"sameAs\":[\"http:\\\/\\\/www.bellunopress.it\",\"https:\\\/\\\/x.com\\\/bellunopress\"],\"url\":\"https:\\\/\\\/www.bellunopress.it\\\/fr\\\/author\\\/redazione\\\/\"}]}<\/script>\n<!-- \/ Yoast SEO plugin. -->","yoast_head_json":{"title":"Belluno rinasce con \"Citt\u00e0 Sospese\": l'arte contemporanea sulle vetrine sfitte del centro - Bellunopress - Dolomiti","robots":{"index":"index","follow":"follow","max-snippet":"max-snippet:-1","max-image-preview":"max-image-preview:large","max-video-preview":"max-video-preview:-1"},"canonical":"https:\/\/www.bellunopress.it\/fr\/2025\/11\/15\/belluno-rinasce-con-citta-sospese-larte-contemporanea-sulle-vetrine-sfitte-del-centro\/","og_locale":"fr_FR","og_type":"article","og_title":"Belluno rinasce con \"Citt\u00e0 Sospese\": l'arte contemporanea sulle vetrine sfitte del centro - Bellunopress - Dolomiti","og_description":"Inaugurato oggi il progetto di arte site specific firmato Mikoriza che trasforma il centro storico in una galleria a cielo aperto, offrendo una risposta creativa al problema dei negozi chiusi Belluno 15 novembre 2025 &#8211; Dal 15 novembre 2025 al 31 gennaio 2026, il centro storico di Belluno si anima con &#8220;Citt\u00e0 Sospese&#8221;, un ambizioso [&hellip;]","og_url":"https:\/\/www.bellunopress.it\/fr\/2025\/11\/15\/belluno-rinasce-con-citta-sospese-larte-contemporanea-sulle-vetrine-sfitte-del-centro\/","og_site_name":"Bellunopress - Dolomiti","article_publisher":"https:\/\/www.facebook.com\/profile.php?id=100008943462799","article_published_time":"2025-11-15T13:52:20+00:00","article_modified_time":"2025-11-15T14:05:46+00:00","og_image":[{"width":800,"height":440,"url":"https:\/\/www.bellunopress.it\/wp-content\/uploads\/2025\/11\/opera-di-Alessandra-Condello-in-via-Loreto.jpg","type":"image\/jpeg"}],"author":"redazione","twitter_card":"summary_large_image","twitter_creator":"@bellunopress","twitter_site":"@bellunopress","twitter_misc":{"\u00c9crit par":"redazione","Dur\u00e9e de lecture estim\u00e9e":"4 minutes"},"schema":{"@context":"https:\/\/schema.org","@graph":[{"@type":"Article","@id":"https:\/\/www.bellunopress.it\/2025\/11\/15\/belluno-rinasce-con-citta-sospese-larte-contemporanea-sulle-vetrine-sfitte-del-centro\/#article","isPartOf":{"@id":"https:\/\/www.bellunopress.it\/2025\/11\/15\/belluno-rinasce-con-citta-sospese-larte-contemporanea-sulle-vetrine-sfitte-del-centro\/"},"author":{"name":"redazione","@id":"https:\/\/www.bellunopress.it\/#\/schema\/person\/79bb06722b37ece1c03d3e94beb30d73"},"headline":"Belluno rinasce con &#8220;Citt\u00e0 Sospese&#8221;: l&#8217;arte contemporanea sulle vetrine sfitte del centro","datePublished":"2025-11-15T13:52:20+00:00","dateModified":"2025-11-15T14:05:46+00:00","mainEntityOfPage":{"@id":"https:\/\/www.bellunopress.it\/2025\/11\/15\/belluno-rinasce-con-citta-sospese-larte-contemporanea-sulle-vetrine-sfitte-del-centro\/"},"wordCount":886,"publisher":{"@id":"https:\/\/www.bellunopress.it\/#organization"},"image":{"@id":"https:\/\/www.bellunopress.it\/2025\/11\/15\/belluno-rinasce-con-citta-sospese-larte-contemporanea-sulle-vetrine-sfitte-del-centro\/#primaryimage"},"thumbnailUrl":"https:\/\/www.bellunopress.it\/wp-content\/uploads\/2025\/11\/opera-di-Alessandra-Condello-in-via-Loreto.jpg","articleSection":["Arte, Cultura, Spettacoli, Scienza","Featured","Prima Pagina"],"inLanguage":"fr-FR"},{"@type":"WebPage","@id":"https:\/\/www.bellunopress.it\/2025\/11\/15\/belluno-rinasce-con-citta-sospese-larte-contemporanea-sulle-vetrine-sfitte-del-centro\/","url":"https:\/\/www.bellunopress.it\/2025\/11\/15\/belluno-rinasce-con-citta-sospese-larte-contemporanea-sulle-vetrine-sfitte-del-centro\/","name":"Belluno rinasce con \"Citt\u00e0 Sospese\": l'arte contemporanea sulle vetrine sfitte del centro - Bellunopress - Dolomiti","isPartOf":{"@id":"https:\/\/www.bellunopress.it\/#website"},"primaryImageOfPage":{"@id":"https:\/\/www.bellunopress.it\/2025\/11\/15\/belluno-rinasce-con-citta-sospese-larte-contemporanea-sulle-vetrine-sfitte-del-centro\/#primaryimage"},"image":{"@id":"https:\/\/www.bellunopress.it\/2025\/11\/15\/belluno-rinasce-con-citta-sospese-larte-contemporanea-sulle-vetrine-sfitte-del-centro\/#primaryimage"},"thumbnailUrl":"https:\/\/www.bellunopress.it\/wp-content\/uploads\/2025\/11\/opera-di-Alessandra-Condello-in-via-Loreto.jpg","datePublished":"2025-11-15T13:52:20+00:00","dateModified":"2025-11-15T14:05:46+00:00","breadcrumb":{"@id":"https:\/\/www.bellunopress.it\/2025\/11\/15\/belluno-rinasce-con-citta-sospese-larte-contemporanea-sulle-vetrine-sfitte-del-centro\/#breadcrumb"},"inLanguage":"fr-FR","potentialAction":[{"@type":"ReadAction","target":["https:\/\/www.bellunopress.it\/2025\/11\/15\/belluno-rinasce-con-citta-sospese-larte-contemporanea-sulle-vetrine-sfitte-del-centro\/"]}]},{"@type":"ImageObject","inLanguage":"fr-FR","@id":"https:\/\/www.bellunopress.it\/2025\/11\/15\/belluno-rinasce-con-citta-sospese-larte-contemporanea-sulle-vetrine-sfitte-del-centro\/#primaryimage","url":"https:\/\/www.bellunopress.it\/wp-content\/uploads\/2025\/11\/opera-di-Alessandra-Condello-in-via-Loreto.jpg","contentUrl":"https:\/\/www.bellunopress.it\/wp-content\/uploads\/2025\/11\/opera-di-Alessandra-Condello-in-via-Loreto.jpg","width":800,"height":440,"caption":"Opera di Alessandra Condello, in via Loreto a Belluno"},{"@type":"BreadcrumbList","@id":"https:\/\/www.bellunopress.it\/2025\/11\/15\/belluno-rinasce-con-citta-sospese-larte-contemporanea-sulle-vetrine-sfitte-del-centro\/#breadcrumb","itemListElement":[{"@type":"ListItem","position":1,"name":"Home","item":"https:\/\/www.bellunopress.it\/"},{"@type":"ListItem","position":2,"name":"Belluno rinasce con &#8220;Citt\u00e0 Sospese&#8221;: l&#8217;arte contemporanea sulle vetrine sfitte del centro"}]},{"@type":"WebSite","@id":"https:\/\/www.bellunopress.it\/#website","url":"https:\/\/www.bellunopress.it\/","name":"Bellunopress - Dolomiti","description":"e-mail: redazione@bellunopress.it","publisher":{"@id":"https:\/\/www.bellunopress.it\/#organization"},"potentialAction":[{"@type":"SearchAction","target":{"@type":"EntryPoint","urlTemplate":"https:\/\/www.bellunopress.it\/?s={search_term_string}"},"query-input":{"@type":"PropertyValueSpecification","valueRequired":true,"valueName":"search_term_string"}}],"inLanguage":"fr-FR"},{"@type":"Organization","@id":"https:\/\/www.bellunopress.it\/#organization","name":"Bellunopress","url":"https:\/\/www.bellunopress.it\/","logo":{"@type":"ImageObject","inLanguage":"fr-FR","@id":"https:\/\/www.bellunopress.it\/#\/schema\/logo\/image\/","url":"https:\/\/www.bellunopress.it\/wp-content\/uploads\/2011\/05\/cropped-logo-bellunopress-.jpg","contentUrl":"https:\/\/www.bellunopress.it\/wp-content\/uploads\/2011\/05\/cropped-logo-bellunopress-.jpg","width":512,"height":512,"caption":"Bellunopress"},"image":{"@id":"https:\/\/www.bellunopress.it\/#\/schema\/logo\/image\/"},"sameAs":["https:\/\/www.facebook.com\/profile.php?id=100008943462799","https:\/\/x.com\/bellunopress","https:\/\/www.linkedin.com\/hp\/?dnr=JBzUWaJfMUw8vbXJJ2tVW5-I3jZKvC4wsoxE&amp;amp;amp;amp;amp;amp;trk=nav_responsive_tab_home","https:\/\/www.youtube.com\/channel\/UCxL0wu1uN0_3_7hGG0306cw"]},{"@type":"Person","@id":"https:\/\/www.bellunopress.it\/#\/schema\/person\/79bb06722b37ece1c03d3e94beb30d73","name":"r\u00e9daction","image":{"@type":"ImageObject","inLanguage":"fr-FR","@id":"https:\/\/secure.gravatar.com\/avatar\/37d968a2e67a6fd04c169c4bdef102d0bc5d31b2546345219e348575eb80e9a0?s=96&d=mm&r=g","url":"https:\/\/secure.gravatar.com\/avatar\/37d968a2e67a6fd04c169c4bdef102d0bc5d31b2546345219e348575eb80e9a0?s=96&d=mm&r=g","contentUrl":"https:\/\/secure.gravatar.com\/avatar\/37d968a2e67a6fd04c169c4bdef102d0bc5d31b2546345219e348575eb80e9a0?s=96&d=mm&r=g","caption":"redazione"},"sameAs":["http:\/\/www.bellunopress.it","https:\/\/x.com\/bellunopress"],"url":"https:\/\/www.bellunopress.it\/fr\/author\/redazione\/"}]}},"_links":{"self":[{"href":"https:\/\/www.bellunopress.it\/fr\/wp-json\/wp\/v2\/posts\/164916","targetHints":{"allow":["GET"]}}],"collection":[{"href":"https:\/\/www.bellunopress.it\/fr\/wp-json\/wp\/v2\/posts"}],"about":[{"href":"https:\/\/www.bellunopress.it\/fr\/wp-json\/wp\/v2\/types\/post"}],"author":[{"embeddable":true,"href":"https:\/\/www.bellunopress.it\/fr\/wp-json\/wp\/v2\/users\/2"}],"replies":[{"embeddable":true,"href":"https:\/\/www.bellunopress.it\/fr\/wp-json\/wp\/v2\/comments?post=164916"}],"version-history":[{"count":3,"href":"https:\/\/www.bellunopress.it\/fr\/wp-json\/wp\/v2\/posts\/164916\/revisions"}],"predecessor-version":[{"id":164922,"href":"https:\/\/www.bellunopress.it\/fr\/wp-json\/wp\/v2\/posts\/164916\/revisions\/164922"}],"wp:featuredmedia":[{"embeddable":true,"href":"https:\/\/www.bellunopress.it\/fr\/wp-json\/wp\/v2\/media\/164917"}],"wp:attachment":[{"href":"https:\/\/www.bellunopress.it\/fr\/wp-json\/wp\/v2\/media?parent=164916"}],"wp:term":[{"taxonomy":"category","embeddable":true,"href":"https:\/\/www.bellunopress.it\/fr\/wp-json\/wp\/v2\/categories?post=164916"},{"taxonomy":"post_tag","embeddable":true,"href":"https:\/\/www.bellunopress.it\/fr\/wp-json\/wp\/v2\/tags?post=164916"}],"curies":[{"name":"wp","href":"https:\/\/api.w.org\/{rel}","templated":true}]}}