{"id":164903,"date":"2025-11-14T13:45:57","date_gmt":"2025-11-14T12:45:57","guid":{"rendered":"https:\/\/www.bellunopress.it\/?p=164903"},"modified":"2025-11-14T13:45:57","modified_gmt":"2025-11-14T12:45:57","slug":"programma-di-formazione-under-30-sullintelligenza-artificiale","status":"publish","type":"post","link":"https:\/\/www.bellunopress.it\/fr\/2025\/11\/14\/programma-di-formazione-under-30-sullintelligenza-artificiale\/","title":{"rendered":"Programma di formazione under 30 sull&#8217;intelligenza artificiale"},"content":{"rendered":"<p><strong><img loading=\"lazy\" decoding=\"async\" class=\"aligncenter size-full wp-image-138962\" src=\"https:\/\/www.bellunopress.it\/wp-content\/uploads\/2023\/01\/Fondazione-Cariverona_edited.jpg\" alt=\"\" width=\"1000\" height=\"297\" srcset=\"https:\/\/www.bellunopress.it\/wp-content\/uploads\/2023\/01\/Fondazione-Cariverona_edited.jpg 1000w, https:\/\/www.bellunopress.it\/wp-content\/uploads\/2023\/01\/Fondazione-Cariverona_edited-500x149.jpg 500w, https:\/\/www.bellunopress.it\/wp-content\/uploads\/2023\/01\/Fondazione-Cariverona_edited-696x207.jpg 696w\" sizes=\"auto, (max-width: 1000px) 100vw, 1000px\" \/>UPSKILL Ri-Generazioni AI: per ridisegnare il futuro dei territori con l\u2019innovazione<\/strong><br \/>\n<strong>Al via la call per il nuovo percorso gratuito di Fondazione Cariverona e Upskill 4.0:<\/strong><br \/>\n<strong>sei settimane tra laboratori di intelligenza artificiale, design thinking e incontri con esperti per immaginare progetti ad alto impatto sociale. Candidature entro il 21 novembre<\/strong><\/p>\n<p><em>In sintesi:<\/em><br \/>\n<em>\u2022 Cosa: formazione laboratoriale su intelligenza artificiale, design thinking, progettazione<\/em><br \/>\n<em>\u2022 Per chi: ragazze e ragazzi \u2264 30 anni che vivono, studiano o lavorano a Verona, Vicenza, Belluno, Mantova<\/em><br \/>\n<em>\u2022 Quando: dicembre 2025 &#8211; febbraio 2026<\/em><br \/>\n<em>\u2022 Durata: 6 settimane, circa 2 mezze giornate a settimana<\/em><br \/>\n<em>\u2022 Costo: gratuito<\/em><br \/>\n<em>\u2022 Dove: spazi di Fondazione Cariverona (Verona), appuntamenti online, visite studio<\/em><br \/>\n<em>\u2022 Posti disponibili: 30<\/em><br \/>\n<em>\u2022 Candidature: entro il 21 novembre 2025, ore 18, tramite form online sul sito di Fondazione https:\/\/www.fondazionecariverona.org\/Iniziative\/ri-generazioni-ai\/<\/em><\/p>\n<p>UPSKILL Ri-Generazioni AI \u00e8 il nuovo percorso di Fondazione Cariverona, sviluppato in collaborazione con Upskill 4.0 (spin-off dell\u2019Universit\u00e0 Ca\u2019 Foscari Venezia), dedicato fino a un massimo di 30 ragazze e ragazzi under 30 dei territori di Verona, Vicenza, Belluno e Mantova: un programma di formazione laboratoriale gratuito di sei settimane, tra dicembre 2025 e febbraio 2026, che trasforma l\u2019intelligenza artificiale in uno strumento concreto per ideare e sviluppare progetti ad alto impatto sociale, con un evento finale pubblico e la possibilit\u00e0 di vedere le proprie idee accompagnate nella fase successiva di sviluppo. Il cuore del percorso \u00e8 semplice e ambizioso: mettere nelle mani dei giovani strumenti, reti e spazi in cui usare l\u2019innovazione per progettare il futuro qui, non altrove.<\/p>\n<p>Il contesto \u00e8 quello di un Paese che, pur vedendo diminuire negli ultimi anni il numero dei NEET, conta ancora circa 1,3 milioni di giovani tra i 15 e i 29 anni che non studiano e non lavorano, con un tasso del 15,2% nel 2024, il secondo pi\u00f9 alto in Europa. A questo si aggiunge un divario digitale ancora marcato: nel 2023 in Italia solo il 59% dei giovani tra i 16 e i 24 anni possiede competenze digitali almeno di base, a fronte di una media UE intorno al 70%. E mentre la tecnologia corre, la ricerca Futuro Qui! promossa dalla Fondazione e condotta da Upskill 4.0 ha raccontato un dato netto: per un giovane su due il futuro non \u00e8 nella propria terra d\u2019origine, ma altrove, in Italia o all\u2019estero.<\/p>\n<p>\u00abSe vogliamo parlare seriamente di futuro, dobbiamo partire dai giovani e metterli davvero al centro, offrendo loro occasioni concrete per essere protagonisti\u00bb, sottolinea Bruno Giordano, presidente della Fondazione. \u00abUPSKILL Ri-Generazioni AI va esattamente in questa direzione: apriamo gli spazi della nostra sede di Verona perch\u00e9 diventino luoghi di scambio tra saperi umanistici, tecnici, creativi e sociali, pensati innanzitutto per loro. Qui chiediamo a ragazze e ragazzi di incontrarsi, sperimentare, contaminarsi, portare idee, domande e visioni, usando l\u2019intelligenza artificiale come un alleato prezioso per immaginare nuovi servizi e iniziative che rendano i nostri territori pi\u00f9 vivibili e attrattivi. L\u2019AI, da sola, non migliora nulla: sono le persone, se messe nelle condizioni giuste, a trasformarla in\u00a0opportunit\u00e0. Questo percorso nasce proprio per creare queste condizioni\u00bb.<\/p>\n<p>Il programma nasce all\u2019interno dell\u2019impegno strategico della Fondazione, rafforzato dal nuovo ciclo pluriennale RiGenerazioni 2026\u20132028 da 100 milioni di euro e dal lavoro avviato con la ricerca Futuro Qui! e con lo Young Advisory Board, che porta stabilmente la voce delle nuove generazioni dentro la programmazione della Fondazione. UPSKILL Ri-Generazioni AI \u00e8 un ulteriore tassello operativo di questo disegno: un laboratorio in cui l\u2019AI incontra i bisogni reali dei territori nelle tre aree chiave di intervento della Fondazione &#8211; Ambiente, Giovani, Comunit\u00e0 &#8211; per generare idee che possano avere un seguito concreto.<br \/>\nLa call \u00e8 aperta a ragazze e ragazzi con et\u00e0 uguale o inferiore ai 30 anni che vivono, studiano o lavorano nelle province di Verona, Vicenza, Belluno, Mantova. Il percorso si rivolge a studenti universitari e di percorsi ITS, operatori culturali e sociali, ricercatori, gruppi gi\u00e0 formati interessati all\u2019innovazione tecnologica e sociale. Non \u00e8 richiesta una preparazione tecnica avanzata in ambito informatico e verranno privilegiati profili multidisciplinari: il programma prevede momenti formativi specifici e tutoraggio continuo da parte di esperti. Ci\u00f2 che conta \u00e8 la motivazione ad apprendere, la disponibilit\u00e0 a sperimentare soluzioni innovative basate sull\u2019AI e la capacit\u00e0 di lavorare in gruppo in modo collaborativo.<\/p>\n<p>Le attivit\u00e0 prevedono un impegno medio di due mezze giornate a settimana, tra laboratori, incontri negli spazi di Fondazione Cariverona e appuntamenti online, affiancati da visite studio in realt\u00e0 culturali e innovative del territorio. I partecipanti saranno accompagnati da docenti e professionisti dell\u2019Universit\u00e0 Ca\u2019 Foscari Venezia, garantendo un\u2019esperienza formativa di alto livello e riconoscibilit\u00e0 accademica.<br \/>\nIl programma si articola in pi\u00f9 fasi: una prima parte di scoperta del potenziale dell\u2019intelligenza artificiale, con laboratori pratici su AI generativa, machine learning, etica e sostenibilit\u00e0 sociale e ambientale; una seconda fase dedicata alla progettazione con metodologie di design thinking, in cui i team lavoreranno su sfide legate ai territori della Fondazione per costruire soluzioni concrete; una terza fase di incontro e scambio con professionisti del mondo dell\u2019innovazione e della rigenerazione. A febbraio 2026 \u00e8 infine previsto un evento conclusivo di presentazione pubblica dei prototipi di progetto, in cui Fondazione Cariverona si riserver\u00e0 di valutare eventuali forme di supporto alle idee pi\u00f9 promettenti.<\/p>\n<p>\u00abQuesto progetto nasce da un\u2019alleanza virtuosa tra Fondazione Cariverona e Upskill 4.0 per accompagnare i giovani nella comprensione e nell\u2019uso consapevole dell\u2019intelligenza artificiale\u00bb, afferma Stefano Micelli, presidente di Upskill 4.0. \u00abLa nostra scommessa \u00e8 che la rigenerazione dei territori passi da percorsi come questo, in cui formazione, impresa e comunit\u00e0 si incontrano per dare forma a idee capaci di incidere sul futuro. Ri-Generazioni AI rappresenta un laboratorio in cui l\u2019AI diventa un pretesto per costruire legami, visioni e nuove competenze al servizio del bene comune per generare un impatto positivo nella societ\u00e0\u00bb.<\/p>\n<p>La selezione punter\u00e0 a comporre team multidisciplinari, valutando in particolare motivazione, propensione al lavoro di gruppo ed eventuali esperienze o competenze, anche di base, nell\u2019innovazione tecnologica e sociale. Per partecipare \u00e8 necessario compilare il form online sul sito di Fondazione Cariverona, allegando curriculum vitae, lettera di motivazione ed eventuale portfolio di progetti o esperienze coerenti. Le candidature dovranno pervenire entro il 21 novembre 2025 alle ore 18 e l\u2019esito della selezione sar\u00e0 pubblicato sul sito della Fondazione.<\/p>\n<p>&nbsp;<\/p>","protected":false},"excerpt":{"rendered":"<p>UPSKILL Ri-Generazioni AI: per ridisegnare il futuro dei territori con l\u2019innovazione Al via la call per il nuovo percorso gratuito di Fondazione Cariverona e Upskill 4.0: sei settimane tra laboratori di intelligenza artificiale, design thinking e incontri con esperti per immaginare progetti ad alto impatto sociale. Candidature entro il 21 novembre In sintesi: \u2022 Cosa: [&hellip;]<\/p>\n","protected":false},"author":2,"featured_media":138962,"comment_status":"closed","ping_status":"open","sticky":false,"template":"","format":"standard","meta":{"footnotes":""},"categories":[3446,36,15],"tags":[],"class_list":["post-164903","post","type-post","status-publish","format-standard","has-post-thumbnail","category-featured","category-lavoro-economia","category-scuola"],"yoast_head":"<!-- This site is optimized with the Yoast SEO plugin v28.4 - https:\/\/yoast.com\/product\/yoast-seo-wordpress\/ -->\n<title>Programma di formazione under 30 sull&#039;intelligenza artificiale - Bellunopress - Dolomiti<\/title>\n<meta name=\"robots\" content=\"index, follow, max-snippet:-1, max-image-preview:large, max-video-preview:-1\" \/>\n<link rel=\"canonical\" href=\"https:\/\/www.bellunopress.it\/fr\/2025\/11\/14\/programma-di-formazione-under-30-sullintelligenza-artificiale\/\" \/>\n<meta property=\"og:locale\" content=\"fr_FR\" \/>\n<meta property=\"og:type\" content=\"article\" \/>\n<meta property=\"og:title\" content=\"Programma di formazione under 30 sull&#039;intelligenza artificiale - Bellunopress - Dolomiti\" \/>\n<meta property=\"og:description\" content=\"UPSKILL Ri-Generazioni AI: per ridisegnare il futuro dei territori con l\u2019innovazione Al via la call per il nuovo percorso gratuito di Fondazione Cariverona e Upskill 4.0: sei settimane tra laboratori di intelligenza artificiale, design thinking e incontri con esperti per immaginare progetti ad alto impatto sociale. Candidature entro il 21 novembre In sintesi: \u2022 Cosa: [&hellip;]\" \/>\n<meta property=\"og:url\" content=\"https:\/\/www.bellunopress.it\/fr\/2025\/11\/14\/programma-di-formazione-under-30-sullintelligenza-artificiale\/\" \/>\n<meta property=\"og:site_name\" content=\"Bellunopress - Dolomiti\" \/>\n<meta property=\"article:publisher\" content=\"https:\/\/www.facebook.com\/profile.php?id=100008943462799\" \/>\n<meta property=\"article:published_time\" content=\"2025-11-14T12:45:57+00:00\" \/>\n<meta property=\"og:image\" content=\"https:\/\/www.bellunopress.it\/wp-content\/uploads\/2023\/01\/Fondazione-Cariverona_edited.jpg\" \/>\n\t<meta property=\"og:image:width\" content=\"1000\" \/>\n\t<meta property=\"og:image:height\" content=\"297\" \/>\n\t<meta property=\"og:image:type\" content=\"image\/jpeg\" \/>\n<meta name=\"author\" content=\"redazione\" \/>\n<meta name=\"twitter:card\" content=\"summary_large_image\" \/>\n<meta name=\"twitter:creator\" content=\"@bellunopress\" \/>\n<meta name=\"twitter:site\" content=\"@bellunopress\" \/>\n<meta name=\"twitter:label1\" content=\"\u00c9crit par\" \/>\n\t<meta name=\"twitter:data1\" content=\"redazione\" \/>\n\t<meta name=\"twitter:label2\" content=\"Dur\u00e9e de lecture estim\u00e9e\" \/>\n\t<meta name=\"twitter:data2\" content=\"5 minutes\" \/>\n<script type=\"application\/ld+json\" class=\"yoast-schema-graph\">{\"@context\":\"https:\\\/\\\/schema.org\",\"@graph\":[{\"@type\":\"Article\",\"@id\":\"https:\\\/\\\/www.bellunopress.it\\\/2025\\\/11\\\/14\\\/programma-di-formazione-under-30-sullintelligenza-artificiale\\\/#article\",\"isPartOf\":{\"@id\":\"https:\\\/\\\/www.bellunopress.it\\\/2025\\\/11\\\/14\\\/programma-di-formazione-under-30-sullintelligenza-artificiale\\\/\"},\"author\":{\"name\":\"redazione\",\"@id\":\"https:\\\/\\\/www.bellunopress.it\\\/#\\\/schema\\\/person\\\/79bb06722b37ece1c03d3e94beb30d73\"},\"headline\":\"Programma di formazione under 30 sull&#8217;intelligenza artificiale\",\"datePublished\":\"2025-11-14T12:45:57+00:00\",\"mainEntityOfPage\":{\"@id\":\"https:\\\/\\\/www.bellunopress.it\\\/2025\\\/11\\\/14\\\/programma-di-formazione-under-30-sullintelligenza-artificiale\\\/\"},\"wordCount\":1015,\"publisher\":{\"@id\":\"https:\\\/\\\/www.bellunopress.it\\\/#organization\"},\"image\":{\"@id\":\"https:\\\/\\\/www.bellunopress.it\\\/2025\\\/11\\\/14\\\/programma-di-formazione-under-30-sullintelligenza-artificiale\\\/#primaryimage\"},\"thumbnailUrl\":\"https:\\\/\\\/www.bellunopress.it\\\/wp-content\\\/uploads\\\/2023\\\/01\\\/Fondazione-Cariverona_edited.jpg\",\"articleSection\":[\"Featured\",\"Lavoro, Economia, Turismo\",\"Scuola\"],\"inLanguage\":\"fr-FR\"},{\"@type\":\"WebPage\",\"@id\":\"https:\\\/\\\/www.bellunopress.it\\\/2025\\\/11\\\/14\\\/programma-di-formazione-under-30-sullintelligenza-artificiale\\\/\",\"url\":\"https:\\\/\\\/www.bellunopress.it\\\/2025\\\/11\\\/14\\\/programma-di-formazione-under-30-sullintelligenza-artificiale\\\/\",\"name\":\"Programma di formazione under 30 sull'intelligenza artificiale - Bellunopress - Dolomiti\",\"isPartOf\":{\"@id\":\"https:\\\/\\\/www.bellunopress.it\\\/#website\"},\"primaryImageOfPage\":{\"@id\":\"https:\\\/\\\/www.bellunopress.it\\\/2025\\\/11\\\/14\\\/programma-di-formazione-under-30-sullintelligenza-artificiale\\\/#primaryimage\"},\"image\":{\"@id\":\"https:\\\/\\\/www.bellunopress.it\\\/2025\\\/11\\\/14\\\/programma-di-formazione-under-30-sullintelligenza-artificiale\\\/#primaryimage\"},\"thumbnailUrl\":\"https:\\\/\\\/www.bellunopress.it\\\/wp-content\\\/uploads\\\/2023\\\/01\\\/Fondazione-Cariverona_edited.jpg\",\"datePublished\":\"2025-11-14T12:45:57+00:00\",\"breadcrumb\":{\"@id\":\"https:\\\/\\\/www.bellunopress.it\\\/2025\\\/11\\\/14\\\/programma-di-formazione-under-30-sullintelligenza-artificiale\\\/#breadcrumb\"},\"inLanguage\":\"fr-FR\",\"potentialAction\":[{\"@type\":\"ReadAction\",\"target\":[\"https:\\\/\\\/www.bellunopress.it\\\/2025\\\/11\\\/14\\\/programma-di-formazione-under-30-sullintelligenza-artificiale\\\/\"]}]},{\"@type\":\"ImageObject\",\"inLanguage\":\"fr-FR\",\"@id\":\"https:\\\/\\\/www.bellunopress.it\\\/2025\\\/11\\\/14\\\/programma-di-formazione-under-30-sullintelligenza-artificiale\\\/#primaryimage\",\"url\":\"https:\\\/\\\/www.bellunopress.it\\\/wp-content\\\/uploads\\\/2023\\\/01\\\/Fondazione-Cariverona_edited.jpg\",\"contentUrl\":\"https:\\\/\\\/www.bellunopress.it\\\/wp-content\\\/uploads\\\/2023\\\/01\\\/Fondazione-Cariverona_edited.jpg\",\"width\":1000,\"height\":297},{\"@type\":\"BreadcrumbList\",\"@id\":\"https:\\\/\\\/www.bellunopress.it\\\/2025\\\/11\\\/14\\\/programma-di-formazione-under-30-sullintelligenza-artificiale\\\/#breadcrumb\",\"itemListElement\":[{\"@type\":\"ListItem\",\"position\":1,\"name\":\"Home\",\"item\":\"https:\\\/\\\/www.bellunopress.it\\\/\"},{\"@type\":\"ListItem\",\"position\":2,\"name\":\"Programma di formazione under 30 sull&#8217;intelligenza artificiale\"}]},{\"@type\":\"WebSite\",\"@id\":\"https:\\\/\\\/www.bellunopress.it\\\/#website\",\"url\":\"https:\\\/\\\/www.bellunopress.it\\\/\",\"name\":\"Bellunopress - Dolomiti\",\"description\":\"e-mail: redazione@bellunopress.it\",\"publisher\":{\"@id\":\"https:\\\/\\\/www.bellunopress.it\\\/#organization\"},\"potentialAction\":[{\"@type\":\"SearchAction\",\"target\":{\"@type\":\"EntryPoint\",\"urlTemplate\":\"https:\\\/\\\/www.bellunopress.it\\\/?s={search_term_string}\"},\"query-input\":{\"@type\":\"PropertyValueSpecification\",\"valueRequired\":true,\"valueName\":\"search_term_string\"}}],\"inLanguage\":\"fr-FR\"},{\"@type\":\"Organization\",\"@id\":\"https:\\\/\\\/www.bellunopress.it\\\/#organization\",\"name\":\"Bellunopress\",\"url\":\"https:\\\/\\\/www.bellunopress.it\\\/\",\"logo\":{\"@type\":\"ImageObject\",\"inLanguage\":\"fr-FR\",\"@id\":\"https:\\\/\\\/www.bellunopress.it\\\/#\\\/schema\\\/logo\\\/image\\\/\",\"url\":\"https:\\\/\\\/www.bellunopress.it\\\/wp-content\\\/uploads\\\/2011\\\/05\\\/cropped-logo-bellunopress-.jpg\",\"contentUrl\":\"https:\\\/\\\/www.bellunopress.it\\\/wp-content\\\/uploads\\\/2011\\\/05\\\/cropped-logo-bellunopress-.jpg\",\"width\":512,\"height\":512,\"caption\":\"Bellunopress\"},\"image\":{\"@id\":\"https:\\\/\\\/www.bellunopress.it\\\/#\\\/schema\\\/logo\\\/image\\\/\"},\"sameAs\":[\"https:\\\/\\\/www.facebook.com\\\/profile.php?id=100008943462799\",\"https:\\\/\\\/x.com\\\/bellunopress\",\"https:\\\/\\\/www.linkedin.com\\\/hp\\\/?dnr=JBzUWaJfMUw8vbXJJ2tVW5-I3jZKvC4wsoxE&amp;amp;amp;amp;amp;amp;trk=nav_responsive_tab_home\",\"https:\\\/\\\/www.youtube.com\\\/channel\\\/UCxL0wu1uN0_3_7hGG0306cw\"]},{\"@type\":\"Person\",\"@id\":\"https:\\\/\\\/www.bellunopress.it\\\/#\\\/schema\\\/person\\\/79bb06722b37ece1c03d3e94beb30d73\",\"name\":\"redazione\",\"image\":{\"@type\":\"ImageObject\",\"inLanguage\":\"fr-FR\",\"@id\":\"https:\\\/\\\/secure.gravatar.com\\\/avatar\\\/37d968a2e67a6fd04c169c4bdef102d0bc5d31b2546345219e348575eb80e9a0?s=96&d=mm&r=g\",\"url\":\"https:\\\/\\\/secure.gravatar.com\\\/avatar\\\/37d968a2e67a6fd04c169c4bdef102d0bc5d31b2546345219e348575eb80e9a0?s=96&d=mm&r=g\",\"contentUrl\":\"https:\\\/\\\/secure.gravatar.com\\\/avatar\\\/37d968a2e67a6fd04c169c4bdef102d0bc5d31b2546345219e348575eb80e9a0?s=96&d=mm&r=g\",\"caption\":\"redazione\"},\"sameAs\":[\"http:\\\/\\\/www.bellunopress.it\",\"https:\\\/\\\/x.com\\\/bellunopress\"],\"url\":\"https:\\\/\\\/www.bellunopress.it\\\/fr\\\/author\\\/redazione\\\/\"}]}<\/script>\n<!-- \/ Yoast SEO plugin. -->","yoast_head_json":{"title":"Programma di formazione under 30 sull'intelligenza artificiale - Bellunopress - Dolomiti","robots":{"index":"index","follow":"follow","max-snippet":"max-snippet:-1","max-image-preview":"max-image-preview:large","max-video-preview":"max-video-preview:-1"},"canonical":"https:\/\/www.bellunopress.it\/fr\/2025\/11\/14\/programma-di-formazione-under-30-sullintelligenza-artificiale\/","og_locale":"fr_FR","og_type":"article","og_title":"Programma di formazione under 30 sull'intelligenza artificiale - Bellunopress - Dolomiti","og_description":"UPSKILL Ri-Generazioni AI: per ridisegnare il futuro dei territori con l\u2019innovazione Al via la call per il nuovo percorso gratuito di Fondazione Cariverona e Upskill 4.0: sei settimane tra laboratori di intelligenza artificiale, design thinking e incontri con esperti per immaginare progetti ad alto impatto sociale. Candidature entro il 21 novembre In sintesi: \u2022 Cosa: [&hellip;]","og_url":"https:\/\/www.bellunopress.it\/fr\/2025\/11\/14\/programma-di-formazione-under-30-sullintelligenza-artificiale\/","og_site_name":"Bellunopress - Dolomiti","article_publisher":"https:\/\/www.facebook.com\/profile.php?id=100008943462799","article_published_time":"2025-11-14T12:45:57+00:00","og_image":[{"width":1000,"height":297,"url":"https:\/\/www.bellunopress.it\/wp-content\/uploads\/2023\/01\/Fondazione-Cariverona_edited.jpg","type":"image\/jpeg"}],"author":"redazione","twitter_card":"summary_large_image","twitter_creator":"@bellunopress","twitter_site":"@bellunopress","twitter_misc":{"\u00c9crit par":"redazione","Dur\u00e9e de lecture estim\u00e9e":"5 minutes"},"schema":{"@context":"https:\/\/schema.org","@graph":[{"@type":"Article","@id":"https:\/\/www.bellunopress.it\/2025\/11\/14\/programma-di-formazione-under-30-sullintelligenza-artificiale\/#article","isPartOf":{"@id":"https:\/\/www.bellunopress.it\/2025\/11\/14\/programma-di-formazione-under-30-sullintelligenza-artificiale\/"},"author":{"name":"redazione","@id":"https:\/\/www.bellunopress.it\/#\/schema\/person\/79bb06722b37ece1c03d3e94beb30d73"},"headline":"Programma di formazione under 30 sull&#8217;intelligenza artificiale","datePublished":"2025-11-14T12:45:57+00:00","mainEntityOfPage":{"@id":"https:\/\/www.bellunopress.it\/2025\/11\/14\/programma-di-formazione-under-30-sullintelligenza-artificiale\/"},"wordCount":1015,"publisher":{"@id":"https:\/\/www.bellunopress.it\/#organization"},"image":{"@id":"https:\/\/www.bellunopress.it\/2025\/11\/14\/programma-di-formazione-under-30-sullintelligenza-artificiale\/#primaryimage"},"thumbnailUrl":"https:\/\/www.bellunopress.it\/wp-content\/uploads\/2023\/01\/Fondazione-Cariverona_edited.jpg","articleSection":["Featured","Lavoro, Economia, Turismo","Scuola"],"inLanguage":"fr-FR"},{"@type":"WebPage","@id":"https:\/\/www.bellunopress.it\/2025\/11\/14\/programma-di-formazione-under-30-sullintelligenza-artificiale\/","url":"https:\/\/www.bellunopress.it\/2025\/11\/14\/programma-di-formazione-under-30-sullintelligenza-artificiale\/","name":"Programma di formazione under 30 sull'intelligenza artificiale - Bellunopress - Dolomiti","isPartOf":{"@id":"https:\/\/www.bellunopress.it\/#website"},"primaryImageOfPage":{"@id":"https:\/\/www.bellunopress.it\/2025\/11\/14\/programma-di-formazione-under-30-sullintelligenza-artificiale\/#primaryimage"},"image":{"@id":"https:\/\/www.bellunopress.it\/2025\/11\/14\/programma-di-formazione-under-30-sullintelligenza-artificiale\/#primaryimage"},"thumbnailUrl":"https:\/\/www.bellunopress.it\/wp-content\/uploads\/2023\/01\/Fondazione-Cariverona_edited.jpg","datePublished":"2025-11-14T12:45:57+00:00","breadcrumb":{"@id":"https:\/\/www.bellunopress.it\/2025\/11\/14\/programma-di-formazione-under-30-sullintelligenza-artificiale\/#breadcrumb"},"inLanguage":"fr-FR","potentialAction":[{"@type":"ReadAction","target":["https:\/\/www.bellunopress.it\/2025\/11\/14\/programma-di-formazione-under-30-sullintelligenza-artificiale\/"]}]},{"@type":"ImageObject","inLanguage":"fr-FR","@id":"https:\/\/www.bellunopress.it\/2025\/11\/14\/programma-di-formazione-under-30-sullintelligenza-artificiale\/#primaryimage","url":"https:\/\/www.bellunopress.it\/wp-content\/uploads\/2023\/01\/Fondazione-Cariverona_edited.jpg","contentUrl":"https:\/\/www.bellunopress.it\/wp-content\/uploads\/2023\/01\/Fondazione-Cariverona_edited.jpg","width":1000,"height":297},{"@type":"BreadcrumbList","@id":"https:\/\/www.bellunopress.it\/2025\/11\/14\/programma-di-formazione-under-30-sullintelligenza-artificiale\/#breadcrumb","itemListElement":[{"@type":"ListItem","position":1,"name":"Home","item":"https:\/\/www.bellunopress.it\/"},{"@type":"ListItem","position":2,"name":"Programma di formazione under 30 sull&#8217;intelligenza artificiale"}]},{"@type":"WebSite","@id":"https:\/\/www.bellunopress.it\/#website","url":"https:\/\/www.bellunopress.it\/","name":"Bellunopress - Dolomiti","description":"e-mail: redazione@bellunopress.it","publisher":{"@id":"https:\/\/www.bellunopress.it\/#organization"},"potentialAction":[{"@type":"SearchAction","target":{"@type":"EntryPoint","urlTemplate":"https:\/\/www.bellunopress.it\/?s={search_term_string}"},"query-input":{"@type":"PropertyValueSpecification","valueRequired":true,"valueName":"search_term_string"}}],"inLanguage":"fr-FR"},{"@type":"Organization","@id":"https:\/\/www.bellunopress.it\/#organization","name":"Bellunopress","url":"https:\/\/www.bellunopress.it\/","logo":{"@type":"ImageObject","inLanguage":"fr-FR","@id":"https:\/\/www.bellunopress.it\/#\/schema\/logo\/image\/","url":"https:\/\/www.bellunopress.it\/wp-content\/uploads\/2011\/05\/cropped-logo-bellunopress-.jpg","contentUrl":"https:\/\/www.bellunopress.it\/wp-content\/uploads\/2011\/05\/cropped-logo-bellunopress-.jpg","width":512,"height":512,"caption":"Bellunopress"},"image":{"@id":"https:\/\/www.bellunopress.it\/#\/schema\/logo\/image\/"},"sameAs":["https:\/\/www.facebook.com\/profile.php?id=100008943462799","https:\/\/x.com\/bellunopress","https:\/\/www.linkedin.com\/hp\/?dnr=JBzUWaJfMUw8vbXJJ2tVW5-I3jZKvC4wsoxE&amp;amp;amp;amp;amp;amp;trk=nav_responsive_tab_home","https:\/\/www.youtube.com\/channel\/UCxL0wu1uN0_3_7hGG0306cw"]},{"@type":"Person","@id":"https:\/\/www.bellunopress.it\/#\/schema\/person\/79bb06722b37ece1c03d3e94beb30d73","name":"r\u00e9daction","image":{"@type":"ImageObject","inLanguage":"fr-FR","@id":"https:\/\/secure.gravatar.com\/avatar\/37d968a2e67a6fd04c169c4bdef102d0bc5d31b2546345219e348575eb80e9a0?s=96&d=mm&r=g","url":"https:\/\/secure.gravatar.com\/avatar\/37d968a2e67a6fd04c169c4bdef102d0bc5d31b2546345219e348575eb80e9a0?s=96&d=mm&r=g","contentUrl":"https:\/\/secure.gravatar.com\/avatar\/37d968a2e67a6fd04c169c4bdef102d0bc5d31b2546345219e348575eb80e9a0?s=96&d=mm&r=g","caption":"redazione"},"sameAs":["http:\/\/www.bellunopress.it","https:\/\/x.com\/bellunopress"],"url":"https:\/\/www.bellunopress.it\/fr\/author\/redazione\/"}]}},"_links":{"self":[{"href":"https:\/\/www.bellunopress.it\/fr\/wp-json\/wp\/v2\/posts\/164903","targetHints":{"allow":["GET"]}}],"collection":[{"href":"https:\/\/www.bellunopress.it\/fr\/wp-json\/wp\/v2\/posts"}],"about":[{"href":"https:\/\/www.bellunopress.it\/fr\/wp-json\/wp\/v2\/types\/post"}],"author":[{"embeddable":true,"href":"https:\/\/www.bellunopress.it\/fr\/wp-json\/wp\/v2\/users\/2"}],"replies":[{"embeddable":true,"href":"https:\/\/www.bellunopress.it\/fr\/wp-json\/wp\/v2\/comments?post=164903"}],"version-history":[{"count":1,"href":"https:\/\/www.bellunopress.it\/fr\/wp-json\/wp\/v2\/posts\/164903\/revisions"}],"predecessor-version":[{"id":164904,"href":"https:\/\/www.bellunopress.it\/fr\/wp-json\/wp\/v2\/posts\/164903\/revisions\/164904"}],"wp:featuredmedia":[{"embeddable":true,"href":"https:\/\/www.bellunopress.it\/fr\/wp-json\/wp\/v2\/media\/138962"}],"wp:attachment":[{"href":"https:\/\/www.bellunopress.it\/fr\/wp-json\/wp\/v2\/media?parent=164903"}],"wp:term":[{"taxonomy":"category","embeddable":true,"href":"https:\/\/www.bellunopress.it\/fr\/wp-json\/wp\/v2\/categories?post=164903"},{"taxonomy":"post_tag","embeddable":true,"href":"https:\/\/www.bellunopress.it\/fr\/wp-json\/wp\/v2\/tags?post=164903"}],"curies":[{"name":"wp","href":"https:\/\/api.w.org\/{rel}","templated":true}]}}