{"id":164874,"date":"2025-11-13T17:43:38","date_gmt":"2025-11-13T16:43:38","guid":{"rendered":"https:\/\/www.bellunopress.it\/?p=164874"},"modified":"2025-11-13T17:43:38","modified_gmt":"2025-11-13T16:43:38","slug":"san-martino-una-festa-per-tutta-la-provincia","status":"publish","type":"post","link":"https:\/\/www.bellunopress.it\/fr\/2025\/11\/13\/san-martino-una-festa-per-tutta-la-provincia\/","title":{"rendered":"San Martino, una festa per tutta la provincia"},"content":{"rendered":"<p><strong><img loading=\"lazy\" decoding=\"async\" class=\"aligncenter size-full wp-image-164875\" src=\"https:\/\/www.bellunopress.it\/wp-content\/uploads\/2025\/11\/Borgo-Valbelluna-spettacolo-Storie-di-un-albero_edited.jpg\" alt=\"\" width=\"800\" height=\"369\" srcset=\"https:\/\/www.bellunopress.it\/wp-content\/uploads\/2025\/11\/Borgo-Valbelluna-spettacolo-Storie-di-un-albero_edited.jpg 800w, https:\/\/www.bellunopress.it\/wp-content\/uploads\/2025\/11\/Borgo-Valbelluna-spettacolo-Storie-di-un-albero_edited-500x231.jpg 500w, https:\/\/www.bellunopress.it\/wp-content\/uploads\/2025\/11\/Borgo-Valbelluna-spettacolo-Storie-di-un-albero_edited-696x321.jpg 696w\" sizes=\"auto, (max-width: 800px) 100vw, 800px\" \/>Belluno si conferma &#8220;Citt\u00e0 del legno 2025&#8221; con un festival diffuso. I bambini di Borgo Valbelluna protagonisti di una gita-evento tra arte, storia e teatro<\/strong><\/p>\n<p>Borgo Valbelluna, 13 novembre 2025 &#8211;\u00a0 Le celebrazioni di San Martino si sono riconfermate un evento di richiamo che supera ampiamente i confini provinciali, grazie a un ricco e vario calendario di appuntamenti. L&#8217;edizione di quest&#8217;anno, in particolare, ha consolidato la designazione di Belluno a &#8220;Citt\u00e0 del legno 2025&#8221;, sigillata dal successo dell&#8217;Ex Tempore di scultura appena conclusasi.<\/p>\n<p>Il capoluogo ha risposto alla grande, trasformandosi in un vero e proprio festival diffuso che ha saputo includere anche momenti dedicati specificamente al pubblico pi\u00f9 giovane. Una opportunit\u00e0 che le insegnanti della scuola primaria di Villa di Villa a Borgo Valbelluna non si sono lasciate sfuggire.<\/p>\n<p>Grazie al supporto dell&#8217;amministrazione comunale, che ha messo a disposizione gratuitamente gli scuolabus, i piccoli alunni sono giunti in citt\u00e0 per una mattinata all&#8217;insegna della cultura e dell&#8217;arte. La prima tappa li ha visti immersi tra le opere lignee dell&#8217;Ex Tempore, dove hanno potuto ammirare l&#8217;abilit\u00e0 degli scultori. Particolarmente significativa \u00e8 stata l&#8217;interazione con l&#8217;artista Sara Andich, che ha dedicato tempo prezioso ai bambini per illustrare e spiegare la genesi e il significato della sua opera, catturando l&#8217;attenzione dei giovanissimi visitatori.<\/p>\n<p>Successivamente, la mattinata \u00e8 proseguita con un tour storico-artistico guidato dalle loro maestre, che ha toccato luoghi simbolo del capoluogo come la chiesa di San Rocco e il Duomo. Il culmine della visita si \u00e8 raggiunto al Centro Giovanni XXIII con l&#8217;appuntamento a teatro: la Compagnia &#8220;Gli Alcuni&#8221; ha portato in scena lo spettacolo \u201cStorie di un albero, la casa degli gnomi\u201d, concludendo l&#8217;intensa esperienza con un tocco di magia e fantasia.<\/p>\n<p>I bambini sono rientrati a casa con gli occhi pieni di meraviglia e le menti ricche di stimoli. Una mattinata indubbiamente intensa che ha fornito loro non solo un&#8217;esperienza culturale diretta, ma anche &#8220;tante cose da raccontare ai genitori e da scrivere sui loro quaderni&#8221;, trasformando l&#8217;uscita didattica in un momento di crescita e ispirazione.<\/p>","protected":false},"excerpt":{"rendered":"<p>Belluno si conferma &#8220;Citt\u00e0 del legno 2025&#8221; con un festival diffuso. I bambini di Borgo Valbelluna protagonisti di una gita-evento tra arte, storia e teatro Borgo Valbelluna, 13 novembre 2025 &#8211;\u00a0 Le celebrazioni di San Martino si sono riconfermate un evento di richiamo che supera ampiamente i confini provinciali, grazie a un ricco e vario [&hellip;]<\/p>\n","protected":false},"author":2,"featured_media":164875,"comment_status":"closed","ping_status":"open","sticky":false,"template":"","format":"standard","meta":{"footnotes":""},"categories":[15,8],"tags":[],"class_list":["post-164874","post","type-post","status-publish","format-standard","has-post-thumbnail","category-scuola","category-societa-istituzioni"],"yoast_head":"<!-- This site is optimized with the Yoast SEO plugin v28.4 - https:\/\/yoast.com\/product\/yoast-seo-wordpress\/ -->\n<title>San Martino, una festa per tutta la provincia - Bellunopress - Dolomiti<\/title>\n<meta name=\"robots\" content=\"index, follow, max-snippet:-1, max-image-preview:large, max-video-preview:-1\" \/>\n<link rel=\"canonical\" href=\"https:\/\/www.bellunopress.it\/fr\/2025\/11\/13\/san-martino-una-festa-per-tutta-la-provincia\/\" \/>\n<meta property=\"og:locale\" content=\"fr_FR\" \/>\n<meta property=\"og:type\" content=\"article\" \/>\n<meta property=\"og:title\" content=\"San Martino, una festa per tutta la provincia - Bellunopress - Dolomiti\" \/>\n<meta property=\"og:description\" content=\"Belluno si conferma &#8220;Citt\u00e0 del legno 2025&#8221; con un festival diffuso. I bambini di Borgo Valbelluna protagonisti di una gita-evento tra arte, storia e teatro Borgo Valbelluna, 13 novembre 2025 &#8211;\u00a0 Le celebrazioni di San Martino si sono riconfermate un evento di richiamo che supera ampiamente i confini provinciali, grazie a un ricco e vario [&hellip;]\" \/>\n<meta property=\"og:url\" content=\"https:\/\/www.bellunopress.it\/fr\/2025\/11\/13\/san-martino-una-festa-per-tutta-la-provincia\/\" \/>\n<meta property=\"og:site_name\" content=\"Bellunopress - Dolomiti\" \/>\n<meta property=\"article:publisher\" content=\"https:\/\/www.facebook.com\/profile.php?id=100008943462799\" \/>\n<meta property=\"article:published_time\" content=\"2025-11-13T16:43:38+00:00\" \/>\n<meta property=\"og:image\" content=\"https:\/\/www.bellunopress.it\/wp-content\/uploads\/2025\/11\/Borgo-Valbelluna-spettacolo-Storie-di-un-albero_edited.jpg\" \/>\n\t<meta property=\"og:image:width\" content=\"800\" \/>\n\t<meta property=\"og:image:height\" content=\"369\" \/>\n\t<meta property=\"og:image:type\" content=\"image\/jpeg\" \/>\n<meta name=\"author\" content=\"redazione\" \/>\n<meta name=\"twitter:card\" content=\"summary_large_image\" \/>\n<meta name=\"twitter:creator\" content=\"@bellunopress\" \/>\n<meta name=\"twitter:site\" content=\"@bellunopress\" \/>\n<meta name=\"twitter:label1\" content=\"\u00c9crit par\" \/>\n\t<meta name=\"twitter:data1\" content=\"redazione\" \/>\n\t<meta name=\"twitter:label2\" content=\"Dur\u00e9e de lecture estim\u00e9e\" \/>\n\t<meta name=\"twitter:data2\" content=\"2 minutes\" \/>\n<script type=\"application\/ld+json\" class=\"yoast-schema-graph\">{\"@context\":\"https:\\\/\\\/schema.org\",\"@graph\":[{\"@type\":\"Article\",\"@id\":\"https:\\\/\\\/www.bellunopress.it\\\/2025\\\/11\\\/13\\\/san-martino-una-festa-per-tutta-la-provincia\\\/#article\",\"isPartOf\":{\"@id\":\"https:\\\/\\\/www.bellunopress.it\\\/2025\\\/11\\\/13\\\/san-martino-una-festa-per-tutta-la-provincia\\\/\"},\"author\":{\"name\":\"redazione\",\"@id\":\"https:\\\/\\\/www.bellunopress.it\\\/#\\\/schema\\\/person\\\/79bb06722b37ece1c03d3e94beb30d73\"},\"headline\":\"San Martino, una festa per tutta la provincia\",\"datePublished\":\"2025-11-13T16:43:38+00:00\",\"mainEntityOfPage\":{\"@id\":\"https:\\\/\\\/www.bellunopress.it\\\/2025\\\/11\\\/13\\\/san-martino-una-festa-per-tutta-la-provincia\\\/\"},\"wordCount\":353,\"publisher\":{\"@id\":\"https:\\\/\\\/www.bellunopress.it\\\/#organization\"},\"image\":{\"@id\":\"https:\\\/\\\/www.bellunopress.it\\\/2025\\\/11\\\/13\\\/san-martino-una-festa-per-tutta-la-provincia\\\/#primaryimage\"},\"thumbnailUrl\":\"https:\\\/\\\/www.bellunopress.it\\\/wp-content\\\/uploads\\\/2025\\\/11\\\/Borgo-Valbelluna-spettacolo-Storie-di-un-albero_edited.jpg\",\"articleSection\":[\"Scuola\",\"Societ\u00e0, Associazioni, Istituzioni\"],\"inLanguage\":\"fr-FR\"},{\"@type\":\"WebPage\",\"@id\":\"https:\\\/\\\/www.bellunopress.it\\\/2025\\\/11\\\/13\\\/san-martino-una-festa-per-tutta-la-provincia\\\/\",\"url\":\"https:\\\/\\\/www.bellunopress.it\\\/2025\\\/11\\\/13\\\/san-martino-una-festa-per-tutta-la-provincia\\\/\",\"name\":\"San Martino, una festa per tutta la provincia - Bellunopress - Dolomiti\",\"isPartOf\":{\"@id\":\"https:\\\/\\\/www.bellunopress.it\\\/#website\"},\"primaryImageOfPage\":{\"@id\":\"https:\\\/\\\/www.bellunopress.it\\\/2025\\\/11\\\/13\\\/san-martino-una-festa-per-tutta-la-provincia\\\/#primaryimage\"},\"image\":{\"@id\":\"https:\\\/\\\/www.bellunopress.it\\\/2025\\\/11\\\/13\\\/san-martino-una-festa-per-tutta-la-provincia\\\/#primaryimage\"},\"thumbnailUrl\":\"https:\\\/\\\/www.bellunopress.it\\\/wp-content\\\/uploads\\\/2025\\\/11\\\/Borgo-Valbelluna-spettacolo-Storie-di-un-albero_edited.jpg\",\"datePublished\":\"2025-11-13T16:43:38+00:00\",\"breadcrumb\":{\"@id\":\"https:\\\/\\\/www.bellunopress.it\\\/2025\\\/11\\\/13\\\/san-martino-una-festa-per-tutta-la-provincia\\\/#breadcrumb\"},\"inLanguage\":\"fr-FR\",\"potentialAction\":[{\"@type\":\"ReadAction\",\"target\":[\"https:\\\/\\\/www.bellunopress.it\\\/2025\\\/11\\\/13\\\/san-martino-una-festa-per-tutta-la-provincia\\\/\"]}]},{\"@type\":\"ImageObject\",\"inLanguage\":\"fr-FR\",\"@id\":\"https:\\\/\\\/www.bellunopress.it\\\/2025\\\/11\\\/13\\\/san-martino-una-festa-per-tutta-la-provincia\\\/#primaryimage\",\"url\":\"https:\\\/\\\/www.bellunopress.it\\\/wp-content\\\/uploads\\\/2025\\\/11\\\/Borgo-Valbelluna-spettacolo-Storie-di-un-albero_edited.jpg\",\"contentUrl\":\"https:\\\/\\\/www.bellunopress.it\\\/wp-content\\\/uploads\\\/2025\\\/11\\\/Borgo-Valbelluna-spettacolo-Storie-di-un-albero_edited.jpg\",\"width\":800,\"height\":369},{\"@type\":\"BreadcrumbList\",\"@id\":\"https:\\\/\\\/www.bellunopress.it\\\/2025\\\/11\\\/13\\\/san-martino-una-festa-per-tutta-la-provincia\\\/#breadcrumb\",\"itemListElement\":[{\"@type\":\"ListItem\",\"position\":1,\"name\":\"Home\",\"item\":\"https:\\\/\\\/www.bellunopress.it\\\/\"},{\"@type\":\"ListItem\",\"position\":2,\"name\":\"San Martino, una festa per tutta la provincia\"}]},{\"@type\":\"WebSite\",\"@id\":\"https:\\\/\\\/www.bellunopress.it\\\/#website\",\"url\":\"https:\\\/\\\/www.bellunopress.it\\\/\",\"name\":\"Bellunopress - Dolomiti\",\"description\":\"e-mail: redazione@bellunopress.it\",\"publisher\":{\"@id\":\"https:\\\/\\\/www.bellunopress.it\\\/#organization\"},\"potentialAction\":[{\"@type\":\"SearchAction\",\"target\":{\"@type\":\"EntryPoint\",\"urlTemplate\":\"https:\\\/\\\/www.bellunopress.it\\\/?s={search_term_string}\"},\"query-input\":{\"@type\":\"PropertyValueSpecification\",\"valueRequired\":true,\"valueName\":\"search_term_string\"}}],\"inLanguage\":\"fr-FR\"},{\"@type\":\"Organization\",\"@id\":\"https:\\\/\\\/www.bellunopress.it\\\/#organization\",\"name\":\"Bellunopress\",\"url\":\"https:\\\/\\\/www.bellunopress.it\\\/\",\"logo\":{\"@type\":\"ImageObject\",\"inLanguage\":\"fr-FR\",\"@id\":\"https:\\\/\\\/www.bellunopress.it\\\/#\\\/schema\\\/logo\\\/image\\\/\",\"url\":\"https:\\\/\\\/www.bellunopress.it\\\/wp-content\\\/uploads\\\/2011\\\/05\\\/cropped-logo-bellunopress-.jpg\",\"contentUrl\":\"https:\\\/\\\/www.bellunopress.it\\\/wp-content\\\/uploads\\\/2011\\\/05\\\/cropped-logo-bellunopress-.jpg\",\"width\":512,\"height\":512,\"caption\":\"Bellunopress\"},\"image\":{\"@id\":\"https:\\\/\\\/www.bellunopress.it\\\/#\\\/schema\\\/logo\\\/image\\\/\"},\"sameAs\":[\"https:\\\/\\\/www.facebook.com\\\/profile.php?id=100008943462799\",\"https:\\\/\\\/x.com\\\/bellunopress\",\"https:\\\/\\\/www.linkedin.com\\\/hp\\\/?dnr=JBzUWaJfMUw8vbXJJ2tVW5-I3jZKvC4wsoxE&amp;amp;amp;amp;amp;amp;trk=nav_responsive_tab_home\",\"https:\\\/\\\/www.youtube.com\\\/channel\\\/UCxL0wu1uN0_3_7hGG0306cw\"]},{\"@type\":\"Person\",\"@id\":\"https:\\\/\\\/www.bellunopress.it\\\/#\\\/schema\\\/person\\\/79bb06722b37ece1c03d3e94beb30d73\",\"name\":\"redazione\",\"image\":{\"@type\":\"ImageObject\",\"inLanguage\":\"fr-FR\",\"@id\":\"https:\\\/\\\/secure.gravatar.com\\\/avatar\\\/37d968a2e67a6fd04c169c4bdef102d0bc5d31b2546345219e348575eb80e9a0?s=96&d=mm&r=g\",\"url\":\"https:\\\/\\\/secure.gravatar.com\\\/avatar\\\/37d968a2e67a6fd04c169c4bdef102d0bc5d31b2546345219e348575eb80e9a0?s=96&d=mm&r=g\",\"contentUrl\":\"https:\\\/\\\/secure.gravatar.com\\\/avatar\\\/37d968a2e67a6fd04c169c4bdef102d0bc5d31b2546345219e348575eb80e9a0?s=96&d=mm&r=g\",\"caption\":\"redazione\"},\"sameAs\":[\"http:\\\/\\\/www.bellunopress.it\",\"https:\\\/\\\/x.com\\\/bellunopress\"],\"url\":\"https:\\\/\\\/www.bellunopress.it\\\/fr\\\/author\\\/redazione\\\/\"}]}<\/script>\n<!-- \/ Yoast SEO plugin. -->","yoast_head_json":{"title":"San Martino, una festa per tutta la provincia - Bellunopress - Dolomiti","robots":{"index":"index","follow":"follow","max-snippet":"max-snippet:-1","max-image-preview":"max-image-preview:large","max-video-preview":"max-video-preview:-1"},"canonical":"https:\/\/www.bellunopress.it\/fr\/2025\/11\/13\/san-martino-una-festa-per-tutta-la-provincia\/","og_locale":"fr_FR","og_type":"article","og_title":"San Martino, una festa per tutta la provincia - Bellunopress - Dolomiti","og_description":"Belluno si conferma &#8220;Citt\u00e0 del legno 2025&#8221; con un festival diffuso. I bambini di Borgo Valbelluna protagonisti di una gita-evento tra arte, storia e teatro Borgo Valbelluna, 13 novembre 2025 &#8211;\u00a0 Le celebrazioni di San Martino si sono riconfermate un evento di richiamo che supera ampiamente i confini provinciali, grazie a un ricco e vario [&hellip;]","og_url":"https:\/\/www.bellunopress.it\/fr\/2025\/11\/13\/san-martino-una-festa-per-tutta-la-provincia\/","og_site_name":"Bellunopress - Dolomiti","article_publisher":"https:\/\/www.facebook.com\/profile.php?id=100008943462799","article_published_time":"2025-11-13T16:43:38+00:00","og_image":[{"width":800,"height":369,"url":"https:\/\/www.bellunopress.it\/wp-content\/uploads\/2025\/11\/Borgo-Valbelluna-spettacolo-Storie-di-un-albero_edited.jpg","type":"image\/jpeg"}],"author":"redazione","twitter_card":"summary_large_image","twitter_creator":"@bellunopress","twitter_site":"@bellunopress","twitter_misc":{"\u00c9crit par":"redazione","Dur\u00e9e de lecture estim\u00e9e":"2 minutes"},"schema":{"@context":"https:\/\/schema.org","@graph":[{"@type":"Article","@id":"https:\/\/www.bellunopress.it\/2025\/11\/13\/san-martino-una-festa-per-tutta-la-provincia\/#article","isPartOf":{"@id":"https:\/\/www.bellunopress.it\/2025\/11\/13\/san-martino-una-festa-per-tutta-la-provincia\/"},"author":{"name":"redazione","@id":"https:\/\/www.bellunopress.it\/#\/schema\/person\/79bb06722b37ece1c03d3e94beb30d73"},"headline":"San Martino, una festa per tutta la provincia","datePublished":"2025-11-13T16:43:38+00:00","mainEntityOfPage":{"@id":"https:\/\/www.bellunopress.it\/2025\/11\/13\/san-martino-una-festa-per-tutta-la-provincia\/"},"wordCount":353,"publisher":{"@id":"https:\/\/www.bellunopress.it\/#organization"},"image":{"@id":"https:\/\/www.bellunopress.it\/2025\/11\/13\/san-martino-una-festa-per-tutta-la-provincia\/#primaryimage"},"thumbnailUrl":"https:\/\/www.bellunopress.it\/wp-content\/uploads\/2025\/11\/Borgo-Valbelluna-spettacolo-Storie-di-un-albero_edited.jpg","articleSection":["Scuola","Societ\u00e0, Associazioni, Istituzioni"],"inLanguage":"fr-FR"},{"@type":"WebPage","@id":"https:\/\/www.bellunopress.it\/2025\/11\/13\/san-martino-una-festa-per-tutta-la-provincia\/","url":"https:\/\/www.bellunopress.it\/2025\/11\/13\/san-martino-una-festa-per-tutta-la-provincia\/","name":"San Martino, una festa per tutta la provincia - Bellunopress - Dolomiti","isPartOf":{"@id":"https:\/\/www.bellunopress.it\/#website"},"primaryImageOfPage":{"@id":"https:\/\/www.bellunopress.it\/2025\/11\/13\/san-martino-una-festa-per-tutta-la-provincia\/#primaryimage"},"image":{"@id":"https:\/\/www.bellunopress.it\/2025\/11\/13\/san-martino-una-festa-per-tutta-la-provincia\/#primaryimage"},"thumbnailUrl":"https:\/\/www.bellunopress.it\/wp-content\/uploads\/2025\/11\/Borgo-Valbelluna-spettacolo-Storie-di-un-albero_edited.jpg","datePublished":"2025-11-13T16:43:38+00:00","breadcrumb":{"@id":"https:\/\/www.bellunopress.it\/2025\/11\/13\/san-martino-una-festa-per-tutta-la-provincia\/#breadcrumb"},"inLanguage":"fr-FR","potentialAction":[{"@type":"ReadAction","target":["https:\/\/www.bellunopress.it\/2025\/11\/13\/san-martino-una-festa-per-tutta-la-provincia\/"]}]},{"@type":"ImageObject","inLanguage":"fr-FR","@id":"https:\/\/www.bellunopress.it\/2025\/11\/13\/san-martino-una-festa-per-tutta-la-provincia\/#primaryimage","url":"https:\/\/www.bellunopress.it\/wp-content\/uploads\/2025\/11\/Borgo-Valbelluna-spettacolo-Storie-di-un-albero_edited.jpg","contentUrl":"https:\/\/www.bellunopress.it\/wp-content\/uploads\/2025\/11\/Borgo-Valbelluna-spettacolo-Storie-di-un-albero_edited.jpg","width":800,"height":369},{"@type":"BreadcrumbList","@id":"https:\/\/www.bellunopress.it\/2025\/11\/13\/san-martino-una-festa-per-tutta-la-provincia\/#breadcrumb","itemListElement":[{"@type":"ListItem","position":1,"name":"Home","item":"https:\/\/www.bellunopress.it\/"},{"@type":"ListItem","position":2,"name":"San Martino, una festa per tutta la provincia"}]},{"@type":"WebSite","@id":"https:\/\/www.bellunopress.it\/#website","url":"https:\/\/www.bellunopress.it\/","name":"Bellunopress - Dolomiti","description":"e-mail: redazione@bellunopress.it","publisher":{"@id":"https:\/\/www.bellunopress.it\/#organization"},"potentialAction":[{"@type":"SearchAction","target":{"@type":"EntryPoint","urlTemplate":"https:\/\/www.bellunopress.it\/?s={search_term_string}"},"query-input":{"@type":"PropertyValueSpecification","valueRequired":true,"valueName":"search_term_string"}}],"inLanguage":"fr-FR"},{"@type":"Organization","@id":"https:\/\/www.bellunopress.it\/#organization","name":"Bellunopress","url":"https:\/\/www.bellunopress.it\/","logo":{"@type":"ImageObject","inLanguage":"fr-FR","@id":"https:\/\/www.bellunopress.it\/#\/schema\/logo\/image\/","url":"https:\/\/www.bellunopress.it\/wp-content\/uploads\/2011\/05\/cropped-logo-bellunopress-.jpg","contentUrl":"https:\/\/www.bellunopress.it\/wp-content\/uploads\/2011\/05\/cropped-logo-bellunopress-.jpg","width":512,"height":512,"caption":"Bellunopress"},"image":{"@id":"https:\/\/www.bellunopress.it\/#\/schema\/logo\/image\/"},"sameAs":["https:\/\/www.facebook.com\/profile.php?id=100008943462799","https:\/\/x.com\/bellunopress","https:\/\/www.linkedin.com\/hp\/?dnr=JBzUWaJfMUw8vbXJJ2tVW5-I3jZKvC4wsoxE&amp;amp;amp;amp;amp;amp;trk=nav_responsive_tab_home","https:\/\/www.youtube.com\/channel\/UCxL0wu1uN0_3_7hGG0306cw"]},{"@type":"Person","@id":"https:\/\/www.bellunopress.it\/#\/schema\/person\/79bb06722b37ece1c03d3e94beb30d73","name":"r\u00e9daction","image":{"@type":"ImageObject","inLanguage":"fr-FR","@id":"https:\/\/secure.gravatar.com\/avatar\/37d968a2e67a6fd04c169c4bdef102d0bc5d31b2546345219e348575eb80e9a0?s=96&d=mm&r=g","url":"https:\/\/secure.gravatar.com\/avatar\/37d968a2e67a6fd04c169c4bdef102d0bc5d31b2546345219e348575eb80e9a0?s=96&d=mm&r=g","contentUrl":"https:\/\/secure.gravatar.com\/avatar\/37d968a2e67a6fd04c169c4bdef102d0bc5d31b2546345219e348575eb80e9a0?s=96&d=mm&r=g","caption":"redazione"},"sameAs":["http:\/\/www.bellunopress.it","https:\/\/x.com\/bellunopress"],"url":"https:\/\/www.bellunopress.it\/fr\/author\/redazione\/"}]}},"_links":{"self":[{"href":"https:\/\/www.bellunopress.it\/fr\/wp-json\/wp\/v2\/posts\/164874","targetHints":{"allow":["GET"]}}],"collection":[{"href":"https:\/\/www.bellunopress.it\/fr\/wp-json\/wp\/v2\/posts"}],"about":[{"href":"https:\/\/www.bellunopress.it\/fr\/wp-json\/wp\/v2\/types\/post"}],"author":[{"embeddable":true,"href":"https:\/\/www.bellunopress.it\/fr\/wp-json\/wp\/v2\/users\/2"}],"replies":[{"embeddable":true,"href":"https:\/\/www.bellunopress.it\/fr\/wp-json\/wp\/v2\/comments?post=164874"}],"version-history":[{"count":1,"href":"https:\/\/www.bellunopress.it\/fr\/wp-json\/wp\/v2\/posts\/164874\/revisions"}],"predecessor-version":[{"id":164876,"href":"https:\/\/www.bellunopress.it\/fr\/wp-json\/wp\/v2\/posts\/164874\/revisions\/164876"}],"wp:featuredmedia":[{"embeddable":true,"href":"https:\/\/www.bellunopress.it\/fr\/wp-json\/wp\/v2\/media\/164875"}],"wp:attachment":[{"href":"https:\/\/www.bellunopress.it\/fr\/wp-json\/wp\/v2\/media?parent=164874"}],"wp:term":[{"taxonomy":"category","embeddable":true,"href":"https:\/\/www.bellunopress.it\/fr\/wp-json\/wp\/v2\/categories?post=164874"},{"taxonomy":"post_tag","embeddable":true,"href":"https:\/\/www.bellunopress.it\/fr\/wp-json\/wp\/v2\/tags?post=164874"}],"curies":[{"name":"wp","href":"https:\/\/api.w.org\/{rel}","templated":true}]}}