{"id":16481,"date":"2010-06-20T09:57:58","date_gmt":"2010-06-20T08:57:58","guid":{"rendered":"http:\/\/www.bellunopress.it\/?p=16481"},"modified":"2010-06-20T09:57:58","modified_gmt":"2010-06-20T08:57:58","slug":"la-lilt-riprende-a-settembre-la-campagna-per-i-nei-sospetti","status":"publish","type":"post","link":"https:\/\/www.bellunopress.it\/fr\/2010\/06\/20\/la-lilt-riprende-a-settembre-la-campagna-per-i-nei-sospetti\/","title":{"rendered":"La Lilt riprende a settembre la campagna per i nei sospetti"},"content":{"rendered":"<p><a href=\"http:\/\/www.bellunopress.it\/wp-content\/uploads\/2010\/03\/lilt-lega-tumori.jpg\"><img loading=\"lazy\" decoding=\"async\" class=\"alignleft size-medium wp-image-13590\" title=\"lilt-lega-tumori\" src=\"http:\/\/www.bellunopress.it\/wp-content\/uploads\/2010\/03\/lilt-lega-tumori.jpg\" alt=\"\" width=\"152\" height=\"130\" \/><\/a>Si \u00e8 conclusa positivamente la campagna della Lilt di Belluno, relativa al primo semestre 2010, per l\u2019individuazione dei nei sospetti. Il bilancio delle adesioni da parte dei cittadini \u00e8 ampiamente positivo, con circa un migliaio di visite all\u2019anno. Le visite, ricorda la Lega italiana contro i tumori di Belluno, vengono svolte da un medico specialista presso l\u2019ambulatorio dermatologico nella sede dell\u2019Ulss di Belluno in via Feltre, mentre le prenotazioni vanno effettuate presso la sede della Lilt in via del Piave 5 a Belluno. Visto il grande interesse e le molte richieste di informazioni e visite da parte della popolazione, spiega la sezione bellunese della Lilt, \u00e8 stato deciso di allargare la campagna ad altre zone pi\u00f9 periferiche della provincia. Nel mese di settembre, infatti, verr\u00e0 effettuata un\u2019uscita a Cortina con un camper per informare e promuovere l\u2019ambulatorio per i nei sospetti, alla presenza di un medico che effettuer\u00e0 le visite ai pazienti che vorranno sottoporsi ad un primo controllo. Le prenotazioni al servizio sono sospese durante il periodo estivo e riprenderanno sempre con il mese di settembre, al numero telefonico 0437 944952, dal luned\u00ec al venerd\u00ec dalle 10 alle 12.<\/p>","protected":false},"excerpt":{"rendered":"<p>Si \u00e8 conclusa positivamente la campagna della Lilt di Belluno, relativa al primo semestre 2010, per l\u2019individuazione dei nei sospetti. Il bilancio delle adesioni da parte dei cittadini \u00e8 ampiamente positivo, con circa un migliaio di visite all\u2019anno. Le visite, ricorda la Lega italiana contro i tumori di Belluno, vengono svolte da un medico specialista [&hellip;]<\/p>\n","protected":false},"author":2,"featured_media":0,"comment_status":"closed","ping_status":"open","sticky":false,"template":"","format":"standard","meta":{"footnotes":""},"categories":[26,17],"tags":[828],"class_list":["post-16481","post","type-post","status-publish","format-standard","category-prima-pagina","category-sanita","tag-lilt-belluno"],"yoast_head":"<!-- This site is optimized with the Yoast SEO plugin v28.4 - https:\/\/yoast.com\/product\/yoast-seo-wordpress\/ -->\n<title>La Lilt riprende a settembre la campagna per i nei sospetti - Bellunopress - Dolomiti<\/title>\n<meta name=\"robots\" content=\"index, follow, max-snippet:-1, max-image-preview:large, max-video-preview:-1\" \/>\n<link rel=\"canonical\" href=\"https:\/\/www.bellunopress.it\/fr\/2010\/06\/20\/la-lilt-riprende-a-settembre-la-campagna-per-i-nei-sospetti\/\" \/>\n<meta property=\"og:locale\" content=\"fr_FR\" \/>\n<meta property=\"og:type\" content=\"article\" \/>\n<meta property=\"og:title\" content=\"La Lilt riprende a settembre la campagna per i nei sospetti - Bellunopress - Dolomiti\" \/>\n<meta property=\"og:description\" content=\"Si \u00e8 conclusa positivamente la campagna della Lilt di Belluno, relativa al primo semestre 2010, per l\u2019individuazione dei nei sospetti. Il bilancio delle adesioni da parte dei cittadini \u00e8 ampiamente positivo, con circa un migliaio di visite all\u2019anno. Le visite, ricorda la Lega italiana contro i tumori di Belluno, vengono svolte da un medico specialista [&hellip;]\" \/>\n<meta property=\"og:url\" content=\"https:\/\/www.bellunopress.it\/fr\/2010\/06\/20\/la-lilt-riprende-a-settembre-la-campagna-per-i-nei-sospetti\/\" \/>\n<meta property=\"og:site_name\" content=\"Bellunopress - Dolomiti\" \/>\n<meta property=\"article:publisher\" content=\"https:\/\/www.facebook.com\/profile.php?id=100008943462799\" \/>\n<meta property=\"article:published_time\" content=\"2010-06-20T08:57:58+00:00\" \/>\n<meta property=\"og:image\" content=\"http:\/\/www.bellunopress.it\/wp-content\/uploads\/2010\/03\/lilt-lega-tumori.jpg\" \/>\n<meta name=\"author\" content=\"redazione\" \/>\n<meta name=\"twitter:card\" content=\"summary_large_image\" \/>\n<meta name=\"twitter:creator\" content=\"@bellunopress\" \/>\n<meta name=\"twitter:site\" content=\"@bellunopress\" \/>\n<meta name=\"twitter:label1\" content=\"\u00c9crit par\" \/>\n\t<meta name=\"twitter:data1\" content=\"redazione\" \/>\n\t<meta name=\"twitter:label2\" content=\"Dur\u00e9e de lecture estim\u00e9e\" \/>\n\t<meta name=\"twitter:data2\" content=\"1 minute\" \/>\n<script type=\"application\/ld+json\" class=\"yoast-schema-graph\">{\"@context\":\"https:\\\/\\\/schema.org\",\"@graph\":[{\"@type\":\"Article\",\"@id\":\"https:\\\/\\\/www.bellunopress.it\\\/2010\\\/06\\\/20\\\/la-lilt-riprende-a-settembre-la-campagna-per-i-nei-sospetti\\\/#article\",\"isPartOf\":{\"@id\":\"https:\\\/\\\/www.bellunopress.it\\\/2010\\\/06\\\/20\\\/la-lilt-riprende-a-settembre-la-campagna-per-i-nei-sospetti\\\/\"},\"author\":{\"name\":\"redazione\",\"@id\":\"https:\\\/\\\/www.bellunopress.it\\\/#\\\/schema\\\/person\\\/79bb06722b37ece1c03d3e94beb30d73\"},\"headline\":\"La Lilt riprende a settembre la campagna per i nei sospetti\",\"datePublished\":\"2010-06-20T08:57:58+00:00\",\"mainEntityOfPage\":{\"@id\":\"https:\\\/\\\/www.bellunopress.it\\\/2010\\\/06\\\/20\\\/la-lilt-riprende-a-settembre-la-campagna-per-i-nei-sospetti\\\/\"},\"wordCount\":198,\"publisher\":{\"@id\":\"https:\\\/\\\/www.bellunopress.it\\\/#organization\"},\"image\":{\"@id\":\"https:\\\/\\\/www.bellunopress.it\\\/2010\\\/06\\\/20\\\/la-lilt-riprende-a-settembre-la-campagna-per-i-nei-sospetti\\\/#primaryimage\"},\"thumbnailUrl\":\"http:\\\/\\\/www.bellunopress.it\\\/wp-content\\\/uploads\\\/2010\\\/03\\\/lilt-lega-tumori.jpg\",\"keywords\":[\"Lilt Belluno\"],\"articleSection\":[\"Prima Pagina\",\"Sanit\u00e0 Medicina\"],\"inLanguage\":\"fr-FR\"},{\"@type\":\"WebPage\",\"@id\":\"https:\\\/\\\/www.bellunopress.it\\\/2010\\\/06\\\/20\\\/la-lilt-riprende-a-settembre-la-campagna-per-i-nei-sospetti\\\/\",\"url\":\"https:\\\/\\\/www.bellunopress.it\\\/2010\\\/06\\\/20\\\/la-lilt-riprende-a-settembre-la-campagna-per-i-nei-sospetti\\\/\",\"name\":\"La Lilt riprende a settembre la campagna per i nei sospetti - Bellunopress - Dolomiti\",\"isPartOf\":{\"@id\":\"https:\\\/\\\/www.bellunopress.it\\\/#website\"},\"primaryImageOfPage\":{\"@id\":\"https:\\\/\\\/www.bellunopress.it\\\/2010\\\/06\\\/20\\\/la-lilt-riprende-a-settembre-la-campagna-per-i-nei-sospetti\\\/#primaryimage\"},\"image\":{\"@id\":\"https:\\\/\\\/www.bellunopress.it\\\/2010\\\/06\\\/20\\\/la-lilt-riprende-a-settembre-la-campagna-per-i-nei-sospetti\\\/#primaryimage\"},\"thumbnailUrl\":\"http:\\\/\\\/www.bellunopress.it\\\/wp-content\\\/uploads\\\/2010\\\/03\\\/lilt-lega-tumori.jpg\",\"datePublished\":\"2010-06-20T08:57:58+00:00\",\"breadcrumb\":{\"@id\":\"https:\\\/\\\/www.bellunopress.it\\\/2010\\\/06\\\/20\\\/la-lilt-riprende-a-settembre-la-campagna-per-i-nei-sospetti\\\/#breadcrumb\"},\"inLanguage\":\"fr-FR\",\"potentialAction\":[{\"@type\":\"ReadAction\",\"target\":[\"https:\\\/\\\/www.bellunopress.it\\\/2010\\\/06\\\/20\\\/la-lilt-riprende-a-settembre-la-campagna-per-i-nei-sospetti\\\/\"]}]},{\"@type\":\"ImageObject\",\"inLanguage\":\"fr-FR\",\"@id\":\"https:\\\/\\\/www.bellunopress.it\\\/2010\\\/06\\\/20\\\/la-lilt-riprende-a-settembre-la-campagna-per-i-nei-sospetti\\\/#primaryimage\",\"url\":\"http:\\\/\\\/www.bellunopress.it\\\/wp-content\\\/uploads\\\/2010\\\/03\\\/lilt-lega-tumori.jpg\",\"contentUrl\":\"http:\\\/\\\/www.bellunopress.it\\\/wp-content\\\/uploads\\\/2010\\\/03\\\/lilt-lega-tumori.jpg\"},{\"@type\":\"BreadcrumbList\",\"@id\":\"https:\\\/\\\/www.bellunopress.it\\\/2010\\\/06\\\/20\\\/la-lilt-riprende-a-settembre-la-campagna-per-i-nei-sospetti\\\/#breadcrumb\",\"itemListElement\":[{\"@type\":\"ListItem\",\"position\":1,\"name\":\"Home\",\"item\":\"https:\\\/\\\/www.bellunopress.it\\\/\"},{\"@type\":\"ListItem\",\"position\":2,\"name\":\"La Lilt riprende a settembre la campagna per i nei sospetti\"}]},{\"@type\":\"WebSite\",\"@id\":\"https:\\\/\\\/www.bellunopress.it\\\/#website\",\"url\":\"https:\\\/\\\/www.bellunopress.it\\\/\",\"name\":\"Bellunopress - Dolomiti\",\"description\":\"e-mail: redazione@bellunopress.it\",\"publisher\":{\"@id\":\"https:\\\/\\\/www.bellunopress.it\\\/#organization\"},\"potentialAction\":[{\"@type\":\"SearchAction\",\"target\":{\"@type\":\"EntryPoint\",\"urlTemplate\":\"https:\\\/\\\/www.bellunopress.it\\\/?s={search_term_string}\"},\"query-input\":{\"@type\":\"PropertyValueSpecification\",\"valueRequired\":true,\"valueName\":\"search_term_string\"}}],\"inLanguage\":\"fr-FR\"},{\"@type\":\"Organization\",\"@id\":\"https:\\\/\\\/www.bellunopress.it\\\/#organization\",\"name\":\"Bellunopress\",\"url\":\"https:\\\/\\\/www.bellunopress.it\\\/\",\"logo\":{\"@type\":\"ImageObject\",\"inLanguage\":\"fr-FR\",\"@id\":\"https:\\\/\\\/www.bellunopress.it\\\/#\\\/schema\\\/logo\\\/image\\\/\",\"url\":\"https:\\\/\\\/www.bellunopress.it\\\/wp-content\\\/uploads\\\/2011\\\/05\\\/cropped-logo-bellunopress-.jpg\",\"contentUrl\":\"https:\\\/\\\/www.bellunopress.it\\\/wp-content\\\/uploads\\\/2011\\\/05\\\/cropped-logo-bellunopress-.jpg\",\"width\":512,\"height\":512,\"caption\":\"Bellunopress\"},\"image\":{\"@id\":\"https:\\\/\\\/www.bellunopress.it\\\/#\\\/schema\\\/logo\\\/image\\\/\"},\"sameAs\":[\"https:\\\/\\\/www.facebook.com\\\/profile.php?id=100008943462799\",\"https:\\\/\\\/x.com\\\/bellunopress\",\"https:\\\/\\\/www.linkedin.com\\\/hp\\\/?dnr=JBzUWaJfMUw8vbXJJ2tVW5-I3jZKvC4wsoxE&amp;amp;amp;amp;amp;amp;trk=nav_responsive_tab_home\",\"https:\\\/\\\/www.youtube.com\\\/channel\\\/UCxL0wu1uN0_3_7hGG0306cw\"]},{\"@type\":\"Person\",\"@id\":\"https:\\\/\\\/www.bellunopress.it\\\/#\\\/schema\\\/person\\\/79bb06722b37ece1c03d3e94beb30d73\",\"name\":\"redazione\",\"image\":{\"@type\":\"ImageObject\",\"inLanguage\":\"fr-FR\",\"@id\":\"https:\\\/\\\/secure.gravatar.com\\\/avatar\\\/37d968a2e67a6fd04c169c4bdef102d0bc5d31b2546345219e348575eb80e9a0?s=96&d=mm&r=g\",\"url\":\"https:\\\/\\\/secure.gravatar.com\\\/avatar\\\/37d968a2e67a6fd04c169c4bdef102d0bc5d31b2546345219e348575eb80e9a0?s=96&d=mm&r=g\",\"contentUrl\":\"https:\\\/\\\/secure.gravatar.com\\\/avatar\\\/37d968a2e67a6fd04c169c4bdef102d0bc5d31b2546345219e348575eb80e9a0?s=96&d=mm&r=g\",\"caption\":\"redazione\"},\"sameAs\":[\"http:\\\/\\\/www.bellunopress.it\",\"https:\\\/\\\/x.com\\\/bellunopress\"],\"url\":\"https:\\\/\\\/www.bellunopress.it\\\/fr\\\/author\\\/redazione\\\/\"}]}<\/script>\n<!-- \/ Yoast SEO plugin. -->","yoast_head_json":{"title":"La Lilt riprende a settembre la campagna per i nei sospetti - Bellunopress - Dolomiti","robots":{"index":"index","follow":"follow","max-snippet":"max-snippet:-1","max-image-preview":"max-image-preview:large","max-video-preview":"max-video-preview:-1"},"canonical":"https:\/\/www.bellunopress.it\/fr\/2010\/06\/20\/la-lilt-riprende-a-settembre-la-campagna-per-i-nei-sospetti\/","og_locale":"fr_FR","og_type":"article","og_title":"La Lilt riprende a settembre la campagna per i nei sospetti - Bellunopress - Dolomiti","og_description":"Si \u00e8 conclusa positivamente la campagna della Lilt di Belluno, relativa al primo semestre 2010, per l\u2019individuazione dei nei sospetti. Il bilancio delle adesioni da parte dei cittadini \u00e8 ampiamente positivo, con circa un migliaio di visite all\u2019anno. Le visite, ricorda la Lega italiana contro i tumori di Belluno, vengono svolte da un medico specialista [&hellip;]","og_url":"https:\/\/www.bellunopress.it\/fr\/2010\/06\/20\/la-lilt-riprende-a-settembre-la-campagna-per-i-nei-sospetti\/","og_site_name":"Bellunopress - Dolomiti","article_publisher":"https:\/\/www.facebook.com\/profile.php?id=100008943462799","article_published_time":"2010-06-20T08:57:58+00:00","og_image":[{"url":"http:\/\/www.bellunopress.it\/wp-content\/uploads\/2010\/03\/lilt-lega-tumori.jpg","type":"","width":"","height":""}],"author":"redazione","twitter_card":"summary_large_image","twitter_creator":"@bellunopress","twitter_site":"@bellunopress","twitter_misc":{"\u00c9crit par":"redazione","Dur\u00e9e de lecture estim\u00e9e":"1 minute"},"schema":{"@context":"https:\/\/schema.org","@graph":[{"@type":"Article","@id":"https:\/\/www.bellunopress.it\/2010\/06\/20\/la-lilt-riprende-a-settembre-la-campagna-per-i-nei-sospetti\/#article","isPartOf":{"@id":"https:\/\/www.bellunopress.it\/2010\/06\/20\/la-lilt-riprende-a-settembre-la-campagna-per-i-nei-sospetti\/"},"author":{"name":"redazione","@id":"https:\/\/www.bellunopress.it\/#\/schema\/person\/79bb06722b37ece1c03d3e94beb30d73"},"headline":"La Lilt riprende a settembre la campagna per i nei sospetti","datePublished":"2010-06-20T08:57:58+00:00","mainEntityOfPage":{"@id":"https:\/\/www.bellunopress.it\/2010\/06\/20\/la-lilt-riprende-a-settembre-la-campagna-per-i-nei-sospetti\/"},"wordCount":198,"publisher":{"@id":"https:\/\/www.bellunopress.it\/#organization"},"image":{"@id":"https:\/\/www.bellunopress.it\/2010\/06\/20\/la-lilt-riprende-a-settembre-la-campagna-per-i-nei-sospetti\/#primaryimage"},"thumbnailUrl":"http:\/\/www.bellunopress.it\/wp-content\/uploads\/2010\/03\/lilt-lega-tumori.jpg","keywords":["Lilt Belluno"],"articleSection":["Prima Pagina","Sanit\u00e0 Medicina"],"inLanguage":"fr-FR"},{"@type":"WebPage","@id":"https:\/\/www.bellunopress.it\/2010\/06\/20\/la-lilt-riprende-a-settembre-la-campagna-per-i-nei-sospetti\/","url":"https:\/\/www.bellunopress.it\/2010\/06\/20\/la-lilt-riprende-a-settembre-la-campagna-per-i-nei-sospetti\/","name":"La Lilt riprende a settembre la campagna per i nei sospetti - Bellunopress - Dolomiti","isPartOf":{"@id":"https:\/\/www.bellunopress.it\/#website"},"primaryImageOfPage":{"@id":"https:\/\/www.bellunopress.it\/2010\/06\/20\/la-lilt-riprende-a-settembre-la-campagna-per-i-nei-sospetti\/#primaryimage"},"image":{"@id":"https:\/\/www.bellunopress.it\/2010\/06\/20\/la-lilt-riprende-a-settembre-la-campagna-per-i-nei-sospetti\/#primaryimage"},"thumbnailUrl":"http:\/\/www.bellunopress.it\/wp-content\/uploads\/2010\/03\/lilt-lega-tumori.jpg","datePublished":"2010-06-20T08:57:58+00:00","breadcrumb":{"@id":"https:\/\/www.bellunopress.it\/2010\/06\/20\/la-lilt-riprende-a-settembre-la-campagna-per-i-nei-sospetti\/#breadcrumb"},"inLanguage":"fr-FR","potentialAction":[{"@type":"ReadAction","target":["https:\/\/www.bellunopress.it\/2010\/06\/20\/la-lilt-riprende-a-settembre-la-campagna-per-i-nei-sospetti\/"]}]},{"@type":"ImageObject","inLanguage":"fr-FR","@id":"https:\/\/www.bellunopress.it\/2010\/06\/20\/la-lilt-riprende-a-settembre-la-campagna-per-i-nei-sospetti\/#primaryimage","url":"http:\/\/www.bellunopress.it\/wp-content\/uploads\/2010\/03\/lilt-lega-tumori.jpg","contentUrl":"http:\/\/www.bellunopress.it\/wp-content\/uploads\/2010\/03\/lilt-lega-tumori.jpg"},{"@type":"BreadcrumbList","@id":"https:\/\/www.bellunopress.it\/2010\/06\/20\/la-lilt-riprende-a-settembre-la-campagna-per-i-nei-sospetti\/#breadcrumb","itemListElement":[{"@type":"ListItem","position":1,"name":"Home","item":"https:\/\/www.bellunopress.it\/"},{"@type":"ListItem","position":2,"name":"La Lilt riprende a settembre la campagna per i nei sospetti"}]},{"@type":"WebSite","@id":"https:\/\/www.bellunopress.it\/#website","url":"https:\/\/www.bellunopress.it\/","name":"Bellunopress - Dolomiti","description":"e-mail: redazione@bellunopress.it","publisher":{"@id":"https:\/\/www.bellunopress.it\/#organization"},"potentialAction":[{"@type":"SearchAction","target":{"@type":"EntryPoint","urlTemplate":"https:\/\/www.bellunopress.it\/?s={search_term_string}"},"query-input":{"@type":"PropertyValueSpecification","valueRequired":true,"valueName":"search_term_string"}}],"inLanguage":"fr-FR"},{"@type":"Organization","@id":"https:\/\/www.bellunopress.it\/#organization","name":"Bellunopress","url":"https:\/\/www.bellunopress.it\/","logo":{"@type":"ImageObject","inLanguage":"fr-FR","@id":"https:\/\/www.bellunopress.it\/#\/schema\/logo\/image\/","url":"https:\/\/www.bellunopress.it\/wp-content\/uploads\/2011\/05\/cropped-logo-bellunopress-.jpg","contentUrl":"https:\/\/www.bellunopress.it\/wp-content\/uploads\/2011\/05\/cropped-logo-bellunopress-.jpg","width":512,"height":512,"caption":"Bellunopress"},"image":{"@id":"https:\/\/www.bellunopress.it\/#\/schema\/logo\/image\/"},"sameAs":["https:\/\/www.facebook.com\/profile.php?id=100008943462799","https:\/\/x.com\/bellunopress","https:\/\/www.linkedin.com\/hp\/?dnr=JBzUWaJfMUw8vbXJJ2tVW5-I3jZKvC4wsoxE&amp;amp;amp;amp;amp;amp;trk=nav_responsive_tab_home","https:\/\/www.youtube.com\/channel\/UCxL0wu1uN0_3_7hGG0306cw"]},{"@type":"Person","@id":"https:\/\/www.bellunopress.it\/#\/schema\/person\/79bb06722b37ece1c03d3e94beb30d73","name":"r\u00e9daction","image":{"@type":"ImageObject","inLanguage":"fr-FR","@id":"https:\/\/secure.gravatar.com\/avatar\/37d968a2e67a6fd04c169c4bdef102d0bc5d31b2546345219e348575eb80e9a0?s=96&d=mm&r=g","url":"https:\/\/secure.gravatar.com\/avatar\/37d968a2e67a6fd04c169c4bdef102d0bc5d31b2546345219e348575eb80e9a0?s=96&d=mm&r=g","contentUrl":"https:\/\/secure.gravatar.com\/avatar\/37d968a2e67a6fd04c169c4bdef102d0bc5d31b2546345219e348575eb80e9a0?s=96&d=mm&r=g","caption":"redazione"},"sameAs":["http:\/\/www.bellunopress.it","https:\/\/x.com\/bellunopress"],"url":"https:\/\/www.bellunopress.it\/fr\/author\/redazione\/"}]}},"_links":{"self":[{"href":"https:\/\/www.bellunopress.it\/fr\/wp-json\/wp\/v2\/posts\/16481","targetHints":{"allow":["GET"]}}],"collection":[{"href":"https:\/\/www.bellunopress.it\/fr\/wp-json\/wp\/v2\/posts"}],"about":[{"href":"https:\/\/www.bellunopress.it\/fr\/wp-json\/wp\/v2\/types\/post"}],"author":[{"embeddable":true,"href":"https:\/\/www.bellunopress.it\/fr\/wp-json\/wp\/v2\/users\/2"}],"replies":[{"embeddable":true,"href":"https:\/\/www.bellunopress.it\/fr\/wp-json\/wp\/v2\/comments?post=16481"}],"version-history":[{"count":1,"href":"https:\/\/www.bellunopress.it\/fr\/wp-json\/wp\/v2\/posts\/16481\/revisions"}],"predecessor-version":[{"id":16482,"href":"https:\/\/www.bellunopress.it\/fr\/wp-json\/wp\/v2\/posts\/16481\/revisions\/16482"}],"wp:attachment":[{"href":"https:\/\/www.bellunopress.it\/fr\/wp-json\/wp\/v2\/media?parent=16481"}],"wp:term":[{"taxonomy":"category","embeddable":true,"href":"https:\/\/www.bellunopress.it\/fr\/wp-json\/wp\/v2\/categories?post=16481"},{"taxonomy":"post_tag","embeddable":true,"href":"https:\/\/www.bellunopress.it\/fr\/wp-json\/wp\/v2\/tags?post=16481"}],"curies":[{"name":"wp","href":"https:\/\/api.w.org\/{rel}","templated":true}]}}