{"id":164806,"date":"2025-11-10T18:35:52","date_gmt":"2025-11-10T17:35:52","guid":{"rendered":"https:\/\/www.bellunopress.it\/?p=164806"},"modified":"2025-11-10T18:42:23","modified_gmt":"2025-11-10T17:42:23","slug":"confronto-coin-i-candidati-di-fdi-sul-patto-sui-fondi-per-i-comuni-di-confine","status":"publish","type":"post","link":"https:\/\/www.bellunopress.it\/fr\/2025\/11\/10\/confronto-coin-i-candidati-di-fdi-sul-patto-sui-fondi-per-i-comuni-di-confine\/","title":{"rendered":"Confronto con i candidati di FdI sul Patto sui Fondi per i Comuni di confine"},"content":{"rendered":"<p><img loading=\"lazy\" decoding=\"async\" class=\"aligncenter size-full wp-image-164807\" src=\"https:\/\/www.bellunopress.it\/wp-content\/uploads\/2025\/11\/candidati-FdI-Fondi-Comuni-Confine.jpg\" alt=\"\" width=\"800\" height=\"472\" srcset=\"https:\/\/www.bellunopress.it\/wp-content\/uploads\/2025\/11\/candidati-FdI-Fondi-Comuni-Confine.jpg 800w, https:\/\/www.bellunopress.it\/wp-content\/uploads\/2025\/11\/candidati-FdI-Fondi-Comuni-Confine-500x295.jpg 500w, https:\/\/www.bellunopress.it\/wp-content\/uploads\/2025\/11\/candidati-FdI-Fondi-Comuni-Confine-712x420.jpg 712w, https:\/\/www.bellunopress.it\/wp-content\/uploads\/2025\/11\/candidati-FdI-Fondi-Comuni-Confine-696x411.jpg 696w\" sizes=\"auto, (max-width: 800px) 100vw, 800px\" \/>Belluno 10 novembre 2025 &#8211; Si \u00e8 tenuto in provincia di Belluno, presso il cantiere del tunnel della Pala Rossa (SS50), un incontro strategico per il rilancio del patto sui Fondi per i Comuni di confine.<\/p>\n<p>All&#8217;appuntamento, svoltosi in un luogo simbolo della collaborazione interregionale, erano presenti i candidati di Fratelli d&#8217;Italia della provincia di Belluno alle prossime elezioni regionali: Dario Bond, Silvia Calligaro, Massimo Bortoluzzi, Milena De Zanet e Alessandro Farina; erano presenti anche l&#8217;On. Alessandro Urz\u00ec, coordinatore di FdI del Trentino-Alto Adige, e l&#8217;assessore della Provincia autonoma di Trento, Francesca Gerosa.<\/p>\n<p>Dal confronto \u00e8 emersa la comune volont\u00e0 politica e istituzionale di procedere con l&#8217;attualizzazione delle risorse stanziate, pari a 80 milioni di euro annui e istituite con la Finanziaria 2010. \u00c8 stato evidenziato come l&#8217;aumento generalizzato dei costi e la riduzione del potere d&#8217;acquisto richiedano un adeguamento degli importi per mantenere l&#8217;efficacia degli interventi programmati e garantire il completamento delle opere strategiche, fondamentali per l&#8217;economia dei territori. L&#8217;incontro ha ribadito il valore dei Fondi di Confine come strumento essenziale di coesione e sviluppo per le aree montane. \u00c8 stata sottolineata l&#8217;importanza di superare la frammentazione degli investimenti, concentrando le risorse su progetti strategici di area vasta che colleghino valli e regioni. Tra le priorit\u00e0 indicate per la prossima programmazione figurano il potenziamento delle infrastrutture viarie, la gestione delle risorse idroelettriche e, in particolare, le politiche attive contro lo spopolamento, come l&#8217;housing sociale e il recupero di edifici. \u00c8 stata inoltre avanzata la necessit\u00e0 di destinare una quota dei fondi ai costi di gestione per garantire i servizi essenziali di prossimit\u00e0, come medici di base e presidi sanitari.<\/p>\n<p>\u00c8 stata infine richiamata l&#8217;esigenza di ancorare la programmazione al principio del risultato, come previsto dal nuovo Codice degli Appalti, per assicurare opere di qualit\u00e0 nei tempi previsti. L&#8217;impegno condiviso \u00e8 quello di rafforzare la collaborazione tra Veneto e Province Autonome, in un&#8217;ottica di responsabilit\u00e0 istituzionale. Il coordinamento tra i diversi strumenti di finanziamento e una visione di lungo periodo sono fondamentali per trasformare le montagne da barriere a ponti di unione e crescita.<\/p>","protected":false},"excerpt":{"rendered":"<p>Belluno 10 novembre 2025 &#8211; Si \u00e8 tenuto in provincia di Belluno, presso il cantiere del tunnel della Pala Rossa (SS50), un incontro strategico per il rilancio del patto sui Fondi per i Comuni di confine. All&#8217;appuntamento, svoltosi in un luogo simbolo della collaborazione interregionale, erano presenti i candidati di Fratelli d&#8217;Italia della provincia di [&hellip;]<\/p>\n","protected":false},"author":2,"featured_media":164807,"comment_status":"closed","ping_status":"open","sticky":false,"template":"","format":"standard","meta":{"footnotes":""},"categories":[5,26],"tags":[],"class_list":["post-164806","post","type-post","status-publish","format-standard","has-post-thumbnail","category-cronaca","category-prima-pagina"],"yoast_head":"<!-- This site is optimized with the Yoast SEO plugin v28.4 - https:\/\/yoast.com\/product\/yoast-seo-wordpress\/ -->\n<title>Confronto con i candidati di FdI sul Patto sui Fondi per i Comuni di confine - Bellunopress - Dolomiti<\/title>\n<meta name=\"robots\" content=\"index, follow, max-snippet:-1, max-image-preview:large, max-video-preview:-1\" \/>\n<link rel=\"canonical\" href=\"https:\/\/www.bellunopress.it\/fr\/2025\/11\/10\/confronto-coin-i-candidati-di-fdi-sul-patto-sui-fondi-per-i-comuni-di-confine\/\" \/>\n<meta property=\"og:locale\" content=\"fr_FR\" \/>\n<meta property=\"og:type\" content=\"article\" \/>\n<meta property=\"og:title\" content=\"Confronto con i candidati di FdI sul Patto sui Fondi per i Comuni di confine - Bellunopress - Dolomiti\" \/>\n<meta property=\"og:description\" content=\"Belluno 10 novembre 2025 &#8211; Si \u00e8 tenuto in provincia di Belluno, presso il cantiere del tunnel della Pala Rossa (SS50), un incontro strategico per il rilancio del patto sui Fondi per i Comuni di confine. All&#8217;appuntamento, svoltosi in un luogo simbolo della collaborazione interregionale, erano presenti i candidati di Fratelli d&#8217;Italia della provincia di [&hellip;]\" \/>\n<meta property=\"og:url\" content=\"https:\/\/www.bellunopress.it\/fr\/2025\/11\/10\/confronto-coin-i-candidati-di-fdi-sul-patto-sui-fondi-per-i-comuni-di-confine\/\" \/>\n<meta property=\"og:site_name\" content=\"Bellunopress - Dolomiti\" \/>\n<meta property=\"article:publisher\" content=\"https:\/\/www.facebook.com\/profile.php?id=100008943462799\" \/>\n<meta property=\"article:published_time\" content=\"2025-11-10T17:35:52+00:00\" \/>\n<meta property=\"article:modified_time\" content=\"2025-11-10T17:42:23+00:00\" \/>\n<meta property=\"og:image\" content=\"https:\/\/www.bellunopress.it\/wp-content\/uploads\/2025\/11\/candidati-FdI-Fondi-Comuni-Confine.jpg\" \/>\n\t<meta property=\"og:image:width\" content=\"800\" \/>\n\t<meta property=\"og:image:height\" content=\"472\" \/>\n\t<meta property=\"og:image:type\" content=\"image\/jpeg\" \/>\n<meta name=\"author\" content=\"redazione\" \/>\n<meta name=\"twitter:card\" content=\"summary_large_image\" \/>\n<meta name=\"twitter:creator\" content=\"@bellunopress\" \/>\n<meta name=\"twitter:site\" content=\"@bellunopress\" \/>\n<meta name=\"twitter:label1\" content=\"\u00c9crit par\" \/>\n\t<meta name=\"twitter:data1\" content=\"redazione\" \/>\n\t<meta name=\"twitter:label2\" content=\"Dur\u00e9e de lecture estim\u00e9e\" \/>\n\t<meta name=\"twitter:data2\" content=\"2 minutes\" \/>\n<script type=\"application\/ld+json\" class=\"yoast-schema-graph\">{\"@context\":\"https:\\\/\\\/schema.org\",\"@graph\":[{\"@type\":\"Article\",\"@id\":\"https:\\\/\\\/www.bellunopress.it\\\/2025\\\/11\\\/10\\\/confronto-coin-i-candidati-di-fdi-sul-patto-sui-fondi-per-i-comuni-di-confine\\\/#article\",\"isPartOf\":{\"@id\":\"https:\\\/\\\/www.bellunopress.it\\\/2025\\\/11\\\/10\\\/confronto-coin-i-candidati-di-fdi-sul-patto-sui-fondi-per-i-comuni-di-confine\\\/\"},\"author\":{\"name\":\"redazione\",\"@id\":\"https:\\\/\\\/www.bellunopress.it\\\/#\\\/schema\\\/person\\\/79bb06722b37ece1c03d3e94beb30d73\"},\"headline\":\"Confronto con i candidati di FdI sul Patto sui Fondi per i Comuni di confine\",\"datePublished\":\"2025-11-10T17:35:52+00:00\",\"dateModified\":\"2025-11-10T17:42:23+00:00\",\"mainEntityOfPage\":{\"@id\":\"https:\\\/\\\/www.bellunopress.it\\\/2025\\\/11\\\/10\\\/confronto-coin-i-candidati-di-fdi-sul-patto-sui-fondi-per-i-comuni-di-confine\\\/\"},\"wordCount\":363,\"publisher\":{\"@id\":\"https:\\\/\\\/www.bellunopress.it\\\/#organization\"},\"image\":{\"@id\":\"https:\\\/\\\/www.bellunopress.it\\\/2025\\\/11\\\/10\\\/confronto-coin-i-candidati-di-fdi-sul-patto-sui-fondi-per-i-comuni-di-confine\\\/#primaryimage\"},\"thumbnailUrl\":\"https:\\\/\\\/www.bellunopress.it\\\/wp-content\\\/uploads\\\/2025\\\/11\\\/candidati-FdI-Fondi-Comuni-Confine.jpg\",\"articleSection\":[\"Cronaca\\\/Politica\",\"Prima Pagina\"],\"inLanguage\":\"fr-FR\"},{\"@type\":\"WebPage\",\"@id\":\"https:\\\/\\\/www.bellunopress.it\\\/2025\\\/11\\\/10\\\/confronto-coin-i-candidati-di-fdi-sul-patto-sui-fondi-per-i-comuni-di-confine\\\/\",\"url\":\"https:\\\/\\\/www.bellunopress.it\\\/2025\\\/11\\\/10\\\/confronto-coin-i-candidati-di-fdi-sul-patto-sui-fondi-per-i-comuni-di-confine\\\/\",\"name\":\"Confronto con i candidati di FdI sul Patto sui Fondi per i Comuni di confine - Bellunopress - Dolomiti\",\"isPartOf\":{\"@id\":\"https:\\\/\\\/www.bellunopress.it\\\/#website\"},\"primaryImageOfPage\":{\"@id\":\"https:\\\/\\\/www.bellunopress.it\\\/2025\\\/11\\\/10\\\/confronto-coin-i-candidati-di-fdi-sul-patto-sui-fondi-per-i-comuni-di-confine\\\/#primaryimage\"},\"image\":{\"@id\":\"https:\\\/\\\/www.bellunopress.it\\\/2025\\\/11\\\/10\\\/confronto-coin-i-candidati-di-fdi-sul-patto-sui-fondi-per-i-comuni-di-confine\\\/#primaryimage\"},\"thumbnailUrl\":\"https:\\\/\\\/www.bellunopress.it\\\/wp-content\\\/uploads\\\/2025\\\/11\\\/candidati-FdI-Fondi-Comuni-Confine.jpg\",\"datePublished\":\"2025-11-10T17:35:52+00:00\",\"dateModified\":\"2025-11-10T17:42:23+00:00\",\"breadcrumb\":{\"@id\":\"https:\\\/\\\/www.bellunopress.it\\\/2025\\\/11\\\/10\\\/confronto-coin-i-candidati-di-fdi-sul-patto-sui-fondi-per-i-comuni-di-confine\\\/#breadcrumb\"},\"inLanguage\":\"fr-FR\",\"potentialAction\":[{\"@type\":\"ReadAction\",\"target\":[\"https:\\\/\\\/www.bellunopress.it\\\/2025\\\/11\\\/10\\\/confronto-coin-i-candidati-di-fdi-sul-patto-sui-fondi-per-i-comuni-di-confine\\\/\"]}]},{\"@type\":\"ImageObject\",\"inLanguage\":\"fr-FR\",\"@id\":\"https:\\\/\\\/www.bellunopress.it\\\/2025\\\/11\\\/10\\\/confronto-coin-i-candidati-di-fdi-sul-patto-sui-fondi-per-i-comuni-di-confine\\\/#primaryimage\",\"url\":\"https:\\\/\\\/www.bellunopress.it\\\/wp-content\\\/uploads\\\/2025\\\/11\\\/candidati-FdI-Fondi-Comuni-Confine.jpg\",\"contentUrl\":\"https:\\\/\\\/www.bellunopress.it\\\/wp-content\\\/uploads\\\/2025\\\/11\\\/candidati-FdI-Fondi-Comuni-Confine.jpg\",\"width\":800,\"height\":472},{\"@type\":\"BreadcrumbList\",\"@id\":\"https:\\\/\\\/www.bellunopress.it\\\/2025\\\/11\\\/10\\\/confronto-coin-i-candidati-di-fdi-sul-patto-sui-fondi-per-i-comuni-di-confine\\\/#breadcrumb\",\"itemListElement\":[{\"@type\":\"ListItem\",\"position\":1,\"name\":\"Home\",\"item\":\"https:\\\/\\\/www.bellunopress.it\\\/\"},{\"@type\":\"ListItem\",\"position\":2,\"name\":\"Confronto con i candidati di FdI sul Patto sui Fondi per i Comuni di confine\"}]},{\"@type\":\"WebSite\",\"@id\":\"https:\\\/\\\/www.bellunopress.it\\\/#website\",\"url\":\"https:\\\/\\\/www.bellunopress.it\\\/\",\"name\":\"Bellunopress - Dolomiti\",\"description\":\"e-mail: redazione@bellunopress.it\",\"publisher\":{\"@id\":\"https:\\\/\\\/www.bellunopress.it\\\/#organization\"},\"potentialAction\":[{\"@type\":\"SearchAction\",\"target\":{\"@type\":\"EntryPoint\",\"urlTemplate\":\"https:\\\/\\\/www.bellunopress.it\\\/?s={search_term_string}\"},\"query-input\":{\"@type\":\"PropertyValueSpecification\",\"valueRequired\":true,\"valueName\":\"search_term_string\"}}],\"inLanguage\":\"fr-FR\"},{\"@type\":\"Organization\",\"@id\":\"https:\\\/\\\/www.bellunopress.it\\\/#organization\",\"name\":\"Bellunopress\",\"url\":\"https:\\\/\\\/www.bellunopress.it\\\/\",\"logo\":{\"@type\":\"ImageObject\",\"inLanguage\":\"fr-FR\",\"@id\":\"https:\\\/\\\/www.bellunopress.it\\\/#\\\/schema\\\/logo\\\/image\\\/\",\"url\":\"https:\\\/\\\/www.bellunopress.it\\\/wp-content\\\/uploads\\\/2011\\\/05\\\/cropped-logo-bellunopress-.jpg\",\"contentUrl\":\"https:\\\/\\\/www.bellunopress.it\\\/wp-content\\\/uploads\\\/2011\\\/05\\\/cropped-logo-bellunopress-.jpg\",\"width\":512,\"height\":512,\"caption\":\"Bellunopress\"},\"image\":{\"@id\":\"https:\\\/\\\/www.bellunopress.it\\\/#\\\/schema\\\/logo\\\/image\\\/\"},\"sameAs\":[\"https:\\\/\\\/www.facebook.com\\\/profile.php?id=100008943462799\",\"https:\\\/\\\/x.com\\\/bellunopress\",\"https:\\\/\\\/www.linkedin.com\\\/hp\\\/?dnr=JBzUWaJfMUw8vbXJJ2tVW5-I3jZKvC4wsoxE&amp;amp;amp;amp;amp;amp;trk=nav_responsive_tab_home\",\"https:\\\/\\\/www.youtube.com\\\/channel\\\/UCxL0wu1uN0_3_7hGG0306cw\"]},{\"@type\":\"Person\",\"@id\":\"https:\\\/\\\/www.bellunopress.it\\\/#\\\/schema\\\/person\\\/79bb06722b37ece1c03d3e94beb30d73\",\"name\":\"redazione\",\"image\":{\"@type\":\"ImageObject\",\"inLanguage\":\"fr-FR\",\"@id\":\"https:\\\/\\\/secure.gravatar.com\\\/avatar\\\/37d968a2e67a6fd04c169c4bdef102d0bc5d31b2546345219e348575eb80e9a0?s=96&d=mm&r=g\",\"url\":\"https:\\\/\\\/secure.gravatar.com\\\/avatar\\\/37d968a2e67a6fd04c169c4bdef102d0bc5d31b2546345219e348575eb80e9a0?s=96&d=mm&r=g\",\"contentUrl\":\"https:\\\/\\\/secure.gravatar.com\\\/avatar\\\/37d968a2e67a6fd04c169c4bdef102d0bc5d31b2546345219e348575eb80e9a0?s=96&d=mm&r=g\",\"caption\":\"redazione\"},\"sameAs\":[\"http:\\\/\\\/www.bellunopress.it\",\"https:\\\/\\\/x.com\\\/bellunopress\"],\"url\":\"https:\\\/\\\/www.bellunopress.it\\\/fr\\\/author\\\/redazione\\\/\"}]}<\/script>\n<!-- \/ Yoast SEO plugin. -->","yoast_head_json":{"title":"Confronto con i candidati di FdI sul Patto sui Fondi per i Comuni di confine - Bellunopress - Dolomiti","robots":{"index":"index","follow":"follow","max-snippet":"max-snippet:-1","max-image-preview":"max-image-preview:large","max-video-preview":"max-video-preview:-1"},"canonical":"https:\/\/www.bellunopress.it\/fr\/2025\/11\/10\/confronto-coin-i-candidati-di-fdi-sul-patto-sui-fondi-per-i-comuni-di-confine\/","og_locale":"fr_FR","og_type":"article","og_title":"Confronto con i candidati di FdI sul Patto sui Fondi per i Comuni di confine - Bellunopress - Dolomiti","og_description":"Belluno 10 novembre 2025 &#8211; Si \u00e8 tenuto in provincia di Belluno, presso il cantiere del tunnel della Pala Rossa (SS50), un incontro strategico per il rilancio del patto sui Fondi per i Comuni di confine. All&#8217;appuntamento, svoltosi in un luogo simbolo della collaborazione interregionale, erano presenti i candidati di Fratelli d&#8217;Italia della provincia di [&hellip;]","og_url":"https:\/\/www.bellunopress.it\/fr\/2025\/11\/10\/confronto-coin-i-candidati-di-fdi-sul-patto-sui-fondi-per-i-comuni-di-confine\/","og_site_name":"Bellunopress - Dolomiti","article_publisher":"https:\/\/www.facebook.com\/profile.php?id=100008943462799","article_published_time":"2025-11-10T17:35:52+00:00","article_modified_time":"2025-11-10T17:42:23+00:00","og_image":[{"width":800,"height":472,"url":"https:\/\/www.bellunopress.it\/wp-content\/uploads\/2025\/11\/candidati-FdI-Fondi-Comuni-Confine.jpg","type":"image\/jpeg"}],"author":"redazione","twitter_card":"summary_large_image","twitter_creator":"@bellunopress","twitter_site":"@bellunopress","twitter_misc":{"\u00c9crit par":"redazione","Dur\u00e9e de lecture estim\u00e9e":"2 minutes"},"schema":{"@context":"https:\/\/schema.org","@graph":[{"@type":"Article","@id":"https:\/\/www.bellunopress.it\/2025\/11\/10\/confronto-coin-i-candidati-di-fdi-sul-patto-sui-fondi-per-i-comuni-di-confine\/#article","isPartOf":{"@id":"https:\/\/www.bellunopress.it\/2025\/11\/10\/confronto-coin-i-candidati-di-fdi-sul-patto-sui-fondi-per-i-comuni-di-confine\/"},"author":{"name":"redazione","@id":"https:\/\/www.bellunopress.it\/#\/schema\/person\/79bb06722b37ece1c03d3e94beb30d73"},"headline":"Confronto con i candidati di FdI sul Patto sui Fondi per i Comuni di confine","datePublished":"2025-11-10T17:35:52+00:00","dateModified":"2025-11-10T17:42:23+00:00","mainEntityOfPage":{"@id":"https:\/\/www.bellunopress.it\/2025\/11\/10\/confronto-coin-i-candidati-di-fdi-sul-patto-sui-fondi-per-i-comuni-di-confine\/"},"wordCount":363,"publisher":{"@id":"https:\/\/www.bellunopress.it\/#organization"},"image":{"@id":"https:\/\/www.bellunopress.it\/2025\/11\/10\/confronto-coin-i-candidati-di-fdi-sul-patto-sui-fondi-per-i-comuni-di-confine\/#primaryimage"},"thumbnailUrl":"https:\/\/www.bellunopress.it\/wp-content\/uploads\/2025\/11\/candidati-FdI-Fondi-Comuni-Confine.jpg","articleSection":["Cronaca\/Politica","Prima Pagina"],"inLanguage":"fr-FR"},{"@type":"WebPage","@id":"https:\/\/www.bellunopress.it\/2025\/11\/10\/confronto-coin-i-candidati-di-fdi-sul-patto-sui-fondi-per-i-comuni-di-confine\/","url":"https:\/\/www.bellunopress.it\/2025\/11\/10\/confronto-coin-i-candidati-di-fdi-sul-patto-sui-fondi-per-i-comuni-di-confine\/","name":"Confronto con i candidati di FdI sul Patto sui Fondi per i Comuni di confine - Bellunopress - Dolomiti","isPartOf":{"@id":"https:\/\/www.bellunopress.it\/#website"},"primaryImageOfPage":{"@id":"https:\/\/www.bellunopress.it\/2025\/11\/10\/confronto-coin-i-candidati-di-fdi-sul-patto-sui-fondi-per-i-comuni-di-confine\/#primaryimage"},"image":{"@id":"https:\/\/www.bellunopress.it\/2025\/11\/10\/confronto-coin-i-candidati-di-fdi-sul-patto-sui-fondi-per-i-comuni-di-confine\/#primaryimage"},"thumbnailUrl":"https:\/\/www.bellunopress.it\/wp-content\/uploads\/2025\/11\/candidati-FdI-Fondi-Comuni-Confine.jpg","datePublished":"2025-11-10T17:35:52+00:00","dateModified":"2025-11-10T17:42:23+00:00","breadcrumb":{"@id":"https:\/\/www.bellunopress.it\/2025\/11\/10\/confronto-coin-i-candidati-di-fdi-sul-patto-sui-fondi-per-i-comuni-di-confine\/#breadcrumb"},"inLanguage":"fr-FR","potentialAction":[{"@type":"ReadAction","target":["https:\/\/www.bellunopress.it\/2025\/11\/10\/confronto-coin-i-candidati-di-fdi-sul-patto-sui-fondi-per-i-comuni-di-confine\/"]}]},{"@type":"ImageObject","inLanguage":"fr-FR","@id":"https:\/\/www.bellunopress.it\/2025\/11\/10\/confronto-coin-i-candidati-di-fdi-sul-patto-sui-fondi-per-i-comuni-di-confine\/#primaryimage","url":"https:\/\/www.bellunopress.it\/wp-content\/uploads\/2025\/11\/candidati-FdI-Fondi-Comuni-Confine.jpg","contentUrl":"https:\/\/www.bellunopress.it\/wp-content\/uploads\/2025\/11\/candidati-FdI-Fondi-Comuni-Confine.jpg","width":800,"height":472},{"@type":"BreadcrumbList","@id":"https:\/\/www.bellunopress.it\/2025\/11\/10\/confronto-coin-i-candidati-di-fdi-sul-patto-sui-fondi-per-i-comuni-di-confine\/#breadcrumb","itemListElement":[{"@type":"ListItem","position":1,"name":"Home","item":"https:\/\/www.bellunopress.it\/"},{"@type":"ListItem","position":2,"name":"Confronto con i candidati di FdI sul Patto sui Fondi per i Comuni di confine"}]},{"@type":"WebSite","@id":"https:\/\/www.bellunopress.it\/#website","url":"https:\/\/www.bellunopress.it\/","name":"Bellunopress - Dolomiti","description":"e-mail: redazione@bellunopress.it","publisher":{"@id":"https:\/\/www.bellunopress.it\/#organization"},"potentialAction":[{"@type":"SearchAction","target":{"@type":"EntryPoint","urlTemplate":"https:\/\/www.bellunopress.it\/?s={search_term_string}"},"query-input":{"@type":"PropertyValueSpecification","valueRequired":true,"valueName":"search_term_string"}}],"inLanguage":"fr-FR"},{"@type":"Organization","@id":"https:\/\/www.bellunopress.it\/#organization","name":"Bellunopress","url":"https:\/\/www.bellunopress.it\/","logo":{"@type":"ImageObject","inLanguage":"fr-FR","@id":"https:\/\/www.bellunopress.it\/#\/schema\/logo\/image\/","url":"https:\/\/www.bellunopress.it\/wp-content\/uploads\/2011\/05\/cropped-logo-bellunopress-.jpg","contentUrl":"https:\/\/www.bellunopress.it\/wp-content\/uploads\/2011\/05\/cropped-logo-bellunopress-.jpg","width":512,"height":512,"caption":"Bellunopress"},"image":{"@id":"https:\/\/www.bellunopress.it\/#\/schema\/logo\/image\/"},"sameAs":["https:\/\/www.facebook.com\/profile.php?id=100008943462799","https:\/\/x.com\/bellunopress","https:\/\/www.linkedin.com\/hp\/?dnr=JBzUWaJfMUw8vbXJJ2tVW5-I3jZKvC4wsoxE&amp;amp;amp;amp;amp;amp;trk=nav_responsive_tab_home","https:\/\/www.youtube.com\/channel\/UCxL0wu1uN0_3_7hGG0306cw"]},{"@type":"Person","@id":"https:\/\/www.bellunopress.it\/#\/schema\/person\/79bb06722b37ece1c03d3e94beb30d73","name":"r\u00e9daction","image":{"@type":"ImageObject","inLanguage":"fr-FR","@id":"https:\/\/secure.gravatar.com\/avatar\/37d968a2e67a6fd04c169c4bdef102d0bc5d31b2546345219e348575eb80e9a0?s=96&d=mm&r=g","url":"https:\/\/secure.gravatar.com\/avatar\/37d968a2e67a6fd04c169c4bdef102d0bc5d31b2546345219e348575eb80e9a0?s=96&d=mm&r=g","contentUrl":"https:\/\/secure.gravatar.com\/avatar\/37d968a2e67a6fd04c169c4bdef102d0bc5d31b2546345219e348575eb80e9a0?s=96&d=mm&r=g","caption":"redazione"},"sameAs":["http:\/\/www.bellunopress.it","https:\/\/x.com\/bellunopress"],"url":"https:\/\/www.bellunopress.it\/fr\/author\/redazione\/"}]}},"_links":{"self":[{"href":"https:\/\/www.bellunopress.it\/fr\/wp-json\/wp\/v2\/posts\/164806","targetHints":{"allow":["GET"]}}],"collection":[{"href":"https:\/\/www.bellunopress.it\/fr\/wp-json\/wp\/v2\/posts"}],"about":[{"href":"https:\/\/www.bellunopress.it\/fr\/wp-json\/wp\/v2\/types\/post"}],"author":[{"embeddable":true,"href":"https:\/\/www.bellunopress.it\/fr\/wp-json\/wp\/v2\/users\/2"}],"replies":[{"embeddable":true,"href":"https:\/\/www.bellunopress.it\/fr\/wp-json\/wp\/v2\/comments?post=164806"}],"version-history":[{"count":2,"href":"https:\/\/www.bellunopress.it\/fr\/wp-json\/wp\/v2\/posts\/164806\/revisions"}],"predecessor-version":[{"id":164809,"href":"https:\/\/www.bellunopress.it\/fr\/wp-json\/wp\/v2\/posts\/164806\/revisions\/164809"}],"wp:featuredmedia":[{"embeddable":true,"href":"https:\/\/www.bellunopress.it\/fr\/wp-json\/wp\/v2\/media\/164807"}],"wp:attachment":[{"href":"https:\/\/www.bellunopress.it\/fr\/wp-json\/wp\/v2\/media?parent=164806"}],"wp:term":[{"taxonomy":"category","embeddable":true,"href":"https:\/\/www.bellunopress.it\/fr\/wp-json\/wp\/v2\/categories?post=164806"},{"taxonomy":"post_tag","embeddable":true,"href":"https:\/\/www.bellunopress.it\/fr\/wp-json\/wp\/v2\/tags?post=164806"}],"curies":[{"name":"wp","href":"https:\/\/api.w.org\/{rel}","templated":true}]}}