{"id":164803,"date":"2025-11-10T18:28:46","date_gmt":"2025-11-10T17:28:46","guid":{"rendered":"https:\/\/www.bellunopress.it\/?p=164803"},"modified":"2025-11-10T18:28:46","modified_gmt":"2025-11-10T17:28:46","slug":"marco-grigoletto-riconfermato-alla-guida-dellanef-veneto-associazione-imprese-funiviarie","status":"publish","type":"post","link":"https:\/\/www.bellunopress.it\/fr\/2025\/11\/10\/marco-grigoletto-riconfermato-alla-guida-dellanef-veneto-associazione-imprese-funiviarie\/","title":{"rendered":"Marco Grigoletto riconfermato alla guida dell&#8217;Anef Veneto, Associazione imprese funiviarie"},"content":{"rendered":"<figure id=\"attachment_164804\" aria-describedby=\"caption-attachment-164804\" style=\"width: 618px\" class=\"wp-caption aligncenter\"><img loading=\"lazy\" decoding=\"async\" class=\"size-full wp-image-164804\" src=\"https:\/\/www.bellunopress.it\/wp-content\/uploads\/2025\/11\/Marco-Grigoletto-pres-Anef-veneto-funivie.jpg\" alt=\"\" width=\"618\" height=\"424\" srcset=\"https:\/\/www.bellunopress.it\/wp-content\/uploads\/2025\/11\/Marco-Grigoletto-pres-Anef-veneto-funivie.jpg 618w, https:\/\/www.bellunopress.it\/wp-content\/uploads\/2025\/11\/Marco-Grigoletto-pres-Anef-veneto-funivie-500x343.jpg 500w, https:\/\/www.bellunopress.it\/wp-content\/uploads\/2025\/11\/Marco-Grigoletto-pres-Anef-veneto-funivie-612x420.jpg 612w, https:\/\/www.bellunopress.it\/wp-content\/uploads\/2025\/11\/Marco-Grigoletto-pres-Anef-veneto-funivie-218x150.jpg 218w\" sizes=\"auto, (max-width: 618px) 100vw, 618px\" \/><figcaption id=\"caption-attachment-164804\" class=\"wp-caption-text\">Marco Grigoletto, presidente Anef Veneto<\/figcaption><\/figure>\n<p>Belluno, 10 novembre 2025 \u2013 Marco Grigoletto, Vice Presidente di Funivie Arabba, \u00e8 stato riconfermato oggi Presidente di ANEF Veneto, l\u2019associazione regionale che rappresenta le imprese funiviarie.<\/p>\n<p>Al suo fianco, nel nuovo Consiglio Direttivo, siederanno Renzo Minella (Faloria), vicepresidente, Cristian Moretti (Alleghe Funivie), Stefano Illing (Lagazuoi e Impianti a fune Col di Lana) ed Enrico Pirollo (Val Fiorentina). La riconferma arriva in un momento cruciale per il mondo della montagna e per l\u2019intero comparto turistico veneto, con l\u2019avvio della stagione invernale che condurr\u00e0 verso il grande appuntamento delle Olimpiadi Milano Cortina 2026.<\/p>\n<p>\u201cRingrazio i soci di ANEF Veneto per la fiducia\u201d, ha dichiarato il Presidente Marco Grigoletto. \u201cIl nostro obiettivo sar\u00e0 continuare a valorizzare le aziende funiviarie, motore economico e sociale delle nostre vallate\u201d.<\/p>\n<p>Tra gli obiettivi del nuovo mandato, Grigoletto ha annunciato l\u2019imminente presentazione di uno studio sull\u2019impatto socio-economico degli impianti di risalita del Veneto, affidato a una prestigiosa societ\u00e0 di consulenza. Lo studio offrir\u00e0 dati aggiornati sul contributo del settore al turismo, all\u2019occupazione e alla sostenibilit\u00e0 delle aree montane.<\/p>\n<p>Con la riconferma di Grigoletto e l\u2019elezione del nuovo consiglio, ANEF Veneto si prepara ad affrontare le sfide della prossima stagione con rinnovato entusiasmo, guardando con fiducia alle opportunit\u00e0 che porteranno i Giochi Olimpici del 2026 e al futuro della montagna veneta.<\/p>\n<p>&nbsp;<\/p>\n<p>&nbsp;<\/p>","protected":false},"excerpt":{"rendered":"<p>Belluno, 10 novembre 2025 \u2013 Marco Grigoletto, Vice Presidente di Funivie Arabba, \u00e8 stato riconfermato oggi Presidente di ANEF Veneto, l\u2019associazione regionale che rappresenta le imprese funiviarie. Al suo fianco, nel nuovo Consiglio Direttivo, siederanno Renzo Minella (Faloria), vicepresidente, Cristian Moretti (Alleghe Funivie), Stefano Illing (Lagazuoi e Impianti a fune Col di Lana) ed Enrico [&hellip;]<\/p>\n","protected":false},"author":2,"featured_media":164804,"comment_status":"closed","ping_status":"open","sticky":false,"template":"","format":"standard","meta":{"footnotes":""},"categories":[36,26],"tags":[],"class_list":["post-164803","post","type-post","status-publish","format-standard","has-post-thumbnail","category-lavoro-economia","category-prima-pagina"],"yoast_head":"<!-- This site is optimized with the Yoast SEO plugin v28.4 - https:\/\/yoast.com\/product\/yoast-seo-wordpress\/ -->\n<title>Marco Grigoletto riconfermato alla guida dell&#039;Anef Veneto, Associazione imprese funiviarie - Bellunopress - Dolomiti<\/title>\n<meta name=\"robots\" content=\"index, follow, max-snippet:-1, max-image-preview:large, max-video-preview:-1\" \/>\n<link rel=\"canonical\" href=\"https:\/\/www.bellunopress.it\/fr\/2025\/11\/10\/marco-grigoletto-riconfermato-alla-guida-dellanef-veneto-associazione-imprese-funiviarie\/\" \/>\n<meta property=\"og:locale\" content=\"fr_FR\" \/>\n<meta property=\"og:type\" content=\"article\" \/>\n<meta property=\"og:title\" content=\"Marco Grigoletto riconfermato alla guida dell&#039;Anef Veneto, Associazione imprese funiviarie - Bellunopress - Dolomiti\" \/>\n<meta property=\"og:description\" content=\"Belluno, 10 novembre 2025 \u2013 Marco Grigoletto, Vice Presidente di Funivie Arabba, \u00e8 stato riconfermato oggi Presidente di ANEF Veneto, l\u2019associazione regionale che rappresenta le imprese funiviarie. Al suo fianco, nel nuovo Consiglio Direttivo, siederanno Renzo Minella (Faloria), vicepresidente, Cristian Moretti (Alleghe Funivie), Stefano Illing (Lagazuoi e Impianti a fune Col di Lana) ed Enrico [&hellip;]\" \/>\n<meta property=\"og:url\" content=\"https:\/\/www.bellunopress.it\/fr\/2025\/11\/10\/marco-grigoletto-riconfermato-alla-guida-dellanef-veneto-associazione-imprese-funiviarie\/\" \/>\n<meta property=\"og:site_name\" content=\"Bellunopress - Dolomiti\" \/>\n<meta property=\"article:publisher\" content=\"https:\/\/www.facebook.com\/profile.php?id=100008943462799\" \/>\n<meta property=\"article:published_time\" content=\"2025-11-10T17:28:46+00:00\" \/>\n<meta property=\"og:image\" content=\"https:\/\/www.bellunopress.it\/wp-content\/uploads\/2025\/11\/Marco-Grigoletto-pres-Anef-veneto-funivie.jpg\" \/>\n\t<meta property=\"og:image:width\" content=\"618\" \/>\n\t<meta property=\"og:image:height\" content=\"424\" \/>\n\t<meta property=\"og:image:type\" content=\"image\/jpeg\" \/>\n<meta name=\"author\" content=\"redazione\" \/>\n<meta name=\"twitter:card\" content=\"summary_large_image\" \/>\n<meta name=\"twitter:creator\" content=\"@bellunopress\" \/>\n<meta name=\"twitter:site\" content=\"@bellunopress\" \/>\n<meta name=\"twitter:label1\" content=\"\u00c9crit par\" \/>\n\t<meta name=\"twitter:data1\" content=\"redazione\" \/>\n\t<meta name=\"twitter:label2\" content=\"Dur\u00e9e de lecture estim\u00e9e\" \/>\n\t<meta name=\"twitter:data2\" content=\"1 minute\" \/>\n<script type=\"application\/ld+json\" class=\"yoast-schema-graph\">{\"@context\":\"https:\\\/\\\/schema.org\",\"@graph\":[{\"@type\":\"Article\",\"@id\":\"https:\\\/\\\/www.bellunopress.it\\\/2025\\\/11\\\/10\\\/marco-grigoletto-riconfermato-alla-guida-dellanef-veneto-associazione-imprese-funiviarie\\\/#article\",\"isPartOf\":{\"@id\":\"https:\\\/\\\/www.bellunopress.it\\\/2025\\\/11\\\/10\\\/marco-grigoletto-riconfermato-alla-guida-dellanef-veneto-associazione-imprese-funiviarie\\\/\"},\"author\":{\"name\":\"redazione\",\"@id\":\"https:\\\/\\\/www.bellunopress.it\\\/#\\\/schema\\\/person\\\/79bb06722b37ece1c03d3e94beb30d73\"},\"headline\":\"Marco Grigoletto riconfermato alla guida dell&#8217;Anef Veneto, Associazione imprese funiviarie\",\"datePublished\":\"2025-11-10T17:28:46+00:00\",\"mainEntityOfPage\":{\"@id\":\"https:\\\/\\\/www.bellunopress.it\\\/2025\\\/11\\\/10\\\/marco-grigoletto-riconfermato-alla-guida-dellanef-veneto-associazione-imprese-funiviarie\\\/\"},\"wordCount\":239,\"publisher\":{\"@id\":\"https:\\\/\\\/www.bellunopress.it\\\/#organization\"},\"image\":{\"@id\":\"https:\\\/\\\/www.bellunopress.it\\\/2025\\\/11\\\/10\\\/marco-grigoletto-riconfermato-alla-guida-dellanef-veneto-associazione-imprese-funiviarie\\\/#primaryimage\"},\"thumbnailUrl\":\"https:\\\/\\\/www.bellunopress.it\\\/wp-content\\\/uploads\\\/2025\\\/11\\\/Marco-Grigoletto-pres-Anef-veneto-funivie.jpg\",\"articleSection\":[\"Lavoro, Economia, Turismo\",\"Prima Pagina\"],\"inLanguage\":\"fr-FR\"},{\"@type\":\"WebPage\",\"@id\":\"https:\\\/\\\/www.bellunopress.it\\\/2025\\\/11\\\/10\\\/marco-grigoletto-riconfermato-alla-guida-dellanef-veneto-associazione-imprese-funiviarie\\\/\",\"url\":\"https:\\\/\\\/www.bellunopress.it\\\/2025\\\/11\\\/10\\\/marco-grigoletto-riconfermato-alla-guida-dellanef-veneto-associazione-imprese-funiviarie\\\/\",\"name\":\"Marco Grigoletto riconfermato alla guida dell'Anef Veneto, Associazione imprese funiviarie - Bellunopress - Dolomiti\",\"isPartOf\":{\"@id\":\"https:\\\/\\\/www.bellunopress.it\\\/#website\"},\"primaryImageOfPage\":{\"@id\":\"https:\\\/\\\/www.bellunopress.it\\\/2025\\\/11\\\/10\\\/marco-grigoletto-riconfermato-alla-guida-dellanef-veneto-associazione-imprese-funiviarie\\\/#primaryimage\"},\"image\":{\"@id\":\"https:\\\/\\\/www.bellunopress.it\\\/2025\\\/11\\\/10\\\/marco-grigoletto-riconfermato-alla-guida-dellanef-veneto-associazione-imprese-funiviarie\\\/#primaryimage\"},\"thumbnailUrl\":\"https:\\\/\\\/www.bellunopress.it\\\/wp-content\\\/uploads\\\/2025\\\/11\\\/Marco-Grigoletto-pres-Anef-veneto-funivie.jpg\",\"datePublished\":\"2025-11-10T17:28:46+00:00\",\"breadcrumb\":{\"@id\":\"https:\\\/\\\/www.bellunopress.it\\\/2025\\\/11\\\/10\\\/marco-grigoletto-riconfermato-alla-guida-dellanef-veneto-associazione-imprese-funiviarie\\\/#breadcrumb\"},\"inLanguage\":\"fr-FR\",\"potentialAction\":[{\"@type\":\"ReadAction\",\"target\":[\"https:\\\/\\\/www.bellunopress.it\\\/2025\\\/11\\\/10\\\/marco-grigoletto-riconfermato-alla-guida-dellanef-veneto-associazione-imprese-funiviarie\\\/\"]}]},{\"@type\":\"ImageObject\",\"inLanguage\":\"fr-FR\",\"@id\":\"https:\\\/\\\/www.bellunopress.it\\\/2025\\\/11\\\/10\\\/marco-grigoletto-riconfermato-alla-guida-dellanef-veneto-associazione-imprese-funiviarie\\\/#primaryimage\",\"url\":\"https:\\\/\\\/www.bellunopress.it\\\/wp-content\\\/uploads\\\/2025\\\/11\\\/Marco-Grigoletto-pres-Anef-veneto-funivie.jpg\",\"contentUrl\":\"https:\\\/\\\/www.bellunopress.it\\\/wp-content\\\/uploads\\\/2025\\\/11\\\/Marco-Grigoletto-pres-Anef-veneto-funivie.jpg\",\"width\":618,\"height\":424,\"caption\":\"Marco Grigoletto, presidente Anef Veneto\"},{\"@type\":\"BreadcrumbList\",\"@id\":\"https:\\\/\\\/www.bellunopress.it\\\/2025\\\/11\\\/10\\\/marco-grigoletto-riconfermato-alla-guida-dellanef-veneto-associazione-imprese-funiviarie\\\/#breadcrumb\",\"itemListElement\":[{\"@type\":\"ListItem\",\"position\":1,\"name\":\"Home\",\"item\":\"https:\\\/\\\/www.bellunopress.it\\\/\"},{\"@type\":\"ListItem\",\"position\":2,\"name\":\"Marco Grigoletto riconfermato alla guida dell&#8217;Anef Veneto, Associazione imprese funiviarie\"}]},{\"@type\":\"WebSite\",\"@id\":\"https:\\\/\\\/www.bellunopress.it\\\/#website\",\"url\":\"https:\\\/\\\/www.bellunopress.it\\\/\",\"name\":\"Bellunopress - Dolomiti\",\"description\":\"e-mail: redazione@bellunopress.it\",\"publisher\":{\"@id\":\"https:\\\/\\\/www.bellunopress.it\\\/#organization\"},\"potentialAction\":[{\"@type\":\"SearchAction\",\"target\":{\"@type\":\"EntryPoint\",\"urlTemplate\":\"https:\\\/\\\/www.bellunopress.it\\\/?s={search_term_string}\"},\"query-input\":{\"@type\":\"PropertyValueSpecification\",\"valueRequired\":true,\"valueName\":\"search_term_string\"}}],\"inLanguage\":\"fr-FR\"},{\"@type\":\"Organization\",\"@id\":\"https:\\\/\\\/www.bellunopress.it\\\/#organization\",\"name\":\"Bellunopress\",\"url\":\"https:\\\/\\\/www.bellunopress.it\\\/\",\"logo\":{\"@type\":\"ImageObject\",\"inLanguage\":\"fr-FR\",\"@id\":\"https:\\\/\\\/www.bellunopress.it\\\/#\\\/schema\\\/logo\\\/image\\\/\",\"url\":\"https:\\\/\\\/www.bellunopress.it\\\/wp-content\\\/uploads\\\/2011\\\/05\\\/cropped-logo-bellunopress-.jpg\",\"contentUrl\":\"https:\\\/\\\/www.bellunopress.it\\\/wp-content\\\/uploads\\\/2011\\\/05\\\/cropped-logo-bellunopress-.jpg\",\"width\":512,\"height\":512,\"caption\":\"Bellunopress\"},\"image\":{\"@id\":\"https:\\\/\\\/www.bellunopress.it\\\/#\\\/schema\\\/logo\\\/image\\\/\"},\"sameAs\":[\"https:\\\/\\\/www.facebook.com\\\/profile.php?id=100008943462799\",\"https:\\\/\\\/x.com\\\/bellunopress\",\"https:\\\/\\\/www.linkedin.com\\\/hp\\\/?dnr=JBzUWaJfMUw8vbXJJ2tVW5-I3jZKvC4wsoxE&amp;amp;amp;amp;amp;amp;trk=nav_responsive_tab_home\",\"https:\\\/\\\/www.youtube.com\\\/channel\\\/UCxL0wu1uN0_3_7hGG0306cw\"]},{\"@type\":\"Person\",\"@id\":\"https:\\\/\\\/www.bellunopress.it\\\/#\\\/schema\\\/person\\\/79bb06722b37ece1c03d3e94beb30d73\",\"name\":\"redazione\",\"image\":{\"@type\":\"ImageObject\",\"inLanguage\":\"fr-FR\",\"@id\":\"https:\\\/\\\/secure.gravatar.com\\\/avatar\\\/37d968a2e67a6fd04c169c4bdef102d0bc5d31b2546345219e348575eb80e9a0?s=96&d=mm&r=g\",\"url\":\"https:\\\/\\\/secure.gravatar.com\\\/avatar\\\/37d968a2e67a6fd04c169c4bdef102d0bc5d31b2546345219e348575eb80e9a0?s=96&d=mm&r=g\",\"contentUrl\":\"https:\\\/\\\/secure.gravatar.com\\\/avatar\\\/37d968a2e67a6fd04c169c4bdef102d0bc5d31b2546345219e348575eb80e9a0?s=96&d=mm&r=g\",\"caption\":\"redazione\"},\"sameAs\":[\"http:\\\/\\\/www.bellunopress.it\",\"https:\\\/\\\/x.com\\\/bellunopress\"],\"url\":\"https:\\\/\\\/www.bellunopress.it\\\/fr\\\/author\\\/redazione\\\/\"}]}<\/script>\n<!-- \/ Yoast SEO plugin. -->","yoast_head_json":{"title":"Marco Grigoletto riconfermato alla guida dell'Anef Veneto, Associazione imprese funiviarie - Bellunopress - Dolomiti","robots":{"index":"index","follow":"follow","max-snippet":"max-snippet:-1","max-image-preview":"max-image-preview:large","max-video-preview":"max-video-preview:-1"},"canonical":"https:\/\/www.bellunopress.it\/fr\/2025\/11\/10\/marco-grigoletto-riconfermato-alla-guida-dellanef-veneto-associazione-imprese-funiviarie\/","og_locale":"fr_FR","og_type":"article","og_title":"Marco Grigoletto riconfermato alla guida dell'Anef Veneto, Associazione imprese funiviarie - Bellunopress - Dolomiti","og_description":"Belluno, 10 novembre 2025 \u2013 Marco Grigoletto, Vice Presidente di Funivie Arabba, \u00e8 stato riconfermato oggi Presidente di ANEF Veneto, l\u2019associazione regionale che rappresenta le imprese funiviarie. Al suo fianco, nel nuovo Consiglio Direttivo, siederanno Renzo Minella (Faloria), vicepresidente, Cristian Moretti (Alleghe Funivie), Stefano Illing (Lagazuoi e Impianti a fune Col di Lana) ed Enrico [&hellip;]","og_url":"https:\/\/www.bellunopress.it\/fr\/2025\/11\/10\/marco-grigoletto-riconfermato-alla-guida-dellanef-veneto-associazione-imprese-funiviarie\/","og_site_name":"Bellunopress - Dolomiti","article_publisher":"https:\/\/www.facebook.com\/profile.php?id=100008943462799","article_published_time":"2025-11-10T17:28:46+00:00","og_image":[{"width":618,"height":424,"url":"https:\/\/www.bellunopress.it\/wp-content\/uploads\/2025\/11\/Marco-Grigoletto-pres-Anef-veneto-funivie.jpg","type":"image\/jpeg"}],"author":"redazione","twitter_card":"summary_large_image","twitter_creator":"@bellunopress","twitter_site":"@bellunopress","twitter_misc":{"\u00c9crit par":"redazione","Dur\u00e9e de lecture estim\u00e9e":"1 minute"},"schema":{"@context":"https:\/\/schema.org","@graph":[{"@type":"Article","@id":"https:\/\/www.bellunopress.it\/2025\/11\/10\/marco-grigoletto-riconfermato-alla-guida-dellanef-veneto-associazione-imprese-funiviarie\/#article","isPartOf":{"@id":"https:\/\/www.bellunopress.it\/2025\/11\/10\/marco-grigoletto-riconfermato-alla-guida-dellanef-veneto-associazione-imprese-funiviarie\/"},"author":{"name":"redazione","@id":"https:\/\/www.bellunopress.it\/#\/schema\/person\/79bb06722b37ece1c03d3e94beb30d73"},"headline":"Marco Grigoletto riconfermato alla guida dell&#8217;Anef Veneto, Associazione imprese funiviarie","datePublished":"2025-11-10T17:28:46+00:00","mainEntityOfPage":{"@id":"https:\/\/www.bellunopress.it\/2025\/11\/10\/marco-grigoletto-riconfermato-alla-guida-dellanef-veneto-associazione-imprese-funiviarie\/"},"wordCount":239,"publisher":{"@id":"https:\/\/www.bellunopress.it\/#organization"},"image":{"@id":"https:\/\/www.bellunopress.it\/2025\/11\/10\/marco-grigoletto-riconfermato-alla-guida-dellanef-veneto-associazione-imprese-funiviarie\/#primaryimage"},"thumbnailUrl":"https:\/\/www.bellunopress.it\/wp-content\/uploads\/2025\/11\/Marco-Grigoletto-pres-Anef-veneto-funivie.jpg","articleSection":["Lavoro, Economia, Turismo","Prima Pagina"],"inLanguage":"fr-FR"},{"@type":"WebPage","@id":"https:\/\/www.bellunopress.it\/2025\/11\/10\/marco-grigoletto-riconfermato-alla-guida-dellanef-veneto-associazione-imprese-funiviarie\/","url":"https:\/\/www.bellunopress.it\/2025\/11\/10\/marco-grigoletto-riconfermato-alla-guida-dellanef-veneto-associazione-imprese-funiviarie\/","name":"Marco Grigoletto riconfermato alla guida dell'Anef Veneto, Associazione imprese funiviarie - Bellunopress - Dolomiti","isPartOf":{"@id":"https:\/\/www.bellunopress.it\/#website"},"primaryImageOfPage":{"@id":"https:\/\/www.bellunopress.it\/2025\/11\/10\/marco-grigoletto-riconfermato-alla-guida-dellanef-veneto-associazione-imprese-funiviarie\/#primaryimage"},"image":{"@id":"https:\/\/www.bellunopress.it\/2025\/11\/10\/marco-grigoletto-riconfermato-alla-guida-dellanef-veneto-associazione-imprese-funiviarie\/#primaryimage"},"thumbnailUrl":"https:\/\/www.bellunopress.it\/wp-content\/uploads\/2025\/11\/Marco-Grigoletto-pres-Anef-veneto-funivie.jpg","datePublished":"2025-11-10T17:28:46+00:00","breadcrumb":{"@id":"https:\/\/www.bellunopress.it\/2025\/11\/10\/marco-grigoletto-riconfermato-alla-guida-dellanef-veneto-associazione-imprese-funiviarie\/#breadcrumb"},"inLanguage":"fr-FR","potentialAction":[{"@type":"ReadAction","target":["https:\/\/www.bellunopress.it\/2025\/11\/10\/marco-grigoletto-riconfermato-alla-guida-dellanef-veneto-associazione-imprese-funiviarie\/"]}]},{"@type":"ImageObject","inLanguage":"fr-FR","@id":"https:\/\/www.bellunopress.it\/2025\/11\/10\/marco-grigoletto-riconfermato-alla-guida-dellanef-veneto-associazione-imprese-funiviarie\/#primaryimage","url":"https:\/\/www.bellunopress.it\/wp-content\/uploads\/2025\/11\/Marco-Grigoletto-pres-Anef-veneto-funivie.jpg","contentUrl":"https:\/\/www.bellunopress.it\/wp-content\/uploads\/2025\/11\/Marco-Grigoletto-pres-Anef-veneto-funivie.jpg","width":618,"height":424,"caption":"Marco Grigoletto, presidente Anef Veneto"},{"@type":"BreadcrumbList","@id":"https:\/\/www.bellunopress.it\/2025\/11\/10\/marco-grigoletto-riconfermato-alla-guida-dellanef-veneto-associazione-imprese-funiviarie\/#breadcrumb","itemListElement":[{"@type":"ListItem","position":1,"name":"Home","item":"https:\/\/www.bellunopress.it\/"},{"@type":"ListItem","position":2,"name":"Marco Grigoletto riconfermato alla guida dell&#8217;Anef Veneto, Associazione imprese funiviarie"}]},{"@type":"WebSite","@id":"https:\/\/www.bellunopress.it\/#website","url":"https:\/\/www.bellunopress.it\/","name":"Bellunopress - Dolomiti","description":"e-mail: redazione@bellunopress.it","publisher":{"@id":"https:\/\/www.bellunopress.it\/#organization"},"potentialAction":[{"@type":"SearchAction","target":{"@type":"EntryPoint","urlTemplate":"https:\/\/www.bellunopress.it\/?s={search_term_string}"},"query-input":{"@type":"PropertyValueSpecification","valueRequired":true,"valueName":"search_term_string"}}],"inLanguage":"fr-FR"},{"@type":"Organization","@id":"https:\/\/www.bellunopress.it\/#organization","name":"Bellunopress","url":"https:\/\/www.bellunopress.it\/","logo":{"@type":"ImageObject","inLanguage":"fr-FR","@id":"https:\/\/www.bellunopress.it\/#\/schema\/logo\/image\/","url":"https:\/\/www.bellunopress.it\/wp-content\/uploads\/2011\/05\/cropped-logo-bellunopress-.jpg","contentUrl":"https:\/\/www.bellunopress.it\/wp-content\/uploads\/2011\/05\/cropped-logo-bellunopress-.jpg","width":512,"height":512,"caption":"Bellunopress"},"image":{"@id":"https:\/\/www.bellunopress.it\/#\/schema\/logo\/image\/"},"sameAs":["https:\/\/www.facebook.com\/profile.php?id=100008943462799","https:\/\/x.com\/bellunopress","https:\/\/www.linkedin.com\/hp\/?dnr=JBzUWaJfMUw8vbXJJ2tVW5-I3jZKvC4wsoxE&amp;amp;amp;amp;amp;amp;trk=nav_responsive_tab_home","https:\/\/www.youtube.com\/channel\/UCxL0wu1uN0_3_7hGG0306cw"]},{"@type":"Person","@id":"https:\/\/www.bellunopress.it\/#\/schema\/person\/79bb06722b37ece1c03d3e94beb30d73","name":"r\u00e9daction","image":{"@type":"ImageObject","inLanguage":"fr-FR","@id":"https:\/\/secure.gravatar.com\/avatar\/37d968a2e67a6fd04c169c4bdef102d0bc5d31b2546345219e348575eb80e9a0?s=96&d=mm&r=g","url":"https:\/\/secure.gravatar.com\/avatar\/37d968a2e67a6fd04c169c4bdef102d0bc5d31b2546345219e348575eb80e9a0?s=96&d=mm&r=g","contentUrl":"https:\/\/secure.gravatar.com\/avatar\/37d968a2e67a6fd04c169c4bdef102d0bc5d31b2546345219e348575eb80e9a0?s=96&d=mm&r=g","caption":"redazione"},"sameAs":["http:\/\/www.bellunopress.it","https:\/\/x.com\/bellunopress"],"url":"https:\/\/www.bellunopress.it\/fr\/author\/redazione\/"}]}},"_links":{"self":[{"href":"https:\/\/www.bellunopress.it\/fr\/wp-json\/wp\/v2\/posts\/164803","targetHints":{"allow":["GET"]}}],"collection":[{"href":"https:\/\/www.bellunopress.it\/fr\/wp-json\/wp\/v2\/posts"}],"about":[{"href":"https:\/\/www.bellunopress.it\/fr\/wp-json\/wp\/v2\/types\/post"}],"author":[{"embeddable":true,"href":"https:\/\/www.bellunopress.it\/fr\/wp-json\/wp\/v2\/users\/2"}],"replies":[{"embeddable":true,"href":"https:\/\/www.bellunopress.it\/fr\/wp-json\/wp\/v2\/comments?post=164803"}],"version-history":[{"count":1,"href":"https:\/\/www.bellunopress.it\/fr\/wp-json\/wp\/v2\/posts\/164803\/revisions"}],"predecessor-version":[{"id":164805,"href":"https:\/\/www.bellunopress.it\/fr\/wp-json\/wp\/v2\/posts\/164803\/revisions\/164805"}],"wp:featuredmedia":[{"embeddable":true,"href":"https:\/\/www.bellunopress.it\/fr\/wp-json\/wp\/v2\/media\/164804"}],"wp:attachment":[{"href":"https:\/\/www.bellunopress.it\/fr\/wp-json\/wp\/v2\/media?parent=164803"}],"wp:term":[{"taxonomy":"category","embeddable":true,"href":"https:\/\/www.bellunopress.it\/fr\/wp-json\/wp\/v2\/categories?post=164803"},{"taxonomy":"post_tag","embeddable":true,"href":"https:\/\/www.bellunopress.it\/fr\/wp-json\/wp\/v2\/tags?post=164803"}],"curies":[{"name":"wp","href":"https:\/\/api.w.org\/{rel}","templated":true}]}}