{"id":164797,"date":"2025-11-10T18:09:56","date_gmt":"2025-11-10T17:09:56","guid":{"rendered":"https:\/\/www.bellunopress.it\/?p=164797"},"modified":"2025-11-10T18:09:56","modified_gmt":"2025-11-10T17:09:56","slug":"mobilitazione-degli-studenti-veneti-miliardi-per-armi-e-tagli-alla-scuola","status":"publish","type":"post","link":"https:\/\/www.bellunopress.it\/fr\/2025\/11\/10\/mobilitazione-degli-studenti-veneti-miliardi-per-armi-e-tagli-alla-scuola\/","title":{"rendered":"Mobilitazione degli studenti veneti: miliardi per armi e tagli alla Scuola"},"content":{"rendered":"<p><img loading=\"lazy\" decoding=\"async\" class=\"aligncenter size-full wp-image-164798\" src=\"https:\/\/www.bellunopress.it\/wp-content\/uploads\/2025\/11\/studenti-in-piazza-964-mld-in-armi.jpg\" alt=\"\" width=\"751\" height=\"359\" srcset=\"https:\/\/www.bellunopress.it\/wp-content\/uploads\/2025\/11\/studenti-in-piazza-964-mld-in-armi.jpg 751w, https:\/\/www.bellunopress.it\/wp-content\/uploads\/2025\/11\/studenti-in-piazza-964-mld-in-armi-500x239.jpg 500w, https:\/\/www.bellunopress.it\/wp-content\/uploads\/2025\/11\/studenti-in-piazza-964-mld-in-armi-696x333.jpg 696w\" sizes=\"auto, (max-width: 751px) 100vw, 751px\" \/>VENEZIA\/PADOVA\/VERONA \u2013 La Rete degli Studenti Medi del Veneto e l&#8217;Unione degli Universitari (UDU) delle sedi di Padova, Verona e Venezia hanno lanciato oggi, 10 novembre, l&#8217;azione che precede la grande Giornata di Mobilitazione Studentesca prevista per il prossimo 14 novembre nelle piazze di tutto il Veneto. L&#8217;obiettivo principale della protesta \u00e8 denunciare la netta sproporzione di investimenti nella Legge di Bilancio del Governo Meloni, criticando l&#8217;aumento dei fondi destinati alla difesa e agli armamenti a fronte dei continui tagli su scuola e universit\u00e0.<\/p>\n<p>&#8220;Abbiamo deciso di porre l&#8217;attenzione sulla sproporzione degli investimenti del governo Meloni tra la difesa e l&#8217;istruzione,&#8221; ha dichiarato Viola Carollo, coordinatrice regionale della Rete degli Studenti Medi del Veneto. La critica \u00e8 aspra: l&#8217;aumento dei fondi per armi e difesa, che secondo gli studenti &#8220;equivale a finanziare guerre e genocidi,&#8221; contrasta con i tagli all&#8217;istruzione, un settore in cui l&#8217;Italia \u00e8 gi\u00e0 fanalino di coda in Europa per investimenti.<\/p>\n<p>Gli studenti denunciano un Governo che, mentre le &#8220;scuole ci cadono addosso&#8221; e il &#8220;caro scuola aumenta,&#8221; pianifica di investire una cifra astronomica: 964 miliardi di euro in armamenti per raggiungere il 5% del PIL in spese militari entro i prossimi 10 anni. &#8220;Una cifra folle visto lo stato dell&#8217;istruzione nel nostro paese,&#8221; afferma Carollo, chiedendo che questi temi diventino priorit\u00e0 anche in vista delle prossime elezioni regionali.<\/p>\n<p>Il malcontento \u00e8 forte anche nel mondo universitario. Angelica Morresi, Coordinatrice dell&#8217;UDU Venezia, ha sottolineato come il diritto allo studio venga &#8220;sistematicamente eroso&#8221; da un Ministero che sceglie di tagliare. &#8220;La Ministra Bernini continua a raccontare una realt\u00e0 che non esiste mentre migliaia di studenti faticano ad arrivare a fine mese, schiacciati da affitti insostenibili, borse di studio insufficienti e servizi che peggiorano,&#8221; ha dichiarato. L&#8217;UDU vede in queste politiche il rischio di svuotare l&#8217;universit\u00e0 pubblica a favore di un &#8220;modello elitario.&#8221;<\/p>\n<p>Dura la posizione anche di Greta Leonardi dell&#8217;UDU Verona, che ha collegato il definanziamento di scuole e universit\u00e0 al &#8220;progetto di militarizzazione,&#8221; denunciando come l&#8217;Italia sia oggi il terzo fornitore di armi a Israele. Leonardi ha espresso forte preoccupazione per il disegno di legge che prevede un rappresentante del Ministero nei Consigli di Amministrazione universitari, vedendolo come una misura che &#8220;mina l&#8217;autonomia degli atenei&#8221; e apre a una diretta &#8220;ingerenza politica.&#8221;<\/p>\n<p>Marco Nimis, coordinatore dell&#8217;UDU Padova, ha concluso rilanciando le rivendicazioni di una generazione &#8220;sempre troppo poco ascoltata&#8221; e penalizzata da vent&#8217;anni di tagli. Gli studenti chiedono un &#8220;futuro diverso&#8221; per l&#8217;Italia: un paese che investa nel proprio futuro, creda nei bisogni delle famiglie, tuteli l&#8217;ambiente e combatta le discriminazioni, abbandonando la retorica per affrontare i problemi reali.<\/p>\n<p>La mobilitazione del 14 novembre si preannuncia come un momento cruciale per riportare al centro del dibattito politico ed economico il tema degli investimenti nel sapere, contro la priorit\u00e0 data alle spese militari.<\/p>","protected":false},"excerpt":{"rendered":"<p>VENEZIA\/PADOVA\/VERONA \u2013 La Rete degli Studenti Medi del Veneto e l&#8217;Unione degli Universitari (UDU) delle sedi di Padova, Verona e Venezia hanno lanciato oggi, 10 novembre, l&#8217;azione che precede la grande Giornata di Mobilitazione Studentesca prevista per il prossimo 14 novembre nelle piazze di tutto il Veneto. L&#8217;obiettivo principale della protesta \u00e8 denunciare la netta [&hellip;]<\/p>\n","protected":false},"author":2,"featured_media":164798,"comment_status":"closed","ping_status":"open","sticky":false,"template":"","format":"standard","meta":{"footnotes":""},"categories":[26,15],"tags":[],"class_list":["post-164797","post","type-post","status-publish","format-standard","has-post-thumbnail","category-prima-pagina","category-scuola"],"yoast_head":"<!-- This site is optimized with the Yoast SEO plugin v28.4 - https:\/\/yoast.com\/product\/yoast-seo-wordpress\/ -->\n<title>Mobilitazione degli studenti veneti: miliardi per armi e tagli alla Scuola - Bellunopress - Dolomiti<\/title>\n<meta name=\"robots\" content=\"index, follow, max-snippet:-1, max-image-preview:large, max-video-preview:-1\" \/>\n<link rel=\"canonical\" href=\"https:\/\/www.bellunopress.it\/fr\/2025\/11\/10\/mobilitazione-degli-studenti-veneti-miliardi-per-armi-e-tagli-alla-scuola\/\" \/>\n<meta property=\"og:locale\" content=\"fr_FR\" \/>\n<meta property=\"og:type\" content=\"article\" \/>\n<meta property=\"og:title\" content=\"Mobilitazione degli studenti veneti: miliardi per armi e tagli alla Scuola - Bellunopress - Dolomiti\" \/>\n<meta property=\"og:description\" content=\"VENEZIA\/PADOVA\/VERONA \u2013 La Rete degli Studenti Medi del Veneto e l&#8217;Unione degli Universitari (UDU) delle sedi di Padova, Verona e Venezia hanno lanciato oggi, 10 novembre, l&#8217;azione che precede la grande Giornata di Mobilitazione Studentesca prevista per il prossimo 14 novembre nelle piazze di tutto il Veneto. L&#8217;obiettivo principale della protesta \u00e8 denunciare la netta [&hellip;]\" \/>\n<meta property=\"og:url\" content=\"https:\/\/www.bellunopress.it\/fr\/2025\/11\/10\/mobilitazione-degli-studenti-veneti-miliardi-per-armi-e-tagli-alla-scuola\/\" \/>\n<meta property=\"og:site_name\" content=\"Bellunopress - Dolomiti\" \/>\n<meta property=\"article:publisher\" content=\"https:\/\/www.facebook.com\/profile.php?id=100008943462799\" \/>\n<meta property=\"article:published_time\" content=\"2025-11-10T17:09:56+00:00\" \/>\n<meta property=\"og:image\" content=\"https:\/\/www.bellunopress.it\/wp-content\/uploads\/2025\/11\/studenti-in-piazza-964-mld-in-armi.jpg\" \/>\n\t<meta property=\"og:image:width\" content=\"751\" \/>\n\t<meta property=\"og:image:height\" content=\"359\" \/>\n\t<meta property=\"og:image:type\" content=\"image\/jpeg\" \/>\n<meta name=\"author\" content=\"redazione\" \/>\n<meta name=\"twitter:card\" content=\"summary_large_image\" \/>\n<meta name=\"twitter:creator\" content=\"@bellunopress\" \/>\n<meta name=\"twitter:site\" content=\"@bellunopress\" \/>\n<meta name=\"twitter:label1\" content=\"\u00c9crit par\" \/>\n\t<meta name=\"twitter:data1\" content=\"redazione\" \/>\n\t<meta name=\"twitter:label2\" content=\"Dur\u00e9e de lecture estim\u00e9e\" \/>\n\t<meta name=\"twitter:data2\" content=\"2 minutes\" \/>\n<script type=\"application\/ld+json\" class=\"yoast-schema-graph\">{\"@context\":\"https:\\\/\\\/schema.org\",\"@graph\":[{\"@type\":\"Article\",\"@id\":\"https:\\\/\\\/www.bellunopress.it\\\/2025\\\/11\\\/10\\\/mobilitazione-degli-studenti-veneti-miliardi-per-armi-e-tagli-alla-scuola\\\/#article\",\"isPartOf\":{\"@id\":\"https:\\\/\\\/www.bellunopress.it\\\/2025\\\/11\\\/10\\\/mobilitazione-degli-studenti-veneti-miliardi-per-armi-e-tagli-alla-scuola\\\/\"},\"author\":{\"name\":\"redazione\",\"@id\":\"https:\\\/\\\/www.bellunopress.it\\\/#\\\/schema\\\/person\\\/79bb06722b37ece1c03d3e94beb30d73\"},\"headline\":\"Mobilitazione degli studenti veneti: miliardi per armi e tagli alla Scuola\",\"datePublished\":\"2025-11-10T17:09:56+00:00\",\"mainEntityOfPage\":{\"@id\":\"https:\\\/\\\/www.bellunopress.it\\\/2025\\\/11\\\/10\\\/mobilitazione-degli-studenti-veneti-miliardi-per-armi-e-tagli-alla-scuola\\\/\"},\"wordCount\":487,\"publisher\":{\"@id\":\"https:\\\/\\\/www.bellunopress.it\\\/#organization\"},\"image\":{\"@id\":\"https:\\\/\\\/www.bellunopress.it\\\/2025\\\/11\\\/10\\\/mobilitazione-degli-studenti-veneti-miliardi-per-armi-e-tagli-alla-scuola\\\/#primaryimage\"},\"thumbnailUrl\":\"https:\\\/\\\/www.bellunopress.it\\\/wp-content\\\/uploads\\\/2025\\\/11\\\/studenti-in-piazza-964-mld-in-armi.jpg\",\"articleSection\":[\"Prima Pagina\",\"Scuola\"],\"inLanguage\":\"fr-FR\"},{\"@type\":\"WebPage\",\"@id\":\"https:\\\/\\\/www.bellunopress.it\\\/2025\\\/11\\\/10\\\/mobilitazione-degli-studenti-veneti-miliardi-per-armi-e-tagli-alla-scuola\\\/\",\"url\":\"https:\\\/\\\/www.bellunopress.it\\\/2025\\\/11\\\/10\\\/mobilitazione-degli-studenti-veneti-miliardi-per-armi-e-tagli-alla-scuola\\\/\",\"name\":\"Mobilitazione degli studenti veneti: miliardi per armi e tagli alla Scuola - Bellunopress - Dolomiti\",\"isPartOf\":{\"@id\":\"https:\\\/\\\/www.bellunopress.it\\\/#website\"},\"primaryImageOfPage\":{\"@id\":\"https:\\\/\\\/www.bellunopress.it\\\/2025\\\/11\\\/10\\\/mobilitazione-degli-studenti-veneti-miliardi-per-armi-e-tagli-alla-scuola\\\/#primaryimage\"},\"image\":{\"@id\":\"https:\\\/\\\/www.bellunopress.it\\\/2025\\\/11\\\/10\\\/mobilitazione-degli-studenti-veneti-miliardi-per-armi-e-tagli-alla-scuola\\\/#primaryimage\"},\"thumbnailUrl\":\"https:\\\/\\\/www.bellunopress.it\\\/wp-content\\\/uploads\\\/2025\\\/11\\\/studenti-in-piazza-964-mld-in-armi.jpg\",\"datePublished\":\"2025-11-10T17:09:56+00:00\",\"breadcrumb\":{\"@id\":\"https:\\\/\\\/www.bellunopress.it\\\/2025\\\/11\\\/10\\\/mobilitazione-degli-studenti-veneti-miliardi-per-armi-e-tagli-alla-scuola\\\/#breadcrumb\"},\"inLanguage\":\"fr-FR\",\"potentialAction\":[{\"@type\":\"ReadAction\",\"target\":[\"https:\\\/\\\/www.bellunopress.it\\\/2025\\\/11\\\/10\\\/mobilitazione-degli-studenti-veneti-miliardi-per-armi-e-tagli-alla-scuola\\\/\"]}]},{\"@type\":\"ImageObject\",\"inLanguage\":\"fr-FR\",\"@id\":\"https:\\\/\\\/www.bellunopress.it\\\/2025\\\/11\\\/10\\\/mobilitazione-degli-studenti-veneti-miliardi-per-armi-e-tagli-alla-scuola\\\/#primaryimage\",\"url\":\"https:\\\/\\\/www.bellunopress.it\\\/wp-content\\\/uploads\\\/2025\\\/11\\\/studenti-in-piazza-964-mld-in-armi.jpg\",\"contentUrl\":\"https:\\\/\\\/www.bellunopress.it\\\/wp-content\\\/uploads\\\/2025\\\/11\\\/studenti-in-piazza-964-mld-in-armi.jpg\",\"width\":751,\"height\":359},{\"@type\":\"BreadcrumbList\",\"@id\":\"https:\\\/\\\/www.bellunopress.it\\\/2025\\\/11\\\/10\\\/mobilitazione-degli-studenti-veneti-miliardi-per-armi-e-tagli-alla-scuola\\\/#breadcrumb\",\"itemListElement\":[{\"@type\":\"ListItem\",\"position\":1,\"name\":\"Home\",\"item\":\"https:\\\/\\\/www.bellunopress.it\\\/\"},{\"@type\":\"ListItem\",\"position\":2,\"name\":\"Mobilitazione degli studenti veneti: miliardi per armi e tagli alla Scuola\"}]},{\"@type\":\"WebSite\",\"@id\":\"https:\\\/\\\/www.bellunopress.it\\\/#website\",\"url\":\"https:\\\/\\\/www.bellunopress.it\\\/\",\"name\":\"Bellunopress - Dolomiti\",\"description\":\"e-mail: redazione@bellunopress.it\",\"publisher\":{\"@id\":\"https:\\\/\\\/www.bellunopress.it\\\/#organization\"},\"potentialAction\":[{\"@type\":\"SearchAction\",\"target\":{\"@type\":\"EntryPoint\",\"urlTemplate\":\"https:\\\/\\\/www.bellunopress.it\\\/?s={search_term_string}\"},\"query-input\":{\"@type\":\"PropertyValueSpecification\",\"valueRequired\":true,\"valueName\":\"search_term_string\"}}],\"inLanguage\":\"fr-FR\"},{\"@type\":\"Organization\",\"@id\":\"https:\\\/\\\/www.bellunopress.it\\\/#organization\",\"name\":\"Bellunopress\",\"url\":\"https:\\\/\\\/www.bellunopress.it\\\/\",\"logo\":{\"@type\":\"ImageObject\",\"inLanguage\":\"fr-FR\",\"@id\":\"https:\\\/\\\/www.bellunopress.it\\\/#\\\/schema\\\/logo\\\/image\\\/\",\"url\":\"https:\\\/\\\/www.bellunopress.it\\\/wp-content\\\/uploads\\\/2011\\\/05\\\/cropped-logo-bellunopress-.jpg\",\"contentUrl\":\"https:\\\/\\\/www.bellunopress.it\\\/wp-content\\\/uploads\\\/2011\\\/05\\\/cropped-logo-bellunopress-.jpg\",\"width\":512,\"height\":512,\"caption\":\"Bellunopress\"},\"image\":{\"@id\":\"https:\\\/\\\/www.bellunopress.it\\\/#\\\/schema\\\/logo\\\/image\\\/\"},\"sameAs\":[\"https:\\\/\\\/www.facebook.com\\\/profile.php?id=100008943462799\",\"https:\\\/\\\/x.com\\\/bellunopress\",\"https:\\\/\\\/www.linkedin.com\\\/hp\\\/?dnr=JBzUWaJfMUw8vbXJJ2tVW5-I3jZKvC4wsoxE&amp;amp;amp;amp;amp;amp;trk=nav_responsive_tab_home\",\"https:\\\/\\\/www.youtube.com\\\/channel\\\/UCxL0wu1uN0_3_7hGG0306cw\"]},{\"@type\":\"Person\",\"@id\":\"https:\\\/\\\/www.bellunopress.it\\\/#\\\/schema\\\/person\\\/79bb06722b37ece1c03d3e94beb30d73\",\"name\":\"redazione\",\"image\":{\"@type\":\"ImageObject\",\"inLanguage\":\"fr-FR\",\"@id\":\"https:\\\/\\\/secure.gravatar.com\\\/avatar\\\/37d968a2e67a6fd04c169c4bdef102d0bc5d31b2546345219e348575eb80e9a0?s=96&d=mm&r=g\",\"url\":\"https:\\\/\\\/secure.gravatar.com\\\/avatar\\\/37d968a2e67a6fd04c169c4bdef102d0bc5d31b2546345219e348575eb80e9a0?s=96&d=mm&r=g\",\"contentUrl\":\"https:\\\/\\\/secure.gravatar.com\\\/avatar\\\/37d968a2e67a6fd04c169c4bdef102d0bc5d31b2546345219e348575eb80e9a0?s=96&d=mm&r=g\",\"caption\":\"redazione\"},\"sameAs\":[\"http:\\\/\\\/www.bellunopress.it\",\"https:\\\/\\\/x.com\\\/bellunopress\"],\"url\":\"https:\\\/\\\/www.bellunopress.it\\\/fr\\\/author\\\/redazione\\\/\"}]}<\/script>\n<!-- \/ Yoast SEO plugin. -->","yoast_head_json":{"title":"Mobilitazione degli studenti veneti: miliardi per armi e tagli alla Scuola - Bellunopress - Dolomiti","robots":{"index":"index","follow":"follow","max-snippet":"max-snippet:-1","max-image-preview":"max-image-preview:large","max-video-preview":"max-video-preview:-1"},"canonical":"https:\/\/www.bellunopress.it\/fr\/2025\/11\/10\/mobilitazione-degli-studenti-veneti-miliardi-per-armi-e-tagli-alla-scuola\/","og_locale":"fr_FR","og_type":"article","og_title":"Mobilitazione degli studenti veneti: miliardi per armi e tagli alla Scuola - Bellunopress - Dolomiti","og_description":"VENEZIA\/PADOVA\/VERONA \u2013 La Rete degli Studenti Medi del Veneto e l&#8217;Unione degli Universitari (UDU) delle sedi di Padova, Verona e Venezia hanno lanciato oggi, 10 novembre, l&#8217;azione che precede la grande Giornata di Mobilitazione Studentesca prevista per il prossimo 14 novembre nelle piazze di tutto il Veneto. L&#8217;obiettivo principale della protesta \u00e8 denunciare la netta [&hellip;]","og_url":"https:\/\/www.bellunopress.it\/fr\/2025\/11\/10\/mobilitazione-degli-studenti-veneti-miliardi-per-armi-e-tagli-alla-scuola\/","og_site_name":"Bellunopress - Dolomiti","article_publisher":"https:\/\/www.facebook.com\/profile.php?id=100008943462799","article_published_time":"2025-11-10T17:09:56+00:00","og_image":[{"width":751,"height":359,"url":"https:\/\/www.bellunopress.it\/wp-content\/uploads\/2025\/11\/studenti-in-piazza-964-mld-in-armi.jpg","type":"image\/jpeg"}],"author":"redazione","twitter_card":"summary_large_image","twitter_creator":"@bellunopress","twitter_site":"@bellunopress","twitter_misc":{"\u00c9crit par":"redazione","Dur\u00e9e de lecture estim\u00e9e":"2 minutes"},"schema":{"@context":"https:\/\/schema.org","@graph":[{"@type":"Article","@id":"https:\/\/www.bellunopress.it\/2025\/11\/10\/mobilitazione-degli-studenti-veneti-miliardi-per-armi-e-tagli-alla-scuola\/#article","isPartOf":{"@id":"https:\/\/www.bellunopress.it\/2025\/11\/10\/mobilitazione-degli-studenti-veneti-miliardi-per-armi-e-tagli-alla-scuola\/"},"author":{"name":"redazione","@id":"https:\/\/www.bellunopress.it\/#\/schema\/person\/79bb06722b37ece1c03d3e94beb30d73"},"headline":"Mobilitazione degli studenti veneti: miliardi per armi e tagli alla Scuola","datePublished":"2025-11-10T17:09:56+00:00","mainEntityOfPage":{"@id":"https:\/\/www.bellunopress.it\/2025\/11\/10\/mobilitazione-degli-studenti-veneti-miliardi-per-armi-e-tagli-alla-scuola\/"},"wordCount":487,"publisher":{"@id":"https:\/\/www.bellunopress.it\/#organization"},"image":{"@id":"https:\/\/www.bellunopress.it\/2025\/11\/10\/mobilitazione-degli-studenti-veneti-miliardi-per-armi-e-tagli-alla-scuola\/#primaryimage"},"thumbnailUrl":"https:\/\/www.bellunopress.it\/wp-content\/uploads\/2025\/11\/studenti-in-piazza-964-mld-in-armi.jpg","articleSection":["Prima Pagina","Scuola"],"inLanguage":"fr-FR"},{"@type":"WebPage","@id":"https:\/\/www.bellunopress.it\/2025\/11\/10\/mobilitazione-degli-studenti-veneti-miliardi-per-armi-e-tagli-alla-scuola\/","url":"https:\/\/www.bellunopress.it\/2025\/11\/10\/mobilitazione-degli-studenti-veneti-miliardi-per-armi-e-tagli-alla-scuola\/","name":"Mobilitazione degli studenti veneti: miliardi per armi e tagli alla Scuola - Bellunopress - Dolomiti","isPartOf":{"@id":"https:\/\/www.bellunopress.it\/#website"},"primaryImageOfPage":{"@id":"https:\/\/www.bellunopress.it\/2025\/11\/10\/mobilitazione-degli-studenti-veneti-miliardi-per-armi-e-tagli-alla-scuola\/#primaryimage"},"image":{"@id":"https:\/\/www.bellunopress.it\/2025\/11\/10\/mobilitazione-degli-studenti-veneti-miliardi-per-armi-e-tagli-alla-scuola\/#primaryimage"},"thumbnailUrl":"https:\/\/www.bellunopress.it\/wp-content\/uploads\/2025\/11\/studenti-in-piazza-964-mld-in-armi.jpg","datePublished":"2025-11-10T17:09:56+00:00","breadcrumb":{"@id":"https:\/\/www.bellunopress.it\/2025\/11\/10\/mobilitazione-degli-studenti-veneti-miliardi-per-armi-e-tagli-alla-scuola\/#breadcrumb"},"inLanguage":"fr-FR","potentialAction":[{"@type":"ReadAction","target":["https:\/\/www.bellunopress.it\/2025\/11\/10\/mobilitazione-degli-studenti-veneti-miliardi-per-armi-e-tagli-alla-scuola\/"]}]},{"@type":"ImageObject","inLanguage":"fr-FR","@id":"https:\/\/www.bellunopress.it\/2025\/11\/10\/mobilitazione-degli-studenti-veneti-miliardi-per-armi-e-tagli-alla-scuola\/#primaryimage","url":"https:\/\/www.bellunopress.it\/wp-content\/uploads\/2025\/11\/studenti-in-piazza-964-mld-in-armi.jpg","contentUrl":"https:\/\/www.bellunopress.it\/wp-content\/uploads\/2025\/11\/studenti-in-piazza-964-mld-in-armi.jpg","width":751,"height":359},{"@type":"BreadcrumbList","@id":"https:\/\/www.bellunopress.it\/2025\/11\/10\/mobilitazione-degli-studenti-veneti-miliardi-per-armi-e-tagli-alla-scuola\/#breadcrumb","itemListElement":[{"@type":"ListItem","position":1,"name":"Home","item":"https:\/\/www.bellunopress.it\/"},{"@type":"ListItem","position":2,"name":"Mobilitazione degli studenti veneti: miliardi per armi e tagli alla Scuola"}]},{"@type":"WebSite","@id":"https:\/\/www.bellunopress.it\/#website","url":"https:\/\/www.bellunopress.it\/","name":"Bellunopress - Dolomiti","description":"e-mail: redazione@bellunopress.it","publisher":{"@id":"https:\/\/www.bellunopress.it\/#organization"},"potentialAction":[{"@type":"SearchAction","target":{"@type":"EntryPoint","urlTemplate":"https:\/\/www.bellunopress.it\/?s={search_term_string}"},"query-input":{"@type":"PropertyValueSpecification","valueRequired":true,"valueName":"search_term_string"}}],"inLanguage":"fr-FR"},{"@type":"Organization","@id":"https:\/\/www.bellunopress.it\/#organization","name":"Bellunopress","url":"https:\/\/www.bellunopress.it\/","logo":{"@type":"ImageObject","inLanguage":"fr-FR","@id":"https:\/\/www.bellunopress.it\/#\/schema\/logo\/image\/","url":"https:\/\/www.bellunopress.it\/wp-content\/uploads\/2011\/05\/cropped-logo-bellunopress-.jpg","contentUrl":"https:\/\/www.bellunopress.it\/wp-content\/uploads\/2011\/05\/cropped-logo-bellunopress-.jpg","width":512,"height":512,"caption":"Bellunopress"},"image":{"@id":"https:\/\/www.bellunopress.it\/#\/schema\/logo\/image\/"},"sameAs":["https:\/\/www.facebook.com\/profile.php?id=100008943462799","https:\/\/x.com\/bellunopress","https:\/\/www.linkedin.com\/hp\/?dnr=JBzUWaJfMUw8vbXJJ2tVW5-I3jZKvC4wsoxE&amp;amp;amp;amp;amp;amp;trk=nav_responsive_tab_home","https:\/\/www.youtube.com\/channel\/UCxL0wu1uN0_3_7hGG0306cw"]},{"@type":"Person","@id":"https:\/\/www.bellunopress.it\/#\/schema\/person\/79bb06722b37ece1c03d3e94beb30d73","name":"r\u00e9daction","image":{"@type":"ImageObject","inLanguage":"fr-FR","@id":"https:\/\/secure.gravatar.com\/avatar\/37d968a2e67a6fd04c169c4bdef102d0bc5d31b2546345219e348575eb80e9a0?s=96&d=mm&r=g","url":"https:\/\/secure.gravatar.com\/avatar\/37d968a2e67a6fd04c169c4bdef102d0bc5d31b2546345219e348575eb80e9a0?s=96&d=mm&r=g","contentUrl":"https:\/\/secure.gravatar.com\/avatar\/37d968a2e67a6fd04c169c4bdef102d0bc5d31b2546345219e348575eb80e9a0?s=96&d=mm&r=g","caption":"redazione"},"sameAs":["http:\/\/www.bellunopress.it","https:\/\/x.com\/bellunopress"],"url":"https:\/\/www.bellunopress.it\/fr\/author\/redazione\/"}]}},"_links":{"self":[{"href":"https:\/\/www.bellunopress.it\/fr\/wp-json\/wp\/v2\/posts\/164797","targetHints":{"allow":["GET"]}}],"collection":[{"href":"https:\/\/www.bellunopress.it\/fr\/wp-json\/wp\/v2\/posts"}],"about":[{"href":"https:\/\/www.bellunopress.it\/fr\/wp-json\/wp\/v2\/types\/post"}],"author":[{"embeddable":true,"href":"https:\/\/www.bellunopress.it\/fr\/wp-json\/wp\/v2\/users\/2"}],"replies":[{"embeddable":true,"href":"https:\/\/www.bellunopress.it\/fr\/wp-json\/wp\/v2\/comments?post=164797"}],"version-history":[{"count":1,"href":"https:\/\/www.bellunopress.it\/fr\/wp-json\/wp\/v2\/posts\/164797\/revisions"}],"predecessor-version":[{"id":164799,"href":"https:\/\/www.bellunopress.it\/fr\/wp-json\/wp\/v2\/posts\/164797\/revisions\/164799"}],"wp:featuredmedia":[{"embeddable":true,"href":"https:\/\/www.bellunopress.it\/fr\/wp-json\/wp\/v2\/media\/164798"}],"wp:attachment":[{"href":"https:\/\/www.bellunopress.it\/fr\/wp-json\/wp\/v2\/media?parent=164797"}],"wp:term":[{"taxonomy":"category","embeddable":true,"href":"https:\/\/www.bellunopress.it\/fr\/wp-json\/wp\/v2\/categories?post=164797"},{"taxonomy":"post_tag","embeddable":true,"href":"https:\/\/www.bellunopress.it\/fr\/wp-json\/wp\/v2\/tags?post=164797"}],"curies":[{"name":"wp","href":"https:\/\/api.w.org\/{rel}","templated":true}]}}