{"id":164767,"date":"2025-11-16T22:27:48","date_gmt":"2025-11-16T21:27:48","guid":{"rendered":"https:\/\/www.bellunopress.it\/?p=164767"},"modified":"2025-11-10T08:36:05","modified_gmt":"2025-11-10T07:36:05","slug":"cortino-2025-festival-di-cortometraggi-per-bambin-e-ragazz-a-fonzaso-domenica","status":"publish","type":"post","link":"https:\/\/www.bellunopress.it\/fr\/2025\/11\/16\/cortino-2025-festival-di-cortometraggi-per-bambin-e-ragazz-a-fonzaso-domenica\/","title":{"rendered":"Cortino 2025, Festival di cortometraggi per bambin@ e ragazz@. A Fonzaso domenica"},"content":{"rendered":"<p><strong><img loading=\"lazy\" decoding=\"async\" class=\"aligncenter size-full wp-image-164768\" src=\"https:\/\/www.bellunopress.it\/wp-content\/uploads\/2025\/11\/Cortino-25-Festival-Fonzaso.jpg\" alt=\"\" width=\"800\" height=\"800\" srcset=\"https:\/\/www.bellunopress.it\/wp-content\/uploads\/2025\/11\/Cortino-25-Festival-Fonzaso.jpg 800w, https:\/\/www.bellunopress.it\/wp-content\/uploads\/2025\/11\/Cortino-25-Festival-Fonzaso-500x500.jpg 500w, https:\/\/www.bellunopress.it\/wp-content\/uploads\/2025\/11\/Cortino-25-Festival-Fonzaso-300x300.jpg 300w, https:\/\/www.bellunopress.it\/wp-content\/uploads\/2025\/11\/Cortino-25-Festival-Fonzaso-420x420.jpg 420w, https:\/\/www.bellunopress.it\/wp-content\/uploads\/2025\/11\/Cortino-25-Festival-Fonzaso-696x696.jpg 696w\" sizes=\"auto, (max-width: 800px) 100vw, 800px\" \/>Cortino25, la seconda edizione del \u2018cinema che fa crescere\u2019 torna a Dolomiti Hub<\/strong><br \/>\nDopo il grande successo della prima edizione, torna CORTINO \u2013 Festival di cortometraggi<br \/>\nper bambin@ e ragazz@, l\u2019evento che celebra la magia del cinema per le nuove<br \/>\ngenerazioni.<\/p>\n<p>La seconda edizione si terr\u00e0 domenica 23 novembre 2025 nella Sala Visioni del Dolomiti<br \/>\nHub a Fonzaso (BL) e avr\u00e0 come tema \u201cI linguaggi e i luoghi che fanno crescere\u201d, un invito a esplorare come la narrazione visiva possa stimolare la creativit\u00e0, la curiosit\u00e0 e la crescita<br \/>\npersonale.<br \/>\nRealizzato da Dolomiti Hub in sinergia con Associazione Dafne e in collaborazione con<br \/>\nLago Film Fest e con il supporto di Springo, SPI CGIL e Consorzio Triveneto Rocciatori,<br \/>\nCortino \u00e8 un progetto che unisce educazione, pedagogia e arte, offrendo a bambini, ragazzi,<br \/>\nfamiglie e scuole l\u2019opportunit\u00e0 di vivere il cinema come esperienza formativa, creativa e<br \/>\ncollettiva.<br \/>\nLa prima edizione del festival del 2024 ha visto la presentazione di 39 cortometraggi<br \/>\nprovenienti da tutto il mondo. Questa edizione ha ampliato il coinvolgimento di ancora pi\u00f9<br \/>\nadesioni provenienti da tutto il mondo tra cui Canada, Stati Uniti, Brasile, Argentina, Grecia, Irlanda, Spagna, Emirati Arabi, Israele, Germania, Slovenia, Serbia, Svizzera, Regno Unito, Russia, Iran, Estonia raggiungendo ben 46 candidature suddivise nelle 2 categorie:<br \/>\n&#8211; \u201cNuvole\u201d \u2013 cortometraggi d\u2019animazione per bambin@<br \/>\n&#8211; \u201cLanterna Magica\u201d \u2013 cortometraggi di finzione per ragazz@<br \/>\nLa call di Cortino, aperta lo scorso giugno, ha registrato la partecipazione di numerosi<br \/>\nprogetti provenienti da scuole di tutta Italia, sostenuti dai finanziamenti del Ministero della<br \/>\nCultura nell\u2019ambito del Progetto CIPS.<br \/>\nLa giuria, composta da esperti del settore insieme a rappresentanti di Dolomiti Hub e<br \/>\ndell\u2019Associazione Dafne, ha effettuato una prima selezione dei cortometraggi,<br \/>\nsuccessivamente sottoposti alla valutazione delle scuole che si sono candidate come giuria<br \/>\ngiovane.<br \/>\nI film di animazione sono attualmente in visione e valutazione da parte delle scuole primarie e secondarie di primo grado, mentre i cortometraggi di finzione vengono esaminati dagli studenti delle scuole superiori.<br \/>\nL\u2019iniziativa ha suscitato grande interesse tra scuole e insegnanti, confermando il valore<br \/>\neducativo e creativo del progetto.<br \/>\nL\u2019obiettivo del Festival \u00e8 non solo quello di premiare i film selezionati e promuovere un<br \/>\ndialogo diretto con i registi vincitori, ma anche di continuare a collaborare con le scuole<br \/>\nnella diffusione e valorizzazione della cultura cinematografica in tutte le sue forme e<br \/>\npossibilit\u00e0.<\/p>\n<p><strong>Il programma della giornata \u2013 Domenica 23 novembre 2025<\/strong><br \/>\nDalle 16:30 alle 17:30 \u2013 Categoria \u201cNuvole\u201d<br \/>\nI cortometraggi selezionati e provenienti da tutto il mondo nella sezione d\u2019animazione per<br \/>\nbambin@ sono i seguenti:<br \/>\n\u25cf Bruno\u2019s Wings di Nano Bor<br \/>\n\u25cf The Theft di Nadav Arbel<br \/>\n\u25cf No Worries! di Chris Dicker<br \/>\n\u25cf Booba: The Patient di Leonid Rakhmanin<br \/>\n\u25cf The Sky Was Candy di Anh T\u00fa Nguyen<br \/>\n\u25cf Open \u00c9ire di Walter Giampaglia<br \/>\n\u25cf Invisible di Ajda Gajski<br \/>\n\u25cf Novavita di Francesco Bruno<br \/>\n\u25cf DREAM di Semiramis Mamata<br \/>\n\u25cf Lorraine and the Ladybugs di Muriel Smith<br \/>\n\u25cf Books Are Made of Trees di Julianna Jakubowska<\/p>\n<p>Dalle 18:00 alle 19:30 \u2013 Categoria \u201cLanterna Magica\u201d<br \/>\nI cortometraggi selezionati e provenienti da tutto il mondo nella sezione finzione per<br \/>\nragazz@ sono i seguenti:<br \/>\n\u25cf Waves of Memory di Elia Bolzonello<br \/>\n\u25cf My Hot-Air Balloon di Mesaite Battista<br \/>\n\u25cf Katharsis di Davide Cossalter<br \/>\n\u25cf Noor di Thabit AlMawaly<br \/>\n\u25cf MONSTER di Sophia Lassi<br \/>\n\u25cf Not for Sale di Moein Rooholamini<br \/>\n\u25cf TWO di Lisa Riccardi<br \/>\n\u25cf C\u2019era una volta 2.0 di Francesco Faralli<br \/>\nPremiazioni finali:<br \/>\n\u25cf Miglior cortometraggio categoria Nuvole \u2013 Animazione<br \/>\n\u25cf Miglior cortometraggio categoria Lanterna Magica \u2013 Finzione<br \/>\n\u25cf Premio Connessioni \u2013 Miglior cortometraggio realizzato da una scuola<br \/>\nLe giurie<br \/>\nPreselezione e Premio connessioni a cura di:<br \/>\n\u25cf Lorenzo Cassol \u2013 Regista<br \/>\n\u25cf Claudio Bellero &#8211; Direttore di fotografia<br \/>\n\u25cf Carlo Migotto &#8211; Direttore generale Lago Film Fest<br \/>\n\u25cf Debora Nicoletto \u2013 Ideatrice di Dolomiti Hub<br \/>\n\u25cf Francesca Pallotta e Walter Marcer \u2013 Direttivo Associazione Dafne<br \/>\nGiuria dei ragazzi:<br \/>\n\u25cf Scuole primarie: I.C. Gianni Rodari San Gregorio, I.C. Gianni Rodari Santa Giustina,<br \/>\nI.C. Foen di Feltre, I.C. Pedavena \u2013 doposcuola facoltativo di Seren del Grappa<br \/>\n\u25cf Scuole secondarie di I grado: I.C. Rocca di Feltre<br \/>\n\u25cf Scuole secondarie di II grado: Liceo Dal Piaz Feltre, I.S. Rizzarda di Feltre, ITIS<br \/>\nFeltre<\/p>\n<p><strong>Un festival per crescere attraverso il cinema<\/strong><br \/>\n\u201cCortino\u201d non \u00e8 solo un festival cinematografico: \u00e8 un\u2019occasione di formazione e<br \/>\ncondivisione.<br \/>\nI cortometraggi selezionati non solo saranno proiettati durante l\u2019evento, ma verranno anche<br \/>\ndistribuiti nelle scuole del territorio, per stimolare riflessioni e dialoghi su tematiche<br \/>\nsociali, artistiche e ambientali.<br \/>\nI film vincitori avranno inoltre l\u2019opportunit\u00e0 di essere presentati al Lago Film Fest,<br \/>\nampliando la loro visibilit\u00e0 in un contesto internazionale.<\/p>\n<p>I promotori<br \/>\nAssociazione Dafne<br \/>\nAttiva nella tutela dei diritti dei minori, promuove iniziative a sostegno dei bambini e dei<br \/>\nragazzi, ispirandosi alla Convenzione ONU sui diritti dell\u2019infanzia.<br \/>\nDolomiti Hub<br \/>\nSpazio culturale e sociale aperto alla comunit\u00e0, punto di incontro tra creativit\u00e0, educazione e partecipazione, dove si sperimentano nuove forme di crescita collettiva.<\/p>","protected":false},"excerpt":{"rendered":"<p>Cortino25, la seconda edizione del \u2018cinema che fa crescere\u2019 torna a Dolomiti Hub Dopo il grande successo della prima edizione, torna CORTINO \u2013 Festival di cortometraggi per bambin@ e ragazz@, l\u2019evento che celebra la magia del cinema per le nuove generazioni. La seconda edizione si terr\u00e0 domenica 23 novembre 2025 nella Sala Visioni del Dolomiti [&hellip;]<\/p>\n","protected":false},"author":2,"featured_media":164768,"comment_status":"closed","ping_status":"open","sticky":false,"template":"","format":"standard","meta":{"footnotes":""},"categories":[27,3,25],"tags":[],"class_list":["post-164767","post","type-post","status-publish","format-standard","has-post-thumbnail","category-appuntamenti","category-arte-cultura-spettacoli-scienza-archivi","category-pausa-caffe"],"yoast_head":"<!-- This site is optimized with the Yoast SEO plugin v28.4 - https:\/\/yoast.com\/product\/yoast-seo-wordpress\/ -->\n<title>Cortino 2025, Festival di cortometraggi per bambin@ e ragazz@. A Fonzaso domenica - Bellunopress - Dolomiti<\/title>\n<meta name=\"robots\" content=\"index, follow, max-snippet:-1, max-image-preview:large, max-video-preview:-1\" \/>\n<link rel=\"canonical\" href=\"https:\/\/www.bellunopress.it\/fr\/2025\/11\/16\/cortino-2025-festival-di-cortometraggi-per-bambin-e-ragazz-a-fonzaso-domenica\/\" \/>\n<meta property=\"og:locale\" content=\"fr_FR\" \/>\n<meta property=\"og:type\" content=\"article\" \/>\n<meta property=\"og:title\" content=\"Cortino 2025, Festival di cortometraggi per bambin@ e ragazz@. A Fonzaso domenica - Bellunopress - Dolomiti\" \/>\n<meta property=\"og:description\" content=\"Cortino25, la seconda edizione del \u2018cinema che fa crescere\u2019 torna a Dolomiti Hub Dopo il grande successo della prima edizione, torna CORTINO \u2013 Festival di cortometraggi per bambin@ e ragazz@, l\u2019evento che celebra la magia del cinema per le nuove generazioni. La seconda edizione si terr\u00e0 domenica 23 novembre 2025 nella Sala Visioni del Dolomiti [&hellip;]\" \/>\n<meta property=\"og:url\" content=\"https:\/\/www.bellunopress.it\/fr\/2025\/11\/16\/cortino-2025-festival-di-cortometraggi-per-bambin-e-ragazz-a-fonzaso-domenica\/\" \/>\n<meta property=\"og:site_name\" content=\"Bellunopress - Dolomiti\" \/>\n<meta property=\"article:publisher\" content=\"https:\/\/www.facebook.com\/profile.php?id=100008943462799\" \/>\n<meta property=\"article:published_time\" content=\"2025-11-16T21:27:48+00:00\" \/>\n<meta property=\"og:image\" content=\"https:\/\/www.bellunopress.it\/wp-content\/uploads\/2025\/11\/Cortino-25-Festival-Fonzaso.jpg\" \/>\n\t<meta property=\"og:image:width\" content=\"800\" \/>\n\t<meta property=\"og:image:height\" content=\"800\" \/>\n\t<meta property=\"og:image:type\" content=\"image\/jpeg\" \/>\n<meta name=\"author\" content=\"redazione\" \/>\n<meta name=\"twitter:card\" content=\"summary_large_image\" \/>\n<meta name=\"twitter:creator\" content=\"@bellunopress\" \/>\n<meta name=\"twitter:site\" content=\"@bellunopress\" \/>\n<meta name=\"twitter:label1\" content=\"\u00c9crit par\" \/>\n\t<meta name=\"twitter:data1\" content=\"redazione\" \/>\n\t<meta name=\"twitter:label2\" content=\"Dur\u00e9e de lecture estim\u00e9e\" \/>\n\t<meta name=\"twitter:data2\" content=\"4 minutes\" \/>\n<script type=\"application\/ld+json\" class=\"yoast-schema-graph\">{\"@context\":\"https:\\\/\\\/schema.org\",\"@graph\":[{\"@type\":\"Article\",\"@id\":\"https:\\\/\\\/www.bellunopress.it\\\/2025\\\/11\\\/16\\\/cortino-2025-festival-di-cortometraggi-per-bambin-e-ragazz-a-fonzaso-domenica\\\/#article\",\"isPartOf\":{\"@id\":\"https:\\\/\\\/www.bellunopress.it\\\/2025\\\/11\\\/16\\\/cortino-2025-festival-di-cortometraggi-per-bambin-e-ragazz-a-fonzaso-domenica\\\/\"},\"author\":{\"name\":\"redazione\",\"@id\":\"https:\\\/\\\/www.bellunopress.it\\\/#\\\/schema\\\/person\\\/79bb06722b37ece1c03d3e94beb30d73\"},\"headline\":\"Cortino 2025, Festival di cortometraggi per bambin@ e ragazz@. A Fonzaso domenica\",\"datePublished\":\"2025-11-16T21:27:48+00:00\",\"mainEntityOfPage\":{\"@id\":\"https:\\\/\\\/www.bellunopress.it\\\/2025\\\/11\\\/16\\\/cortino-2025-festival-di-cortometraggi-per-bambin-e-ragazz-a-fonzaso-domenica\\\/\"},\"wordCount\":787,\"publisher\":{\"@id\":\"https:\\\/\\\/www.bellunopress.it\\\/#organization\"},\"image\":{\"@id\":\"https:\\\/\\\/www.bellunopress.it\\\/2025\\\/11\\\/16\\\/cortino-2025-festival-di-cortometraggi-per-bambin-e-ragazz-a-fonzaso-domenica\\\/#primaryimage\"},\"thumbnailUrl\":\"https:\\\/\\\/www.bellunopress.it\\\/wp-content\\\/uploads\\\/2025\\\/11\\\/Cortino-25-Festival-Fonzaso.jpg\",\"articleSection\":[\"Appuntamenti, Eventi\",\"Arte, Cultura, Spettacoli, Scienza\",\"Pausa Caff\u00e8\"],\"inLanguage\":\"fr-FR\"},{\"@type\":\"WebPage\",\"@id\":\"https:\\\/\\\/www.bellunopress.it\\\/2025\\\/11\\\/16\\\/cortino-2025-festival-di-cortometraggi-per-bambin-e-ragazz-a-fonzaso-domenica\\\/\",\"url\":\"https:\\\/\\\/www.bellunopress.it\\\/2025\\\/11\\\/16\\\/cortino-2025-festival-di-cortometraggi-per-bambin-e-ragazz-a-fonzaso-domenica\\\/\",\"name\":\"Cortino 2025, Festival di cortometraggi per bambin@ e ragazz@. A Fonzaso domenica - Bellunopress - Dolomiti\",\"isPartOf\":{\"@id\":\"https:\\\/\\\/www.bellunopress.it\\\/#website\"},\"primaryImageOfPage\":{\"@id\":\"https:\\\/\\\/www.bellunopress.it\\\/2025\\\/11\\\/16\\\/cortino-2025-festival-di-cortometraggi-per-bambin-e-ragazz-a-fonzaso-domenica\\\/#primaryimage\"},\"image\":{\"@id\":\"https:\\\/\\\/www.bellunopress.it\\\/2025\\\/11\\\/16\\\/cortino-2025-festival-di-cortometraggi-per-bambin-e-ragazz-a-fonzaso-domenica\\\/#primaryimage\"},\"thumbnailUrl\":\"https:\\\/\\\/www.bellunopress.it\\\/wp-content\\\/uploads\\\/2025\\\/11\\\/Cortino-25-Festival-Fonzaso.jpg\",\"datePublished\":\"2025-11-16T21:27:48+00:00\",\"breadcrumb\":{\"@id\":\"https:\\\/\\\/www.bellunopress.it\\\/2025\\\/11\\\/16\\\/cortino-2025-festival-di-cortometraggi-per-bambin-e-ragazz-a-fonzaso-domenica\\\/#breadcrumb\"},\"inLanguage\":\"fr-FR\",\"potentialAction\":[{\"@type\":\"ReadAction\",\"target\":[\"https:\\\/\\\/www.bellunopress.it\\\/2025\\\/11\\\/16\\\/cortino-2025-festival-di-cortometraggi-per-bambin-e-ragazz-a-fonzaso-domenica\\\/\"]}]},{\"@type\":\"ImageObject\",\"inLanguage\":\"fr-FR\",\"@id\":\"https:\\\/\\\/www.bellunopress.it\\\/2025\\\/11\\\/16\\\/cortino-2025-festival-di-cortometraggi-per-bambin-e-ragazz-a-fonzaso-domenica\\\/#primaryimage\",\"url\":\"https:\\\/\\\/www.bellunopress.it\\\/wp-content\\\/uploads\\\/2025\\\/11\\\/Cortino-25-Festival-Fonzaso.jpg\",\"contentUrl\":\"https:\\\/\\\/www.bellunopress.it\\\/wp-content\\\/uploads\\\/2025\\\/11\\\/Cortino-25-Festival-Fonzaso.jpg\",\"width\":800,\"height\":800},{\"@type\":\"BreadcrumbList\",\"@id\":\"https:\\\/\\\/www.bellunopress.it\\\/2025\\\/11\\\/16\\\/cortino-2025-festival-di-cortometraggi-per-bambin-e-ragazz-a-fonzaso-domenica\\\/#breadcrumb\",\"itemListElement\":[{\"@type\":\"ListItem\",\"position\":1,\"name\":\"Home\",\"item\":\"https:\\\/\\\/www.bellunopress.it\\\/\"},{\"@type\":\"ListItem\",\"position\":2,\"name\":\"Cortino 2025, Festival di cortometraggi per bambin@ e ragazz@. A Fonzaso domenica\"}]},{\"@type\":\"WebSite\",\"@id\":\"https:\\\/\\\/www.bellunopress.it\\\/#website\",\"url\":\"https:\\\/\\\/www.bellunopress.it\\\/\",\"name\":\"Bellunopress - Dolomiti\",\"description\":\"e-mail: redazione@bellunopress.it\",\"publisher\":{\"@id\":\"https:\\\/\\\/www.bellunopress.it\\\/#organization\"},\"potentialAction\":[{\"@type\":\"SearchAction\",\"target\":{\"@type\":\"EntryPoint\",\"urlTemplate\":\"https:\\\/\\\/www.bellunopress.it\\\/?s={search_term_string}\"},\"query-input\":{\"@type\":\"PropertyValueSpecification\",\"valueRequired\":true,\"valueName\":\"search_term_string\"}}],\"inLanguage\":\"fr-FR\"},{\"@type\":\"Organization\",\"@id\":\"https:\\\/\\\/www.bellunopress.it\\\/#organization\",\"name\":\"Bellunopress\",\"url\":\"https:\\\/\\\/www.bellunopress.it\\\/\",\"logo\":{\"@type\":\"ImageObject\",\"inLanguage\":\"fr-FR\",\"@id\":\"https:\\\/\\\/www.bellunopress.it\\\/#\\\/schema\\\/logo\\\/image\\\/\",\"url\":\"https:\\\/\\\/www.bellunopress.it\\\/wp-content\\\/uploads\\\/2011\\\/05\\\/cropped-logo-bellunopress-.jpg\",\"contentUrl\":\"https:\\\/\\\/www.bellunopress.it\\\/wp-content\\\/uploads\\\/2011\\\/05\\\/cropped-logo-bellunopress-.jpg\",\"width\":512,\"height\":512,\"caption\":\"Bellunopress\"},\"image\":{\"@id\":\"https:\\\/\\\/www.bellunopress.it\\\/#\\\/schema\\\/logo\\\/image\\\/\"},\"sameAs\":[\"https:\\\/\\\/www.facebook.com\\\/profile.php?id=100008943462799\",\"https:\\\/\\\/x.com\\\/bellunopress\",\"https:\\\/\\\/www.linkedin.com\\\/hp\\\/?dnr=JBzUWaJfMUw8vbXJJ2tVW5-I3jZKvC4wsoxE&amp;amp;amp;amp;amp;amp;trk=nav_responsive_tab_home\",\"https:\\\/\\\/www.youtube.com\\\/channel\\\/UCxL0wu1uN0_3_7hGG0306cw\"]},{\"@type\":\"Person\",\"@id\":\"https:\\\/\\\/www.bellunopress.it\\\/#\\\/schema\\\/person\\\/79bb06722b37ece1c03d3e94beb30d73\",\"name\":\"redazione\",\"image\":{\"@type\":\"ImageObject\",\"inLanguage\":\"fr-FR\",\"@id\":\"https:\\\/\\\/secure.gravatar.com\\\/avatar\\\/37d968a2e67a6fd04c169c4bdef102d0bc5d31b2546345219e348575eb80e9a0?s=96&d=mm&r=g\",\"url\":\"https:\\\/\\\/secure.gravatar.com\\\/avatar\\\/37d968a2e67a6fd04c169c4bdef102d0bc5d31b2546345219e348575eb80e9a0?s=96&d=mm&r=g\",\"contentUrl\":\"https:\\\/\\\/secure.gravatar.com\\\/avatar\\\/37d968a2e67a6fd04c169c4bdef102d0bc5d31b2546345219e348575eb80e9a0?s=96&d=mm&r=g\",\"caption\":\"redazione\"},\"sameAs\":[\"http:\\\/\\\/www.bellunopress.it\",\"https:\\\/\\\/x.com\\\/bellunopress\"],\"url\":\"https:\\\/\\\/www.bellunopress.it\\\/fr\\\/author\\\/redazione\\\/\"}]}<\/script>\n<!-- \/ Yoast SEO plugin. -->","yoast_head_json":{"title":"Cortino 2025, Festival di cortometraggi per bambin@ e ragazz@. A Fonzaso domenica - Bellunopress - Dolomiti","robots":{"index":"index","follow":"follow","max-snippet":"max-snippet:-1","max-image-preview":"max-image-preview:large","max-video-preview":"max-video-preview:-1"},"canonical":"https:\/\/www.bellunopress.it\/fr\/2025\/11\/16\/cortino-2025-festival-di-cortometraggi-per-bambin-e-ragazz-a-fonzaso-domenica\/","og_locale":"fr_FR","og_type":"article","og_title":"Cortino 2025, Festival di cortometraggi per bambin@ e ragazz@. A Fonzaso domenica - Bellunopress - Dolomiti","og_description":"Cortino25, la seconda edizione del \u2018cinema che fa crescere\u2019 torna a Dolomiti Hub Dopo il grande successo della prima edizione, torna CORTINO \u2013 Festival di cortometraggi per bambin@ e ragazz@, l\u2019evento che celebra la magia del cinema per le nuove generazioni. La seconda edizione si terr\u00e0 domenica 23 novembre 2025 nella Sala Visioni del Dolomiti [&hellip;]","og_url":"https:\/\/www.bellunopress.it\/fr\/2025\/11\/16\/cortino-2025-festival-di-cortometraggi-per-bambin-e-ragazz-a-fonzaso-domenica\/","og_site_name":"Bellunopress - Dolomiti","article_publisher":"https:\/\/www.facebook.com\/profile.php?id=100008943462799","article_published_time":"2025-11-16T21:27:48+00:00","og_image":[{"width":800,"height":800,"url":"https:\/\/www.bellunopress.it\/wp-content\/uploads\/2025\/11\/Cortino-25-Festival-Fonzaso.jpg","type":"image\/jpeg"}],"author":"redazione","twitter_card":"summary_large_image","twitter_creator":"@bellunopress","twitter_site":"@bellunopress","twitter_misc":{"\u00c9crit par":"redazione","Dur\u00e9e de lecture estim\u00e9e":"4 minutes"},"schema":{"@context":"https:\/\/schema.org","@graph":[{"@type":"Article","@id":"https:\/\/www.bellunopress.it\/2025\/11\/16\/cortino-2025-festival-di-cortometraggi-per-bambin-e-ragazz-a-fonzaso-domenica\/#article","isPartOf":{"@id":"https:\/\/www.bellunopress.it\/2025\/11\/16\/cortino-2025-festival-di-cortometraggi-per-bambin-e-ragazz-a-fonzaso-domenica\/"},"author":{"name":"redazione","@id":"https:\/\/www.bellunopress.it\/#\/schema\/person\/79bb06722b37ece1c03d3e94beb30d73"},"headline":"Cortino 2025, Festival di cortometraggi per bambin@ e ragazz@. A Fonzaso domenica","datePublished":"2025-11-16T21:27:48+00:00","mainEntityOfPage":{"@id":"https:\/\/www.bellunopress.it\/2025\/11\/16\/cortino-2025-festival-di-cortometraggi-per-bambin-e-ragazz-a-fonzaso-domenica\/"},"wordCount":787,"publisher":{"@id":"https:\/\/www.bellunopress.it\/#organization"},"image":{"@id":"https:\/\/www.bellunopress.it\/2025\/11\/16\/cortino-2025-festival-di-cortometraggi-per-bambin-e-ragazz-a-fonzaso-domenica\/#primaryimage"},"thumbnailUrl":"https:\/\/www.bellunopress.it\/wp-content\/uploads\/2025\/11\/Cortino-25-Festival-Fonzaso.jpg","articleSection":["Appuntamenti, Eventi","Arte, Cultura, Spettacoli, Scienza","Pausa Caff\u00e8"],"inLanguage":"fr-FR"},{"@type":"WebPage","@id":"https:\/\/www.bellunopress.it\/2025\/11\/16\/cortino-2025-festival-di-cortometraggi-per-bambin-e-ragazz-a-fonzaso-domenica\/","url":"https:\/\/www.bellunopress.it\/2025\/11\/16\/cortino-2025-festival-di-cortometraggi-per-bambin-e-ragazz-a-fonzaso-domenica\/","name":"Cortino 2025, Festival di cortometraggi per bambin@ e ragazz@. A Fonzaso domenica - Bellunopress - Dolomiti","isPartOf":{"@id":"https:\/\/www.bellunopress.it\/#website"},"primaryImageOfPage":{"@id":"https:\/\/www.bellunopress.it\/2025\/11\/16\/cortino-2025-festival-di-cortometraggi-per-bambin-e-ragazz-a-fonzaso-domenica\/#primaryimage"},"image":{"@id":"https:\/\/www.bellunopress.it\/2025\/11\/16\/cortino-2025-festival-di-cortometraggi-per-bambin-e-ragazz-a-fonzaso-domenica\/#primaryimage"},"thumbnailUrl":"https:\/\/www.bellunopress.it\/wp-content\/uploads\/2025\/11\/Cortino-25-Festival-Fonzaso.jpg","datePublished":"2025-11-16T21:27:48+00:00","breadcrumb":{"@id":"https:\/\/www.bellunopress.it\/2025\/11\/16\/cortino-2025-festival-di-cortometraggi-per-bambin-e-ragazz-a-fonzaso-domenica\/#breadcrumb"},"inLanguage":"fr-FR","potentialAction":[{"@type":"ReadAction","target":["https:\/\/www.bellunopress.it\/2025\/11\/16\/cortino-2025-festival-di-cortometraggi-per-bambin-e-ragazz-a-fonzaso-domenica\/"]}]},{"@type":"ImageObject","inLanguage":"fr-FR","@id":"https:\/\/www.bellunopress.it\/2025\/11\/16\/cortino-2025-festival-di-cortometraggi-per-bambin-e-ragazz-a-fonzaso-domenica\/#primaryimage","url":"https:\/\/www.bellunopress.it\/wp-content\/uploads\/2025\/11\/Cortino-25-Festival-Fonzaso.jpg","contentUrl":"https:\/\/www.bellunopress.it\/wp-content\/uploads\/2025\/11\/Cortino-25-Festival-Fonzaso.jpg","width":800,"height":800},{"@type":"BreadcrumbList","@id":"https:\/\/www.bellunopress.it\/2025\/11\/16\/cortino-2025-festival-di-cortometraggi-per-bambin-e-ragazz-a-fonzaso-domenica\/#breadcrumb","itemListElement":[{"@type":"ListItem","position":1,"name":"Home","item":"https:\/\/www.bellunopress.it\/"},{"@type":"ListItem","position":2,"name":"Cortino 2025, Festival di cortometraggi per bambin@ e ragazz@. A Fonzaso domenica"}]},{"@type":"WebSite","@id":"https:\/\/www.bellunopress.it\/#website","url":"https:\/\/www.bellunopress.it\/","name":"Bellunopress - Dolomiti","description":"e-mail: redazione@bellunopress.it","publisher":{"@id":"https:\/\/www.bellunopress.it\/#organization"},"potentialAction":[{"@type":"SearchAction","target":{"@type":"EntryPoint","urlTemplate":"https:\/\/www.bellunopress.it\/?s={search_term_string}"},"query-input":{"@type":"PropertyValueSpecification","valueRequired":true,"valueName":"search_term_string"}}],"inLanguage":"fr-FR"},{"@type":"Organization","@id":"https:\/\/www.bellunopress.it\/#organization","name":"Bellunopress","url":"https:\/\/www.bellunopress.it\/","logo":{"@type":"ImageObject","inLanguage":"fr-FR","@id":"https:\/\/www.bellunopress.it\/#\/schema\/logo\/image\/","url":"https:\/\/www.bellunopress.it\/wp-content\/uploads\/2011\/05\/cropped-logo-bellunopress-.jpg","contentUrl":"https:\/\/www.bellunopress.it\/wp-content\/uploads\/2011\/05\/cropped-logo-bellunopress-.jpg","width":512,"height":512,"caption":"Bellunopress"},"image":{"@id":"https:\/\/www.bellunopress.it\/#\/schema\/logo\/image\/"},"sameAs":["https:\/\/www.facebook.com\/profile.php?id=100008943462799","https:\/\/x.com\/bellunopress","https:\/\/www.linkedin.com\/hp\/?dnr=JBzUWaJfMUw8vbXJJ2tVW5-I3jZKvC4wsoxE&amp;amp;amp;amp;amp;amp;trk=nav_responsive_tab_home","https:\/\/www.youtube.com\/channel\/UCxL0wu1uN0_3_7hGG0306cw"]},{"@type":"Person","@id":"https:\/\/www.bellunopress.it\/#\/schema\/person\/79bb06722b37ece1c03d3e94beb30d73","name":"r\u00e9daction","image":{"@type":"ImageObject","inLanguage":"fr-FR","@id":"https:\/\/secure.gravatar.com\/avatar\/37d968a2e67a6fd04c169c4bdef102d0bc5d31b2546345219e348575eb80e9a0?s=96&d=mm&r=g","url":"https:\/\/secure.gravatar.com\/avatar\/37d968a2e67a6fd04c169c4bdef102d0bc5d31b2546345219e348575eb80e9a0?s=96&d=mm&r=g","contentUrl":"https:\/\/secure.gravatar.com\/avatar\/37d968a2e67a6fd04c169c4bdef102d0bc5d31b2546345219e348575eb80e9a0?s=96&d=mm&r=g","caption":"redazione"},"sameAs":["http:\/\/www.bellunopress.it","https:\/\/x.com\/bellunopress"],"url":"https:\/\/www.bellunopress.it\/fr\/author\/redazione\/"}]}},"_links":{"self":[{"href":"https:\/\/www.bellunopress.it\/fr\/wp-json\/wp\/v2\/posts\/164767","targetHints":{"allow":["GET"]}}],"collection":[{"href":"https:\/\/www.bellunopress.it\/fr\/wp-json\/wp\/v2\/posts"}],"about":[{"href":"https:\/\/www.bellunopress.it\/fr\/wp-json\/wp\/v2\/types\/post"}],"author":[{"embeddable":true,"href":"https:\/\/www.bellunopress.it\/fr\/wp-json\/wp\/v2\/users\/2"}],"replies":[{"embeddable":true,"href":"https:\/\/www.bellunopress.it\/fr\/wp-json\/wp\/v2\/comments?post=164767"}],"version-history":[{"count":1,"href":"https:\/\/www.bellunopress.it\/fr\/wp-json\/wp\/v2\/posts\/164767\/revisions"}],"predecessor-version":[{"id":164769,"href":"https:\/\/www.bellunopress.it\/fr\/wp-json\/wp\/v2\/posts\/164767\/revisions\/164769"}],"wp:featuredmedia":[{"embeddable":true,"href":"https:\/\/www.bellunopress.it\/fr\/wp-json\/wp\/v2\/media\/164768"}],"wp:attachment":[{"href":"https:\/\/www.bellunopress.it\/fr\/wp-json\/wp\/v2\/media?parent=164767"}],"wp:term":[{"taxonomy":"category","embeddable":true,"href":"https:\/\/www.bellunopress.it\/fr\/wp-json\/wp\/v2\/categories?post=164767"},{"taxonomy":"post_tag","embeddable":true,"href":"https:\/\/www.bellunopress.it\/fr\/wp-json\/wp\/v2\/tags?post=164767"}],"curies":[{"name":"wp","href":"https:\/\/api.w.org\/{rel}","templated":true}]}}