{"id":164647,"date":"2025-11-05T18:26:58","date_gmt":"2025-11-05T17:26:58","guid":{"rendered":"https:\/\/www.bellunopress.it\/?p=164647"},"modified":"2025-11-10T20:40:27","modified_gmt":"2025-11-10T19:40:27","slug":"preoccupazione-per-la-partecipazione-di-nirmal-purja-alla-rassegna-chies-e-le-sue-montagne","status":"publish","type":"post","link":"https:\/\/www.bellunopress.it\/fr\/2025\/11\/05\/preoccupazione-per-la-partecipazione-di-nirmal-purja-alla-rassegna-chies-e-le-sue-montagne\/","title":{"rendered":"Preoccupazione per la partecipazione di Nirmal Purja alla rassegna &#8220;Chies e le sue montagne&#8221;. E la replica"},"content":{"rendered":"<div id=\"message-header\">\n<div class=\"header\">\n<div class=\"header-content\">\n<div class=\"header-links\"><img loading=\"lazy\" decoding=\"async\" class=\"aligncenter size-full wp-image-137900\" src=\"https:\/\/www.bellunopress.it\/wp-content\/uploads\/2022\/11\/Non-Una-di-Meno_edited.jpg\" alt=\"\" width=\"1000\" height=\"620\" srcset=\"https:\/\/www.bellunopress.it\/wp-content\/uploads\/2022\/11\/Non-Una-di-Meno_edited.jpg 1000w, https:\/\/www.bellunopress.it\/wp-content\/uploads\/2022\/11\/Non-Una-di-Meno_edited-500x310.jpg 500w, https:\/\/www.bellunopress.it\/wp-content\/uploads\/2022\/11\/Non-Una-di-Meno_edited-696x432.jpg 696w, https:\/\/www.bellunopress.it\/wp-content\/uploads\/2022\/11\/Non-Una-di-Meno_edited-677x420.jpg 677w, https:\/\/www.bellunopress.it\/wp-content\/uploads\/2022\/11\/Non-Una-di-Meno_edited-356x220.jpg 356w\" sizes=\"auto, (max-width: 1000px) 100vw, 1000px\" \/>Nel fine settimana, il 9 novembre, a Chies e le sue montagne, storica rassegna di cultura alpina, \u00e8 previsto come ospite della serata conclusiva l&#8217;alpinista nepalese Nirmal &#8220;Nims&#8221; Purja, noto per le sue imprese himalayane e per la popolarit\u00e0 acquisita grazie alla docuserie Netflix 14 Peaks.<\/div>\n<\/div>\n<\/div>\n<\/div>\n<div id=\"message-content\">\n<div class=\"rightcol\" role=\"region\" aria-labelledby=\"aria-label-messagebody\">\n<div id=\"messagebody\">\n<div id=\"message-htmlpart1\" class=\"message-htmlpart\">\n<div id=\"message-htmlpart1\" class=\"rcmBody\">\n<div dir=\"ltr\">\n<p dir=\"ltr\">Come movimento transfemminista impegnato nella lotta contro ogni forma di violenza di genere,\u00a0esprimiamo profonda preoccupazione\u00a0per la scelta di invitare una figura pubblica che \u00e8 stata oggetto di\u00a0multiple accuse di violenza e molestie sessuali, emerse nel 2024 attraverso un&#8217;\u00a0inchiesta del\u00a0New York Times\u00a0dal titolo\u00a0&#8220;For Female Climbers, Dangers Go Beyond Avalanches and Storms&#8221; (Per le alpiniste donne, i pericoli vanno oltre le valanghe e le tempeste).<\/p>\n<p dir=\"ltr\">Nell&#8217;articolo, tre donne &#8211; tra cui l&#8217;alpinista finlandese Lotta Hintsa e la dottoressa April Leonardo &#8211; raccontano episodi di molestie e abusi avvenuti in contesti di spedizione o incontri di lavoro con Purja. Le testimonianze, supportate da riscontri e pubblicate da una delle testate pi\u00f9 autorevoli al mondo, descrivono\u00a0comportamenti di natura sessuale non consensuale\u00a0e situazioni di\u00a0forte squilibrio di potere\u00a0tra una guida celebre, ex militare e simbolo nazionale, e clienti o collaboratrici donne.<\/p>\n<p dir=\"ltr\">Le accuse sono state successivamente approfondite anche da\u00a0Outside Magazine\u00a0(&#8220;Climbers Weigh In on Nims Purja Following Sexual Abuse Allegations&#8221; Gli alpinisti intervengono sul caso di Nims Purja dopo le accuse di abuso sessuale) e riprese in Italia da\u00a0Il Dolomiti\u00a0(&#8220;Abusi e molestie sessuali: per le donne l&#8217;alpinismo \u00e8 anche questo&#8221;). Nel 2024 un comitato del governo Nepalese ha tolto i fondi all&#8217;Himalayan Times per aver pubblicato alcuni articoli riguardanti Nirmal. Il procedimento per\u00f2 fa riferimento a questioni alpinistiche e non menziona mai gli abusi. Purja ha negato ogni addebito, ma non esiste alcuna sentenza di assoluzione, n\u00e9 sono state intentate cause per diffamazione contro le testate che hanno pubblicato le inchieste, fatto che conferma la solidit\u00e0 del lavoro giornalistico svolto.<\/p>\n<p dir=\"ltr\">Ci chiediamo se gli organizzatori della Rassegna fossero pienamente a conoscenza di questi fatti e delle loro implicazioni nel momento in cui hanno accettato di ospitare l&#8217;alpinista. Temiamo che la manifestazione sia usata anche come palco per una\u00a0operazione di riabilitazione d&#8217;immagine, favorita dalla scarsa diffusione in Italia di informazioni accurate sul caso e da una certa reticenza dei media di settore, legati a interessi pubblicitari di marchi che sponsorizzano lo stesso atleta.<\/p>\n<p dir=\"ltr\">Non si tratta di negare la presunzione di innocenza, ma di\u00a0riconoscere che esiste una responsabilit\u00e0 morale e culturale\u00a0nel dare visibilit\u00e0 pubblica a figure accusate di violenze cos\u00ec gravi, soprattutto in un contesto dedicato alla montagna, luogo che dovrebbe rappresentare libert\u00e0, rispetto e sicurezza per tutte e tutti.<\/p>\n<p dir=\"ltr\">Chiediamo dunque agli organizzatori e al pubblico di\u00a0Chies e le sue montagne\u00a0trasparenza, consapevolezza e rispetto verso le testimonianze delle donne\u00a0che hanno trovato il coraggio di raccontare la propria esperienza.<br \/>\nChi partecipa a un evento ha diritto di sapere chi sta applaudendo.<\/p>\n<p dir=\"ltr\"><strong>Movimento Non Una Di Meno Belluno<\/strong><\/p>\n<p dir=\"ltr\">Fonti principali:<\/p>\n<ul>\n<li dir=\"ltr\">\n<p dir=\"ltr\">The New York Times \u2013<a href=\"https:\/\/www.nytimes.com\/2024\/05\/31\/sports\/nirmal-purja-sexual-assault.html\" target=\"_blank\" rel=\"noopener noreferrer\"> For Female Climbers, Dangers Go Beyond Avalanches and Storms<\/a><\/p>\n<p>&nbsp;<\/li>\n<li dir=\"ltr\">\n<p dir=\"ltr\">Outside Magazine \u2013<a href=\"https:\/\/www.outsideonline.com\/outdoor-adventure\/everest\/climbers-weigh-in-on-nims-purja-following-sexual-abuse-allegations\/?utm_source=chatgpt.com\" target=\"_blank\" rel=\"noopener noreferrer\"> Climbers Weigh In on Nims Purja Following Sexual Abuse Allegations<\/a><\/p>\n<p>&nbsp;<\/li>\n<li dir=\"ltr\">\n<p dir=\"ltr\">Il Dolomiti \u2013<a href=\"https:\/\/www.ildolomiti.it\/altra-montagna\/cultura\/2024\/abusi-e-molestie-sessuali-per-le-donne-lalpinismo-%C3%A8-anche-questo-ma-qualcosa-sta-cambiando-da-safeoutside-alla-testimonianza-di-lotta-hintsa\" target=\"_blank\" rel=\"noopener noreferrer\"> Abusi e molestie sessuali: per le donne l&#8217;alpinismo \u00e8 anche questo<\/a><\/p>\n<\/li>\n<\/ul>\n<\/div>\n<p>&nbsp;<\/p>\n<h1><\/h1>\n<h1><strong>Richieste di Correzioni Fattuali<\/strong><br \/>\nIn primo luogo, l&#8217;articolo contiene una serie di errori che chiediamo vengano corretti:<\/h1>\n<p>Solo due donne hanno sporto accuse sul NYT, non tre come da voi indicato.<\/p>\n<p>La questione non \u00e8 stata &#8220;ulteriormente indagata&#8221; da Outside o Il Dolomitti: questi articoli si sono semplicemente limitati a ripetere la storia del NYT. Non c&#8217;\u00e8 stata alcuna indagine e nessuna di queste pubblicazioni ci ha contattato per un commento.<\/p>\n<p>2. Mancanza di Denunce Ufficiali<br \/>\nIn secondo luogo, prima o dopo la pubblicazione dell&#8217;articolo (a maggio 2024), nessuna denuncia alla polizia (o qualsiasi altra denuncia) \u00e8 stata presentata da nessuna delle due donne, n\u00e9 in Nepal n\u00e9 nei loro Paesi d&#8217;origine.<\/p>\n<p>3. Dichiarazione Ufficiale<br \/>\nIn terzo luogo, vi preghiamo di prendere visione della nostra dichiarazione ufficiale che saremmo grati pubblicaste per intero nel vostro articolo:<\/p>\n<p>Un portavoce del signor Purja ha dichiarato:<\/p>\n<p>&#8220;Queste sono accuse, non fatti, e Nims le ha sempre negate in modo inequivocabile. Nims ha collaborato in buona fede con la pubblicazione per 3 mesi prima della pubblicazione, ma si sono rifiutati di stampare la dichiarazione completa di Nims e si sono rifiutati di stampare le oltre 15 testimonianze che avevamo fornito loro, di testimoni occidentali e nepalesi. Inoltre, si sono ripetutamente rifiutati di condurre interviste che avevamo offerto con questi testimoni, per dimostrare che queste accuse non possono essersi verificate come sostenuto.<\/p>\n<p>&#8220;A seguito della pubblicazione dell&#8217;articolo, Nims \u00e8 stato contattato da giornalisti indipendenti (ex The Times e BBC) in merito a questo argomento e il risultato \u00e8 stato il podcast Summit Justice (rilasciato a febbraio 2025). Esso indaga sulla storia e fornisce il contesto completo della campagna diffamatoria durata 3 anni che Nims, la sua famiglia e il suo team hanno dovuto affrontare. Se le persone vogliono comprendere l&#8217;intera situazione, invitiamo tutti ad ascoltarlo. Summit Justice \u00e8 disponibile su Apple, Spotify e tutte le piattaforme di podcast.&#8221;<\/p>\n<p class=\"v1MsoNormal\">\n<\/div>\n<\/div>\n<\/div>\n<\/div>\n<\/div>","protected":false},"excerpt":{"rendered":"<p>Nel fine settimana, il 9 novembre, a Chies e le sue montagne, storica rassegna di cultura alpina, \u00e8 previsto come ospite della serata conclusiva l&#8217;alpinista nepalese Nirmal &#8220;Nims&#8221; Purja, noto per le sue imprese himalayane e per la popolarit\u00e0 acquisita grazie alla docuserie Netflix 14 Peaks. Come movimento transfemminista impegnato nella lotta contro ogni forma [&hellip;]<\/p>\n","protected":false},"author":2,"featured_media":137900,"comment_status":"closed","ping_status":"open","sticky":false,"template":"","format":"standard","meta":{"footnotes":""},"categories":[1,26,8],"tags":[],"class_list":["post-164647","post","type-post","status-publish","format-standard","has-post-thumbnail","category-leo","category-prima-pagina","category-societa-istituzioni"],"yoast_head":"<!-- This site is optimized with the Yoast SEO plugin v28.4 - https:\/\/yoast.com\/product\/yoast-seo-wordpress\/ -->\n<title>Preoccupazione per la partecipazione di Nirmal Purja alla rassegna &quot;Chies e le sue montagne&quot;. E la replica - Bellunopress - Dolomiti<\/title>\n<meta name=\"robots\" content=\"index, follow, max-snippet:-1, max-image-preview:large, max-video-preview:-1\" \/>\n<link rel=\"canonical\" href=\"https:\/\/www.bellunopress.it\/fr\/2025\/11\/05\/preoccupazione-per-la-partecipazione-di-nirmal-purja-alla-rassegna-chies-e-le-sue-montagne\/\" \/>\n<meta property=\"og:locale\" content=\"fr_FR\" \/>\n<meta property=\"og:type\" content=\"article\" \/>\n<meta property=\"og:title\" content=\"Preoccupazione per la partecipazione di Nirmal Purja alla rassegna &quot;Chies e le sue montagne&quot;. E la replica - Bellunopress - Dolomiti\" \/>\n<meta property=\"og:description\" content=\"Nel fine settimana, il 9 novembre, a Chies e le sue montagne, storica rassegna di cultura alpina, \u00e8 previsto come ospite della serata conclusiva l&#8217;alpinista nepalese Nirmal &#8220;Nims&#8221; Purja, noto per le sue imprese himalayane e per la popolarit\u00e0 acquisita grazie alla docuserie Netflix 14 Peaks. Come movimento transfemminista impegnato nella lotta contro ogni forma [&hellip;]\" \/>\n<meta property=\"og:url\" content=\"https:\/\/www.bellunopress.it\/fr\/2025\/11\/05\/preoccupazione-per-la-partecipazione-di-nirmal-purja-alla-rassegna-chies-e-le-sue-montagne\/\" \/>\n<meta property=\"og:site_name\" content=\"Bellunopress - Dolomiti\" \/>\n<meta property=\"article:publisher\" content=\"https:\/\/www.facebook.com\/profile.php?id=100008943462799\" \/>\n<meta property=\"article:published_time\" content=\"2025-11-05T17:26:58+00:00\" \/>\n<meta property=\"article:modified_time\" content=\"2025-11-10T19:40:27+00:00\" \/>\n<meta property=\"og:image\" content=\"https:\/\/www.bellunopress.it\/wp-content\/uploads\/2022\/11\/Non-Una-di-Meno_edited.jpg\" \/>\n\t<meta property=\"og:image:width\" content=\"1000\" \/>\n\t<meta property=\"og:image:height\" content=\"620\" \/>\n\t<meta property=\"og:image:type\" content=\"image\/jpeg\" \/>\n<meta name=\"author\" content=\"redazione\" \/>\n<meta name=\"twitter:card\" content=\"summary_large_image\" \/>\n<meta name=\"twitter:creator\" content=\"@bellunopress\" \/>\n<meta name=\"twitter:site\" content=\"@bellunopress\" \/>\n<meta name=\"twitter:label1\" content=\"\u00c9crit par\" \/>\n\t<meta name=\"twitter:data1\" content=\"redazione\" \/>\n\t<meta name=\"twitter:label2\" content=\"Dur\u00e9e de lecture estim\u00e9e\" \/>\n\t<meta name=\"twitter:data2\" content=\"4 minutes\" \/>\n<script type=\"application\/ld+json\" class=\"yoast-schema-graph\">{\"@context\":\"https:\\\/\\\/schema.org\",\"@graph\":[{\"@type\":\"Article\",\"@id\":\"https:\\\/\\\/www.bellunopress.it\\\/2025\\\/11\\\/05\\\/preoccupazione-per-la-partecipazione-di-nirmal-purja-alla-rassegna-chies-e-le-sue-montagne\\\/#article\",\"isPartOf\":{\"@id\":\"https:\\\/\\\/www.bellunopress.it\\\/2025\\\/11\\\/05\\\/preoccupazione-per-la-partecipazione-di-nirmal-purja-alla-rassegna-chies-e-le-sue-montagne\\\/\"},\"author\":{\"name\":\"redazione\",\"@id\":\"https:\\\/\\\/www.bellunopress.it\\\/#\\\/schema\\\/person\\\/79bb06722b37ece1c03d3e94beb30d73\"},\"headline\":\"Preoccupazione per la partecipazione di Nirmal Purja alla rassegna &#8220;Chies e le sue montagne&#8221;. E la replica\",\"datePublished\":\"2025-11-05T17:26:58+00:00\",\"dateModified\":\"2025-11-10T19:40:27+00:00\",\"mainEntityOfPage\":{\"@id\":\"https:\\\/\\\/www.bellunopress.it\\\/2025\\\/11\\\/05\\\/preoccupazione-per-la-partecipazione-di-nirmal-purja-alla-rassegna-chies-e-le-sue-montagne\\\/\"},\"wordCount\":852,\"publisher\":{\"@id\":\"https:\\\/\\\/www.bellunopress.it\\\/#organization\"},\"image\":{\"@id\":\"https:\\\/\\\/www.bellunopress.it\\\/2025\\\/11\\\/05\\\/preoccupazione-per-la-partecipazione-di-nirmal-purja-alla-rassegna-chies-e-le-sue-montagne\\\/#primaryimage\"},\"thumbnailUrl\":\"https:\\\/\\\/www.bellunopress.it\\\/wp-content\\\/uploads\\\/2022\\\/11\\\/Non-Una-di-Meno_edited.jpg\",\"articleSection\":[\"Lettere Opinioni\",\"Prima Pagina\",\"Societ\u00e0, Associazioni, Istituzioni\"],\"inLanguage\":\"fr-FR\"},{\"@type\":\"WebPage\",\"@id\":\"https:\\\/\\\/www.bellunopress.it\\\/2025\\\/11\\\/05\\\/preoccupazione-per-la-partecipazione-di-nirmal-purja-alla-rassegna-chies-e-le-sue-montagne\\\/\",\"url\":\"https:\\\/\\\/www.bellunopress.it\\\/2025\\\/11\\\/05\\\/preoccupazione-per-la-partecipazione-di-nirmal-purja-alla-rassegna-chies-e-le-sue-montagne\\\/\",\"name\":\"Preoccupazione per la partecipazione di Nirmal Purja alla rassegna \\\"Chies e le sue montagne\\\". E la replica - Bellunopress - Dolomiti\",\"isPartOf\":{\"@id\":\"https:\\\/\\\/www.bellunopress.it\\\/#website\"},\"primaryImageOfPage\":{\"@id\":\"https:\\\/\\\/www.bellunopress.it\\\/2025\\\/11\\\/05\\\/preoccupazione-per-la-partecipazione-di-nirmal-purja-alla-rassegna-chies-e-le-sue-montagne\\\/#primaryimage\"},\"image\":{\"@id\":\"https:\\\/\\\/www.bellunopress.it\\\/2025\\\/11\\\/05\\\/preoccupazione-per-la-partecipazione-di-nirmal-purja-alla-rassegna-chies-e-le-sue-montagne\\\/#primaryimage\"},\"thumbnailUrl\":\"https:\\\/\\\/www.bellunopress.it\\\/wp-content\\\/uploads\\\/2022\\\/11\\\/Non-Una-di-Meno_edited.jpg\",\"datePublished\":\"2025-11-05T17:26:58+00:00\",\"dateModified\":\"2025-11-10T19:40:27+00:00\",\"breadcrumb\":{\"@id\":\"https:\\\/\\\/www.bellunopress.it\\\/2025\\\/11\\\/05\\\/preoccupazione-per-la-partecipazione-di-nirmal-purja-alla-rassegna-chies-e-le-sue-montagne\\\/#breadcrumb\"},\"inLanguage\":\"fr-FR\",\"potentialAction\":[{\"@type\":\"ReadAction\",\"target\":[\"https:\\\/\\\/www.bellunopress.it\\\/2025\\\/11\\\/05\\\/preoccupazione-per-la-partecipazione-di-nirmal-purja-alla-rassegna-chies-e-le-sue-montagne\\\/\"]}]},{\"@type\":\"ImageObject\",\"inLanguage\":\"fr-FR\",\"@id\":\"https:\\\/\\\/www.bellunopress.it\\\/2025\\\/11\\\/05\\\/preoccupazione-per-la-partecipazione-di-nirmal-purja-alla-rassegna-chies-e-le-sue-montagne\\\/#primaryimage\",\"url\":\"https:\\\/\\\/www.bellunopress.it\\\/wp-content\\\/uploads\\\/2022\\\/11\\\/Non-Una-di-Meno_edited.jpg\",\"contentUrl\":\"https:\\\/\\\/www.bellunopress.it\\\/wp-content\\\/uploads\\\/2022\\\/11\\\/Non-Una-di-Meno_edited.jpg\",\"width\":1000,\"height\":620},{\"@type\":\"BreadcrumbList\",\"@id\":\"https:\\\/\\\/www.bellunopress.it\\\/2025\\\/11\\\/05\\\/preoccupazione-per-la-partecipazione-di-nirmal-purja-alla-rassegna-chies-e-le-sue-montagne\\\/#breadcrumb\",\"itemListElement\":[{\"@type\":\"ListItem\",\"position\":1,\"name\":\"Home\",\"item\":\"https:\\\/\\\/www.bellunopress.it\\\/\"},{\"@type\":\"ListItem\",\"position\":2,\"name\":\"Preoccupazione per la partecipazione di Nirmal Purja alla rassegna &#8220;Chies e le sue montagne&#8221;. E la replica\"}]},{\"@type\":\"WebSite\",\"@id\":\"https:\\\/\\\/www.bellunopress.it\\\/#website\",\"url\":\"https:\\\/\\\/www.bellunopress.it\\\/\",\"name\":\"Bellunopress - Dolomiti\",\"description\":\"e-mail: redazione@bellunopress.it\",\"publisher\":{\"@id\":\"https:\\\/\\\/www.bellunopress.it\\\/#organization\"},\"potentialAction\":[{\"@type\":\"SearchAction\",\"target\":{\"@type\":\"EntryPoint\",\"urlTemplate\":\"https:\\\/\\\/www.bellunopress.it\\\/?s={search_term_string}\"},\"query-input\":{\"@type\":\"PropertyValueSpecification\",\"valueRequired\":true,\"valueName\":\"search_term_string\"}}],\"inLanguage\":\"fr-FR\"},{\"@type\":\"Organization\",\"@id\":\"https:\\\/\\\/www.bellunopress.it\\\/#organization\",\"name\":\"Bellunopress\",\"url\":\"https:\\\/\\\/www.bellunopress.it\\\/\",\"logo\":{\"@type\":\"ImageObject\",\"inLanguage\":\"fr-FR\",\"@id\":\"https:\\\/\\\/www.bellunopress.it\\\/#\\\/schema\\\/logo\\\/image\\\/\",\"url\":\"https:\\\/\\\/www.bellunopress.it\\\/wp-content\\\/uploads\\\/2011\\\/05\\\/cropped-logo-bellunopress-.jpg\",\"contentUrl\":\"https:\\\/\\\/www.bellunopress.it\\\/wp-content\\\/uploads\\\/2011\\\/05\\\/cropped-logo-bellunopress-.jpg\",\"width\":512,\"height\":512,\"caption\":\"Bellunopress\"},\"image\":{\"@id\":\"https:\\\/\\\/www.bellunopress.it\\\/#\\\/schema\\\/logo\\\/image\\\/\"},\"sameAs\":[\"https:\\\/\\\/www.facebook.com\\\/profile.php?id=100008943462799\",\"https:\\\/\\\/x.com\\\/bellunopress\",\"https:\\\/\\\/www.linkedin.com\\\/hp\\\/?dnr=JBzUWaJfMUw8vbXJJ2tVW5-I3jZKvC4wsoxE&amp;amp;amp;amp;amp;amp;trk=nav_responsive_tab_home\",\"https:\\\/\\\/www.youtube.com\\\/channel\\\/UCxL0wu1uN0_3_7hGG0306cw\"]},{\"@type\":\"Person\",\"@id\":\"https:\\\/\\\/www.bellunopress.it\\\/#\\\/schema\\\/person\\\/79bb06722b37ece1c03d3e94beb30d73\",\"name\":\"redazione\",\"image\":{\"@type\":\"ImageObject\",\"inLanguage\":\"fr-FR\",\"@id\":\"https:\\\/\\\/secure.gravatar.com\\\/avatar\\\/37d968a2e67a6fd04c169c4bdef102d0bc5d31b2546345219e348575eb80e9a0?s=96&d=mm&r=g\",\"url\":\"https:\\\/\\\/secure.gravatar.com\\\/avatar\\\/37d968a2e67a6fd04c169c4bdef102d0bc5d31b2546345219e348575eb80e9a0?s=96&d=mm&r=g\",\"contentUrl\":\"https:\\\/\\\/secure.gravatar.com\\\/avatar\\\/37d968a2e67a6fd04c169c4bdef102d0bc5d31b2546345219e348575eb80e9a0?s=96&d=mm&r=g\",\"caption\":\"redazione\"},\"sameAs\":[\"http:\\\/\\\/www.bellunopress.it\",\"https:\\\/\\\/x.com\\\/bellunopress\"],\"url\":\"https:\\\/\\\/www.bellunopress.it\\\/fr\\\/author\\\/redazione\\\/\"}]}<\/script>\n<!-- \/ Yoast SEO plugin. -->","yoast_head_json":{"title":"Preoccupazione per la partecipazione di Nirmal Purja alla rassegna \"Chies e le sue montagne\". E la replica - Bellunopress - Dolomiti","robots":{"index":"index","follow":"follow","max-snippet":"max-snippet:-1","max-image-preview":"max-image-preview:large","max-video-preview":"max-video-preview:-1"},"canonical":"https:\/\/www.bellunopress.it\/fr\/2025\/11\/05\/preoccupazione-per-la-partecipazione-di-nirmal-purja-alla-rassegna-chies-e-le-sue-montagne\/","og_locale":"fr_FR","og_type":"article","og_title":"Preoccupazione per la partecipazione di Nirmal Purja alla rassegna \"Chies e le sue montagne\". E la replica - Bellunopress - Dolomiti","og_description":"Nel fine settimana, il 9 novembre, a Chies e le sue montagne, storica rassegna di cultura alpina, \u00e8 previsto come ospite della serata conclusiva l&#8217;alpinista nepalese Nirmal &#8220;Nims&#8221; Purja, noto per le sue imprese himalayane e per la popolarit\u00e0 acquisita grazie alla docuserie Netflix 14 Peaks. Come movimento transfemminista impegnato nella lotta contro ogni forma [&hellip;]","og_url":"https:\/\/www.bellunopress.it\/fr\/2025\/11\/05\/preoccupazione-per-la-partecipazione-di-nirmal-purja-alla-rassegna-chies-e-le-sue-montagne\/","og_site_name":"Bellunopress - Dolomiti","article_publisher":"https:\/\/www.facebook.com\/profile.php?id=100008943462799","article_published_time":"2025-11-05T17:26:58+00:00","article_modified_time":"2025-11-10T19:40:27+00:00","og_image":[{"width":1000,"height":620,"url":"https:\/\/www.bellunopress.it\/wp-content\/uploads\/2022\/11\/Non-Una-di-Meno_edited.jpg","type":"image\/jpeg"}],"author":"redazione","twitter_card":"summary_large_image","twitter_creator":"@bellunopress","twitter_site":"@bellunopress","twitter_misc":{"\u00c9crit par":"redazione","Dur\u00e9e de lecture estim\u00e9e":"4 minutes"},"schema":{"@context":"https:\/\/schema.org","@graph":[{"@type":"Article","@id":"https:\/\/www.bellunopress.it\/2025\/11\/05\/preoccupazione-per-la-partecipazione-di-nirmal-purja-alla-rassegna-chies-e-le-sue-montagne\/#article","isPartOf":{"@id":"https:\/\/www.bellunopress.it\/2025\/11\/05\/preoccupazione-per-la-partecipazione-di-nirmal-purja-alla-rassegna-chies-e-le-sue-montagne\/"},"author":{"name":"redazione","@id":"https:\/\/www.bellunopress.it\/#\/schema\/person\/79bb06722b37ece1c03d3e94beb30d73"},"headline":"Preoccupazione per la partecipazione di Nirmal Purja alla rassegna &#8220;Chies e le sue montagne&#8221;. E la replica","datePublished":"2025-11-05T17:26:58+00:00","dateModified":"2025-11-10T19:40:27+00:00","mainEntityOfPage":{"@id":"https:\/\/www.bellunopress.it\/2025\/11\/05\/preoccupazione-per-la-partecipazione-di-nirmal-purja-alla-rassegna-chies-e-le-sue-montagne\/"},"wordCount":852,"publisher":{"@id":"https:\/\/www.bellunopress.it\/#organization"},"image":{"@id":"https:\/\/www.bellunopress.it\/2025\/11\/05\/preoccupazione-per-la-partecipazione-di-nirmal-purja-alla-rassegna-chies-e-le-sue-montagne\/#primaryimage"},"thumbnailUrl":"https:\/\/www.bellunopress.it\/wp-content\/uploads\/2022\/11\/Non-Una-di-Meno_edited.jpg","articleSection":["Lettere Opinioni","Prima Pagina","Societ\u00e0, Associazioni, Istituzioni"],"inLanguage":"fr-FR"},{"@type":"WebPage","@id":"https:\/\/www.bellunopress.it\/2025\/11\/05\/preoccupazione-per-la-partecipazione-di-nirmal-purja-alla-rassegna-chies-e-le-sue-montagne\/","url":"https:\/\/www.bellunopress.it\/2025\/11\/05\/preoccupazione-per-la-partecipazione-di-nirmal-purja-alla-rassegna-chies-e-le-sue-montagne\/","name":"Preoccupazione per la partecipazione di Nirmal Purja alla rassegna \"Chies e le sue montagne\". E la replica - Bellunopress - Dolomiti","isPartOf":{"@id":"https:\/\/www.bellunopress.it\/#website"},"primaryImageOfPage":{"@id":"https:\/\/www.bellunopress.it\/2025\/11\/05\/preoccupazione-per-la-partecipazione-di-nirmal-purja-alla-rassegna-chies-e-le-sue-montagne\/#primaryimage"},"image":{"@id":"https:\/\/www.bellunopress.it\/2025\/11\/05\/preoccupazione-per-la-partecipazione-di-nirmal-purja-alla-rassegna-chies-e-le-sue-montagne\/#primaryimage"},"thumbnailUrl":"https:\/\/www.bellunopress.it\/wp-content\/uploads\/2022\/11\/Non-Una-di-Meno_edited.jpg","datePublished":"2025-11-05T17:26:58+00:00","dateModified":"2025-11-10T19:40:27+00:00","breadcrumb":{"@id":"https:\/\/www.bellunopress.it\/2025\/11\/05\/preoccupazione-per-la-partecipazione-di-nirmal-purja-alla-rassegna-chies-e-le-sue-montagne\/#breadcrumb"},"inLanguage":"fr-FR","potentialAction":[{"@type":"ReadAction","target":["https:\/\/www.bellunopress.it\/2025\/11\/05\/preoccupazione-per-la-partecipazione-di-nirmal-purja-alla-rassegna-chies-e-le-sue-montagne\/"]}]},{"@type":"ImageObject","inLanguage":"fr-FR","@id":"https:\/\/www.bellunopress.it\/2025\/11\/05\/preoccupazione-per-la-partecipazione-di-nirmal-purja-alla-rassegna-chies-e-le-sue-montagne\/#primaryimage","url":"https:\/\/www.bellunopress.it\/wp-content\/uploads\/2022\/11\/Non-Una-di-Meno_edited.jpg","contentUrl":"https:\/\/www.bellunopress.it\/wp-content\/uploads\/2022\/11\/Non-Una-di-Meno_edited.jpg","width":1000,"height":620},{"@type":"BreadcrumbList","@id":"https:\/\/www.bellunopress.it\/2025\/11\/05\/preoccupazione-per-la-partecipazione-di-nirmal-purja-alla-rassegna-chies-e-le-sue-montagne\/#breadcrumb","itemListElement":[{"@type":"ListItem","position":1,"name":"Home","item":"https:\/\/www.bellunopress.it\/"},{"@type":"ListItem","position":2,"name":"Preoccupazione per la partecipazione di Nirmal Purja alla rassegna &#8220;Chies e le sue montagne&#8221;. E la replica"}]},{"@type":"WebSite","@id":"https:\/\/www.bellunopress.it\/#website","url":"https:\/\/www.bellunopress.it\/","name":"Bellunopress - Dolomiti","description":"e-mail: redazione@bellunopress.it","publisher":{"@id":"https:\/\/www.bellunopress.it\/#organization"},"potentialAction":[{"@type":"SearchAction","target":{"@type":"EntryPoint","urlTemplate":"https:\/\/www.bellunopress.it\/?s={search_term_string}"},"query-input":{"@type":"PropertyValueSpecification","valueRequired":true,"valueName":"search_term_string"}}],"inLanguage":"fr-FR"},{"@type":"Organization","@id":"https:\/\/www.bellunopress.it\/#organization","name":"Bellunopress","url":"https:\/\/www.bellunopress.it\/","logo":{"@type":"ImageObject","inLanguage":"fr-FR","@id":"https:\/\/www.bellunopress.it\/#\/schema\/logo\/image\/","url":"https:\/\/www.bellunopress.it\/wp-content\/uploads\/2011\/05\/cropped-logo-bellunopress-.jpg","contentUrl":"https:\/\/www.bellunopress.it\/wp-content\/uploads\/2011\/05\/cropped-logo-bellunopress-.jpg","width":512,"height":512,"caption":"Bellunopress"},"image":{"@id":"https:\/\/www.bellunopress.it\/#\/schema\/logo\/image\/"},"sameAs":["https:\/\/www.facebook.com\/profile.php?id=100008943462799","https:\/\/x.com\/bellunopress","https:\/\/www.linkedin.com\/hp\/?dnr=JBzUWaJfMUw8vbXJJ2tVW5-I3jZKvC4wsoxE&amp;amp;amp;amp;amp;amp;trk=nav_responsive_tab_home","https:\/\/www.youtube.com\/channel\/UCxL0wu1uN0_3_7hGG0306cw"]},{"@type":"Person","@id":"https:\/\/www.bellunopress.it\/#\/schema\/person\/79bb06722b37ece1c03d3e94beb30d73","name":"r\u00e9daction","image":{"@type":"ImageObject","inLanguage":"fr-FR","@id":"https:\/\/secure.gravatar.com\/avatar\/37d968a2e67a6fd04c169c4bdef102d0bc5d31b2546345219e348575eb80e9a0?s=96&d=mm&r=g","url":"https:\/\/secure.gravatar.com\/avatar\/37d968a2e67a6fd04c169c4bdef102d0bc5d31b2546345219e348575eb80e9a0?s=96&d=mm&r=g","contentUrl":"https:\/\/secure.gravatar.com\/avatar\/37d968a2e67a6fd04c169c4bdef102d0bc5d31b2546345219e348575eb80e9a0?s=96&d=mm&r=g","caption":"redazione"},"sameAs":["http:\/\/www.bellunopress.it","https:\/\/x.com\/bellunopress"],"url":"https:\/\/www.bellunopress.it\/fr\/author\/redazione\/"}]}},"_links":{"self":[{"href":"https:\/\/www.bellunopress.it\/fr\/wp-json\/wp\/v2\/posts\/164647","targetHints":{"allow":["GET"]}}],"collection":[{"href":"https:\/\/www.bellunopress.it\/fr\/wp-json\/wp\/v2\/posts"}],"about":[{"href":"https:\/\/www.bellunopress.it\/fr\/wp-json\/wp\/v2\/types\/post"}],"author":[{"embeddable":true,"href":"https:\/\/www.bellunopress.it\/fr\/wp-json\/wp\/v2\/users\/2"}],"replies":[{"embeddable":true,"href":"https:\/\/www.bellunopress.it\/fr\/wp-json\/wp\/v2\/comments?post=164647"}],"version-history":[{"count":5,"href":"https:\/\/www.bellunopress.it\/fr\/wp-json\/wp\/v2\/posts\/164647\/revisions"}],"predecessor-version":[{"id":164810,"href":"https:\/\/www.bellunopress.it\/fr\/wp-json\/wp\/v2\/posts\/164647\/revisions\/164810"}],"wp:featuredmedia":[{"embeddable":true,"href":"https:\/\/www.bellunopress.it\/fr\/wp-json\/wp\/v2\/media\/137900"}],"wp:attachment":[{"href":"https:\/\/www.bellunopress.it\/fr\/wp-json\/wp\/v2\/media?parent=164647"}],"wp:term":[{"taxonomy":"category","embeddable":true,"href":"https:\/\/www.bellunopress.it\/fr\/wp-json\/wp\/v2\/categories?post=164647"},{"taxonomy":"post_tag","embeddable":true,"href":"https:\/\/www.bellunopress.it\/fr\/wp-json\/wp\/v2\/tags?post=164647"}],"curies":[{"name":"wp","href":"https:\/\/api.w.org\/{rel}","templated":true}]}}