{"id":164643,"date":"2025-11-05T18:16:34","date_gmt":"2025-11-05T17:16:34","guid":{"rendered":"https:\/\/www.bellunopress.it\/?p=164643"},"modified":"2025-11-05T18:16:34","modified_gmt":"2025-11-05T17:16:34","slug":"visita-al-comando-dei-vigili-del-fuoco-di-belluno-del-sottosegretario-agli-interni-emanuele-prisco","status":"publish","type":"post","link":"https:\/\/www.bellunopress.it\/fr\/2025\/11\/05\/visita-al-comando-dei-vigili-del-fuoco-di-belluno-del-sottosegretario-agli-interni-emanuele-prisco\/","title":{"rendered":"Visita al Comando dei Vigili del Fuoco di Belluno del sottosegretario agli Interni Emanuele Prisco"},"content":{"rendered":"<figure id=\"attachment_164644\" aria-describedby=\"caption-attachment-164644\" style=\"width: 600px\" class=\"wp-caption aligncenter\"><img loading=\"lazy\" decoding=\"async\" class=\"size-full wp-image-164644\" src=\"https:\/\/www.bellunopress.it\/wp-content\/uploads\/2025\/11\/Sottosegretario-Interno-Emanuele-Prisco.jpg\" alt=\"\" width=\"600\" height=\"800\" srcset=\"https:\/\/www.bellunopress.it\/wp-content\/uploads\/2025\/11\/Sottosegretario-Interno-Emanuele-Prisco.jpg 600w, https:\/\/www.bellunopress.it\/wp-content\/uploads\/2025\/11\/Sottosegretario-Interno-Emanuele-Prisco-375x500.jpg 375w, https:\/\/www.bellunopress.it\/wp-content\/uploads\/2025\/11\/Sottosegretario-Interno-Emanuele-Prisco-315x420.jpg 315w\" sizes=\"auto, (max-width: 600px) 100vw, 600px\" \/><figcaption id=\"caption-attachment-164644\" class=\"wp-caption-text\">L&#8217;incontro a Belluno del sottosegretario Emanuele Prisco con i Vigili del Fuoco<\/figcaption><\/figure>\n<p>Belluno, 5 novembre 2025 &#8211; Il sottosegretario di Stato all&#8217;Interno Emanuele Prisco (Vice dirigente dei Vigili del Fuoco in aspettativa), con delega al Dipartimento dei Vigili del Fuoco, del Soccorso Pubblico e della Difesa Civile, ha effettuato oggi una visita istituzionale al Comando provinciale dei Vigili del Fuoco di Belluno.<\/p>\n<p>L&#8217;agenda della giornata si \u00e8 incentrata sui temi della sicurezza e del coordinamento interistituzionale, con particolare attenzione alla preparazione del territorio in vista dei Giochi olimpici invernali Milano Cortina 2026. Durante la visita, il sottosegretario Prisco ha portato il saluto istituzionale al nucleo dei volontari dei Vigili del Fuoco attualmente impegnati nel percorso di formazione presso la sede del Comando, sottolineando l&#8217;importanza del loro contributo quale componente essenziale del sistema nazionale di soccorso pubblico. Successivamente, si \u00e8 svolto un briefing strategico-organizzativo dedicato ai Giochi olimpici. All&#8217;incontro hanno preso parte i vertici istituzionali e tecnici \u2013 il Prefetto di Belluno, Antonello Roccoberton, il direttore regionale VV.F., Cristina D&#8217;Angelo, e il comandante provinciale, Matteo Carretto \u2013 oltre ai rappresentanti degli enti locali, tra cui gli assessori del Comune di Belluno, Raffaele Addamiano e Monica Mazzoccoli, la vicepresidente della Provincia, Silvia Calligaro, e l&#8217;assessore provinciale Massimo Bortoluzzi. Il tavolo ha permesso di rafforzare la sinergia operativa e di definire i piani d&#8217;azione per garantire i massimi standard di sicurezza. \u00c8 stato fatto il punto sugli investimenti ministeriali per il territorio e sono stati confermati gli interventi su immobili demaniali con criticit\u00e0 strutturali, in localit\u00e0 quali Cortina e Feltre, per i quali i lavori sono gi\u00e0 stati affidati. \u00c8 stato inoltre definito un potenziamento di mezzi e dotazioni per il Veneto pari a circa 4 milioni di euro, con ricadute dirette sulla provincia. Il potenziamento comprender\u00e0 attrezzature specifiche e strumentazione di ultima generazione, fra cui quelle per la ricerca di persone scomparse.<\/p>","protected":false},"excerpt":{"rendered":"<p>Belluno, 5 novembre 2025 &#8211; Il sottosegretario di Stato all&#8217;Interno Emanuele Prisco (Vice dirigente dei Vigili del Fuoco in aspettativa), con delega al Dipartimento dei Vigili del Fuoco, del Soccorso Pubblico e della Difesa Civile, ha effettuato oggi una visita istituzionale al Comando provinciale dei Vigili del Fuoco di Belluno. L&#8217;agenda della giornata si \u00e8 [&hellip;]<\/p>\n","protected":false},"author":2,"featured_media":164644,"comment_status":"closed","ping_status":"open","sticky":false,"template":"","format":"standard","meta":{"footnotes":""},"categories":[5,26],"tags":[],"class_list":["post-164643","post","type-post","status-publish","format-standard","has-post-thumbnail","category-cronaca","category-prima-pagina"],"yoast_head":"<!-- This site is optimized with the Yoast SEO plugin v28.4 - https:\/\/yoast.com\/product\/yoast-seo-wordpress\/ -->\n<title>Visita al Comando dei Vigili del Fuoco di Belluno del sottosegretario agli Interni Emanuele Prisco - Bellunopress - Dolomiti<\/title>\n<meta name=\"robots\" content=\"index, follow, max-snippet:-1, max-image-preview:large, max-video-preview:-1\" \/>\n<link rel=\"canonical\" href=\"https:\/\/www.bellunopress.it\/fr\/2025\/11\/05\/visita-al-comando-dei-vigili-del-fuoco-di-belluno-del-sottosegretario-agli-interni-emanuele-prisco\/\" \/>\n<meta property=\"og:locale\" content=\"fr_FR\" \/>\n<meta property=\"og:type\" content=\"article\" \/>\n<meta property=\"og:title\" content=\"Visita al Comando dei Vigili del Fuoco di Belluno del sottosegretario agli Interni Emanuele Prisco - Bellunopress - Dolomiti\" \/>\n<meta property=\"og:description\" content=\"Belluno, 5 novembre 2025 &#8211; Il sottosegretario di Stato all&#8217;Interno Emanuele Prisco (Vice dirigente dei Vigili del Fuoco in aspettativa), con delega al Dipartimento dei Vigili del Fuoco, del Soccorso Pubblico e della Difesa Civile, ha effettuato oggi una visita istituzionale al Comando provinciale dei Vigili del Fuoco di Belluno. L&#8217;agenda della giornata si \u00e8 [&hellip;]\" \/>\n<meta property=\"og:url\" content=\"https:\/\/www.bellunopress.it\/fr\/2025\/11\/05\/visita-al-comando-dei-vigili-del-fuoco-di-belluno-del-sottosegretario-agli-interni-emanuele-prisco\/\" \/>\n<meta property=\"og:site_name\" content=\"Bellunopress - Dolomiti\" \/>\n<meta property=\"article:publisher\" content=\"https:\/\/www.facebook.com\/profile.php?id=100008943462799\" \/>\n<meta property=\"article:published_time\" content=\"2025-11-05T17:16:34+00:00\" \/>\n<meta property=\"og:image\" content=\"https:\/\/www.bellunopress.it\/wp-content\/uploads\/2025\/11\/Sottosegretario-Interno-Emanuele-Prisco.jpg\" \/>\n\t<meta property=\"og:image:width\" content=\"600\" \/>\n\t<meta property=\"og:image:height\" content=\"800\" \/>\n\t<meta property=\"og:image:type\" content=\"image\/jpeg\" \/>\n<meta name=\"author\" content=\"redazione\" \/>\n<meta name=\"twitter:card\" content=\"summary_large_image\" \/>\n<meta name=\"twitter:creator\" content=\"@bellunopress\" \/>\n<meta name=\"twitter:site\" content=\"@bellunopress\" \/>\n<meta name=\"twitter:label1\" content=\"\u00c9crit par\" \/>\n\t<meta name=\"twitter:data1\" content=\"redazione\" \/>\n\t<meta name=\"twitter:label2\" content=\"Dur\u00e9e de lecture estim\u00e9e\" \/>\n\t<meta name=\"twitter:data2\" content=\"2 minutes\" \/>\n<script type=\"application\/ld+json\" class=\"yoast-schema-graph\">{\"@context\":\"https:\\\/\\\/schema.org\",\"@graph\":[{\"@type\":\"Article\",\"@id\":\"https:\\\/\\\/www.bellunopress.it\\\/2025\\\/11\\\/05\\\/visita-al-comando-dei-vigili-del-fuoco-di-belluno-del-sottosegretario-agli-interni-emanuele-prisco\\\/#article\",\"isPartOf\":{\"@id\":\"https:\\\/\\\/www.bellunopress.it\\\/2025\\\/11\\\/05\\\/visita-al-comando-dei-vigili-del-fuoco-di-belluno-del-sottosegretario-agli-interni-emanuele-prisco\\\/\"},\"author\":{\"name\":\"redazione\",\"@id\":\"https:\\\/\\\/www.bellunopress.it\\\/#\\\/schema\\\/person\\\/79bb06722b37ece1c03d3e94beb30d73\"},\"headline\":\"Visita al Comando dei Vigili del Fuoco di Belluno del sottosegretario agli Interni Emanuele Prisco\",\"datePublished\":\"2025-11-05T17:16:34+00:00\",\"mainEntityOfPage\":{\"@id\":\"https:\\\/\\\/www.bellunopress.it\\\/2025\\\/11\\\/05\\\/visita-al-comando-dei-vigili-del-fuoco-di-belluno-del-sottosegretario-agli-interni-emanuele-prisco\\\/\"},\"wordCount\":331,\"publisher\":{\"@id\":\"https:\\\/\\\/www.bellunopress.it\\\/#organization\"},\"image\":{\"@id\":\"https:\\\/\\\/www.bellunopress.it\\\/2025\\\/11\\\/05\\\/visita-al-comando-dei-vigili-del-fuoco-di-belluno-del-sottosegretario-agli-interni-emanuele-prisco\\\/#primaryimage\"},\"thumbnailUrl\":\"https:\\\/\\\/www.bellunopress.it\\\/wp-content\\\/uploads\\\/2025\\\/11\\\/Sottosegretario-Interno-Emanuele-Prisco.jpg\",\"articleSection\":[\"Cronaca\\\/Politica\",\"Prima Pagina\"],\"inLanguage\":\"fr-FR\"},{\"@type\":\"WebPage\",\"@id\":\"https:\\\/\\\/www.bellunopress.it\\\/2025\\\/11\\\/05\\\/visita-al-comando-dei-vigili-del-fuoco-di-belluno-del-sottosegretario-agli-interni-emanuele-prisco\\\/\",\"url\":\"https:\\\/\\\/www.bellunopress.it\\\/2025\\\/11\\\/05\\\/visita-al-comando-dei-vigili-del-fuoco-di-belluno-del-sottosegretario-agli-interni-emanuele-prisco\\\/\",\"name\":\"Visita al Comando dei Vigili del Fuoco di Belluno del sottosegretario agli Interni Emanuele Prisco - Bellunopress - Dolomiti\",\"isPartOf\":{\"@id\":\"https:\\\/\\\/www.bellunopress.it\\\/#website\"},\"primaryImageOfPage\":{\"@id\":\"https:\\\/\\\/www.bellunopress.it\\\/2025\\\/11\\\/05\\\/visita-al-comando-dei-vigili-del-fuoco-di-belluno-del-sottosegretario-agli-interni-emanuele-prisco\\\/#primaryimage\"},\"image\":{\"@id\":\"https:\\\/\\\/www.bellunopress.it\\\/2025\\\/11\\\/05\\\/visita-al-comando-dei-vigili-del-fuoco-di-belluno-del-sottosegretario-agli-interni-emanuele-prisco\\\/#primaryimage\"},\"thumbnailUrl\":\"https:\\\/\\\/www.bellunopress.it\\\/wp-content\\\/uploads\\\/2025\\\/11\\\/Sottosegretario-Interno-Emanuele-Prisco.jpg\",\"datePublished\":\"2025-11-05T17:16:34+00:00\",\"breadcrumb\":{\"@id\":\"https:\\\/\\\/www.bellunopress.it\\\/2025\\\/11\\\/05\\\/visita-al-comando-dei-vigili-del-fuoco-di-belluno-del-sottosegretario-agli-interni-emanuele-prisco\\\/#breadcrumb\"},\"inLanguage\":\"fr-FR\",\"potentialAction\":[{\"@type\":\"ReadAction\",\"target\":[\"https:\\\/\\\/www.bellunopress.it\\\/2025\\\/11\\\/05\\\/visita-al-comando-dei-vigili-del-fuoco-di-belluno-del-sottosegretario-agli-interni-emanuele-prisco\\\/\"]}]},{\"@type\":\"ImageObject\",\"inLanguage\":\"fr-FR\",\"@id\":\"https:\\\/\\\/www.bellunopress.it\\\/2025\\\/11\\\/05\\\/visita-al-comando-dei-vigili-del-fuoco-di-belluno-del-sottosegretario-agli-interni-emanuele-prisco\\\/#primaryimage\",\"url\":\"https:\\\/\\\/www.bellunopress.it\\\/wp-content\\\/uploads\\\/2025\\\/11\\\/Sottosegretario-Interno-Emanuele-Prisco.jpg\",\"contentUrl\":\"https:\\\/\\\/www.bellunopress.it\\\/wp-content\\\/uploads\\\/2025\\\/11\\\/Sottosegretario-Interno-Emanuele-Prisco.jpg\",\"width\":600,\"height\":800,\"caption\":\"L'incontro a Belluno del sottosegretario Emanuele Prisco con i Vigili del Fuoco\"},{\"@type\":\"BreadcrumbList\",\"@id\":\"https:\\\/\\\/www.bellunopress.it\\\/2025\\\/11\\\/05\\\/visita-al-comando-dei-vigili-del-fuoco-di-belluno-del-sottosegretario-agli-interni-emanuele-prisco\\\/#breadcrumb\",\"itemListElement\":[{\"@type\":\"ListItem\",\"position\":1,\"name\":\"Home\",\"item\":\"https:\\\/\\\/www.bellunopress.it\\\/\"},{\"@type\":\"ListItem\",\"position\":2,\"name\":\"Visita al Comando dei Vigili del Fuoco di Belluno del sottosegretario agli Interni Emanuele Prisco\"}]},{\"@type\":\"WebSite\",\"@id\":\"https:\\\/\\\/www.bellunopress.it\\\/#website\",\"url\":\"https:\\\/\\\/www.bellunopress.it\\\/\",\"name\":\"Bellunopress - Dolomiti\",\"description\":\"e-mail: redazione@bellunopress.it\",\"publisher\":{\"@id\":\"https:\\\/\\\/www.bellunopress.it\\\/#organization\"},\"potentialAction\":[{\"@type\":\"SearchAction\",\"target\":{\"@type\":\"EntryPoint\",\"urlTemplate\":\"https:\\\/\\\/www.bellunopress.it\\\/?s={search_term_string}\"},\"query-input\":{\"@type\":\"PropertyValueSpecification\",\"valueRequired\":true,\"valueName\":\"search_term_string\"}}],\"inLanguage\":\"fr-FR\"},{\"@type\":\"Organization\",\"@id\":\"https:\\\/\\\/www.bellunopress.it\\\/#organization\",\"name\":\"Bellunopress\",\"url\":\"https:\\\/\\\/www.bellunopress.it\\\/\",\"logo\":{\"@type\":\"ImageObject\",\"inLanguage\":\"fr-FR\",\"@id\":\"https:\\\/\\\/www.bellunopress.it\\\/#\\\/schema\\\/logo\\\/image\\\/\",\"url\":\"https:\\\/\\\/www.bellunopress.it\\\/wp-content\\\/uploads\\\/2011\\\/05\\\/cropped-logo-bellunopress-.jpg\",\"contentUrl\":\"https:\\\/\\\/www.bellunopress.it\\\/wp-content\\\/uploads\\\/2011\\\/05\\\/cropped-logo-bellunopress-.jpg\",\"width\":512,\"height\":512,\"caption\":\"Bellunopress\"},\"image\":{\"@id\":\"https:\\\/\\\/www.bellunopress.it\\\/#\\\/schema\\\/logo\\\/image\\\/\"},\"sameAs\":[\"https:\\\/\\\/www.facebook.com\\\/profile.php?id=100008943462799\",\"https:\\\/\\\/x.com\\\/bellunopress\",\"https:\\\/\\\/www.linkedin.com\\\/hp\\\/?dnr=JBzUWaJfMUw8vbXJJ2tVW5-I3jZKvC4wsoxE&amp;amp;amp;amp;amp;amp;trk=nav_responsive_tab_home\",\"https:\\\/\\\/www.youtube.com\\\/channel\\\/UCxL0wu1uN0_3_7hGG0306cw\"]},{\"@type\":\"Person\",\"@id\":\"https:\\\/\\\/www.bellunopress.it\\\/#\\\/schema\\\/person\\\/79bb06722b37ece1c03d3e94beb30d73\",\"name\":\"redazione\",\"image\":{\"@type\":\"ImageObject\",\"inLanguage\":\"fr-FR\",\"@id\":\"https:\\\/\\\/secure.gravatar.com\\\/avatar\\\/37d968a2e67a6fd04c169c4bdef102d0bc5d31b2546345219e348575eb80e9a0?s=96&d=mm&r=g\",\"url\":\"https:\\\/\\\/secure.gravatar.com\\\/avatar\\\/37d968a2e67a6fd04c169c4bdef102d0bc5d31b2546345219e348575eb80e9a0?s=96&d=mm&r=g\",\"contentUrl\":\"https:\\\/\\\/secure.gravatar.com\\\/avatar\\\/37d968a2e67a6fd04c169c4bdef102d0bc5d31b2546345219e348575eb80e9a0?s=96&d=mm&r=g\",\"caption\":\"redazione\"},\"sameAs\":[\"http:\\\/\\\/www.bellunopress.it\",\"https:\\\/\\\/x.com\\\/bellunopress\"],\"url\":\"https:\\\/\\\/www.bellunopress.it\\\/fr\\\/author\\\/redazione\\\/\"}]}<\/script>\n<!-- \/ Yoast SEO plugin. -->","yoast_head_json":{"title":"Visita al Comando dei Vigili del Fuoco di Belluno del sottosegretario agli Interni Emanuele Prisco - Bellunopress - Dolomiti","robots":{"index":"index","follow":"follow","max-snippet":"max-snippet:-1","max-image-preview":"max-image-preview:large","max-video-preview":"max-video-preview:-1"},"canonical":"https:\/\/www.bellunopress.it\/fr\/2025\/11\/05\/visita-al-comando-dei-vigili-del-fuoco-di-belluno-del-sottosegretario-agli-interni-emanuele-prisco\/","og_locale":"fr_FR","og_type":"article","og_title":"Visita al Comando dei Vigili del Fuoco di Belluno del sottosegretario agli Interni Emanuele Prisco - Bellunopress - Dolomiti","og_description":"Belluno, 5 novembre 2025 &#8211; Il sottosegretario di Stato all&#8217;Interno Emanuele Prisco (Vice dirigente dei Vigili del Fuoco in aspettativa), con delega al Dipartimento dei Vigili del Fuoco, del Soccorso Pubblico e della Difesa Civile, ha effettuato oggi una visita istituzionale al Comando provinciale dei Vigili del Fuoco di Belluno. L&#8217;agenda della giornata si \u00e8 [&hellip;]","og_url":"https:\/\/www.bellunopress.it\/fr\/2025\/11\/05\/visita-al-comando-dei-vigili-del-fuoco-di-belluno-del-sottosegretario-agli-interni-emanuele-prisco\/","og_site_name":"Bellunopress - Dolomiti","article_publisher":"https:\/\/www.facebook.com\/profile.php?id=100008943462799","article_published_time":"2025-11-05T17:16:34+00:00","og_image":[{"width":600,"height":800,"url":"https:\/\/www.bellunopress.it\/wp-content\/uploads\/2025\/11\/Sottosegretario-Interno-Emanuele-Prisco.jpg","type":"image\/jpeg"}],"author":"redazione","twitter_card":"summary_large_image","twitter_creator":"@bellunopress","twitter_site":"@bellunopress","twitter_misc":{"\u00c9crit par":"redazione","Dur\u00e9e de lecture estim\u00e9e":"2 minutes"},"schema":{"@context":"https:\/\/schema.org","@graph":[{"@type":"Article","@id":"https:\/\/www.bellunopress.it\/2025\/11\/05\/visita-al-comando-dei-vigili-del-fuoco-di-belluno-del-sottosegretario-agli-interni-emanuele-prisco\/#article","isPartOf":{"@id":"https:\/\/www.bellunopress.it\/2025\/11\/05\/visita-al-comando-dei-vigili-del-fuoco-di-belluno-del-sottosegretario-agli-interni-emanuele-prisco\/"},"author":{"name":"redazione","@id":"https:\/\/www.bellunopress.it\/#\/schema\/person\/79bb06722b37ece1c03d3e94beb30d73"},"headline":"Visita al Comando dei Vigili del Fuoco di Belluno del sottosegretario agli Interni Emanuele Prisco","datePublished":"2025-11-05T17:16:34+00:00","mainEntityOfPage":{"@id":"https:\/\/www.bellunopress.it\/2025\/11\/05\/visita-al-comando-dei-vigili-del-fuoco-di-belluno-del-sottosegretario-agli-interni-emanuele-prisco\/"},"wordCount":331,"publisher":{"@id":"https:\/\/www.bellunopress.it\/#organization"},"image":{"@id":"https:\/\/www.bellunopress.it\/2025\/11\/05\/visita-al-comando-dei-vigili-del-fuoco-di-belluno-del-sottosegretario-agli-interni-emanuele-prisco\/#primaryimage"},"thumbnailUrl":"https:\/\/www.bellunopress.it\/wp-content\/uploads\/2025\/11\/Sottosegretario-Interno-Emanuele-Prisco.jpg","articleSection":["Cronaca\/Politica","Prima Pagina"],"inLanguage":"fr-FR"},{"@type":"WebPage","@id":"https:\/\/www.bellunopress.it\/2025\/11\/05\/visita-al-comando-dei-vigili-del-fuoco-di-belluno-del-sottosegretario-agli-interni-emanuele-prisco\/","url":"https:\/\/www.bellunopress.it\/2025\/11\/05\/visita-al-comando-dei-vigili-del-fuoco-di-belluno-del-sottosegretario-agli-interni-emanuele-prisco\/","name":"Visita al Comando dei Vigili del Fuoco di Belluno del sottosegretario agli Interni Emanuele Prisco - Bellunopress - Dolomiti","isPartOf":{"@id":"https:\/\/www.bellunopress.it\/#website"},"primaryImageOfPage":{"@id":"https:\/\/www.bellunopress.it\/2025\/11\/05\/visita-al-comando-dei-vigili-del-fuoco-di-belluno-del-sottosegretario-agli-interni-emanuele-prisco\/#primaryimage"},"image":{"@id":"https:\/\/www.bellunopress.it\/2025\/11\/05\/visita-al-comando-dei-vigili-del-fuoco-di-belluno-del-sottosegretario-agli-interni-emanuele-prisco\/#primaryimage"},"thumbnailUrl":"https:\/\/www.bellunopress.it\/wp-content\/uploads\/2025\/11\/Sottosegretario-Interno-Emanuele-Prisco.jpg","datePublished":"2025-11-05T17:16:34+00:00","breadcrumb":{"@id":"https:\/\/www.bellunopress.it\/2025\/11\/05\/visita-al-comando-dei-vigili-del-fuoco-di-belluno-del-sottosegretario-agli-interni-emanuele-prisco\/#breadcrumb"},"inLanguage":"fr-FR","potentialAction":[{"@type":"ReadAction","target":["https:\/\/www.bellunopress.it\/2025\/11\/05\/visita-al-comando-dei-vigili-del-fuoco-di-belluno-del-sottosegretario-agli-interni-emanuele-prisco\/"]}]},{"@type":"ImageObject","inLanguage":"fr-FR","@id":"https:\/\/www.bellunopress.it\/2025\/11\/05\/visita-al-comando-dei-vigili-del-fuoco-di-belluno-del-sottosegretario-agli-interni-emanuele-prisco\/#primaryimage","url":"https:\/\/www.bellunopress.it\/wp-content\/uploads\/2025\/11\/Sottosegretario-Interno-Emanuele-Prisco.jpg","contentUrl":"https:\/\/www.bellunopress.it\/wp-content\/uploads\/2025\/11\/Sottosegretario-Interno-Emanuele-Prisco.jpg","width":600,"height":800,"caption":"L'incontro a Belluno del sottosegretario Emanuele Prisco con i Vigili del Fuoco"},{"@type":"BreadcrumbList","@id":"https:\/\/www.bellunopress.it\/2025\/11\/05\/visita-al-comando-dei-vigili-del-fuoco-di-belluno-del-sottosegretario-agli-interni-emanuele-prisco\/#breadcrumb","itemListElement":[{"@type":"ListItem","position":1,"name":"Home","item":"https:\/\/www.bellunopress.it\/"},{"@type":"ListItem","position":2,"name":"Visita al Comando dei Vigili del Fuoco di Belluno del sottosegretario agli Interni Emanuele Prisco"}]},{"@type":"WebSite","@id":"https:\/\/www.bellunopress.it\/#website","url":"https:\/\/www.bellunopress.it\/","name":"Bellunopress - Dolomiti","description":"e-mail: redazione@bellunopress.it","publisher":{"@id":"https:\/\/www.bellunopress.it\/#organization"},"potentialAction":[{"@type":"SearchAction","target":{"@type":"EntryPoint","urlTemplate":"https:\/\/www.bellunopress.it\/?s={search_term_string}"},"query-input":{"@type":"PropertyValueSpecification","valueRequired":true,"valueName":"search_term_string"}}],"inLanguage":"fr-FR"},{"@type":"Organization","@id":"https:\/\/www.bellunopress.it\/#organization","name":"Bellunopress","url":"https:\/\/www.bellunopress.it\/","logo":{"@type":"ImageObject","inLanguage":"fr-FR","@id":"https:\/\/www.bellunopress.it\/#\/schema\/logo\/image\/","url":"https:\/\/www.bellunopress.it\/wp-content\/uploads\/2011\/05\/cropped-logo-bellunopress-.jpg","contentUrl":"https:\/\/www.bellunopress.it\/wp-content\/uploads\/2011\/05\/cropped-logo-bellunopress-.jpg","width":512,"height":512,"caption":"Bellunopress"},"image":{"@id":"https:\/\/www.bellunopress.it\/#\/schema\/logo\/image\/"},"sameAs":["https:\/\/www.facebook.com\/profile.php?id=100008943462799","https:\/\/x.com\/bellunopress","https:\/\/www.linkedin.com\/hp\/?dnr=JBzUWaJfMUw8vbXJJ2tVW5-I3jZKvC4wsoxE&amp;amp;amp;amp;amp;amp;trk=nav_responsive_tab_home","https:\/\/www.youtube.com\/channel\/UCxL0wu1uN0_3_7hGG0306cw"]},{"@type":"Person","@id":"https:\/\/www.bellunopress.it\/#\/schema\/person\/79bb06722b37ece1c03d3e94beb30d73","name":"r\u00e9daction","image":{"@type":"ImageObject","inLanguage":"fr-FR","@id":"https:\/\/secure.gravatar.com\/avatar\/37d968a2e67a6fd04c169c4bdef102d0bc5d31b2546345219e348575eb80e9a0?s=96&d=mm&r=g","url":"https:\/\/secure.gravatar.com\/avatar\/37d968a2e67a6fd04c169c4bdef102d0bc5d31b2546345219e348575eb80e9a0?s=96&d=mm&r=g","contentUrl":"https:\/\/secure.gravatar.com\/avatar\/37d968a2e67a6fd04c169c4bdef102d0bc5d31b2546345219e348575eb80e9a0?s=96&d=mm&r=g","caption":"redazione"},"sameAs":["http:\/\/www.bellunopress.it","https:\/\/x.com\/bellunopress"],"url":"https:\/\/www.bellunopress.it\/fr\/author\/redazione\/"}]}},"_links":{"self":[{"href":"https:\/\/www.bellunopress.it\/fr\/wp-json\/wp\/v2\/posts\/164643","targetHints":{"allow":["GET"]}}],"collection":[{"href":"https:\/\/www.bellunopress.it\/fr\/wp-json\/wp\/v2\/posts"}],"about":[{"href":"https:\/\/www.bellunopress.it\/fr\/wp-json\/wp\/v2\/types\/post"}],"author":[{"embeddable":true,"href":"https:\/\/www.bellunopress.it\/fr\/wp-json\/wp\/v2\/users\/2"}],"replies":[{"embeddable":true,"href":"https:\/\/www.bellunopress.it\/fr\/wp-json\/wp\/v2\/comments?post=164643"}],"version-history":[{"count":1,"href":"https:\/\/www.bellunopress.it\/fr\/wp-json\/wp\/v2\/posts\/164643\/revisions"}],"predecessor-version":[{"id":164645,"href":"https:\/\/www.bellunopress.it\/fr\/wp-json\/wp\/v2\/posts\/164643\/revisions\/164645"}],"wp:featuredmedia":[{"embeddable":true,"href":"https:\/\/www.bellunopress.it\/fr\/wp-json\/wp\/v2\/media\/164644"}],"wp:attachment":[{"href":"https:\/\/www.bellunopress.it\/fr\/wp-json\/wp\/v2\/media?parent=164643"}],"wp:term":[{"taxonomy":"category","embeddable":true,"href":"https:\/\/www.bellunopress.it\/fr\/wp-json\/wp\/v2\/categories?post=164643"},{"taxonomy":"post_tag","embeddable":true,"href":"https:\/\/www.bellunopress.it\/fr\/wp-json\/wp\/v2\/tags?post=164643"}],"curies":[{"name":"wp","href":"https:\/\/api.w.org\/{rel}","templated":true}]}}