{"id":164640,"date":"2025-11-05T17:57:49","date_gmt":"2025-11-05T16:57:49","guid":{"rendered":"https:\/\/www.bellunopress.it\/?p=164640"},"modified":"2025-11-05T17:57:49","modified_gmt":"2025-11-05T16:57:49","slug":"presentata-la-lista-popolari-per-il-veneto-con-fabio-bui-candidato-presidente","status":"publish","type":"post","link":"https:\/\/www.bellunopress.it\/fr\/2025\/11\/05\/presentata-la-lista-popolari-per-il-veneto-con-fabio-bui-candidato-presidente\/","title":{"rendered":"Presentata la lista Popolari per il Veneto, con Fabio Bui candidato presidente"},"content":{"rendered":"<figure id=\"attachment_164641\" aria-describedby=\"caption-attachment-164641\" style=\"width: 800px\" class=\"wp-caption aligncenter\"><img loading=\"lazy\" decoding=\"async\" class=\"size-full wp-image-164641\" src=\"https:\/\/www.bellunopress.it\/wp-content\/uploads\/2025\/11\/popolari-per-il-veneto_edited.jpg\" alt=\"\" width=\"800\" height=\"475\" srcset=\"https:\/\/www.bellunopress.it\/wp-content\/uploads\/2025\/11\/popolari-per-il-veneto_edited.jpg 800w, https:\/\/www.bellunopress.it\/wp-content\/uploads\/2025\/11\/popolari-per-il-veneto_edited-500x297.jpg 500w, https:\/\/www.bellunopress.it\/wp-content\/uploads\/2025\/11\/popolari-per-il-veneto_edited-707x420.jpg 707w, https:\/\/www.bellunopress.it\/wp-content\/uploads\/2025\/11\/popolari-per-il-veneto_edited-696x413.jpg 696w\" sizes=\"auto, (max-width: 800px) 100vw, 800px\" \/><figcaption id=\"caption-attachment-164641\" class=\"wp-caption-text\">Paola Boscaro, Enrico Popolo, Fabio Bui, Massimo Vidori<\/figcaption><\/figure>\n<p>Belluno, 5 novembre 2025 &#8211; E&#8217; stata presentata questa mattina all&#8217;Astor di Belluno la lista Popolari per il Veneto con candidato alla presidenza della Regione Fabio Bui.<\/p>\n<p>Quella dei Popolari, \u00e8 una delle tre liste &#8220;indipendenti&#8221; che non fanno capo alle due coalizioni di centrodestra e centrosinistra (le altre due sono Resistere Veneto con candidato presidente Szumski e Democrazia popolare sovrana con candidato presidente Marco Rizzo).<\/p>\n<p>Questi i candidati bellunesi dei Popolari per in Veneto:<\/p>\n<p>Massimo Vidori, Paola Boscaro, Enrico Popolo, Manuelita Longhin, Andreas Quinz.<\/p>\n<p>Il candidato alla presidenza della Regione Fabio Bui, ex sindaco di Loreggia ed ex presidente della Provincia di Padova, nel presentare i candidati bellunesi ha esordito dicendo che il Movimento dei Popolari si ispira al modello CSU Bavarese e alla S\u00f9dtiroler Volkspartei, fuori quindi dalle dinamiche dei partiti nazionali. &#8220;Ogni volta che si presentano in tv i leader politici &#8211; ha ironizzato Bui &#8211; mille elettori non si presentano pi\u00f9 al voto, perch\u00e9 la gente non ne pu\u00f2 pi\u00f9 delle contese politiche. Per aumentare gli ascolti tv, la raccomandazione che viene fatta dietro le quinte degli studi televisivi oggi \u00e8 &#8220;dovete litigare&#8221;! ha raccontato il candidato presidente dei Popolari Veneti.<\/p>\n<p>&#8220;Siamo rimasti gli unici &#8211; ha detto Fabio Bui &#8211; con questo progetto politico Popolari per il Veneto, a volere un sindacato per i bisogni del Veneto&#8221;.<\/p>\n<p>Tre i temi sui quali ha concentrato il suo intervento: la sanit\u00e0, i giovani e le realt\u00e0 produttive.<\/p>\n<p>&#8220;Per abbattere le liste d&#8217;attesa &#8211; ha detto &#8211; dobbiamo garantire servizi sanitari 24 ore su 24 schierando il meglio che abbiamo. Garantire inoltre i presidi ospedalieri del territorio montano&#8221;.<\/p>\n<p>Per i giovani Bui ha in mente il modello gi\u00e0 applicato a Trento, che eroga contributi agli studenti per consentire loro di frequentare l&#8217;Universit\u00e0.<\/p>\n<p>A sostegno delle realt\u00e0 produttive, posto che in montagna \u00e8 pi\u00f9 difficile fare impresa che in pianura, Bui propone una defiscalizzazione che consenta agli imprenditori bellunesi di diventare competitivi.<\/p>\n<p><a href=\"https:\/\/www.facebook.com\/robertodenart\/videos\/1238881894932429\">https:\/\/www.facebook.com\/robertodenart\/videos\/1238881894932429<\/a><\/p>\n<p><a href=\"https:\/\/www.facebook.com\/robertodenart\/videos\/24900508656307933\">https:\/\/www.facebook.com\/robertodenart\/videos\/24900508656307933<\/a><br \/>\n<a href=\"https:\/\/www.facebook.com\/robertodenart\/videos\/1371832524312545\">https:\/\/www.facebook.com\/robertodenart\/videos\/1371832524312545<\/a><\/p>\n<p><a href=\"https:\/\/www.facebook.com\/robertodenart\/videos\/2295114670928974\">https:\/\/www.facebook.com\/robertodenart\/videos\/2295114670928974<\/a><\/p>","protected":false},"excerpt":{"rendered":"<p>Belluno, 5 novembre 2025 &#8211; E&#8217; stata presentata questa mattina all&#8217;Astor di Belluno la lista Popolari per il Veneto con candidato alla presidenza della Regione Fabio Bui. Quella dei Popolari, \u00e8 una delle tre liste &#8220;indipendenti&#8221; che non fanno capo alle due coalizioni di centrodestra e centrosinistra (le altre due sono Resistere Veneto con candidato [&hellip;]<\/p>\n","protected":false},"author":2,"featured_media":164641,"comment_status":"closed","ping_status":"open","sticky":false,"template":"","format":"standard","meta":{"footnotes":""},"categories":[5,26],"tags":[],"class_list":["post-164640","post","type-post","status-publish","format-standard","has-post-thumbnail","category-cronaca","category-prima-pagina"],"yoast_head":"<!-- This site is optimized with the Yoast SEO plugin v28.4 - https:\/\/yoast.com\/product\/yoast-seo-wordpress\/ -->\n<title>Presentata la lista Popolari per il Veneto, con Fabio Bui candidato presidente - Bellunopress - Dolomiti<\/title>\n<meta name=\"robots\" content=\"index, follow, max-snippet:-1, max-image-preview:large, max-video-preview:-1\" \/>\n<link rel=\"canonical\" href=\"https:\/\/www.bellunopress.it\/fr\/2025\/11\/05\/presentata-la-lista-popolari-per-il-veneto-con-fabio-bui-candidato-presidente\/\" \/>\n<meta property=\"og:locale\" content=\"fr_FR\" \/>\n<meta property=\"og:type\" content=\"article\" \/>\n<meta property=\"og:title\" content=\"Presentata la lista Popolari per il Veneto, con Fabio Bui candidato presidente - Bellunopress - Dolomiti\" \/>\n<meta property=\"og:description\" content=\"Belluno, 5 novembre 2025 &#8211; E&#8217; stata presentata questa mattina all&#8217;Astor di Belluno la lista Popolari per il Veneto con candidato alla presidenza della Regione Fabio Bui. Quella dei Popolari, \u00e8 una delle tre liste &#8220;indipendenti&#8221; che non fanno capo alle due coalizioni di centrodestra e centrosinistra (le altre due sono Resistere Veneto con candidato [&hellip;]\" \/>\n<meta property=\"og:url\" content=\"https:\/\/www.bellunopress.it\/fr\/2025\/11\/05\/presentata-la-lista-popolari-per-il-veneto-con-fabio-bui-candidato-presidente\/\" \/>\n<meta property=\"og:site_name\" content=\"Bellunopress - Dolomiti\" \/>\n<meta property=\"article:publisher\" content=\"https:\/\/www.facebook.com\/profile.php?id=100008943462799\" \/>\n<meta property=\"article:published_time\" content=\"2025-11-05T16:57:49+00:00\" \/>\n<meta property=\"og:image\" content=\"https:\/\/www.bellunopress.it\/wp-content\/uploads\/2025\/11\/popolari-per-il-veneto_edited.jpg\" \/>\n\t<meta property=\"og:image:width\" content=\"800\" \/>\n\t<meta property=\"og:image:height\" content=\"475\" \/>\n\t<meta property=\"og:image:type\" content=\"image\/jpeg\" \/>\n<meta name=\"author\" content=\"redazione\" \/>\n<meta name=\"twitter:card\" content=\"summary_large_image\" \/>\n<meta name=\"twitter:creator\" content=\"@bellunopress\" \/>\n<meta name=\"twitter:site\" content=\"@bellunopress\" \/>\n<meta name=\"twitter:label1\" content=\"\u00c9crit par\" \/>\n\t<meta name=\"twitter:data1\" content=\"redazione\" \/>\n\t<meta name=\"twitter:label2\" content=\"Dur\u00e9e de lecture estim\u00e9e\" \/>\n\t<meta name=\"twitter:data2\" content=\"2 minutes\" \/>\n<script type=\"application\/ld+json\" class=\"yoast-schema-graph\">{\"@context\":\"https:\\\/\\\/schema.org\",\"@graph\":[{\"@type\":\"Article\",\"@id\":\"https:\\\/\\\/www.bellunopress.it\\\/2025\\\/11\\\/05\\\/presentata-la-lista-popolari-per-il-veneto-con-fabio-bui-candidato-presidente\\\/#article\",\"isPartOf\":{\"@id\":\"https:\\\/\\\/www.bellunopress.it\\\/2025\\\/11\\\/05\\\/presentata-la-lista-popolari-per-il-veneto-con-fabio-bui-candidato-presidente\\\/\"},\"author\":{\"name\":\"redazione\",\"@id\":\"https:\\\/\\\/www.bellunopress.it\\\/#\\\/schema\\\/person\\\/79bb06722b37ece1c03d3e94beb30d73\"},\"headline\":\"Presentata la lista Popolari per il Veneto, con Fabio Bui candidato presidente\",\"datePublished\":\"2025-11-05T16:57:49+00:00\",\"mainEntityOfPage\":{\"@id\":\"https:\\\/\\\/www.bellunopress.it\\\/2025\\\/11\\\/05\\\/presentata-la-lista-popolari-per-il-veneto-con-fabio-bui-candidato-presidente\\\/\"},\"wordCount\":371,\"publisher\":{\"@id\":\"https:\\\/\\\/www.bellunopress.it\\\/#organization\"},\"image\":{\"@id\":\"https:\\\/\\\/www.bellunopress.it\\\/2025\\\/11\\\/05\\\/presentata-la-lista-popolari-per-il-veneto-con-fabio-bui-candidato-presidente\\\/#primaryimage\"},\"thumbnailUrl\":\"https:\\\/\\\/www.bellunopress.it\\\/wp-content\\\/uploads\\\/2025\\\/11\\\/popolari-per-il-veneto_edited.jpg\",\"articleSection\":[\"Cronaca\\\/Politica\",\"Prima Pagina\"],\"inLanguage\":\"fr-FR\"},{\"@type\":\"WebPage\",\"@id\":\"https:\\\/\\\/www.bellunopress.it\\\/2025\\\/11\\\/05\\\/presentata-la-lista-popolari-per-il-veneto-con-fabio-bui-candidato-presidente\\\/\",\"url\":\"https:\\\/\\\/www.bellunopress.it\\\/2025\\\/11\\\/05\\\/presentata-la-lista-popolari-per-il-veneto-con-fabio-bui-candidato-presidente\\\/\",\"name\":\"Presentata la lista Popolari per il Veneto, con Fabio Bui candidato presidente - Bellunopress - Dolomiti\",\"isPartOf\":{\"@id\":\"https:\\\/\\\/www.bellunopress.it\\\/#website\"},\"primaryImageOfPage\":{\"@id\":\"https:\\\/\\\/www.bellunopress.it\\\/2025\\\/11\\\/05\\\/presentata-la-lista-popolari-per-il-veneto-con-fabio-bui-candidato-presidente\\\/#primaryimage\"},\"image\":{\"@id\":\"https:\\\/\\\/www.bellunopress.it\\\/2025\\\/11\\\/05\\\/presentata-la-lista-popolari-per-il-veneto-con-fabio-bui-candidato-presidente\\\/#primaryimage\"},\"thumbnailUrl\":\"https:\\\/\\\/www.bellunopress.it\\\/wp-content\\\/uploads\\\/2025\\\/11\\\/popolari-per-il-veneto_edited.jpg\",\"datePublished\":\"2025-11-05T16:57:49+00:00\",\"breadcrumb\":{\"@id\":\"https:\\\/\\\/www.bellunopress.it\\\/2025\\\/11\\\/05\\\/presentata-la-lista-popolari-per-il-veneto-con-fabio-bui-candidato-presidente\\\/#breadcrumb\"},\"inLanguage\":\"fr-FR\",\"potentialAction\":[{\"@type\":\"ReadAction\",\"target\":[\"https:\\\/\\\/www.bellunopress.it\\\/2025\\\/11\\\/05\\\/presentata-la-lista-popolari-per-il-veneto-con-fabio-bui-candidato-presidente\\\/\"]}]},{\"@type\":\"ImageObject\",\"inLanguage\":\"fr-FR\",\"@id\":\"https:\\\/\\\/www.bellunopress.it\\\/2025\\\/11\\\/05\\\/presentata-la-lista-popolari-per-il-veneto-con-fabio-bui-candidato-presidente\\\/#primaryimage\",\"url\":\"https:\\\/\\\/www.bellunopress.it\\\/wp-content\\\/uploads\\\/2025\\\/11\\\/popolari-per-il-veneto_edited.jpg\",\"contentUrl\":\"https:\\\/\\\/www.bellunopress.it\\\/wp-content\\\/uploads\\\/2025\\\/11\\\/popolari-per-il-veneto_edited.jpg\",\"width\":800,\"height\":475,\"caption\":\"Paola Boscaro, Enrico Popolo, Fabio Bui, Massimo Vidori\"},{\"@type\":\"BreadcrumbList\",\"@id\":\"https:\\\/\\\/www.bellunopress.it\\\/2025\\\/11\\\/05\\\/presentata-la-lista-popolari-per-il-veneto-con-fabio-bui-candidato-presidente\\\/#breadcrumb\",\"itemListElement\":[{\"@type\":\"ListItem\",\"position\":1,\"name\":\"Home\",\"item\":\"https:\\\/\\\/www.bellunopress.it\\\/\"},{\"@type\":\"ListItem\",\"position\":2,\"name\":\"Presentata la lista Popolari per il Veneto, con Fabio Bui candidato presidente\"}]},{\"@type\":\"WebSite\",\"@id\":\"https:\\\/\\\/www.bellunopress.it\\\/#website\",\"url\":\"https:\\\/\\\/www.bellunopress.it\\\/\",\"name\":\"Bellunopress - Dolomiti\",\"description\":\"e-mail: redazione@bellunopress.it\",\"publisher\":{\"@id\":\"https:\\\/\\\/www.bellunopress.it\\\/#organization\"},\"potentialAction\":[{\"@type\":\"SearchAction\",\"target\":{\"@type\":\"EntryPoint\",\"urlTemplate\":\"https:\\\/\\\/www.bellunopress.it\\\/?s={search_term_string}\"},\"query-input\":{\"@type\":\"PropertyValueSpecification\",\"valueRequired\":true,\"valueName\":\"search_term_string\"}}],\"inLanguage\":\"fr-FR\"},{\"@type\":\"Organization\",\"@id\":\"https:\\\/\\\/www.bellunopress.it\\\/#organization\",\"name\":\"Bellunopress\",\"url\":\"https:\\\/\\\/www.bellunopress.it\\\/\",\"logo\":{\"@type\":\"ImageObject\",\"inLanguage\":\"fr-FR\",\"@id\":\"https:\\\/\\\/www.bellunopress.it\\\/#\\\/schema\\\/logo\\\/image\\\/\",\"url\":\"https:\\\/\\\/www.bellunopress.it\\\/wp-content\\\/uploads\\\/2011\\\/05\\\/cropped-logo-bellunopress-.jpg\",\"contentUrl\":\"https:\\\/\\\/www.bellunopress.it\\\/wp-content\\\/uploads\\\/2011\\\/05\\\/cropped-logo-bellunopress-.jpg\",\"width\":512,\"height\":512,\"caption\":\"Bellunopress\"},\"image\":{\"@id\":\"https:\\\/\\\/www.bellunopress.it\\\/#\\\/schema\\\/logo\\\/image\\\/\"},\"sameAs\":[\"https:\\\/\\\/www.facebook.com\\\/profile.php?id=100008943462799\",\"https:\\\/\\\/x.com\\\/bellunopress\",\"https:\\\/\\\/www.linkedin.com\\\/hp\\\/?dnr=JBzUWaJfMUw8vbXJJ2tVW5-I3jZKvC4wsoxE&amp;amp;amp;amp;amp;amp;trk=nav_responsive_tab_home\",\"https:\\\/\\\/www.youtube.com\\\/channel\\\/UCxL0wu1uN0_3_7hGG0306cw\"]},{\"@type\":\"Person\",\"@id\":\"https:\\\/\\\/www.bellunopress.it\\\/#\\\/schema\\\/person\\\/79bb06722b37ece1c03d3e94beb30d73\",\"name\":\"redazione\",\"image\":{\"@type\":\"ImageObject\",\"inLanguage\":\"fr-FR\",\"@id\":\"https:\\\/\\\/secure.gravatar.com\\\/avatar\\\/37d968a2e67a6fd04c169c4bdef102d0bc5d31b2546345219e348575eb80e9a0?s=96&d=mm&r=g\",\"url\":\"https:\\\/\\\/secure.gravatar.com\\\/avatar\\\/37d968a2e67a6fd04c169c4bdef102d0bc5d31b2546345219e348575eb80e9a0?s=96&d=mm&r=g\",\"contentUrl\":\"https:\\\/\\\/secure.gravatar.com\\\/avatar\\\/37d968a2e67a6fd04c169c4bdef102d0bc5d31b2546345219e348575eb80e9a0?s=96&d=mm&r=g\",\"caption\":\"redazione\"},\"sameAs\":[\"http:\\\/\\\/www.bellunopress.it\",\"https:\\\/\\\/x.com\\\/bellunopress\"],\"url\":\"https:\\\/\\\/www.bellunopress.it\\\/fr\\\/author\\\/redazione\\\/\"}]}<\/script>\n<!-- \/ Yoast SEO plugin. -->","yoast_head_json":{"title":"Presentata la lista Popolari per il Veneto, con Fabio Bui candidato presidente - Bellunopress - Dolomiti","robots":{"index":"index","follow":"follow","max-snippet":"max-snippet:-1","max-image-preview":"max-image-preview:large","max-video-preview":"max-video-preview:-1"},"canonical":"https:\/\/www.bellunopress.it\/fr\/2025\/11\/05\/presentata-la-lista-popolari-per-il-veneto-con-fabio-bui-candidato-presidente\/","og_locale":"fr_FR","og_type":"article","og_title":"Presentata la lista Popolari per il Veneto, con Fabio Bui candidato presidente - Bellunopress - Dolomiti","og_description":"Belluno, 5 novembre 2025 &#8211; E&#8217; stata presentata questa mattina all&#8217;Astor di Belluno la lista Popolari per il Veneto con candidato alla presidenza della Regione Fabio Bui. Quella dei Popolari, \u00e8 una delle tre liste &#8220;indipendenti&#8221; che non fanno capo alle due coalizioni di centrodestra e centrosinistra (le altre due sono Resistere Veneto con candidato [&hellip;]","og_url":"https:\/\/www.bellunopress.it\/fr\/2025\/11\/05\/presentata-la-lista-popolari-per-il-veneto-con-fabio-bui-candidato-presidente\/","og_site_name":"Bellunopress - Dolomiti","article_publisher":"https:\/\/www.facebook.com\/profile.php?id=100008943462799","article_published_time":"2025-11-05T16:57:49+00:00","og_image":[{"width":800,"height":475,"url":"https:\/\/www.bellunopress.it\/wp-content\/uploads\/2025\/11\/popolari-per-il-veneto_edited.jpg","type":"image\/jpeg"}],"author":"redazione","twitter_card":"summary_large_image","twitter_creator":"@bellunopress","twitter_site":"@bellunopress","twitter_misc":{"\u00c9crit par":"redazione","Dur\u00e9e de lecture estim\u00e9e":"2 minutes"},"schema":{"@context":"https:\/\/schema.org","@graph":[{"@type":"Article","@id":"https:\/\/www.bellunopress.it\/2025\/11\/05\/presentata-la-lista-popolari-per-il-veneto-con-fabio-bui-candidato-presidente\/#article","isPartOf":{"@id":"https:\/\/www.bellunopress.it\/2025\/11\/05\/presentata-la-lista-popolari-per-il-veneto-con-fabio-bui-candidato-presidente\/"},"author":{"name":"redazione","@id":"https:\/\/www.bellunopress.it\/#\/schema\/person\/79bb06722b37ece1c03d3e94beb30d73"},"headline":"Presentata la lista Popolari per il Veneto, con Fabio Bui candidato presidente","datePublished":"2025-11-05T16:57:49+00:00","mainEntityOfPage":{"@id":"https:\/\/www.bellunopress.it\/2025\/11\/05\/presentata-la-lista-popolari-per-il-veneto-con-fabio-bui-candidato-presidente\/"},"wordCount":371,"publisher":{"@id":"https:\/\/www.bellunopress.it\/#organization"},"image":{"@id":"https:\/\/www.bellunopress.it\/2025\/11\/05\/presentata-la-lista-popolari-per-il-veneto-con-fabio-bui-candidato-presidente\/#primaryimage"},"thumbnailUrl":"https:\/\/www.bellunopress.it\/wp-content\/uploads\/2025\/11\/popolari-per-il-veneto_edited.jpg","articleSection":["Cronaca\/Politica","Prima Pagina"],"inLanguage":"fr-FR"},{"@type":"WebPage","@id":"https:\/\/www.bellunopress.it\/2025\/11\/05\/presentata-la-lista-popolari-per-il-veneto-con-fabio-bui-candidato-presidente\/","url":"https:\/\/www.bellunopress.it\/2025\/11\/05\/presentata-la-lista-popolari-per-il-veneto-con-fabio-bui-candidato-presidente\/","name":"Presentata la lista Popolari per il Veneto, con Fabio Bui candidato presidente - Bellunopress - Dolomiti","isPartOf":{"@id":"https:\/\/www.bellunopress.it\/#website"},"primaryImageOfPage":{"@id":"https:\/\/www.bellunopress.it\/2025\/11\/05\/presentata-la-lista-popolari-per-il-veneto-con-fabio-bui-candidato-presidente\/#primaryimage"},"image":{"@id":"https:\/\/www.bellunopress.it\/2025\/11\/05\/presentata-la-lista-popolari-per-il-veneto-con-fabio-bui-candidato-presidente\/#primaryimage"},"thumbnailUrl":"https:\/\/www.bellunopress.it\/wp-content\/uploads\/2025\/11\/popolari-per-il-veneto_edited.jpg","datePublished":"2025-11-05T16:57:49+00:00","breadcrumb":{"@id":"https:\/\/www.bellunopress.it\/2025\/11\/05\/presentata-la-lista-popolari-per-il-veneto-con-fabio-bui-candidato-presidente\/#breadcrumb"},"inLanguage":"fr-FR","potentialAction":[{"@type":"ReadAction","target":["https:\/\/www.bellunopress.it\/2025\/11\/05\/presentata-la-lista-popolari-per-il-veneto-con-fabio-bui-candidato-presidente\/"]}]},{"@type":"ImageObject","inLanguage":"fr-FR","@id":"https:\/\/www.bellunopress.it\/2025\/11\/05\/presentata-la-lista-popolari-per-il-veneto-con-fabio-bui-candidato-presidente\/#primaryimage","url":"https:\/\/www.bellunopress.it\/wp-content\/uploads\/2025\/11\/popolari-per-il-veneto_edited.jpg","contentUrl":"https:\/\/www.bellunopress.it\/wp-content\/uploads\/2025\/11\/popolari-per-il-veneto_edited.jpg","width":800,"height":475,"caption":"Paola Boscaro, Enrico Popolo, Fabio Bui, Massimo Vidori"},{"@type":"BreadcrumbList","@id":"https:\/\/www.bellunopress.it\/2025\/11\/05\/presentata-la-lista-popolari-per-il-veneto-con-fabio-bui-candidato-presidente\/#breadcrumb","itemListElement":[{"@type":"ListItem","position":1,"name":"Home","item":"https:\/\/www.bellunopress.it\/"},{"@type":"ListItem","position":2,"name":"Presentata la lista Popolari per il Veneto, con Fabio Bui candidato presidente"}]},{"@type":"WebSite","@id":"https:\/\/www.bellunopress.it\/#website","url":"https:\/\/www.bellunopress.it\/","name":"Bellunopress - Dolomiti","description":"e-mail: redazione@bellunopress.it","publisher":{"@id":"https:\/\/www.bellunopress.it\/#organization"},"potentialAction":[{"@type":"SearchAction","target":{"@type":"EntryPoint","urlTemplate":"https:\/\/www.bellunopress.it\/?s={search_term_string}"},"query-input":{"@type":"PropertyValueSpecification","valueRequired":true,"valueName":"search_term_string"}}],"inLanguage":"fr-FR"},{"@type":"Organization","@id":"https:\/\/www.bellunopress.it\/#organization","name":"Bellunopress","url":"https:\/\/www.bellunopress.it\/","logo":{"@type":"ImageObject","inLanguage":"fr-FR","@id":"https:\/\/www.bellunopress.it\/#\/schema\/logo\/image\/","url":"https:\/\/www.bellunopress.it\/wp-content\/uploads\/2011\/05\/cropped-logo-bellunopress-.jpg","contentUrl":"https:\/\/www.bellunopress.it\/wp-content\/uploads\/2011\/05\/cropped-logo-bellunopress-.jpg","width":512,"height":512,"caption":"Bellunopress"},"image":{"@id":"https:\/\/www.bellunopress.it\/#\/schema\/logo\/image\/"},"sameAs":["https:\/\/www.facebook.com\/profile.php?id=100008943462799","https:\/\/x.com\/bellunopress","https:\/\/www.linkedin.com\/hp\/?dnr=JBzUWaJfMUw8vbXJJ2tVW5-I3jZKvC4wsoxE&amp;amp;amp;amp;amp;amp;trk=nav_responsive_tab_home","https:\/\/www.youtube.com\/channel\/UCxL0wu1uN0_3_7hGG0306cw"]},{"@type":"Person","@id":"https:\/\/www.bellunopress.it\/#\/schema\/person\/79bb06722b37ece1c03d3e94beb30d73","name":"r\u00e9daction","image":{"@type":"ImageObject","inLanguage":"fr-FR","@id":"https:\/\/secure.gravatar.com\/avatar\/37d968a2e67a6fd04c169c4bdef102d0bc5d31b2546345219e348575eb80e9a0?s=96&d=mm&r=g","url":"https:\/\/secure.gravatar.com\/avatar\/37d968a2e67a6fd04c169c4bdef102d0bc5d31b2546345219e348575eb80e9a0?s=96&d=mm&r=g","contentUrl":"https:\/\/secure.gravatar.com\/avatar\/37d968a2e67a6fd04c169c4bdef102d0bc5d31b2546345219e348575eb80e9a0?s=96&d=mm&r=g","caption":"redazione"},"sameAs":["http:\/\/www.bellunopress.it","https:\/\/x.com\/bellunopress"],"url":"https:\/\/www.bellunopress.it\/fr\/author\/redazione\/"}]}},"_links":{"self":[{"href":"https:\/\/www.bellunopress.it\/fr\/wp-json\/wp\/v2\/posts\/164640","targetHints":{"allow":["GET"]}}],"collection":[{"href":"https:\/\/www.bellunopress.it\/fr\/wp-json\/wp\/v2\/posts"}],"about":[{"href":"https:\/\/www.bellunopress.it\/fr\/wp-json\/wp\/v2\/types\/post"}],"author":[{"embeddable":true,"href":"https:\/\/www.bellunopress.it\/fr\/wp-json\/wp\/v2\/users\/2"}],"replies":[{"embeddable":true,"href":"https:\/\/www.bellunopress.it\/fr\/wp-json\/wp\/v2\/comments?post=164640"}],"version-history":[{"count":1,"href":"https:\/\/www.bellunopress.it\/fr\/wp-json\/wp\/v2\/posts\/164640\/revisions"}],"predecessor-version":[{"id":164642,"href":"https:\/\/www.bellunopress.it\/fr\/wp-json\/wp\/v2\/posts\/164640\/revisions\/164642"}],"wp:featuredmedia":[{"embeddable":true,"href":"https:\/\/www.bellunopress.it\/fr\/wp-json\/wp\/v2\/media\/164641"}],"wp:attachment":[{"href":"https:\/\/www.bellunopress.it\/fr\/wp-json\/wp\/v2\/media?parent=164640"}],"wp:term":[{"taxonomy":"category","embeddable":true,"href":"https:\/\/www.bellunopress.it\/fr\/wp-json\/wp\/v2\/categories?post=164640"},{"taxonomy":"post_tag","embeddable":true,"href":"https:\/\/www.bellunopress.it\/fr\/wp-json\/wp\/v2\/tags?post=164640"}],"curies":[{"name":"wp","href":"https:\/\/api.w.org\/{rel}","templated":true}]}}