{"id":164601,"date":"2025-11-04T10:20:54","date_gmt":"2025-11-04T09:20:54","guid":{"rendered":"https:\/\/www.bellunopress.it\/?p=164601"},"modified":"2025-11-04T10:20:54","modified_gmt":"2025-11-04T09:20:54","slug":"lesercito-si-riarma-la-sanita-si-disarma-cittadini-bellunesi-in-piazza-a-mestre-a-difesa-della-sanita-pubblica","status":"publish","type":"post","link":"https:\/\/www.bellunopress.it\/fr\/2025\/11\/04\/lesercito-si-riarma-la-sanita-si-disarma-cittadini-bellunesi-in-piazza-a-mestre-a-difesa-della-sanita-pubblica\/","title":{"rendered":"L&#8217;Esercito si riarma, la sanit\u00e0 si disarma: cittadini bellunesi in piazza a Mestre a difesa della sanit\u00e0 pubblica"},"content":{"rendered":"<p><img loading=\"lazy\" decoding=\"async\" class=\"aligncenter size-full wp-image-141395\" src=\"https:\/\/www.bellunopress.it\/wp-content\/uploads\/2023\/05\/Covesap-coordinamento-veneto-sanita-pubblica.jpg\" alt=\"\" width=\"1000\" height=\"1000\" srcset=\"https:\/\/www.bellunopress.it\/wp-content\/uploads\/2023\/05\/Covesap-coordinamento-veneto-sanita-pubblica.jpg 1000w, https:\/\/www.bellunopress.it\/wp-content\/uploads\/2023\/05\/Covesap-coordinamento-veneto-sanita-pubblica-500x500.jpg 500w, https:\/\/www.bellunopress.it\/wp-content\/uploads\/2023\/05\/Covesap-coordinamento-veneto-sanita-pubblica-300x300.jpg 300w, https:\/\/www.bellunopress.it\/wp-content\/uploads\/2023\/05\/Covesap-coordinamento-veneto-sanita-pubblica-696x696.jpg 696w, https:\/\/www.bellunopress.it\/wp-content\/uploads\/2023\/05\/Covesap-coordinamento-veneto-sanita-pubblica-420x420.jpg 420w\" sizes=\"auto, (max-width: 1000px) 100vw, 1000px\" \/>Belluno\/Mestre, 4 Novembre 2025 &#8211; Un grido d&#8217;allarme e una forte mobilitazione popolare: sabato 8 novembre, i cittadini bellunesi scenderanno in piazza a Mestre, unendosi ai comitati e alle associazioni del Coordinamento Veneto Sanit\u00e0 Pubblica (Covesap). L&#8217;obiettivo \u00e8 riportare con forza l&#8217;attenzione sul progressivo depotenziamento del sistema sanitario pubblico, un tema riassunto efficacemente nello slogan: &#8220;L\u2019ESERCITO SI RIARMA, LA SANITA\u2019 SI DISARMA&#8221;.<\/p>\n<p>L&#8217;appuntamento \u00e8 fissato per le 10:00 al piazzale della Stazione Ferroviaria di Mestre, con conclusione in Piazza Ferretti. Qui, i candidati al Consiglio Regionale del Veneto che hanno aderito saranno chiamati a rispondere su come intendono attuare &#8220;reali e concreti cambiamenti per migliorare la nostra Sanit\u00e0 Pubblica&#8221;.<\/p>\n<p>Il comunicato evidenzia le particolari criticit\u00e0 che affliggono la provincia di Belluno, un territorio montano caratterizzato da un&#8217;ampia dispersione e da una popolazione sempre pi\u00f9 anziana e isolata.<\/p>\n<p>&#8220;Certo non sono pochi i problemi che anche noi viviamo nella nostra provincia, un territorio ampio e montano con i suoi abitanti sempre pi\u00f9 isolati e anziani.&#8221;<\/p>\n<p>La fragilit\u00e0 crescente degli anziani e dei non autosufficienti si scontra con la carenza di servizi socio-sanitari territoriali, in un contesto di pensioni insufficienti e caro vita. Non va meglio per i servizi dedicati a minori, adolescenti e adulti con disabilit\u00e0, disturbi mentali o dipendenze; una situazione drammatica, sottolineata dal pi\u00f9 alto tasso di suicidi registrato nella provincia.<\/p>\n<p><strong>Si denunciano inoltre:<\/strong><\/p>\n<p>Riduzione dei Posti Letto: Sospensioni che equivalgono a chiusure, obbligando i cittadini a lunghe e costose trasferte per ricevere assistenza.<\/p>\n<p>Depotenziamento dei Consultori Pubblici: Pilastri della prevenzione e dell\u2019educazione sessuale-affettiva, oggi sono strutture indebolite.<\/p>\n<p>Carenza di Medici di Medicina Generale: Aggravata dal mancato rimborso regionale per il personale di supporto in alcune Medicine di Gruppo Integrate (MGI) come Feltre e Cavarzano.<\/p>\n<p>Una delle notizie pi\u00f9 preoccupanti citate dal Covesap \u00e8 la recente decisione dell&#8217;ULSS1 Dolomiti di stanziare oltre due milioni di euro per affidare la gestione di prestazioni e l&#8217;abbattimento delle liste d\u2019attesa al centro medico privato SYNLAB a Cavarzano (Belluno).<\/p>\n<p>La motivazione addotta dall&#8217;azienda sanitaria, in linea con una richiesta della Regione Veneto, \u00e8 la mancanza di personale. Tuttavia, per i manifestanti, questo \u00e8 un segnale inquietante di una preferenza verso l&#8217;investimento nel privato, a discapito della Sanit\u00e0 Pubblica.<\/p>\n<p>&#8220;Anche questa ultima notizia ci fa temere che si preferisca investire pi\u00f9 sul privato e meno sulla Sanit\u00e0 Pubblica, pi\u00f9 impegni ad aumentare la spesa militare e meno soldi destinati alla sanit\u00e0 e allo stato sociale.&#8221;<\/p>\n<p><strong>Il Coordinamento Veneto Sanit\u00e0 Pubblica chiede ai candidati regionali impegni chiari su quattro punti irrinunciabili:<\/strong><\/p>\n<p>Rafforzamento e maggiori finanziamenti: priorit\u00e0 assoluta al ruolo della sanit\u00e0 pubblica rispetto a quella privata.<\/p>\n<p>Progettualit\u00e0 trasparente: piani concreti e chiari, valutati sui risultati di salute della popolazione e non solo sul numero delle prestazioni erogate.<\/p>\n<p>Piano urgente di reclutamento: assunzione di personale sanitario con miglioramento delle condizioni di lavoro e delle retribuzioni.<\/p>\n<p>Ruolo incisivo di tutti gli attori: riconoscimento di una partecipazione attiva di amministratori locali, operatori, associazioni e cittadini nella programmazione e valutazione.<\/p>\n<p>Il Covesap conclude ribadendo che la tutela della salute \u00e8 un diritto universale, come recentemente dichiarato anche dal Presidente della Repubblica Sergio Mattarella.<\/p>\n<p>&#8220;Per noi invece \u00e8 fondamentale che la salute dei cittadini sia una priorit\u00e0, garantendo servizi di qualit\u00e0 e ovviamente accessibili ed equi per tutti. La sanit\u00e0 pubblica \u00e8 un diritto di cui dobbiamo prenderci cura insieme,&#8221; conclude la nota. L&#8217;appello \u00e8 rivolto a tutti: &#8220;Ci vediamo a Mestre!&#8221;.<\/p>","protected":false},"excerpt":{"rendered":"<p>Belluno\/Mestre, 4 Novembre 2025 &#8211; Un grido d&#8217;allarme e una forte mobilitazione popolare: sabato 8 novembre, i cittadini bellunesi scenderanno in piazza a Mestre, unendosi ai comitati e alle associazioni del Coordinamento Veneto Sanit\u00e0 Pubblica (Covesap). L&#8217;obiettivo \u00e8 riportare con forza l&#8217;attenzione sul progressivo depotenziamento del sistema sanitario pubblico, un tema riassunto efficacemente nello slogan: [&hellip;]<\/p>\n","protected":false},"author":2,"featured_media":141395,"comment_status":"closed","ping_status":"open","sticky":false,"template":"","format":"standard","meta":{"footnotes":""},"categories":[26,17],"tags":[],"class_list":["post-164601","post","type-post","status-publish","format-standard","has-post-thumbnail","category-prima-pagina","category-sanita"],"yoast_head":"<!-- This site is optimized with the Yoast SEO plugin v28.4 - https:\/\/yoast.com\/product\/yoast-seo-wordpress\/ -->\n<title>L&#039;Esercito si riarma, la sanit\u00e0 si disarma: cittadini bellunesi in piazza a Mestre a difesa della sanit\u00e0 pubblica - Bellunopress - Dolomiti<\/title>\n<meta name=\"robots\" content=\"index, follow, max-snippet:-1, max-image-preview:large, max-video-preview:-1\" \/>\n<link rel=\"canonical\" href=\"https:\/\/www.bellunopress.it\/fr\/2025\/11\/04\/lesercito-si-riarma-la-sanita-si-disarma-cittadini-bellunesi-in-piazza-a-mestre-a-difesa-della-sanita-pubblica\/\" \/>\n<meta property=\"og:locale\" content=\"fr_FR\" \/>\n<meta property=\"og:type\" content=\"article\" \/>\n<meta property=\"og:title\" content=\"L&#039;Esercito si riarma, la sanit\u00e0 si disarma: cittadini bellunesi in piazza a Mestre a difesa della sanit\u00e0 pubblica - Bellunopress - Dolomiti\" \/>\n<meta property=\"og:description\" content=\"Belluno\/Mestre, 4 Novembre 2025 &#8211; Un grido d&#8217;allarme e una forte mobilitazione popolare: sabato 8 novembre, i cittadini bellunesi scenderanno in piazza a Mestre, unendosi ai comitati e alle associazioni del Coordinamento Veneto Sanit\u00e0 Pubblica (Covesap). L&#8217;obiettivo \u00e8 riportare con forza l&#8217;attenzione sul progressivo depotenziamento del sistema sanitario pubblico, un tema riassunto efficacemente nello slogan: [&hellip;]\" \/>\n<meta property=\"og:url\" content=\"https:\/\/www.bellunopress.it\/fr\/2025\/11\/04\/lesercito-si-riarma-la-sanita-si-disarma-cittadini-bellunesi-in-piazza-a-mestre-a-difesa-della-sanita-pubblica\/\" \/>\n<meta property=\"og:site_name\" content=\"Bellunopress - Dolomiti\" \/>\n<meta property=\"article:publisher\" content=\"https:\/\/www.facebook.com\/profile.php?id=100008943462799\" \/>\n<meta property=\"article:published_time\" content=\"2025-11-04T09:20:54+00:00\" \/>\n<meta property=\"og:image\" content=\"https:\/\/www.bellunopress.it\/wp-content\/uploads\/2023\/05\/Covesap-coordinamento-veneto-sanita-pubblica.jpg\" \/>\n\t<meta property=\"og:image:width\" content=\"1000\" \/>\n\t<meta property=\"og:image:height\" content=\"1000\" \/>\n\t<meta property=\"og:image:type\" content=\"image\/jpeg\" \/>\n<meta name=\"author\" content=\"redazione\" \/>\n<meta name=\"twitter:card\" content=\"summary_large_image\" \/>\n<meta name=\"twitter:creator\" content=\"@bellunopress\" \/>\n<meta name=\"twitter:site\" content=\"@bellunopress\" \/>\n<meta name=\"twitter:label1\" content=\"\u00c9crit par\" \/>\n\t<meta name=\"twitter:data1\" content=\"redazione\" \/>\n\t<meta name=\"twitter:label2\" content=\"Dur\u00e9e de lecture estim\u00e9e\" \/>\n\t<meta name=\"twitter:data2\" content=\"3 minutes\" \/>\n<script type=\"application\/ld+json\" class=\"yoast-schema-graph\">{\"@context\":\"https:\\\/\\\/schema.org\",\"@graph\":[{\"@type\":\"Article\",\"@id\":\"https:\\\/\\\/www.bellunopress.it\\\/2025\\\/11\\\/04\\\/lesercito-si-riarma-la-sanita-si-disarma-cittadini-bellunesi-in-piazza-a-mestre-a-difesa-della-sanita-pubblica\\\/#article\",\"isPartOf\":{\"@id\":\"https:\\\/\\\/www.bellunopress.it\\\/2025\\\/11\\\/04\\\/lesercito-si-riarma-la-sanita-si-disarma-cittadini-bellunesi-in-piazza-a-mestre-a-difesa-della-sanita-pubblica\\\/\"},\"author\":{\"name\":\"redazione\",\"@id\":\"https:\\\/\\\/www.bellunopress.it\\\/#\\\/schema\\\/person\\\/79bb06722b37ece1c03d3e94beb30d73\"},\"headline\":\"L&#8217;Esercito si riarma, la sanit\u00e0 si disarma: cittadini bellunesi in piazza a Mestre a difesa della sanit\u00e0 pubblica\",\"datePublished\":\"2025-11-04T09:20:54+00:00\",\"mainEntityOfPage\":{\"@id\":\"https:\\\/\\\/www.bellunopress.it\\\/2025\\\/11\\\/04\\\/lesercito-si-riarma-la-sanita-si-disarma-cittadini-bellunesi-in-piazza-a-mestre-a-difesa-della-sanita-pubblica\\\/\"},\"wordCount\":582,\"publisher\":{\"@id\":\"https:\\\/\\\/www.bellunopress.it\\\/#organization\"},\"image\":{\"@id\":\"https:\\\/\\\/www.bellunopress.it\\\/2025\\\/11\\\/04\\\/lesercito-si-riarma-la-sanita-si-disarma-cittadini-bellunesi-in-piazza-a-mestre-a-difesa-della-sanita-pubblica\\\/#primaryimage\"},\"thumbnailUrl\":\"https:\\\/\\\/www.bellunopress.it\\\/wp-content\\\/uploads\\\/2023\\\/05\\\/Covesap-coordinamento-veneto-sanita-pubblica.jpg\",\"articleSection\":[\"Prima Pagina\",\"Sanit\u00e0 Medicina\"],\"inLanguage\":\"fr-FR\"},{\"@type\":\"WebPage\",\"@id\":\"https:\\\/\\\/www.bellunopress.it\\\/2025\\\/11\\\/04\\\/lesercito-si-riarma-la-sanita-si-disarma-cittadini-bellunesi-in-piazza-a-mestre-a-difesa-della-sanita-pubblica\\\/\",\"url\":\"https:\\\/\\\/www.bellunopress.it\\\/2025\\\/11\\\/04\\\/lesercito-si-riarma-la-sanita-si-disarma-cittadini-bellunesi-in-piazza-a-mestre-a-difesa-della-sanita-pubblica\\\/\",\"name\":\"L'Esercito si riarma, la sanit\u00e0 si disarma: cittadini bellunesi in piazza a Mestre a difesa della sanit\u00e0 pubblica - Bellunopress - Dolomiti\",\"isPartOf\":{\"@id\":\"https:\\\/\\\/www.bellunopress.it\\\/#website\"},\"primaryImageOfPage\":{\"@id\":\"https:\\\/\\\/www.bellunopress.it\\\/2025\\\/11\\\/04\\\/lesercito-si-riarma-la-sanita-si-disarma-cittadini-bellunesi-in-piazza-a-mestre-a-difesa-della-sanita-pubblica\\\/#primaryimage\"},\"image\":{\"@id\":\"https:\\\/\\\/www.bellunopress.it\\\/2025\\\/11\\\/04\\\/lesercito-si-riarma-la-sanita-si-disarma-cittadini-bellunesi-in-piazza-a-mestre-a-difesa-della-sanita-pubblica\\\/#primaryimage\"},\"thumbnailUrl\":\"https:\\\/\\\/www.bellunopress.it\\\/wp-content\\\/uploads\\\/2023\\\/05\\\/Covesap-coordinamento-veneto-sanita-pubblica.jpg\",\"datePublished\":\"2025-11-04T09:20:54+00:00\",\"breadcrumb\":{\"@id\":\"https:\\\/\\\/www.bellunopress.it\\\/2025\\\/11\\\/04\\\/lesercito-si-riarma-la-sanita-si-disarma-cittadini-bellunesi-in-piazza-a-mestre-a-difesa-della-sanita-pubblica\\\/#breadcrumb\"},\"inLanguage\":\"fr-FR\",\"potentialAction\":[{\"@type\":\"ReadAction\",\"target\":[\"https:\\\/\\\/www.bellunopress.it\\\/2025\\\/11\\\/04\\\/lesercito-si-riarma-la-sanita-si-disarma-cittadini-bellunesi-in-piazza-a-mestre-a-difesa-della-sanita-pubblica\\\/\"]}]},{\"@type\":\"ImageObject\",\"inLanguage\":\"fr-FR\",\"@id\":\"https:\\\/\\\/www.bellunopress.it\\\/2025\\\/11\\\/04\\\/lesercito-si-riarma-la-sanita-si-disarma-cittadini-bellunesi-in-piazza-a-mestre-a-difesa-della-sanita-pubblica\\\/#primaryimage\",\"url\":\"https:\\\/\\\/www.bellunopress.it\\\/wp-content\\\/uploads\\\/2023\\\/05\\\/Covesap-coordinamento-veneto-sanita-pubblica.jpg\",\"contentUrl\":\"https:\\\/\\\/www.bellunopress.it\\\/wp-content\\\/uploads\\\/2023\\\/05\\\/Covesap-coordinamento-veneto-sanita-pubblica.jpg\",\"width\":1000,\"height\":1000},{\"@type\":\"BreadcrumbList\",\"@id\":\"https:\\\/\\\/www.bellunopress.it\\\/2025\\\/11\\\/04\\\/lesercito-si-riarma-la-sanita-si-disarma-cittadini-bellunesi-in-piazza-a-mestre-a-difesa-della-sanita-pubblica\\\/#breadcrumb\",\"itemListElement\":[{\"@type\":\"ListItem\",\"position\":1,\"name\":\"Home\",\"item\":\"https:\\\/\\\/www.bellunopress.it\\\/\"},{\"@type\":\"ListItem\",\"position\":2,\"name\":\"L&#8217;Esercito si riarma, la sanit\u00e0 si disarma: cittadini bellunesi in piazza a Mestre a difesa della sanit\u00e0 pubblica\"}]},{\"@type\":\"WebSite\",\"@id\":\"https:\\\/\\\/www.bellunopress.it\\\/#website\",\"url\":\"https:\\\/\\\/www.bellunopress.it\\\/\",\"name\":\"Bellunopress - Dolomiti\",\"description\":\"e-mail: redazione@bellunopress.it\",\"publisher\":{\"@id\":\"https:\\\/\\\/www.bellunopress.it\\\/#organization\"},\"potentialAction\":[{\"@type\":\"SearchAction\",\"target\":{\"@type\":\"EntryPoint\",\"urlTemplate\":\"https:\\\/\\\/www.bellunopress.it\\\/?s={search_term_string}\"},\"query-input\":{\"@type\":\"PropertyValueSpecification\",\"valueRequired\":true,\"valueName\":\"search_term_string\"}}],\"inLanguage\":\"fr-FR\"},{\"@type\":\"Organization\",\"@id\":\"https:\\\/\\\/www.bellunopress.it\\\/#organization\",\"name\":\"Bellunopress\",\"url\":\"https:\\\/\\\/www.bellunopress.it\\\/\",\"logo\":{\"@type\":\"ImageObject\",\"inLanguage\":\"fr-FR\",\"@id\":\"https:\\\/\\\/www.bellunopress.it\\\/#\\\/schema\\\/logo\\\/image\\\/\",\"url\":\"https:\\\/\\\/www.bellunopress.it\\\/wp-content\\\/uploads\\\/2011\\\/05\\\/cropped-logo-bellunopress-.jpg\",\"contentUrl\":\"https:\\\/\\\/www.bellunopress.it\\\/wp-content\\\/uploads\\\/2011\\\/05\\\/cropped-logo-bellunopress-.jpg\",\"width\":512,\"height\":512,\"caption\":\"Bellunopress\"},\"image\":{\"@id\":\"https:\\\/\\\/www.bellunopress.it\\\/#\\\/schema\\\/logo\\\/image\\\/\"},\"sameAs\":[\"https:\\\/\\\/www.facebook.com\\\/profile.php?id=100008943462799\",\"https:\\\/\\\/x.com\\\/bellunopress\",\"https:\\\/\\\/www.linkedin.com\\\/hp\\\/?dnr=JBzUWaJfMUw8vbXJJ2tVW5-I3jZKvC4wsoxE&amp;amp;amp;amp;amp;amp;trk=nav_responsive_tab_home\",\"https:\\\/\\\/www.youtube.com\\\/channel\\\/UCxL0wu1uN0_3_7hGG0306cw\"]},{\"@type\":\"Person\",\"@id\":\"https:\\\/\\\/www.bellunopress.it\\\/#\\\/schema\\\/person\\\/79bb06722b37ece1c03d3e94beb30d73\",\"name\":\"redazione\",\"image\":{\"@type\":\"ImageObject\",\"inLanguage\":\"fr-FR\",\"@id\":\"https:\\\/\\\/secure.gravatar.com\\\/avatar\\\/37d968a2e67a6fd04c169c4bdef102d0bc5d31b2546345219e348575eb80e9a0?s=96&d=mm&r=g\",\"url\":\"https:\\\/\\\/secure.gravatar.com\\\/avatar\\\/37d968a2e67a6fd04c169c4bdef102d0bc5d31b2546345219e348575eb80e9a0?s=96&d=mm&r=g\",\"contentUrl\":\"https:\\\/\\\/secure.gravatar.com\\\/avatar\\\/37d968a2e67a6fd04c169c4bdef102d0bc5d31b2546345219e348575eb80e9a0?s=96&d=mm&r=g\",\"caption\":\"redazione\"},\"sameAs\":[\"http:\\\/\\\/www.bellunopress.it\",\"https:\\\/\\\/x.com\\\/bellunopress\"],\"url\":\"https:\\\/\\\/www.bellunopress.it\\\/fr\\\/author\\\/redazione\\\/\"}]}<\/script>\n<!-- \/ Yoast SEO plugin. -->","yoast_head_json":{"title":"L'Esercito si riarma, la sanit\u00e0 si disarma: cittadini bellunesi in piazza a Mestre a difesa della sanit\u00e0 pubblica - Bellunopress - Dolomiti","robots":{"index":"index","follow":"follow","max-snippet":"max-snippet:-1","max-image-preview":"max-image-preview:large","max-video-preview":"max-video-preview:-1"},"canonical":"https:\/\/www.bellunopress.it\/fr\/2025\/11\/04\/lesercito-si-riarma-la-sanita-si-disarma-cittadini-bellunesi-in-piazza-a-mestre-a-difesa-della-sanita-pubblica\/","og_locale":"fr_FR","og_type":"article","og_title":"L'Esercito si riarma, la sanit\u00e0 si disarma: cittadini bellunesi in piazza a Mestre a difesa della sanit\u00e0 pubblica - Bellunopress - Dolomiti","og_description":"Belluno\/Mestre, 4 Novembre 2025 &#8211; Un grido d&#8217;allarme e una forte mobilitazione popolare: sabato 8 novembre, i cittadini bellunesi scenderanno in piazza a Mestre, unendosi ai comitati e alle associazioni del Coordinamento Veneto Sanit\u00e0 Pubblica (Covesap). L&#8217;obiettivo \u00e8 riportare con forza l&#8217;attenzione sul progressivo depotenziamento del sistema sanitario pubblico, un tema riassunto efficacemente nello slogan: [&hellip;]","og_url":"https:\/\/www.bellunopress.it\/fr\/2025\/11\/04\/lesercito-si-riarma-la-sanita-si-disarma-cittadini-bellunesi-in-piazza-a-mestre-a-difesa-della-sanita-pubblica\/","og_site_name":"Bellunopress - Dolomiti","article_publisher":"https:\/\/www.facebook.com\/profile.php?id=100008943462799","article_published_time":"2025-11-04T09:20:54+00:00","og_image":[{"width":1000,"height":1000,"url":"https:\/\/www.bellunopress.it\/wp-content\/uploads\/2023\/05\/Covesap-coordinamento-veneto-sanita-pubblica.jpg","type":"image\/jpeg"}],"author":"redazione","twitter_card":"summary_large_image","twitter_creator":"@bellunopress","twitter_site":"@bellunopress","twitter_misc":{"\u00c9crit par":"redazione","Dur\u00e9e de lecture estim\u00e9e":"3 minutes"},"schema":{"@context":"https:\/\/schema.org","@graph":[{"@type":"Article","@id":"https:\/\/www.bellunopress.it\/2025\/11\/04\/lesercito-si-riarma-la-sanita-si-disarma-cittadini-bellunesi-in-piazza-a-mestre-a-difesa-della-sanita-pubblica\/#article","isPartOf":{"@id":"https:\/\/www.bellunopress.it\/2025\/11\/04\/lesercito-si-riarma-la-sanita-si-disarma-cittadini-bellunesi-in-piazza-a-mestre-a-difesa-della-sanita-pubblica\/"},"author":{"name":"redazione","@id":"https:\/\/www.bellunopress.it\/#\/schema\/person\/79bb06722b37ece1c03d3e94beb30d73"},"headline":"L&#8217;Esercito si riarma, la sanit\u00e0 si disarma: cittadini bellunesi in piazza a Mestre a difesa della sanit\u00e0 pubblica","datePublished":"2025-11-04T09:20:54+00:00","mainEntityOfPage":{"@id":"https:\/\/www.bellunopress.it\/2025\/11\/04\/lesercito-si-riarma-la-sanita-si-disarma-cittadini-bellunesi-in-piazza-a-mestre-a-difesa-della-sanita-pubblica\/"},"wordCount":582,"publisher":{"@id":"https:\/\/www.bellunopress.it\/#organization"},"image":{"@id":"https:\/\/www.bellunopress.it\/2025\/11\/04\/lesercito-si-riarma-la-sanita-si-disarma-cittadini-bellunesi-in-piazza-a-mestre-a-difesa-della-sanita-pubblica\/#primaryimage"},"thumbnailUrl":"https:\/\/www.bellunopress.it\/wp-content\/uploads\/2023\/05\/Covesap-coordinamento-veneto-sanita-pubblica.jpg","articleSection":["Prima Pagina","Sanit\u00e0 Medicina"],"inLanguage":"fr-FR"},{"@type":"WebPage","@id":"https:\/\/www.bellunopress.it\/2025\/11\/04\/lesercito-si-riarma-la-sanita-si-disarma-cittadini-bellunesi-in-piazza-a-mestre-a-difesa-della-sanita-pubblica\/","url":"https:\/\/www.bellunopress.it\/2025\/11\/04\/lesercito-si-riarma-la-sanita-si-disarma-cittadini-bellunesi-in-piazza-a-mestre-a-difesa-della-sanita-pubblica\/","name":"L'Esercito si riarma, la sanit\u00e0 si disarma: cittadini bellunesi in piazza a Mestre a difesa della sanit\u00e0 pubblica - Bellunopress - Dolomiti","isPartOf":{"@id":"https:\/\/www.bellunopress.it\/#website"},"primaryImageOfPage":{"@id":"https:\/\/www.bellunopress.it\/2025\/11\/04\/lesercito-si-riarma-la-sanita-si-disarma-cittadini-bellunesi-in-piazza-a-mestre-a-difesa-della-sanita-pubblica\/#primaryimage"},"image":{"@id":"https:\/\/www.bellunopress.it\/2025\/11\/04\/lesercito-si-riarma-la-sanita-si-disarma-cittadini-bellunesi-in-piazza-a-mestre-a-difesa-della-sanita-pubblica\/#primaryimage"},"thumbnailUrl":"https:\/\/www.bellunopress.it\/wp-content\/uploads\/2023\/05\/Covesap-coordinamento-veneto-sanita-pubblica.jpg","datePublished":"2025-11-04T09:20:54+00:00","breadcrumb":{"@id":"https:\/\/www.bellunopress.it\/2025\/11\/04\/lesercito-si-riarma-la-sanita-si-disarma-cittadini-bellunesi-in-piazza-a-mestre-a-difesa-della-sanita-pubblica\/#breadcrumb"},"inLanguage":"fr-FR","potentialAction":[{"@type":"ReadAction","target":["https:\/\/www.bellunopress.it\/2025\/11\/04\/lesercito-si-riarma-la-sanita-si-disarma-cittadini-bellunesi-in-piazza-a-mestre-a-difesa-della-sanita-pubblica\/"]}]},{"@type":"ImageObject","inLanguage":"fr-FR","@id":"https:\/\/www.bellunopress.it\/2025\/11\/04\/lesercito-si-riarma-la-sanita-si-disarma-cittadini-bellunesi-in-piazza-a-mestre-a-difesa-della-sanita-pubblica\/#primaryimage","url":"https:\/\/www.bellunopress.it\/wp-content\/uploads\/2023\/05\/Covesap-coordinamento-veneto-sanita-pubblica.jpg","contentUrl":"https:\/\/www.bellunopress.it\/wp-content\/uploads\/2023\/05\/Covesap-coordinamento-veneto-sanita-pubblica.jpg","width":1000,"height":1000},{"@type":"BreadcrumbList","@id":"https:\/\/www.bellunopress.it\/2025\/11\/04\/lesercito-si-riarma-la-sanita-si-disarma-cittadini-bellunesi-in-piazza-a-mestre-a-difesa-della-sanita-pubblica\/#breadcrumb","itemListElement":[{"@type":"ListItem","position":1,"name":"Home","item":"https:\/\/www.bellunopress.it\/"},{"@type":"ListItem","position":2,"name":"L&#8217;Esercito si riarma, la sanit\u00e0 si disarma: cittadini bellunesi in piazza a Mestre a difesa della sanit\u00e0 pubblica"}]},{"@type":"WebSite","@id":"https:\/\/www.bellunopress.it\/#website","url":"https:\/\/www.bellunopress.it\/","name":"Bellunopress - Dolomiti","description":"e-mail: redazione@bellunopress.it","publisher":{"@id":"https:\/\/www.bellunopress.it\/#organization"},"potentialAction":[{"@type":"SearchAction","target":{"@type":"EntryPoint","urlTemplate":"https:\/\/www.bellunopress.it\/?s={search_term_string}"},"query-input":{"@type":"PropertyValueSpecification","valueRequired":true,"valueName":"search_term_string"}}],"inLanguage":"fr-FR"},{"@type":"Organization","@id":"https:\/\/www.bellunopress.it\/#organization","name":"Bellunopress","url":"https:\/\/www.bellunopress.it\/","logo":{"@type":"ImageObject","inLanguage":"fr-FR","@id":"https:\/\/www.bellunopress.it\/#\/schema\/logo\/image\/","url":"https:\/\/www.bellunopress.it\/wp-content\/uploads\/2011\/05\/cropped-logo-bellunopress-.jpg","contentUrl":"https:\/\/www.bellunopress.it\/wp-content\/uploads\/2011\/05\/cropped-logo-bellunopress-.jpg","width":512,"height":512,"caption":"Bellunopress"},"image":{"@id":"https:\/\/www.bellunopress.it\/#\/schema\/logo\/image\/"},"sameAs":["https:\/\/www.facebook.com\/profile.php?id=100008943462799","https:\/\/x.com\/bellunopress","https:\/\/www.linkedin.com\/hp\/?dnr=JBzUWaJfMUw8vbXJJ2tVW5-I3jZKvC4wsoxE&amp;amp;amp;amp;amp;amp;trk=nav_responsive_tab_home","https:\/\/www.youtube.com\/channel\/UCxL0wu1uN0_3_7hGG0306cw"]},{"@type":"Person","@id":"https:\/\/www.bellunopress.it\/#\/schema\/person\/79bb06722b37ece1c03d3e94beb30d73","name":"r\u00e9daction","image":{"@type":"ImageObject","inLanguage":"fr-FR","@id":"https:\/\/secure.gravatar.com\/avatar\/37d968a2e67a6fd04c169c4bdef102d0bc5d31b2546345219e348575eb80e9a0?s=96&d=mm&r=g","url":"https:\/\/secure.gravatar.com\/avatar\/37d968a2e67a6fd04c169c4bdef102d0bc5d31b2546345219e348575eb80e9a0?s=96&d=mm&r=g","contentUrl":"https:\/\/secure.gravatar.com\/avatar\/37d968a2e67a6fd04c169c4bdef102d0bc5d31b2546345219e348575eb80e9a0?s=96&d=mm&r=g","caption":"redazione"},"sameAs":["http:\/\/www.bellunopress.it","https:\/\/x.com\/bellunopress"],"url":"https:\/\/www.bellunopress.it\/fr\/author\/redazione\/"}]}},"_links":{"self":[{"href":"https:\/\/www.bellunopress.it\/fr\/wp-json\/wp\/v2\/posts\/164601","targetHints":{"allow":["GET"]}}],"collection":[{"href":"https:\/\/www.bellunopress.it\/fr\/wp-json\/wp\/v2\/posts"}],"about":[{"href":"https:\/\/www.bellunopress.it\/fr\/wp-json\/wp\/v2\/types\/post"}],"author":[{"embeddable":true,"href":"https:\/\/www.bellunopress.it\/fr\/wp-json\/wp\/v2\/users\/2"}],"replies":[{"embeddable":true,"href":"https:\/\/www.bellunopress.it\/fr\/wp-json\/wp\/v2\/comments?post=164601"}],"version-history":[{"count":1,"href":"https:\/\/www.bellunopress.it\/fr\/wp-json\/wp\/v2\/posts\/164601\/revisions"}],"predecessor-version":[{"id":164602,"href":"https:\/\/www.bellunopress.it\/fr\/wp-json\/wp\/v2\/posts\/164601\/revisions\/164602"}],"wp:featuredmedia":[{"embeddable":true,"href":"https:\/\/www.bellunopress.it\/fr\/wp-json\/wp\/v2\/media\/141395"}],"wp:attachment":[{"href":"https:\/\/www.bellunopress.it\/fr\/wp-json\/wp\/v2\/media?parent=164601"}],"wp:term":[{"taxonomy":"category","embeddable":true,"href":"https:\/\/www.bellunopress.it\/fr\/wp-json\/wp\/v2\/categories?post=164601"},{"taxonomy":"post_tag","embeddable":true,"href":"https:\/\/www.bellunopress.it\/fr\/wp-json\/wp\/v2\/tags?post=164601"}],"curies":[{"name":"wp","href":"https:\/\/api.w.org\/{rel}","templated":true}]}}