{"id":164566,"date":"2025-11-02T10:16:31","date_gmt":"2025-11-02T09:16:31","guid":{"rendered":"https:\/\/www.bellunopress.it\/?p=164566"},"modified":"2025-11-02T10:16:31","modified_gmt":"2025-11-02T09:16:31","slug":"disabilita-le-cooperative-sociali-lanciano-un-appello-ai-candidati-alle-elezioni-regionali","status":"publish","type":"post","link":"https:\/\/www.bellunopress.it\/fr\/2025\/11\/02\/disabilita-le-cooperative-sociali-lanciano-un-appello-ai-candidati-alle-elezioni-regionali\/","title":{"rendered":"Disabilit\u00e0. Le cooperative sociali lanciano un appello ai candidati alle elezioni regionali"},"content":{"rendered":"<p><img loading=\"lazy\" decoding=\"async\" class=\"aligncenter size-full wp-image-159692\" src=\"https:\/\/www.bellunopress.it\/wp-content\/uploads\/2025\/04\/confcooperative-belluno-treviso.jpg\" alt=\"\" width=\"730\" height=\"205\" srcset=\"https:\/\/www.bellunopress.it\/wp-content\/uploads\/2025\/04\/confcooperative-belluno-treviso.jpg 730w, https:\/\/www.bellunopress.it\/wp-content\/uploads\/2025\/04\/confcooperative-belluno-treviso-500x140.jpg 500w, https:\/\/www.bellunopress.it\/wp-content\/uploads\/2025\/04\/confcooperative-belluno-treviso-696x195.jpg 696w\" sizes=\"auto, (max-width: 730px) 100vw, 730px\" \/>La sostenibilit\u00e0 dei servizi essenziali in Veneto oggi \u00e8 messa a dura prova.<br \/>\nFedersolidariet\u00e0 Belluno e Treviso chiede ai candidati alla presidenza della Regione un impegno concreto per garantire dignit\u00e0, qualit\u00e0 e sostenibilit\u00e0.<\/p>\n<p>Le cooperative sociali bellunesi e trevigiane che operano nei servizi alla disabilit\u00e0 lanciano un appello ai candidati alle prossime elezioni regionali: \u00e8 urgente intervenire per salvaguardare la qualit\u00e0 dell\u2019assistenza e la sostenibilit\u00e0 dei servizi rivolti alle persone con disabilit\u00e0.<br \/>\nFedersolidariet\u00e0 oggi rappresenta 66 cooperative nelle due province di riferimento, di cui 11 a Belluno e 55 a Treviso, tocca i 244 milioni di fatturato e d\u00e0 lavoro ad oltre 10 mila persone.<br \/>\nQuello dei servizi garantiti dalle coop associate \u00e8 sistema complesso, che tocca numeri e necessit\u00e0 fondamentali. Nel Trevigiano le coop sociali assistono pi\u00f9 di 1.200 persone con disabilit\u00e0, per la maggior parte seguite in 30 centri diurni (687persone) e in 18 comunit\u00e0 alloggio (250 persone), oltre che in 11 gruppi appartamento, due Rsa e in alcuni progetti sperimentali e di assistenza privata, a cui si aggiungono i progetti DGR 739\/2014, i progetti di Rete Synergasia DGR 1375\/2014 e i progetti legge 112\/2016, meglio conosciuti come \u201cDopo di Noi\u201d.<br \/>\nNel territorio bellunese la distribuzione e la tipologia delle strutture attive \u00e8 pi\u00f9 eterogenea. Le tre cooperative locali gestiscono 7 centri diurni da 133 posti accreditati, 5 comunit\u00e0 alloggio con 66 posti letto e una RSA che conta 44 posti letto autorizzati. Sono poi attivi 3 progetti DGR 739\/2014 da 18 posti, un progetto di rete DGR 1375 \/2014 che coinvolge 26 utenti, un progetto di rete Legge 112\/2016 \u201cDopo di noi\u201d che accoglie 33 persone e, infine, 2 progetti dedicati a 30 persone affette da autismo.<br \/>\nQuesti numeri testimoniano l\u2019importanza e l\u2019impatto concreto del lavoro quotidiano delle cooperative sociali nel garantire inclusione, assistenza e dignit\u00e0 alle persone con disabilit\u00e0 e alle loro famiglie.<br \/>\nNonostante l\u2019impegno quotidiano degli operatori e delle imprese cooperative, il sistema sta mostrando gravi segnali di affaticamento, dovuti a politiche che, negli ultimi anni, hanno privilegiato il contenimento della spesa pubblica a scapito della costruzione di percorsi virtuosi di inclusione, autonomia e cura.<\/p>\n<p><strong>Le criticit\u00e0<\/strong><br \/>\nMolteplici le criticit\u00e0 che minano l\u2019efficienza del settore, a cominciare dal rapporto, spesso sbilanciato, tra Pubblica Amministrazione e cooperative sociali, che privilegia la logica del ribasso dei costi anzich\u00e9 la valorizzazione della qualit\u00e0 dei servizi e delle relazioni di cura.<br \/>\nUn peso significativo lo esercita anche l\u2019inadeguatezza dei corrispettivi economici. I costi di gestione delle strutture \u2014 personale, energia, manutenzione e forniture \u2014 sono in costante aumento, ma rette e corrispettivi riconosciuti da Ulss, Comuni e Regione restano invariati da anni. Questa sproporzione mette a rischio la continuit\u00e0 dei servizi essenziali.<br \/>\nIn questo contesto si inserisce anche il parziale riconoscimento degli aumenti contrattuali da parte degli enti pubblici, che ad oggi non riconoscono gli adeguamenti previsti dai Contratti Collettivi Nazionali di Lavoro (CCNL), rendendo impossibile sostenere economicamente gli aumenti dovuti agli operatori.<br \/>\nSul tema degli aumenti delle rette resta ancora irrisolta la questione delle RSA area disabilit\u00e0, malgrado le richieste in tal senso avanzate dalle rappresentanze dei soggetti istituzionalmente accreditati nel corso del lungo confronto che ha preceduto l\u2019adozione della DGR 1301 del 14 novembre 2024, che ha aumentato le rette per i servizi istituzionalmente accreditati per la Disabilit\u00e0 esclusivamente per le Comunit\u00e0 alloggio, i Centri Diurni e le progettualit\u00e0 ex DGR 1375\/2020. Questo mancato aggiornamento risulta insostenibile, in particolare per le Rsa con meno di quaranta posti letto gestite dalle nostre cooperative sociali associate a Federsolidariet\u00e0 Belluno e Treviso. Inoltre non \u00e8 ancora stata deliberata la retta standard a livello regionale per le comunit\u00e0 alloggio generando cos\u00ec forte disuguaglianza tra i servizi per le persone con disabilit\u00e0 e mettendo a rischio la sostenibilit\u00e0 delle strutture stesse.<br \/>\nSul tavolo di discussione resta anche la disapplicazione del DPCM 2017 che definisce i Livelli Essenziali di Assistenza (LEA): il rapporto tra quota sociale e sanitaria non viene rispettato, soprattutto nelle comunit\u00e0 alloggio, con gravi ricadute economiche e organizzative sulle cooperative.<br \/>\nUn tema storico e ancora irrisolto, pi\u00f9 volte oggetto dell\u2019attenzione di Federsolidariet\u00e0 Belluno e Treviso, \u00e8 quello della carenza di figure professionali qualificate, in particolare nei ruoli di cura, una scarsit\u00e0 ormai cronica che compromette la possibilit\u00e0 di garantire la piena operativit\u00e0 dei servizi, dettata anche dallo scarso riconoscimento socio-culturale delle professioni legate all\u2019assistenza e all\u2019educazione delle persone con disabilit\u00e0 restano poco valorizzate, sia sul piano economico che sociale, rendendo difficile attrarre e motivare nuovi operatori.<\/p>\n<p><strong>L\u2019appello ai candidati<\/strong><br \/>\n\u201cChiediamo ai candidati alle prossime elezioni regionali di assumere un impegno pubblico concreto a supporto delle nostre imprese \u2013 dichiara Eugenio Anzanello, vicepresidente Confcooperative Federsolidaliet\u00e0 Veneto &#8211; aggiornando i corrispettivi economici delle strutture accreditate all\u2019indice ISTAT e riconoscendo gli aumenti contrattuali, condizioni indispensabili per garantire al nostro personale condizioni di lavoro adeguate\u201d.<br \/>\n\u201cDobbiamo valorizzare le professioni di cura con politiche di riconoscimento e formazione e ricostruire un rapporto di fiducia e corresponsabilit\u00e0 tra istituzioni pubbliche e cooperative. \u2013 sottolinea con Luca Sartorato, presidente di Federsolidariet\u00e0 Belluno e Treviso \u2013 Garantire servizi di qualit\u00e0 alle persone con disabilit\u00e0 non \u00e8 solo una questione economica, ma un dovere etico e sociale. Le cooperative chiedono che la prossima legislatura regionale metta al centro la dignit\u00e0 delle persone e il valore del lavoro di cura\u201d.<\/p>","protected":false},"excerpt":{"rendered":"<p>La sostenibilit\u00e0 dei servizi essenziali in Veneto oggi \u00e8 messa a dura prova. Federsolidariet\u00e0 Belluno e Treviso chiede ai candidati alla presidenza della Regione un impegno concreto per garantire dignit\u00e0, qualit\u00e0 e sostenibilit\u00e0. Le cooperative sociali bellunesi e trevigiane che operano nei servizi alla disabilit\u00e0 lanciano un appello ai candidati alle prossime elezioni regionali: \u00e8 [&hellip;]<\/p>\n","protected":false},"author":2,"featured_media":159692,"comment_status":"closed","ping_status":"open","sticky":false,"template":"","format":"standard","meta":{"footnotes":""},"categories":[5,26],"tags":[],"class_list":["post-164566","post","type-post","status-publish","format-standard","has-post-thumbnail","category-cronaca","category-prima-pagina"],"yoast_head":"<!-- This site is optimized with the Yoast SEO plugin v28.4 - https:\/\/yoast.com\/product\/yoast-seo-wordpress\/ -->\n<title>Disabilit\u00e0. Le cooperative sociali lanciano un appello ai candidati alle elezioni regionali - Bellunopress - Dolomiti<\/title>\n<meta name=\"robots\" content=\"index, follow, max-snippet:-1, max-image-preview:large, max-video-preview:-1\" \/>\n<link rel=\"canonical\" href=\"https:\/\/www.bellunopress.it\/fr\/2025\/11\/02\/disabilita-le-cooperative-sociali-lanciano-un-appello-ai-candidati-alle-elezioni-regionali\/\" \/>\n<meta property=\"og:locale\" content=\"fr_FR\" \/>\n<meta property=\"og:type\" content=\"article\" \/>\n<meta property=\"og:title\" content=\"Disabilit\u00e0. Le cooperative sociali lanciano un appello ai candidati alle elezioni regionali - Bellunopress - Dolomiti\" \/>\n<meta property=\"og:description\" content=\"La sostenibilit\u00e0 dei servizi essenziali in Veneto oggi \u00e8 messa a dura prova. Federsolidariet\u00e0 Belluno e Treviso chiede ai candidati alla presidenza della Regione un impegno concreto per garantire dignit\u00e0, qualit\u00e0 e sostenibilit\u00e0. Le cooperative sociali bellunesi e trevigiane che operano nei servizi alla disabilit\u00e0 lanciano un appello ai candidati alle prossime elezioni regionali: \u00e8 [&hellip;]\" \/>\n<meta property=\"og:url\" content=\"https:\/\/www.bellunopress.it\/fr\/2025\/11\/02\/disabilita-le-cooperative-sociali-lanciano-un-appello-ai-candidati-alle-elezioni-regionali\/\" \/>\n<meta property=\"og:site_name\" content=\"Bellunopress - Dolomiti\" \/>\n<meta property=\"article:publisher\" content=\"https:\/\/www.facebook.com\/profile.php?id=100008943462799\" \/>\n<meta property=\"article:published_time\" content=\"2025-11-02T09:16:31+00:00\" \/>\n<meta property=\"og:image\" content=\"https:\/\/www.bellunopress.it\/wp-content\/uploads\/2025\/04\/confcooperative-belluno-treviso.jpg\" \/>\n\t<meta property=\"og:image:width\" content=\"730\" \/>\n\t<meta property=\"og:image:height\" content=\"205\" \/>\n\t<meta property=\"og:image:type\" content=\"image\/jpeg\" \/>\n<meta name=\"author\" content=\"redazione\" \/>\n<meta name=\"twitter:card\" content=\"summary_large_image\" \/>\n<meta name=\"twitter:creator\" content=\"@bellunopress\" \/>\n<meta name=\"twitter:site\" content=\"@bellunopress\" \/>\n<meta name=\"twitter:label1\" content=\"\u00c9crit par\" \/>\n\t<meta name=\"twitter:data1\" content=\"redazione\" \/>\n\t<meta name=\"twitter:label2\" content=\"Dur\u00e9e de lecture estim\u00e9e\" \/>\n\t<meta name=\"twitter:data2\" content=\"4 minutes\" \/>\n<script type=\"application\/ld+json\" class=\"yoast-schema-graph\">{\"@context\":\"https:\\\/\\\/schema.org\",\"@graph\":[{\"@type\":\"Article\",\"@id\":\"https:\\\/\\\/www.bellunopress.it\\\/2025\\\/11\\\/02\\\/disabilita-le-cooperative-sociali-lanciano-un-appello-ai-candidati-alle-elezioni-regionali\\\/#article\",\"isPartOf\":{\"@id\":\"https:\\\/\\\/www.bellunopress.it\\\/2025\\\/11\\\/02\\\/disabilita-le-cooperative-sociali-lanciano-un-appello-ai-candidati-alle-elezioni-regionali\\\/\"},\"author\":{\"name\":\"redazione\",\"@id\":\"https:\\\/\\\/www.bellunopress.it\\\/#\\\/schema\\\/person\\\/79bb06722b37ece1c03d3e94beb30d73\"},\"headline\":\"Disabilit\u00e0. Le cooperative sociali lanciano un appello ai candidati alle elezioni regionali\",\"datePublished\":\"2025-11-02T09:16:31+00:00\",\"mainEntityOfPage\":{\"@id\":\"https:\\\/\\\/www.bellunopress.it\\\/2025\\\/11\\\/02\\\/disabilita-le-cooperative-sociali-lanciano-un-appello-ai-candidati-alle-elezioni-regionali\\\/\"},\"wordCount\":849,\"publisher\":{\"@id\":\"https:\\\/\\\/www.bellunopress.it\\\/#organization\"},\"image\":{\"@id\":\"https:\\\/\\\/www.bellunopress.it\\\/2025\\\/11\\\/02\\\/disabilita-le-cooperative-sociali-lanciano-un-appello-ai-candidati-alle-elezioni-regionali\\\/#primaryimage\"},\"thumbnailUrl\":\"https:\\\/\\\/www.bellunopress.it\\\/wp-content\\\/uploads\\\/2025\\\/04\\\/confcooperative-belluno-treviso.jpg\",\"articleSection\":[\"Cronaca\\\/Politica\",\"Prima Pagina\"],\"inLanguage\":\"fr-FR\"},{\"@type\":\"WebPage\",\"@id\":\"https:\\\/\\\/www.bellunopress.it\\\/2025\\\/11\\\/02\\\/disabilita-le-cooperative-sociali-lanciano-un-appello-ai-candidati-alle-elezioni-regionali\\\/\",\"url\":\"https:\\\/\\\/www.bellunopress.it\\\/2025\\\/11\\\/02\\\/disabilita-le-cooperative-sociali-lanciano-un-appello-ai-candidati-alle-elezioni-regionali\\\/\",\"name\":\"Disabilit\u00e0. Le cooperative sociali lanciano un appello ai candidati alle elezioni regionali - Bellunopress - Dolomiti\",\"isPartOf\":{\"@id\":\"https:\\\/\\\/www.bellunopress.it\\\/#website\"},\"primaryImageOfPage\":{\"@id\":\"https:\\\/\\\/www.bellunopress.it\\\/2025\\\/11\\\/02\\\/disabilita-le-cooperative-sociali-lanciano-un-appello-ai-candidati-alle-elezioni-regionali\\\/#primaryimage\"},\"image\":{\"@id\":\"https:\\\/\\\/www.bellunopress.it\\\/2025\\\/11\\\/02\\\/disabilita-le-cooperative-sociali-lanciano-un-appello-ai-candidati-alle-elezioni-regionali\\\/#primaryimage\"},\"thumbnailUrl\":\"https:\\\/\\\/www.bellunopress.it\\\/wp-content\\\/uploads\\\/2025\\\/04\\\/confcooperative-belluno-treviso.jpg\",\"datePublished\":\"2025-11-02T09:16:31+00:00\",\"breadcrumb\":{\"@id\":\"https:\\\/\\\/www.bellunopress.it\\\/2025\\\/11\\\/02\\\/disabilita-le-cooperative-sociali-lanciano-un-appello-ai-candidati-alle-elezioni-regionali\\\/#breadcrumb\"},\"inLanguage\":\"fr-FR\",\"potentialAction\":[{\"@type\":\"ReadAction\",\"target\":[\"https:\\\/\\\/www.bellunopress.it\\\/2025\\\/11\\\/02\\\/disabilita-le-cooperative-sociali-lanciano-un-appello-ai-candidati-alle-elezioni-regionali\\\/\"]}]},{\"@type\":\"ImageObject\",\"inLanguage\":\"fr-FR\",\"@id\":\"https:\\\/\\\/www.bellunopress.it\\\/2025\\\/11\\\/02\\\/disabilita-le-cooperative-sociali-lanciano-un-appello-ai-candidati-alle-elezioni-regionali\\\/#primaryimage\",\"url\":\"https:\\\/\\\/www.bellunopress.it\\\/wp-content\\\/uploads\\\/2025\\\/04\\\/confcooperative-belluno-treviso.jpg\",\"contentUrl\":\"https:\\\/\\\/www.bellunopress.it\\\/wp-content\\\/uploads\\\/2025\\\/04\\\/confcooperative-belluno-treviso.jpg\",\"width\":730,\"height\":205},{\"@type\":\"BreadcrumbList\",\"@id\":\"https:\\\/\\\/www.bellunopress.it\\\/2025\\\/11\\\/02\\\/disabilita-le-cooperative-sociali-lanciano-un-appello-ai-candidati-alle-elezioni-regionali\\\/#breadcrumb\",\"itemListElement\":[{\"@type\":\"ListItem\",\"position\":1,\"name\":\"Home\",\"item\":\"https:\\\/\\\/www.bellunopress.it\\\/\"},{\"@type\":\"ListItem\",\"position\":2,\"name\":\"Disabilit\u00e0. Le cooperative sociali lanciano un appello ai candidati alle elezioni regionali\"}]},{\"@type\":\"WebSite\",\"@id\":\"https:\\\/\\\/www.bellunopress.it\\\/#website\",\"url\":\"https:\\\/\\\/www.bellunopress.it\\\/\",\"name\":\"Bellunopress - Dolomiti\",\"description\":\"e-mail: redazione@bellunopress.it\",\"publisher\":{\"@id\":\"https:\\\/\\\/www.bellunopress.it\\\/#organization\"},\"potentialAction\":[{\"@type\":\"SearchAction\",\"target\":{\"@type\":\"EntryPoint\",\"urlTemplate\":\"https:\\\/\\\/www.bellunopress.it\\\/?s={search_term_string}\"},\"query-input\":{\"@type\":\"PropertyValueSpecification\",\"valueRequired\":true,\"valueName\":\"search_term_string\"}}],\"inLanguage\":\"fr-FR\"},{\"@type\":\"Organization\",\"@id\":\"https:\\\/\\\/www.bellunopress.it\\\/#organization\",\"name\":\"Bellunopress\",\"url\":\"https:\\\/\\\/www.bellunopress.it\\\/\",\"logo\":{\"@type\":\"ImageObject\",\"inLanguage\":\"fr-FR\",\"@id\":\"https:\\\/\\\/www.bellunopress.it\\\/#\\\/schema\\\/logo\\\/image\\\/\",\"url\":\"https:\\\/\\\/www.bellunopress.it\\\/wp-content\\\/uploads\\\/2011\\\/05\\\/cropped-logo-bellunopress-.jpg\",\"contentUrl\":\"https:\\\/\\\/www.bellunopress.it\\\/wp-content\\\/uploads\\\/2011\\\/05\\\/cropped-logo-bellunopress-.jpg\",\"width\":512,\"height\":512,\"caption\":\"Bellunopress\"},\"image\":{\"@id\":\"https:\\\/\\\/www.bellunopress.it\\\/#\\\/schema\\\/logo\\\/image\\\/\"},\"sameAs\":[\"https:\\\/\\\/www.facebook.com\\\/profile.php?id=100008943462799\",\"https:\\\/\\\/x.com\\\/bellunopress\",\"https:\\\/\\\/www.linkedin.com\\\/hp\\\/?dnr=JBzUWaJfMUw8vbXJJ2tVW5-I3jZKvC4wsoxE&amp;amp;amp;amp;amp;amp;trk=nav_responsive_tab_home\",\"https:\\\/\\\/www.youtube.com\\\/channel\\\/UCxL0wu1uN0_3_7hGG0306cw\"]},{\"@type\":\"Person\",\"@id\":\"https:\\\/\\\/www.bellunopress.it\\\/#\\\/schema\\\/person\\\/79bb06722b37ece1c03d3e94beb30d73\",\"name\":\"redazione\",\"image\":{\"@type\":\"ImageObject\",\"inLanguage\":\"fr-FR\",\"@id\":\"https:\\\/\\\/secure.gravatar.com\\\/avatar\\\/37d968a2e67a6fd04c169c4bdef102d0bc5d31b2546345219e348575eb80e9a0?s=96&d=mm&r=g\",\"url\":\"https:\\\/\\\/secure.gravatar.com\\\/avatar\\\/37d968a2e67a6fd04c169c4bdef102d0bc5d31b2546345219e348575eb80e9a0?s=96&d=mm&r=g\",\"contentUrl\":\"https:\\\/\\\/secure.gravatar.com\\\/avatar\\\/37d968a2e67a6fd04c169c4bdef102d0bc5d31b2546345219e348575eb80e9a0?s=96&d=mm&r=g\",\"caption\":\"redazione\"},\"sameAs\":[\"http:\\\/\\\/www.bellunopress.it\",\"https:\\\/\\\/x.com\\\/bellunopress\"],\"url\":\"https:\\\/\\\/www.bellunopress.it\\\/fr\\\/author\\\/redazione\\\/\"}]}<\/script>\n<!-- \/ Yoast SEO plugin. -->","yoast_head_json":{"title":"Disabilit\u00e0. Le cooperative sociali lanciano un appello ai candidati alle elezioni regionali - Bellunopress - Dolomiti","robots":{"index":"index","follow":"follow","max-snippet":"max-snippet:-1","max-image-preview":"max-image-preview:large","max-video-preview":"max-video-preview:-1"},"canonical":"https:\/\/www.bellunopress.it\/fr\/2025\/11\/02\/disabilita-le-cooperative-sociali-lanciano-un-appello-ai-candidati-alle-elezioni-regionali\/","og_locale":"fr_FR","og_type":"article","og_title":"Disabilit\u00e0. Le cooperative sociali lanciano un appello ai candidati alle elezioni regionali - Bellunopress - Dolomiti","og_description":"La sostenibilit\u00e0 dei servizi essenziali in Veneto oggi \u00e8 messa a dura prova. Federsolidariet\u00e0 Belluno e Treviso chiede ai candidati alla presidenza della Regione un impegno concreto per garantire dignit\u00e0, qualit\u00e0 e sostenibilit\u00e0. Le cooperative sociali bellunesi e trevigiane che operano nei servizi alla disabilit\u00e0 lanciano un appello ai candidati alle prossime elezioni regionali: \u00e8 [&hellip;]","og_url":"https:\/\/www.bellunopress.it\/fr\/2025\/11\/02\/disabilita-le-cooperative-sociali-lanciano-un-appello-ai-candidati-alle-elezioni-regionali\/","og_site_name":"Bellunopress - Dolomiti","article_publisher":"https:\/\/www.facebook.com\/profile.php?id=100008943462799","article_published_time":"2025-11-02T09:16:31+00:00","og_image":[{"width":730,"height":205,"url":"https:\/\/www.bellunopress.it\/wp-content\/uploads\/2025\/04\/confcooperative-belluno-treviso.jpg","type":"image\/jpeg"}],"author":"redazione","twitter_card":"summary_large_image","twitter_creator":"@bellunopress","twitter_site":"@bellunopress","twitter_misc":{"\u00c9crit par":"redazione","Dur\u00e9e de lecture estim\u00e9e":"4 minutes"},"schema":{"@context":"https:\/\/schema.org","@graph":[{"@type":"Article","@id":"https:\/\/www.bellunopress.it\/2025\/11\/02\/disabilita-le-cooperative-sociali-lanciano-un-appello-ai-candidati-alle-elezioni-regionali\/#article","isPartOf":{"@id":"https:\/\/www.bellunopress.it\/2025\/11\/02\/disabilita-le-cooperative-sociali-lanciano-un-appello-ai-candidati-alle-elezioni-regionali\/"},"author":{"name":"redazione","@id":"https:\/\/www.bellunopress.it\/#\/schema\/person\/79bb06722b37ece1c03d3e94beb30d73"},"headline":"Disabilit\u00e0. Le cooperative sociali lanciano un appello ai candidati alle elezioni regionali","datePublished":"2025-11-02T09:16:31+00:00","mainEntityOfPage":{"@id":"https:\/\/www.bellunopress.it\/2025\/11\/02\/disabilita-le-cooperative-sociali-lanciano-un-appello-ai-candidati-alle-elezioni-regionali\/"},"wordCount":849,"publisher":{"@id":"https:\/\/www.bellunopress.it\/#organization"},"image":{"@id":"https:\/\/www.bellunopress.it\/2025\/11\/02\/disabilita-le-cooperative-sociali-lanciano-un-appello-ai-candidati-alle-elezioni-regionali\/#primaryimage"},"thumbnailUrl":"https:\/\/www.bellunopress.it\/wp-content\/uploads\/2025\/04\/confcooperative-belluno-treviso.jpg","articleSection":["Cronaca\/Politica","Prima Pagina"],"inLanguage":"fr-FR"},{"@type":"WebPage","@id":"https:\/\/www.bellunopress.it\/2025\/11\/02\/disabilita-le-cooperative-sociali-lanciano-un-appello-ai-candidati-alle-elezioni-regionali\/","url":"https:\/\/www.bellunopress.it\/2025\/11\/02\/disabilita-le-cooperative-sociali-lanciano-un-appello-ai-candidati-alle-elezioni-regionali\/","name":"Disabilit\u00e0. Le cooperative sociali lanciano un appello ai candidati alle elezioni regionali - Bellunopress - Dolomiti","isPartOf":{"@id":"https:\/\/www.bellunopress.it\/#website"},"primaryImageOfPage":{"@id":"https:\/\/www.bellunopress.it\/2025\/11\/02\/disabilita-le-cooperative-sociali-lanciano-un-appello-ai-candidati-alle-elezioni-regionali\/#primaryimage"},"image":{"@id":"https:\/\/www.bellunopress.it\/2025\/11\/02\/disabilita-le-cooperative-sociali-lanciano-un-appello-ai-candidati-alle-elezioni-regionali\/#primaryimage"},"thumbnailUrl":"https:\/\/www.bellunopress.it\/wp-content\/uploads\/2025\/04\/confcooperative-belluno-treviso.jpg","datePublished":"2025-11-02T09:16:31+00:00","breadcrumb":{"@id":"https:\/\/www.bellunopress.it\/2025\/11\/02\/disabilita-le-cooperative-sociali-lanciano-un-appello-ai-candidati-alle-elezioni-regionali\/#breadcrumb"},"inLanguage":"fr-FR","potentialAction":[{"@type":"ReadAction","target":["https:\/\/www.bellunopress.it\/2025\/11\/02\/disabilita-le-cooperative-sociali-lanciano-un-appello-ai-candidati-alle-elezioni-regionali\/"]}]},{"@type":"ImageObject","inLanguage":"fr-FR","@id":"https:\/\/www.bellunopress.it\/2025\/11\/02\/disabilita-le-cooperative-sociali-lanciano-un-appello-ai-candidati-alle-elezioni-regionali\/#primaryimage","url":"https:\/\/www.bellunopress.it\/wp-content\/uploads\/2025\/04\/confcooperative-belluno-treviso.jpg","contentUrl":"https:\/\/www.bellunopress.it\/wp-content\/uploads\/2025\/04\/confcooperative-belluno-treviso.jpg","width":730,"height":205},{"@type":"BreadcrumbList","@id":"https:\/\/www.bellunopress.it\/2025\/11\/02\/disabilita-le-cooperative-sociali-lanciano-un-appello-ai-candidati-alle-elezioni-regionali\/#breadcrumb","itemListElement":[{"@type":"ListItem","position":1,"name":"Home","item":"https:\/\/www.bellunopress.it\/"},{"@type":"ListItem","position":2,"name":"Disabilit\u00e0. Le cooperative sociali lanciano un appello ai candidati alle elezioni regionali"}]},{"@type":"WebSite","@id":"https:\/\/www.bellunopress.it\/#website","url":"https:\/\/www.bellunopress.it\/","name":"Bellunopress - Dolomiti","description":"e-mail: redazione@bellunopress.it","publisher":{"@id":"https:\/\/www.bellunopress.it\/#organization"},"potentialAction":[{"@type":"SearchAction","target":{"@type":"EntryPoint","urlTemplate":"https:\/\/www.bellunopress.it\/?s={search_term_string}"},"query-input":{"@type":"PropertyValueSpecification","valueRequired":true,"valueName":"search_term_string"}}],"inLanguage":"fr-FR"},{"@type":"Organization","@id":"https:\/\/www.bellunopress.it\/#organization","name":"Bellunopress","url":"https:\/\/www.bellunopress.it\/","logo":{"@type":"ImageObject","inLanguage":"fr-FR","@id":"https:\/\/www.bellunopress.it\/#\/schema\/logo\/image\/","url":"https:\/\/www.bellunopress.it\/wp-content\/uploads\/2011\/05\/cropped-logo-bellunopress-.jpg","contentUrl":"https:\/\/www.bellunopress.it\/wp-content\/uploads\/2011\/05\/cropped-logo-bellunopress-.jpg","width":512,"height":512,"caption":"Bellunopress"},"image":{"@id":"https:\/\/www.bellunopress.it\/#\/schema\/logo\/image\/"},"sameAs":["https:\/\/www.facebook.com\/profile.php?id=100008943462799","https:\/\/x.com\/bellunopress","https:\/\/www.linkedin.com\/hp\/?dnr=JBzUWaJfMUw8vbXJJ2tVW5-I3jZKvC4wsoxE&amp;amp;amp;amp;amp;amp;trk=nav_responsive_tab_home","https:\/\/www.youtube.com\/channel\/UCxL0wu1uN0_3_7hGG0306cw"]},{"@type":"Person","@id":"https:\/\/www.bellunopress.it\/#\/schema\/person\/79bb06722b37ece1c03d3e94beb30d73","name":"r\u00e9daction","image":{"@type":"ImageObject","inLanguage":"fr-FR","@id":"https:\/\/secure.gravatar.com\/avatar\/37d968a2e67a6fd04c169c4bdef102d0bc5d31b2546345219e348575eb80e9a0?s=96&d=mm&r=g","url":"https:\/\/secure.gravatar.com\/avatar\/37d968a2e67a6fd04c169c4bdef102d0bc5d31b2546345219e348575eb80e9a0?s=96&d=mm&r=g","contentUrl":"https:\/\/secure.gravatar.com\/avatar\/37d968a2e67a6fd04c169c4bdef102d0bc5d31b2546345219e348575eb80e9a0?s=96&d=mm&r=g","caption":"redazione"},"sameAs":["http:\/\/www.bellunopress.it","https:\/\/x.com\/bellunopress"],"url":"https:\/\/www.bellunopress.it\/fr\/author\/redazione\/"}]}},"_links":{"self":[{"href":"https:\/\/www.bellunopress.it\/fr\/wp-json\/wp\/v2\/posts\/164566","targetHints":{"allow":["GET"]}}],"collection":[{"href":"https:\/\/www.bellunopress.it\/fr\/wp-json\/wp\/v2\/posts"}],"about":[{"href":"https:\/\/www.bellunopress.it\/fr\/wp-json\/wp\/v2\/types\/post"}],"author":[{"embeddable":true,"href":"https:\/\/www.bellunopress.it\/fr\/wp-json\/wp\/v2\/users\/2"}],"replies":[{"embeddable":true,"href":"https:\/\/www.bellunopress.it\/fr\/wp-json\/wp\/v2\/comments?post=164566"}],"version-history":[{"count":1,"href":"https:\/\/www.bellunopress.it\/fr\/wp-json\/wp\/v2\/posts\/164566\/revisions"}],"predecessor-version":[{"id":164567,"href":"https:\/\/www.bellunopress.it\/fr\/wp-json\/wp\/v2\/posts\/164566\/revisions\/164567"}],"wp:featuredmedia":[{"embeddable":true,"href":"https:\/\/www.bellunopress.it\/fr\/wp-json\/wp\/v2\/media\/159692"}],"wp:attachment":[{"href":"https:\/\/www.bellunopress.it\/fr\/wp-json\/wp\/v2\/media?parent=164566"}],"wp:term":[{"taxonomy":"category","embeddable":true,"href":"https:\/\/www.bellunopress.it\/fr\/wp-json\/wp\/v2\/categories?post=164566"},{"taxonomy":"post_tag","embeddable":true,"href":"https:\/\/www.bellunopress.it\/fr\/wp-json\/wp\/v2\/tags?post=164566"}],"curies":[{"name":"wp","href":"https:\/\/api.w.org\/{rel}","templated":true}]}}