{"id":164562,"date":"2025-11-02T08:52:50","date_gmt":"2025-11-02T07:52:50","guid":{"rendered":"https:\/\/www.bellunopress.it\/?p=164562"},"modified":"2025-11-02T08:52:50","modified_gmt":"2025-11-02T07:52:50","slug":"due-eventi-fai-per-il-clima-venerdi-7-a-quero-e-sabato-8-a-san-gregorio-nelle-alpi","status":"publish","type":"post","link":"https:\/\/www.bellunopress.it\/fr\/2025\/11\/02\/due-eventi-fai-per-il-clima-venerdi-7-a-quero-e-sabato-8-a-san-gregorio-nelle-alpi\/","title":{"rendered":"Due eventi Fai per il clima: venerd\u00ec 7 a Quero e sabato 8 a San Gregorio nelle Alpi"},"content":{"rendered":"<p><strong><img loading=\"lazy\" decoding=\"async\" class=\"aligncenter size-full wp-image-145788\" src=\"https:\/\/www.bellunopress.it\/wp-content\/uploads\/2023\/11\/FAI_edited.jpg\" alt=\"\" width=\"510\" height=\"500\" srcset=\"https:\/\/www.bellunopress.it\/wp-content\/uploads\/2023\/11\/FAI_edited.jpg 510w, https:\/\/www.bellunopress.it\/wp-content\/uploads\/2023\/11\/FAI_edited-500x490.jpg 500w\" sizes=\"auto, (max-width: 510px) 100vw, 510px\" \/>Un incontro a Quero sulle Energie rinnovabili e il paesaggio alpino\u00a0<\/strong><br \/>\n<strong>Un\u2019escursione al Castelliere di Castel de Pedena, un sito di frontiera del II millennio a.C.<\/strong><\/p>\n<p>La Delegazione FAI di Belluno e il Gruppo FAI di Feltre hanno il piacere di annunciare due eventi che si terranno il 7 e l\u20198 novembre 2025, organizzati nell\u2019ambito delle iniziative del Fondo per l\u2019Ambiente Italiano per la Settimana del Clima, #FAIperilclima<\/p>\n<p>Si inizia <strong>venerd\u00ec 7 novembre<\/strong> con il pubblico incontro dal titolo \u201cEnergie rinnovabili e paesaggio alpino: strategie per il recupero delle malghe\u201d, alle ore 16, nella Sala Consiliare di Quero (Setteville, Belluno).<br \/>\nIl FAI \u2013 Fondo per l\u2019Ambiente Italiano, Delegazione di Belluno, in collaborazione con il Comune di Setteville, propone un incontro pubblico dedicato al tema \u201cEnergie rinnovabili e paesaggio alpino: strategie per il recupero delle malghe\u201d, nell\u2019ambito del ciclo FAI Clima 25, sostenuto da European Climate Foundation.<br \/>\nL\u2019iniziativa intende aprire un confronto tra istituzioni, tecnici e cittadini sul futuro delle aree montane, affrontando il delicato equilibrio tra innovazione, sostenibilit\u00e0 e tutela del paesaggio.<br \/>\nPorteranno i saluti istituzionali Bruno Zanolla, Sindaco di Setteville, Cristian Corr\u00e0, Assessore all\u2019Ambiente e alle Politiche per la Montagna, Costanza Pratesi, Responsabile Ufficio Paesaggio e Patrimonio del FAI, e Adriano Barcelloni-Corte, Capo Delegazione FAI di Belluno.<br \/>\nSeguiranno gli interventi di: Ennio Vigne \u2013 UNCEM Veneto: Il Rapporto Montagne Italia 2025, Giovanni Piccoli \u2013 Centro Studi Bellunese: Green Communities delle Dolomiti Bellunesi, Marco Freguglia \u2013 Veneto Agricoltura: Innovazioni tecnologiche per il futuro dell\u2019agricoltura di montagna, Gianluca Cepollaro \u2013 TSM-STEP Scuola per il Governo del Territorio e del Paesaggio: Recupero dell\u2019edilizia rurale tradizionale e rigenerazione paesaggistica, Willi Guidolin, architetto e consulente FAI: Il progetto del FAI a Monte Fontana Secca<br \/>\nDurante l\u2019incontro sar\u00e0 presentato l\u2019esempio del recupero della malga di Monte Fontana Secca, situata nel territorio del Comune di Setteville: un intervento emblematico che coniuga sostenibilit\u00e0, valorizzazione del paesaggio e rispetto dell\u2019architettura rurale tradizionale.<br \/>\nIl progetto rappresenta un caso concreto delle esperienze maturate dal FAI in cinquant\u2019anni di attivit\u00e0 di tutela e recupero di beni culturali, architettonici e paesaggistici in tutta Italia, oggi applicate anche al contesto delle montagne venete.<\/p>\n<p>L\u2019incontro \u00e8 aperto a tutti e a partecipazione gratuita.<br \/>\nSaranno riconosciuti crediti formativi per architetti e agronomi iscritti ai rispettivi ordini professionali.<br \/>\nSala Consiliare di Quero \u2013 Comune di Setteville (Belluno)<br \/>\nVenerd\u00ec 7 novembre 2025, ore 16.00 \u2013 18.00<br \/>\nPer informazioni:<br \/>\nUfficio Segreteria Comune di Setteville \u2013 0439 781811 (int. 1) \/ 0439 781822<br \/>\ncomune.setteville@cert.ip-veneto.net<\/p>\n<p><strong>Sabato 8 novembre<\/strong> andremo invece alla scoperta del sito d\u2019altura dell\u2019et\u00e0 del Bronzo di Castel de Pedena (San Gregorio nelle Alpi), con approfondimenti archeologici, paleoclimatici e ambientali a cura di Anna Angelini e Umberto Tecchiati, della Fondazione G. Angelini \u2013 Centro Studi sulla Montagna di Belluno.<\/p>\n<p>Partendo dal piazzale dei camper di Roncoi di dentro a San Gregorio nelle Alpi, con una passeggiata di circa 20 minuti che attraversa i prati a sud di Case Balest, si raggiunger\u00e0 il sito d\u2019altura di Castel de Pedena (650 slm circa) che si affaccia sulla Valle del Piave.<br \/>\nQuesto luogo suggestivo racconta la vita delle comunit\u00e0 che abitarono le alture del vallone bellunese tra l\u2019inizio dell\u2019et\u00e0 del Bronzo e la primissima et\u00e0 del Ferro. Le ricerche interdisciplinari hanno portato alla luce i resti di strutture murarie in pietra a secco che, nella fase pi\u00f9 recente, costituiva la difesa del castelliere, insieme ad altre tracce dell\u2019abitato e della frequentazione dell\u2019area. In base allo studio dei materiali emersi nel corso delle indagini, \u00e8 stato possibile porre in luce la stretta relazione tra le confinanti culture di ambito centro alpino, come anche con il mondo veneto-padano, con le genti bellunesi che occupavano l\u2019insediamento nelle fasi pi\u00f9 recenti, testimoni di un mondo ben connesso anche se caratterizzato da alcune forme di autonomia.<br \/>\nAnalisi interdisciplinari su depositi, resti vegetali e animali rivelano un\u2019economia basata principalmente sulla coltivazione di leguminose e sull\u2019allevamento di ovicaprini e contribuiscono a tracciare lo sviluppo ambientale del territorio montano bellunese e alpino in epoca pre-protostorica.<br \/>\nL\u2019area archeologica \u00e8 stata indagata grazie all\u2019interessamento della Fondazione G. Angelini \u2013 Centro Studi sulla Montagna che riprender\u00e0 prossimamente lo studio del sito con il contributo di moderni strumenti di ricognizione, come sar\u00e0 illustrato nel corso delle visite. Si prevedono due turni di visita al sito, a partire dalle ore 10; il ritorno dall\u2019ultima visita \u00e8 previsto per le ore 13. Si consiglia abbigliamento comodo e a strati, giacca antivento\/antipioggia, calzature idonee.<\/p>\n<p><strong>Programma:<\/strong><br \/>\nRitrovo nel piazzale dei camper di Roncoi di dentro a San Gregorio nelle Alpi.<br \/>\nPartenza del primo gruppo alle ore 10.00; durata della visita circa un&#8217;ora e mezza.<br \/>\nLa partecipazione \u00e8 a contributo libero a sostegno della missione del FAI.<br \/>\nEvento per tutti su prenotazione sul sito FAI Prenotazioni<br \/>\nNumero massimo 40 partecipanti in due turni di visita.<br \/>\nPossibilit\u00e0 di iscriversi al FAI in loco.<br \/>\nIn caso di forte maltempo l&#8217;evento sar\u00e0 annullato.<\/p>\n<p>Per informazioni:<br \/>\nprenotazioni.belluno@delegazionefai.fondoambiente.it<br \/>\nLink per l&#8217;iscrizione FAI PRENOTAZIONI sul sito del FAI (evento 8 novembre 2025)<\/p>\n<p><a href=\"https:\/\/faiprenotazioni.fondoambiente.it\/evento\/il-castelliere-di-castel-de-pedena-un-sito-di-frontiera-del-ii-millennio-ac-40522\">https:\/\/faiprenotazioni.fondoambiente.it\/evento\/il-castelliere-di-castel-de-pedena-un-sito-di-frontiera-del-ii-millennio-ac-40522<\/a><\/p>\n<p>&nbsp;<\/p>\n<p>&nbsp;<\/p>","protected":false},"excerpt":{"rendered":"<p>Un incontro a Quero sulle Energie rinnovabili e il paesaggio alpino\u00a0 Un\u2019escursione al Castelliere di Castel de Pedena, un sito di frontiera del II millennio a.C. La Delegazione FAI di Belluno e il Gruppo FAI di Feltre hanno il piacere di annunciare due eventi che si terranno il 7 e l\u20198 novembre 2025, organizzati nell\u2019ambito [&hellip;]<\/p>\n","protected":false},"author":2,"featured_media":145788,"comment_status":"closed","ping_status":"open","sticky":false,"template":"","format":"standard","meta":{"footnotes":""},"categories":[27,25],"tags":[],"class_list":["post-164562","post","type-post","status-publish","format-standard","has-post-thumbnail","category-appuntamenti","category-pausa-caffe"],"yoast_head":"<!-- This site is optimized with the Yoast SEO plugin v28.4 - https:\/\/yoast.com\/product\/yoast-seo-wordpress\/ -->\n<title>Due eventi Fai per il clima: venerd\u00ec 7 a Quero e sabato 8 a San Gregorio nelle Alpi - Bellunopress - Dolomiti<\/title>\n<meta name=\"robots\" content=\"index, follow, max-snippet:-1, max-image-preview:large, max-video-preview:-1\" \/>\n<link rel=\"canonical\" href=\"https:\/\/www.bellunopress.it\/fr\/2025\/11\/02\/due-eventi-fai-per-il-clima-venerdi-7-a-quero-e-sabato-8-a-san-gregorio-nelle-alpi\/\" \/>\n<meta property=\"og:locale\" content=\"fr_FR\" \/>\n<meta property=\"og:type\" content=\"article\" \/>\n<meta property=\"og:title\" content=\"Due eventi Fai per il clima: venerd\u00ec 7 a Quero e sabato 8 a San Gregorio nelle Alpi - Bellunopress - Dolomiti\" \/>\n<meta property=\"og:description\" content=\"Un incontro a Quero sulle Energie rinnovabili e il paesaggio alpino\u00a0 Un\u2019escursione al Castelliere di Castel de Pedena, un sito di frontiera del II millennio a.C. La Delegazione FAI di Belluno e il Gruppo FAI di Feltre hanno il piacere di annunciare due eventi che si terranno il 7 e l\u20198 novembre 2025, organizzati nell\u2019ambito [&hellip;]\" \/>\n<meta property=\"og:url\" content=\"https:\/\/www.bellunopress.it\/fr\/2025\/11\/02\/due-eventi-fai-per-il-clima-venerdi-7-a-quero-e-sabato-8-a-san-gregorio-nelle-alpi\/\" \/>\n<meta property=\"og:site_name\" content=\"Bellunopress - Dolomiti\" \/>\n<meta property=\"article:publisher\" content=\"https:\/\/www.facebook.com\/profile.php?id=100008943462799\" \/>\n<meta property=\"article:published_time\" content=\"2025-11-02T07:52:50+00:00\" \/>\n<meta property=\"og:image\" content=\"https:\/\/www.bellunopress.it\/wp-content\/uploads\/2023\/11\/FAI_edited.jpg\" \/>\n\t<meta property=\"og:image:width\" content=\"510\" \/>\n\t<meta property=\"og:image:height\" content=\"500\" \/>\n\t<meta property=\"og:image:type\" content=\"image\/jpeg\" \/>\n<meta name=\"author\" content=\"redazione\" \/>\n<meta name=\"twitter:card\" content=\"summary_large_image\" \/>\n<meta name=\"twitter:creator\" content=\"@bellunopress\" \/>\n<meta name=\"twitter:site\" content=\"@bellunopress\" \/>\n<meta name=\"twitter:label1\" content=\"\u00c9crit par\" \/>\n\t<meta name=\"twitter:data1\" content=\"redazione\" \/>\n\t<meta name=\"twitter:label2\" content=\"Dur\u00e9e de lecture estim\u00e9e\" \/>\n\t<meta name=\"twitter:data2\" content=\"4 minutes\" \/>\n<script type=\"application\/ld+json\" class=\"yoast-schema-graph\">{\"@context\":\"https:\\\/\\\/schema.org\",\"@graph\":[{\"@type\":\"Article\",\"@id\":\"https:\\\/\\\/www.bellunopress.it\\\/2025\\\/11\\\/02\\\/due-eventi-fai-per-il-clima-venerdi-7-a-quero-e-sabato-8-a-san-gregorio-nelle-alpi\\\/#article\",\"isPartOf\":{\"@id\":\"https:\\\/\\\/www.bellunopress.it\\\/2025\\\/11\\\/02\\\/due-eventi-fai-per-il-clima-venerdi-7-a-quero-e-sabato-8-a-san-gregorio-nelle-alpi\\\/\"},\"author\":{\"name\":\"redazione\",\"@id\":\"https:\\\/\\\/www.bellunopress.it\\\/#\\\/schema\\\/person\\\/79bb06722b37ece1c03d3e94beb30d73\"},\"headline\":\"Due eventi Fai per il clima: venerd\u00ec 7 a Quero e sabato 8 a San Gregorio nelle Alpi\",\"datePublished\":\"2025-11-02T07:52:50+00:00\",\"mainEntityOfPage\":{\"@id\":\"https:\\\/\\\/www.bellunopress.it\\\/2025\\\/11\\\/02\\\/due-eventi-fai-per-il-clima-venerdi-7-a-quero-e-sabato-8-a-san-gregorio-nelle-alpi\\\/\"},\"wordCount\":842,\"publisher\":{\"@id\":\"https:\\\/\\\/www.bellunopress.it\\\/#organization\"},\"image\":{\"@id\":\"https:\\\/\\\/www.bellunopress.it\\\/2025\\\/11\\\/02\\\/due-eventi-fai-per-il-clima-venerdi-7-a-quero-e-sabato-8-a-san-gregorio-nelle-alpi\\\/#primaryimage\"},\"thumbnailUrl\":\"https:\\\/\\\/www.bellunopress.it\\\/wp-content\\\/uploads\\\/2023\\\/11\\\/FAI_edited.jpg\",\"articleSection\":[\"Appuntamenti, Eventi\",\"Pausa Caff\u00e8\"],\"inLanguage\":\"fr-FR\"},{\"@type\":\"WebPage\",\"@id\":\"https:\\\/\\\/www.bellunopress.it\\\/2025\\\/11\\\/02\\\/due-eventi-fai-per-il-clima-venerdi-7-a-quero-e-sabato-8-a-san-gregorio-nelle-alpi\\\/\",\"url\":\"https:\\\/\\\/www.bellunopress.it\\\/2025\\\/11\\\/02\\\/due-eventi-fai-per-il-clima-venerdi-7-a-quero-e-sabato-8-a-san-gregorio-nelle-alpi\\\/\",\"name\":\"Due eventi Fai per il clima: venerd\u00ec 7 a Quero e sabato 8 a San Gregorio nelle Alpi - Bellunopress - Dolomiti\",\"isPartOf\":{\"@id\":\"https:\\\/\\\/www.bellunopress.it\\\/#website\"},\"primaryImageOfPage\":{\"@id\":\"https:\\\/\\\/www.bellunopress.it\\\/2025\\\/11\\\/02\\\/due-eventi-fai-per-il-clima-venerdi-7-a-quero-e-sabato-8-a-san-gregorio-nelle-alpi\\\/#primaryimage\"},\"image\":{\"@id\":\"https:\\\/\\\/www.bellunopress.it\\\/2025\\\/11\\\/02\\\/due-eventi-fai-per-il-clima-venerdi-7-a-quero-e-sabato-8-a-san-gregorio-nelle-alpi\\\/#primaryimage\"},\"thumbnailUrl\":\"https:\\\/\\\/www.bellunopress.it\\\/wp-content\\\/uploads\\\/2023\\\/11\\\/FAI_edited.jpg\",\"datePublished\":\"2025-11-02T07:52:50+00:00\",\"breadcrumb\":{\"@id\":\"https:\\\/\\\/www.bellunopress.it\\\/2025\\\/11\\\/02\\\/due-eventi-fai-per-il-clima-venerdi-7-a-quero-e-sabato-8-a-san-gregorio-nelle-alpi\\\/#breadcrumb\"},\"inLanguage\":\"fr-FR\",\"potentialAction\":[{\"@type\":\"ReadAction\",\"target\":[\"https:\\\/\\\/www.bellunopress.it\\\/2025\\\/11\\\/02\\\/due-eventi-fai-per-il-clima-venerdi-7-a-quero-e-sabato-8-a-san-gregorio-nelle-alpi\\\/\"]}]},{\"@type\":\"ImageObject\",\"inLanguage\":\"fr-FR\",\"@id\":\"https:\\\/\\\/www.bellunopress.it\\\/2025\\\/11\\\/02\\\/due-eventi-fai-per-il-clima-venerdi-7-a-quero-e-sabato-8-a-san-gregorio-nelle-alpi\\\/#primaryimage\",\"url\":\"https:\\\/\\\/www.bellunopress.it\\\/wp-content\\\/uploads\\\/2023\\\/11\\\/FAI_edited.jpg\",\"contentUrl\":\"https:\\\/\\\/www.bellunopress.it\\\/wp-content\\\/uploads\\\/2023\\\/11\\\/FAI_edited.jpg\",\"width\":510,\"height\":500},{\"@type\":\"BreadcrumbList\",\"@id\":\"https:\\\/\\\/www.bellunopress.it\\\/2025\\\/11\\\/02\\\/due-eventi-fai-per-il-clima-venerdi-7-a-quero-e-sabato-8-a-san-gregorio-nelle-alpi\\\/#breadcrumb\",\"itemListElement\":[{\"@type\":\"ListItem\",\"position\":1,\"name\":\"Home\",\"item\":\"https:\\\/\\\/www.bellunopress.it\\\/\"},{\"@type\":\"ListItem\",\"position\":2,\"name\":\"Due eventi Fai per il clima: venerd\u00ec 7 a Quero e sabato 8 a San Gregorio nelle Alpi\"}]},{\"@type\":\"WebSite\",\"@id\":\"https:\\\/\\\/www.bellunopress.it\\\/#website\",\"url\":\"https:\\\/\\\/www.bellunopress.it\\\/\",\"name\":\"Bellunopress - Dolomiti\",\"description\":\"e-mail: redazione@bellunopress.it\",\"publisher\":{\"@id\":\"https:\\\/\\\/www.bellunopress.it\\\/#organization\"},\"potentialAction\":[{\"@type\":\"SearchAction\",\"target\":{\"@type\":\"EntryPoint\",\"urlTemplate\":\"https:\\\/\\\/www.bellunopress.it\\\/?s={search_term_string}\"},\"query-input\":{\"@type\":\"PropertyValueSpecification\",\"valueRequired\":true,\"valueName\":\"search_term_string\"}}],\"inLanguage\":\"fr-FR\"},{\"@type\":\"Organization\",\"@id\":\"https:\\\/\\\/www.bellunopress.it\\\/#organization\",\"name\":\"Bellunopress\",\"url\":\"https:\\\/\\\/www.bellunopress.it\\\/\",\"logo\":{\"@type\":\"ImageObject\",\"inLanguage\":\"fr-FR\",\"@id\":\"https:\\\/\\\/www.bellunopress.it\\\/#\\\/schema\\\/logo\\\/image\\\/\",\"url\":\"https:\\\/\\\/www.bellunopress.it\\\/wp-content\\\/uploads\\\/2011\\\/05\\\/cropped-logo-bellunopress-.jpg\",\"contentUrl\":\"https:\\\/\\\/www.bellunopress.it\\\/wp-content\\\/uploads\\\/2011\\\/05\\\/cropped-logo-bellunopress-.jpg\",\"width\":512,\"height\":512,\"caption\":\"Bellunopress\"},\"image\":{\"@id\":\"https:\\\/\\\/www.bellunopress.it\\\/#\\\/schema\\\/logo\\\/image\\\/\"},\"sameAs\":[\"https:\\\/\\\/www.facebook.com\\\/profile.php?id=100008943462799\",\"https:\\\/\\\/x.com\\\/bellunopress\",\"https:\\\/\\\/www.linkedin.com\\\/hp\\\/?dnr=JBzUWaJfMUw8vbXJJ2tVW5-I3jZKvC4wsoxE&amp;amp;amp;amp;amp;amp;trk=nav_responsive_tab_home\",\"https:\\\/\\\/www.youtube.com\\\/channel\\\/UCxL0wu1uN0_3_7hGG0306cw\"]},{\"@type\":\"Person\",\"@id\":\"https:\\\/\\\/www.bellunopress.it\\\/#\\\/schema\\\/person\\\/79bb06722b37ece1c03d3e94beb30d73\",\"name\":\"redazione\",\"image\":{\"@type\":\"ImageObject\",\"inLanguage\":\"fr-FR\",\"@id\":\"https:\\\/\\\/secure.gravatar.com\\\/avatar\\\/37d968a2e67a6fd04c169c4bdef102d0bc5d31b2546345219e348575eb80e9a0?s=96&d=mm&r=g\",\"url\":\"https:\\\/\\\/secure.gravatar.com\\\/avatar\\\/37d968a2e67a6fd04c169c4bdef102d0bc5d31b2546345219e348575eb80e9a0?s=96&d=mm&r=g\",\"contentUrl\":\"https:\\\/\\\/secure.gravatar.com\\\/avatar\\\/37d968a2e67a6fd04c169c4bdef102d0bc5d31b2546345219e348575eb80e9a0?s=96&d=mm&r=g\",\"caption\":\"redazione\"},\"sameAs\":[\"http:\\\/\\\/www.bellunopress.it\",\"https:\\\/\\\/x.com\\\/bellunopress\"],\"url\":\"https:\\\/\\\/www.bellunopress.it\\\/fr\\\/author\\\/redazione\\\/\"}]}<\/script>\n<!-- \/ Yoast SEO plugin. -->","yoast_head_json":{"title":"Due eventi Fai per il clima: venerd\u00ec 7 a Quero e sabato 8 a San Gregorio nelle Alpi - Bellunopress - Dolomiti","robots":{"index":"index","follow":"follow","max-snippet":"max-snippet:-1","max-image-preview":"max-image-preview:large","max-video-preview":"max-video-preview:-1"},"canonical":"https:\/\/www.bellunopress.it\/fr\/2025\/11\/02\/due-eventi-fai-per-il-clima-venerdi-7-a-quero-e-sabato-8-a-san-gregorio-nelle-alpi\/","og_locale":"fr_FR","og_type":"article","og_title":"Due eventi Fai per il clima: venerd\u00ec 7 a Quero e sabato 8 a San Gregorio nelle Alpi - Bellunopress - Dolomiti","og_description":"Un incontro a Quero sulle Energie rinnovabili e il paesaggio alpino\u00a0 Un\u2019escursione al Castelliere di Castel de Pedena, un sito di frontiera del II millennio a.C. La Delegazione FAI di Belluno e il Gruppo FAI di Feltre hanno il piacere di annunciare due eventi che si terranno il 7 e l\u20198 novembre 2025, organizzati nell\u2019ambito [&hellip;]","og_url":"https:\/\/www.bellunopress.it\/fr\/2025\/11\/02\/due-eventi-fai-per-il-clima-venerdi-7-a-quero-e-sabato-8-a-san-gregorio-nelle-alpi\/","og_site_name":"Bellunopress - Dolomiti","article_publisher":"https:\/\/www.facebook.com\/profile.php?id=100008943462799","article_published_time":"2025-11-02T07:52:50+00:00","og_image":[{"width":510,"height":500,"url":"https:\/\/www.bellunopress.it\/wp-content\/uploads\/2023\/11\/FAI_edited.jpg","type":"image\/jpeg"}],"author":"redazione","twitter_card":"summary_large_image","twitter_creator":"@bellunopress","twitter_site":"@bellunopress","twitter_misc":{"\u00c9crit par":"redazione","Dur\u00e9e de lecture estim\u00e9e":"4 minutes"},"schema":{"@context":"https:\/\/schema.org","@graph":[{"@type":"Article","@id":"https:\/\/www.bellunopress.it\/2025\/11\/02\/due-eventi-fai-per-il-clima-venerdi-7-a-quero-e-sabato-8-a-san-gregorio-nelle-alpi\/#article","isPartOf":{"@id":"https:\/\/www.bellunopress.it\/2025\/11\/02\/due-eventi-fai-per-il-clima-venerdi-7-a-quero-e-sabato-8-a-san-gregorio-nelle-alpi\/"},"author":{"name":"redazione","@id":"https:\/\/www.bellunopress.it\/#\/schema\/person\/79bb06722b37ece1c03d3e94beb30d73"},"headline":"Due eventi Fai per il clima: venerd\u00ec 7 a Quero e sabato 8 a San Gregorio nelle Alpi","datePublished":"2025-11-02T07:52:50+00:00","mainEntityOfPage":{"@id":"https:\/\/www.bellunopress.it\/2025\/11\/02\/due-eventi-fai-per-il-clima-venerdi-7-a-quero-e-sabato-8-a-san-gregorio-nelle-alpi\/"},"wordCount":842,"publisher":{"@id":"https:\/\/www.bellunopress.it\/#organization"},"image":{"@id":"https:\/\/www.bellunopress.it\/2025\/11\/02\/due-eventi-fai-per-il-clima-venerdi-7-a-quero-e-sabato-8-a-san-gregorio-nelle-alpi\/#primaryimage"},"thumbnailUrl":"https:\/\/www.bellunopress.it\/wp-content\/uploads\/2023\/11\/FAI_edited.jpg","articleSection":["Appuntamenti, Eventi","Pausa Caff\u00e8"],"inLanguage":"fr-FR"},{"@type":"WebPage","@id":"https:\/\/www.bellunopress.it\/2025\/11\/02\/due-eventi-fai-per-il-clima-venerdi-7-a-quero-e-sabato-8-a-san-gregorio-nelle-alpi\/","url":"https:\/\/www.bellunopress.it\/2025\/11\/02\/due-eventi-fai-per-il-clima-venerdi-7-a-quero-e-sabato-8-a-san-gregorio-nelle-alpi\/","name":"Due eventi Fai per il clima: venerd\u00ec 7 a Quero e sabato 8 a San Gregorio nelle Alpi - Bellunopress - Dolomiti","isPartOf":{"@id":"https:\/\/www.bellunopress.it\/#website"},"primaryImageOfPage":{"@id":"https:\/\/www.bellunopress.it\/2025\/11\/02\/due-eventi-fai-per-il-clima-venerdi-7-a-quero-e-sabato-8-a-san-gregorio-nelle-alpi\/#primaryimage"},"image":{"@id":"https:\/\/www.bellunopress.it\/2025\/11\/02\/due-eventi-fai-per-il-clima-venerdi-7-a-quero-e-sabato-8-a-san-gregorio-nelle-alpi\/#primaryimage"},"thumbnailUrl":"https:\/\/www.bellunopress.it\/wp-content\/uploads\/2023\/11\/FAI_edited.jpg","datePublished":"2025-11-02T07:52:50+00:00","breadcrumb":{"@id":"https:\/\/www.bellunopress.it\/2025\/11\/02\/due-eventi-fai-per-il-clima-venerdi-7-a-quero-e-sabato-8-a-san-gregorio-nelle-alpi\/#breadcrumb"},"inLanguage":"fr-FR","potentialAction":[{"@type":"ReadAction","target":["https:\/\/www.bellunopress.it\/2025\/11\/02\/due-eventi-fai-per-il-clima-venerdi-7-a-quero-e-sabato-8-a-san-gregorio-nelle-alpi\/"]}]},{"@type":"ImageObject","inLanguage":"fr-FR","@id":"https:\/\/www.bellunopress.it\/2025\/11\/02\/due-eventi-fai-per-il-clima-venerdi-7-a-quero-e-sabato-8-a-san-gregorio-nelle-alpi\/#primaryimage","url":"https:\/\/www.bellunopress.it\/wp-content\/uploads\/2023\/11\/FAI_edited.jpg","contentUrl":"https:\/\/www.bellunopress.it\/wp-content\/uploads\/2023\/11\/FAI_edited.jpg","width":510,"height":500},{"@type":"BreadcrumbList","@id":"https:\/\/www.bellunopress.it\/2025\/11\/02\/due-eventi-fai-per-il-clima-venerdi-7-a-quero-e-sabato-8-a-san-gregorio-nelle-alpi\/#breadcrumb","itemListElement":[{"@type":"ListItem","position":1,"name":"Home","item":"https:\/\/www.bellunopress.it\/"},{"@type":"ListItem","position":2,"name":"Due eventi Fai per il clima: venerd\u00ec 7 a Quero e sabato 8 a San Gregorio nelle Alpi"}]},{"@type":"WebSite","@id":"https:\/\/www.bellunopress.it\/#website","url":"https:\/\/www.bellunopress.it\/","name":"Bellunopress - Dolomiti","description":"e-mail: redazione@bellunopress.it","publisher":{"@id":"https:\/\/www.bellunopress.it\/#organization"},"potentialAction":[{"@type":"SearchAction","target":{"@type":"EntryPoint","urlTemplate":"https:\/\/www.bellunopress.it\/?s={search_term_string}"},"query-input":{"@type":"PropertyValueSpecification","valueRequired":true,"valueName":"search_term_string"}}],"inLanguage":"fr-FR"},{"@type":"Organization","@id":"https:\/\/www.bellunopress.it\/#organization","name":"Bellunopress","url":"https:\/\/www.bellunopress.it\/","logo":{"@type":"ImageObject","inLanguage":"fr-FR","@id":"https:\/\/www.bellunopress.it\/#\/schema\/logo\/image\/","url":"https:\/\/www.bellunopress.it\/wp-content\/uploads\/2011\/05\/cropped-logo-bellunopress-.jpg","contentUrl":"https:\/\/www.bellunopress.it\/wp-content\/uploads\/2011\/05\/cropped-logo-bellunopress-.jpg","width":512,"height":512,"caption":"Bellunopress"},"image":{"@id":"https:\/\/www.bellunopress.it\/#\/schema\/logo\/image\/"},"sameAs":["https:\/\/www.facebook.com\/profile.php?id=100008943462799","https:\/\/x.com\/bellunopress","https:\/\/www.linkedin.com\/hp\/?dnr=JBzUWaJfMUw8vbXJJ2tVW5-I3jZKvC4wsoxE&amp;amp;amp;amp;amp;amp;trk=nav_responsive_tab_home","https:\/\/www.youtube.com\/channel\/UCxL0wu1uN0_3_7hGG0306cw"]},{"@type":"Person","@id":"https:\/\/www.bellunopress.it\/#\/schema\/person\/79bb06722b37ece1c03d3e94beb30d73","name":"r\u00e9daction","image":{"@type":"ImageObject","inLanguage":"fr-FR","@id":"https:\/\/secure.gravatar.com\/avatar\/37d968a2e67a6fd04c169c4bdef102d0bc5d31b2546345219e348575eb80e9a0?s=96&d=mm&r=g","url":"https:\/\/secure.gravatar.com\/avatar\/37d968a2e67a6fd04c169c4bdef102d0bc5d31b2546345219e348575eb80e9a0?s=96&d=mm&r=g","contentUrl":"https:\/\/secure.gravatar.com\/avatar\/37d968a2e67a6fd04c169c4bdef102d0bc5d31b2546345219e348575eb80e9a0?s=96&d=mm&r=g","caption":"redazione"},"sameAs":["http:\/\/www.bellunopress.it","https:\/\/x.com\/bellunopress"],"url":"https:\/\/www.bellunopress.it\/fr\/author\/redazione\/"}]}},"_links":{"self":[{"href":"https:\/\/www.bellunopress.it\/fr\/wp-json\/wp\/v2\/posts\/164562","targetHints":{"allow":["GET"]}}],"collection":[{"href":"https:\/\/www.bellunopress.it\/fr\/wp-json\/wp\/v2\/posts"}],"about":[{"href":"https:\/\/www.bellunopress.it\/fr\/wp-json\/wp\/v2\/types\/post"}],"author":[{"embeddable":true,"href":"https:\/\/www.bellunopress.it\/fr\/wp-json\/wp\/v2\/users\/2"}],"replies":[{"embeddable":true,"href":"https:\/\/www.bellunopress.it\/fr\/wp-json\/wp\/v2\/comments?post=164562"}],"version-history":[{"count":1,"href":"https:\/\/www.bellunopress.it\/fr\/wp-json\/wp\/v2\/posts\/164562\/revisions"}],"predecessor-version":[{"id":164563,"href":"https:\/\/www.bellunopress.it\/fr\/wp-json\/wp\/v2\/posts\/164562\/revisions\/164563"}],"wp:featuredmedia":[{"embeddable":true,"href":"https:\/\/www.bellunopress.it\/fr\/wp-json\/wp\/v2\/media\/145788"}],"wp:attachment":[{"href":"https:\/\/www.bellunopress.it\/fr\/wp-json\/wp\/v2\/media?parent=164562"}],"wp:term":[{"taxonomy":"category","embeddable":true,"href":"https:\/\/www.bellunopress.it\/fr\/wp-json\/wp\/v2\/categories?post=164562"},{"taxonomy":"post_tag","embeddable":true,"href":"https:\/\/www.bellunopress.it\/fr\/wp-json\/wp\/v2\/tags?post=164562"}],"curies":[{"name":"wp","href":"https:\/\/api.w.org\/{rel}","templated":true}]}}