{"id":164553,"date":"2025-11-01T08:45:18","date_gmt":"2025-11-01T07:45:18","guid":{"rendered":"https:\/\/www.bellunopress.it\/?p=164553"},"modified":"2025-11-01T08:45:18","modified_gmt":"2025-11-01T07:45:18","slug":"feltre-domenica-la-premiazione-del-miel-della-croda-i-migliori-mieli-delle-alpi-e-prealpi-venete","status":"publish","type":"post","link":"https:\/\/www.bellunopress.it\/fr\/2025\/11\/01\/feltre-domenica-la-premiazione-del-miel-della-croda-i-migliori-mieli-delle-alpi-e-prealpi-venete\/","title":{"rendered":"Feltre. Domenica la premiazione del \u201cMiel della Croda\u201d: i migliori mieli delle Alpi e Prealpi Venete"},"content":{"rendered":"<p><img loading=\"lazy\" decoding=\"async\" class=\"aligncenter size-full wp-image-88661\" src=\"https:\/\/www.bellunopress.it\/wp-content\/uploads\/2017\/08\/miele.jpg\" alt=\"\" width=\"236\" height=\"189\" \/>Feltre\u00a0 \u2013 La qualit\u00e0, la sostenibilit\u00e0 e la tutela del territorio sono i pilastri della prima edizione del concorso \u201cMiel della Croda \u2013 mieli delle Alpi e Prealpi Venete\u201d, le cui premiazioni si terranno domenica 2 novembre a Feltre, nell\u2019ambito della storica Antica Fiera di San Matteo. L&#8217;iniziativa, promossa dall\u2019Associazione Regionale Apicoltori del Veneto con il supporto del Comune di Feltre e il patrocinio del Consiglio Regionale del Veneto, mira a valorizzare l&#8217;eccellenza della produzione apistica di montagna.<\/p>\n<p><strong>Il programma<\/strong><br \/>\nLa giornata inizier\u00e0 con un importante momento di coinvolgimento della cittadinanza. Dalle 10.00 alle 11.00, sotto il Loggiato del Municipio di Feltre, numerosi visitatori hanno potuto partecipare agli assaggi dei mieli millefiori in concorso, contribuendo attivamente come giuria popolare alla valutazione sensoriale dei prodotti. Un\u2019occasione unica per il pubblico di scoprire da vicino la straordinaria variet\u00e0 di aromi e sapori che caratterizzano il miele di montagna delle Alpi e Prealpi Venete.<\/p>\n<p>Il culmine dell\u2019evento \u00e8 per le ore 16.15 nella suggestiva Sala degli Stemmi del Municipio con la cerimonia ufficiale di premiazione. Hanno presenziato figure istituzionali di spicco, tra cui il sindaco di Feltre, Viviana Fusaro, la vicepresidente della Provincia di Feltre, Silvia Calligaro, e il presidente del Consiglio della Regione Veneto, Roberto Ciambetti.<\/p>\n<p>Saranno consegnati i seguenti riconoscimenti, ispirati alle vette dolomitiche:<br \/>\n\u25cf Premio Marmolada \u2013 miglior miele uniflorale<br \/>\n\u25cf Premio Tofane \u2013 secondo classificato<br \/>\n\u25cf Premio Tre Cime di Lavaredo \u2013 terzo classificato<br \/>\n\u25cf Premio Cristallo \u2013 migliori mieli millefiori<br \/>\n\u25cf Premio Enrosadira \u2013 mieli rari di montagna<\/p>\n<p>Le assegnazioni dei premi per i mieli uniflorali e i mieli rari di montagna terranno conto delle votazioni della giuria tecnica, composta da esperti di analisi sensoriale, mentre i premi per i mieli millefiori verranno scelti dalla giuria popolare.<\/p>\n<p><strong>Le voci della valorizzazione apistica<\/strong><br \/>\nIl concorso si conferma uno strumento fondamentale per promuovere la qualit\u00e0 del miele veneto di alta quota e dare la giusta visibilit\u00e0 agli apicoltori professionisti e amatoriali delle aree montane.<\/p>\n<p>Gerardo Meridio, Presidente dell\u2019Associazione Regionale Apicoltori del Veneto, commenta cos\u00ec l&#8217;importanza dell&#8217;iniziativa: &#8220;Con il concorso Miel della Croda vogliamo dare il giusto risalto al miele prodotto nelle zone montane del Veneto, frutto di un lavoro faticoso ma prezioso, che tutela la biodiversit\u00e0 e valorizza i territori pi\u00f9 fragili. Premiando la qualit\u00e0 e l\u2019impegno, vogliamo accendere i riflettori su una risorsa che merita maggiore riconoscimento.\u201d<\/p>\n<p>La Vicepresidente Daniela Begnini, responsabile tecnica del concorso, aggiunge: \u201cIl miele di montagna \u00e8 una delle espressioni pi\u00f9 autentiche del nostro paesaggio e delle fioriture alpine. Questo concorso nasce anche per educare alla qualit\u00e0 e alla diversit\u00e0 del miele, coinvolgendo non solo gli esperti ma anche il pubblico.\u201d<\/p>\n<p>Con questa prima edizione, l\u2019Associazione Regionale Apicoltori del Veneto rinnova il suo impegno nel sostenere le aziende del territorio e promuovere il miele di montagna come vero e proprio simbolo di qualit\u00e0, identit\u00e0 e sostenibilit\u00e0.<\/p>\n<p>&nbsp;<\/p>\n<p>&nbsp;<\/p>\n<p>&nbsp;<\/p>","protected":false},"excerpt":{"rendered":"<p>Feltre\u00a0 \u2013 La qualit\u00e0, la sostenibilit\u00e0 e la tutela del territorio sono i pilastri della prima edizione del concorso \u201cMiel della Croda \u2013 mieli delle Alpi e Prealpi Venete\u201d, le cui premiazioni si terranno domenica 2 novembre a Feltre, nell\u2019ambito della storica Antica Fiera di San Matteo. L&#8217;iniziativa, promossa dall\u2019Associazione Regionale Apicoltori del Veneto con [&hellip;]<\/p>\n","protected":false},"author":2,"featured_media":0,"comment_status":"closed","ping_status":"open","sticky":false,"template":"","format":"standard","meta":{"footnotes":""},"categories":[26,8],"tags":[],"class_list":["post-164553","post","type-post","status-publish","format-standard","category-prima-pagina","category-societa-istituzioni"],"yoast_head":"<!-- This site is optimized with the Yoast SEO plugin v28.4 - https:\/\/yoast.com\/product\/yoast-seo-wordpress\/ -->\n<title>Feltre. Domenica la premiazione del \u201cMiel della Croda\u201d: i migliori mieli delle Alpi e Prealpi Venete - Bellunopress - Dolomiti<\/title>\n<meta name=\"robots\" content=\"index, follow, max-snippet:-1, max-image-preview:large, max-video-preview:-1\" \/>\n<link rel=\"canonical\" href=\"https:\/\/www.bellunopress.it\/fr\/2025\/11\/01\/feltre-domenica-la-premiazione-del-miel-della-croda-i-migliori-mieli-delle-alpi-e-prealpi-venete\/\" \/>\n<meta property=\"og:locale\" content=\"fr_FR\" \/>\n<meta property=\"og:type\" content=\"article\" \/>\n<meta property=\"og:title\" content=\"Feltre. Domenica la premiazione del \u201cMiel della Croda\u201d: i migliori mieli delle Alpi e Prealpi Venete - Bellunopress - Dolomiti\" \/>\n<meta property=\"og:description\" content=\"Feltre\u00a0 \u2013 La qualit\u00e0, la sostenibilit\u00e0 e la tutela del territorio sono i pilastri della prima edizione del concorso \u201cMiel della Croda \u2013 mieli delle Alpi e Prealpi Venete\u201d, le cui premiazioni si terranno domenica 2 novembre a Feltre, nell\u2019ambito della storica Antica Fiera di San Matteo. L&#8217;iniziativa, promossa dall\u2019Associazione Regionale Apicoltori del Veneto con [&hellip;]\" \/>\n<meta property=\"og:url\" content=\"https:\/\/www.bellunopress.it\/fr\/2025\/11\/01\/feltre-domenica-la-premiazione-del-miel-della-croda-i-migliori-mieli-delle-alpi-e-prealpi-venete\/\" \/>\n<meta property=\"og:site_name\" content=\"Bellunopress - Dolomiti\" \/>\n<meta property=\"article:publisher\" content=\"https:\/\/www.facebook.com\/profile.php?id=100008943462799\" \/>\n<meta property=\"article:published_time\" content=\"2025-11-01T07:45:18+00:00\" \/>\n<meta property=\"og:image\" content=\"http:\/\/www.bellunopress.it\/wp-content\/uploads\/2012\/07\/logo-bellunopress-250x250-2012.jpg\" \/>\n<meta name=\"author\" content=\"redazione\" \/>\n<meta name=\"twitter:card\" content=\"summary_large_image\" \/>\n<meta name=\"twitter:creator\" content=\"@bellunopress\" \/>\n<meta name=\"twitter:site\" content=\"@bellunopress\" \/>\n<meta name=\"twitter:label1\" content=\"\u00c9crit par\" \/>\n\t<meta name=\"twitter:data1\" content=\"redazione\" \/>\n\t<meta name=\"twitter:label2\" content=\"Dur\u00e9e de lecture estim\u00e9e\" \/>\n\t<meta name=\"twitter:data2\" content=\"2 minutes\" \/>\n<script type=\"application\/ld+json\" class=\"yoast-schema-graph\">{\"@context\":\"https:\\\/\\\/schema.org\",\"@graph\":[{\"@type\":\"Article\",\"@id\":\"https:\\\/\\\/www.bellunopress.it\\\/2025\\\/11\\\/01\\\/feltre-domenica-la-premiazione-del-miel-della-croda-i-migliori-mieli-delle-alpi-e-prealpi-venete\\\/#article\",\"isPartOf\":{\"@id\":\"https:\\\/\\\/www.bellunopress.it\\\/2025\\\/11\\\/01\\\/feltre-domenica-la-premiazione-del-miel-della-croda-i-migliori-mieli-delle-alpi-e-prealpi-venete\\\/\"},\"author\":{\"name\":\"redazione\",\"@id\":\"https:\\\/\\\/www.bellunopress.it\\\/#\\\/schema\\\/person\\\/79bb06722b37ece1c03d3e94beb30d73\"},\"headline\":\"Feltre. Domenica la premiazione del \u201cMiel della Croda\u201d: i migliori mieli delle Alpi e Prealpi Venete\",\"datePublished\":\"2025-11-01T07:45:18+00:00\",\"mainEntityOfPage\":{\"@id\":\"https:\\\/\\\/www.bellunopress.it\\\/2025\\\/11\\\/01\\\/feltre-domenica-la-premiazione-del-miel-della-croda-i-migliori-mieli-delle-alpi-e-prealpi-venete\\\/\"},\"wordCount\":483,\"publisher\":{\"@id\":\"https:\\\/\\\/www.bellunopress.it\\\/#organization\"},\"image\":{\"@id\":\"https:\\\/\\\/www.bellunopress.it\\\/2025\\\/11\\\/01\\\/feltre-domenica-la-premiazione-del-miel-della-croda-i-migliori-mieli-delle-alpi-e-prealpi-venete\\\/#primaryimage\"},\"thumbnailUrl\":\"https:\\\/\\\/www.bellunopress.it\\\/wp-content\\\/uploads\\\/2017\\\/08\\\/miele.jpg\",\"articleSection\":[\"Prima Pagina\",\"Societ\u00e0, Associazioni, Istituzioni\"],\"inLanguage\":\"fr-FR\"},{\"@type\":\"WebPage\",\"@id\":\"https:\\\/\\\/www.bellunopress.it\\\/2025\\\/11\\\/01\\\/feltre-domenica-la-premiazione-del-miel-della-croda-i-migliori-mieli-delle-alpi-e-prealpi-venete\\\/\",\"url\":\"https:\\\/\\\/www.bellunopress.it\\\/2025\\\/11\\\/01\\\/feltre-domenica-la-premiazione-del-miel-della-croda-i-migliori-mieli-delle-alpi-e-prealpi-venete\\\/\",\"name\":\"Feltre. Domenica la premiazione del \u201cMiel della Croda\u201d: i migliori mieli delle Alpi e Prealpi Venete - Bellunopress - Dolomiti\",\"isPartOf\":{\"@id\":\"https:\\\/\\\/www.bellunopress.it\\\/#website\"},\"primaryImageOfPage\":{\"@id\":\"https:\\\/\\\/www.bellunopress.it\\\/2025\\\/11\\\/01\\\/feltre-domenica-la-premiazione-del-miel-della-croda-i-migliori-mieli-delle-alpi-e-prealpi-venete\\\/#primaryimage\"},\"image\":{\"@id\":\"https:\\\/\\\/www.bellunopress.it\\\/2025\\\/11\\\/01\\\/feltre-domenica-la-premiazione-del-miel-della-croda-i-migliori-mieli-delle-alpi-e-prealpi-venete\\\/#primaryimage\"},\"thumbnailUrl\":\"https:\\\/\\\/www.bellunopress.it\\\/wp-content\\\/uploads\\\/2017\\\/08\\\/miele.jpg\",\"datePublished\":\"2025-11-01T07:45:18+00:00\",\"breadcrumb\":{\"@id\":\"https:\\\/\\\/www.bellunopress.it\\\/2025\\\/11\\\/01\\\/feltre-domenica-la-premiazione-del-miel-della-croda-i-migliori-mieli-delle-alpi-e-prealpi-venete\\\/#breadcrumb\"},\"inLanguage\":\"fr-FR\",\"potentialAction\":[{\"@type\":\"ReadAction\",\"target\":[\"https:\\\/\\\/www.bellunopress.it\\\/2025\\\/11\\\/01\\\/feltre-domenica-la-premiazione-del-miel-della-croda-i-migliori-mieli-delle-alpi-e-prealpi-venete\\\/\"]}]},{\"@type\":\"ImageObject\",\"inLanguage\":\"fr-FR\",\"@id\":\"https:\\\/\\\/www.bellunopress.it\\\/2025\\\/11\\\/01\\\/feltre-domenica-la-premiazione-del-miel-della-croda-i-migliori-mieli-delle-alpi-e-prealpi-venete\\\/#primaryimage\",\"url\":\"https:\\\/\\\/www.bellunopress.it\\\/wp-content\\\/uploads\\\/2017\\\/08\\\/miele.jpg\",\"contentUrl\":\"https:\\\/\\\/www.bellunopress.it\\\/wp-content\\\/uploads\\\/2017\\\/08\\\/miele.jpg\"},{\"@type\":\"BreadcrumbList\",\"@id\":\"https:\\\/\\\/www.bellunopress.it\\\/2025\\\/11\\\/01\\\/feltre-domenica-la-premiazione-del-miel-della-croda-i-migliori-mieli-delle-alpi-e-prealpi-venete\\\/#breadcrumb\",\"itemListElement\":[{\"@type\":\"ListItem\",\"position\":1,\"name\":\"Home\",\"item\":\"https:\\\/\\\/www.bellunopress.it\\\/\"},{\"@type\":\"ListItem\",\"position\":2,\"name\":\"Feltre. Domenica la premiazione del \u201cMiel della Croda\u201d: i migliori mieli delle Alpi e Prealpi Venete\"}]},{\"@type\":\"WebSite\",\"@id\":\"https:\\\/\\\/www.bellunopress.it\\\/#website\",\"url\":\"https:\\\/\\\/www.bellunopress.it\\\/\",\"name\":\"Bellunopress - Dolomiti\",\"description\":\"e-mail: redazione@bellunopress.it\",\"publisher\":{\"@id\":\"https:\\\/\\\/www.bellunopress.it\\\/#organization\"},\"potentialAction\":[{\"@type\":\"SearchAction\",\"target\":{\"@type\":\"EntryPoint\",\"urlTemplate\":\"https:\\\/\\\/www.bellunopress.it\\\/?s={search_term_string}\"},\"query-input\":{\"@type\":\"PropertyValueSpecification\",\"valueRequired\":true,\"valueName\":\"search_term_string\"}}],\"inLanguage\":\"fr-FR\"},{\"@type\":\"Organization\",\"@id\":\"https:\\\/\\\/www.bellunopress.it\\\/#organization\",\"name\":\"Bellunopress\",\"url\":\"https:\\\/\\\/www.bellunopress.it\\\/\",\"logo\":{\"@type\":\"ImageObject\",\"inLanguage\":\"fr-FR\",\"@id\":\"https:\\\/\\\/www.bellunopress.it\\\/#\\\/schema\\\/logo\\\/image\\\/\",\"url\":\"https:\\\/\\\/www.bellunopress.it\\\/wp-content\\\/uploads\\\/2011\\\/05\\\/cropped-logo-bellunopress-.jpg\",\"contentUrl\":\"https:\\\/\\\/www.bellunopress.it\\\/wp-content\\\/uploads\\\/2011\\\/05\\\/cropped-logo-bellunopress-.jpg\",\"width\":512,\"height\":512,\"caption\":\"Bellunopress\"},\"image\":{\"@id\":\"https:\\\/\\\/www.bellunopress.it\\\/#\\\/schema\\\/logo\\\/image\\\/\"},\"sameAs\":[\"https:\\\/\\\/www.facebook.com\\\/profile.php?id=100008943462799\",\"https:\\\/\\\/x.com\\\/bellunopress\",\"https:\\\/\\\/www.linkedin.com\\\/hp\\\/?dnr=JBzUWaJfMUw8vbXJJ2tVW5-I3jZKvC4wsoxE&amp;amp;amp;amp;amp;amp;trk=nav_responsive_tab_home\",\"https:\\\/\\\/www.youtube.com\\\/channel\\\/UCxL0wu1uN0_3_7hGG0306cw\"]},{\"@type\":\"Person\",\"@id\":\"https:\\\/\\\/www.bellunopress.it\\\/#\\\/schema\\\/person\\\/79bb06722b37ece1c03d3e94beb30d73\",\"name\":\"redazione\",\"image\":{\"@type\":\"ImageObject\",\"inLanguage\":\"fr-FR\",\"@id\":\"https:\\\/\\\/secure.gravatar.com\\\/avatar\\\/37d968a2e67a6fd04c169c4bdef102d0bc5d31b2546345219e348575eb80e9a0?s=96&d=mm&r=g\",\"url\":\"https:\\\/\\\/secure.gravatar.com\\\/avatar\\\/37d968a2e67a6fd04c169c4bdef102d0bc5d31b2546345219e348575eb80e9a0?s=96&d=mm&r=g\",\"contentUrl\":\"https:\\\/\\\/secure.gravatar.com\\\/avatar\\\/37d968a2e67a6fd04c169c4bdef102d0bc5d31b2546345219e348575eb80e9a0?s=96&d=mm&r=g\",\"caption\":\"redazione\"},\"sameAs\":[\"http:\\\/\\\/www.bellunopress.it\",\"https:\\\/\\\/x.com\\\/bellunopress\"],\"url\":\"https:\\\/\\\/www.bellunopress.it\\\/fr\\\/author\\\/redazione\\\/\"}]}<\/script>\n<!-- \/ Yoast SEO plugin. -->","yoast_head_json":{"title":"Feltre. Domenica la premiazione del \u201cMiel della Croda\u201d: i migliori mieli delle Alpi e Prealpi Venete - Bellunopress - Dolomiti","robots":{"index":"index","follow":"follow","max-snippet":"max-snippet:-1","max-image-preview":"max-image-preview:large","max-video-preview":"max-video-preview:-1"},"canonical":"https:\/\/www.bellunopress.it\/fr\/2025\/11\/01\/feltre-domenica-la-premiazione-del-miel-della-croda-i-migliori-mieli-delle-alpi-e-prealpi-venete\/","og_locale":"fr_FR","og_type":"article","og_title":"Feltre. Domenica la premiazione del \u201cMiel della Croda\u201d: i migliori mieli delle Alpi e Prealpi Venete - Bellunopress - Dolomiti","og_description":"Feltre\u00a0 \u2013 La qualit\u00e0, la sostenibilit\u00e0 e la tutela del territorio sono i pilastri della prima edizione del concorso \u201cMiel della Croda \u2013 mieli delle Alpi e Prealpi Venete\u201d, le cui premiazioni si terranno domenica 2 novembre a Feltre, nell\u2019ambito della storica Antica Fiera di San Matteo. L&#8217;iniziativa, promossa dall\u2019Associazione Regionale Apicoltori del Veneto con [&hellip;]","og_url":"https:\/\/www.bellunopress.it\/fr\/2025\/11\/01\/feltre-domenica-la-premiazione-del-miel-della-croda-i-migliori-mieli-delle-alpi-e-prealpi-venete\/","og_site_name":"Bellunopress - Dolomiti","article_publisher":"https:\/\/www.facebook.com\/profile.php?id=100008943462799","article_published_time":"2025-11-01T07:45:18+00:00","og_image":[{"url":"http:\/\/www.bellunopress.it\/wp-content\/uploads\/2012\/07\/logo-bellunopress-250x250-2012.jpg","type":"","width":"","height":""}],"author":"redazione","twitter_card":"summary_large_image","twitter_creator":"@bellunopress","twitter_site":"@bellunopress","twitter_misc":{"\u00c9crit par":"redazione","Dur\u00e9e de lecture estim\u00e9e":"2 minutes"},"schema":{"@context":"https:\/\/schema.org","@graph":[{"@type":"Article","@id":"https:\/\/www.bellunopress.it\/2025\/11\/01\/feltre-domenica-la-premiazione-del-miel-della-croda-i-migliori-mieli-delle-alpi-e-prealpi-venete\/#article","isPartOf":{"@id":"https:\/\/www.bellunopress.it\/2025\/11\/01\/feltre-domenica-la-premiazione-del-miel-della-croda-i-migliori-mieli-delle-alpi-e-prealpi-venete\/"},"author":{"name":"redazione","@id":"https:\/\/www.bellunopress.it\/#\/schema\/person\/79bb06722b37ece1c03d3e94beb30d73"},"headline":"Feltre. Domenica la premiazione del \u201cMiel della Croda\u201d: i migliori mieli delle Alpi e Prealpi Venete","datePublished":"2025-11-01T07:45:18+00:00","mainEntityOfPage":{"@id":"https:\/\/www.bellunopress.it\/2025\/11\/01\/feltre-domenica-la-premiazione-del-miel-della-croda-i-migliori-mieli-delle-alpi-e-prealpi-venete\/"},"wordCount":483,"publisher":{"@id":"https:\/\/www.bellunopress.it\/#organization"},"image":{"@id":"https:\/\/www.bellunopress.it\/2025\/11\/01\/feltre-domenica-la-premiazione-del-miel-della-croda-i-migliori-mieli-delle-alpi-e-prealpi-venete\/#primaryimage"},"thumbnailUrl":"https:\/\/www.bellunopress.it\/wp-content\/uploads\/2017\/08\/miele.jpg","articleSection":["Prima Pagina","Societ\u00e0, Associazioni, Istituzioni"],"inLanguage":"fr-FR"},{"@type":"WebPage","@id":"https:\/\/www.bellunopress.it\/2025\/11\/01\/feltre-domenica-la-premiazione-del-miel-della-croda-i-migliori-mieli-delle-alpi-e-prealpi-venete\/","url":"https:\/\/www.bellunopress.it\/2025\/11\/01\/feltre-domenica-la-premiazione-del-miel-della-croda-i-migliori-mieli-delle-alpi-e-prealpi-venete\/","name":"Feltre. Domenica la premiazione del \u201cMiel della Croda\u201d: i migliori mieli delle Alpi e Prealpi Venete - Bellunopress - Dolomiti","isPartOf":{"@id":"https:\/\/www.bellunopress.it\/#website"},"primaryImageOfPage":{"@id":"https:\/\/www.bellunopress.it\/2025\/11\/01\/feltre-domenica-la-premiazione-del-miel-della-croda-i-migliori-mieli-delle-alpi-e-prealpi-venete\/#primaryimage"},"image":{"@id":"https:\/\/www.bellunopress.it\/2025\/11\/01\/feltre-domenica-la-premiazione-del-miel-della-croda-i-migliori-mieli-delle-alpi-e-prealpi-venete\/#primaryimage"},"thumbnailUrl":"https:\/\/www.bellunopress.it\/wp-content\/uploads\/2017\/08\/miele.jpg","datePublished":"2025-11-01T07:45:18+00:00","breadcrumb":{"@id":"https:\/\/www.bellunopress.it\/2025\/11\/01\/feltre-domenica-la-premiazione-del-miel-della-croda-i-migliori-mieli-delle-alpi-e-prealpi-venete\/#breadcrumb"},"inLanguage":"fr-FR","potentialAction":[{"@type":"ReadAction","target":["https:\/\/www.bellunopress.it\/2025\/11\/01\/feltre-domenica-la-premiazione-del-miel-della-croda-i-migliori-mieli-delle-alpi-e-prealpi-venete\/"]}]},{"@type":"ImageObject","inLanguage":"fr-FR","@id":"https:\/\/www.bellunopress.it\/2025\/11\/01\/feltre-domenica-la-premiazione-del-miel-della-croda-i-migliori-mieli-delle-alpi-e-prealpi-venete\/#primaryimage","url":"https:\/\/www.bellunopress.it\/wp-content\/uploads\/2017\/08\/miele.jpg","contentUrl":"https:\/\/www.bellunopress.it\/wp-content\/uploads\/2017\/08\/miele.jpg"},{"@type":"BreadcrumbList","@id":"https:\/\/www.bellunopress.it\/2025\/11\/01\/feltre-domenica-la-premiazione-del-miel-della-croda-i-migliori-mieli-delle-alpi-e-prealpi-venete\/#breadcrumb","itemListElement":[{"@type":"ListItem","position":1,"name":"Home","item":"https:\/\/www.bellunopress.it\/"},{"@type":"ListItem","position":2,"name":"Feltre. Domenica la premiazione del \u201cMiel della Croda\u201d: i migliori mieli delle Alpi e Prealpi Venete"}]},{"@type":"WebSite","@id":"https:\/\/www.bellunopress.it\/#website","url":"https:\/\/www.bellunopress.it\/","name":"Bellunopress - Dolomiti","description":"e-mail: redazione@bellunopress.it","publisher":{"@id":"https:\/\/www.bellunopress.it\/#organization"},"potentialAction":[{"@type":"SearchAction","target":{"@type":"EntryPoint","urlTemplate":"https:\/\/www.bellunopress.it\/?s={search_term_string}"},"query-input":{"@type":"PropertyValueSpecification","valueRequired":true,"valueName":"search_term_string"}}],"inLanguage":"fr-FR"},{"@type":"Organization","@id":"https:\/\/www.bellunopress.it\/#organization","name":"Bellunopress","url":"https:\/\/www.bellunopress.it\/","logo":{"@type":"ImageObject","inLanguage":"fr-FR","@id":"https:\/\/www.bellunopress.it\/#\/schema\/logo\/image\/","url":"https:\/\/www.bellunopress.it\/wp-content\/uploads\/2011\/05\/cropped-logo-bellunopress-.jpg","contentUrl":"https:\/\/www.bellunopress.it\/wp-content\/uploads\/2011\/05\/cropped-logo-bellunopress-.jpg","width":512,"height":512,"caption":"Bellunopress"},"image":{"@id":"https:\/\/www.bellunopress.it\/#\/schema\/logo\/image\/"},"sameAs":["https:\/\/www.facebook.com\/profile.php?id=100008943462799","https:\/\/x.com\/bellunopress","https:\/\/www.linkedin.com\/hp\/?dnr=JBzUWaJfMUw8vbXJJ2tVW5-I3jZKvC4wsoxE&amp;amp;amp;amp;amp;amp;trk=nav_responsive_tab_home","https:\/\/www.youtube.com\/channel\/UCxL0wu1uN0_3_7hGG0306cw"]},{"@type":"Person","@id":"https:\/\/www.bellunopress.it\/#\/schema\/person\/79bb06722b37ece1c03d3e94beb30d73","name":"r\u00e9daction","image":{"@type":"ImageObject","inLanguage":"fr-FR","@id":"https:\/\/secure.gravatar.com\/avatar\/37d968a2e67a6fd04c169c4bdef102d0bc5d31b2546345219e348575eb80e9a0?s=96&d=mm&r=g","url":"https:\/\/secure.gravatar.com\/avatar\/37d968a2e67a6fd04c169c4bdef102d0bc5d31b2546345219e348575eb80e9a0?s=96&d=mm&r=g","contentUrl":"https:\/\/secure.gravatar.com\/avatar\/37d968a2e67a6fd04c169c4bdef102d0bc5d31b2546345219e348575eb80e9a0?s=96&d=mm&r=g","caption":"redazione"},"sameAs":["http:\/\/www.bellunopress.it","https:\/\/x.com\/bellunopress"],"url":"https:\/\/www.bellunopress.it\/fr\/author\/redazione\/"}]}},"_links":{"self":[{"href":"https:\/\/www.bellunopress.it\/fr\/wp-json\/wp\/v2\/posts\/164553","targetHints":{"allow":["GET"]}}],"collection":[{"href":"https:\/\/www.bellunopress.it\/fr\/wp-json\/wp\/v2\/posts"}],"about":[{"href":"https:\/\/www.bellunopress.it\/fr\/wp-json\/wp\/v2\/types\/post"}],"author":[{"embeddable":true,"href":"https:\/\/www.bellunopress.it\/fr\/wp-json\/wp\/v2\/users\/2"}],"replies":[{"embeddable":true,"href":"https:\/\/www.bellunopress.it\/fr\/wp-json\/wp\/v2\/comments?post=164553"}],"version-history":[{"count":1,"href":"https:\/\/www.bellunopress.it\/fr\/wp-json\/wp\/v2\/posts\/164553\/revisions"}],"predecessor-version":[{"id":164554,"href":"https:\/\/www.bellunopress.it\/fr\/wp-json\/wp\/v2\/posts\/164553\/revisions\/164554"}],"wp:attachment":[{"href":"https:\/\/www.bellunopress.it\/fr\/wp-json\/wp\/v2\/media?parent=164553"}],"wp:term":[{"taxonomy":"category","embeddable":true,"href":"https:\/\/www.bellunopress.it\/fr\/wp-json\/wp\/v2\/categories?post=164553"},{"taxonomy":"post_tag","embeddable":true,"href":"https:\/\/www.bellunopress.it\/fr\/wp-json\/wp\/v2\/tags?post=164553"}],"curies":[{"name":"wp","href":"https:\/\/api.w.org\/{rel}","templated":true}]}}