{"id":164549,"date":"2025-10-31T16:37:09","date_gmt":"2025-10-31T15:37:09","guid":{"rendered":"https:\/\/www.bellunopress.it\/?p=164549"},"modified":"2025-10-31T16:37:09","modified_gmt":"2025-10-31T15:37:09","slug":"cariverona-investe-2-milioni-per-sport-e-cultura-4-progetti-sosterranno-i-giovani-bellunesi","status":"publish","type":"post","link":"https:\/\/www.bellunopress.it\/fr\/2025\/10\/31\/cariverona-investe-2-milioni-per-sport-e-cultura-4-progetti-sosterranno-i-giovani-bellunesi\/","title":{"rendered":"Cariverona investe 2 milioni per sport e cultura: 4 progetti sosterranno i giovani bellunesi"},"content":{"rendered":"<figure id=\"attachment_149198\" aria-describedby=\"caption-attachment-149198\" style=\"width: 1000px\" class=\"wp-caption aligncenter\"><img loading=\"lazy\" decoding=\"async\" class=\"size-full wp-image-149198\" src=\"https:\/\/www.bellunopress.it\/wp-content\/uploads\/2024\/03\/Bruno-Giordano-presidente-Fondazione-Cariverona.jpg\" alt=\"\" width=\"1000\" height=\"667\" srcset=\"https:\/\/www.bellunopress.it\/wp-content\/uploads\/2024\/03\/Bruno-Giordano-presidente-Fondazione-Cariverona.jpg 1000w, https:\/\/www.bellunopress.it\/wp-content\/uploads\/2024\/03\/Bruno-Giordano-presidente-Fondazione-Cariverona-500x334.jpg 500w, https:\/\/www.bellunopress.it\/wp-content\/uploads\/2024\/03\/Bruno-Giordano-presidente-Fondazione-Cariverona-630x420.jpg 630w, https:\/\/www.bellunopress.it\/wp-content\/uploads\/2024\/03\/Bruno-Giordano-presidente-Fondazione-Cariverona-696x464.jpg 696w\" sizes=\"auto, (max-width: 1000px) 100vw, 1000px\" \/><figcaption id=\"caption-attachment-149198\" class=\"wp-caption-text\">Bruno Giordano &#8211; Presidente Fondazione Cariverona<\/figcaption><\/figure>\n<p>Con l&#8217;obiettivo di contrastare la povert\u00e0 educativa e l&#8217;isolamento giovanile, Fondazione Cariverona ha stanziato un impegno complessivo di 2 milioni di euro per sostenere 42 progetti nell&#8217;ambito del bando Sport e cultura per includere. L&#8217;iniziativa si concentra sul rendere accessibili attivit\u00e0 sportive e culturali a ragazze e ragazzi tra i 6 e i 18 anni, in particolare quelli che vivono in situazioni di vulnerabilit\u00e0 economica, sociale o culturale.<\/p>\n<p>Come sottolineato dal presidente della Fondazione, Bruno Giordano, &#8220;Se lo sport diventa un bene di lusso e il teatro un ambiente esclusivo alimentiamo disuguaglianze. Con questo bando vogliamo rendere questi luoghi davvero accessibili, superando barriere economiche, sociali e culturali&#8221;.<\/p>\n<p>I 42 progetti selezionati, attivi nelle province di Verona, Vicenza, Belluno, Mantova e Ancona, lavorano sul presupposto che l&#8217;accesso allo sport e alla cultura non sia solo &#8220;tempo libero&#8221;, ma una forma di prevenzione, salute pubblica ed educazione civica, fondamentale per contrastare l&#8217;ansia, il ritiro sociale e le nuove fragilit\u00e0 adolescenziali.<\/p>\n<p><strong>Gli interventi si sviluppano lungo quattro direttrici principali:<\/strong><\/p>\n<p>Sport Educativo e Inclusivo: Lo sport non \u00e8 solo agonismo. Si interviene per abbattere le barriere economiche (coprendo iscrizioni e attrezzature), organizzative (garantendo i trasporti) e relazionali. Si punta in particolare alla formazione di allenatori e istruttori affinch\u00e9 agiscano come veri e propri educatori, capaci di ascolto e prevenzione del disagio.<\/p>\n<p>Cultura come Benessere e Cittadinanza: Teatri, musei e sale prove diventano luoghi di incontro e crescita quotidiana. Vengono promossi laboratori di musica, danza e scrittura per dare ai giovani voce, strumenti emotivi e autostima, coinvolgendo professionisti creativi, psicologi e tutor culturali per generare cura attraverso l&#8217;arte.<\/p>\n<p>Nuovi Doposcuola come Presidio Quotidiano: Questi spazi pomeridiani vanno oltre il semplice &#8220;aiuto compiti&#8221;. Diventano presidi polifunzionali che integrano studio assistito, attivit\u00e0 motorie, laboratori creativi e ascolto emotivo, offrendo un ambiente protetto e riconosciuto ai ragazzi tra la fine della scuola e il rientro a casa.<\/p>\n<p>Alleanze Territoriali Stabili: Un elemento chiave \u00e8 la costruzione di reti formali e durature tra amministrazioni comunali, scuole, servizi sociali, associazioni e famiglie. L&#8217;obiettivo \u00e8 duplice: riconoscere le fragilit\u00e0 tempestivamente e assicurare che le relazioni organizzate perdurino oltre il finanziamento specifico, stabilizzando la &#8220;comunit\u00e0 educante&#8221;.<\/p>\n<p><strong>Il ruolo centrale degli adulti<\/strong><br \/>\nLa Fondazione insiste sulla centralit\u00e0 di educatori, tutor e allenatori che &#8220;trasformano un\u2019attivit\u00e0 in un\u2019esperienza di futuro, relazione, autonomia&#8221;.<\/p>\n<p>La scelta di sostenere un ampio numero di 42 progetti \u00e8 intenzionale: essa permette di costruire un impatto diffuso e vicino alle persone, intervenendo direttamente nei quartieri e nei territori dove la mancanza di opportunit\u00e0 pu\u00f2 cambiare la traiettoria di un adolescente.<\/p>\n<p>Il messaggio di Cariverona \u00e8 chiaro: &#8220;Stare bene, crescere con opportunit\u00e0, trovare il proprio posto nel mondo non dev\u2019essere un privilegio. Deve essere un\u2019opportunit\u00e0 certa, garantita, quotidiana. E deve esserlo ora.&#8221;<\/p>\n<p>&nbsp;<\/p>\n<p><strong>Focus Belluno: L&#8217;inclusione non va &#8220;Fuori Gioco&#8221;<\/strong><\/p>\n<p>I quattro progetti bellunesi, che puntano a rafforzare le alleanze territoriali tra scuole, enti locali e Terzo Settore, sono:<\/p>\n<p>&#8220;Fuori gioco? Mai pi\u00f9. Una comunit\u00e0 che educa, tutela e promuove benessere&#8221;<\/p>\n<p>Ente Richiedente: Cooperativa Sociale Sviluppo &amp; Lavoro \u2013 Belluno.<\/p>\n<p>Contributo: \u20ac 50.000,00.<\/p>\n<p>Obiettivo: Attivare una vasta rete coordinata (che include Save the Children, FIR, e Ufficio Scolastico) per sostenere i ragazzi con fragilit\u00e0 sociali e scolastiche. Le azioni spaziano da laboratori sportivi e culturali a centri estivi inclusivi, con un forte focus sulla formazione di educatori, allenatori e genitori su temi come il coaching umanistico e il child safeguarding. L&#8217;obiettivo \u00e8 costruire ambienti educativi sicuri e competenti.<\/p>\n<p>&#8220;Alpago Lab: il doposcuola che unisce sport, cultura e comunit\u00e0&#8221;<\/p>\n<p>Ente Richiedente: Comune di Alpago (BL).<\/p>\n<p>Contributo: \u20ac 32.000,00.<\/p>\n<p>Obiettivo: Istituire un doposcuola polifunzionale e gratuito per ragazzi di 9-12 anni, rivolto in via prioritaria ai minori pi\u00f9 esposti a povert\u00e0 educativa. Non solo un &#8220;aiuto compiti&#8221;, ma un presidio educativo, sociale e di comunit\u00e0 che integra sostegno scolastico personalizzato con laboratori sportivi e creativi.<\/p>\n<p>&#8220;Tutti inclusi: Abitare la montagna contrastando la povert\u00e0 educativa&#8221;<\/p>\n<p>Ente Richiedente: Gruppo di ricerche culturali Algudnei (Comelico Superiore, Domegge, Calalzo).<\/p>\n<p>Contributo: \u20ac 44.000,00.<\/p>\n<p>Obiettivo: Contrastare l&#8217;isolamento dei giovani (6-13 anni) in aree montane fragili. Le linee d&#8217;azione includono percorsi su conoscenza e orgoglio del territorio (cultura locale come cittadinanza), l&#8217;attivazione di presidi di socialit\u00e0 e la formazione degli educatori. Mira a fornire ai giovani strumenti per immaginare un futuro &#8220;a casa loro&#8221;, contrastando lo spopolamento.<\/p>\n<p>&#8220;Immagini di un futuro in movimento&#8221;<\/p>\n<p>Ente Richiedente: NEW HISTORICA \u2013 Belluno (Unione Montana Agordina).<\/p>\n<p>Contributo: \u20ac 36.590,00.<\/p>\n<p>Obiettivo: Portare cultura, connessioni digitali e strumenti creativi nell&#8217;Agordino per dare voce agli 11-14enni. Il progetto si articola in metafore operative (come RIFUGIO per un punto di accesso mobile a internet e FERRATA per laboratori di scrittura e podcast) per rafforzare le competenze narrative e l&#8217;immaginazione del futuro tra i giovani di montagna.<\/p>\n<p>&nbsp;<\/p>","protected":false},"excerpt":{"rendered":"<p>Con l&#8217;obiettivo di contrastare la povert\u00e0 educativa e l&#8217;isolamento giovanile, Fondazione Cariverona ha stanziato un impegno complessivo di 2 milioni di euro per sostenere 42 progetti nell&#8217;ambito del bando Sport e cultura per includere. L&#8217;iniziativa si concentra sul rendere accessibili attivit\u00e0 sportive e culturali a ragazze e ragazzi tra i 6 e i 18 anni, [&hellip;]<\/p>\n","protected":false},"author":2,"featured_media":138962,"comment_status":"closed","ping_status":"open","sticky":false,"template":"","format":"standard","meta":{"footnotes":""},"categories":[26,8],"tags":[],"class_list":["post-164549","post","type-post","status-publish","format-standard","has-post-thumbnail","category-prima-pagina","category-societa-istituzioni"],"yoast_head":"<!-- This site is optimized with the Yoast SEO plugin v28.4 - https:\/\/yoast.com\/product\/yoast-seo-wordpress\/ -->\n<title>Cariverona investe 2 milioni per sport e cultura: 4 progetti sosterranno i giovani bellunesi - Bellunopress - Dolomiti<\/title>\n<meta name=\"robots\" content=\"index, follow, max-snippet:-1, max-image-preview:large, max-video-preview:-1\" \/>\n<link rel=\"canonical\" href=\"https:\/\/www.bellunopress.it\/fr\/2025\/10\/31\/cariverona-investe-2-milioni-per-sport-e-cultura-4-progetti-sosterranno-i-giovani-bellunesi\/\" \/>\n<meta property=\"og:locale\" content=\"fr_FR\" \/>\n<meta property=\"og:type\" content=\"article\" \/>\n<meta property=\"og:title\" content=\"Cariverona investe 2 milioni per sport e cultura: 4 progetti sosterranno i giovani bellunesi - Bellunopress - Dolomiti\" \/>\n<meta property=\"og:description\" content=\"Con l&#8217;obiettivo di contrastare la povert\u00e0 educativa e l&#8217;isolamento giovanile, Fondazione Cariverona ha stanziato un impegno complessivo di 2 milioni di euro per sostenere 42 progetti nell&#8217;ambito del bando Sport e cultura per includere. L&#8217;iniziativa si concentra sul rendere accessibili attivit\u00e0 sportive e culturali a ragazze e ragazzi tra i 6 e i 18 anni, [&hellip;]\" \/>\n<meta property=\"og:url\" content=\"https:\/\/www.bellunopress.it\/fr\/2025\/10\/31\/cariverona-investe-2-milioni-per-sport-e-cultura-4-progetti-sosterranno-i-giovani-bellunesi\/\" \/>\n<meta property=\"og:site_name\" content=\"Bellunopress - Dolomiti\" \/>\n<meta property=\"article:publisher\" content=\"https:\/\/www.facebook.com\/profile.php?id=100008943462799\" \/>\n<meta property=\"article:published_time\" content=\"2025-10-31T15:37:09+00:00\" \/>\n<meta property=\"og:image\" content=\"https:\/\/www.bellunopress.it\/wp-content\/uploads\/2023\/01\/Fondazione-Cariverona_edited.jpg\" \/>\n\t<meta property=\"og:image:width\" content=\"1000\" \/>\n\t<meta property=\"og:image:height\" content=\"297\" \/>\n\t<meta property=\"og:image:type\" content=\"image\/jpeg\" \/>\n<meta name=\"author\" content=\"redazione\" \/>\n<meta name=\"twitter:card\" content=\"summary_large_image\" \/>\n<meta name=\"twitter:creator\" content=\"@bellunopress\" \/>\n<meta name=\"twitter:site\" content=\"@bellunopress\" \/>\n<meta name=\"twitter:label1\" content=\"\u00c9crit par\" \/>\n\t<meta name=\"twitter:data1\" content=\"redazione\" \/>\n\t<meta name=\"twitter:label2\" content=\"Dur\u00e9e de lecture estim\u00e9e\" \/>\n\t<meta name=\"twitter:data2\" content=\"4 minutes\" \/>\n<script type=\"application\/ld+json\" class=\"yoast-schema-graph\">{\"@context\":\"https:\\\/\\\/schema.org\",\"@graph\":[{\"@type\":\"Article\",\"@id\":\"https:\\\/\\\/www.bellunopress.it\\\/2025\\\/10\\\/31\\\/cariverona-investe-2-milioni-per-sport-e-cultura-4-progetti-sosterranno-i-giovani-bellunesi\\\/#article\",\"isPartOf\":{\"@id\":\"https:\\\/\\\/www.bellunopress.it\\\/2025\\\/10\\\/31\\\/cariverona-investe-2-milioni-per-sport-e-cultura-4-progetti-sosterranno-i-giovani-bellunesi\\\/\"},\"author\":{\"name\":\"redazione\",\"@id\":\"https:\\\/\\\/www.bellunopress.it\\\/#\\\/schema\\\/person\\\/79bb06722b37ece1c03d3e94beb30d73\"},\"headline\":\"Cariverona investe 2 milioni per sport e cultura: 4 progetti sosterranno i giovani bellunesi\",\"datePublished\":\"2025-10-31T15:37:09+00:00\",\"mainEntityOfPage\":{\"@id\":\"https:\\\/\\\/www.bellunopress.it\\\/2025\\\/10\\\/31\\\/cariverona-investe-2-milioni-per-sport-e-cultura-4-progetti-sosterranno-i-giovani-bellunesi\\\/\"},\"wordCount\":802,\"publisher\":{\"@id\":\"https:\\\/\\\/www.bellunopress.it\\\/#organization\"},\"image\":{\"@id\":\"https:\\\/\\\/www.bellunopress.it\\\/2025\\\/10\\\/31\\\/cariverona-investe-2-milioni-per-sport-e-cultura-4-progetti-sosterranno-i-giovani-bellunesi\\\/#primaryimage\"},\"thumbnailUrl\":\"https:\\\/\\\/www.bellunopress.it\\\/wp-content\\\/uploads\\\/2023\\\/01\\\/Fondazione-Cariverona_edited.jpg\",\"articleSection\":[\"Prima Pagina\",\"Societ\u00e0, Associazioni, Istituzioni\"],\"inLanguage\":\"fr-FR\"},{\"@type\":\"WebPage\",\"@id\":\"https:\\\/\\\/www.bellunopress.it\\\/2025\\\/10\\\/31\\\/cariverona-investe-2-milioni-per-sport-e-cultura-4-progetti-sosterranno-i-giovani-bellunesi\\\/\",\"url\":\"https:\\\/\\\/www.bellunopress.it\\\/2025\\\/10\\\/31\\\/cariverona-investe-2-milioni-per-sport-e-cultura-4-progetti-sosterranno-i-giovani-bellunesi\\\/\",\"name\":\"Cariverona investe 2 milioni per sport e cultura: 4 progetti sosterranno i giovani bellunesi - Bellunopress - Dolomiti\",\"isPartOf\":{\"@id\":\"https:\\\/\\\/www.bellunopress.it\\\/#website\"},\"primaryImageOfPage\":{\"@id\":\"https:\\\/\\\/www.bellunopress.it\\\/2025\\\/10\\\/31\\\/cariverona-investe-2-milioni-per-sport-e-cultura-4-progetti-sosterranno-i-giovani-bellunesi\\\/#primaryimage\"},\"image\":{\"@id\":\"https:\\\/\\\/www.bellunopress.it\\\/2025\\\/10\\\/31\\\/cariverona-investe-2-milioni-per-sport-e-cultura-4-progetti-sosterranno-i-giovani-bellunesi\\\/#primaryimage\"},\"thumbnailUrl\":\"https:\\\/\\\/www.bellunopress.it\\\/wp-content\\\/uploads\\\/2023\\\/01\\\/Fondazione-Cariverona_edited.jpg\",\"datePublished\":\"2025-10-31T15:37:09+00:00\",\"breadcrumb\":{\"@id\":\"https:\\\/\\\/www.bellunopress.it\\\/2025\\\/10\\\/31\\\/cariverona-investe-2-milioni-per-sport-e-cultura-4-progetti-sosterranno-i-giovani-bellunesi\\\/#breadcrumb\"},\"inLanguage\":\"fr-FR\",\"potentialAction\":[{\"@type\":\"ReadAction\",\"target\":[\"https:\\\/\\\/www.bellunopress.it\\\/2025\\\/10\\\/31\\\/cariverona-investe-2-milioni-per-sport-e-cultura-4-progetti-sosterranno-i-giovani-bellunesi\\\/\"]}]},{\"@type\":\"ImageObject\",\"inLanguage\":\"fr-FR\",\"@id\":\"https:\\\/\\\/www.bellunopress.it\\\/2025\\\/10\\\/31\\\/cariverona-investe-2-milioni-per-sport-e-cultura-4-progetti-sosterranno-i-giovani-bellunesi\\\/#primaryimage\",\"url\":\"https:\\\/\\\/www.bellunopress.it\\\/wp-content\\\/uploads\\\/2023\\\/01\\\/Fondazione-Cariverona_edited.jpg\",\"contentUrl\":\"https:\\\/\\\/www.bellunopress.it\\\/wp-content\\\/uploads\\\/2023\\\/01\\\/Fondazione-Cariverona_edited.jpg\",\"width\":1000,\"height\":297},{\"@type\":\"BreadcrumbList\",\"@id\":\"https:\\\/\\\/www.bellunopress.it\\\/2025\\\/10\\\/31\\\/cariverona-investe-2-milioni-per-sport-e-cultura-4-progetti-sosterranno-i-giovani-bellunesi\\\/#breadcrumb\",\"itemListElement\":[{\"@type\":\"ListItem\",\"position\":1,\"name\":\"Home\",\"item\":\"https:\\\/\\\/www.bellunopress.it\\\/\"},{\"@type\":\"ListItem\",\"position\":2,\"name\":\"Cariverona investe 2 milioni per sport e cultura: 4 progetti sosterranno i giovani bellunesi\"}]},{\"@type\":\"WebSite\",\"@id\":\"https:\\\/\\\/www.bellunopress.it\\\/#website\",\"url\":\"https:\\\/\\\/www.bellunopress.it\\\/\",\"name\":\"Bellunopress - Dolomiti\",\"description\":\"e-mail: redazione@bellunopress.it\",\"publisher\":{\"@id\":\"https:\\\/\\\/www.bellunopress.it\\\/#organization\"},\"potentialAction\":[{\"@type\":\"SearchAction\",\"target\":{\"@type\":\"EntryPoint\",\"urlTemplate\":\"https:\\\/\\\/www.bellunopress.it\\\/?s={search_term_string}\"},\"query-input\":{\"@type\":\"PropertyValueSpecification\",\"valueRequired\":true,\"valueName\":\"search_term_string\"}}],\"inLanguage\":\"fr-FR\"},{\"@type\":\"Organization\",\"@id\":\"https:\\\/\\\/www.bellunopress.it\\\/#organization\",\"name\":\"Bellunopress\",\"url\":\"https:\\\/\\\/www.bellunopress.it\\\/\",\"logo\":{\"@type\":\"ImageObject\",\"inLanguage\":\"fr-FR\",\"@id\":\"https:\\\/\\\/www.bellunopress.it\\\/#\\\/schema\\\/logo\\\/image\\\/\",\"url\":\"https:\\\/\\\/www.bellunopress.it\\\/wp-content\\\/uploads\\\/2011\\\/05\\\/cropped-logo-bellunopress-.jpg\",\"contentUrl\":\"https:\\\/\\\/www.bellunopress.it\\\/wp-content\\\/uploads\\\/2011\\\/05\\\/cropped-logo-bellunopress-.jpg\",\"width\":512,\"height\":512,\"caption\":\"Bellunopress\"},\"image\":{\"@id\":\"https:\\\/\\\/www.bellunopress.it\\\/#\\\/schema\\\/logo\\\/image\\\/\"},\"sameAs\":[\"https:\\\/\\\/www.facebook.com\\\/profile.php?id=100008943462799\",\"https:\\\/\\\/x.com\\\/bellunopress\",\"https:\\\/\\\/www.linkedin.com\\\/hp\\\/?dnr=JBzUWaJfMUw8vbXJJ2tVW5-I3jZKvC4wsoxE&amp;amp;amp;amp;amp;amp;trk=nav_responsive_tab_home\",\"https:\\\/\\\/www.youtube.com\\\/channel\\\/UCxL0wu1uN0_3_7hGG0306cw\"]},{\"@type\":\"Person\",\"@id\":\"https:\\\/\\\/www.bellunopress.it\\\/#\\\/schema\\\/person\\\/79bb06722b37ece1c03d3e94beb30d73\",\"name\":\"redazione\",\"image\":{\"@type\":\"ImageObject\",\"inLanguage\":\"fr-FR\",\"@id\":\"https:\\\/\\\/secure.gravatar.com\\\/avatar\\\/37d968a2e67a6fd04c169c4bdef102d0bc5d31b2546345219e348575eb80e9a0?s=96&d=mm&r=g\",\"url\":\"https:\\\/\\\/secure.gravatar.com\\\/avatar\\\/37d968a2e67a6fd04c169c4bdef102d0bc5d31b2546345219e348575eb80e9a0?s=96&d=mm&r=g\",\"contentUrl\":\"https:\\\/\\\/secure.gravatar.com\\\/avatar\\\/37d968a2e67a6fd04c169c4bdef102d0bc5d31b2546345219e348575eb80e9a0?s=96&d=mm&r=g\",\"caption\":\"redazione\"},\"sameAs\":[\"http:\\\/\\\/www.bellunopress.it\",\"https:\\\/\\\/x.com\\\/bellunopress\"],\"url\":\"https:\\\/\\\/www.bellunopress.it\\\/fr\\\/author\\\/redazione\\\/\"}]}<\/script>\n<!-- \/ Yoast SEO plugin. -->","yoast_head_json":{"title":"Cariverona investe 2 milioni per sport e cultura: 4 progetti sosterranno i giovani bellunesi - Bellunopress - Dolomiti","robots":{"index":"index","follow":"follow","max-snippet":"max-snippet:-1","max-image-preview":"max-image-preview:large","max-video-preview":"max-video-preview:-1"},"canonical":"https:\/\/www.bellunopress.it\/fr\/2025\/10\/31\/cariverona-investe-2-milioni-per-sport-e-cultura-4-progetti-sosterranno-i-giovani-bellunesi\/","og_locale":"fr_FR","og_type":"article","og_title":"Cariverona investe 2 milioni per sport e cultura: 4 progetti sosterranno i giovani bellunesi - Bellunopress - Dolomiti","og_description":"Con l&#8217;obiettivo di contrastare la povert\u00e0 educativa e l&#8217;isolamento giovanile, Fondazione Cariverona ha stanziato un impegno complessivo di 2 milioni di euro per sostenere 42 progetti nell&#8217;ambito del bando Sport e cultura per includere. L&#8217;iniziativa si concentra sul rendere accessibili attivit\u00e0 sportive e culturali a ragazze e ragazzi tra i 6 e i 18 anni, [&hellip;]","og_url":"https:\/\/www.bellunopress.it\/fr\/2025\/10\/31\/cariverona-investe-2-milioni-per-sport-e-cultura-4-progetti-sosterranno-i-giovani-bellunesi\/","og_site_name":"Bellunopress - Dolomiti","article_publisher":"https:\/\/www.facebook.com\/profile.php?id=100008943462799","article_published_time":"2025-10-31T15:37:09+00:00","og_image":[{"width":1000,"height":297,"url":"https:\/\/www.bellunopress.it\/wp-content\/uploads\/2023\/01\/Fondazione-Cariverona_edited.jpg","type":"image\/jpeg"}],"author":"redazione","twitter_card":"summary_large_image","twitter_creator":"@bellunopress","twitter_site":"@bellunopress","twitter_misc":{"\u00c9crit par":"redazione","Dur\u00e9e de lecture estim\u00e9e":"4 minutes"},"schema":{"@context":"https:\/\/schema.org","@graph":[{"@type":"Article","@id":"https:\/\/www.bellunopress.it\/2025\/10\/31\/cariverona-investe-2-milioni-per-sport-e-cultura-4-progetti-sosterranno-i-giovani-bellunesi\/#article","isPartOf":{"@id":"https:\/\/www.bellunopress.it\/2025\/10\/31\/cariverona-investe-2-milioni-per-sport-e-cultura-4-progetti-sosterranno-i-giovani-bellunesi\/"},"author":{"name":"redazione","@id":"https:\/\/www.bellunopress.it\/#\/schema\/person\/79bb06722b37ece1c03d3e94beb30d73"},"headline":"Cariverona investe 2 milioni per sport e cultura: 4 progetti sosterranno i giovani bellunesi","datePublished":"2025-10-31T15:37:09+00:00","mainEntityOfPage":{"@id":"https:\/\/www.bellunopress.it\/2025\/10\/31\/cariverona-investe-2-milioni-per-sport-e-cultura-4-progetti-sosterranno-i-giovani-bellunesi\/"},"wordCount":802,"publisher":{"@id":"https:\/\/www.bellunopress.it\/#organization"},"image":{"@id":"https:\/\/www.bellunopress.it\/2025\/10\/31\/cariverona-investe-2-milioni-per-sport-e-cultura-4-progetti-sosterranno-i-giovani-bellunesi\/#primaryimage"},"thumbnailUrl":"https:\/\/www.bellunopress.it\/wp-content\/uploads\/2023\/01\/Fondazione-Cariverona_edited.jpg","articleSection":["Prima Pagina","Societ\u00e0, Associazioni, Istituzioni"],"inLanguage":"fr-FR"},{"@type":"WebPage","@id":"https:\/\/www.bellunopress.it\/2025\/10\/31\/cariverona-investe-2-milioni-per-sport-e-cultura-4-progetti-sosterranno-i-giovani-bellunesi\/","url":"https:\/\/www.bellunopress.it\/2025\/10\/31\/cariverona-investe-2-milioni-per-sport-e-cultura-4-progetti-sosterranno-i-giovani-bellunesi\/","name":"Cariverona investe 2 milioni per sport e cultura: 4 progetti sosterranno i giovani bellunesi - Bellunopress - Dolomiti","isPartOf":{"@id":"https:\/\/www.bellunopress.it\/#website"},"primaryImageOfPage":{"@id":"https:\/\/www.bellunopress.it\/2025\/10\/31\/cariverona-investe-2-milioni-per-sport-e-cultura-4-progetti-sosterranno-i-giovani-bellunesi\/#primaryimage"},"image":{"@id":"https:\/\/www.bellunopress.it\/2025\/10\/31\/cariverona-investe-2-milioni-per-sport-e-cultura-4-progetti-sosterranno-i-giovani-bellunesi\/#primaryimage"},"thumbnailUrl":"https:\/\/www.bellunopress.it\/wp-content\/uploads\/2023\/01\/Fondazione-Cariverona_edited.jpg","datePublished":"2025-10-31T15:37:09+00:00","breadcrumb":{"@id":"https:\/\/www.bellunopress.it\/2025\/10\/31\/cariverona-investe-2-milioni-per-sport-e-cultura-4-progetti-sosterranno-i-giovani-bellunesi\/#breadcrumb"},"inLanguage":"fr-FR","potentialAction":[{"@type":"ReadAction","target":["https:\/\/www.bellunopress.it\/2025\/10\/31\/cariverona-investe-2-milioni-per-sport-e-cultura-4-progetti-sosterranno-i-giovani-bellunesi\/"]}]},{"@type":"ImageObject","inLanguage":"fr-FR","@id":"https:\/\/www.bellunopress.it\/2025\/10\/31\/cariverona-investe-2-milioni-per-sport-e-cultura-4-progetti-sosterranno-i-giovani-bellunesi\/#primaryimage","url":"https:\/\/www.bellunopress.it\/wp-content\/uploads\/2023\/01\/Fondazione-Cariverona_edited.jpg","contentUrl":"https:\/\/www.bellunopress.it\/wp-content\/uploads\/2023\/01\/Fondazione-Cariverona_edited.jpg","width":1000,"height":297},{"@type":"BreadcrumbList","@id":"https:\/\/www.bellunopress.it\/2025\/10\/31\/cariverona-investe-2-milioni-per-sport-e-cultura-4-progetti-sosterranno-i-giovani-bellunesi\/#breadcrumb","itemListElement":[{"@type":"ListItem","position":1,"name":"Home","item":"https:\/\/www.bellunopress.it\/"},{"@type":"ListItem","position":2,"name":"Cariverona investe 2 milioni per sport e cultura: 4 progetti sosterranno i giovani bellunesi"}]},{"@type":"WebSite","@id":"https:\/\/www.bellunopress.it\/#website","url":"https:\/\/www.bellunopress.it\/","name":"Bellunopress - Dolomiti","description":"e-mail: redazione@bellunopress.it","publisher":{"@id":"https:\/\/www.bellunopress.it\/#organization"},"potentialAction":[{"@type":"SearchAction","target":{"@type":"EntryPoint","urlTemplate":"https:\/\/www.bellunopress.it\/?s={search_term_string}"},"query-input":{"@type":"PropertyValueSpecification","valueRequired":true,"valueName":"search_term_string"}}],"inLanguage":"fr-FR"},{"@type":"Organization","@id":"https:\/\/www.bellunopress.it\/#organization","name":"Bellunopress","url":"https:\/\/www.bellunopress.it\/","logo":{"@type":"ImageObject","inLanguage":"fr-FR","@id":"https:\/\/www.bellunopress.it\/#\/schema\/logo\/image\/","url":"https:\/\/www.bellunopress.it\/wp-content\/uploads\/2011\/05\/cropped-logo-bellunopress-.jpg","contentUrl":"https:\/\/www.bellunopress.it\/wp-content\/uploads\/2011\/05\/cropped-logo-bellunopress-.jpg","width":512,"height":512,"caption":"Bellunopress"},"image":{"@id":"https:\/\/www.bellunopress.it\/#\/schema\/logo\/image\/"},"sameAs":["https:\/\/www.facebook.com\/profile.php?id=100008943462799","https:\/\/x.com\/bellunopress","https:\/\/www.linkedin.com\/hp\/?dnr=JBzUWaJfMUw8vbXJJ2tVW5-I3jZKvC4wsoxE&amp;amp;amp;amp;amp;amp;trk=nav_responsive_tab_home","https:\/\/www.youtube.com\/channel\/UCxL0wu1uN0_3_7hGG0306cw"]},{"@type":"Person","@id":"https:\/\/www.bellunopress.it\/#\/schema\/person\/79bb06722b37ece1c03d3e94beb30d73","name":"r\u00e9daction","image":{"@type":"ImageObject","inLanguage":"fr-FR","@id":"https:\/\/secure.gravatar.com\/avatar\/37d968a2e67a6fd04c169c4bdef102d0bc5d31b2546345219e348575eb80e9a0?s=96&d=mm&r=g","url":"https:\/\/secure.gravatar.com\/avatar\/37d968a2e67a6fd04c169c4bdef102d0bc5d31b2546345219e348575eb80e9a0?s=96&d=mm&r=g","contentUrl":"https:\/\/secure.gravatar.com\/avatar\/37d968a2e67a6fd04c169c4bdef102d0bc5d31b2546345219e348575eb80e9a0?s=96&d=mm&r=g","caption":"redazione"},"sameAs":["http:\/\/www.bellunopress.it","https:\/\/x.com\/bellunopress"],"url":"https:\/\/www.bellunopress.it\/fr\/author\/redazione\/"}]}},"_links":{"self":[{"href":"https:\/\/www.bellunopress.it\/fr\/wp-json\/wp\/v2\/posts\/164549","targetHints":{"allow":["GET"]}}],"collection":[{"href":"https:\/\/www.bellunopress.it\/fr\/wp-json\/wp\/v2\/posts"}],"about":[{"href":"https:\/\/www.bellunopress.it\/fr\/wp-json\/wp\/v2\/types\/post"}],"author":[{"embeddable":true,"href":"https:\/\/www.bellunopress.it\/fr\/wp-json\/wp\/v2\/users\/2"}],"replies":[{"embeddable":true,"href":"https:\/\/www.bellunopress.it\/fr\/wp-json\/wp\/v2\/comments?post=164549"}],"version-history":[{"count":1,"href":"https:\/\/www.bellunopress.it\/fr\/wp-json\/wp\/v2\/posts\/164549\/revisions"}],"predecessor-version":[{"id":164550,"href":"https:\/\/www.bellunopress.it\/fr\/wp-json\/wp\/v2\/posts\/164549\/revisions\/164550"}],"wp:featuredmedia":[{"embeddable":true,"href":"https:\/\/www.bellunopress.it\/fr\/wp-json\/wp\/v2\/media\/138962"}],"wp:attachment":[{"href":"https:\/\/www.bellunopress.it\/fr\/wp-json\/wp\/v2\/media?parent=164549"}],"wp:term":[{"taxonomy":"category","embeddable":true,"href":"https:\/\/www.bellunopress.it\/fr\/wp-json\/wp\/v2\/categories?post=164549"},{"taxonomy":"post_tag","embeddable":true,"href":"https:\/\/www.bellunopress.it\/fr\/wp-json\/wp\/v2\/tags?post=164549"}],"curies":[{"name":"wp","href":"https:\/\/api.w.org\/{rel}","templated":true}]}}