{"id":164479,"date":"2025-10-28T17:37:43","date_gmt":"2025-10-28T16:37:43","guid":{"rendered":"https:\/\/www.bellunopress.it\/?p=164479"},"modified":"2025-10-28T17:37:43","modified_gmt":"2025-10-28T16:37:43","slug":"ponte-nelle-alpi-si-prepara-per-il-dolomusic-fest-halloween-e-oltre-due-notti-di-musica-ai-piedi-delle-dolomiti","status":"publish","type":"post","link":"https:\/\/www.bellunopress.it\/fr\/2025\/10\/28\/ponte-nelle-alpi-si-prepara-per-il-dolomusic-fest-halloween-e-oltre-due-notti-di-musica-ai-piedi-delle-dolomiti\/","title":{"rendered":"Ponte nelle Alpi si prepara per il &#8220;Dolomusic Fest&#8221;: Halloween e oltre, due notti di musica ai piedi delle Dolomiti"},"content":{"rendered":"<p><strong><img loading=\"lazy\" decoding=\"async\" class=\"aligncenter size-full wp-image-164480\" src=\"https:\/\/www.bellunopress.it\/wp-content\/uploads\/2025\/10\/Dolomusic-Ponte-nelle-Alpi.jpg\" alt=\"\" width=\"600\" height=\"600\" srcset=\"https:\/\/www.bellunopress.it\/wp-content\/uploads\/2025\/10\/Dolomusic-Ponte-nelle-Alpi.jpg 600w, https:\/\/www.bellunopress.it\/wp-content\/uploads\/2025\/10\/Dolomusic-Ponte-nelle-Alpi-500x500.jpg 500w, https:\/\/www.bellunopress.it\/wp-content\/uploads\/2025\/10\/Dolomusic-Ponte-nelle-Alpi-300x300.jpg 300w, https:\/\/www.bellunopress.it\/wp-content\/uploads\/2025\/10\/Dolomusic-Ponte-nelle-Alpi-420x420.jpg 420w\" sizes=\"auto, (max-width: 600px) 100vw, 600px\" \/>DOLOMUSIC FEST:\u00a0 Dove la musica incontra le Dolomiti. Vivi l&#8217;emozione, accendi la notte<\/strong><\/p>\n<p>Ponte nelle Alpi, 28 ottobre 2025 \u2013 Tutto pronto per il Dolomusic Fest, il nuovo grande evento che si appresta ad accendere il weekend di Halloween, trasformando l&#8217;area dello stadio &#8220;U. Orzes&#8221; di Polpet nel cuore pulsante del divertimento autunnale bellunese. Organizzato in sinergia tra il Comune di Ponte nelle Alpi e l&#8217;emergente associazione APS E.M.D.F., il festival promette due serate ad alta energia, unendo musica, street food e spettacolo in una cornice dolomitica unica.<\/p>\n<p><strong>Venerd\u00ec: Festa di Halloween e Ritorno agli Anni &#8217;90<\/strong><br \/>\nL&#8217;appuntamento inaugurale \u00e8 fissato per venerd\u00ec 31 ottobre, proprio nella notte pi\u00f9 spaventosa dell&#8217;anno, con un programma pensato per tutte le et\u00e0.<\/p>\n<p>Il pomeriggio sar\u00e0 dedicato alle famiglie e ai pi\u00f9 piccoli: a partire dalle 16.30, la &#8220;Consulta dei giovani&#8221; pontalpina organizzer\u00e0 una caccia al tesoro, il truccabimbi e numerose attivit\u00e0 a tema, per vivere insieme la magia di Halloween.<\/p>\n<p>Dalle 20.30, i riflettori si sposteranno sul palco per il grande &#8220;Back to 90&#8217;s Party&#8221;, presentato come il party anni &#8217;90 pi\u00f9 grande del Bellunese, in collaborazione con &#8220;Belluno di Notte 1990&#8221;. In consolle, la coppia formata da Marzio Casagrande e Pika the Voice \u00e8 pronta a far ballare il pubblico con le hit che hanno segnato un&#8217;epoca.<\/p>\n<p>La serata di venerd\u00ec sar\u00e0 a ingresso completamente gratuito, un&#8217;occasione imperdibile e aperta a tutta la comunit\u00e0 per una notte di musica e aggregazione.<\/p>\n<p><strong>Sabato: Ritmi Urban e Trap con ospiti d&#8217;eccezione<\/strong><br \/>\nIl Dolomusic Fest non si ferma e cambia decisamente passo sabato 1\u00b0 novembre. La seconda serata sar\u00e0 un&#8217;immersione totale nel mondo urban e trap con l&#8217;arrivo di Trap Legend, il format Urban numero uno del Veneto.<\/p>\n<p>Alla consolle si alterneranno DJ di fama nazionale: Mellow e Don Carmine, direttamente dal celebre NumberOne di Brescia, affiancati da Edo Cancian e Off Check.<\/p>\n<p>La vera attesa \u00e8 per gli ospiti d&#8217;eccezione che saliranno sul palco: Loyal Dav\u00ecdd, in esclusiva per il pubblico del festival, e DERI, per una performance che promette di infiammare la serata con ritmo e adrenalina.<\/p>\n<p>I ticket per la serata di sabato 1 novembre sono gi\u00e0 disponibili sulla piattaforma TicketSms.<\/p>\n<p><strong>Un Villaggio del Gusto aperto due giorni<\/strong><br \/>\nA fare da cornice musicale e ad accompagnare entrambe le serate sar\u00e0 una variegata area food &amp; drink, operativa per l&#8217;intera durata del festival. Con food truck provenienti da tutto il Veneto, l&#8217;offerta gastronomica spazier\u00e0 dal sushi ai panini, dalle specialit\u00e0 locali ai dolci di stagione, arricchendo l&#8217;atmosfera del villaggio musicale.<\/p>\n<p>Due giorni intensi che, tra grandi classici del passato e le sonorit\u00e0 pi\u00f9 attuali, faranno di Ponte nelle Alpi una tappa obbligata per chi cerca divertimento e spettacolo in questo autunno.<\/p>\n<p>&nbsp;<\/p>","protected":false},"excerpt":{"rendered":"<p>DOLOMUSIC FEST:\u00a0 Dove la musica incontra le Dolomiti. Vivi l&#8217;emozione, accendi la notte Ponte nelle Alpi, 28 ottobre 2025 \u2013 Tutto pronto per il Dolomusic Fest, il nuovo grande evento che si appresta ad accendere il weekend di Halloween, trasformando l&#8217;area dello stadio &#8220;U. Orzes&#8221; di Polpet nel cuore pulsante del divertimento autunnale bellunese. Organizzato [&hellip;]<\/p>\n","protected":false},"author":2,"featured_media":164480,"comment_status":"closed","ping_status":"open","sticky":false,"template":"","format":"standard","meta":{"footnotes":""},"categories":[25,8,4],"tags":[],"class_list":["post-164479","post","type-post","status-publish","format-standard","has-post-thumbnail","category-pausa-caffe","category-societa-istituzioni","category-sport"],"yoast_head":"<!-- This site is optimized with the Yoast SEO plugin v28.4 - https:\/\/yoast.com\/product\/yoast-seo-wordpress\/ -->\n<title>Ponte nelle Alpi si prepara per il &quot;Dolomusic Fest&quot;: Halloween e oltre, due notti di musica ai piedi delle Dolomiti - Bellunopress - Dolomiti<\/title>\n<meta name=\"robots\" content=\"index, follow, max-snippet:-1, max-image-preview:large, max-video-preview:-1\" \/>\n<link rel=\"canonical\" href=\"https:\/\/www.bellunopress.it\/fr\/2025\/10\/28\/ponte-nelle-alpi-si-prepara-per-il-dolomusic-fest-halloween-e-oltre-due-notti-di-musica-ai-piedi-delle-dolomiti\/\" \/>\n<meta property=\"og:locale\" content=\"fr_FR\" \/>\n<meta property=\"og:type\" content=\"article\" \/>\n<meta property=\"og:title\" content=\"Ponte nelle Alpi si prepara per il &quot;Dolomusic Fest&quot;: Halloween e oltre, due notti di musica ai piedi delle Dolomiti - Bellunopress - Dolomiti\" \/>\n<meta property=\"og:description\" content=\"DOLOMUSIC FEST:\u00a0 Dove la musica incontra le Dolomiti. Vivi l&#8217;emozione, accendi la notte Ponte nelle Alpi, 28 ottobre 2025 \u2013 Tutto pronto per il Dolomusic Fest, il nuovo grande evento che si appresta ad accendere il weekend di Halloween, trasformando l&#8217;area dello stadio &#8220;U. Orzes&#8221; di Polpet nel cuore pulsante del divertimento autunnale bellunese. Organizzato [&hellip;]\" \/>\n<meta property=\"og:url\" content=\"https:\/\/www.bellunopress.it\/fr\/2025\/10\/28\/ponte-nelle-alpi-si-prepara-per-il-dolomusic-fest-halloween-e-oltre-due-notti-di-musica-ai-piedi-delle-dolomiti\/\" \/>\n<meta property=\"og:site_name\" content=\"Bellunopress - Dolomiti\" \/>\n<meta property=\"article:publisher\" content=\"https:\/\/www.facebook.com\/profile.php?id=100008943462799\" \/>\n<meta property=\"article:published_time\" content=\"2025-10-28T16:37:43+00:00\" \/>\n<meta property=\"og:image\" content=\"https:\/\/www.bellunopress.it\/wp-content\/uploads\/2025\/10\/Dolomusic-Ponte-nelle-Alpi.jpg\" \/>\n\t<meta property=\"og:image:width\" content=\"600\" \/>\n\t<meta property=\"og:image:height\" content=\"600\" \/>\n\t<meta property=\"og:image:type\" content=\"image\/jpeg\" \/>\n<meta name=\"author\" content=\"redazione\" \/>\n<meta name=\"twitter:card\" content=\"summary_large_image\" \/>\n<meta name=\"twitter:creator\" content=\"@bellunopress\" \/>\n<meta name=\"twitter:site\" content=\"@bellunopress\" \/>\n<meta name=\"twitter:label1\" content=\"\u00c9crit par\" \/>\n\t<meta name=\"twitter:data1\" content=\"redazione\" \/>\n\t<meta name=\"twitter:label2\" content=\"Dur\u00e9e de lecture estim\u00e9e\" \/>\n\t<meta name=\"twitter:data2\" content=\"2 minutes\" \/>\n<script type=\"application\/ld+json\" class=\"yoast-schema-graph\">{\"@context\":\"https:\\\/\\\/schema.org\",\"@graph\":[{\"@type\":\"Article\",\"@id\":\"https:\\\/\\\/www.bellunopress.it\\\/2025\\\/10\\\/28\\\/ponte-nelle-alpi-si-prepara-per-il-dolomusic-fest-halloween-e-oltre-due-notti-di-musica-ai-piedi-delle-dolomiti\\\/#article\",\"isPartOf\":{\"@id\":\"https:\\\/\\\/www.bellunopress.it\\\/2025\\\/10\\\/28\\\/ponte-nelle-alpi-si-prepara-per-il-dolomusic-fest-halloween-e-oltre-due-notti-di-musica-ai-piedi-delle-dolomiti\\\/\"},\"author\":{\"name\":\"redazione\",\"@id\":\"https:\\\/\\\/www.bellunopress.it\\\/#\\\/schema\\\/person\\\/79bb06722b37ece1c03d3e94beb30d73\"},\"headline\":\"Ponte nelle Alpi si prepara per il &#8220;Dolomusic Fest&#8221;: Halloween e oltre, due notti di musica ai piedi delle Dolomiti\",\"datePublished\":\"2025-10-28T16:37:43+00:00\",\"mainEntityOfPage\":{\"@id\":\"https:\\\/\\\/www.bellunopress.it\\\/2025\\\/10\\\/28\\\/ponte-nelle-alpi-si-prepara-per-il-dolomusic-fest-halloween-e-oltre-due-notti-di-musica-ai-piedi-delle-dolomiti\\\/\"},\"wordCount\":473,\"publisher\":{\"@id\":\"https:\\\/\\\/www.bellunopress.it\\\/#organization\"},\"image\":{\"@id\":\"https:\\\/\\\/www.bellunopress.it\\\/2025\\\/10\\\/28\\\/ponte-nelle-alpi-si-prepara-per-il-dolomusic-fest-halloween-e-oltre-due-notti-di-musica-ai-piedi-delle-dolomiti\\\/#primaryimage\"},\"thumbnailUrl\":\"https:\\\/\\\/www.bellunopress.it\\\/wp-content\\\/uploads\\\/2025\\\/10\\\/Dolomusic-Ponte-nelle-Alpi.jpg\",\"articleSection\":[\"Pausa Caff\u00e8\",\"Societ\u00e0, Associazioni, Istituzioni\",\"Sport, tempo libero\"],\"inLanguage\":\"fr-FR\"},{\"@type\":\"WebPage\",\"@id\":\"https:\\\/\\\/www.bellunopress.it\\\/2025\\\/10\\\/28\\\/ponte-nelle-alpi-si-prepara-per-il-dolomusic-fest-halloween-e-oltre-due-notti-di-musica-ai-piedi-delle-dolomiti\\\/\",\"url\":\"https:\\\/\\\/www.bellunopress.it\\\/2025\\\/10\\\/28\\\/ponte-nelle-alpi-si-prepara-per-il-dolomusic-fest-halloween-e-oltre-due-notti-di-musica-ai-piedi-delle-dolomiti\\\/\",\"name\":\"Ponte nelle Alpi si prepara per il \\\"Dolomusic Fest\\\": Halloween e oltre, due notti di musica ai piedi delle Dolomiti - Bellunopress - Dolomiti\",\"isPartOf\":{\"@id\":\"https:\\\/\\\/www.bellunopress.it\\\/#website\"},\"primaryImageOfPage\":{\"@id\":\"https:\\\/\\\/www.bellunopress.it\\\/2025\\\/10\\\/28\\\/ponte-nelle-alpi-si-prepara-per-il-dolomusic-fest-halloween-e-oltre-due-notti-di-musica-ai-piedi-delle-dolomiti\\\/#primaryimage\"},\"image\":{\"@id\":\"https:\\\/\\\/www.bellunopress.it\\\/2025\\\/10\\\/28\\\/ponte-nelle-alpi-si-prepara-per-il-dolomusic-fest-halloween-e-oltre-due-notti-di-musica-ai-piedi-delle-dolomiti\\\/#primaryimage\"},\"thumbnailUrl\":\"https:\\\/\\\/www.bellunopress.it\\\/wp-content\\\/uploads\\\/2025\\\/10\\\/Dolomusic-Ponte-nelle-Alpi.jpg\",\"datePublished\":\"2025-10-28T16:37:43+00:00\",\"breadcrumb\":{\"@id\":\"https:\\\/\\\/www.bellunopress.it\\\/2025\\\/10\\\/28\\\/ponte-nelle-alpi-si-prepara-per-il-dolomusic-fest-halloween-e-oltre-due-notti-di-musica-ai-piedi-delle-dolomiti\\\/#breadcrumb\"},\"inLanguage\":\"fr-FR\",\"potentialAction\":[{\"@type\":\"ReadAction\",\"target\":[\"https:\\\/\\\/www.bellunopress.it\\\/2025\\\/10\\\/28\\\/ponte-nelle-alpi-si-prepara-per-il-dolomusic-fest-halloween-e-oltre-due-notti-di-musica-ai-piedi-delle-dolomiti\\\/\"]}]},{\"@type\":\"ImageObject\",\"inLanguage\":\"fr-FR\",\"@id\":\"https:\\\/\\\/www.bellunopress.it\\\/2025\\\/10\\\/28\\\/ponte-nelle-alpi-si-prepara-per-il-dolomusic-fest-halloween-e-oltre-due-notti-di-musica-ai-piedi-delle-dolomiti\\\/#primaryimage\",\"url\":\"https:\\\/\\\/www.bellunopress.it\\\/wp-content\\\/uploads\\\/2025\\\/10\\\/Dolomusic-Ponte-nelle-Alpi.jpg\",\"contentUrl\":\"https:\\\/\\\/www.bellunopress.it\\\/wp-content\\\/uploads\\\/2025\\\/10\\\/Dolomusic-Ponte-nelle-Alpi.jpg\",\"width\":600,\"height\":600},{\"@type\":\"BreadcrumbList\",\"@id\":\"https:\\\/\\\/www.bellunopress.it\\\/2025\\\/10\\\/28\\\/ponte-nelle-alpi-si-prepara-per-il-dolomusic-fest-halloween-e-oltre-due-notti-di-musica-ai-piedi-delle-dolomiti\\\/#breadcrumb\",\"itemListElement\":[{\"@type\":\"ListItem\",\"position\":1,\"name\":\"Home\",\"item\":\"https:\\\/\\\/www.bellunopress.it\\\/\"},{\"@type\":\"ListItem\",\"position\":2,\"name\":\"Ponte nelle Alpi si prepara per il &#8220;Dolomusic Fest&#8221;: Halloween e oltre, due notti di musica ai piedi delle Dolomiti\"}]},{\"@type\":\"WebSite\",\"@id\":\"https:\\\/\\\/www.bellunopress.it\\\/#website\",\"url\":\"https:\\\/\\\/www.bellunopress.it\\\/\",\"name\":\"Bellunopress - Dolomiti\",\"description\":\"e-mail: redazione@bellunopress.it\",\"publisher\":{\"@id\":\"https:\\\/\\\/www.bellunopress.it\\\/#organization\"},\"potentialAction\":[{\"@type\":\"SearchAction\",\"target\":{\"@type\":\"EntryPoint\",\"urlTemplate\":\"https:\\\/\\\/www.bellunopress.it\\\/?s={search_term_string}\"},\"query-input\":{\"@type\":\"PropertyValueSpecification\",\"valueRequired\":true,\"valueName\":\"search_term_string\"}}],\"inLanguage\":\"fr-FR\"},{\"@type\":\"Organization\",\"@id\":\"https:\\\/\\\/www.bellunopress.it\\\/#organization\",\"name\":\"Bellunopress\",\"url\":\"https:\\\/\\\/www.bellunopress.it\\\/\",\"logo\":{\"@type\":\"ImageObject\",\"inLanguage\":\"fr-FR\",\"@id\":\"https:\\\/\\\/www.bellunopress.it\\\/#\\\/schema\\\/logo\\\/image\\\/\",\"url\":\"https:\\\/\\\/www.bellunopress.it\\\/wp-content\\\/uploads\\\/2011\\\/05\\\/cropped-logo-bellunopress-.jpg\",\"contentUrl\":\"https:\\\/\\\/www.bellunopress.it\\\/wp-content\\\/uploads\\\/2011\\\/05\\\/cropped-logo-bellunopress-.jpg\",\"width\":512,\"height\":512,\"caption\":\"Bellunopress\"},\"image\":{\"@id\":\"https:\\\/\\\/www.bellunopress.it\\\/#\\\/schema\\\/logo\\\/image\\\/\"},\"sameAs\":[\"https:\\\/\\\/www.facebook.com\\\/profile.php?id=100008943462799\",\"https:\\\/\\\/x.com\\\/bellunopress\",\"https:\\\/\\\/www.linkedin.com\\\/hp\\\/?dnr=JBzUWaJfMUw8vbXJJ2tVW5-I3jZKvC4wsoxE&amp;amp;amp;amp;amp;amp;trk=nav_responsive_tab_home\",\"https:\\\/\\\/www.youtube.com\\\/channel\\\/UCxL0wu1uN0_3_7hGG0306cw\"]},{\"@type\":\"Person\",\"@id\":\"https:\\\/\\\/www.bellunopress.it\\\/#\\\/schema\\\/person\\\/79bb06722b37ece1c03d3e94beb30d73\",\"name\":\"redazione\",\"image\":{\"@type\":\"ImageObject\",\"inLanguage\":\"fr-FR\",\"@id\":\"https:\\\/\\\/secure.gravatar.com\\\/avatar\\\/37d968a2e67a6fd04c169c4bdef102d0bc5d31b2546345219e348575eb80e9a0?s=96&d=mm&r=g\",\"url\":\"https:\\\/\\\/secure.gravatar.com\\\/avatar\\\/37d968a2e67a6fd04c169c4bdef102d0bc5d31b2546345219e348575eb80e9a0?s=96&d=mm&r=g\",\"contentUrl\":\"https:\\\/\\\/secure.gravatar.com\\\/avatar\\\/37d968a2e67a6fd04c169c4bdef102d0bc5d31b2546345219e348575eb80e9a0?s=96&d=mm&r=g\",\"caption\":\"redazione\"},\"sameAs\":[\"http:\\\/\\\/www.bellunopress.it\",\"https:\\\/\\\/x.com\\\/bellunopress\"],\"url\":\"https:\\\/\\\/www.bellunopress.it\\\/fr\\\/author\\\/redazione\\\/\"}]}<\/script>\n<!-- \/ Yoast SEO plugin. -->","yoast_head_json":{"title":"Ponte nelle Alpi si prepara per il \"Dolomusic Fest\": Halloween e oltre, due notti di musica ai piedi delle Dolomiti - Bellunopress - Dolomiti","robots":{"index":"index","follow":"follow","max-snippet":"max-snippet:-1","max-image-preview":"max-image-preview:large","max-video-preview":"max-video-preview:-1"},"canonical":"https:\/\/www.bellunopress.it\/fr\/2025\/10\/28\/ponte-nelle-alpi-si-prepara-per-il-dolomusic-fest-halloween-e-oltre-due-notti-di-musica-ai-piedi-delle-dolomiti\/","og_locale":"fr_FR","og_type":"article","og_title":"Ponte nelle Alpi si prepara per il \"Dolomusic Fest\": Halloween e oltre, due notti di musica ai piedi delle Dolomiti - Bellunopress - Dolomiti","og_description":"DOLOMUSIC FEST:\u00a0 Dove la musica incontra le Dolomiti. Vivi l&#8217;emozione, accendi la notte Ponte nelle Alpi, 28 ottobre 2025 \u2013 Tutto pronto per il Dolomusic Fest, il nuovo grande evento che si appresta ad accendere il weekend di Halloween, trasformando l&#8217;area dello stadio &#8220;U. Orzes&#8221; di Polpet nel cuore pulsante del divertimento autunnale bellunese. Organizzato [&hellip;]","og_url":"https:\/\/www.bellunopress.it\/fr\/2025\/10\/28\/ponte-nelle-alpi-si-prepara-per-il-dolomusic-fest-halloween-e-oltre-due-notti-di-musica-ai-piedi-delle-dolomiti\/","og_site_name":"Bellunopress - Dolomiti","article_publisher":"https:\/\/www.facebook.com\/profile.php?id=100008943462799","article_published_time":"2025-10-28T16:37:43+00:00","og_image":[{"width":600,"height":600,"url":"https:\/\/www.bellunopress.it\/wp-content\/uploads\/2025\/10\/Dolomusic-Ponte-nelle-Alpi.jpg","type":"image\/jpeg"}],"author":"redazione","twitter_card":"summary_large_image","twitter_creator":"@bellunopress","twitter_site":"@bellunopress","twitter_misc":{"\u00c9crit par":"redazione","Dur\u00e9e de lecture estim\u00e9e":"2 minutes"},"schema":{"@context":"https:\/\/schema.org","@graph":[{"@type":"Article","@id":"https:\/\/www.bellunopress.it\/2025\/10\/28\/ponte-nelle-alpi-si-prepara-per-il-dolomusic-fest-halloween-e-oltre-due-notti-di-musica-ai-piedi-delle-dolomiti\/#article","isPartOf":{"@id":"https:\/\/www.bellunopress.it\/2025\/10\/28\/ponte-nelle-alpi-si-prepara-per-il-dolomusic-fest-halloween-e-oltre-due-notti-di-musica-ai-piedi-delle-dolomiti\/"},"author":{"name":"redazione","@id":"https:\/\/www.bellunopress.it\/#\/schema\/person\/79bb06722b37ece1c03d3e94beb30d73"},"headline":"Ponte nelle Alpi si prepara per il &#8220;Dolomusic Fest&#8221;: Halloween e oltre, due notti di musica ai piedi delle Dolomiti","datePublished":"2025-10-28T16:37:43+00:00","mainEntityOfPage":{"@id":"https:\/\/www.bellunopress.it\/2025\/10\/28\/ponte-nelle-alpi-si-prepara-per-il-dolomusic-fest-halloween-e-oltre-due-notti-di-musica-ai-piedi-delle-dolomiti\/"},"wordCount":473,"publisher":{"@id":"https:\/\/www.bellunopress.it\/#organization"},"image":{"@id":"https:\/\/www.bellunopress.it\/2025\/10\/28\/ponte-nelle-alpi-si-prepara-per-il-dolomusic-fest-halloween-e-oltre-due-notti-di-musica-ai-piedi-delle-dolomiti\/#primaryimage"},"thumbnailUrl":"https:\/\/www.bellunopress.it\/wp-content\/uploads\/2025\/10\/Dolomusic-Ponte-nelle-Alpi.jpg","articleSection":["Pausa Caff\u00e8","Societ\u00e0, Associazioni, Istituzioni","Sport, tempo libero"],"inLanguage":"fr-FR"},{"@type":"WebPage","@id":"https:\/\/www.bellunopress.it\/2025\/10\/28\/ponte-nelle-alpi-si-prepara-per-il-dolomusic-fest-halloween-e-oltre-due-notti-di-musica-ai-piedi-delle-dolomiti\/","url":"https:\/\/www.bellunopress.it\/2025\/10\/28\/ponte-nelle-alpi-si-prepara-per-il-dolomusic-fest-halloween-e-oltre-due-notti-di-musica-ai-piedi-delle-dolomiti\/","name":"Ponte nelle Alpi si prepara per il \"Dolomusic Fest\": Halloween e oltre, due notti di musica ai piedi delle Dolomiti - Bellunopress - Dolomiti","isPartOf":{"@id":"https:\/\/www.bellunopress.it\/#website"},"primaryImageOfPage":{"@id":"https:\/\/www.bellunopress.it\/2025\/10\/28\/ponte-nelle-alpi-si-prepara-per-il-dolomusic-fest-halloween-e-oltre-due-notti-di-musica-ai-piedi-delle-dolomiti\/#primaryimage"},"image":{"@id":"https:\/\/www.bellunopress.it\/2025\/10\/28\/ponte-nelle-alpi-si-prepara-per-il-dolomusic-fest-halloween-e-oltre-due-notti-di-musica-ai-piedi-delle-dolomiti\/#primaryimage"},"thumbnailUrl":"https:\/\/www.bellunopress.it\/wp-content\/uploads\/2025\/10\/Dolomusic-Ponte-nelle-Alpi.jpg","datePublished":"2025-10-28T16:37:43+00:00","breadcrumb":{"@id":"https:\/\/www.bellunopress.it\/2025\/10\/28\/ponte-nelle-alpi-si-prepara-per-il-dolomusic-fest-halloween-e-oltre-due-notti-di-musica-ai-piedi-delle-dolomiti\/#breadcrumb"},"inLanguage":"fr-FR","potentialAction":[{"@type":"ReadAction","target":["https:\/\/www.bellunopress.it\/2025\/10\/28\/ponte-nelle-alpi-si-prepara-per-il-dolomusic-fest-halloween-e-oltre-due-notti-di-musica-ai-piedi-delle-dolomiti\/"]}]},{"@type":"ImageObject","inLanguage":"fr-FR","@id":"https:\/\/www.bellunopress.it\/2025\/10\/28\/ponte-nelle-alpi-si-prepara-per-il-dolomusic-fest-halloween-e-oltre-due-notti-di-musica-ai-piedi-delle-dolomiti\/#primaryimage","url":"https:\/\/www.bellunopress.it\/wp-content\/uploads\/2025\/10\/Dolomusic-Ponte-nelle-Alpi.jpg","contentUrl":"https:\/\/www.bellunopress.it\/wp-content\/uploads\/2025\/10\/Dolomusic-Ponte-nelle-Alpi.jpg","width":600,"height":600},{"@type":"BreadcrumbList","@id":"https:\/\/www.bellunopress.it\/2025\/10\/28\/ponte-nelle-alpi-si-prepara-per-il-dolomusic-fest-halloween-e-oltre-due-notti-di-musica-ai-piedi-delle-dolomiti\/#breadcrumb","itemListElement":[{"@type":"ListItem","position":1,"name":"Home","item":"https:\/\/www.bellunopress.it\/"},{"@type":"ListItem","position":2,"name":"Ponte nelle Alpi si prepara per il &#8220;Dolomusic Fest&#8221;: Halloween e oltre, due notti di musica ai piedi delle Dolomiti"}]},{"@type":"WebSite","@id":"https:\/\/www.bellunopress.it\/#website","url":"https:\/\/www.bellunopress.it\/","name":"Bellunopress - Dolomiti","description":"e-mail: redazione@bellunopress.it","publisher":{"@id":"https:\/\/www.bellunopress.it\/#organization"},"potentialAction":[{"@type":"SearchAction","target":{"@type":"EntryPoint","urlTemplate":"https:\/\/www.bellunopress.it\/?s={search_term_string}"},"query-input":{"@type":"PropertyValueSpecification","valueRequired":true,"valueName":"search_term_string"}}],"inLanguage":"fr-FR"},{"@type":"Organization","@id":"https:\/\/www.bellunopress.it\/#organization","name":"Bellunopress","url":"https:\/\/www.bellunopress.it\/","logo":{"@type":"ImageObject","inLanguage":"fr-FR","@id":"https:\/\/www.bellunopress.it\/#\/schema\/logo\/image\/","url":"https:\/\/www.bellunopress.it\/wp-content\/uploads\/2011\/05\/cropped-logo-bellunopress-.jpg","contentUrl":"https:\/\/www.bellunopress.it\/wp-content\/uploads\/2011\/05\/cropped-logo-bellunopress-.jpg","width":512,"height":512,"caption":"Bellunopress"},"image":{"@id":"https:\/\/www.bellunopress.it\/#\/schema\/logo\/image\/"},"sameAs":["https:\/\/www.facebook.com\/profile.php?id=100008943462799","https:\/\/x.com\/bellunopress","https:\/\/www.linkedin.com\/hp\/?dnr=JBzUWaJfMUw8vbXJJ2tVW5-I3jZKvC4wsoxE&amp;amp;amp;amp;amp;amp;trk=nav_responsive_tab_home","https:\/\/www.youtube.com\/channel\/UCxL0wu1uN0_3_7hGG0306cw"]},{"@type":"Person","@id":"https:\/\/www.bellunopress.it\/#\/schema\/person\/79bb06722b37ece1c03d3e94beb30d73","name":"r\u00e9daction","image":{"@type":"ImageObject","inLanguage":"fr-FR","@id":"https:\/\/secure.gravatar.com\/avatar\/37d968a2e67a6fd04c169c4bdef102d0bc5d31b2546345219e348575eb80e9a0?s=96&d=mm&r=g","url":"https:\/\/secure.gravatar.com\/avatar\/37d968a2e67a6fd04c169c4bdef102d0bc5d31b2546345219e348575eb80e9a0?s=96&d=mm&r=g","contentUrl":"https:\/\/secure.gravatar.com\/avatar\/37d968a2e67a6fd04c169c4bdef102d0bc5d31b2546345219e348575eb80e9a0?s=96&d=mm&r=g","caption":"redazione"},"sameAs":["http:\/\/www.bellunopress.it","https:\/\/x.com\/bellunopress"],"url":"https:\/\/www.bellunopress.it\/fr\/author\/redazione\/"}]}},"_links":{"self":[{"href":"https:\/\/www.bellunopress.it\/fr\/wp-json\/wp\/v2\/posts\/164479","targetHints":{"allow":["GET"]}}],"collection":[{"href":"https:\/\/www.bellunopress.it\/fr\/wp-json\/wp\/v2\/posts"}],"about":[{"href":"https:\/\/www.bellunopress.it\/fr\/wp-json\/wp\/v2\/types\/post"}],"author":[{"embeddable":true,"href":"https:\/\/www.bellunopress.it\/fr\/wp-json\/wp\/v2\/users\/2"}],"replies":[{"embeddable":true,"href":"https:\/\/www.bellunopress.it\/fr\/wp-json\/wp\/v2\/comments?post=164479"}],"version-history":[{"count":1,"href":"https:\/\/www.bellunopress.it\/fr\/wp-json\/wp\/v2\/posts\/164479\/revisions"}],"predecessor-version":[{"id":164481,"href":"https:\/\/www.bellunopress.it\/fr\/wp-json\/wp\/v2\/posts\/164479\/revisions\/164481"}],"wp:featuredmedia":[{"embeddable":true,"href":"https:\/\/www.bellunopress.it\/fr\/wp-json\/wp\/v2\/media\/164480"}],"wp:attachment":[{"href":"https:\/\/www.bellunopress.it\/fr\/wp-json\/wp\/v2\/media?parent=164479"}],"wp:term":[{"taxonomy":"category","embeddable":true,"href":"https:\/\/www.bellunopress.it\/fr\/wp-json\/wp\/v2\/categories?post=164479"},{"taxonomy":"post_tag","embeddable":true,"href":"https:\/\/www.bellunopress.it\/fr\/wp-json\/wp\/v2\/tags?post=164479"}],"curies":[{"name":"wp","href":"https:\/\/api.w.org\/{rel}","templated":true}]}}