{"id":164472,"date":"2025-10-28T10:04:05","date_gmt":"2025-10-28T09:04:05","guid":{"rendered":"https:\/\/www.bellunopress.it\/?p=164472"},"modified":"2025-10-29T06:57:12","modified_gmt":"2025-10-29T05:57:12","slug":"la-mistificazione-della-realta-ieri-berlusconi-oggi-salvini-e-meloni-di-enzo-de-biasi","status":"publish","type":"post","link":"https:\/\/www.bellunopress.it\/fr\/2025\/10\/28\/la-mistificazione-della-realta-ieri-berlusconi-oggi-salvini-e-meloni-di-enzo-de-biasi\/","title":{"rendered":"La mistificazione della realt\u00e0, ieri\u00a0Berlusconi, oggi Salvini e Meloni   * di Enzo De Biasi"},"content":{"rendered":"<figure id=\"attachment_142018\" aria-describedby=\"caption-attachment-142018\" style=\"width: 1000px\" class=\"wp-caption aligncenter\"><img loading=\"lazy\" decoding=\"async\" class=\"size-full wp-image-142018\" src=\"https:\/\/www.bellunopress.it\/wp-content\/uploads\/2023\/06\/Berlusconi-in-Veneto_edited.jpg\" alt=\"\" width=\"1000\" height=\"750\" srcset=\"https:\/\/www.bellunopress.it\/wp-content\/uploads\/2023\/06\/Berlusconi-in-Veneto_edited.jpg 1000w, https:\/\/www.bellunopress.it\/wp-content\/uploads\/2023\/06\/Berlusconi-in-Veneto_edited-500x375.jpg 500w, https:\/\/www.bellunopress.it\/wp-content\/uploads\/2023\/06\/Berlusconi-in-Veneto_edited-696x522.jpg 696w, https:\/\/www.bellunopress.it\/wp-content\/uploads\/2023\/06\/Berlusconi-in-Veneto_edited-560x420.jpg 560w, https:\/\/www.bellunopress.it\/wp-content\/uploads\/2023\/06\/Berlusconi-in-Veneto_edited-80x60.jpg 80w, https:\/\/www.bellunopress.it\/wp-content\/uploads\/2023\/06\/Berlusconi-in-Veneto_edited-265x198.jpg 265w\" sizes=\"auto, (max-width: 1000px) 100vw, 1000px\" \/><figcaption id=\"caption-attachment-142018\" class=\"wp-caption-text\">Berlusconi in Veneto, giugno 2023<\/figcaption><\/figure>\n<p><strong><em>Silvio Berlusconi<\/em><\/strong><em>: l&#8217;illusionista che fece <strong>&#8216;Sognare gli Italiani&#8217;<\/strong> e l&#8217;eredit\u00e0 di Cinque Miliardi di Euro<\/em><\/p>\n<p>Le forze politiche di destra-centro, Lega, Forza Italia, FdI (gi\u00e0 An), sono contestabili per la loro ipocrisia sull&#8217;Autonomia Differenziata non realizzata in Veneto. Nonostante il Consiglio Regionale \u00a0avesse votato all&#8217;unanimit\u00e0, la richiesta di autonomia gi\u00e0 nel <strong>2007<\/strong>, questi stessi partiti (allora nel Governo Berlusconi 2008-2011) <strong>non accolsero<\/strong> la richiesta: <strong>diciotto anni<\/strong> or sono. Oggi, ottobre-novembre 2025, in piena campagna elettorale, \u00e8 comico vedere \u00a0<em>Zaia e Stefani-Lega, De Carlo-FdI e Tosi-F.I<\/em>. riproporre la promessa non mantenuta perfino dopo il costoso referendum del <strong>2017<\/strong> e il fallimento del Governo M5Stelle -Lega, 2018-2019, Vive Presidente\u00a0 M. Salvini, <strong>otto anni fa<\/strong>.<\/p>\n<p>Il Governo Berlusconi IV \u00e8 durato solo <strong>tre anni<\/strong> prima di concludere malamente l&#8217;esperienza a guida forzista. La crisi fu innescata da una ragione interna: nel <strong>2010<\/strong>, <strong>Gianfranco Fini<\/strong> lasci\u00f2 il Popolo della Libert\u00e0 (PdL) per fondare &#8220;Futuro e Libert\u00e0 per l&#8217;Italia&#8221; (FLI), mossa che, pur destabilizzando l&#8217;esecutivo, non port\u00f2 successo elettorale al nuovo partito.<\/p>\n<p><strong>La crisi <\/strong>del debito sovrano rappresent\u00f2 la seconda scossa che port\u00f2 alla caduta del Governo Berlusconi. Lo spread (differenza tra BTP italiani a 10 anni e Bund tedeschi) super\u00f2 i <em>550 punti base<\/em>, segnalando una grave sfiducia dei mercati finanziari verso l&#8217;Italia. Ci\u00f2 evidenzi\u00f2 l&#8217;incapacit\u00e0 dell&#8217;allora Premier, sebbene abile nei suoi affari privati, di gestire efficacemente i conti pubblici nazionali.<\/p>\n<p>Il discorso televisivo di <strong>Silvio Berlusconi<\/strong> del <strong>1994<\/strong> \u2013 memorabile e trasmesso, urbi et orbi, a tutta la &#8220;gente&#8221; \u2013 sanc\u00ec la sua &#8220;discesa in campo&#8221; con parole chiare e dirette: <strong>\u201c<\/strong><em>L\u2019Italia \u00e8 un Paese che amo. Ho scelto di scendere in campo e di occuparmi della cosa pubblica perch\u00e9 non voglio vivere in un Paese illiberale, governato da forze immature.\u201d<\/em><\/p>\n<p><strong>Indro Montanelli<\/strong>, amico della cerchia ristretta in giovent\u00f9 fascista liberalconservatore in maturit\u00e0, cerc\u00f2 di dissuadere Silvio Berlusconi dall&#8217;assumere la guida del Paese. La critica del Maestro del giornalismo si concentrava sul principio che un imprenditore con rilevanti interessi privati non dovesse guidare la Nazione. La censura non era diretta solo al nascente <strong>&#8220;partito-azienda&#8221;<\/strong>, ma al <em>&#8220;principio stesso di mescolare affari pubblici con quelli personali e imprenditoriali.&#8221;<\/em> Per Indro Montanelli, la politica era una missione e un <em>servizio pubblico<\/em> che richiedeva onest\u00e0, assenza di demagogia e una <em>&#8220;attenzione scrupolosa al bilancio dello Stato&#8221;,<\/em> una volta liberi da &#8220;interessenze proprie&#8221;. Questi principi, che egli applicava alla critica della politica contemporanea, erano da lui visti come gli ideali perseguiti dalla <strong>destra liberale<\/strong> dei primi anni del Regno d&#8217;Italia, et\u00e0 monarchico-sabauda.<\/p>\n<p>Le scelte di <strong>Silvio Berlusconi<\/strong> si discostarono dai moniti di Montanelli. Il titolare di <strong>Fininvest<\/strong> entr\u00f2 in politica nei primi anni &#8217;90 pur trovandosi in una <strong>delicata condizione finanziaria<\/strong> a causa dell&#8217;elevato debito aziendale, stimato in migliaia di miliardi di lire. Questo avvenne in un contesto storico di profonda crisi, dovuto al crollo del Muro di Berlino (1989) e allo <strong>tsunami giudiziario di Mani Pulite<\/strong> (1992), che aveva provocato il collasso dei partiti tradizionali, lasciando un vuoto di potere. Il <strong>crollo dell&#8217;URSS<\/strong> -Unione Repubbliche Socialiste Sovietiche, causato dall&#8217;implosione del regime comunista russo, elimin\u00f2 la ragione d&#8217;essere del <strong>PCI<\/strong> (Partito Comunista Italiano), il secondo partito pi\u00f9 votato in Italia. Il PCI si trasform\u00f2 progressivamente in <strong>PDS<\/strong>, poi in <strong>DS<\/strong>, fino a confluire nel <strong>2007<\/strong> con La Margherita, insieme di laici e cattolici, \u00a0nel <strong>PD<\/strong> (Partito Democratico), il cui simbolo attuale presenta i colori della bandiera italiana.<\/p>\n<p>Contemporaneamente, lo tsunami giudiziario inizi\u00f2 il 17 febbraio 1992 con l&#8217;arresto in flagranza di reato dell&#8217;esponente del PSI Mario Chiesa a Milano per una tangente di 7 milioni di lire (circa \u20ac 7.230 in potere d&#8217;acquisto rivalutato). Questo evento diede il via a <strong>Mani Pulite. <\/strong>L&#8217;arresto di <strong>Mario Chiesa<\/strong> \u2013 che il Segretario Nazionale del PSI, <strong>Bettino Craxi<\/strong>, aveva inizialmente minimizzato come il caso di un <strong>&#8220;mariuolo isolato&#8221;<\/strong> \u2013 in realt\u00e0 <strong>&#8220;scoperchi\u00f2 il vaso di Pandora&#8221; <\/strong>del sistema di corruzione diffuso a tutti i livelli; segnando cos\u00ec l&#8217;inizio della fine della prima fase della Repubblica.<\/p>\n<p>Indro Montanelli comment\u00f2 la stagione di Tangentopoli affermando che <strong>&#8220;la corruzione era cosa nota e risaputa a tutti i livelli, \u2026 finch\u00e9 c\u2019era il comunismo non si poteva cambiare la classe politica che c\u2019era \u2026crollato il muro \u2026\u2026 gli italiani aspettavano Tangentopoli&#8230;&#8221;<\/strong> Utile ricordare che <strong>Bettino Craxi<\/strong>, leader del PSI nazionale travolto da Mani Pulite, era amico personale di Silvio Berlusconi e garante dello sviluppo della sua galassia aziendale.<\/p>\n<p>I testi di economia definiscono l&#8217;<strong>imprenditore liberale<\/strong> colui che <strong>&#8220;<\/strong><em>ama e ricerca la concorrenza, la competizione libera e alla pari<\/em><strong>&#8220;<\/strong> per massimizzare l&#8217;innovazione e il benessere collettivo. Viceversa, l&#8217;imprenditore che cerca <strong>&#8220;aiuto&#8221; di politici amici<\/strong> per conquistare fette di mercato non agisce secondo i principi liberali, ma si muove nell&#8217;ambito del <strong>clientelismo<\/strong> e della <strong>ricerca di rendita., &#8220;rent-seeking&#8221;<\/strong>. Il <em>tycoon<\/em> milanese \u00e8 stato un brillante imprenditore, concentrato in due settori: <strong>edilizia<\/strong> e <strong>frequenze televisive<\/strong>. Questi rami, apparentemente distanti, sono accomunati dal fatto di dipendere fortemente dalle <strong>regole, dai criteri e dai tempi<\/strong> fissati dalla <strong>dirigenza politica<\/strong>, che ha il potere di legiferare e amministrare le istituzioni pubbliche.<\/p>\n<p>&nbsp;<\/p>\n<p><strong>Il soggetto pubblico, (<\/strong>le Pubbliche amministrazioni competenti), \u00e8 l\u2019entit\u00e0 che d\u00e0 \u00a0i<strong> permessi e concessioni, <\/strong>sia per il &#8220;lotto fisico di terreno&#8221; nell&#8217;edilizia che per quello &#8220;spaziale di natura immateriale&#8221; delle frequenze TV. Le societ\u00e0 private, concessionarie, pagando il dovuto, lavorano in questi ambiti per trarne il massimo profitto, beneficiando di <strong>&#8220;diritti esclusivi&#8221;<\/strong> sulle attivit\u00e0 autorizzate. In questo mercato a concorrenza limitata (edilizia, TV), la variabile strategica per l&#8217;imprenditore \u00e8 disporre di <strong>&#8220;ottime relazioni ed entrature politiche\u201d.<\/strong> Un esempio emblematico \u00e8 il salvataggio delle reti Fininvest (Canale 5, Italia 1, Rete 4) nell&#8217;ottobre <strong>1984. <\/strong>Dopo che i pretori le avevano oscurate per violazione del monopolio RAI, il <strong>Governo Craxi I<\/strong> eman\u00f2 d&#8217;urgenza un <strong>decreto-legge<\/strong> (non ostacolato dal PCI) che permise alle reti di Silvio Berlusconi di continuare imperterrite\u00a0 \u00a0a trasmettere su scala nazionale.<\/p>\n<p>Dopo il collasso dell&#8217;<strong><em>ancien r\u00e9gime<\/em><\/strong> partitocratico tra il <strong>1989 e il 1992<\/strong>, l&#8217;editore televisivo <strong>Silvio Berlusconi<\/strong> &#8220;scende in campo&#8221;, fondando <strong>&#8220;Forza Italia&#8221;<\/strong>. Questo <strong>partito padronale e monarchico<\/strong> gli permise di intervenire direttamente nelle istituzioni per tutelare i propri interessi personali e aziendali.<\/p>\n<p>La <strong>commistione tra interessi pubblici e privati<\/strong> fu immediatamente evidente: a luglio <strong>1994<\/strong>, il primo Governo Berlusconi adott\u00f2 un decreto che modific\u00f2 la Legge Mamm\u00ec e <strong>prorog\u00f2 l&#8217;uso delle frequenze<\/strong> da parte di <strong>Mediaset<\/strong>. Questo atto, uno <strong>&#8220;<\/strong><em>sfregio delle regole a favore di uno non uguale agli altri davanti alla legge<\/em><strong>&#8220;<\/strong>, salv\u00f2 di fatto <strong>Rete 4<\/strong> dall&#8217;obbligo di cessare le trasmissioni, evitando il passaggio al satellite o al digitale. La legge <em>ad personam<\/em> del luglio <strong>1994<\/strong> a favore di Mediaset suscit\u00f2 la ferma opposizione del <strong>PDS<\/strong> (ex-PCI), che denunci\u00f2 i rischi per la democrazia. Come conseguenza, <strong>cinque ministri del PPI<\/strong> (Partito Popolare Italiano, gi\u00e0 DC), tra cui <strong>Sergio Mattarella<\/strong> (attuale Presidente della Repubblica), si dimisero per dissenso. Il Ministro <strong>Carlo Fracanzani<\/strong> (PPI) critic\u00f2 in particolare il decreto perch\u00e9 in contrasto con i principi europei di <strong>concorrenza e trasparenza<\/strong>. Queste tensioni interne ed esterne portarono al naufragio del <strong>primo Governo Berlusconi<\/strong> il <strong>22 dicembre 1994<\/strong>.<\/p>\n<p><strong>Sergio Mattarella<\/strong> (allora Ministro dell\u2019Istruzione) e <strong>Carlo Fracanzani<\/strong> (Partecipazioni Statali), assieme ad altri tre Ministri DC (Martinazzoli, Mannino, Misasi), si dimisero nel <strong>luglio 1990<\/strong> dal Governo Andreotti VI per motivi <strong>etici e costituzionali<\/strong>.\u00a0 La protesta era contro la cosiddetta <strong>Legge \u201cMamm\u00ec\u201d (n. 223\/agosto 1990)<\/strong> che, legalizzando la posizione dominante di <strong>Fininvest<\/strong> (Silvio Berlusconi), <strong>&#8220;legittimava la situazione di monopolio\/duopolio esistente&#8221;<\/strong>. I due lasciarono poi anche il Governo Berlusconi I (1994-1995) per gli stessi motivi: la legge favoriva <strong>&#8220;l&#8217;interesse privato di un singolo imprenditore a scapito del bene pubblico&#8221;<\/strong>, tradendo i principi di pluralismo e concorrenza.<\/p>\n<p><strong>&#8220;Business is business&#8221;. <\/strong>In questa e in molte altre circostanze, le <strong>logiche del profitto<\/strong> personali e aziendali di Silvio Berlusconi prevalsero sugli interessi pubblici e sulla pluralit\u00e0 dell&#8217;informazione. I <strong>precetti liberali di Montanelli<\/strong> vennero totalmente ignorati, relegati a mere questioni accademiche, trattate in <strong>&#8220;dotte analisi&#8221;<\/strong> e libri per una ristretta \u00e9lite, a dimostrazione della <strong>scarsa incidenza etica<\/strong> sulla realt\u00e0 politica italiana.<\/p>\n<p><strong>Silvio Berlusconi<\/strong> tent\u00f2 espansioni all&#8217;estero: ebbe successo con <strong>Telecinco<\/strong> in Spagna, ma sub\u00ec un <strong>disastro economico<\/strong> in Francia con <strong>La Cinq<\/strong>, liquidata nel <strong>1992,<\/strong> due anni prima della sua &#8220;discesa in politica&#8221;. Ancor oggi, il <strong>core business<\/strong> di <strong>MFE-MediaForEurope<\/strong> rimane l&#8217;Italia: nel <strong>2023<\/strong>, su ricavi netti totali di <strong>2.808 miliardi di \u20ac<\/strong>, circa il <strong>65%<\/strong> (1.825 mld \u20ac) \u00e8 stato generato dal mercato italiano (<strong>Mediaset S.p.A.<\/strong>), e il restante <strong>35%<\/strong> ($983$ mln \u20ac) dal mercato spagnolo (<strong>MFE-Spain<\/strong>).<\/p>\n<p><em>I quattro governi berlusconiani \u00a0non hanno prodotto una crescita economica significativa e non hanno risolto i problemi strutturali italiani.<\/em><\/p>\n<p>La <strong>&#8220;rivoluzione liberale<\/strong>&#8221; di Silvio Berlusconi \u00e8 rimasta solo uno slogan, promessa fin dall&#8217;esordio ministeriale (1994) ma mai realizzata; \u00e8 stata sfruttata in abbondanza solo nei momenti elettorali. Sul risanamento del debito statale e la riduzione fiscale, il giornalista economico <strong>Oscar Fulvio Giannino<\/strong> ha dichiarato: <strong>\u201cDebito Pubblico? I Governi Berlusconi sono stati i maggiori responsabili\u201d<\/strong>. Nello specifico, il Governo <strong>1994-1996<\/strong> produsse un incremento giornaliero del debito pubblico pari a <strong>330 milioni di \u20ac<\/strong>, mentre l&#8217;ultimo esecutivo (2008-2011) gener\u00f2 <strong>217,8 milioni di \u20ac<\/strong> di debito giornaliero. La &#8220;palma del pi\u00f9 virtuoso&#8221; nella gestione del debito spetta ai governi di centrosinistra (<strong>D&#8217;Alema<\/strong>: 76,3 mln \u20ac\/giorno, <strong>Prodi<\/strong>: 96,2 e 97,5 mln \u20ac\/giorno). Oscar Giannino conclude che, su un debito pubblico totale di <strong>1.931 miliardi di \u20ac<\/strong> stimato a settembre 2011, i <strong>quattro governi Berlusconi<\/strong> hanno contribuito per <strong>557,2$ miliardi<\/strong>, ovvero il <strong>28,8%<\/strong> del debito totale generato nei circa 3.200<strong> giorni<\/strong> della sua <em>governance<\/em>.<\/p>\n<p>La riduzione delle aliquote IRPEF (da cinque a quattro scaglioni) avvenne nel <strong>2007<\/strong>, sotto il <strong>Governo Prodi II<\/strong>. Nonostante fossero definite <strong>&#8220;forze politiche irresponsabili e immature&#8221;<\/strong> da Berlusconi, i governi guidati da <strong>D\u2019Alema e Prodi<\/strong> hanno dato attenzione al debito e alla riduzione delle aliquote fiscali, mantenendo l&#8217;Italia un &#8220;Paese liberale&#8221;. Di tale contesto ha beneficiato anche Silvio Berlusconi, il cui &#8220;<em>proficuo e onorato servizio prestato alla Nazione<\/em>&#8221; ha incluso un patrimonio stimato oggi in circa <strong>cinque miliardi di \u20ac<\/strong> lasciato agli eredi.<\/p>\n<p>L&#8217;unica questione aperta riguarda il destino di <strong>Forza Italia (FI)<\/strong>, che ha un debito di quasi <strong>cento milioni di \u20ac<\/strong> verso il suo fondatore, Silvio Berlusconi, il quale lo aveva saldato personalmente alle banche. Il creditore \u00e8 ora il defunto Presidente, la cui presenza in FI \u00e8 solo <strong>&#8220;in remoto, in ritratto&#8221;<\/strong>. La decisione di riscuotere il credito spetta agli <strong>eredi<\/strong> che, finora, si sono astenuti. I familiari, <strong>&#8220;persone di stile e di sostanza&#8221;<\/strong> che conoscono il valore dei <strong>&#8220;buoni servigi&#8221;<\/strong> offerti dal partito al Governo, si limitano a fornire <strong>&#8220;consigli e proposte&#8221;<\/strong> dall&#8217;esterno.<\/p>\n<p><strong><em>L&#8217;Influenza di Fininvest sulla &#8220;Tassa Extra-Profitti&#8221;<\/em><\/strong><\/p>\n<p>In una riunione pubblica il <strong>23 ottobre 2023<\/strong>, <strong>Marina Berlusconi<\/strong> (azionista di Mediolanum, posseduta tramite Fininvest) critic\u00f2 aspramente la &#8220;tassa extra-profitti&#8221; sulle banche del Governo Meloni. <strong>Forza Italia (FI)<\/strong> colse il &#8220;suggerimento&#8221;: la tassa fu rapidamente modificata in un&#8217;<strong>opzione facoltativa<\/strong> per gli istituti di credito. Le banche potevano scegliere tra pagare la tassa riformulata o accantonare un importo pari ad almeno <strong>$2,5$ volte<\/strong> l&#8217;ammontare dell&#8217;imposta stessa in un fondo non distribuibile agli azionisti. I banchieri optarono per la seconda possibilit\u00e0.<\/p>\n<p>Nella <strong>Finanziaria 2026<\/strong> (versione depositata al Senato il 23 ottobre), il gettito stimato da banche e assicurazioni per i prossimi tre anni \u00e8 di circa <strong>$10$ miliardi di \u20ac<\/strong>. Di questi, <strong>$4,24$ miliardi<\/strong> deriveranno da un mix di misure: aumento IRAP, imposta sostitutiva sugli extraprofitti e rimodulazione temporale delle DTA (crediti d&#8217;imposta).<\/p>\n<p>I due Vicepremier mantengono una <strong>&#8220;campagna elettorale permanente&#8221;<\/strong> fatta di polemiche pubbliche, ignorando i <strong>bisogni reali<\/strong> dei cittadini (salute, lavoro, salario minimo, ambiente). Questa situazione crea una dicotomia ironica tra coloro che sono <strong>&#8220;influenti, senza avere l\u2019influenza&#8221;<\/strong>, oltre ai due volti noti, va aggiunta la primadonna\u00a0 Presidente del Consiglio dei\u00a0 Ministri, la triade governante che influenza i media. Mentre i <strong>milioni di italiani<\/strong> , <strong>da ben tre anni<\/strong> (2022-2025) sono in <strong>lista d&#8217;attesa \u00a0non <\/strong>vedendo affrontati\u00a0 i loro problemi concreti, quelli del carrello della spesa.<\/p>\n<p><strong><em>&#8220;M. Salvini, il populista inconcludente: Zero Tituli sulla Legge Fornero e l&#8217;Autonomia Differenziata<\/em><\/strong><em>&#8220;<\/em><\/p>\n<p>La scarsa consapevolezza degli italiani riguardo ai conti pubblici e la loro tendenza a privilegiare gli interessi privati sul bene comune hanno reso necessario, nel 2011, l&#8217;intervento di un governo tecnico. Per salvare la credibilit\u00e0 internazionale dell&#8217;Italia e scongiurare la bancarotta, il Presidente Napolitano nomin\u00f2 Mario Monti. L&#8217;economista var\u00f2 immediatamente la \u201cLegge Fornero\u201d (fortemente richiesta dall&#8217;UE e dai mercati), basata su tre pilastri: 1)Aumento dell&#8217;et\u00e0 pensionabile, 2)Passaggio al sistema contributivo, 3)Adeguamento della pensione all&#8217;aspettativa di vita.<\/p>\n<p>Il Vicepremier Matteo Salvini <strong>non \u00e8<\/strong> riuscito ad abolire la Legge Fornero. Nonostante le sue ripetute e aggressive minacce verbali, una \u201cnorma schifezza&#8221; o &#8220;legge infame&#8221;, in quasi tutti i governi post-2011 a cui ha partecipato, la Legge Fornero resta pienamente in vigore. Ci\u00f2 accade perch\u00e9 la normativa \u00e8 considerata indispensabile per mantenere l&#8217;equilibrio dei saldi finanziari italiani, condizione necessaria sia per l&#8217;approvazione del bilancio da parte di Bruxelles sia per mantenere la fiducia degli acquirenti dei titoli di stato (i mercati finanziari). La necessit\u00e0 economica ha prevalso sulla retorica politica d\u2019accatto di matrice salviniana.<\/p>\n<p>Ogni anno, in prossimit\u00e0 della Legge di Bilancio (Finanziaria), le dichiarazioni di Matteo Salvini sul tema delle pensioni riappaiono puntuali, ma sono percepite come una mera performance retorica, una gag prevedibile e paragonabile a uno &#8220;show&#8221; comico di Maurizio Crozza. Le attuali misure previdenziali (come Quota 103) sono state oggetto di pesanti ma corrette critiche da parte del leader CGIL nella recente manifestazione di Roma. Infatti, esse sono <strong>pi\u00f9 penalizzanti e meno chiare<\/strong> della Legge Fornero del 2011 e Landini ne ha tratto la conclusione <strong>&#8220;Tanto vale tornare alla Fornero&#8221;, <\/strong>almeno era strutturata e chiara.<\/p>\n<p>La differenza tra le classi dirigenti sta nella <strong>capacit\u00e0 di risolvere i problemi<\/strong> in modo sostenibile e duraturo. Il Governo tecnico di <strong>Monti-Fornero<\/strong> era <strong>affidabile, <\/strong>anche se \u00a0insoddisfacente, l&#8217;attuale esecutivo di Meloni, Salvini, Tajani \u00e8 <strong>incapace<\/strong> di produrre <strong>riforme previdenziali serie, <\/strong>questo \u00e8<strong>\u00a0 <\/strong>in sintesi il pensiero della dirigenza CGIL<strong>. <\/strong><\/p>\n<p>Dopo tre lustri di presa per i fondelli dei pensionandi, \u00e8 indubbio che \u00a0l<strong>&#8216;elettore pro-Lega di Salvini<\/strong> non si aspetta pi\u00f9 risposte concrete dal suo leader sui temi previdenziali, avendo gi\u00e0 una sicurezza economica personale garantita da altre fonti di reddito o patrimonio: <strong>titoli, immobili, azioni. <\/strong>Ad ottobre 2025, per quanto riguarda l&#8217;attuazione dell&#8217;Autonomia Differenziata, altro tema prioritario per la Lega, si pu\u00f2 parlare di un secondo\u00a0 &#8220;nulla di fatto&#8221; perdurante dal 2001 in termini di concretizzazione e applicazione sul territorio nazionale.<\/p>\n<p>La copertura mediatica delle azioni e delle dichiarazioni del Vicepremier Matteo Salvini \u00e8 superficiale e strumentale<strong>. <\/strong>I media si focalizzano esclusivamente sulle <strong>battute e le provocazioni<\/strong> per un facile titolo, ma ignorano la <strong>mancanza di coerenza<\/strong> e la <strong>scarsa incisivit\u00e0<\/strong> tra ci\u00f2 che viene dichiarato alla stampa, <strong>il detto<\/strong> e i provvedimenti politici realmente attuati, <strong>il fatto<\/strong>. La correlazione e la coerenza tra le sue esternazioni e l&#8217;azione di governo sono <strong>sistematicamente trascurate<\/strong>. Una lodevole eccezione \u00e8 stata l\u2019inchiesta di \u00a0Piazza Pulita su \u201c <strong>I Bus fantasma di Salvini\u201d, <\/strong>cio\u00e8<strong>\u00a0 <\/strong>la\u00a0 distanza tra <strong>l\u2019annuncio e la realt\u00e0. <\/strong><\/p>\n<p>La democrazia non \u00e8 solo un sistema di voto: \u00e8 un<strong> ecosistema<\/strong> che vive di trasparenza, pluralismo e fiducia. Se l\u2019informazione \u00e8 adulterata o la comunicazione \u00e8 manipolativa, le persone non sono in grado di scegliere consapevolmente e senza scelte consapevoli, la democrazia si infragilisce. Un\u2019informazione corretta, esaustiva e indipendente permette \u00a0al cittadino di capire, partecipare e valutare <em>condotte, atti e fatti<\/em> della persona eletta, di come lo rappresenta nelle istituzioni e di ci\u00f2 che fa.<\/p>\n<p>28 ottobre 2025\u00a0\u00a0\u00a0\u00a0\u00a0\u00a0\u00a0\u00a0\u00a0\u00a0\u00a0\u00a0\u00a0\u00a0\u00a0\u00a0\u00a0\u00a0\u00a0\u00a0\u00a0\u00a0\u00a0\u00a0\u00a0\u00a0\u00a0\u00a0\u00a0\u00a0\u00a0\u00a0\u00a0\u00a0\u00a0\u00a0\u00a0\u00a0\u00a0\u00a0\u00a0\u00a0\u00a0\u00a0\u00a0\u00a0\u00a0\u00a0\u00a0\u00a0\u00a0\u00a0\u00a0\u00a0\u00a0\u00a0\u00a0\u00a0\u00a0\u00a0\u00a0\u00a0\u00a0 \u00a0\u00a0\u00a0\u00a0\u00a0\u00a0\u00a0\u00a0\u00a0\u00a0\u00a0\u00a0\u00a0\u00a0\u00a0\u00a0\u00a0\u00a0\u00a0\u00a0\u00a0\u00a0\u00a0\u00a0\u00a0\u00a0\u00a0\u00a0\u00a0\u00a0\u00a0\u00a0\u00a0\u00a0\u00a0\u00a0\u00a0\u00a0\u00a0\u00a0\u00a0\u00a0\u00a0\u00a0\u00a0\u00a0\u00a0\u00a0\u00a0\u00a0\u00a0\u00a0\u00a0Enzo De Biasi<\/p>\n<p>Fine prima parte, la seconda: <strong><em>Meloni: La Mistificazione tra Radici, Finanziaria 2026 e Democrazia in Crisi <\/em><\/strong><\/p>\n<p>&nbsp;<\/p>\n<p>Fonti:<\/p>\n<p><a href=\"https:\/\/www.youtube.com\/watch?v=WX0Avi2j8Gg\">https:\/\/www.youtube.com\/watch?v=WX0Avi2j8Gg<\/a> Indro Montanelli Onesta e Politica<\/p>\n<p><a href=\"https:\/\/www.youtube.com\/watch?v=j0faR95qTaE\">https:\/\/www.youtube.com\/watch?v=j0faR95qTaE<\/a> I. Montanelli\u00a0 Prima\u00a0 Repubblica<\/p>\n<p><a href=\"https:\/\/www.la7.it\/piazzapulita\/video\/gli-autobus-semi-fantasma-di-salvini-in-calabria-solo-propaganda-elettorale-16-10-2025-615996\">https:\/\/www.la7.it\/piazzapulita\/video\/gli-autobus-semi-fantasma-di-salvini-in-calabria-solo-propaganda-elettorale-16-10-2025-615996<\/a>\u00a0 detto e fatto ? di MS<\/p>\n<p><a href=\"https:\/\/www.youtube.com\/watch?v=_830Sz1S5_A\">(53) Debito pubblico? i governi Berlusconi sono i maggiori responsabili (Oscar Giannino, Set2011) &#8211; YouTube<\/a>\u00a0 Berlusconi e il Debito Pubblico di Oscar Giannino<\/p>\n<p>&nbsp;<\/p>\n<p>&nbsp;<\/p>\n<p>&nbsp;<\/p>\n<p>&nbsp;<\/p>","protected":false},"excerpt":{"rendered":"<p>Silvio Berlusconi: l&#8217;illusionista che fece &#8216;Sognare gli Italiani&#8217; e l&#8217;eredit\u00e0 di Cinque Miliardi di Euro Le forze politiche di destra-centro, Lega, Forza Italia, FdI (gi\u00e0 An), sono contestabili per la loro ipocrisia sull&#8217;Autonomia Differenziata non realizzata in Veneto. Nonostante il Consiglio Regionale \u00a0avesse votato all&#8217;unanimit\u00e0, la richiesta di autonomia gi\u00e0 nel 2007, questi stessi partiti [&hellip;]<\/p>\n","protected":false},"author":2,"featured_media":142018,"comment_status":"closed","ping_status":"open","sticky":false,"template":"","format":"standard","meta":{"footnotes":""},"categories":[5,3446,26],"tags":[],"class_list":["post-164472","post","type-post","status-publish","format-standard","has-post-thumbnail","category-cronaca","category-featured","category-prima-pagina"],"yoast_head":"<!-- This site is optimized with the Yoast SEO plugin v28.4 - https:\/\/yoast.com\/product\/yoast-seo-wordpress\/ -->\n<title>La mistificazione della realt\u00e0, ieri\u00a0Berlusconi, oggi Salvini e Meloni  * di Enzo De Biasi - Bellunopress - Dolomiti<\/title>\n<meta name=\"robots\" content=\"index, follow, max-snippet:-1, max-image-preview:large, max-video-preview:-1\" \/>\n<link rel=\"canonical\" href=\"https:\/\/www.bellunopress.it\/fr\/2025\/10\/28\/la-mistificazione-della-realta-ieri-berlusconi-oggi-salvini-e-meloni-di-enzo-de-biasi\/\" \/>\n<meta property=\"og:locale\" content=\"fr_FR\" \/>\n<meta property=\"og:type\" content=\"article\" \/>\n<meta property=\"og:title\" content=\"La mistificazione della realt\u00e0, ieri\u00a0Berlusconi, oggi Salvini e Meloni  * di Enzo De Biasi - Bellunopress - Dolomiti\" \/>\n<meta property=\"og:description\" content=\"Silvio Berlusconi: l&#8217;illusionista che fece &#8216;Sognare gli Italiani&#8217; e l&#8217;eredit\u00e0 di Cinque Miliardi di Euro Le forze politiche di destra-centro, Lega, Forza Italia, FdI (gi\u00e0 An), sono contestabili per la loro ipocrisia sull&#8217;Autonomia Differenziata non realizzata in Veneto. Nonostante il Consiglio Regionale \u00a0avesse votato all&#8217;unanimit\u00e0, la richiesta di autonomia gi\u00e0 nel 2007, questi stessi partiti [&hellip;]\" \/>\n<meta property=\"og:url\" content=\"https:\/\/www.bellunopress.it\/fr\/2025\/10\/28\/la-mistificazione-della-realta-ieri-berlusconi-oggi-salvini-e-meloni-di-enzo-de-biasi\/\" \/>\n<meta property=\"og:site_name\" content=\"Bellunopress - Dolomiti\" \/>\n<meta property=\"article:publisher\" content=\"https:\/\/www.facebook.com\/profile.php?id=100008943462799\" \/>\n<meta property=\"article:published_time\" content=\"2025-10-28T09:04:05+00:00\" \/>\n<meta property=\"article:modified_time\" content=\"2025-10-29T05:57:12+00:00\" \/>\n<meta property=\"og:image\" content=\"https:\/\/www.bellunopress.it\/wp-content\/uploads\/2023\/06\/Berlusconi-in-Veneto_edited.jpg\" \/>\n\t<meta property=\"og:image:width\" content=\"1000\" \/>\n\t<meta property=\"og:image:height\" content=\"750\" \/>\n\t<meta property=\"og:image:type\" content=\"image\/jpeg\" \/>\n<meta name=\"author\" content=\"redazione\" \/>\n<meta name=\"twitter:card\" content=\"summary_large_image\" \/>\n<meta name=\"twitter:creator\" content=\"@bellunopress\" \/>\n<meta name=\"twitter:site\" content=\"@bellunopress\" \/>\n<meta name=\"twitter:label1\" content=\"Written by\" \/>\n\t<meta name=\"twitter:data1\" content=\"redazione\" \/>\n\t<meta name=\"twitter:label2\" content=\"Est. reading time\" \/>\n\t<meta name=\"twitter:data2\" content=\"13 minutes\" \/>\n<script type=\"application\/ld+json\" class=\"yoast-schema-graph\">{\"@context\":\"https:\\\/\\\/schema.org\",\"@graph\":[{\"@type\":\"Article\",\"@id\":\"https:\\\/\\\/www.bellunopress.it\\\/2025\\\/10\\\/28\\\/la-mistificazione-della-realta-ieri-berlusconi-oggi-salvini-e-meloni-di-enzo-de-biasi\\\/#article\",\"isPartOf\":{\"@id\":\"https:\\\/\\\/www.bellunopress.it\\\/2025\\\/10\\\/28\\\/la-mistificazione-della-realta-ieri-berlusconi-oggi-salvini-e-meloni-di-enzo-de-biasi\\\/\"},\"author\":{\"name\":\"redazione\",\"@id\":\"https:\\\/\\\/www.bellunopress.it\\\/#\\\/schema\\\/person\\\/79bb06722b37ece1c03d3e94beb30d73\"},\"headline\":\"La mistificazione della realt\u00e0, ieri\u00a0Berlusconi, oggi Salvini e Meloni * di Enzo De Biasi\",\"datePublished\":\"2025-10-28T09:04:05+00:00\",\"dateModified\":\"2025-10-29T05:57:12+00:00\",\"mainEntityOfPage\":{\"@id\":\"https:\\\/\\\/www.bellunopress.it\\\/2025\\\/10\\\/28\\\/la-mistificazione-della-realta-ieri-berlusconi-oggi-salvini-e-meloni-di-enzo-de-biasi\\\/\"},\"wordCount\":2641,\"publisher\":{\"@id\":\"https:\\\/\\\/www.bellunopress.it\\\/#organization\"},\"image\":{\"@id\":\"https:\\\/\\\/www.bellunopress.it\\\/2025\\\/10\\\/28\\\/la-mistificazione-della-realta-ieri-berlusconi-oggi-salvini-e-meloni-di-enzo-de-biasi\\\/#primaryimage\"},\"thumbnailUrl\":\"https:\\\/\\\/www.bellunopress.it\\\/wp-content\\\/uploads\\\/2023\\\/06\\\/Berlusconi-in-Veneto_edited.jpg\",\"articleSection\":[\"Cronaca\\\/Politica\",\"Featured\",\"Prima Pagina\"],\"inLanguage\":\"fr-FR\"},{\"@type\":\"WebPage\",\"@id\":\"https:\\\/\\\/www.bellunopress.it\\\/2025\\\/10\\\/28\\\/la-mistificazione-della-realta-ieri-berlusconi-oggi-salvini-e-meloni-di-enzo-de-biasi\\\/\",\"url\":\"https:\\\/\\\/www.bellunopress.it\\\/2025\\\/10\\\/28\\\/la-mistificazione-della-realta-ieri-berlusconi-oggi-salvini-e-meloni-di-enzo-de-biasi\\\/\",\"name\":\"La mistificazione della realt\u00e0, ieri\u00a0Berlusconi, oggi Salvini e Meloni * di Enzo De Biasi - Bellunopress - Dolomiti\",\"isPartOf\":{\"@id\":\"https:\\\/\\\/www.bellunopress.it\\\/#website\"},\"primaryImageOfPage\":{\"@id\":\"https:\\\/\\\/www.bellunopress.it\\\/2025\\\/10\\\/28\\\/la-mistificazione-della-realta-ieri-berlusconi-oggi-salvini-e-meloni-di-enzo-de-biasi\\\/#primaryimage\"},\"image\":{\"@id\":\"https:\\\/\\\/www.bellunopress.it\\\/2025\\\/10\\\/28\\\/la-mistificazione-della-realta-ieri-berlusconi-oggi-salvini-e-meloni-di-enzo-de-biasi\\\/#primaryimage\"},\"thumbnailUrl\":\"https:\\\/\\\/www.bellunopress.it\\\/wp-content\\\/uploads\\\/2023\\\/06\\\/Berlusconi-in-Veneto_edited.jpg\",\"datePublished\":\"2025-10-28T09:04:05+00:00\",\"dateModified\":\"2025-10-29T05:57:12+00:00\",\"breadcrumb\":{\"@id\":\"https:\\\/\\\/www.bellunopress.it\\\/2025\\\/10\\\/28\\\/la-mistificazione-della-realta-ieri-berlusconi-oggi-salvini-e-meloni-di-enzo-de-biasi\\\/#breadcrumb\"},\"inLanguage\":\"fr-FR\",\"potentialAction\":[{\"@type\":\"ReadAction\",\"target\":[\"https:\\\/\\\/www.bellunopress.it\\\/2025\\\/10\\\/28\\\/la-mistificazione-della-realta-ieri-berlusconi-oggi-salvini-e-meloni-di-enzo-de-biasi\\\/\"]}]},{\"@type\":\"ImageObject\",\"inLanguage\":\"fr-FR\",\"@id\":\"https:\\\/\\\/www.bellunopress.it\\\/2025\\\/10\\\/28\\\/la-mistificazione-della-realta-ieri-berlusconi-oggi-salvini-e-meloni-di-enzo-de-biasi\\\/#primaryimage\",\"url\":\"https:\\\/\\\/www.bellunopress.it\\\/wp-content\\\/uploads\\\/2023\\\/06\\\/Berlusconi-in-Veneto_edited.jpg\",\"contentUrl\":\"https:\\\/\\\/www.bellunopress.it\\\/wp-content\\\/uploads\\\/2023\\\/06\\\/Berlusconi-in-Veneto_edited.jpg\",\"width\":1000,\"height\":750,\"caption\":\"Berlusconi in Veneto, giugno 2023\"},{\"@type\":\"BreadcrumbList\",\"@id\":\"https:\\\/\\\/www.bellunopress.it\\\/2025\\\/10\\\/28\\\/la-mistificazione-della-realta-ieri-berlusconi-oggi-salvini-e-meloni-di-enzo-de-biasi\\\/#breadcrumb\",\"itemListElement\":[{\"@type\":\"ListItem\",\"position\":1,\"name\":\"Home\",\"item\":\"https:\\\/\\\/www.bellunopress.it\\\/\"},{\"@type\":\"ListItem\",\"position\":2,\"name\":\"La mistificazione della realt\u00e0, ieri\u00a0Berlusconi, oggi Salvini e Meloni * di Enzo De Biasi\"}]},{\"@type\":\"WebSite\",\"@id\":\"https:\\\/\\\/www.bellunopress.it\\\/#website\",\"url\":\"https:\\\/\\\/www.bellunopress.it\\\/\",\"name\":\"Bellunopress - Dolomiti\",\"description\":\"e-mail: redazione@bellunopress.it\",\"publisher\":{\"@id\":\"https:\\\/\\\/www.bellunopress.it\\\/#organization\"},\"potentialAction\":[{\"@type\":\"SearchAction\",\"target\":{\"@type\":\"EntryPoint\",\"urlTemplate\":\"https:\\\/\\\/www.bellunopress.it\\\/?s={search_term_string}\"},\"query-input\":{\"@type\":\"PropertyValueSpecification\",\"valueRequired\":true,\"valueName\":\"search_term_string\"}}],\"inLanguage\":\"fr-FR\"},{\"@type\":\"Organization\",\"@id\":\"https:\\\/\\\/www.bellunopress.it\\\/#organization\",\"name\":\"Bellunopress\",\"url\":\"https:\\\/\\\/www.bellunopress.it\\\/\",\"logo\":{\"@type\":\"ImageObject\",\"inLanguage\":\"fr-FR\",\"@id\":\"https:\\\/\\\/www.bellunopress.it\\\/#\\\/schema\\\/logo\\\/image\\\/\",\"url\":\"https:\\\/\\\/www.bellunopress.it\\\/wp-content\\\/uploads\\\/2011\\\/05\\\/cropped-logo-bellunopress-.jpg\",\"contentUrl\":\"https:\\\/\\\/www.bellunopress.it\\\/wp-content\\\/uploads\\\/2011\\\/05\\\/cropped-logo-bellunopress-.jpg\",\"width\":512,\"height\":512,\"caption\":\"Bellunopress\"},\"image\":{\"@id\":\"https:\\\/\\\/www.bellunopress.it\\\/#\\\/schema\\\/logo\\\/image\\\/\"},\"sameAs\":[\"https:\\\/\\\/www.facebook.com\\\/profile.php?id=100008943462799\",\"https:\\\/\\\/x.com\\\/bellunopress\",\"https:\\\/\\\/www.linkedin.com\\\/hp\\\/?dnr=JBzUWaJfMUw8vbXJJ2tVW5-I3jZKvC4wsoxE&amp;amp;amp;amp;amp;amp;trk=nav_responsive_tab_home\",\"https:\\\/\\\/www.youtube.com\\\/channel\\\/UCxL0wu1uN0_3_7hGG0306cw\"]},{\"@type\":\"Person\",\"@id\":\"https:\\\/\\\/www.bellunopress.it\\\/#\\\/schema\\\/person\\\/79bb06722b37ece1c03d3e94beb30d73\",\"name\":\"redazione\",\"image\":{\"@type\":\"ImageObject\",\"inLanguage\":\"fr-FR\",\"@id\":\"https:\\\/\\\/secure.gravatar.com\\\/avatar\\\/37d968a2e67a6fd04c169c4bdef102d0bc5d31b2546345219e348575eb80e9a0?s=96&d=mm&r=g\",\"url\":\"https:\\\/\\\/secure.gravatar.com\\\/avatar\\\/37d968a2e67a6fd04c169c4bdef102d0bc5d31b2546345219e348575eb80e9a0?s=96&d=mm&r=g\",\"contentUrl\":\"https:\\\/\\\/secure.gravatar.com\\\/avatar\\\/37d968a2e67a6fd04c169c4bdef102d0bc5d31b2546345219e348575eb80e9a0?s=96&d=mm&r=g\",\"caption\":\"redazione\"},\"sameAs\":[\"http:\\\/\\\/www.bellunopress.it\",\"https:\\\/\\\/x.com\\\/bellunopress\"],\"url\":\"https:\\\/\\\/www.bellunopress.it\\\/fr\\\/author\\\/redazione\\\/\"}]}<\/script>\n<!-- \/ Yoast SEO plugin. -->","yoast_head_json":{"title":"La mistificazione della realt\u00e0, ieri\u00a0Berlusconi, oggi Salvini e Meloni  * di Enzo De Biasi - Bellunopress - Dolomiti","robots":{"index":"index","follow":"follow","max-snippet":"max-snippet:-1","max-image-preview":"max-image-preview:large","max-video-preview":"max-video-preview:-1"},"canonical":"https:\/\/www.bellunopress.it\/fr\/2025\/10\/28\/la-mistificazione-della-realta-ieri-berlusconi-oggi-salvini-e-meloni-di-enzo-de-biasi\/","og_locale":"fr_FR","og_type":"article","og_title":"La mistificazione della realt\u00e0, ieri\u00a0Berlusconi, oggi Salvini e Meloni  * di Enzo De Biasi - Bellunopress - Dolomiti","og_description":"Silvio Berlusconi: l&#8217;illusionista che fece &#8216;Sognare gli Italiani&#8217; e l&#8217;eredit\u00e0 di Cinque Miliardi di Euro Le forze politiche di destra-centro, Lega, Forza Italia, FdI (gi\u00e0 An), sono contestabili per la loro ipocrisia sull&#8217;Autonomia Differenziata non realizzata in Veneto. Nonostante il Consiglio Regionale \u00a0avesse votato all&#8217;unanimit\u00e0, la richiesta di autonomia gi\u00e0 nel 2007, questi stessi partiti [&hellip;]","og_url":"https:\/\/www.bellunopress.it\/fr\/2025\/10\/28\/la-mistificazione-della-realta-ieri-berlusconi-oggi-salvini-e-meloni-di-enzo-de-biasi\/","og_site_name":"Bellunopress - Dolomiti","article_publisher":"https:\/\/www.facebook.com\/profile.php?id=100008943462799","article_published_time":"2025-10-28T09:04:05+00:00","article_modified_time":"2025-10-29T05:57:12+00:00","og_image":[{"width":1000,"height":750,"url":"https:\/\/www.bellunopress.it\/wp-content\/uploads\/2023\/06\/Berlusconi-in-Veneto_edited.jpg","type":"image\/jpeg"}],"author":"redazione","twitter_card":"summary_large_image","twitter_creator":"@bellunopress","twitter_site":"@bellunopress","twitter_misc":{"Written by":"redazione","Est. reading time":"13 minutes"},"schema":{"@context":"https:\/\/schema.org","@graph":[{"@type":"Article","@id":"https:\/\/www.bellunopress.it\/2025\/10\/28\/la-mistificazione-della-realta-ieri-berlusconi-oggi-salvini-e-meloni-di-enzo-de-biasi\/#article","isPartOf":{"@id":"https:\/\/www.bellunopress.it\/2025\/10\/28\/la-mistificazione-della-realta-ieri-berlusconi-oggi-salvini-e-meloni-di-enzo-de-biasi\/"},"author":{"name":"redazione","@id":"https:\/\/www.bellunopress.it\/#\/schema\/person\/79bb06722b37ece1c03d3e94beb30d73"},"headline":"La mistificazione della realt\u00e0, ieri\u00a0Berlusconi, oggi Salvini e Meloni * di Enzo De Biasi","datePublished":"2025-10-28T09:04:05+00:00","dateModified":"2025-10-29T05:57:12+00:00","mainEntityOfPage":{"@id":"https:\/\/www.bellunopress.it\/2025\/10\/28\/la-mistificazione-della-realta-ieri-berlusconi-oggi-salvini-e-meloni-di-enzo-de-biasi\/"},"wordCount":2641,"publisher":{"@id":"https:\/\/www.bellunopress.it\/#organization"},"image":{"@id":"https:\/\/www.bellunopress.it\/2025\/10\/28\/la-mistificazione-della-realta-ieri-berlusconi-oggi-salvini-e-meloni-di-enzo-de-biasi\/#primaryimage"},"thumbnailUrl":"https:\/\/www.bellunopress.it\/wp-content\/uploads\/2023\/06\/Berlusconi-in-Veneto_edited.jpg","articleSection":["Cronaca\/Politica","Featured","Prima Pagina"],"inLanguage":"fr-FR"},{"@type":"WebPage","@id":"https:\/\/www.bellunopress.it\/2025\/10\/28\/la-mistificazione-della-realta-ieri-berlusconi-oggi-salvini-e-meloni-di-enzo-de-biasi\/","url":"https:\/\/www.bellunopress.it\/2025\/10\/28\/la-mistificazione-della-realta-ieri-berlusconi-oggi-salvini-e-meloni-di-enzo-de-biasi\/","name":"La mistificazione della realt\u00e0, ieri\u00a0Berlusconi, oggi Salvini e Meloni * di Enzo De Biasi - Bellunopress - Dolomiti","isPartOf":{"@id":"https:\/\/www.bellunopress.it\/#website"},"primaryImageOfPage":{"@id":"https:\/\/www.bellunopress.it\/2025\/10\/28\/la-mistificazione-della-realta-ieri-berlusconi-oggi-salvini-e-meloni-di-enzo-de-biasi\/#primaryimage"},"image":{"@id":"https:\/\/www.bellunopress.it\/2025\/10\/28\/la-mistificazione-della-realta-ieri-berlusconi-oggi-salvini-e-meloni-di-enzo-de-biasi\/#primaryimage"},"thumbnailUrl":"https:\/\/www.bellunopress.it\/wp-content\/uploads\/2023\/06\/Berlusconi-in-Veneto_edited.jpg","datePublished":"2025-10-28T09:04:05+00:00","dateModified":"2025-10-29T05:57:12+00:00","breadcrumb":{"@id":"https:\/\/www.bellunopress.it\/2025\/10\/28\/la-mistificazione-della-realta-ieri-berlusconi-oggi-salvini-e-meloni-di-enzo-de-biasi\/#breadcrumb"},"inLanguage":"fr-FR","potentialAction":[{"@type":"ReadAction","target":["https:\/\/www.bellunopress.it\/2025\/10\/28\/la-mistificazione-della-realta-ieri-berlusconi-oggi-salvini-e-meloni-di-enzo-de-biasi\/"]}]},{"@type":"ImageObject","inLanguage":"fr-FR","@id":"https:\/\/www.bellunopress.it\/2025\/10\/28\/la-mistificazione-della-realta-ieri-berlusconi-oggi-salvini-e-meloni-di-enzo-de-biasi\/#primaryimage","url":"https:\/\/www.bellunopress.it\/wp-content\/uploads\/2023\/06\/Berlusconi-in-Veneto_edited.jpg","contentUrl":"https:\/\/www.bellunopress.it\/wp-content\/uploads\/2023\/06\/Berlusconi-in-Veneto_edited.jpg","width":1000,"height":750,"caption":"Berlusconi in Veneto, giugno 2023"},{"@type":"BreadcrumbList","@id":"https:\/\/www.bellunopress.it\/2025\/10\/28\/la-mistificazione-della-realta-ieri-berlusconi-oggi-salvini-e-meloni-di-enzo-de-biasi\/#breadcrumb","itemListElement":[{"@type":"ListItem","position":1,"name":"Home","item":"https:\/\/www.bellunopress.it\/"},{"@type":"ListItem","position":2,"name":"La mistificazione della realt\u00e0, ieri\u00a0Berlusconi, oggi Salvini e Meloni * di Enzo De Biasi"}]},{"@type":"WebSite","@id":"https:\/\/www.bellunopress.it\/#website","url":"https:\/\/www.bellunopress.it\/","name":"Bellunopress - Dolomiti","description":"e-mail: redazione@bellunopress.it","publisher":{"@id":"https:\/\/www.bellunopress.it\/#organization"},"potentialAction":[{"@type":"SearchAction","target":{"@type":"EntryPoint","urlTemplate":"https:\/\/www.bellunopress.it\/?s={search_term_string}"},"query-input":{"@type":"PropertyValueSpecification","valueRequired":true,"valueName":"search_term_string"}}],"inLanguage":"fr-FR"},{"@type":"Organization","@id":"https:\/\/www.bellunopress.it\/#organization","name":"Bellunopress","url":"https:\/\/www.bellunopress.it\/","logo":{"@type":"ImageObject","inLanguage":"fr-FR","@id":"https:\/\/www.bellunopress.it\/#\/schema\/logo\/image\/","url":"https:\/\/www.bellunopress.it\/wp-content\/uploads\/2011\/05\/cropped-logo-bellunopress-.jpg","contentUrl":"https:\/\/www.bellunopress.it\/wp-content\/uploads\/2011\/05\/cropped-logo-bellunopress-.jpg","width":512,"height":512,"caption":"Bellunopress"},"image":{"@id":"https:\/\/www.bellunopress.it\/#\/schema\/logo\/image\/"},"sameAs":["https:\/\/www.facebook.com\/profile.php?id=100008943462799","https:\/\/x.com\/bellunopress","https:\/\/www.linkedin.com\/hp\/?dnr=JBzUWaJfMUw8vbXJJ2tVW5-I3jZKvC4wsoxE&amp;amp;amp;amp;amp;amp;trk=nav_responsive_tab_home","https:\/\/www.youtube.com\/channel\/UCxL0wu1uN0_3_7hGG0306cw"]},{"@type":"Person","@id":"https:\/\/www.bellunopress.it\/#\/schema\/person\/79bb06722b37ece1c03d3e94beb30d73","name":"r\u00e9daction","image":{"@type":"ImageObject","inLanguage":"fr-FR","@id":"https:\/\/secure.gravatar.com\/avatar\/37d968a2e67a6fd04c169c4bdef102d0bc5d31b2546345219e348575eb80e9a0?s=96&d=mm&r=g","url":"https:\/\/secure.gravatar.com\/avatar\/37d968a2e67a6fd04c169c4bdef102d0bc5d31b2546345219e348575eb80e9a0?s=96&d=mm&r=g","contentUrl":"https:\/\/secure.gravatar.com\/avatar\/37d968a2e67a6fd04c169c4bdef102d0bc5d31b2546345219e348575eb80e9a0?s=96&d=mm&r=g","caption":"redazione"},"sameAs":["http:\/\/www.bellunopress.it","https:\/\/x.com\/bellunopress"],"url":"https:\/\/www.bellunopress.it\/fr\/author\/redazione\/"}]}},"_links":{"self":[{"href":"https:\/\/www.bellunopress.it\/fr\/wp-json\/wp\/v2\/posts\/164472","targetHints":{"allow":["GET"]}}],"collection":[{"href":"https:\/\/www.bellunopress.it\/fr\/wp-json\/wp\/v2\/posts"}],"about":[{"href":"https:\/\/www.bellunopress.it\/fr\/wp-json\/wp\/v2\/types\/post"}],"author":[{"embeddable":true,"href":"https:\/\/www.bellunopress.it\/fr\/wp-json\/wp\/v2\/users\/2"}],"replies":[{"embeddable":true,"href":"https:\/\/www.bellunopress.it\/fr\/wp-json\/wp\/v2\/comments?post=164472"}],"version-history":[{"count":5,"href":"https:\/\/www.bellunopress.it\/fr\/wp-json\/wp\/v2\/posts\/164472\/revisions"}],"predecessor-version":[{"id":164494,"href":"https:\/\/www.bellunopress.it\/fr\/wp-json\/wp\/v2\/posts\/164472\/revisions\/164494"}],"wp:featuredmedia":[{"embeddable":true,"href":"https:\/\/www.bellunopress.it\/fr\/wp-json\/wp\/v2\/media\/142018"}],"wp:attachment":[{"href":"https:\/\/www.bellunopress.it\/fr\/wp-json\/wp\/v2\/media?parent=164472"}],"wp:term":[{"taxonomy":"category","embeddable":true,"href":"https:\/\/www.bellunopress.it\/fr\/wp-json\/wp\/v2\/categories?post=164472"},{"taxonomy":"post_tag","embeddable":true,"href":"https:\/\/www.bellunopress.it\/fr\/wp-json\/wp\/v2\/tags?post=164472"}],"curies":[{"name":"wp","href":"https:\/\/api.w.org\/{rel}","templated":true}]}}