{"id":164467,"date":"2025-10-27T13:57:50","date_gmt":"2025-10-27T12:57:50","guid":{"rendered":"https:\/\/www.bellunopress.it\/?p=164467"},"modified":"2025-10-27T15:59:38","modified_gmt":"2025-10-27T14:59:38","slug":"giovani-e-inattivita-il-malessere-silenzioso-di-una-generazione-in-bilico","status":"publish","type":"post","link":"https:\/\/www.bellunopress.it\/fr\/2025\/10\/27\/giovani-e-inattivita-il-malessere-silenzioso-di-una-generazione-in-bilico\/","title":{"rendered":"Giovani e Inattivit\u00e0: il Malessere Silenzioso di una Generazione in Bilico"},"content":{"rendered":"<p><img loading=\"lazy\" decoding=\"async\" class=\"aligncenter size-full wp-image-123649\" src=\"https:\/\/www.bellunopress.it\/wp-content\/uploads\/2021\/04\/lettera-mail_edited.jpg\" alt=\"\" width=\"962\" height=\"1000\" srcset=\"https:\/\/www.bellunopress.it\/wp-content\/uploads\/2021\/04\/lettera-mail_edited.jpg 962w, https:\/\/www.bellunopress.it\/wp-content\/uploads\/2021\/04\/lettera-mail_edited-481x500.jpg 481w, https:\/\/www.bellunopress.it\/wp-content\/uploads\/2021\/04\/lettera-mail_edited-696x723.jpg 696w, https:\/\/www.bellunopress.it\/wp-content\/uploads\/2021\/04\/lettera-mail_edited-404x420.jpg 404w\" sizes=\"auto, (max-width: 962px) 100vw, 962px\" \/>Lo studio realizzato da AVSS sui giovani tra i 15 e i 29 anni che non studiano e non lavorano (i cosiddetti Neet) evidenzia una frattura profonda tra le nuove generazioni e il mondo della vita. Anche in territori virtuosi come Belluno, emerge un disagio diffuso, spesso taciuto ma radicato, che va oltre la dimensione economica: \u00e8 un malessere esistenziale, formativo e psicologico.<\/p>\n<p>Oggi molti giovani vivono in un equilibrio precario, intrappolati tra un mercato che li misura solo in termini di produttivit\u00e0 e un sistema economico che li considera pi\u00f9 come consumatori che come persone. La ricchezza accumulata dai padri diventa una zattera su cui i figli cercano di restare a galla, ma non possono costruirvi il proprio futuro. Le famiglie suppliscono alle mancanze dello Stato, diventando il vero &#8216;ammortizzatore sociale&#8217;.<\/p>\n<p>A questo si aggiunge una crescente marginalizzazione dovuta alla tecnologia. L&#8217;automazione e l&#8217;intelligenza artificiale riducono i posti di lavoro tradizionali, richiedendo competenze sempre pi\u00f9 specializzate. Chi non sa &#8216;parlare con le macchine&#8217; rischia l&#8217;esclusione.<\/p>\n<p>In questo contesto, manca ogni forma di antagonismo: il conflitto sociale si dissolve perch\u00e9 non c&#8217;\u00e8 pi\u00f9 un &#8216;nemico&#8217; identificabile. Il mercato, impersonale e senza volto, diventa il nuovo padrone, rendendo ogni ribellione impossibile. Il giovane non trova pi\u00f9 spazio n\u00e9 per opporsi n\u00e9 per sognare.<\/p>\n<p>La crisi formativa \u00e8 il cuore del problema. La scuola e l&#8217;universit\u00e0, dominate dalla logica della &#8216;competenza utile&#8217;, hanno progressivamente abbandonato la missione di formare l&#8217;uomo nella sua interezza. Oggi si chiede agli studenti &#8216;a cosa serve&#8217; ogni sapere che non ha un ritorno immediato: il greco, la filosofia, la storia dell&#8217;arte vengono percepiti come inutili. La formazione umanistica, quella che aiuta a pensare e a scegliere, \u00e8 marginalizzata.<\/p>\n<p>La scuola diventa un sistema di valutazione della prestazione, dove conta solo ci\u00f2 che \u00e8 misurabile. L&#8217;eliminazione della soggettivit\u00e0 dello studente riduce la didattica a un esercizio tecnico, disumanizzando l&#8217;apprendimento. In un mondo che educa alla competizione, ma non alla riflessione, i giovani non trovano strumenti per costruire un senso.<\/p>\n<p>Il paradigma della Tecnica impone una velocit\u00e0 e una produttivit\u00e0 che superano i limiti della psiche umana. La tensione costante verso la performance genera ansia, frustrazione e un senso di inadeguatezza permanente. Il lavoro diventa un campo di sospetto, dove l&#8217;efficienza dell&#8217;altro \u00e8 percepita come minaccia: chi produce di pi\u00f9 pu\u00f2 diventare, paradossalmente, la causa del licenziamento del collega.<\/p>\n<p>I tempi della tecnica, rapidi, incessanti, impersonali, schiacciano la temporalit\u00e0 dell&#8217;essere umano. La mente non regge la pressione, e il corpo si ammala. Aumentano l&#8217;uso di psicofarmaci, la depressione, l&#8217;isolamento sociale. Fenomeni come l&#8217;anoressia, l&#8217;autolesionismo o la sindrome dell&#8217;hikikomori non sono casi marginali: sono l&#8217;espressione pi\u00f9 drammatica di un sistema che ha eliminato tutto ci\u00f2 che non \u00e8 funzionale, dolore, amore, sogno, fantasia, condannando l&#8217;individuo a una &#8216;schizofrenia funzionale&#8217;.<\/p>\n<p>Di fronte a questo scenario, serve una riflessione collettiva. Non possiamo limitarci a leggere i dati dell&#8217;inattivit\u00e0 come indicatori economici. Essi raccontano un disagio culturale e umano profondo. \u00c8 necessario un nuovo patto educativo che metta al centro la persona, non la prestazione. Scuola, famiglie, istituzioni e imprese devono collaborare per ricostruire contesti in cui il giovane possa riscoprire il senso dello studio, del lavoro e della vita stessa.<\/p>\n<p>L&#8217;obiettivo non \u00e8 solo &#8216;inserire&#8217; i giovani nel sistema, ma restituire loro la possibilit\u00e0 di trasformarlo, ridando dignit\u00e0 al sapere, al pensiero e alla lentezza. Solo cos\u00ec potremo invertire la rotta e tornare a educare uomini e donne capaci di futuro.<\/p>\n<p><strong>Massimo Ferigutti &#8211;\u00a0Presidente &#8220;Centro Studi e Ricerche Formarte<\/strong><\/p>","protected":false},"excerpt":{"rendered":"<p>Lo studio realizzato da AVSS sui giovani tra i 15 e i 29 anni che non studiano e non lavorano (i cosiddetti Neet) evidenzia una frattura profonda tra le nuove generazioni e il mondo della vita. Anche in territori virtuosi come Belluno, emerge un disagio diffuso, spesso taciuto ma radicato, che va oltre la dimensione [&hellip;]<\/p>\n","protected":false},"author":2,"featured_media":123649,"comment_status":"closed","ping_status":"open","sticky":false,"template":"","format":"standard","meta":{"footnotes":""},"categories":[1],"tags":[],"class_list":["post-164467","post","type-post","status-publish","format-standard","has-post-thumbnail","category-leo"],"yoast_head":"<!-- This site is optimized with the Yoast SEO plugin v28.4 - https:\/\/yoast.com\/product\/yoast-seo-wordpress\/ -->\n<title>Giovani e Inattivit\u00e0: il Malessere Silenzioso di una Generazione in Bilico - Bellunopress - Dolomiti<\/title>\n<meta name=\"robots\" content=\"index, follow, max-snippet:-1, max-image-preview:large, max-video-preview:-1\" \/>\n<link rel=\"canonical\" href=\"https:\/\/www.bellunopress.it\/fr\/2025\/10\/27\/giovani-e-inattivita-il-malessere-silenzioso-di-una-generazione-in-bilico\/\" \/>\n<meta property=\"og:locale\" content=\"fr_FR\" \/>\n<meta property=\"og:type\" content=\"article\" \/>\n<meta property=\"og:title\" content=\"Giovani e Inattivit\u00e0: il Malessere Silenzioso di una Generazione in Bilico - Bellunopress - Dolomiti\" \/>\n<meta property=\"og:description\" content=\"Lo studio realizzato da AVSS sui giovani tra i 15 e i 29 anni che non studiano e non lavorano (i cosiddetti Neet) evidenzia una frattura profonda tra le nuove generazioni e il mondo della vita. Anche in territori virtuosi come Belluno, emerge un disagio diffuso, spesso taciuto ma radicato, che va oltre la dimensione [&hellip;]\" \/>\n<meta property=\"og:url\" content=\"https:\/\/www.bellunopress.it\/fr\/2025\/10\/27\/giovani-e-inattivita-il-malessere-silenzioso-di-una-generazione-in-bilico\/\" \/>\n<meta property=\"og:site_name\" content=\"Bellunopress - Dolomiti\" \/>\n<meta property=\"article:publisher\" content=\"https:\/\/www.facebook.com\/profile.php?id=100008943462799\" \/>\n<meta property=\"article:published_time\" content=\"2025-10-27T12:57:50+00:00\" \/>\n<meta property=\"article:modified_time\" content=\"2025-10-27T14:59:38+00:00\" \/>\n<meta property=\"og:image\" content=\"https:\/\/www.bellunopress.it\/wp-content\/uploads\/2021\/04\/lettera-mail_edited.jpg\" \/>\n\t<meta property=\"og:image:width\" content=\"962\" \/>\n\t<meta property=\"og:image:height\" content=\"1000\" \/>\n\t<meta property=\"og:image:type\" content=\"image\/jpeg\" \/>\n<meta name=\"author\" content=\"redazione\" \/>\n<meta name=\"twitter:card\" content=\"summary_large_image\" \/>\n<meta name=\"twitter:creator\" content=\"@bellunopress\" \/>\n<meta name=\"twitter:site\" content=\"@bellunopress\" \/>\n<meta name=\"twitter:label1\" content=\"\u00c9crit par\" \/>\n\t<meta name=\"twitter:data1\" content=\"redazione\" \/>\n\t<meta name=\"twitter:label2\" content=\"Dur\u00e9e de lecture estim\u00e9e\" \/>\n\t<meta name=\"twitter:data2\" content=\"3 minutes\" \/>\n<script type=\"application\/ld+json\" class=\"yoast-schema-graph\">{\"@context\":\"https:\\\/\\\/schema.org\",\"@graph\":[{\"@type\":\"Article\",\"@id\":\"https:\\\/\\\/www.bellunopress.it\\\/2025\\\/10\\\/27\\\/giovani-e-inattivita-il-malessere-silenzioso-di-una-generazione-in-bilico\\\/#article\",\"isPartOf\":{\"@id\":\"https:\\\/\\\/www.bellunopress.it\\\/2025\\\/10\\\/27\\\/giovani-e-inattivita-il-malessere-silenzioso-di-una-generazione-in-bilico\\\/\"},\"author\":{\"name\":\"redazione\",\"@id\":\"https:\\\/\\\/www.bellunopress.it\\\/#\\\/schema\\\/person\\\/79bb06722b37ece1c03d3e94beb30d73\"},\"headline\":\"Giovani e Inattivit\u00e0: il Malessere Silenzioso di una Generazione in Bilico\",\"datePublished\":\"2025-10-27T12:57:50+00:00\",\"dateModified\":\"2025-10-27T14:59:38+00:00\",\"mainEntityOfPage\":{\"@id\":\"https:\\\/\\\/www.bellunopress.it\\\/2025\\\/10\\\/27\\\/giovani-e-inattivita-il-malessere-silenzioso-di-una-generazione-in-bilico\\\/\"},\"wordCount\":599,\"publisher\":{\"@id\":\"https:\\\/\\\/www.bellunopress.it\\\/#organization\"},\"image\":{\"@id\":\"https:\\\/\\\/www.bellunopress.it\\\/2025\\\/10\\\/27\\\/giovani-e-inattivita-il-malessere-silenzioso-di-una-generazione-in-bilico\\\/#primaryimage\"},\"thumbnailUrl\":\"https:\\\/\\\/www.bellunopress.it\\\/wp-content\\\/uploads\\\/2021\\\/04\\\/lettera-mail_edited.jpg\",\"articleSection\":[\"Lettere Opinioni\"],\"inLanguage\":\"fr-FR\"},{\"@type\":\"WebPage\",\"@id\":\"https:\\\/\\\/www.bellunopress.it\\\/2025\\\/10\\\/27\\\/giovani-e-inattivita-il-malessere-silenzioso-di-una-generazione-in-bilico\\\/\",\"url\":\"https:\\\/\\\/www.bellunopress.it\\\/2025\\\/10\\\/27\\\/giovani-e-inattivita-il-malessere-silenzioso-di-una-generazione-in-bilico\\\/\",\"name\":\"Giovani e Inattivit\u00e0: il Malessere Silenzioso di una Generazione in Bilico - Bellunopress - Dolomiti\",\"isPartOf\":{\"@id\":\"https:\\\/\\\/www.bellunopress.it\\\/#website\"},\"primaryImageOfPage\":{\"@id\":\"https:\\\/\\\/www.bellunopress.it\\\/2025\\\/10\\\/27\\\/giovani-e-inattivita-il-malessere-silenzioso-di-una-generazione-in-bilico\\\/#primaryimage\"},\"image\":{\"@id\":\"https:\\\/\\\/www.bellunopress.it\\\/2025\\\/10\\\/27\\\/giovani-e-inattivita-il-malessere-silenzioso-di-una-generazione-in-bilico\\\/#primaryimage\"},\"thumbnailUrl\":\"https:\\\/\\\/www.bellunopress.it\\\/wp-content\\\/uploads\\\/2021\\\/04\\\/lettera-mail_edited.jpg\",\"datePublished\":\"2025-10-27T12:57:50+00:00\",\"dateModified\":\"2025-10-27T14:59:38+00:00\",\"breadcrumb\":{\"@id\":\"https:\\\/\\\/www.bellunopress.it\\\/2025\\\/10\\\/27\\\/giovani-e-inattivita-il-malessere-silenzioso-di-una-generazione-in-bilico\\\/#breadcrumb\"},\"inLanguage\":\"fr-FR\",\"potentialAction\":[{\"@type\":\"ReadAction\",\"target\":[\"https:\\\/\\\/www.bellunopress.it\\\/2025\\\/10\\\/27\\\/giovani-e-inattivita-il-malessere-silenzioso-di-una-generazione-in-bilico\\\/\"]}]},{\"@type\":\"ImageObject\",\"inLanguage\":\"fr-FR\",\"@id\":\"https:\\\/\\\/www.bellunopress.it\\\/2025\\\/10\\\/27\\\/giovani-e-inattivita-il-malessere-silenzioso-di-una-generazione-in-bilico\\\/#primaryimage\",\"url\":\"https:\\\/\\\/www.bellunopress.it\\\/wp-content\\\/uploads\\\/2021\\\/04\\\/lettera-mail_edited.jpg\",\"contentUrl\":\"https:\\\/\\\/www.bellunopress.it\\\/wp-content\\\/uploads\\\/2021\\\/04\\\/lettera-mail_edited.jpg\",\"width\":962,\"height\":1000},{\"@type\":\"BreadcrumbList\",\"@id\":\"https:\\\/\\\/www.bellunopress.it\\\/2025\\\/10\\\/27\\\/giovani-e-inattivita-il-malessere-silenzioso-di-una-generazione-in-bilico\\\/#breadcrumb\",\"itemListElement\":[{\"@type\":\"ListItem\",\"position\":1,\"name\":\"Home\",\"item\":\"https:\\\/\\\/www.bellunopress.it\\\/\"},{\"@type\":\"ListItem\",\"position\":2,\"name\":\"Giovani e Inattivit\u00e0: il Malessere Silenzioso di una Generazione in Bilico\"}]},{\"@type\":\"WebSite\",\"@id\":\"https:\\\/\\\/www.bellunopress.it\\\/#website\",\"url\":\"https:\\\/\\\/www.bellunopress.it\\\/\",\"name\":\"Bellunopress - Dolomiti\",\"description\":\"e-mail: redazione@bellunopress.it\",\"publisher\":{\"@id\":\"https:\\\/\\\/www.bellunopress.it\\\/#organization\"},\"potentialAction\":[{\"@type\":\"SearchAction\",\"target\":{\"@type\":\"EntryPoint\",\"urlTemplate\":\"https:\\\/\\\/www.bellunopress.it\\\/?s={search_term_string}\"},\"query-input\":{\"@type\":\"PropertyValueSpecification\",\"valueRequired\":true,\"valueName\":\"search_term_string\"}}],\"inLanguage\":\"fr-FR\"},{\"@type\":\"Organization\",\"@id\":\"https:\\\/\\\/www.bellunopress.it\\\/#organization\",\"name\":\"Bellunopress\",\"url\":\"https:\\\/\\\/www.bellunopress.it\\\/\",\"logo\":{\"@type\":\"ImageObject\",\"inLanguage\":\"fr-FR\",\"@id\":\"https:\\\/\\\/www.bellunopress.it\\\/#\\\/schema\\\/logo\\\/image\\\/\",\"url\":\"https:\\\/\\\/www.bellunopress.it\\\/wp-content\\\/uploads\\\/2011\\\/05\\\/cropped-logo-bellunopress-.jpg\",\"contentUrl\":\"https:\\\/\\\/www.bellunopress.it\\\/wp-content\\\/uploads\\\/2011\\\/05\\\/cropped-logo-bellunopress-.jpg\",\"width\":512,\"height\":512,\"caption\":\"Bellunopress\"},\"image\":{\"@id\":\"https:\\\/\\\/www.bellunopress.it\\\/#\\\/schema\\\/logo\\\/image\\\/\"},\"sameAs\":[\"https:\\\/\\\/www.facebook.com\\\/profile.php?id=100008943462799\",\"https:\\\/\\\/x.com\\\/bellunopress\",\"https:\\\/\\\/www.linkedin.com\\\/hp\\\/?dnr=JBzUWaJfMUw8vbXJJ2tVW5-I3jZKvC4wsoxE&amp;amp;amp;amp;amp;amp;trk=nav_responsive_tab_home\",\"https:\\\/\\\/www.youtube.com\\\/channel\\\/UCxL0wu1uN0_3_7hGG0306cw\"]},{\"@type\":\"Person\",\"@id\":\"https:\\\/\\\/www.bellunopress.it\\\/#\\\/schema\\\/person\\\/79bb06722b37ece1c03d3e94beb30d73\",\"name\":\"redazione\",\"image\":{\"@type\":\"ImageObject\",\"inLanguage\":\"fr-FR\",\"@id\":\"https:\\\/\\\/secure.gravatar.com\\\/avatar\\\/37d968a2e67a6fd04c169c4bdef102d0bc5d31b2546345219e348575eb80e9a0?s=96&d=mm&r=g\",\"url\":\"https:\\\/\\\/secure.gravatar.com\\\/avatar\\\/37d968a2e67a6fd04c169c4bdef102d0bc5d31b2546345219e348575eb80e9a0?s=96&d=mm&r=g\",\"contentUrl\":\"https:\\\/\\\/secure.gravatar.com\\\/avatar\\\/37d968a2e67a6fd04c169c4bdef102d0bc5d31b2546345219e348575eb80e9a0?s=96&d=mm&r=g\",\"caption\":\"redazione\"},\"sameAs\":[\"http:\\\/\\\/www.bellunopress.it\",\"https:\\\/\\\/x.com\\\/bellunopress\"],\"url\":\"https:\\\/\\\/www.bellunopress.it\\\/fr\\\/author\\\/redazione\\\/\"}]}<\/script>\n<!-- \/ Yoast SEO plugin. -->","yoast_head_json":{"title":"Giovani e Inattivit\u00e0: il Malessere Silenzioso di una Generazione in Bilico - Bellunopress - Dolomiti","robots":{"index":"index","follow":"follow","max-snippet":"max-snippet:-1","max-image-preview":"max-image-preview:large","max-video-preview":"max-video-preview:-1"},"canonical":"https:\/\/www.bellunopress.it\/fr\/2025\/10\/27\/giovani-e-inattivita-il-malessere-silenzioso-di-una-generazione-in-bilico\/","og_locale":"fr_FR","og_type":"article","og_title":"Giovani e Inattivit\u00e0: il Malessere Silenzioso di una Generazione in Bilico - Bellunopress - Dolomiti","og_description":"Lo studio realizzato da AVSS sui giovani tra i 15 e i 29 anni che non studiano e non lavorano (i cosiddetti Neet) evidenzia una frattura profonda tra le nuove generazioni e il mondo della vita. Anche in territori virtuosi come Belluno, emerge un disagio diffuso, spesso taciuto ma radicato, che va oltre la dimensione [&hellip;]","og_url":"https:\/\/www.bellunopress.it\/fr\/2025\/10\/27\/giovani-e-inattivita-il-malessere-silenzioso-di-una-generazione-in-bilico\/","og_site_name":"Bellunopress - Dolomiti","article_publisher":"https:\/\/www.facebook.com\/profile.php?id=100008943462799","article_published_time":"2025-10-27T12:57:50+00:00","article_modified_time":"2025-10-27T14:59:38+00:00","og_image":[{"width":962,"height":1000,"url":"https:\/\/www.bellunopress.it\/wp-content\/uploads\/2021\/04\/lettera-mail_edited.jpg","type":"image\/jpeg"}],"author":"redazione","twitter_card":"summary_large_image","twitter_creator":"@bellunopress","twitter_site":"@bellunopress","twitter_misc":{"\u00c9crit par":"redazione","Dur\u00e9e de lecture estim\u00e9e":"3 minutes"},"schema":{"@context":"https:\/\/schema.org","@graph":[{"@type":"Article","@id":"https:\/\/www.bellunopress.it\/2025\/10\/27\/giovani-e-inattivita-il-malessere-silenzioso-di-una-generazione-in-bilico\/#article","isPartOf":{"@id":"https:\/\/www.bellunopress.it\/2025\/10\/27\/giovani-e-inattivita-il-malessere-silenzioso-di-una-generazione-in-bilico\/"},"author":{"name":"redazione","@id":"https:\/\/www.bellunopress.it\/#\/schema\/person\/79bb06722b37ece1c03d3e94beb30d73"},"headline":"Giovani e Inattivit\u00e0: il Malessere Silenzioso di una Generazione in Bilico","datePublished":"2025-10-27T12:57:50+00:00","dateModified":"2025-10-27T14:59:38+00:00","mainEntityOfPage":{"@id":"https:\/\/www.bellunopress.it\/2025\/10\/27\/giovani-e-inattivita-il-malessere-silenzioso-di-una-generazione-in-bilico\/"},"wordCount":599,"publisher":{"@id":"https:\/\/www.bellunopress.it\/#organization"},"image":{"@id":"https:\/\/www.bellunopress.it\/2025\/10\/27\/giovani-e-inattivita-il-malessere-silenzioso-di-una-generazione-in-bilico\/#primaryimage"},"thumbnailUrl":"https:\/\/www.bellunopress.it\/wp-content\/uploads\/2021\/04\/lettera-mail_edited.jpg","articleSection":["Lettere Opinioni"],"inLanguage":"fr-FR"},{"@type":"WebPage","@id":"https:\/\/www.bellunopress.it\/2025\/10\/27\/giovani-e-inattivita-il-malessere-silenzioso-di-una-generazione-in-bilico\/","url":"https:\/\/www.bellunopress.it\/2025\/10\/27\/giovani-e-inattivita-il-malessere-silenzioso-di-una-generazione-in-bilico\/","name":"Giovani e Inattivit\u00e0: il Malessere Silenzioso di una Generazione in Bilico - Bellunopress - Dolomiti","isPartOf":{"@id":"https:\/\/www.bellunopress.it\/#website"},"primaryImageOfPage":{"@id":"https:\/\/www.bellunopress.it\/2025\/10\/27\/giovani-e-inattivita-il-malessere-silenzioso-di-una-generazione-in-bilico\/#primaryimage"},"image":{"@id":"https:\/\/www.bellunopress.it\/2025\/10\/27\/giovani-e-inattivita-il-malessere-silenzioso-di-una-generazione-in-bilico\/#primaryimage"},"thumbnailUrl":"https:\/\/www.bellunopress.it\/wp-content\/uploads\/2021\/04\/lettera-mail_edited.jpg","datePublished":"2025-10-27T12:57:50+00:00","dateModified":"2025-10-27T14:59:38+00:00","breadcrumb":{"@id":"https:\/\/www.bellunopress.it\/2025\/10\/27\/giovani-e-inattivita-il-malessere-silenzioso-di-una-generazione-in-bilico\/#breadcrumb"},"inLanguage":"fr-FR","potentialAction":[{"@type":"ReadAction","target":["https:\/\/www.bellunopress.it\/2025\/10\/27\/giovani-e-inattivita-il-malessere-silenzioso-di-una-generazione-in-bilico\/"]}]},{"@type":"ImageObject","inLanguage":"fr-FR","@id":"https:\/\/www.bellunopress.it\/2025\/10\/27\/giovani-e-inattivita-il-malessere-silenzioso-di-una-generazione-in-bilico\/#primaryimage","url":"https:\/\/www.bellunopress.it\/wp-content\/uploads\/2021\/04\/lettera-mail_edited.jpg","contentUrl":"https:\/\/www.bellunopress.it\/wp-content\/uploads\/2021\/04\/lettera-mail_edited.jpg","width":962,"height":1000},{"@type":"BreadcrumbList","@id":"https:\/\/www.bellunopress.it\/2025\/10\/27\/giovani-e-inattivita-il-malessere-silenzioso-di-una-generazione-in-bilico\/#breadcrumb","itemListElement":[{"@type":"ListItem","position":1,"name":"Home","item":"https:\/\/www.bellunopress.it\/"},{"@type":"ListItem","position":2,"name":"Giovani e Inattivit\u00e0: il Malessere Silenzioso di una Generazione in Bilico"}]},{"@type":"WebSite","@id":"https:\/\/www.bellunopress.it\/#website","url":"https:\/\/www.bellunopress.it\/","name":"Bellunopress - Dolomiti","description":"e-mail: redazione@bellunopress.it","publisher":{"@id":"https:\/\/www.bellunopress.it\/#organization"},"potentialAction":[{"@type":"SearchAction","target":{"@type":"EntryPoint","urlTemplate":"https:\/\/www.bellunopress.it\/?s={search_term_string}"},"query-input":{"@type":"PropertyValueSpecification","valueRequired":true,"valueName":"search_term_string"}}],"inLanguage":"fr-FR"},{"@type":"Organization","@id":"https:\/\/www.bellunopress.it\/#organization","name":"Bellunopress","url":"https:\/\/www.bellunopress.it\/","logo":{"@type":"ImageObject","inLanguage":"fr-FR","@id":"https:\/\/www.bellunopress.it\/#\/schema\/logo\/image\/","url":"https:\/\/www.bellunopress.it\/wp-content\/uploads\/2011\/05\/cropped-logo-bellunopress-.jpg","contentUrl":"https:\/\/www.bellunopress.it\/wp-content\/uploads\/2011\/05\/cropped-logo-bellunopress-.jpg","width":512,"height":512,"caption":"Bellunopress"},"image":{"@id":"https:\/\/www.bellunopress.it\/#\/schema\/logo\/image\/"},"sameAs":["https:\/\/www.facebook.com\/profile.php?id=100008943462799","https:\/\/x.com\/bellunopress","https:\/\/www.linkedin.com\/hp\/?dnr=JBzUWaJfMUw8vbXJJ2tVW5-I3jZKvC4wsoxE&amp;amp;amp;amp;amp;amp;trk=nav_responsive_tab_home","https:\/\/www.youtube.com\/channel\/UCxL0wu1uN0_3_7hGG0306cw"]},{"@type":"Person","@id":"https:\/\/www.bellunopress.it\/#\/schema\/person\/79bb06722b37ece1c03d3e94beb30d73","name":"r\u00e9daction","image":{"@type":"ImageObject","inLanguage":"fr-FR","@id":"https:\/\/secure.gravatar.com\/avatar\/37d968a2e67a6fd04c169c4bdef102d0bc5d31b2546345219e348575eb80e9a0?s=96&d=mm&r=g","url":"https:\/\/secure.gravatar.com\/avatar\/37d968a2e67a6fd04c169c4bdef102d0bc5d31b2546345219e348575eb80e9a0?s=96&d=mm&r=g","contentUrl":"https:\/\/secure.gravatar.com\/avatar\/37d968a2e67a6fd04c169c4bdef102d0bc5d31b2546345219e348575eb80e9a0?s=96&d=mm&r=g","caption":"redazione"},"sameAs":["http:\/\/www.bellunopress.it","https:\/\/x.com\/bellunopress"],"url":"https:\/\/www.bellunopress.it\/fr\/author\/redazione\/"}]}},"_links":{"self":[{"href":"https:\/\/www.bellunopress.it\/fr\/wp-json\/wp\/v2\/posts\/164467","targetHints":{"allow":["GET"]}}],"collection":[{"href":"https:\/\/www.bellunopress.it\/fr\/wp-json\/wp\/v2\/posts"}],"about":[{"href":"https:\/\/www.bellunopress.it\/fr\/wp-json\/wp\/v2\/types\/post"}],"author":[{"embeddable":true,"href":"https:\/\/www.bellunopress.it\/fr\/wp-json\/wp\/v2\/users\/2"}],"replies":[{"embeddable":true,"href":"https:\/\/www.bellunopress.it\/fr\/wp-json\/wp\/v2\/comments?post=164467"}],"version-history":[{"count":1,"href":"https:\/\/www.bellunopress.it\/fr\/wp-json\/wp\/v2\/posts\/164467\/revisions"}],"predecessor-version":[{"id":164468,"href":"https:\/\/www.bellunopress.it\/fr\/wp-json\/wp\/v2\/posts\/164467\/revisions\/164468"}],"wp:featuredmedia":[{"embeddable":true,"href":"https:\/\/www.bellunopress.it\/fr\/wp-json\/wp\/v2\/media\/123649"}],"wp:attachment":[{"href":"https:\/\/www.bellunopress.it\/fr\/wp-json\/wp\/v2\/media?parent=164467"}],"wp:term":[{"taxonomy":"category","embeddable":true,"href":"https:\/\/www.bellunopress.it\/fr\/wp-json\/wp\/v2\/categories?post=164467"},{"taxonomy":"post_tag","embeddable":true,"href":"https:\/\/www.bellunopress.it\/fr\/wp-json\/wp\/v2\/tags?post=164467"}],"curies":[{"name":"wp","href":"https:\/\/api.w.org\/{rel}","templated":true}]}}