{"id":164449,"date":"2025-10-27T10:03:12","date_gmt":"2025-10-27T09:03:12","guid":{"rendered":"https:\/\/www.bellunopress.it\/?p=164449"},"modified":"2025-10-27T12:27:36","modified_gmt":"2025-10-27T11:27:36","slug":"dermatite-atopica-unifarco-protagonista-di-un-passo-fondamentale-nella-cura","status":"publish","type":"post","link":"https:\/\/www.bellunopress.it\/fr\/2025\/10\/27\/dermatite-atopica-unifarco-protagonista-di-un-passo-fondamentale-nella-cura\/","title":{"rendered":"Dermatite atopica: Unifarco protagonista di un passo fondamentale nella cura"},"content":{"rendered":"<p><img loading=\"lazy\" decoding=\"async\" class=\"aligncenter size-full wp-image-149039\" src=\"https:\/\/www.bellunopress.it\/wp-content\/uploads\/2024\/03\/Unifarco-2_edited.jpg\" alt=\"\" width=\"1000\" height=\"668\" srcset=\"https:\/\/www.bellunopress.it\/wp-content\/uploads\/2024\/03\/Unifarco-2_edited.jpg 1000w, https:\/\/www.bellunopress.it\/wp-content\/uploads\/2024\/03\/Unifarco-2_edited-500x334.jpg 500w, https:\/\/www.bellunopress.it\/wp-content\/uploads\/2024\/03\/Unifarco-2_edited-696x465.jpg 696w\" sizes=\"auto, (max-width: 1000px) 100vw, 1000px\" \/>Belluno, 27 ottobre 2025 \u2013 Unifarco, azienda leader in Italia nel settore della salute e del benessere in farmacia, ha contribuito attivamente al raggiungimento di un importante traguardo etico nella lotta alla dermatite atopica, con un impatto significativo a livello globale. Forte di 40 anni di know-how e di esperienza nella cura delle patologie cutanee, Unifarco ha preso parte a un progetto di lavoro che ha visto la collaborazione tra istituzioni internazionali, gotha della dermatologia e rappresentanti di rilevanti aziende farmaceutiche e cosmetiche volto a trovare una cura alla malattia accessibile anche nei Paesi a basso reddito.<\/p>\n<p>Il progetto \u2013 lanciato nel 2023 dalla Societ\u00e0 Internazionale della Dermatite Atopica (ISAD) e dall&#8217;Organizzazione Mondiale della Sanit\u00e0 (OMS) &#8211; \u00e8 nato con l&#8217;obiettivo di trovare una soluzione globalmente riconosciuta al trattamento base della dermatite atopica, malattia invalidante che colpisce circa 200 milioni di persone in tutto il mondo e che rappresenta un problema soprattutto nei Paesi a basso reddito dove l&#8217;accesso a cure dermatologiche \u00e8 spesso limitato. A due anni dall&#8217;inizio del tavolo di lavoro, per la prima volta creme idratanti a base di urea 5% o glicerolo 15\u201320% sono state inserite nelle Liste dei Farmaci Essenziali (EML e EMLc) per il trattamento della dermatite atopica.<\/p>\n<p>Forte di una consolidata expertise scientifica e di una profonda conoscenza dei meccanismi cutanei, Unifarco ha avuto un ruolo attivo nel percorso che ha portato a questo risultato. L&#8217;azienda ha contribuito in modo significativo agli aspetti tecnico-scientifici relativi alla scelta degli attivi, ai costi e ai vincoli industriali, sviluppando parallelamente un prototipo formulativo a basso costo e conforme alle linee guida dettate dall&#8217;OMS, dimostrando la fattibilit\u00e0 tecnica della proposta.<\/p>\n<p>Il riconoscimento di questo risultato \u2013 presentato a Melbourne in occasione del 15\u00b0 Simposio Internazionale Georg RAJKA sulla Dermatite Atopica (ISAD) \u2013 consentir\u00e0 ora all&#8217;OMS e ai Paesi partner di promuovere l&#8217;accesso alla terapia ai pazienti inseriti in contesti a basso reddito. Per definizione, i farmaci e i dispositivi medici inseriti nella lista dei medicinali essenziali sono considerati prioritari per la salute pubblica, e i sistemi sanitari nazionali e internazionali sono invitati a garantirne l&#8217;accessibilit\u00e0 e la disponibilit\u00e0.<\/p>\n<p>Si tratta di un passo fondamentale nella promozione dell&#8217;accesso globale ai trattamenti per una condizione che affligge milioni di persone in tutto il mondo. L&#8217;inclusione di una crema a base di urea 5% oppure glicerolo 15\u201320% nelle Liste dei Farmaci Essenziali rappresenta, infatti, il primo riconoscimento nella storia dell&#8217;efficacia di un trattamento idratante che nei contesti con risorse limitate porta a minor rischio di infezioni secondarie, miglioramento dello stigma sociale e della salute mentale e maggiore frequenza scolastica nei bambini.<\/p>\n<p>Unifarco dimostra ancora una volta il suo impegno verso una visione di salute globale, che pone al centro il benessere delle persone. Il valore etico del Gruppo non si limita alla qualit\u00e0 dei prodotti, ma si estende alla responsabilit\u00e0 sociale di contribuire concretamente a rendere la salute un diritto universale, garantendo un accesso equo alle cure.<\/p>\n<p>&#8220;Abbiamo avuto la possibilit\u00e0 di sederci al tavolo con massimi esperti e organizzazioni internazionali per garantire che le persone affette da dermatite atopica, specialmente nei Paesi pi\u00f9 poveri, possano avere accesso a trattamenti efficaci e sicuri&#8221; commenta Gianni Baratto, Science and Research Vice President di Unifarco. &#8220;La nostra missione \u00e8 da sempre quella di perseguire il benessere delle persone, e con questo traguardo possiamo dire che abbiamo contribuito a fare un importante passo in questa direzione.&#8221;<\/p>\n<p>&#8220;Siamo orgogliosi di poter affermare che il nostro impegno \u00e8 sempre stato guidato da un forte valore etico, che ci spinge ogni giorno a mettere a disposizione il nostro know-how nel settore dermocosmetico e farmaceutico&#8221; continua Andrea Baratto, Marketing Manager Unifarco Biomedical. &#8220;Nel campo della dermatite atopica possiamo ora affermare di avere avuto un ruolo da protagonisti nel migliorare la vita di tanti&#8221;.<\/p>\n<p>&nbsp;<\/p>","protected":false},"excerpt":{"rendered":"<p>Belluno, 27 ottobre 2025 \u2013 Unifarco, azienda leader in Italia nel settore della salute e del benessere in farmacia, ha contribuito attivamente al raggiungimento di un importante traguardo etico nella lotta alla dermatite atopica, con un impatto significativo a livello globale. Forte di 40 anni di know-how e di esperienza nella cura delle patologie cutanee, [&hellip;]<\/p>\n","protected":false},"author":2,"featured_media":149039,"comment_status":"closed","ping_status":"open","sticky":false,"template":"","format":"standard","meta":{"footnotes":""},"categories":[36,26,17],"tags":[],"class_list":["post-164449","post","type-post","status-publish","format-standard","has-post-thumbnail","category-lavoro-economia","category-prima-pagina","category-sanita"],"yoast_head":"<!-- This site is optimized with the Yoast SEO plugin v28.4 - https:\/\/yoast.com\/product\/yoast-seo-wordpress\/ -->\n<title>Dermatite atopica: Unifarco protagonista di un passo fondamentale nella cura - Bellunopress - Dolomiti<\/title>\n<meta name=\"robots\" content=\"index, follow, max-snippet:-1, max-image-preview:large, max-video-preview:-1\" \/>\n<link rel=\"canonical\" href=\"https:\/\/www.bellunopress.it\/fr\/2025\/10\/27\/dermatite-atopica-unifarco-protagonista-di-un-passo-fondamentale-nella-cura\/\" \/>\n<meta property=\"og:locale\" content=\"fr_FR\" \/>\n<meta property=\"og:type\" content=\"article\" \/>\n<meta property=\"og:title\" content=\"Dermatite atopica: Unifarco protagonista di un passo fondamentale nella cura - Bellunopress - Dolomiti\" \/>\n<meta property=\"og:description\" content=\"Belluno, 27 ottobre 2025 \u2013 Unifarco, azienda leader in Italia nel settore della salute e del benessere in farmacia, ha contribuito attivamente al raggiungimento di un importante traguardo etico nella lotta alla dermatite atopica, con un impatto significativo a livello globale. Forte di 40 anni di know-how e di esperienza nella cura delle patologie cutanee, [&hellip;]\" \/>\n<meta property=\"og:url\" content=\"https:\/\/www.bellunopress.it\/fr\/2025\/10\/27\/dermatite-atopica-unifarco-protagonista-di-un-passo-fondamentale-nella-cura\/\" \/>\n<meta property=\"og:site_name\" content=\"Bellunopress - Dolomiti\" \/>\n<meta property=\"article:publisher\" content=\"https:\/\/www.facebook.com\/profile.php?id=100008943462799\" \/>\n<meta property=\"article:published_time\" content=\"2025-10-27T09:03:12+00:00\" \/>\n<meta property=\"article:modified_time\" content=\"2025-10-27T11:27:36+00:00\" \/>\n<meta property=\"og:image\" content=\"https:\/\/www.bellunopress.it\/wp-content\/uploads\/2024\/03\/Unifarco-2_edited.jpg\" \/>\n\t<meta property=\"og:image:width\" content=\"1000\" \/>\n\t<meta property=\"og:image:height\" content=\"668\" \/>\n\t<meta property=\"og:image:type\" content=\"image\/jpeg\" \/>\n<meta name=\"author\" content=\"redazione\" \/>\n<meta name=\"twitter:card\" content=\"summary_large_image\" \/>\n<meta name=\"twitter:creator\" content=\"@bellunopress\" \/>\n<meta name=\"twitter:site\" content=\"@bellunopress\" \/>\n<meta name=\"twitter:label1\" content=\"\u00c9crit par\" \/>\n\t<meta name=\"twitter:data1\" content=\"redazione\" \/>\n\t<meta name=\"twitter:label2\" content=\"Dur\u00e9e de lecture estim\u00e9e\" \/>\n\t<meta name=\"twitter:data2\" content=\"3 minutes\" \/>\n<script type=\"application\/ld+json\" class=\"yoast-schema-graph\">{\"@context\":\"https:\\\/\\\/schema.org\",\"@graph\":[{\"@type\":\"Article\",\"@id\":\"https:\\\/\\\/www.bellunopress.it\\\/2025\\\/10\\\/27\\\/dermatite-atopica-unifarco-protagonista-di-un-passo-fondamentale-nella-cura\\\/#article\",\"isPartOf\":{\"@id\":\"https:\\\/\\\/www.bellunopress.it\\\/2025\\\/10\\\/27\\\/dermatite-atopica-unifarco-protagonista-di-un-passo-fondamentale-nella-cura\\\/\"},\"author\":{\"name\":\"redazione\",\"@id\":\"https:\\\/\\\/www.bellunopress.it\\\/#\\\/schema\\\/person\\\/79bb06722b37ece1c03d3e94beb30d73\"},\"headline\":\"Dermatite atopica: Unifarco protagonista di un passo fondamentale nella cura\",\"datePublished\":\"2025-10-27T09:03:12+00:00\",\"dateModified\":\"2025-10-27T11:27:36+00:00\",\"mainEntityOfPage\":{\"@id\":\"https:\\\/\\\/www.bellunopress.it\\\/2025\\\/10\\\/27\\\/dermatite-atopica-unifarco-protagonista-di-un-passo-fondamentale-nella-cura\\\/\"},\"wordCount\":631,\"publisher\":{\"@id\":\"https:\\\/\\\/www.bellunopress.it\\\/#organization\"},\"image\":{\"@id\":\"https:\\\/\\\/www.bellunopress.it\\\/2025\\\/10\\\/27\\\/dermatite-atopica-unifarco-protagonista-di-un-passo-fondamentale-nella-cura\\\/#primaryimage\"},\"thumbnailUrl\":\"https:\\\/\\\/www.bellunopress.it\\\/wp-content\\\/uploads\\\/2024\\\/03\\\/Unifarco-2_edited.jpg\",\"articleSection\":[\"Lavoro, Economia, Turismo\",\"Prima Pagina\",\"Sanit\u00e0 Medicina\"],\"inLanguage\":\"fr-FR\"},{\"@type\":\"WebPage\",\"@id\":\"https:\\\/\\\/www.bellunopress.it\\\/2025\\\/10\\\/27\\\/dermatite-atopica-unifarco-protagonista-di-un-passo-fondamentale-nella-cura\\\/\",\"url\":\"https:\\\/\\\/www.bellunopress.it\\\/2025\\\/10\\\/27\\\/dermatite-atopica-unifarco-protagonista-di-un-passo-fondamentale-nella-cura\\\/\",\"name\":\"Dermatite atopica: Unifarco protagonista di un passo fondamentale nella cura - Bellunopress - Dolomiti\",\"isPartOf\":{\"@id\":\"https:\\\/\\\/www.bellunopress.it\\\/#website\"},\"primaryImageOfPage\":{\"@id\":\"https:\\\/\\\/www.bellunopress.it\\\/2025\\\/10\\\/27\\\/dermatite-atopica-unifarco-protagonista-di-un-passo-fondamentale-nella-cura\\\/#primaryimage\"},\"image\":{\"@id\":\"https:\\\/\\\/www.bellunopress.it\\\/2025\\\/10\\\/27\\\/dermatite-atopica-unifarco-protagonista-di-un-passo-fondamentale-nella-cura\\\/#primaryimage\"},\"thumbnailUrl\":\"https:\\\/\\\/www.bellunopress.it\\\/wp-content\\\/uploads\\\/2024\\\/03\\\/Unifarco-2_edited.jpg\",\"datePublished\":\"2025-10-27T09:03:12+00:00\",\"dateModified\":\"2025-10-27T11:27:36+00:00\",\"breadcrumb\":{\"@id\":\"https:\\\/\\\/www.bellunopress.it\\\/2025\\\/10\\\/27\\\/dermatite-atopica-unifarco-protagonista-di-un-passo-fondamentale-nella-cura\\\/#breadcrumb\"},\"inLanguage\":\"fr-FR\",\"potentialAction\":[{\"@type\":\"ReadAction\",\"target\":[\"https:\\\/\\\/www.bellunopress.it\\\/2025\\\/10\\\/27\\\/dermatite-atopica-unifarco-protagonista-di-un-passo-fondamentale-nella-cura\\\/\"]}]},{\"@type\":\"ImageObject\",\"inLanguage\":\"fr-FR\",\"@id\":\"https:\\\/\\\/www.bellunopress.it\\\/2025\\\/10\\\/27\\\/dermatite-atopica-unifarco-protagonista-di-un-passo-fondamentale-nella-cura\\\/#primaryimage\",\"url\":\"https:\\\/\\\/www.bellunopress.it\\\/wp-content\\\/uploads\\\/2024\\\/03\\\/Unifarco-2_edited.jpg\",\"contentUrl\":\"https:\\\/\\\/www.bellunopress.it\\\/wp-content\\\/uploads\\\/2024\\\/03\\\/Unifarco-2_edited.jpg\",\"width\":1000,\"height\":668},{\"@type\":\"BreadcrumbList\",\"@id\":\"https:\\\/\\\/www.bellunopress.it\\\/2025\\\/10\\\/27\\\/dermatite-atopica-unifarco-protagonista-di-un-passo-fondamentale-nella-cura\\\/#breadcrumb\",\"itemListElement\":[{\"@type\":\"ListItem\",\"position\":1,\"name\":\"Home\",\"item\":\"https:\\\/\\\/www.bellunopress.it\\\/\"},{\"@type\":\"ListItem\",\"position\":2,\"name\":\"Dermatite atopica: Unifarco protagonista di un passo fondamentale nella cura\"}]},{\"@type\":\"WebSite\",\"@id\":\"https:\\\/\\\/www.bellunopress.it\\\/#website\",\"url\":\"https:\\\/\\\/www.bellunopress.it\\\/\",\"name\":\"Bellunopress - Dolomiti\",\"description\":\"e-mail: redazione@bellunopress.it\",\"publisher\":{\"@id\":\"https:\\\/\\\/www.bellunopress.it\\\/#organization\"},\"potentialAction\":[{\"@type\":\"SearchAction\",\"target\":{\"@type\":\"EntryPoint\",\"urlTemplate\":\"https:\\\/\\\/www.bellunopress.it\\\/?s={search_term_string}\"},\"query-input\":{\"@type\":\"PropertyValueSpecification\",\"valueRequired\":true,\"valueName\":\"search_term_string\"}}],\"inLanguage\":\"fr-FR\"},{\"@type\":\"Organization\",\"@id\":\"https:\\\/\\\/www.bellunopress.it\\\/#organization\",\"name\":\"Bellunopress\",\"url\":\"https:\\\/\\\/www.bellunopress.it\\\/\",\"logo\":{\"@type\":\"ImageObject\",\"inLanguage\":\"fr-FR\",\"@id\":\"https:\\\/\\\/www.bellunopress.it\\\/#\\\/schema\\\/logo\\\/image\\\/\",\"url\":\"https:\\\/\\\/www.bellunopress.it\\\/wp-content\\\/uploads\\\/2011\\\/05\\\/cropped-logo-bellunopress-.jpg\",\"contentUrl\":\"https:\\\/\\\/www.bellunopress.it\\\/wp-content\\\/uploads\\\/2011\\\/05\\\/cropped-logo-bellunopress-.jpg\",\"width\":512,\"height\":512,\"caption\":\"Bellunopress\"},\"image\":{\"@id\":\"https:\\\/\\\/www.bellunopress.it\\\/#\\\/schema\\\/logo\\\/image\\\/\"},\"sameAs\":[\"https:\\\/\\\/www.facebook.com\\\/profile.php?id=100008943462799\",\"https:\\\/\\\/x.com\\\/bellunopress\",\"https:\\\/\\\/www.linkedin.com\\\/hp\\\/?dnr=JBzUWaJfMUw8vbXJJ2tVW5-I3jZKvC4wsoxE&amp;amp;amp;amp;amp;amp;trk=nav_responsive_tab_home\",\"https:\\\/\\\/www.youtube.com\\\/channel\\\/UCxL0wu1uN0_3_7hGG0306cw\"]},{\"@type\":\"Person\",\"@id\":\"https:\\\/\\\/www.bellunopress.it\\\/#\\\/schema\\\/person\\\/79bb06722b37ece1c03d3e94beb30d73\",\"name\":\"redazione\",\"image\":{\"@type\":\"ImageObject\",\"inLanguage\":\"fr-FR\",\"@id\":\"https:\\\/\\\/secure.gravatar.com\\\/avatar\\\/37d968a2e67a6fd04c169c4bdef102d0bc5d31b2546345219e348575eb80e9a0?s=96&d=mm&r=g\",\"url\":\"https:\\\/\\\/secure.gravatar.com\\\/avatar\\\/37d968a2e67a6fd04c169c4bdef102d0bc5d31b2546345219e348575eb80e9a0?s=96&d=mm&r=g\",\"contentUrl\":\"https:\\\/\\\/secure.gravatar.com\\\/avatar\\\/37d968a2e67a6fd04c169c4bdef102d0bc5d31b2546345219e348575eb80e9a0?s=96&d=mm&r=g\",\"caption\":\"redazione\"},\"sameAs\":[\"http:\\\/\\\/www.bellunopress.it\",\"https:\\\/\\\/x.com\\\/bellunopress\"],\"url\":\"https:\\\/\\\/www.bellunopress.it\\\/fr\\\/author\\\/redazione\\\/\"}]}<\/script>\n<!-- \/ Yoast SEO plugin. -->","yoast_head_json":{"title":"Dermatite atopica: Unifarco protagonista di un passo fondamentale nella cura - Bellunopress - Dolomiti","robots":{"index":"index","follow":"follow","max-snippet":"max-snippet:-1","max-image-preview":"max-image-preview:large","max-video-preview":"max-video-preview:-1"},"canonical":"https:\/\/www.bellunopress.it\/fr\/2025\/10\/27\/dermatite-atopica-unifarco-protagonista-di-un-passo-fondamentale-nella-cura\/","og_locale":"fr_FR","og_type":"article","og_title":"Dermatite atopica: Unifarco protagonista di un passo fondamentale nella cura - Bellunopress - Dolomiti","og_description":"Belluno, 27 ottobre 2025 \u2013 Unifarco, azienda leader in Italia nel settore della salute e del benessere in farmacia, ha contribuito attivamente al raggiungimento di un importante traguardo etico nella lotta alla dermatite atopica, con un impatto significativo a livello globale. Forte di 40 anni di know-how e di esperienza nella cura delle patologie cutanee, [&hellip;]","og_url":"https:\/\/www.bellunopress.it\/fr\/2025\/10\/27\/dermatite-atopica-unifarco-protagonista-di-un-passo-fondamentale-nella-cura\/","og_site_name":"Bellunopress - Dolomiti","article_publisher":"https:\/\/www.facebook.com\/profile.php?id=100008943462799","article_published_time":"2025-10-27T09:03:12+00:00","article_modified_time":"2025-10-27T11:27:36+00:00","og_image":[{"width":1000,"height":668,"url":"https:\/\/www.bellunopress.it\/wp-content\/uploads\/2024\/03\/Unifarco-2_edited.jpg","type":"image\/jpeg"}],"author":"redazione","twitter_card":"summary_large_image","twitter_creator":"@bellunopress","twitter_site":"@bellunopress","twitter_misc":{"\u00c9crit par":"redazione","Dur\u00e9e de lecture estim\u00e9e":"3 minutes"},"schema":{"@context":"https:\/\/schema.org","@graph":[{"@type":"Article","@id":"https:\/\/www.bellunopress.it\/2025\/10\/27\/dermatite-atopica-unifarco-protagonista-di-un-passo-fondamentale-nella-cura\/#article","isPartOf":{"@id":"https:\/\/www.bellunopress.it\/2025\/10\/27\/dermatite-atopica-unifarco-protagonista-di-un-passo-fondamentale-nella-cura\/"},"author":{"name":"redazione","@id":"https:\/\/www.bellunopress.it\/#\/schema\/person\/79bb06722b37ece1c03d3e94beb30d73"},"headline":"Dermatite atopica: Unifarco protagonista di un passo fondamentale nella cura","datePublished":"2025-10-27T09:03:12+00:00","dateModified":"2025-10-27T11:27:36+00:00","mainEntityOfPage":{"@id":"https:\/\/www.bellunopress.it\/2025\/10\/27\/dermatite-atopica-unifarco-protagonista-di-un-passo-fondamentale-nella-cura\/"},"wordCount":631,"publisher":{"@id":"https:\/\/www.bellunopress.it\/#organization"},"image":{"@id":"https:\/\/www.bellunopress.it\/2025\/10\/27\/dermatite-atopica-unifarco-protagonista-di-un-passo-fondamentale-nella-cura\/#primaryimage"},"thumbnailUrl":"https:\/\/www.bellunopress.it\/wp-content\/uploads\/2024\/03\/Unifarco-2_edited.jpg","articleSection":["Lavoro, Economia, Turismo","Prima Pagina","Sanit\u00e0 Medicina"],"inLanguage":"fr-FR"},{"@type":"WebPage","@id":"https:\/\/www.bellunopress.it\/2025\/10\/27\/dermatite-atopica-unifarco-protagonista-di-un-passo-fondamentale-nella-cura\/","url":"https:\/\/www.bellunopress.it\/2025\/10\/27\/dermatite-atopica-unifarco-protagonista-di-un-passo-fondamentale-nella-cura\/","name":"Dermatite atopica: Unifarco protagonista di un passo fondamentale nella cura - Bellunopress - Dolomiti","isPartOf":{"@id":"https:\/\/www.bellunopress.it\/#website"},"primaryImageOfPage":{"@id":"https:\/\/www.bellunopress.it\/2025\/10\/27\/dermatite-atopica-unifarco-protagonista-di-un-passo-fondamentale-nella-cura\/#primaryimage"},"image":{"@id":"https:\/\/www.bellunopress.it\/2025\/10\/27\/dermatite-atopica-unifarco-protagonista-di-un-passo-fondamentale-nella-cura\/#primaryimage"},"thumbnailUrl":"https:\/\/www.bellunopress.it\/wp-content\/uploads\/2024\/03\/Unifarco-2_edited.jpg","datePublished":"2025-10-27T09:03:12+00:00","dateModified":"2025-10-27T11:27:36+00:00","breadcrumb":{"@id":"https:\/\/www.bellunopress.it\/2025\/10\/27\/dermatite-atopica-unifarco-protagonista-di-un-passo-fondamentale-nella-cura\/#breadcrumb"},"inLanguage":"fr-FR","potentialAction":[{"@type":"ReadAction","target":["https:\/\/www.bellunopress.it\/2025\/10\/27\/dermatite-atopica-unifarco-protagonista-di-un-passo-fondamentale-nella-cura\/"]}]},{"@type":"ImageObject","inLanguage":"fr-FR","@id":"https:\/\/www.bellunopress.it\/2025\/10\/27\/dermatite-atopica-unifarco-protagonista-di-un-passo-fondamentale-nella-cura\/#primaryimage","url":"https:\/\/www.bellunopress.it\/wp-content\/uploads\/2024\/03\/Unifarco-2_edited.jpg","contentUrl":"https:\/\/www.bellunopress.it\/wp-content\/uploads\/2024\/03\/Unifarco-2_edited.jpg","width":1000,"height":668},{"@type":"BreadcrumbList","@id":"https:\/\/www.bellunopress.it\/2025\/10\/27\/dermatite-atopica-unifarco-protagonista-di-un-passo-fondamentale-nella-cura\/#breadcrumb","itemListElement":[{"@type":"ListItem","position":1,"name":"Home","item":"https:\/\/www.bellunopress.it\/"},{"@type":"ListItem","position":2,"name":"Dermatite atopica: Unifarco protagonista di un passo fondamentale nella cura"}]},{"@type":"WebSite","@id":"https:\/\/www.bellunopress.it\/#website","url":"https:\/\/www.bellunopress.it\/","name":"Bellunopress - Dolomiti","description":"e-mail: redazione@bellunopress.it","publisher":{"@id":"https:\/\/www.bellunopress.it\/#organization"},"potentialAction":[{"@type":"SearchAction","target":{"@type":"EntryPoint","urlTemplate":"https:\/\/www.bellunopress.it\/?s={search_term_string}"},"query-input":{"@type":"PropertyValueSpecification","valueRequired":true,"valueName":"search_term_string"}}],"inLanguage":"fr-FR"},{"@type":"Organization","@id":"https:\/\/www.bellunopress.it\/#organization","name":"Bellunopress","url":"https:\/\/www.bellunopress.it\/","logo":{"@type":"ImageObject","inLanguage":"fr-FR","@id":"https:\/\/www.bellunopress.it\/#\/schema\/logo\/image\/","url":"https:\/\/www.bellunopress.it\/wp-content\/uploads\/2011\/05\/cropped-logo-bellunopress-.jpg","contentUrl":"https:\/\/www.bellunopress.it\/wp-content\/uploads\/2011\/05\/cropped-logo-bellunopress-.jpg","width":512,"height":512,"caption":"Bellunopress"},"image":{"@id":"https:\/\/www.bellunopress.it\/#\/schema\/logo\/image\/"},"sameAs":["https:\/\/www.facebook.com\/profile.php?id=100008943462799","https:\/\/x.com\/bellunopress","https:\/\/www.linkedin.com\/hp\/?dnr=JBzUWaJfMUw8vbXJJ2tVW5-I3jZKvC4wsoxE&amp;amp;amp;amp;amp;amp;trk=nav_responsive_tab_home","https:\/\/www.youtube.com\/channel\/UCxL0wu1uN0_3_7hGG0306cw"]},{"@type":"Person","@id":"https:\/\/www.bellunopress.it\/#\/schema\/person\/79bb06722b37ece1c03d3e94beb30d73","name":"r\u00e9daction","image":{"@type":"ImageObject","inLanguage":"fr-FR","@id":"https:\/\/secure.gravatar.com\/avatar\/37d968a2e67a6fd04c169c4bdef102d0bc5d31b2546345219e348575eb80e9a0?s=96&d=mm&r=g","url":"https:\/\/secure.gravatar.com\/avatar\/37d968a2e67a6fd04c169c4bdef102d0bc5d31b2546345219e348575eb80e9a0?s=96&d=mm&r=g","contentUrl":"https:\/\/secure.gravatar.com\/avatar\/37d968a2e67a6fd04c169c4bdef102d0bc5d31b2546345219e348575eb80e9a0?s=96&d=mm&r=g","caption":"redazione"},"sameAs":["http:\/\/www.bellunopress.it","https:\/\/x.com\/bellunopress"],"url":"https:\/\/www.bellunopress.it\/fr\/author\/redazione\/"}]}},"_links":{"self":[{"href":"https:\/\/www.bellunopress.it\/fr\/wp-json\/wp\/v2\/posts\/164449","targetHints":{"allow":["GET"]}}],"collection":[{"href":"https:\/\/www.bellunopress.it\/fr\/wp-json\/wp\/v2\/posts"}],"about":[{"href":"https:\/\/www.bellunopress.it\/fr\/wp-json\/wp\/v2\/types\/post"}],"author":[{"embeddable":true,"href":"https:\/\/www.bellunopress.it\/fr\/wp-json\/wp\/v2\/users\/2"}],"replies":[{"embeddable":true,"href":"https:\/\/www.bellunopress.it\/fr\/wp-json\/wp\/v2\/comments?post=164449"}],"version-history":[{"count":2,"href":"https:\/\/www.bellunopress.it\/fr\/wp-json\/wp\/v2\/posts\/164449\/revisions"}],"predecessor-version":[{"id":164454,"href":"https:\/\/www.bellunopress.it\/fr\/wp-json\/wp\/v2\/posts\/164449\/revisions\/164454"}],"wp:featuredmedia":[{"embeddable":true,"href":"https:\/\/www.bellunopress.it\/fr\/wp-json\/wp\/v2\/media\/149039"}],"wp:attachment":[{"href":"https:\/\/www.bellunopress.it\/fr\/wp-json\/wp\/v2\/media?parent=164449"}],"wp:term":[{"taxonomy":"category","embeddable":true,"href":"https:\/\/www.bellunopress.it\/fr\/wp-json\/wp\/v2\/categories?post=164449"},{"taxonomy":"post_tag","embeddable":true,"href":"https:\/\/www.bellunopress.it\/fr\/wp-json\/wp\/v2\/tags?post=164449"}],"curies":[{"name":"wp","href":"https:\/\/api.w.org\/{rel}","templated":true}]}}