{"id":164427,"date":"2025-10-26T10:19:09","date_gmt":"2025-10-26T09:19:09","guid":{"rendered":"https:\/\/www.bellunopress.it\/?p=164427"},"modified":"2025-10-26T10:19:09","modified_gmt":"2025-10-26T09:19:09","slug":"inaugurato-il-nuovo-granaio-di-villa-buzzati-il-sogno-di-valentina-morassutti-diventa-realta-un-polo-culturale-aperto-a-tutti","status":"publish","type":"post","link":"https:\/\/www.bellunopress.it\/fr\/2025\/10\/26\/inaugurato-il-nuovo-granaio-di-villa-buzzati-il-sogno-di-valentina-morassutti-diventa-realta-un-polo-culturale-aperto-a-tutti\/","title":{"rendered":"Inaugurato il nuovo Granaio di Villa Buzzati: il sogno di Valentina Morassutti diventa realt\u00e0. Un polo culturale aperto a tutti"},"content":{"rendered":"<p><em><img loading=\"lazy\" decoding=\"async\" class=\"aligncenter size-full wp-image-164428\" src=\"https:\/\/www.bellunopress.it\/wp-content\/uploads\/2025\/10\/granaio-inaugurazione-3_edited.jpg\" alt=\"\" width=\"800\" height=\"600\" srcset=\"https:\/\/www.bellunopress.it\/wp-content\/uploads\/2025\/10\/granaio-inaugurazione-3_edited.jpg 800w, https:\/\/www.bellunopress.it\/wp-content\/uploads\/2025\/10\/granaio-inaugurazione-3_edited-500x375.jpg 500w, https:\/\/www.bellunopress.it\/wp-content\/uploads\/2025\/10\/granaio-inaugurazione-3_edited-560x420.jpg 560w, https:\/\/www.bellunopress.it\/wp-content\/uploads\/2025\/10\/granaio-inaugurazione-3_edited-80x60.jpg 80w, https:\/\/www.bellunopress.it\/wp-content\/uploads\/2025\/10\/granaio-inaugurazione-3_edited-696x522.jpg 696w\" sizes=\"auto, (max-width: 800px) 100vw, 800px\" \/> <img loading=\"lazy\" decoding=\"async\" class=\"aligncenter size-large wp-image-164429\" src=\"https:\/\/www.bellunopress.it\/wp-content\/uploads\/2025\/10\/granaio-villa-buzzati-1_edited.jpg\" alt=\"\" width=\"696\" height=\"522\" srcset=\"https:\/\/www.bellunopress.it\/wp-content\/uploads\/2025\/10\/granaio-villa-buzzati-1_edited.jpg 800w, https:\/\/www.bellunopress.it\/wp-content\/uploads\/2025\/10\/granaio-villa-buzzati-1_edited-500x375.jpg 500w, https:\/\/www.bellunopress.it\/wp-content\/uploads\/2025\/10\/granaio-villa-buzzati-1_edited-560x420.jpg 560w, https:\/\/www.bellunopress.it\/wp-content\/uploads\/2025\/10\/granaio-villa-buzzati-1_edited-80x60.jpg 80w, https:\/\/www.bellunopress.it\/wp-content\/uploads\/2025\/10\/granaio-villa-buzzati-1_edited-696x522.jpg 696w\" sizes=\"auto, (max-width: 696px) 100vw, 696px\" \/> <img loading=\"lazy\" decoding=\"async\" class=\"aligncenter size-large wp-image-164430\" src=\"https:\/\/www.bellunopress.it\/wp-content\/uploads\/2025\/10\/granaio-villa-buzzati-2_edited.jpg\" alt=\"\" width=\"696\" height=\"522\" srcset=\"https:\/\/www.bellunopress.it\/wp-content\/uploads\/2025\/10\/granaio-villa-buzzati-2_edited.jpg 800w, https:\/\/www.bellunopress.it\/wp-content\/uploads\/2025\/10\/granaio-villa-buzzati-2_edited-500x375.jpg 500w, https:\/\/www.bellunopress.it\/wp-content\/uploads\/2025\/10\/granaio-villa-buzzati-2_edited-560x420.jpg 560w, https:\/\/www.bellunopress.it\/wp-content\/uploads\/2025\/10\/granaio-villa-buzzati-2_edited-80x60.jpg 80w, https:\/\/www.bellunopress.it\/wp-content\/uploads\/2025\/10\/granaio-villa-buzzati-2_edited-696x522.jpg 696w\" sizes=\"auto, (max-width: 696px) 100vw, 696px\" \/>Villa Buzzati San Pellegrino inaugura la nuova sala da 100 posti in omaggio al grande giornalista-scrittore bellunese. Un restauro da 330 mila euro, oltre met\u00e0 dei quali coperti dalla pronipote Valentina Morassutti.<\/em><\/p>\n<p>Belluno, 26 ottobre 2025 \u2013 Sala gremita ieri pomeriggio per l\u2019inaugurazione del &#8220;Nuovo Granaio&#8221; a Villa Buzzati San Pellegrino di Belluno. La struttura ha riaperto le porte alla cittadinanza trasformandosi in un polo culturale completamente accessibile e multidisciplinare dedicato a Dino Buzzati. L&#8217;inaugurazione del nuovo spazio, una sala da cento posti, \u00e8 stata salutata come un &#8220;omaggio collettivo&#8221; al grande giornalista, scrittore e pittore bellunese. Il progetto ha richiesto un investimento totale di 330 mila euro, oltre la met\u00e0 dei quali sostenuto da Valentina Morassutti, pronipote dello scrittore e presidente dell\u2019Associazione Internazionale Dino Buzzati, che realizza cos\u00ec il suo sogno. A questo si sono aggiunti i contributi pubblici dei fondi Pnrr, Fondazione Cariverona, il Ministero dei Beni culturali e la Regione Veneto.<\/p>\n<p>Il Granaio, un tempo luogo di lavoro e scrittura dello stesso Buzzati, dove vennero composti capolavori come il romanzo Il deserto dei Tartari, considerato da Montanelli la migliore opera italiana del \u2018900, \u00e8 stato concepito per essere un &#8220;luogo aperto, libero e plurale&#8221;, ha detto l\u2019assessore alla Cultura del Comune di Belluno Raffaele Addamiano, che ha citato anche l&#8217;articolo 9 della Costituzione \u201cOggi noi stiamo mettendo letteralmente in pratica quanto esso stabilisce dal lontano 1948, perch\u00e9 \u00e8 un compito alto e nobile della politica di promuovere e sviluppo della cultura\u201d.<\/p>\n<p>\u201cIl Granaio \u00e8 completamente accessibile e potr\u00e0 ospitare teatro, musica, incontri, mostre. Diciamo che il nostro pensiero \u00e8 sempre questo, di non radicarsi solo al passato, ma di aprire anche al futuro\u201d ha detto Valentina Morassutti. All&#8217;interno \u00e8 stata allestita la prima mostra permanente, che illustra le opere dello scrittore, documenti originali, fotografie storiche e la genealogia della famiglia. Lorenzo Vigan\u00f2, presidente della Fondazione Dino Buzzati di Milano, esperto di Buzzati e curatore dell\u2019opera per Mondadori, ha presentato \u201cle Storie Dipinte\u201d, la nuova edizione di un volume introvabile che unisce le opere pittoriche dello scrittore a piccoli testi che ne narrano la storia. Vigan\u00f2 ha definito il nuovo spazio come un &#8220;ponte&#8221; culturale tra Belluno e Milano.<\/p>\n<p>Enrico Colle, direttore del Museo Stibbert di Firenze, ha ripercorso la storia della famiglia Buzzati raccontando gli intrecci artistici e letterari che hanno reso unica la storia di Villa Buzzati. Marco Perale, presidente dell\u2019Associazione Internazionale Dino Buzzatti, ha lodato l&#8217;iniziativa come atto di responsabilit\u00e0 della memoria, affermando che \u201cChi concretizza la responsabilit\u00e0 della memoria, ha messo solide radici\u201d. Il progetto mira dunque a dare continuit\u00e0 al legame tra il luogo, la storia della famiglia Buzzati e la straordinaria produzione letteraria dello scrittore, riprendendo una sua celebre frase: \u201cCi prendiamo cura della casa, che si prende cura di noi\u201d.<\/p>\n<p>Sono intervenuti il presidente della provincia Roberto Padrin e il sindaco di Limana Michele Talo. L\u2019atmosfera \u00e8 stata allietata dalle note del nuovo Collettivo Belluno Jazz, con Mos\u00e8 Andrich al piano e Gabriele Tormen al contrabbasso. Brindisi finale con catering dell\u2019Azienda Agricola Ultracosta di Tambre.<\/p>\n<p>&nbsp;<\/p>","protected":false},"excerpt":{"rendered":"<p>Villa Buzzati San Pellegrino inaugura la nuova sala da 100 posti in omaggio al grande giornalista-scrittore bellunese. Un restauro da 330 mila euro, oltre met\u00e0 dei quali coperti dalla pronipote Valentina Morassutti. Belluno, 26 ottobre 2025 \u2013 Sala gremita ieri pomeriggio per l\u2019inaugurazione del &#8220;Nuovo Granaio&#8221; a Villa Buzzati San Pellegrino di Belluno. La struttura [&hellip;]<\/p>\n","protected":false},"author":2,"featured_media":164430,"comment_status":"closed","ping_status":"open","sticky":false,"template":"","format":"standard","meta":{"footnotes":""},"categories":[3,5,25],"tags":[],"class_list":["post-164427","post","type-post","status-publish","format-standard","has-post-thumbnail","category-arte-cultura-spettacoli-scienza-archivi","category-cronaca","category-pausa-caffe"],"yoast_head":"<!-- This site is optimized with the Yoast SEO plugin v28.4 - https:\/\/yoast.com\/product\/yoast-seo-wordpress\/ -->\n<title>Inaugurato il nuovo Granaio di Villa Buzzati: il sogno di Valentina Morassutti diventa realt\u00e0. Un polo culturale aperto a tutti - Bellunopress - Dolomiti<\/title>\n<meta name=\"robots\" content=\"index, follow, max-snippet:-1, max-image-preview:large, max-video-preview:-1\" \/>\n<link rel=\"canonical\" href=\"https:\/\/www.bellunopress.it\/fr\/2025\/10\/26\/inaugurato-il-nuovo-granaio-di-villa-buzzati-il-sogno-di-valentina-morassutti-diventa-realta-un-polo-culturale-aperto-a-tutti\/\" \/>\n<meta property=\"og:locale\" content=\"fr_FR\" \/>\n<meta property=\"og:type\" content=\"article\" \/>\n<meta property=\"og:title\" content=\"Inaugurato il nuovo Granaio di Villa Buzzati: il sogno di Valentina Morassutti diventa realt\u00e0. Un polo culturale aperto a tutti - Bellunopress - Dolomiti\" \/>\n<meta property=\"og:description\" content=\"Villa Buzzati San Pellegrino inaugura la nuova sala da 100 posti in omaggio al grande giornalista-scrittore bellunese. Un restauro da 330 mila euro, oltre met\u00e0 dei quali coperti dalla pronipote Valentina Morassutti. Belluno, 26 ottobre 2025 \u2013 Sala gremita ieri pomeriggio per l\u2019inaugurazione del &#8220;Nuovo Granaio&#8221; a Villa Buzzati San Pellegrino di Belluno. La struttura [&hellip;]\" \/>\n<meta property=\"og:url\" content=\"https:\/\/www.bellunopress.it\/fr\/2025\/10\/26\/inaugurato-il-nuovo-granaio-di-villa-buzzati-il-sogno-di-valentina-morassutti-diventa-realta-un-polo-culturale-aperto-a-tutti\/\" \/>\n<meta property=\"og:site_name\" content=\"Bellunopress - Dolomiti\" \/>\n<meta property=\"article:publisher\" content=\"https:\/\/www.facebook.com\/profile.php?id=100008943462799\" \/>\n<meta property=\"article:published_time\" content=\"2025-10-26T09:19:09+00:00\" \/>\n<meta property=\"og:image\" content=\"https:\/\/www.bellunopress.it\/wp-content\/uploads\/2025\/10\/granaio-villa-buzzati-2_edited.jpg\" \/>\n\t<meta property=\"og:image:width\" content=\"800\" \/>\n\t<meta property=\"og:image:height\" content=\"600\" \/>\n\t<meta property=\"og:image:type\" content=\"image\/jpeg\" \/>\n<meta name=\"author\" content=\"redazione\" \/>\n<meta name=\"twitter:card\" content=\"summary_large_image\" \/>\n<meta name=\"twitter:creator\" content=\"@bellunopress\" \/>\n<meta name=\"twitter:site\" content=\"@bellunopress\" \/>\n<meta name=\"twitter:label1\" content=\"\u00c9crit par\" \/>\n\t<meta name=\"twitter:data1\" content=\"redazione\" \/>\n\t<meta name=\"twitter:label2\" content=\"Dur\u00e9e de lecture estim\u00e9e\" \/>\n\t<meta name=\"twitter:data2\" content=\"2 minutes\" \/>\n<script type=\"application\/ld+json\" class=\"yoast-schema-graph\">{\"@context\":\"https:\\\/\\\/schema.org\",\"@graph\":[{\"@type\":\"Article\",\"@id\":\"https:\\\/\\\/www.bellunopress.it\\\/2025\\\/10\\\/26\\\/inaugurato-il-nuovo-granaio-di-villa-buzzati-il-sogno-di-valentina-morassutti-diventa-realta-un-polo-culturale-aperto-a-tutti\\\/#article\",\"isPartOf\":{\"@id\":\"https:\\\/\\\/www.bellunopress.it\\\/2025\\\/10\\\/26\\\/inaugurato-il-nuovo-granaio-di-villa-buzzati-il-sogno-di-valentina-morassutti-diventa-realta-un-polo-culturale-aperto-a-tutti\\\/\"},\"author\":{\"name\":\"redazione\",\"@id\":\"https:\\\/\\\/www.bellunopress.it\\\/#\\\/schema\\\/person\\\/79bb06722b37ece1c03d3e94beb30d73\"},\"headline\":\"Inaugurato il nuovo Granaio di Villa Buzzati: il sogno di Valentina Morassutti diventa realt\u00e0. Un polo culturale aperto a tutti\",\"datePublished\":\"2025-10-26T09:19:09+00:00\",\"mainEntityOfPage\":{\"@id\":\"https:\\\/\\\/www.bellunopress.it\\\/2025\\\/10\\\/26\\\/inaugurato-il-nuovo-granaio-di-villa-buzzati-il-sogno-di-valentina-morassutti-diventa-realta-un-polo-culturale-aperto-a-tutti\\\/\"},\"wordCount\":520,\"publisher\":{\"@id\":\"https:\\\/\\\/www.bellunopress.it\\\/#organization\"},\"image\":{\"@id\":\"https:\\\/\\\/www.bellunopress.it\\\/2025\\\/10\\\/26\\\/inaugurato-il-nuovo-granaio-di-villa-buzzati-il-sogno-di-valentina-morassutti-diventa-realta-un-polo-culturale-aperto-a-tutti\\\/#primaryimage\"},\"thumbnailUrl\":\"https:\\\/\\\/www.bellunopress.it\\\/wp-content\\\/uploads\\\/2025\\\/10\\\/granaio-villa-buzzati-2_edited.jpg\",\"articleSection\":[\"Arte, Cultura, Spettacoli, Scienza\",\"Cronaca\\\/Politica\",\"Pausa Caff\u00e8\"],\"inLanguage\":\"fr-FR\"},{\"@type\":\"WebPage\",\"@id\":\"https:\\\/\\\/www.bellunopress.it\\\/2025\\\/10\\\/26\\\/inaugurato-il-nuovo-granaio-di-villa-buzzati-il-sogno-di-valentina-morassutti-diventa-realta-un-polo-culturale-aperto-a-tutti\\\/\",\"url\":\"https:\\\/\\\/www.bellunopress.it\\\/2025\\\/10\\\/26\\\/inaugurato-il-nuovo-granaio-di-villa-buzzati-il-sogno-di-valentina-morassutti-diventa-realta-un-polo-culturale-aperto-a-tutti\\\/\",\"name\":\"Inaugurato il nuovo Granaio di Villa Buzzati: il sogno di Valentina Morassutti diventa realt\u00e0. Un polo culturale aperto a tutti - Bellunopress - Dolomiti\",\"isPartOf\":{\"@id\":\"https:\\\/\\\/www.bellunopress.it\\\/#website\"},\"primaryImageOfPage\":{\"@id\":\"https:\\\/\\\/www.bellunopress.it\\\/2025\\\/10\\\/26\\\/inaugurato-il-nuovo-granaio-di-villa-buzzati-il-sogno-di-valentina-morassutti-diventa-realta-un-polo-culturale-aperto-a-tutti\\\/#primaryimage\"},\"image\":{\"@id\":\"https:\\\/\\\/www.bellunopress.it\\\/2025\\\/10\\\/26\\\/inaugurato-il-nuovo-granaio-di-villa-buzzati-il-sogno-di-valentina-morassutti-diventa-realta-un-polo-culturale-aperto-a-tutti\\\/#primaryimage\"},\"thumbnailUrl\":\"https:\\\/\\\/www.bellunopress.it\\\/wp-content\\\/uploads\\\/2025\\\/10\\\/granaio-villa-buzzati-2_edited.jpg\",\"datePublished\":\"2025-10-26T09:19:09+00:00\",\"breadcrumb\":{\"@id\":\"https:\\\/\\\/www.bellunopress.it\\\/2025\\\/10\\\/26\\\/inaugurato-il-nuovo-granaio-di-villa-buzzati-il-sogno-di-valentina-morassutti-diventa-realta-un-polo-culturale-aperto-a-tutti\\\/#breadcrumb\"},\"inLanguage\":\"fr-FR\",\"potentialAction\":[{\"@type\":\"ReadAction\",\"target\":[\"https:\\\/\\\/www.bellunopress.it\\\/2025\\\/10\\\/26\\\/inaugurato-il-nuovo-granaio-di-villa-buzzati-il-sogno-di-valentina-morassutti-diventa-realta-un-polo-culturale-aperto-a-tutti\\\/\"]}]},{\"@type\":\"ImageObject\",\"inLanguage\":\"fr-FR\",\"@id\":\"https:\\\/\\\/www.bellunopress.it\\\/2025\\\/10\\\/26\\\/inaugurato-il-nuovo-granaio-di-villa-buzzati-il-sogno-di-valentina-morassutti-diventa-realta-un-polo-culturale-aperto-a-tutti\\\/#primaryimage\",\"url\":\"https:\\\/\\\/www.bellunopress.it\\\/wp-content\\\/uploads\\\/2025\\\/10\\\/granaio-villa-buzzati-2_edited.jpg\",\"contentUrl\":\"https:\\\/\\\/www.bellunopress.it\\\/wp-content\\\/uploads\\\/2025\\\/10\\\/granaio-villa-buzzati-2_edited.jpg\",\"width\":800,\"height\":600},{\"@type\":\"BreadcrumbList\",\"@id\":\"https:\\\/\\\/www.bellunopress.it\\\/2025\\\/10\\\/26\\\/inaugurato-il-nuovo-granaio-di-villa-buzzati-il-sogno-di-valentina-morassutti-diventa-realta-un-polo-culturale-aperto-a-tutti\\\/#breadcrumb\",\"itemListElement\":[{\"@type\":\"ListItem\",\"position\":1,\"name\":\"Home\",\"item\":\"https:\\\/\\\/www.bellunopress.it\\\/\"},{\"@type\":\"ListItem\",\"position\":2,\"name\":\"Inaugurato il nuovo Granaio di Villa Buzzati: il sogno di Valentina Morassutti diventa realt\u00e0. Un polo culturale aperto a tutti\"}]},{\"@type\":\"WebSite\",\"@id\":\"https:\\\/\\\/www.bellunopress.it\\\/#website\",\"url\":\"https:\\\/\\\/www.bellunopress.it\\\/\",\"name\":\"Bellunopress - Dolomiti\",\"description\":\"e-mail: redazione@bellunopress.it\",\"publisher\":{\"@id\":\"https:\\\/\\\/www.bellunopress.it\\\/#organization\"},\"potentialAction\":[{\"@type\":\"SearchAction\",\"target\":{\"@type\":\"EntryPoint\",\"urlTemplate\":\"https:\\\/\\\/www.bellunopress.it\\\/?s={search_term_string}\"},\"query-input\":{\"@type\":\"PropertyValueSpecification\",\"valueRequired\":true,\"valueName\":\"search_term_string\"}}],\"inLanguage\":\"fr-FR\"},{\"@type\":\"Organization\",\"@id\":\"https:\\\/\\\/www.bellunopress.it\\\/#organization\",\"name\":\"Bellunopress\",\"url\":\"https:\\\/\\\/www.bellunopress.it\\\/\",\"logo\":{\"@type\":\"ImageObject\",\"inLanguage\":\"fr-FR\",\"@id\":\"https:\\\/\\\/www.bellunopress.it\\\/#\\\/schema\\\/logo\\\/image\\\/\",\"url\":\"https:\\\/\\\/www.bellunopress.it\\\/wp-content\\\/uploads\\\/2011\\\/05\\\/cropped-logo-bellunopress-.jpg\",\"contentUrl\":\"https:\\\/\\\/www.bellunopress.it\\\/wp-content\\\/uploads\\\/2011\\\/05\\\/cropped-logo-bellunopress-.jpg\",\"width\":512,\"height\":512,\"caption\":\"Bellunopress\"},\"image\":{\"@id\":\"https:\\\/\\\/www.bellunopress.it\\\/#\\\/schema\\\/logo\\\/image\\\/\"},\"sameAs\":[\"https:\\\/\\\/www.facebook.com\\\/profile.php?id=100008943462799\",\"https:\\\/\\\/x.com\\\/bellunopress\",\"https:\\\/\\\/www.linkedin.com\\\/hp\\\/?dnr=JBzUWaJfMUw8vbXJJ2tVW5-I3jZKvC4wsoxE&amp;amp;amp;amp;amp;amp;trk=nav_responsive_tab_home\",\"https:\\\/\\\/www.youtube.com\\\/channel\\\/UCxL0wu1uN0_3_7hGG0306cw\"]},{\"@type\":\"Person\",\"@id\":\"https:\\\/\\\/www.bellunopress.it\\\/#\\\/schema\\\/person\\\/79bb06722b37ece1c03d3e94beb30d73\",\"name\":\"redazione\",\"image\":{\"@type\":\"ImageObject\",\"inLanguage\":\"fr-FR\",\"@id\":\"https:\\\/\\\/secure.gravatar.com\\\/avatar\\\/37d968a2e67a6fd04c169c4bdef102d0bc5d31b2546345219e348575eb80e9a0?s=96&d=mm&r=g\",\"url\":\"https:\\\/\\\/secure.gravatar.com\\\/avatar\\\/37d968a2e67a6fd04c169c4bdef102d0bc5d31b2546345219e348575eb80e9a0?s=96&d=mm&r=g\",\"contentUrl\":\"https:\\\/\\\/secure.gravatar.com\\\/avatar\\\/37d968a2e67a6fd04c169c4bdef102d0bc5d31b2546345219e348575eb80e9a0?s=96&d=mm&r=g\",\"caption\":\"redazione\"},\"sameAs\":[\"http:\\\/\\\/www.bellunopress.it\",\"https:\\\/\\\/x.com\\\/bellunopress\"],\"url\":\"https:\\\/\\\/www.bellunopress.it\\\/fr\\\/author\\\/redazione\\\/\"}]}<\/script>\n<!-- \/ Yoast SEO plugin. -->","yoast_head_json":{"title":"Inaugurato il nuovo Granaio di Villa Buzzati: il sogno di Valentina Morassutti diventa realt\u00e0. Un polo culturale aperto a tutti - Bellunopress - Dolomiti","robots":{"index":"index","follow":"follow","max-snippet":"max-snippet:-1","max-image-preview":"max-image-preview:large","max-video-preview":"max-video-preview:-1"},"canonical":"https:\/\/www.bellunopress.it\/fr\/2025\/10\/26\/inaugurato-il-nuovo-granaio-di-villa-buzzati-il-sogno-di-valentina-morassutti-diventa-realta-un-polo-culturale-aperto-a-tutti\/","og_locale":"fr_FR","og_type":"article","og_title":"Inaugurato il nuovo Granaio di Villa Buzzati: il sogno di Valentina Morassutti diventa realt\u00e0. Un polo culturale aperto a tutti - Bellunopress - Dolomiti","og_description":"Villa Buzzati San Pellegrino inaugura la nuova sala da 100 posti in omaggio al grande giornalista-scrittore bellunese. Un restauro da 330 mila euro, oltre met\u00e0 dei quali coperti dalla pronipote Valentina Morassutti. Belluno, 26 ottobre 2025 \u2013 Sala gremita ieri pomeriggio per l\u2019inaugurazione del &#8220;Nuovo Granaio&#8221; a Villa Buzzati San Pellegrino di Belluno. La struttura [&hellip;]","og_url":"https:\/\/www.bellunopress.it\/fr\/2025\/10\/26\/inaugurato-il-nuovo-granaio-di-villa-buzzati-il-sogno-di-valentina-morassutti-diventa-realta-un-polo-culturale-aperto-a-tutti\/","og_site_name":"Bellunopress - Dolomiti","article_publisher":"https:\/\/www.facebook.com\/profile.php?id=100008943462799","article_published_time":"2025-10-26T09:19:09+00:00","og_image":[{"width":800,"height":600,"url":"https:\/\/www.bellunopress.it\/wp-content\/uploads\/2025\/10\/granaio-villa-buzzati-2_edited.jpg","type":"image\/jpeg"}],"author":"redazione","twitter_card":"summary_large_image","twitter_creator":"@bellunopress","twitter_site":"@bellunopress","twitter_misc":{"\u00c9crit par":"redazione","Dur\u00e9e de lecture estim\u00e9e":"2 minutes"},"schema":{"@context":"https:\/\/schema.org","@graph":[{"@type":"Article","@id":"https:\/\/www.bellunopress.it\/2025\/10\/26\/inaugurato-il-nuovo-granaio-di-villa-buzzati-il-sogno-di-valentina-morassutti-diventa-realta-un-polo-culturale-aperto-a-tutti\/#article","isPartOf":{"@id":"https:\/\/www.bellunopress.it\/2025\/10\/26\/inaugurato-il-nuovo-granaio-di-villa-buzzati-il-sogno-di-valentina-morassutti-diventa-realta-un-polo-culturale-aperto-a-tutti\/"},"author":{"name":"redazione","@id":"https:\/\/www.bellunopress.it\/#\/schema\/person\/79bb06722b37ece1c03d3e94beb30d73"},"headline":"Inaugurato il nuovo Granaio di Villa Buzzati: il sogno di Valentina Morassutti diventa realt\u00e0. Un polo culturale aperto a tutti","datePublished":"2025-10-26T09:19:09+00:00","mainEntityOfPage":{"@id":"https:\/\/www.bellunopress.it\/2025\/10\/26\/inaugurato-il-nuovo-granaio-di-villa-buzzati-il-sogno-di-valentina-morassutti-diventa-realta-un-polo-culturale-aperto-a-tutti\/"},"wordCount":520,"publisher":{"@id":"https:\/\/www.bellunopress.it\/#organization"},"image":{"@id":"https:\/\/www.bellunopress.it\/2025\/10\/26\/inaugurato-il-nuovo-granaio-di-villa-buzzati-il-sogno-di-valentina-morassutti-diventa-realta-un-polo-culturale-aperto-a-tutti\/#primaryimage"},"thumbnailUrl":"https:\/\/www.bellunopress.it\/wp-content\/uploads\/2025\/10\/granaio-villa-buzzati-2_edited.jpg","articleSection":["Arte, Cultura, Spettacoli, Scienza","Cronaca\/Politica","Pausa Caff\u00e8"],"inLanguage":"fr-FR"},{"@type":"WebPage","@id":"https:\/\/www.bellunopress.it\/2025\/10\/26\/inaugurato-il-nuovo-granaio-di-villa-buzzati-il-sogno-di-valentina-morassutti-diventa-realta-un-polo-culturale-aperto-a-tutti\/","url":"https:\/\/www.bellunopress.it\/2025\/10\/26\/inaugurato-il-nuovo-granaio-di-villa-buzzati-il-sogno-di-valentina-morassutti-diventa-realta-un-polo-culturale-aperto-a-tutti\/","name":"Inaugurato il nuovo Granaio di Villa Buzzati: il sogno di Valentina Morassutti diventa realt\u00e0. Un polo culturale aperto a tutti - Bellunopress - Dolomiti","isPartOf":{"@id":"https:\/\/www.bellunopress.it\/#website"},"primaryImageOfPage":{"@id":"https:\/\/www.bellunopress.it\/2025\/10\/26\/inaugurato-il-nuovo-granaio-di-villa-buzzati-il-sogno-di-valentina-morassutti-diventa-realta-un-polo-culturale-aperto-a-tutti\/#primaryimage"},"image":{"@id":"https:\/\/www.bellunopress.it\/2025\/10\/26\/inaugurato-il-nuovo-granaio-di-villa-buzzati-il-sogno-di-valentina-morassutti-diventa-realta-un-polo-culturale-aperto-a-tutti\/#primaryimage"},"thumbnailUrl":"https:\/\/www.bellunopress.it\/wp-content\/uploads\/2025\/10\/granaio-villa-buzzati-2_edited.jpg","datePublished":"2025-10-26T09:19:09+00:00","breadcrumb":{"@id":"https:\/\/www.bellunopress.it\/2025\/10\/26\/inaugurato-il-nuovo-granaio-di-villa-buzzati-il-sogno-di-valentina-morassutti-diventa-realta-un-polo-culturale-aperto-a-tutti\/#breadcrumb"},"inLanguage":"fr-FR","potentialAction":[{"@type":"ReadAction","target":["https:\/\/www.bellunopress.it\/2025\/10\/26\/inaugurato-il-nuovo-granaio-di-villa-buzzati-il-sogno-di-valentina-morassutti-diventa-realta-un-polo-culturale-aperto-a-tutti\/"]}]},{"@type":"ImageObject","inLanguage":"fr-FR","@id":"https:\/\/www.bellunopress.it\/2025\/10\/26\/inaugurato-il-nuovo-granaio-di-villa-buzzati-il-sogno-di-valentina-morassutti-diventa-realta-un-polo-culturale-aperto-a-tutti\/#primaryimage","url":"https:\/\/www.bellunopress.it\/wp-content\/uploads\/2025\/10\/granaio-villa-buzzati-2_edited.jpg","contentUrl":"https:\/\/www.bellunopress.it\/wp-content\/uploads\/2025\/10\/granaio-villa-buzzati-2_edited.jpg","width":800,"height":600},{"@type":"BreadcrumbList","@id":"https:\/\/www.bellunopress.it\/2025\/10\/26\/inaugurato-il-nuovo-granaio-di-villa-buzzati-il-sogno-di-valentina-morassutti-diventa-realta-un-polo-culturale-aperto-a-tutti\/#breadcrumb","itemListElement":[{"@type":"ListItem","position":1,"name":"Home","item":"https:\/\/www.bellunopress.it\/"},{"@type":"ListItem","position":2,"name":"Inaugurato il nuovo Granaio di Villa Buzzati: il sogno di Valentina Morassutti diventa realt\u00e0. Un polo culturale aperto a tutti"}]},{"@type":"WebSite","@id":"https:\/\/www.bellunopress.it\/#website","url":"https:\/\/www.bellunopress.it\/","name":"Bellunopress - Dolomiti","description":"e-mail: redazione@bellunopress.it","publisher":{"@id":"https:\/\/www.bellunopress.it\/#organization"},"potentialAction":[{"@type":"SearchAction","target":{"@type":"EntryPoint","urlTemplate":"https:\/\/www.bellunopress.it\/?s={search_term_string}"},"query-input":{"@type":"PropertyValueSpecification","valueRequired":true,"valueName":"search_term_string"}}],"inLanguage":"fr-FR"},{"@type":"Organization","@id":"https:\/\/www.bellunopress.it\/#organization","name":"Bellunopress","url":"https:\/\/www.bellunopress.it\/","logo":{"@type":"ImageObject","inLanguage":"fr-FR","@id":"https:\/\/www.bellunopress.it\/#\/schema\/logo\/image\/","url":"https:\/\/www.bellunopress.it\/wp-content\/uploads\/2011\/05\/cropped-logo-bellunopress-.jpg","contentUrl":"https:\/\/www.bellunopress.it\/wp-content\/uploads\/2011\/05\/cropped-logo-bellunopress-.jpg","width":512,"height":512,"caption":"Bellunopress"},"image":{"@id":"https:\/\/www.bellunopress.it\/#\/schema\/logo\/image\/"},"sameAs":["https:\/\/www.facebook.com\/profile.php?id=100008943462799","https:\/\/x.com\/bellunopress","https:\/\/www.linkedin.com\/hp\/?dnr=JBzUWaJfMUw8vbXJJ2tVW5-I3jZKvC4wsoxE&amp;amp;amp;amp;amp;amp;trk=nav_responsive_tab_home","https:\/\/www.youtube.com\/channel\/UCxL0wu1uN0_3_7hGG0306cw"]},{"@type":"Person","@id":"https:\/\/www.bellunopress.it\/#\/schema\/person\/79bb06722b37ece1c03d3e94beb30d73","name":"r\u00e9daction","image":{"@type":"ImageObject","inLanguage":"fr-FR","@id":"https:\/\/secure.gravatar.com\/avatar\/37d968a2e67a6fd04c169c4bdef102d0bc5d31b2546345219e348575eb80e9a0?s=96&d=mm&r=g","url":"https:\/\/secure.gravatar.com\/avatar\/37d968a2e67a6fd04c169c4bdef102d0bc5d31b2546345219e348575eb80e9a0?s=96&d=mm&r=g","contentUrl":"https:\/\/secure.gravatar.com\/avatar\/37d968a2e67a6fd04c169c4bdef102d0bc5d31b2546345219e348575eb80e9a0?s=96&d=mm&r=g","caption":"redazione"},"sameAs":["http:\/\/www.bellunopress.it","https:\/\/x.com\/bellunopress"],"url":"https:\/\/www.bellunopress.it\/fr\/author\/redazione\/"}]}},"_links":{"self":[{"href":"https:\/\/www.bellunopress.it\/fr\/wp-json\/wp\/v2\/posts\/164427","targetHints":{"allow":["GET"]}}],"collection":[{"href":"https:\/\/www.bellunopress.it\/fr\/wp-json\/wp\/v2\/posts"}],"about":[{"href":"https:\/\/www.bellunopress.it\/fr\/wp-json\/wp\/v2\/types\/post"}],"author":[{"embeddable":true,"href":"https:\/\/www.bellunopress.it\/fr\/wp-json\/wp\/v2\/users\/2"}],"replies":[{"embeddable":true,"href":"https:\/\/www.bellunopress.it\/fr\/wp-json\/wp\/v2\/comments?post=164427"}],"version-history":[{"count":1,"href":"https:\/\/www.bellunopress.it\/fr\/wp-json\/wp\/v2\/posts\/164427\/revisions"}],"predecessor-version":[{"id":164431,"href":"https:\/\/www.bellunopress.it\/fr\/wp-json\/wp\/v2\/posts\/164427\/revisions\/164431"}],"wp:featuredmedia":[{"embeddable":true,"href":"https:\/\/www.bellunopress.it\/fr\/wp-json\/wp\/v2\/media\/164430"}],"wp:attachment":[{"href":"https:\/\/www.bellunopress.it\/fr\/wp-json\/wp\/v2\/media?parent=164427"}],"wp:term":[{"taxonomy":"category","embeddable":true,"href":"https:\/\/www.bellunopress.it\/fr\/wp-json\/wp\/v2\/categories?post=164427"},{"taxonomy":"post_tag","embeddable":true,"href":"https:\/\/www.bellunopress.it\/fr\/wp-json\/wp\/v2\/tags?post=164427"}],"curies":[{"name":"wp","href":"https:\/\/api.w.org\/{rel}","templated":true}]}}