{"id":164381,"date":"2025-10-24T13:31:11","date_gmt":"2025-10-24T11:31:11","guid":{"rendered":"https:\/\/www.bellunopress.it\/?p=164381"},"modified":"2025-10-24T13:31:11","modified_gmt":"2025-10-24T11:31:11","slug":"violenza-di-genere-ieri-lincontro-ad-alleghe-con-il-questore","status":"publish","type":"post","link":"https:\/\/www.bellunopress.it\/fr\/2025\/10\/24\/violenza-di-genere-ieri-lincontro-ad-alleghe-con-il-questore\/","title":{"rendered":"Violenza di genere. Ieri l&#8217;incontro ad Alleghe con il questore"},"content":{"rendered":"<p><img loading=\"lazy\" decoding=\"async\" class=\"aligncenter size-full wp-image-164382\" src=\"https:\/\/www.bellunopress.it\/wp-content\/uploads\/2025\/10\/Alleghe-incontro-con-il-questore-violenza-di-genere.jpg\" alt=\"\" width=\"800\" height=\"505\" srcset=\"https:\/\/www.bellunopress.it\/wp-content\/uploads\/2025\/10\/Alleghe-incontro-con-il-questore-violenza-di-genere.jpg 800w, https:\/\/www.bellunopress.it\/wp-content\/uploads\/2025\/10\/Alleghe-incontro-con-il-questore-violenza-di-genere-500x316.jpg 500w, https:\/\/www.bellunopress.it\/wp-content\/uploads\/2025\/10\/Alleghe-incontro-con-il-questore-violenza-di-genere-665x420.jpg 665w, https:\/\/www.bellunopress.it\/wp-content\/uploads\/2025\/10\/Alleghe-incontro-con-il-questore-violenza-di-genere-696x439.jpg 696w\" sizes=\"auto, (max-width: 800px) 100vw, 800px\" \/>Ieri pomeriggio, ad Alleghe, il Questore della Rocca ha tenuto un incontro presso l\u2019Universit\u00e0 degli Adulti-Anziani di Belluno \u2013 Sezione Alto Cordevole, sul tema \u201cLa violenza di genere\u201d.<\/p>\n<p>Accompagnato dall\u2019Ispettore della Polizia di Stato Patrizia d\u2019Alberto, responsabile dell\u2019Ufficio Misure di prevenzione della Divisione Anticrimine, davanti ad una platea di un centinaio di iscritti, i relatori hanno affrontato il cosiddetto \u201cciclo della violenza\u201d, descrivendo le fasi attraverso le quali essa si manifesta fino all\u2019episodio in cui esplode, a cui fa seguito il pentimento, la riappacificazione e una sorta di luna di miele, che solitamente precede un nuovo e spesso pi\u00f9 grave episodio.<br \/>\nIl Questore ha sottolineato quanto sia difficile per una vittima riconoscere e prendere consapevolezza della violenza subita, in quanto la solitudine, l\u2019isolamento e spesso il non essere autonoma economicamente prevalgono sulla volont\u00e0 di portare a galla quanto sub\u00ecto.<\/p>\n<p>L\u2019Ispettore d\u2019Alberto ha illustrato lo strumento normativo dell\u2019Ammonimento che \u00e8 di esclusiva competenza del Questore: esso mira ad interrompere le condotte dell\u2019autore anche in assenza di un procedimento penale e consente una tutela rapida alla vittima. Tale provvedimento ha spesso un effetto deterrente per l\u2019autore delle violenze, il quale viene reso edotto che, in caso di reiterazione, \u00e8 prevista la procedibilit\u00e0 d\u2019ufficio e quindi la denuncia penale.<\/p>\n<p>Inoltre, i relatori hanno affrontato anche il tema della violenza domestica, con particolare riferimento alla possibilit\u00e0 di fare una segnalazione (da parte di familiari, conoscenti, amici, vicini di casa ecc.) nei casi in cui essa si manifesti con percosse, lesioni, violenza privata, minaccia grave, atti persecutori, revenge porn, violazione di domicilio o danneggiamento. L\u2019anonimato negli atti del procedimento, garantito a chi segnala questi episodi, pu\u00f2 favorire l\u2019emersione anche del sommerso.<\/p>\n<p>Infine, il Questore Della Rocca, oltre all\u2019importanza dell\u2019educazione nelle scuole al valore del rispetto, ha sottolineato il ruolo fondamentale del Servizio sanitario e delle varie associazioni che a vario titolo e ognuna con diversa competenza, ma soprattutto con altissima professionalit\u00e0 , si occupano di violenza di genere. In quanto \u00e8 oltremodo chiaro, che ognuna di queste componenti, per quanto si impegni, da sola, non potr\u00e0 mai provvedere alle esigenze e alle necessit\u00e0 di cui una vittima di violenza ha realmente bisogno per liberarsi definitivamente dal suo carnefice. Pertanto \u00e8 solo attraverso la creazione di una rete tra tutti questi soggetti che si potranno fornire le risposte pi\u00f9 efficaci ed adeguate alle vittime di violenza.<\/p>\n<p>Oggi anche gli uomini maltrattanti possono intraprendere un percorso rieducativo attraverso lo sportello di Feltre dell\u2019Associazione Ares. L\u2019obiettivo dell\u2019Associazione \u00e8 quello di avviare adeguati percorsi di cambiamento per uomini che agiscono violenza all\u2019interno della coppia, attraverso un team multidisciplinare formato da psicologi, psicoterapeuti, criminologi, psicoanalisti, ricercator e operatori, tutti con una formazione specifica sui temi della violenza domestica e di genere<\/p>","protected":false},"excerpt":{"rendered":"<p>Ieri pomeriggio, ad Alleghe, il Questore della Rocca ha tenuto un incontro presso l\u2019Universit\u00e0 degli Adulti-Anziani di Belluno \u2013 Sezione Alto Cordevole, sul tema \u201cLa violenza di genere\u201d. Accompagnato dall\u2019Ispettore della Polizia di Stato Patrizia d\u2019Alberto, responsabile dell\u2019Ufficio Misure di prevenzione della Divisione Anticrimine, davanti ad una platea di un centinaio di iscritti, i relatori [&hellip;]<\/p>\n","protected":false},"author":2,"featured_media":164382,"comment_status":"closed","ping_status":"open","sticky":false,"template":"","format":"standard","meta":{"footnotes":""},"categories":[26,8],"tags":[],"class_list":["post-164381","post","type-post","status-publish","format-standard","has-post-thumbnail","category-prima-pagina","category-societa-istituzioni"],"yoast_head":"<!-- This site is optimized with the Yoast SEO plugin v28.4 - https:\/\/yoast.com\/product\/yoast-seo-wordpress\/ -->\n<title>Violenza di genere. Ieri l&#039;incontro ad Alleghe con il questore - Bellunopress - Dolomiti<\/title>\n<meta name=\"robots\" content=\"index, follow, max-snippet:-1, max-image-preview:large, max-video-preview:-1\" \/>\n<link rel=\"canonical\" href=\"https:\/\/www.bellunopress.it\/fr\/2025\/10\/24\/violenza-di-genere-ieri-lincontro-ad-alleghe-con-il-questore\/\" \/>\n<meta property=\"og:locale\" content=\"fr_FR\" \/>\n<meta property=\"og:type\" content=\"article\" \/>\n<meta property=\"og:title\" content=\"Violenza di genere. Ieri l&#039;incontro ad Alleghe con il questore - Bellunopress - Dolomiti\" \/>\n<meta property=\"og:description\" content=\"Ieri pomeriggio, ad Alleghe, il Questore della Rocca ha tenuto un incontro presso l\u2019Universit\u00e0 degli Adulti-Anziani di Belluno \u2013 Sezione Alto Cordevole, sul tema \u201cLa violenza di genere\u201d. Accompagnato dall\u2019Ispettore della Polizia di Stato Patrizia d\u2019Alberto, responsabile dell\u2019Ufficio Misure di prevenzione della Divisione Anticrimine, davanti ad una platea di un centinaio di iscritti, i relatori [&hellip;]\" \/>\n<meta property=\"og:url\" content=\"https:\/\/www.bellunopress.it\/fr\/2025\/10\/24\/violenza-di-genere-ieri-lincontro-ad-alleghe-con-il-questore\/\" \/>\n<meta property=\"og:site_name\" content=\"Bellunopress - Dolomiti\" \/>\n<meta property=\"article:publisher\" content=\"https:\/\/www.facebook.com\/profile.php?id=100008943462799\" \/>\n<meta property=\"article:published_time\" content=\"2025-10-24T11:31:11+00:00\" \/>\n<meta property=\"og:image\" content=\"https:\/\/www.bellunopress.it\/wp-content\/uploads\/2025\/10\/Alleghe-incontro-con-il-questore-violenza-di-genere.jpg\" \/>\n\t<meta property=\"og:image:width\" content=\"800\" \/>\n\t<meta property=\"og:image:height\" content=\"505\" \/>\n\t<meta property=\"og:image:type\" content=\"image\/jpeg\" \/>\n<meta name=\"author\" content=\"redazione\" \/>\n<meta name=\"twitter:card\" content=\"summary_large_image\" \/>\n<meta name=\"twitter:creator\" content=\"@bellunopress\" \/>\n<meta name=\"twitter:site\" content=\"@bellunopress\" \/>\n<meta name=\"twitter:label1\" content=\"\u00c9crit par\" \/>\n\t<meta name=\"twitter:data1\" content=\"redazione\" \/>\n\t<meta name=\"twitter:label2\" content=\"Dur\u00e9e de lecture estim\u00e9e\" \/>\n\t<meta name=\"twitter:data2\" content=\"2 minutes\" \/>\n<script type=\"application\/ld+json\" class=\"yoast-schema-graph\">{\"@context\":\"https:\\\/\\\/schema.org\",\"@graph\":[{\"@type\":\"Article\",\"@id\":\"https:\\\/\\\/www.bellunopress.it\\\/2025\\\/10\\\/24\\\/violenza-di-genere-ieri-lincontro-ad-alleghe-con-il-questore\\\/#article\",\"isPartOf\":{\"@id\":\"https:\\\/\\\/www.bellunopress.it\\\/2025\\\/10\\\/24\\\/violenza-di-genere-ieri-lincontro-ad-alleghe-con-il-questore\\\/\"},\"author\":{\"name\":\"redazione\",\"@id\":\"https:\\\/\\\/www.bellunopress.it\\\/#\\\/schema\\\/person\\\/79bb06722b37ece1c03d3e94beb30d73\"},\"headline\":\"Violenza di genere. Ieri l&#8217;incontro ad Alleghe con il questore\",\"datePublished\":\"2025-10-24T11:31:11+00:00\",\"mainEntityOfPage\":{\"@id\":\"https:\\\/\\\/www.bellunopress.it\\\/2025\\\/10\\\/24\\\/violenza-di-genere-ieri-lincontro-ad-alleghe-con-il-questore\\\/\"},\"wordCount\":476,\"publisher\":{\"@id\":\"https:\\\/\\\/www.bellunopress.it\\\/#organization\"},\"image\":{\"@id\":\"https:\\\/\\\/www.bellunopress.it\\\/2025\\\/10\\\/24\\\/violenza-di-genere-ieri-lincontro-ad-alleghe-con-il-questore\\\/#primaryimage\"},\"thumbnailUrl\":\"https:\\\/\\\/www.bellunopress.it\\\/wp-content\\\/uploads\\\/2025\\\/10\\\/Alleghe-incontro-con-il-questore-violenza-di-genere.jpg\",\"articleSection\":[\"Prima Pagina\",\"Societ\u00e0, Associazioni, Istituzioni\"],\"inLanguage\":\"fr-FR\"},{\"@type\":\"WebPage\",\"@id\":\"https:\\\/\\\/www.bellunopress.it\\\/2025\\\/10\\\/24\\\/violenza-di-genere-ieri-lincontro-ad-alleghe-con-il-questore\\\/\",\"url\":\"https:\\\/\\\/www.bellunopress.it\\\/2025\\\/10\\\/24\\\/violenza-di-genere-ieri-lincontro-ad-alleghe-con-il-questore\\\/\",\"name\":\"Violenza di genere. Ieri l'incontro ad Alleghe con il questore - Bellunopress - Dolomiti\",\"isPartOf\":{\"@id\":\"https:\\\/\\\/www.bellunopress.it\\\/#website\"},\"primaryImageOfPage\":{\"@id\":\"https:\\\/\\\/www.bellunopress.it\\\/2025\\\/10\\\/24\\\/violenza-di-genere-ieri-lincontro-ad-alleghe-con-il-questore\\\/#primaryimage\"},\"image\":{\"@id\":\"https:\\\/\\\/www.bellunopress.it\\\/2025\\\/10\\\/24\\\/violenza-di-genere-ieri-lincontro-ad-alleghe-con-il-questore\\\/#primaryimage\"},\"thumbnailUrl\":\"https:\\\/\\\/www.bellunopress.it\\\/wp-content\\\/uploads\\\/2025\\\/10\\\/Alleghe-incontro-con-il-questore-violenza-di-genere.jpg\",\"datePublished\":\"2025-10-24T11:31:11+00:00\",\"breadcrumb\":{\"@id\":\"https:\\\/\\\/www.bellunopress.it\\\/2025\\\/10\\\/24\\\/violenza-di-genere-ieri-lincontro-ad-alleghe-con-il-questore\\\/#breadcrumb\"},\"inLanguage\":\"fr-FR\",\"potentialAction\":[{\"@type\":\"ReadAction\",\"target\":[\"https:\\\/\\\/www.bellunopress.it\\\/2025\\\/10\\\/24\\\/violenza-di-genere-ieri-lincontro-ad-alleghe-con-il-questore\\\/\"]}]},{\"@type\":\"ImageObject\",\"inLanguage\":\"fr-FR\",\"@id\":\"https:\\\/\\\/www.bellunopress.it\\\/2025\\\/10\\\/24\\\/violenza-di-genere-ieri-lincontro-ad-alleghe-con-il-questore\\\/#primaryimage\",\"url\":\"https:\\\/\\\/www.bellunopress.it\\\/wp-content\\\/uploads\\\/2025\\\/10\\\/Alleghe-incontro-con-il-questore-violenza-di-genere.jpg\",\"contentUrl\":\"https:\\\/\\\/www.bellunopress.it\\\/wp-content\\\/uploads\\\/2025\\\/10\\\/Alleghe-incontro-con-il-questore-violenza-di-genere.jpg\",\"width\":800,\"height\":505},{\"@type\":\"BreadcrumbList\",\"@id\":\"https:\\\/\\\/www.bellunopress.it\\\/2025\\\/10\\\/24\\\/violenza-di-genere-ieri-lincontro-ad-alleghe-con-il-questore\\\/#breadcrumb\",\"itemListElement\":[{\"@type\":\"ListItem\",\"position\":1,\"name\":\"Home\",\"item\":\"https:\\\/\\\/www.bellunopress.it\\\/\"},{\"@type\":\"ListItem\",\"position\":2,\"name\":\"Violenza di genere. Ieri l&#8217;incontro ad Alleghe con il questore\"}]},{\"@type\":\"WebSite\",\"@id\":\"https:\\\/\\\/www.bellunopress.it\\\/#website\",\"url\":\"https:\\\/\\\/www.bellunopress.it\\\/\",\"name\":\"Bellunopress - Dolomiti\",\"description\":\"e-mail: redazione@bellunopress.it\",\"publisher\":{\"@id\":\"https:\\\/\\\/www.bellunopress.it\\\/#organization\"},\"potentialAction\":[{\"@type\":\"SearchAction\",\"target\":{\"@type\":\"EntryPoint\",\"urlTemplate\":\"https:\\\/\\\/www.bellunopress.it\\\/?s={search_term_string}\"},\"query-input\":{\"@type\":\"PropertyValueSpecification\",\"valueRequired\":true,\"valueName\":\"search_term_string\"}}],\"inLanguage\":\"fr-FR\"},{\"@type\":\"Organization\",\"@id\":\"https:\\\/\\\/www.bellunopress.it\\\/#organization\",\"name\":\"Bellunopress\",\"url\":\"https:\\\/\\\/www.bellunopress.it\\\/\",\"logo\":{\"@type\":\"ImageObject\",\"inLanguage\":\"fr-FR\",\"@id\":\"https:\\\/\\\/www.bellunopress.it\\\/#\\\/schema\\\/logo\\\/image\\\/\",\"url\":\"https:\\\/\\\/www.bellunopress.it\\\/wp-content\\\/uploads\\\/2011\\\/05\\\/cropped-logo-bellunopress-.jpg\",\"contentUrl\":\"https:\\\/\\\/www.bellunopress.it\\\/wp-content\\\/uploads\\\/2011\\\/05\\\/cropped-logo-bellunopress-.jpg\",\"width\":512,\"height\":512,\"caption\":\"Bellunopress\"},\"image\":{\"@id\":\"https:\\\/\\\/www.bellunopress.it\\\/#\\\/schema\\\/logo\\\/image\\\/\"},\"sameAs\":[\"https:\\\/\\\/www.facebook.com\\\/profile.php?id=100008943462799\",\"https:\\\/\\\/x.com\\\/bellunopress\",\"https:\\\/\\\/www.linkedin.com\\\/hp\\\/?dnr=JBzUWaJfMUw8vbXJJ2tVW5-I3jZKvC4wsoxE&amp;amp;amp;amp;amp;amp;trk=nav_responsive_tab_home\",\"https:\\\/\\\/www.youtube.com\\\/channel\\\/UCxL0wu1uN0_3_7hGG0306cw\"]},{\"@type\":\"Person\",\"@id\":\"https:\\\/\\\/www.bellunopress.it\\\/#\\\/schema\\\/person\\\/79bb06722b37ece1c03d3e94beb30d73\",\"name\":\"redazione\",\"image\":{\"@type\":\"ImageObject\",\"inLanguage\":\"fr-FR\",\"@id\":\"https:\\\/\\\/secure.gravatar.com\\\/avatar\\\/37d968a2e67a6fd04c169c4bdef102d0bc5d31b2546345219e348575eb80e9a0?s=96&d=mm&r=g\",\"url\":\"https:\\\/\\\/secure.gravatar.com\\\/avatar\\\/37d968a2e67a6fd04c169c4bdef102d0bc5d31b2546345219e348575eb80e9a0?s=96&d=mm&r=g\",\"contentUrl\":\"https:\\\/\\\/secure.gravatar.com\\\/avatar\\\/37d968a2e67a6fd04c169c4bdef102d0bc5d31b2546345219e348575eb80e9a0?s=96&d=mm&r=g\",\"caption\":\"redazione\"},\"sameAs\":[\"http:\\\/\\\/www.bellunopress.it\",\"https:\\\/\\\/x.com\\\/bellunopress\"],\"url\":\"https:\\\/\\\/www.bellunopress.it\\\/fr\\\/author\\\/redazione\\\/\"}]}<\/script>\n<!-- \/ Yoast SEO plugin. -->","yoast_head_json":{"title":"Violenza di genere. Ieri l'incontro ad Alleghe con il questore - Bellunopress - Dolomiti","robots":{"index":"index","follow":"follow","max-snippet":"max-snippet:-1","max-image-preview":"max-image-preview:large","max-video-preview":"max-video-preview:-1"},"canonical":"https:\/\/www.bellunopress.it\/fr\/2025\/10\/24\/violenza-di-genere-ieri-lincontro-ad-alleghe-con-il-questore\/","og_locale":"fr_FR","og_type":"article","og_title":"Violenza di genere. Ieri l'incontro ad Alleghe con il questore - Bellunopress - Dolomiti","og_description":"Ieri pomeriggio, ad Alleghe, il Questore della Rocca ha tenuto un incontro presso l\u2019Universit\u00e0 degli Adulti-Anziani di Belluno \u2013 Sezione Alto Cordevole, sul tema \u201cLa violenza di genere\u201d. Accompagnato dall\u2019Ispettore della Polizia di Stato Patrizia d\u2019Alberto, responsabile dell\u2019Ufficio Misure di prevenzione della Divisione Anticrimine, davanti ad una platea di un centinaio di iscritti, i relatori [&hellip;]","og_url":"https:\/\/www.bellunopress.it\/fr\/2025\/10\/24\/violenza-di-genere-ieri-lincontro-ad-alleghe-con-il-questore\/","og_site_name":"Bellunopress - Dolomiti","article_publisher":"https:\/\/www.facebook.com\/profile.php?id=100008943462799","article_published_time":"2025-10-24T11:31:11+00:00","og_image":[{"width":800,"height":505,"url":"https:\/\/www.bellunopress.it\/wp-content\/uploads\/2025\/10\/Alleghe-incontro-con-il-questore-violenza-di-genere.jpg","type":"image\/jpeg"}],"author":"redazione","twitter_card":"summary_large_image","twitter_creator":"@bellunopress","twitter_site":"@bellunopress","twitter_misc":{"\u00c9crit par":"redazione","Dur\u00e9e de lecture estim\u00e9e":"2 minutes"},"schema":{"@context":"https:\/\/schema.org","@graph":[{"@type":"Article","@id":"https:\/\/www.bellunopress.it\/2025\/10\/24\/violenza-di-genere-ieri-lincontro-ad-alleghe-con-il-questore\/#article","isPartOf":{"@id":"https:\/\/www.bellunopress.it\/2025\/10\/24\/violenza-di-genere-ieri-lincontro-ad-alleghe-con-il-questore\/"},"author":{"name":"redazione","@id":"https:\/\/www.bellunopress.it\/#\/schema\/person\/79bb06722b37ece1c03d3e94beb30d73"},"headline":"Violenza di genere. Ieri l&#8217;incontro ad Alleghe con il questore","datePublished":"2025-10-24T11:31:11+00:00","mainEntityOfPage":{"@id":"https:\/\/www.bellunopress.it\/2025\/10\/24\/violenza-di-genere-ieri-lincontro-ad-alleghe-con-il-questore\/"},"wordCount":476,"publisher":{"@id":"https:\/\/www.bellunopress.it\/#organization"},"image":{"@id":"https:\/\/www.bellunopress.it\/2025\/10\/24\/violenza-di-genere-ieri-lincontro-ad-alleghe-con-il-questore\/#primaryimage"},"thumbnailUrl":"https:\/\/www.bellunopress.it\/wp-content\/uploads\/2025\/10\/Alleghe-incontro-con-il-questore-violenza-di-genere.jpg","articleSection":["Prima Pagina","Societ\u00e0, Associazioni, Istituzioni"],"inLanguage":"fr-FR"},{"@type":"WebPage","@id":"https:\/\/www.bellunopress.it\/2025\/10\/24\/violenza-di-genere-ieri-lincontro-ad-alleghe-con-il-questore\/","url":"https:\/\/www.bellunopress.it\/2025\/10\/24\/violenza-di-genere-ieri-lincontro-ad-alleghe-con-il-questore\/","name":"Violenza di genere. Ieri l'incontro ad Alleghe con il questore - Bellunopress - Dolomiti","isPartOf":{"@id":"https:\/\/www.bellunopress.it\/#website"},"primaryImageOfPage":{"@id":"https:\/\/www.bellunopress.it\/2025\/10\/24\/violenza-di-genere-ieri-lincontro-ad-alleghe-con-il-questore\/#primaryimage"},"image":{"@id":"https:\/\/www.bellunopress.it\/2025\/10\/24\/violenza-di-genere-ieri-lincontro-ad-alleghe-con-il-questore\/#primaryimage"},"thumbnailUrl":"https:\/\/www.bellunopress.it\/wp-content\/uploads\/2025\/10\/Alleghe-incontro-con-il-questore-violenza-di-genere.jpg","datePublished":"2025-10-24T11:31:11+00:00","breadcrumb":{"@id":"https:\/\/www.bellunopress.it\/2025\/10\/24\/violenza-di-genere-ieri-lincontro-ad-alleghe-con-il-questore\/#breadcrumb"},"inLanguage":"fr-FR","potentialAction":[{"@type":"ReadAction","target":["https:\/\/www.bellunopress.it\/2025\/10\/24\/violenza-di-genere-ieri-lincontro-ad-alleghe-con-il-questore\/"]}]},{"@type":"ImageObject","inLanguage":"fr-FR","@id":"https:\/\/www.bellunopress.it\/2025\/10\/24\/violenza-di-genere-ieri-lincontro-ad-alleghe-con-il-questore\/#primaryimage","url":"https:\/\/www.bellunopress.it\/wp-content\/uploads\/2025\/10\/Alleghe-incontro-con-il-questore-violenza-di-genere.jpg","contentUrl":"https:\/\/www.bellunopress.it\/wp-content\/uploads\/2025\/10\/Alleghe-incontro-con-il-questore-violenza-di-genere.jpg","width":800,"height":505},{"@type":"BreadcrumbList","@id":"https:\/\/www.bellunopress.it\/2025\/10\/24\/violenza-di-genere-ieri-lincontro-ad-alleghe-con-il-questore\/#breadcrumb","itemListElement":[{"@type":"ListItem","position":1,"name":"Home","item":"https:\/\/www.bellunopress.it\/"},{"@type":"ListItem","position":2,"name":"Violenza di genere. Ieri l&#8217;incontro ad Alleghe con il questore"}]},{"@type":"WebSite","@id":"https:\/\/www.bellunopress.it\/#website","url":"https:\/\/www.bellunopress.it\/","name":"Bellunopress - Dolomiti","description":"e-mail: redazione@bellunopress.it","publisher":{"@id":"https:\/\/www.bellunopress.it\/#organization"},"potentialAction":[{"@type":"SearchAction","target":{"@type":"EntryPoint","urlTemplate":"https:\/\/www.bellunopress.it\/?s={search_term_string}"},"query-input":{"@type":"PropertyValueSpecification","valueRequired":true,"valueName":"search_term_string"}}],"inLanguage":"fr-FR"},{"@type":"Organization","@id":"https:\/\/www.bellunopress.it\/#organization","name":"Bellunopress","url":"https:\/\/www.bellunopress.it\/","logo":{"@type":"ImageObject","inLanguage":"fr-FR","@id":"https:\/\/www.bellunopress.it\/#\/schema\/logo\/image\/","url":"https:\/\/www.bellunopress.it\/wp-content\/uploads\/2011\/05\/cropped-logo-bellunopress-.jpg","contentUrl":"https:\/\/www.bellunopress.it\/wp-content\/uploads\/2011\/05\/cropped-logo-bellunopress-.jpg","width":512,"height":512,"caption":"Bellunopress"},"image":{"@id":"https:\/\/www.bellunopress.it\/#\/schema\/logo\/image\/"},"sameAs":["https:\/\/www.facebook.com\/profile.php?id=100008943462799","https:\/\/x.com\/bellunopress","https:\/\/www.linkedin.com\/hp\/?dnr=JBzUWaJfMUw8vbXJJ2tVW5-I3jZKvC4wsoxE&amp;amp;amp;amp;amp;amp;trk=nav_responsive_tab_home","https:\/\/www.youtube.com\/channel\/UCxL0wu1uN0_3_7hGG0306cw"]},{"@type":"Person","@id":"https:\/\/www.bellunopress.it\/#\/schema\/person\/79bb06722b37ece1c03d3e94beb30d73","name":"r\u00e9daction","image":{"@type":"ImageObject","inLanguage":"fr-FR","@id":"https:\/\/secure.gravatar.com\/avatar\/37d968a2e67a6fd04c169c4bdef102d0bc5d31b2546345219e348575eb80e9a0?s=96&d=mm&r=g","url":"https:\/\/secure.gravatar.com\/avatar\/37d968a2e67a6fd04c169c4bdef102d0bc5d31b2546345219e348575eb80e9a0?s=96&d=mm&r=g","contentUrl":"https:\/\/secure.gravatar.com\/avatar\/37d968a2e67a6fd04c169c4bdef102d0bc5d31b2546345219e348575eb80e9a0?s=96&d=mm&r=g","caption":"redazione"},"sameAs":["http:\/\/www.bellunopress.it","https:\/\/x.com\/bellunopress"],"url":"https:\/\/www.bellunopress.it\/fr\/author\/redazione\/"}]}},"_links":{"self":[{"href":"https:\/\/www.bellunopress.it\/fr\/wp-json\/wp\/v2\/posts\/164381","targetHints":{"allow":["GET"]}}],"collection":[{"href":"https:\/\/www.bellunopress.it\/fr\/wp-json\/wp\/v2\/posts"}],"about":[{"href":"https:\/\/www.bellunopress.it\/fr\/wp-json\/wp\/v2\/types\/post"}],"author":[{"embeddable":true,"href":"https:\/\/www.bellunopress.it\/fr\/wp-json\/wp\/v2\/users\/2"}],"replies":[{"embeddable":true,"href":"https:\/\/www.bellunopress.it\/fr\/wp-json\/wp\/v2\/comments?post=164381"}],"version-history":[{"count":1,"href":"https:\/\/www.bellunopress.it\/fr\/wp-json\/wp\/v2\/posts\/164381\/revisions"}],"predecessor-version":[{"id":164383,"href":"https:\/\/www.bellunopress.it\/fr\/wp-json\/wp\/v2\/posts\/164381\/revisions\/164383"}],"wp:featuredmedia":[{"embeddable":true,"href":"https:\/\/www.bellunopress.it\/fr\/wp-json\/wp\/v2\/media\/164382"}],"wp:attachment":[{"href":"https:\/\/www.bellunopress.it\/fr\/wp-json\/wp\/v2\/media?parent=164381"}],"wp:term":[{"taxonomy":"category","embeddable":true,"href":"https:\/\/www.bellunopress.it\/fr\/wp-json\/wp\/v2\/categories?post=164381"},{"taxonomy":"post_tag","embeddable":true,"href":"https:\/\/www.bellunopress.it\/fr\/wp-json\/wp\/v2\/tags?post=164381"}],"curies":[{"name":"wp","href":"https:\/\/api.w.org\/{rel}","templated":true}]}}