{"id":164356,"date":"2025-10-26T12:49:42","date_gmt":"2025-10-26T11:49:42","guid":{"rendered":"https:\/\/www.bellunopress.it\/?p=164356"},"modified":"2025-10-23T17:58:19","modified_gmt":"2025-10-23T15:58:19","slug":"venerdi-si-riunisce-il-consiglio-comunale-di-belluno","status":"publish","type":"post","link":"https:\/\/www.bellunopress.it\/fr\/2025\/10\/26\/venerdi-si-riunisce-il-consiglio-comunale-di-belluno\/","title":{"rendered":"Venerd\u00ec si riunisce il consiglio comunale di Belluno"},"content":{"rendered":"<figure id=\"attachment_113617\" aria-describedby=\"caption-attachment-113617\" style=\"width: 800px\" class=\"wp-caption aligncenter\"><img loading=\"lazy\" decoding=\"async\" class=\"size-full wp-image-113617\" src=\"https:\/\/www.bellunopress.it\/wp-content\/uploads\/2020\/04\/palazzo-rosso_edited.jpg\" alt=\"\" width=\"800\" height=\"563\" srcset=\"https:\/\/www.bellunopress.it\/wp-content\/uploads\/2020\/04\/palazzo-rosso_edited.jpg 800w, https:\/\/www.bellunopress.it\/wp-content\/uploads\/2020\/04\/palazzo-rosso_edited-500x352.jpg 500w, https:\/\/www.bellunopress.it\/wp-content\/uploads\/2020\/04\/palazzo-rosso_edited-696x490.jpg 696w, https:\/\/www.bellunopress.it\/wp-content\/uploads\/2020\/04\/palazzo-rosso_edited-597x420.jpg 597w, https:\/\/www.bellunopress.it\/wp-content\/uploads\/2020\/04\/palazzo-rosso_edited-100x70.jpg 100w\" sizes=\"auto, (max-width: 800px) 100vw, 800px\" \/><figcaption id=\"caption-attachment-113617\" class=\"wp-caption-text\">Palazzo Rosso, sede dell&#8217;amministrazione comunale di Belluno<\/figcaption><\/figure>\n<p>Si terr\u00e0 venerd\u00ec 31 ottobre, alle ore 14.00, nella Sala consiliare di Palazzo Rosso, in<br \/>\nPiazza Duomo 1, la riunione del Consiglio comunale, per la trattazione dei seguenti<br \/>\npunti all&#8217;ordine del giorno:<\/p>\n<p>1. Processo verbale della seduta del Consiglio Comunale del 30 giugno 2025.<br \/>\nApprovazione ai sensi dell&#8217;art. 56 del regolamento per il funzionamento del<br \/>\nConsiglio Comunale.<br \/>\n2. Delibera di Giunta Comunale n. 179 del 02\/10\/2025 avente a oggetto &#8220;Bilancio<br \/>\ndi previsione 2025\/2027. Variazione in via d&#8217;urgenza ex art. 175 comma 4 e<br \/>\nart. 42 del TUEL. Variazione di PEG 2025\/2027&#8221;: Ratifica.<br \/>\n3. Delibera di Giunta Comunale n. 182 del 09\/10\/2025 avente a oggetto &#8220;Bilancio<br \/>\ndi previsione 2025\/2027. Variazione in via d&#8217;urgenza ex art. 175 comma 4 e<br \/>\nart. 42 del TUEL. Variazione di PEG 2025\/2027&#8221;: Ratifica.<br \/>\n4. Rinnovo affidamento del servizio di tesoreria per il periodo 01\/01\/2026 \u2013<br \/>\n31\/12\/2029.<br \/>\n5. Schema Patto di Amicizia tra la Citt\u00e0 di Belluno e la Citt\u00e0 di Sider\u00f3polis nello<br \/>\nStato di Santa Catarina in Brasile \u2013 Approvazione.<br \/>\n6. Variazione al Bilancio di Previsione 2025\/2027 e documenti correlati:<br \/>\nApprovazione.<br \/>\n7. Piano delle Alienazioni e Valorizzazioni Immobiliari &#8211; Approvazione Piano<br \/>\nTriennale 2026-2028.<br \/>\n8. Programma Triennale OO.PP. 2025\/2027 e Elenco Annuale 2025 &#8211; 3^<br \/>\nVariazione.<br \/>\n9. Variazione al DUP 2025-2027: Approvazione.<br \/>\n10.Regolamento Garante dei Diritti delle Persone Private della Libert\u00e0 Personale:<br \/>\nModifica art. 2, comma 1.<br \/>\n11.Regolamento per la partecipazione in videoconferenza alle adunanze del<br \/>\nConsiglio Comunale e della Giunta Comunale.<br \/>\n12.Piano di Eliminazione delle Barriere Architettoniche (P.E.B.A.\/P.A.U.) del<br \/>\nComune di Belluno &#8211; Controdeduzione alle osservazioni pervenute e<br \/>\napprovazione ai sensi della L. 4\/1986, L. 104\/1992 e L.R. 16\/2007 cos\u00ec come<br \/>\nprevisto dalla D.G.R.V. n. 841 del 31.03.2009.<br \/>\n13.Mozione presentata dai Consiglieri Comunali Maria Teresa Cassol, Claudia<br \/>\nBettiol (Partito Democratico) &#8211; Giangiacomo Nicolini, Anna Candeago (Belluno<br \/>\nD+) &#8211; Ilenia Bavasso (Insieme per Belluno Bene Comune) &#8211; Mirco Costa<br \/>\n(Valore Comune), a oggetto: \u201cRevisione Fasce ISEE.\u201d<br \/>\n14.Petizione Popolare a oggetto: \u201cOrario invernale linea Lilla del Comune di<br \/>\nBelluno (Sagrogna, Levego, Vezzano, Bolzano, Tisoi, Giazzoi, Libano.)\u201d<br \/>\n15.Interrogazione presentata dal Consigliere Comunale Celeste Balcon (Patto per<br \/>\nBelluno), a oggetto: \u201cLaghetto della Grava in Nevegal.\u201d<br \/>\n16.Interrogazione presentata dai Consiglieri Comunali Sandra Mella, Celeste<br \/>\nBalcon (Patto per Belluno), a oggetto: \u201cEx sede della Polizia Municipale di Via<br \/>\nGabelli.\u201d<br \/>\n17.Interrogazione presentata dai Consiglieri Comunali Lucia Olivotto, Francesco<br \/>\nRasera Berna (Insieme per Belluno Bene Comune), a oggetto: \u201cLaghetto<br \/>\nNevegal.\u201d<br \/>\n18.Interrogazione presentata dai Consiglieri Comunali Anna Candeago,<br \/>\nGiangiacomo Nicolini (Belluno D+) &#8211; Maria Teresa Cassol (Partito<br \/>\nDemocratico), a oggetto: \u201cOrari della Biblioteca Civica.\u201d<br \/>\n19.Interrogazione presentata dal Consigliere Comunale Lucia Olivotto (Insieme<br \/>\nper Belluno Bene Comune), a oggetto: \u201cPerch\u00e9 non si provvede pi\u00f9 a<br \/>\nsegnalare la presenza del mercato del sabato in Piazza Piloni?\u201d<br \/>\n20.Interrogazione presentata dal Consigliere Comunale Maria Teresa Cassol<br \/>\n(Partito Democratico), a oggetto: \u201cCompletamento marciapiede Via Travazz\u00f2i:<br \/>\na che punto siamo?\u201d<br \/>\n21.Interrogazione presentata dal Consigliere Comunale Maria Teresa Cassol<br \/>\n(Partito Democratico), a oggetto: \u201cPerch\u00e9 non cercare alternative<br \/>\nall\u2019interruzione della continuit\u00e0 del percorso pedonale e ciclabile di Via<br \/>\nVecellio?\u201d<br \/>\n22.Interrogazione presentata dal Consigliere Comunale Claudia Bettiol (Partito<br \/>\nDemocratico), ad oggetto: \u201cStato di degrado della strada in Via Col del Vin a<br \/>\nBelluno: quali interventi previsti da parte dell\u2019Amministrazione per la<br \/>\nmanutenzione e la sistemazione?\u201d<br \/>\n23.Interrogazione presentata dal Consigliere Comunale Claudia Bettiol (Partito<br \/>\nDemocratico), a oggetto: \u201cLaghetto Nevegal: cosa \u00e8 accaduto e quando sar\u00e0<br \/>\nfruibile per l\u2019innevamento delle piste?\u201d<br \/>\n24.Interrogazione presentata dal Consigliere Comunale Ilenia Bavasso (Insieme<br \/>\nper Belluno Bene Comune), a oggetto: \u201cRicognizione parchi cittadini e Parco<br \/>\nSargnano.\u201d<\/p>\n<p>La seduta del Consiglio verr\u00e0 trasmessa in diretta e potr\u00e0 essere seguita dal canale<br \/>\nYouTube del Comune di Belluno, all\u2019indirizzo:<br \/>\nhttps:\/\/www.youtube.com\/comunebelluno<\/p>","protected":false},"excerpt":{"rendered":"<p>Si terr\u00e0 venerd\u00ec 31 ottobre, alle ore 14.00, nella Sala consiliare di Palazzo Rosso, in Piazza Duomo 1, la riunione del Consiglio comunale, per la trattazione dei seguenti punti all&#8217;ordine del giorno: 1. Processo verbale della seduta del Consiglio Comunale del 30 giugno 2025. Approvazione ai sensi dell&#8217;art. 56 del regolamento per il funzionamento del [&hellip;]<\/p>\n","protected":false},"author":2,"featured_media":112706,"comment_status":"closed","ping_status":"open","sticky":false,"template":"","format":"standard","meta":{"footnotes":""},"categories":[5,26],"tags":[],"class_list":["post-164356","post","type-post","status-publish","format-standard","has-post-thumbnail","category-cronaca","category-prima-pagina"],"yoast_head":"<!-- This site is optimized with the Yoast SEO plugin v28.4 - https:\/\/yoast.com\/product\/yoast-seo-wordpress\/ -->\n<title>Venerd\u00ec si riunisce il consiglio comunale di Belluno - Bellunopress - Dolomiti<\/title>\n<meta name=\"robots\" content=\"index, follow, max-snippet:-1, max-image-preview:large, max-video-preview:-1\" \/>\n<link rel=\"canonical\" href=\"https:\/\/www.bellunopress.it\/fr\/2025\/10\/26\/venerdi-si-riunisce-il-consiglio-comunale-di-belluno\/\" \/>\n<meta property=\"og:locale\" content=\"fr_FR\" \/>\n<meta property=\"og:type\" content=\"article\" \/>\n<meta property=\"og:title\" content=\"Venerd\u00ec si riunisce il consiglio comunale di Belluno - Bellunopress - Dolomiti\" \/>\n<meta property=\"og:description\" content=\"Si terr\u00e0 venerd\u00ec 31 ottobre, alle ore 14.00, nella Sala consiliare di Palazzo Rosso, in Piazza Duomo 1, la riunione del Consiglio comunale, per la trattazione dei seguenti punti all&#8217;ordine del giorno: 1. Processo verbale della seduta del Consiglio Comunale del 30 giugno 2025. Approvazione ai sensi dell&#8217;art. 56 del regolamento per il funzionamento del [&hellip;]\" \/>\n<meta property=\"og:url\" content=\"https:\/\/www.bellunopress.it\/fr\/2025\/10\/26\/venerdi-si-riunisce-il-consiglio-comunale-di-belluno\/\" \/>\n<meta property=\"og:site_name\" content=\"Bellunopress - Dolomiti\" \/>\n<meta property=\"article:publisher\" content=\"https:\/\/www.facebook.com\/profile.php?id=100008943462799\" \/>\n<meta property=\"article:published_time\" content=\"2025-10-26T11:49:42+00:00\" \/>\n<meta property=\"og:image\" content=\"https:\/\/www.bellunopress.it\/wp-content\/uploads\/2020\/03\/palazzo-rosso-notte.jpg\" \/>\n\t<meta property=\"og:image:width\" content=\"900\" \/>\n\t<meta property=\"og:image:height\" content=\"688\" \/>\n\t<meta property=\"og:image:type\" content=\"image\/jpeg\" \/>\n<meta name=\"author\" content=\"redazione\" \/>\n<meta name=\"twitter:card\" content=\"summary_large_image\" \/>\n<meta name=\"twitter:creator\" content=\"@bellunopress\" \/>\n<meta name=\"twitter:site\" content=\"@bellunopress\" \/>\n<meta name=\"twitter:label1\" content=\"\u00c9crit par\" \/>\n\t<meta name=\"twitter:data1\" content=\"redazione\" \/>\n\t<meta name=\"twitter:label2\" content=\"Dur\u00e9e de lecture estim\u00e9e\" \/>\n\t<meta name=\"twitter:data2\" content=\"3 minutes\" \/>\n<script type=\"application\/ld+json\" class=\"yoast-schema-graph\">{\"@context\":\"https:\\\/\\\/schema.org\",\"@graph\":[{\"@type\":\"Article\",\"@id\":\"https:\\\/\\\/www.bellunopress.it\\\/2025\\\/10\\\/26\\\/venerdi-si-riunisce-il-consiglio-comunale-di-belluno\\\/#article\",\"isPartOf\":{\"@id\":\"https:\\\/\\\/www.bellunopress.it\\\/2025\\\/10\\\/26\\\/venerdi-si-riunisce-il-consiglio-comunale-di-belluno\\\/\"},\"author\":{\"name\":\"redazione\",\"@id\":\"https:\\\/\\\/www.bellunopress.it\\\/#\\\/schema\\\/person\\\/79bb06722b37ece1c03d3e94beb30d73\"},\"headline\":\"Venerd\u00ec si riunisce il consiglio comunale di Belluno\",\"datePublished\":\"2025-10-26T11:49:42+00:00\",\"mainEntityOfPage\":{\"@id\":\"https:\\\/\\\/www.bellunopress.it\\\/2025\\\/10\\\/26\\\/venerdi-si-riunisce-il-consiglio-comunale-di-belluno\\\/\"},\"wordCount\":589,\"publisher\":{\"@id\":\"https:\\\/\\\/www.bellunopress.it\\\/#organization\"},\"image\":{\"@id\":\"https:\\\/\\\/www.bellunopress.it\\\/2025\\\/10\\\/26\\\/venerdi-si-riunisce-il-consiglio-comunale-di-belluno\\\/#primaryimage\"},\"thumbnailUrl\":\"https:\\\/\\\/www.bellunopress.it\\\/wp-content\\\/uploads\\\/2020\\\/03\\\/palazzo-rosso-notte.jpg\",\"articleSection\":[\"Cronaca\\\/Politica\",\"Prima Pagina\"],\"inLanguage\":\"fr-FR\"},{\"@type\":\"WebPage\",\"@id\":\"https:\\\/\\\/www.bellunopress.it\\\/2025\\\/10\\\/26\\\/venerdi-si-riunisce-il-consiglio-comunale-di-belluno\\\/\",\"url\":\"https:\\\/\\\/www.bellunopress.it\\\/2025\\\/10\\\/26\\\/venerdi-si-riunisce-il-consiglio-comunale-di-belluno\\\/\",\"name\":\"Venerd\u00ec si riunisce il consiglio comunale di Belluno - Bellunopress - Dolomiti\",\"isPartOf\":{\"@id\":\"https:\\\/\\\/www.bellunopress.it\\\/#website\"},\"primaryImageOfPage\":{\"@id\":\"https:\\\/\\\/www.bellunopress.it\\\/2025\\\/10\\\/26\\\/venerdi-si-riunisce-il-consiglio-comunale-di-belluno\\\/#primaryimage\"},\"image\":{\"@id\":\"https:\\\/\\\/www.bellunopress.it\\\/2025\\\/10\\\/26\\\/venerdi-si-riunisce-il-consiglio-comunale-di-belluno\\\/#primaryimage\"},\"thumbnailUrl\":\"https:\\\/\\\/www.bellunopress.it\\\/wp-content\\\/uploads\\\/2020\\\/03\\\/palazzo-rosso-notte.jpg\",\"datePublished\":\"2025-10-26T11:49:42+00:00\",\"breadcrumb\":{\"@id\":\"https:\\\/\\\/www.bellunopress.it\\\/2025\\\/10\\\/26\\\/venerdi-si-riunisce-il-consiglio-comunale-di-belluno\\\/#breadcrumb\"},\"inLanguage\":\"fr-FR\",\"potentialAction\":[{\"@type\":\"ReadAction\",\"target\":[\"https:\\\/\\\/www.bellunopress.it\\\/2025\\\/10\\\/26\\\/venerdi-si-riunisce-il-consiglio-comunale-di-belluno\\\/\"]}]},{\"@type\":\"ImageObject\",\"inLanguage\":\"fr-FR\",\"@id\":\"https:\\\/\\\/www.bellunopress.it\\\/2025\\\/10\\\/26\\\/venerdi-si-riunisce-il-consiglio-comunale-di-belluno\\\/#primaryimage\",\"url\":\"https:\\\/\\\/www.bellunopress.it\\\/wp-content\\\/uploads\\\/2020\\\/03\\\/palazzo-rosso-notte.jpg\",\"contentUrl\":\"https:\\\/\\\/www.bellunopress.it\\\/wp-content\\\/uploads\\\/2020\\\/03\\\/palazzo-rosso-notte.jpg\",\"width\":900,\"height\":688,\"caption\":\"Palazzo Rosso, sede dell'Amministrazione comunale di Belluno\"},{\"@type\":\"BreadcrumbList\",\"@id\":\"https:\\\/\\\/www.bellunopress.it\\\/2025\\\/10\\\/26\\\/venerdi-si-riunisce-il-consiglio-comunale-di-belluno\\\/#breadcrumb\",\"itemListElement\":[{\"@type\":\"ListItem\",\"position\":1,\"name\":\"Home\",\"item\":\"https:\\\/\\\/www.bellunopress.it\\\/\"},{\"@type\":\"ListItem\",\"position\":2,\"name\":\"Venerd\u00ec si riunisce il consiglio comunale di Belluno\"}]},{\"@type\":\"WebSite\",\"@id\":\"https:\\\/\\\/www.bellunopress.it\\\/#website\",\"url\":\"https:\\\/\\\/www.bellunopress.it\\\/\",\"name\":\"Bellunopress - Dolomiti\",\"description\":\"e-mail: redazione@bellunopress.it\",\"publisher\":{\"@id\":\"https:\\\/\\\/www.bellunopress.it\\\/#organization\"},\"potentialAction\":[{\"@type\":\"SearchAction\",\"target\":{\"@type\":\"EntryPoint\",\"urlTemplate\":\"https:\\\/\\\/www.bellunopress.it\\\/?s={search_term_string}\"},\"query-input\":{\"@type\":\"PropertyValueSpecification\",\"valueRequired\":true,\"valueName\":\"search_term_string\"}}],\"inLanguage\":\"fr-FR\"},{\"@type\":\"Organization\",\"@id\":\"https:\\\/\\\/www.bellunopress.it\\\/#organization\",\"name\":\"Bellunopress\",\"url\":\"https:\\\/\\\/www.bellunopress.it\\\/\",\"logo\":{\"@type\":\"ImageObject\",\"inLanguage\":\"fr-FR\",\"@id\":\"https:\\\/\\\/www.bellunopress.it\\\/#\\\/schema\\\/logo\\\/image\\\/\",\"url\":\"https:\\\/\\\/www.bellunopress.it\\\/wp-content\\\/uploads\\\/2011\\\/05\\\/cropped-logo-bellunopress-.jpg\",\"contentUrl\":\"https:\\\/\\\/www.bellunopress.it\\\/wp-content\\\/uploads\\\/2011\\\/05\\\/cropped-logo-bellunopress-.jpg\",\"width\":512,\"height\":512,\"caption\":\"Bellunopress\"},\"image\":{\"@id\":\"https:\\\/\\\/www.bellunopress.it\\\/#\\\/schema\\\/logo\\\/image\\\/\"},\"sameAs\":[\"https:\\\/\\\/www.facebook.com\\\/profile.php?id=100008943462799\",\"https:\\\/\\\/x.com\\\/bellunopress\",\"https:\\\/\\\/www.linkedin.com\\\/hp\\\/?dnr=JBzUWaJfMUw8vbXJJ2tVW5-I3jZKvC4wsoxE&amp;amp;amp;amp;amp;amp;trk=nav_responsive_tab_home\",\"https:\\\/\\\/www.youtube.com\\\/channel\\\/UCxL0wu1uN0_3_7hGG0306cw\"]},{\"@type\":\"Person\",\"@id\":\"https:\\\/\\\/www.bellunopress.it\\\/#\\\/schema\\\/person\\\/79bb06722b37ece1c03d3e94beb30d73\",\"name\":\"redazione\",\"image\":{\"@type\":\"ImageObject\",\"inLanguage\":\"fr-FR\",\"@id\":\"https:\\\/\\\/secure.gravatar.com\\\/avatar\\\/37d968a2e67a6fd04c169c4bdef102d0bc5d31b2546345219e348575eb80e9a0?s=96&d=mm&r=g\",\"url\":\"https:\\\/\\\/secure.gravatar.com\\\/avatar\\\/37d968a2e67a6fd04c169c4bdef102d0bc5d31b2546345219e348575eb80e9a0?s=96&d=mm&r=g\",\"contentUrl\":\"https:\\\/\\\/secure.gravatar.com\\\/avatar\\\/37d968a2e67a6fd04c169c4bdef102d0bc5d31b2546345219e348575eb80e9a0?s=96&d=mm&r=g\",\"caption\":\"redazione\"},\"sameAs\":[\"http:\\\/\\\/www.bellunopress.it\",\"https:\\\/\\\/x.com\\\/bellunopress\"],\"url\":\"https:\\\/\\\/www.bellunopress.it\\\/fr\\\/author\\\/redazione\\\/\"}]}<\/script>\n<!-- \/ Yoast SEO plugin. -->","yoast_head_json":{"title":"Venerd\u00ec si riunisce il consiglio comunale di Belluno - Bellunopress - Dolomiti","robots":{"index":"index","follow":"follow","max-snippet":"max-snippet:-1","max-image-preview":"max-image-preview:large","max-video-preview":"max-video-preview:-1"},"canonical":"https:\/\/www.bellunopress.it\/fr\/2025\/10\/26\/venerdi-si-riunisce-il-consiglio-comunale-di-belluno\/","og_locale":"fr_FR","og_type":"article","og_title":"Venerd\u00ec si riunisce il consiglio comunale di Belluno - Bellunopress - Dolomiti","og_description":"Si terr\u00e0 venerd\u00ec 31 ottobre, alle ore 14.00, nella Sala consiliare di Palazzo Rosso, in Piazza Duomo 1, la riunione del Consiglio comunale, per la trattazione dei seguenti punti all&#8217;ordine del giorno: 1. Processo verbale della seduta del Consiglio Comunale del 30 giugno 2025. Approvazione ai sensi dell&#8217;art. 56 del regolamento per il funzionamento del [&hellip;]","og_url":"https:\/\/www.bellunopress.it\/fr\/2025\/10\/26\/venerdi-si-riunisce-il-consiglio-comunale-di-belluno\/","og_site_name":"Bellunopress - Dolomiti","article_publisher":"https:\/\/www.facebook.com\/profile.php?id=100008943462799","article_published_time":"2025-10-26T11:49:42+00:00","og_image":[{"width":900,"height":688,"url":"https:\/\/www.bellunopress.it\/wp-content\/uploads\/2020\/03\/palazzo-rosso-notte.jpg","type":"image\/jpeg"}],"author":"redazione","twitter_card":"summary_large_image","twitter_creator":"@bellunopress","twitter_site":"@bellunopress","twitter_misc":{"\u00c9crit par":"redazione","Dur\u00e9e de lecture estim\u00e9e":"3 minutes"},"schema":{"@context":"https:\/\/schema.org","@graph":[{"@type":"Article","@id":"https:\/\/www.bellunopress.it\/2025\/10\/26\/venerdi-si-riunisce-il-consiglio-comunale-di-belluno\/#article","isPartOf":{"@id":"https:\/\/www.bellunopress.it\/2025\/10\/26\/venerdi-si-riunisce-il-consiglio-comunale-di-belluno\/"},"author":{"name":"redazione","@id":"https:\/\/www.bellunopress.it\/#\/schema\/person\/79bb06722b37ece1c03d3e94beb30d73"},"headline":"Venerd\u00ec si riunisce il consiglio comunale di Belluno","datePublished":"2025-10-26T11:49:42+00:00","mainEntityOfPage":{"@id":"https:\/\/www.bellunopress.it\/2025\/10\/26\/venerdi-si-riunisce-il-consiglio-comunale-di-belluno\/"},"wordCount":589,"publisher":{"@id":"https:\/\/www.bellunopress.it\/#organization"},"image":{"@id":"https:\/\/www.bellunopress.it\/2025\/10\/26\/venerdi-si-riunisce-il-consiglio-comunale-di-belluno\/#primaryimage"},"thumbnailUrl":"https:\/\/www.bellunopress.it\/wp-content\/uploads\/2020\/03\/palazzo-rosso-notte.jpg","articleSection":["Cronaca\/Politica","Prima Pagina"],"inLanguage":"fr-FR"},{"@type":"WebPage","@id":"https:\/\/www.bellunopress.it\/2025\/10\/26\/venerdi-si-riunisce-il-consiglio-comunale-di-belluno\/","url":"https:\/\/www.bellunopress.it\/2025\/10\/26\/venerdi-si-riunisce-il-consiglio-comunale-di-belluno\/","name":"Venerd\u00ec si riunisce il consiglio comunale di Belluno - Bellunopress - Dolomiti","isPartOf":{"@id":"https:\/\/www.bellunopress.it\/#website"},"primaryImageOfPage":{"@id":"https:\/\/www.bellunopress.it\/2025\/10\/26\/venerdi-si-riunisce-il-consiglio-comunale-di-belluno\/#primaryimage"},"image":{"@id":"https:\/\/www.bellunopress.it\/2025\/10\/26\/venerdi-si-riunisce-il-consiglio-comunale-di-belluno\/#primaryimage"},"thumbnailUrl":"https:\/\/www.bellunopress.it\/wp-content\/uploads\/2020\/03\/palazzo-rosso-notte.jpg","datePublished":"2025-10-26T11:49:42+00:00","breadcrumb":{"@id":"https:\/\/www.bellunopress.it\/2025\/10\/26\/venerdi-si-riunisce-il-consiglio-comunale-di-belluno\/#breadcrumb"},"inLanguage":"fr-FR","potentialAction":[{"@type":"ReadAction","target":["https:\/\/www.bellunopress.it\/2025\/10\/26\/venerdi-si-riunisce-il-consiglio-comunale-di-belluno\/"]}]},{"@type":"ImageObject","inLanguage":"fr-FR","@id":"https:\/\/www.bellunopress.it\/2025\/10\/26\/venerdi-si-riunisce-il-consiglio-comunale-di-belluno\/#primaryimage","url":"https:\/\/www.bellunopress.it\/wp-content\/uploads\/2020\/03\/palazzo-rosso-notte.jpg","contentUrl":"https:\/\/www.bellunopress.it\/wp-content\/uploads\/2020\/03\/palazzo-rosso-notte.jpg","width":900,"height":688,"caption":"Palazzo Rosso, sede dell'Amministrazione comunale di Belluno"},{"@type":"BreadcrumbList","@id":"https:\/\/www.bellunopress.it\/2025\/10\/26\/venerdi-si-riunisce-il-consiglio-comunale-di-belluno\/#breadcrumb","itemListElement":[{"@type":"ListItem","position":1,"name":"Home","item":"https:\/\/www.bellunopress.it\/"},{"@type":"ListItem","position":2,"name":"Venerd\u00ec si riunisce il consiglio comunale di Belluno"}]},{"@type":"WebSite","@id":"https:\/\/www.bellunopress.it\/#website","url":"https:\/\/www.bellunopress.it\/","name":"Bellunopress - Dolomiti","description":"e-mail: redazione@bellunopress.it","publisher":{"@id":"https:\/\/www.bellunopress.it\/#organization"},"potentialAction":[{"@type":"SearchAction","target":{"@type":"EntryPoint","urlTemplate":"https:\/\/www.bellunopress.it\/?s={search_term_string}"},"query-input":{"@type":"PropertyValueSpecification","valueRequired":true,"valueName":"search_term_string"}}],"inLanguage":"fr-FR"},{"@type":"Organization","@id":"https:\/\/www.bellunopress.it\/#organization","name":"Bellunopress","url":"https:\/\/www.bellunopress.it\/","logo":{"@type":"ImageObject","inLanguage":"fr-FR","@id":"https:\/\/www.bellunopress.it\/#\/schema\/logo\/image\/","url":"https:\/\/www.bellunopress.it\/wp-content\/uploads\/2011\/05\/cropped-logo-bellunopress-.jpg","contentUrl":"https:\/\/www.bellunopress.it\/wp-content\/uploads\/2011\/05\/cropped-logo-bellunopress-.jpg","width":512,"height":512,"caption":"Bellunopress"},"image":{"@id":"https:\/\/www.bellunopress.it\/#\/schema\/logo\/image\/"},"sameAs":["https:\/\/www.facebook.com\/profile.php?id=100008943462799","https:\/\/x.com\/bellunopress","https:\/\/www.linkedin.com\/hp\/?dnr=JBzUWaJfMUw8vbXJJ2tVW5-I3jZKvC4wsoxE&amp;amp;amp;amp;amp;amp;trk=nav_responsive_tab_home","https:\/\/www.youtube.com\/channel\/UCxL0wu1uN0_3_7hGG0306cw"]},{"@type":"Person","@id":"https:\/\/www.bellunopress.it\/#\/schema\/person\/79bb06722b37ece1c03d3e94beb30d73","name":"r\u00e9daction","image":{"@type":"ImageObject","inLanguage":"fr-FR","@id":"https:\/\/secure.gravatar.com\/avatar\/37d968a2e67a6fd04c169c4bdef102d0bc5d31b2546345219e348575eb80e9a0?s=96&d=mm&r=g","url":"https:\/\/secure.gravatar.com\/avatar\/37d968a2e67a6fd04c169c4bdef102d0bc5d31b2546345219e348575eb80e9a0?s=96&d=mm&r=g","contentUrl":"https:\/\/secure.gravatar.com\/avatar\/37d968a2e67a6fd04c169c4bdef102d0bc5d31b2546345219e348575eb80e9a0?s=96&d=mm&r=g","caption":"redazione"},"sameAs":["http:\/\/www.bellunopress.it","https:\/\/x.com\/bellunopress"],"url":"https:\/\/www.bellunopress.it\/fr\/author\/redazione\/"}]}},"_links":{"self":[{"href":"https:\/\/www.bellunopress.it\/fr\/wp-json\/wp\/v2\/posts\/164356","targetHints":{"allow":["GET"]}}],"collection":[{"href":"https:\/\/www.bellunopress.it\/fr\/wp-json\/wp\/v2\/posts"}],"about":[{"href":"https:\/\/www.bellunopress.it\/fr\/wp-json\/wp\/v2\/types\/post"}],"author":[{"embeddable":true,"href":"https:\/\/www.bellunopress.it\/fr\/wp-json\/wp\/v2\/users\/2"}],"replies":[{"embeddable":true,"href":"https:\/\/www.bellunopress.it\/fr\/wp-json\/wp\/v2\/comments?post=164356"}],"version-history":[{"count":1,"href":"https:\/\/www.bellunopress.it\/fr\/wp-json\/wp\/v2\/posts\/164356\/revisions"}],"predecessor-version":[{"id":164357,"href":"https:\/\/www.bellunopress.it\/fr\/wp-json\/wp\/v2\/posts\/164356\/revisions\/164357"}],"wp:featuredmedia":[{"embeddable":true,"href":"https:\/\/www.bellunopress.it\/fr\/wp-json\/wp\/v2\/media\/112706"}],"wp:attachment":[{"href":"https:\/\/www.bellunopress.it\/fr\/wp-json\/wp\/v2\/media?parent=164356"}],"wp:term":[{"taxonomy":"category","embeddable":true,"href":"https:\/\/www.bellunopress.it\/fr\/wp-json\/wp\/v2\/categories?post=164356"},{"taxonomy":"post_tag","embeddable":true,"href":"https:\/\/www.bellunopress.it\/fr\/wp-json\/wp\/v2\/tags?post=164356"}],"curies":[{"name":"wp","href":"https:\/\/api.w.org\/{rel}","templated":true}]}}