{"id":164290,"date":"2025-10-22T10:00:12","date_gmt":"2025-10-22T08:00:12","guid":{"rendered":"https:\/\/www.bellunopress.it\/?p=164290"},"modified":"2025-10-21T21:24:11","modified_gmt":"2025-10-21T19:24:11","slug":"a-belluno-e-gia-febbre-da-goser-trail-manca-poco-al-sold-out-per-la-7a-edizione-tra-sport-volontariato-e-il-progetto-dolomiti-orizzonte-paralimpico","status":"publish","type":"post","link":"https:\/\/www.bellunopress.it\/fr\/2025\/10\/22\/a-belluno-e-gia-febbre-da-goser-trail-manca-poco-al-sold-out-per-la-7a-edizione-tra-sport-volontariato-e-il-progetto-dolomiti-orizzonte-paralimpico\/","title":{"rendered":"A Belluno \u00e8 gi\u00e0 febbre da Gos\u00e8r Trail: manca poco al sold out per la 7\u00aa edizione tra sport, volontariato e il progetto Dolomiti Orizzonte Paralimpico"},"content":{"rendered":"<p><img loading=\"lazy\" decoding=\"async\" class=\"aligncenter size-full wp-image-137184\" src=\"https:\/\/www.bellunopress.it\/wp-content\/uploads\/2022\/10\/Goser-Trail-Tisoi-2022_edited.jpg\" alt=\"\" width=\"1000\" height=\"658\" srcset=\"https:\/\/www.bellunopress.it\/wp-content\/uploads\/2022\/10\/Goser-Trail-Tisoi-2022_edited.jpg 1000w, https:\/\/www.bellunopress.it\/wp-content\/uploads\/2022\/10\/Goser-Trail-Tisoi-2022_edited-500x329.jpg 500w, https:\/\/www.bellunopress.it\/wp-content\/uploads\/2022\/10\/Goser-Trail-Tisoi-2022_edited-696x458.jpg 696w, https:\/\/www.bellunopress.it\/wp-content\/uploads\/2022\/10\/Goser-Trail-Tisoi-2022_edited-638x420.jpg 638w\" sizes=\"auto, (max-width: 1000px) 100vw, 1000px\" \/>Belluno, 22 ottobre 2025 &#8211; Manca poco meno di una settimana al via della settima edizione del Gos\u00e8r Trail, l&#8217;atteso appuntamento con la corsa in montagna organizzato con passione dai volontari dell&#8217;associazione sportiva dilettantistica Al Gos\u00e8r di Tisoi. L&#8217;evento, ormai un punto di riferimento per gli amanti del trail running, prender\u00e0 il via domenica dalla centralissima piazza del paese, proprio sotto il campanile.<\/p>\n<p>L&#8217;entusiasmo \u00e8 palpabile, con gli organizzatori che gi\u00e0 parlano di un quasi &#8220;sold out&#8221; a pochi giorni dalla gara, un chiaro segnale del grande lavoro di squadra svolto dall&#8217;associazione Al Gos\u00e8r per valorizzare il proprio territorio montano.<\/p>\n<p>Non solo gara, ma un progetto di inclusione<\/p>\n<p>Dietro l&#8217;evento sportivo, c&#8217;\u00e8 un impegno che va oltre la competizione. \u00abQuasi un anno di lavoro per veder realizzato il nostro sogno sportivo, che non rappresenta solamente una gara, ma qualcosa di molto pi\u00f9 importante che si chiama progetto Dolomiti Orizzonte Paralimpico\u00bb, fanno sapere gli organizzatori. La manifestazione, infatti, concretizza l&#8217;importante sforzo di tutti i volontari che operano all&#8217;unisono \u00abper dare voce allo sport bellunese, in particolare alla corsa in montagna\u00bb.<\/p>\n<p>Il binomio sport e volontariato al centro<\/p>\n<p>Come da tradizione, Tisoi si conferma il cuore bellunese del binomio tra sport e volontariato, mobilitando un intero paese in supporto al Gos\u00e8r Trail. Il percorso principale, la &#8220;competizione regina&#8221;, il Gos\u00e8r Trail da 14 km e 1000 metri di dislivello positivo, porter\u00e0 gli atleti a misurarsi con il cronometro salendo fino in cima al panoramico Pianon de Talvena.<\/p>\n<p>A fianco della prova agonistica, l&#8217;asd Al Gos\u00e8r propone anche il Mini Trail, un percorso ludico motorio di 5 km pensato per i pi\u00f9 piccoli e per gli appassionati che desiderano scoprire e ammirare la natura che circonda l&#8217;abitato di Tisoi.<\/p>\n<p>L&#8217;evento vedr\u00e0 anche la riconferma del Criterium Interregionale dei Vigili del fuoco, sottolineando l&#8217;importanza della manifestazione a livello interregionale.<\/p>\n<p>Le iscrizioni sono ancora aperte online tramite il link www.algoser.it\/iscrizioni. Per maggiori informazioni \u00e8 possibile consultare la pagina facebook.com\/gosertrail oppure contattare Enrico al 328 5468827 o Eugenio al 348 0913669.<\/p>","protected":false},"excerpt":{"rendered":"<p>Belluno, 22 ottobre 2025 &#8211; Manca poco meno di una settimana al via della settima edizione del Gos\u00e8r Trail, l&#8217;atteso appuntamento con la corsa in montagna organizzato con passione dai volontari dell&#8217;associazione sportiva dilettantistica Al Gos\u00e8r di Tisoi. L&#8217;evento, ormai un punto di riferimento per gli amanti del trail running, prender\u00e0 il via domenica dalla [&hellip;]<\/p>\n","protected":false},"author":2,"featured_media":137184,"comment_status":"closed","ping_status":"open","sticky":false,"template":"","format":"standard","meta":{"footnotes":""},"categories":[8,4],"tags":[],"class_list":["post-164290","post","type-post","status-publish","format-standard","has-post-thumbnail","category-societa-istituzioni","category-sport"],"yoast_head":"<!-- This site is optimized with the Yoast SEO plugin v28.4 - https:\/\/yoast.com\/product\/yoast-seo-wordpress\/ -->\n<title>A Belluno \u00e8 gi\u00e0 febbre da Gos\u00e8r Trail: manca poco al sold out per la 7\u00aa edizione tra sport, volontariato e il progetto Dolomiti Orizzonte Paralimpico - Bellunopress - Dolomiti<\/title>\n<meta name=\"robots\" content=\"index, follow, max-snippet:-1, max-image-preview:large, max-video-preview:-1\" \/>\n<link rel=\"canonical\" href=\"https:\/\/www.bellunopress.it\/fr\/2025\/10\/22\/a-belluno-e-gia-febbre-da-goser-trail-manca-poco-al-sold-out-per-la-7a-edizione-tra-sport-volontariato-e-il-progetto-dolomiti-orizzonte-paralimpico\/\" \/>\n<meta property=\"og:locale\" content=\"fr_FR\" \/>\n<meta property=\"og:type\" content=\"article\" \/>\n<meta property=\"og:title\" content=\"A Belluno \u00e8 gi\u00e0 febbre da Gos\u00e8r Trail: manca poco al sold out per la 7\u00aa edizione tra sport, volontariato e il progetto Dolomiti Orizzonte Paralimpico - Bellunopress - Dolomiti\" \/>\n<meta property=\"og:description\" content=\"Belluno, 22 ottobre 2025 &#8211; Manca poco meno di una settimana al via della settima edizione del Gos\u00e8r Trail, l&#8217;atteso appuntamento con la corsa in montagna organizzato con passione dai volontari dell&#8217;associazione sportiva dilettantistica Al Gos\u00e8r di Tisoi. L&#8217;evento, ormai un punto di riferimento per gli amanti del trail running, prender\u00e0 il via domenica dalla [&hellip;]\" \/>\n<meta property=\"og:url\" content=\"https:\/\/www.bellunopress.it\/fr\/2025\/10\/22\/a-belluno-e-gia-febbre-da-goser-trail-manca-poco-al-sold-out-per-la-7a-edizione-tra-sport-volontariato-e-il-progetto-dolomiti-orizzonte-paralimpico\/\" \/>\n<meta property=\"og:site_name\" content=\"Bellunopress - Dolomiti\" \/>\n<meta property=\"article:publisher\" content=\"https:\/\/www.facebook.com\/profile.php?id=100008943462799\" \/>\n<meta property=\"article:published_time\" content=\"2025-10-22T08:00:12+00:00\" \/>\n<meta property=\"og:image\" content=\"https:\/\/www.bellunopress.it\/wp-content\/uploads\/2022\/10\/Goser-Trail-Tisoi-2022_edited.jpg\" \/>\n\t<meta property=\"og:image:width\" content=\"1000\" \/>\n\t<meta property=\"og:image:height\" content=\"658\" \/>\n\t<meta property=\"og:image:type\" content=\"image\/jpeg\" \/>\n<meta name=\"author\" content=\"redazione\" \/>\n<meta name=\"twitter:card\" content=\"summary_large_image\" \/>\n<meta name=\"twitter:creator\" content=\"@bellunopress\" \/>\n<meta name=\"twitter:site\" content=\"@bellunopress\" \/>\n<meta name=\"twitter:label1\" content=\"\u00c9crit par\" \/>\n\t<meta name=\"twitter:data1\" content=\"redazione\" \/>\n\t<meta name=\"twitter:label2\" content=\"Dur\u00e9e de lecture estim\u00e9e\" \/>\n\t<meta name=\"twitter:data2\" content=\"2 minutes\" \/>\n<script type=\"application\/ld+json\" class=\"yoast-schema-graph\">{\"@context\":\"https:\\\/\\\/schema.org\",\"@graph\":[{\"@type\":\"Article\",\"@id\":\"https:\\\/\\\/www.bellunopress.it\\\/2025\\\/10\\\/22\\\/a-belluno-e-gia-febbre-da-goser-trail-manca-poco-al-sold-out-per-la-7a-edizione-tra-sport-volontariato-e-il-progetto-dolomiti-orizzonte-paralimpico\\\/#article\",\"isPartOf\":{\"@id\":\"https:\\\/\\\/www.bellunopress.it\\\/2025\\\/10\\\/22\\\/a-belluno-e-gia-febbre-da-goser-trail-manca-poco-al-sold-out-per-la-7a-edizione-tra-sport-volontariato-e-il-progetto-dolomiti-orizzonte-paralimpico\\\/\"},\"author\":{\"name\":\"redazione\",\"@id\":\"https:\\\/\\\/www.bellunopress.it\\\/#\\\/schema\\\/person\\\/79bb06722b37ece1c03d3e94beb30d73\"},\"headline\":\"A Belluno \u00e8 gi\u00e0 febbre da Gos\u00e8r Trail: manca poco al sold out per la 7\u00aa edizione tra sport, volontariato e il progetto Dolomiti Orizzonte Paralimpico\",\"datePublished\":\"2025-10-22T08:00:12+00:00\",\"mainEntityOfPage\":{\"@id\":\"https:\\\/\\\/www.bellunopress.it\\\/2025\\\/10\\\/22\\\/a-belluno-e-gia-febbre-da-goser-trail-manca-poco-al-sold-out-per-la-7a-edizione-tra-sport-volontariato-e-il-progetto-dolomiti-orizzonte-paralimpico\\\/\"},\"wordCount\":372,\"publisher\":{\"@id\":\"https:\\\/\\\/www.bellunopress.it\\\/#organization\"},\"image\":{\"@id\":\"https:\\\/\\\/www.bellunopress.it\\\/2025\\\/10\\\/22\\\/a-belluno-e-gia-febbre-da-goser-trail-manca-poco-al-sold-out-per-la-7a-edizione-tra-sport-volontariato-e-il-progetto-dolomiti-orizzonte-paralimpico\\\/#primaryimage\"},\"thumbnailUrl\":\"https:\\\/\\\/www.bellunopress.it\\\/wp-content\\\/uploads\\\/2022\\\/10\\\/Goser-Trail-Tisoi-2022_edited.jpg\",\"articleSection\":[\"Societ\u00e0, Associazioni, Istituzioni\",\"Sport, tempo libero\"],\"inLanguage\":\"fr-FR\"},{\"@type\":\"WebPage\",\"@id\":\"https:\\\/\\\/www.bellunopress.it\\\/2025\\\/10\\\/22\\\/a-belluno-e-gia-febbre-da-goser-trail-manca-poco-al-sold-out-per-la-7a-edizione-tra-sport-volontariato-e-il-progetto-dolomiti-orizzonte-paralimpico\\\/\",\"url\":\"https:\\\/\\\/www.bellunopress.it\\\/2025\\\/10\\\/22\\\/a-belluno-e-gia-febbre-da-goser-trail-manca-poco-al-sold-out-per-la-7a-edizione-tra-sport-volontariato-e-il-progetto-dolomiti-orizzonte-paralimpico\\\/\",\"name\":\"A Belluno \u00e8 gi\u00e0 febbre da Gos\u00e8r Trail: manca poco al sold out per la 7\u00aa edizione tra sport, volontariato e il progetto Dolomiti Orizzonte Paralimpico - Bellunopress - Dolomiti\",\"isPartOf\":{\"@id\":\"https:\\\/\\\/www.bellunopress.it\\\/#website\"},\"primaryImageOfPage\":{\"@id\":\"https:\\\/\\\/www.bellunopress.it\\\/2025\\\/10\\\/22\\\/a-belluno-e-gia-febbre-da-goser-trail-manca-poco-al-sold-out-per-la-7a-edizione-tra-sport-volontariato-e-il-progetto-dolomiti-orizzonte-paralimpico\\\/#primaryimage\"},\"image\":{\"@id\":\"https:\\\/\\\/www.bellunopress.it\\\/2025\\\/10\\\/22\\\/a-belluno-e-gia-febbre-da-goser-trail-manca-poco-al-sold-out-per-la-7a-edizione-tra-sport-volontariato-e-il-progetto-dolomiti-orizzonte-paralimpico\\\/#primaryimage\"},\"thumbnailUrl\":\"https:\\\/\\\/www.bellunopress.it\\\/wp-content\\\/uploads\\\/2022\\\/10\\\/Goser-Trail-Tisoi-2022_edited.jpg\",\"datePublished\":\"2025-10-22T08:00:12+00:00\",\"breadcrumb\":{\"@id\":\"https:\\\/\\\/www.bellunopress.it\\\/2025\\\/10\\\/22\\\/a-belluno-e-gia-febbre-da-goser-trail-manca-poco-al-sold-out-per-la-7a-edizione-tra-sport-volontariato-e-il-progetto-dolomiti-orizzonte-paralimpico\\\/#breadcrumb\"},\"inLanguage\":\"fr-FR\",\"potentialAction\":[{\"@type\":\"ReadAction\",\"target\":[\"https:\\\/\\\/www.bellunopress.it\\\/2025\\\/10\\\/22\\\/a-belluno-e-gia-febbre-da-goser-trail-manca-poco-al-sold-out-per-la-7a-edizione-tra-sport-volontariato-e-il-progetto-dolomiti-orizzonte-paralimpico\\\/\"]}]},{\"@type\":\"ImageObject\",\"inLanguage\":\"fr-FR\",\"@id\":\"https:\\\/\\\/www.bellunopress.it\\\/2025\\\/10\\\/22\\\/a-belluno-e-gia-febbre-da-goser-trail-manca-poco-al-sold-out-per-la-7a-edizione-tra-sport-volontariato-e-il-progetto-dolomiti-orizzonte-paralimpico\\\/#primaryimage\",\"url\":\"https:\\\/\\\/www.bellunopress.it\\\/wp-content\\\/uploads\\\/2022\\\/10\\\/Goser-Trail-Tisoi-2022_edited.jpg\",\"contentUrl\":\"https:\\\/\\\/www.bellunopress.it\\\/wp-content\\\/uploads\\\/2022\\\/10\\\/Goser-Trail-Tisoi-2022_edited.jpg\",\"width\":1000,\"height\":658},{\"@type\":\"BreadcrumbList\",\"@id\":\"https:\\\/\\\/www.bellunopress.it\\\/2025\\\/10\\\/22\\\/a-belluno-e-gia-febbre-da-goser-trail-manca-poco-al-sold-out-per-la-7a-edizione-tra-sport-volontariato-e-il-progetto-dolomiti-orizzonte-paralimpico\\\/#breadcrumb\",\"itemListElement\":[{\"@type\":\"ListItem\",\"position\":1,\"name\":\"Home\",\"item\":\"https:\\\/\\\/www.bellunopress.it\\\/\"},{\"@type\":\"ListItem\",\"position\":2,\"name\":\"A Belluno \u00e8 gi\u00e0 febbre da Gos\u00e8r Trail: manca poco al sold out per la 7\u00aa edizione tra sport, volontariato e il progetto Dolomiti Orizzonte Paralimpico\"}]},{\"@type\":\"WebSite\",\"@id\":\"https:\\\/\\\/www.bellunopress.it\\\/#website\",\"url\":\"https:\\\/\\\/www.bellunopress.it\\\/\",\"name\":\"Bellunopress - Dolomiti\",\"description\":\"e-mail: redazione@bellunopress.it\",\"publisher\":{\"@id\":\"https:\\\/\\\/www.bellunopress.it\\\/#organization\"},\"potentialAction\":[{\"@type\":\"SearchAction\",\"target\":{\"@type\":\"EntryPoint\",\"urlTemplate\":\"https:\\\/\\\/www.bellunopress.it\\\/?s={search_term_string}\"},\"query-input\":{\"@type\":\"PropertyValueSpecification\",\"valueRequired\":true,\"valueName\":\"search_term_string\"}}],\"inLanguage\":\"fr-FR\"},{\"@type\":\"Organization\",\"@id\":\"https:\\\/\\\/www.bellunopress.it\\\/#organization\",\"name\":\"Bellunopress\",\"url\":\"https:\\\/\\\/www.bellunopress.it\\\/\",\"logo\":{\"@type\":\"ImageObject\",\"inLanguage\":\"fr-FR\",\"@id\":\"https:\\\/\\\/www.bellunopress.it\\\/#\\\/schema\\\/logo\\\/image\\\/\",\"url\":\"https:\\\/\\\/www.bellunopress.it\\\/wp-content\\\/uploads\\\/2011\\\/05\\\/cropped-logo-bellunopress-.jpg\",\"contentUrl\":\"https:\\\/\\\/www.bellunopress.it\\\/wp-content\\\/uploads\\\/2011\\\/05\\\/cropped-logo-bellunopress-.jpg\",\"width\":512,\"height\":512,\"caption\":\"Bellunopress\"},\"image\":{\"@id\":\"https:\\\/\\\/www.bellunopress.it\\\/#\\\/schema\\\/logo\\\/image\\\/\"},\"sameAs\":[\"https:\\\/\\\/www.facebook.com\\\/profile.php?id=100008943462799\",\"https:\\\/\\\/x.com\\\/bellunopress\",\"https:\\\/\\\/www.linkedin.com\\\/hp\\\/?dnr=JBzUWaJfMUw8vbXJJ2tVW5-I3jZKvC4wsoxE&amp;amp;amp;amp;amp;amp;trk=nav_responsive_tab_home\",\"https:\\\/\\\/www.youtube.com\\\/channel\\\/UCxL0wu1uN0_3_7hGG0306cw\"]},{\"@type\":\"Person\",\"@id\":\"https:\\\/\\\/www.bellunopress.it\\\/#\\\/schema\\\/person\\\/79bb06722b37ece1c03d3e94beb30d73\",\"name\":\"redazione\",\"image\":{\"@type\":\"ImageObject\",\"inLanguage\":\"fr-FR\",\"@id\":\"https:\\\/\\\/secure.gravatar.com\\\/avatar\\\/37d968a2e67a6fd04c169c4bdef102d0bc5d31b2546345219e348575eb80e9a0?s=96&d=mm&r=g\",\"url\":\"https:\\\/\\\/secure.gravatar.com\\\/avatar\\\/37d968a2e67a6fd04c169c4bdef102d0bc5d31b2546345219e348575eb80e9a0?s=96&d=mm&r=g\",\"contentUrl\":\"https:\\\/\\\/secure.gravatar.com\\\/avatar\\\/37d968a2e67a6fd04c169c4bdef102d0bc5d31b2546345219e348575eb80e9a0?s=96&d=mm&r=g\",\"caption\":\"redazione\"},\"sameAs\":[\"http:\\\/\\\/www.bellunopress.it\",\"https:\\\/\\\/x.com\\\/bellunopress\"],\"url\":\"https:\\\/\\\/www.bellunopress.it\\\/fr\\\/author\\\/redazione\\\/\"}]}<\/script>\n<!-- \/ Yoast SEO plugin. -->","yoast_head_json":{"title":"A Belluno \u00e8 gi\u00e0 febbre da Gos\u00e8r Trail: manca poco al sold out per la 7\u00aa edizione tra sport, volontariato e il progetto Dolomiti Orizzonte Paralimpico - Bellunopress - Dolomiti","robots":{"index":"index","follow":"follow","max-snippet":"max-snippet:-1","max-image-preview":"max-image-preview:large","max-video-preview":"max-video-preview:-1"},"canonical":"https:\/\/www.bellunopress.it\/fr\/2025\/10\/22\/a-belluno-e-gia-febbre-da-goser-trail-manca-poco-al-sold-out-per-la-7a-edizione-tra-sport-volontariato-e-il-progetto-dolomiti-orizzonte-paralimpico\/","og_locale":"fr_FR","og_type":"article","og_title":"A Belluno \u00e8 gi\u00e0 febbre da Gos\u00e8r Trail: manca poco al sold out per la 7\u00aa edizione tra sport, volontariato e il progetto Dolomiti Orizzonte Paralimpico - Bellunopress - Dolomiti","og_description":"Belluno, 22 ottobre 2025 &#8211; Manca poco meno di una settimana al via della settima edizione del Gos\u00e8r Trail, l&#8217;atteso appuntamento con la corsa in montagna organizzato con passione dai volontari dell&#8217;associazione sportiva dilettantistica Al Gos\u00e8r di Tisoi. L&#8217;evento, ormai un punto di riferimento per gli amanti del trail running, prender\u00e0 il via domenica dalla [&hellip;]","og_url":"https:\/\/www.bellunopress.it\/fr\/2025\/10\/22\/a-belluno-e-gia-febbre-da-goser-trail-manca-poco-al-sold-out-per-la-7a-edizione-tra-sport-volontariato-e-il-progetto-dolomiti-orizzonte-paralimpico\/","og_site_name":"Bellunopress - Dolomiti","article_publisher":"https:\/\/www.facebook.com\/profile.php?id=100008943462799","article_published_time":"2025-10-22T08:00:12+00:00","og_image":[{"width":1000,"height":658,"url":"https:\/\/www.bellunopress.it\/wp-content\/uploads\/2022\/10\/Goser-Trail-Tisoi-2022_edited.jpg","type":"image\/jpeg"}],"author":"redazione","twitter_card":"summary_large_image","twitter_creator":"@bellunopress","twitter_site":"@bellunopress","twitter_misc":{"\u00c9crit par":"redazione","Dur\u00e9e de lecture estim\u00e9e":"2 minutes"},"schema":{"@context":"https:\/\/schema.org","@graph":[{"@type":"Article","@id":"https:\/\/www.bellunopress.it\/2025\/10\/22\/a-belluno-e-gia-febbre-da-goser-trail-manca-poco-al-sold-out-per-la-7a-edizione-tra-sport-volontariato-e-il-progetto-dolomiti-orizzonte-paralimpico\/#article","isPartOf":{"@id":"https:\/\/www.bellunopress.it\/2025\/10\/22\/a-belluno-e-gia-febbre-da-goser-trail-manca-poco-al-sold-out-per-la-7a-edizione-tra-sport-volontariato-e-il-progetto-dolomiti-orizzonte-paralimpico\/"},"author":{"name":"redazione","@id":"https:\/\/www.bellunopress.it\/#\/schema\/person\/79bb06722b37ece1c03d3e94beb30d73"},"headline":"A Belluno \u00e8 gi\u00e0 febbre da Gos\u00e8r Trail: manca poco al sold out per la 7\u00aa edizione tra sport, volontariato e il progetto Dolomiti Orizzonte Paralimpico","datePublished":"2025-10-22T08:00:12+00:00","mainEntityOfPage":{"@id":"https:\/\/www.bellunopress.it\/2025\/10\/22\/a-belluno-e-gia-febbre-da-goser-trail-manca-poco-al-sold-out-per-la-7a-edizione-tra-sport-volontariato-e-il-progetto-dolomiti-orizzonte-paralimpico\/"},"wordCount":372,"publisher":{"@id":"https:\/\/www.bellunopress.it\/#organization"},"image":{"@id":"https:\/\/www.bellunopress.it\/2025\/10\/22\/a-belluno-e-gia-febbre-da-goser-trail-manca-poco-al-sold-out-per-la-7a-edizione-tra-sport-volontariato-e-il-progetto-dolomiti-orizzonte-paralimpico\/#primaryimage"},"thumbnailUrl":"https:\/\/www.bellunopress.it\/wp-content\/uploads\/2022\/10\/Goser-Trail-Tisoi-2022_edited.jpg","articleSection":["Societ\u00e0, Associazioni, Istituzioni","Sport, tempo libero"],"inLanguage":"fr-FR"},{"@type":"WebPage","@id":"https:\/\/www.bellunopress.it\/2025\/10\/22\/a-belluno-e-gia-febbre-da-goser-trail-manca-poco-al-sold-out-per-la-7a-edizione-tra-sport-volontariato-e-il-progetto-dolomiti-orizzonte-paralimpico\/","url":"https:\/\/www.bellunopress.it\/2025\/10\/22\/a-belluno-e-gia-febbre-da-goser-trail-manca-poco-al-sold-out-per-la-7a-edizione-tra-sport-volontariato-e-il-progetto-dolomiti-orizzonte-paralimpico\/","name":"A Belluno \u00e8 gi\u00e0 febbre da Gos\u00e8r Trail: manca poco al sold out per la 7\u00aa edizione tra sport, volontariato e il progetto Dolomiti Orizzonte Paralimpico - Bellunopress - Dolomiti","isPartOf":{"@id":"https:\/\/www.bellunopress.it\/#website"},"primaryImageOfPage":{"@id":"https:\/\/www.bellunopress.it\/2025\/10\/22\/a-belluno-e-gia-febbre-da-goser-trail-manca-poco-al-sold-out-per-la-7a-edizione-tra-sport-volontariato-e-il-progetto-dolomiti-orizzonte-paralimpico\/#primaryimage"},"image":{"@id":"https:\/\/www.bellunopress.it\/2025\/10\/22\/a-belluno-e-gia-febbre-da-goser-trail-manca-poco-al-sold-out-per-la-7a-edizione-tra-sport-volontariato-e-il-progetto-dolomiti-orizzonte-paralimpico\/#primaryimage"},"thumbnailUrl":"https:\/\/www.bellunopress.it\/wp-content\/uploads\/2022\/10\/Goser-Trail-Tisoi-2022_edited.jpg","datePublished":"2025-10-22T08:00:12+00:00","breadcrumb":{"@id":"https:\/\/www.bellunopress.it\/2025\/10\/22\/a-belluno-e-gia-febbre-da-goser-trail-manca-poco-al-sold-out-per-la-7a-edizione-tra-sport-volontariato-e-il-progetto-dolomiti-orizzonte-paralimpico\/#breadcrumb"},"inLanguage":"fr-FR","potentialAction":[{"@type":"ReadAction","target":["https:\/\/www.bellunopress.it\/2025\/10\/22\/a-belluno-e-gia-febbre-da-goser-trail-manca-poco-al-sold-out-per-la-7a-edizione-tra-sport-volontariato-e-il-progetto-dolomiti-orizzonte-paralimpico\/"]}]},{"@type":"ImageObject","inLanguage":"fr-FR","@id":"https:\/\/www.bellunopress.it\/2025\/10\/22\/a-belluno-e-gia-febbre-da-goser-trail-manca-poco-al-sold-out-per-la-7a-edizione-tra-sport-volontariato-e-il-progetto-dolomiti-orizzonte-paralimpico\/#primaryimage","url":"https:\/\/www.bellunopress.it\/wp-content\/uploads\/2022\/10\/Goser-Trail-Tisoi-2022_edited.jpg","contentUrl":"https:\/\/www.bellunopress.it\/wp-content\/uploads\/2022\/10\/Goser-Trail-Tisoi-2022_edited.jpg","width":1000,"height":658},{"@type":"BreadcrumbList","@id":"https:\/\/www.bellunopress.it\/2025\/10\/22\/a-belluno-e-gia-febbre-da-goser-trail-manca-poco-al-sold-out-per-la-7a-edizione-tra-sport-volontariato-e-il-progetto-dolomiti-orizzonte-paralimpico\/#breadcrumb","itemListElement":[{"@type":"ListItem","position":1,"name":"Home","item":"https:\/\/www.bellunopress.it\/"},{"@type":"ListItem","position":2,"name":"A Belluno \u00e8 gi\u00e0 febbre da Gos\u00e8r Trail: manca poco al sold out per la 7\u00aa edizione tra sport, volontariato e il progetto Dolomiti Orizzonte Paralimpico"}]},{"@type":"WebSite","@id":"https:\/\/www.bellunopress.it\/#website","url":"https:\/\/www.bellunopress.it\/","name":"Bellunopress - Dolomiti","description":"e-mail: redazione@bellunopress.it","publisher":{"@id":"https:\/\/www.bellunopress.it\/#organization"},"potentialAction":[{"@type":"SearchAction","target":{"@type":"EntryPoint","urlTemplate":"https:\/\/www.bellunopress.it\/?s={search_term_string}"},"query-input":{"@type":"PropertyValueSpecification","valueRequired":true,"valueName":"search_term_string"}}],"inLanguage":"fr-FR"},{"@type":"Organization","@id":"https:\/\/www.bellunopress.it\/#organization","name":"Bellunopress","url":"https:\/\/www.bellunopress.it\/","logo":{"@type":"ImageObject","inLanguage":"fr-FR","@id":"https:\/\/www.bellunopress.it\/#\/schema\/logo\/image\/","url":"https:\/\/www.bellunopress.it\/wp-content\/uploads\/2011\/05\/cropped-logo-bellunopress-.jpg","contentUrl":"https:\/\/www.bellunopress.it\/wp-content\/uploads\/2011\/05\/cropped-logo-bellunopress-.jpg","width":512,"height":512,"caption":"Bellunopress"},"image":{"@id":"https:\/\/www.bellunopress.it\/#\/schema\/logo\/image\/"},"sameAs":["https:\/\/www.facebook.com\/profile.php?id=100008943462799","https:\/\/x.com\/bellunopress","https:\/\/www.linkedin.com\/hp\/?dnr=JBzUWaJfMUw8vbXJJ2tVW5-I3jZKvC4wsoxE&amp;amp;amp;amp;amp;amp;trk=nav_responsive_tab_home","https:\/\/www.youtube.com\/channel\/UCxL0wu1uN0_3_7hGG0306cw"]},{"@type":"Person","@id":"https:\/\/www.bellunopress.it\/#\/schema\/person\/79bb06722b37ece1c03d3e94beb30d73","name":"r\u00e9daction","image":{"@type":"ImageObject","inLanguage":"fr-FR","@id":"https:\/\/secure.gravatar.com\/avatar\/37d968a2e67a6fd04c169c4bdef102d0bc5d31b2546345219e348575eb80e9a0?s=96&d=mm&r=g","url":"https:\/\/secure.gravatar.com\/avatar\/37d968a2e67a6fd04c169c4bdef102d0bc5d31b2546345219e348575eb80e9a0?s=96&d=mm&r=g","contentUrl":"https:\/\/secure.gravatar.com\/avatar\/37d968a2e67a6fd04c169c4bdef102d0bc5d31b2546345219e348575eb80e9a0?s=96&d=mm&r=g","caption":"redazione"},"sameAs":["http:\/\/www.bellunopress.it","https:\/\/x.com\/bellunopress"],"url":"https:\/\/www.bellunopress.it\/fr\/author\/redazione\/"}]}},"_links":{"self":[{"href":"https:\/\/www.bellunopress.it\/fr\/wp-json\/wp\/v2\/posts\/164290","targetHints":{"allow":["GET"]}}],"collection":[{"href":"https:\/\/www.bellunopress.it\/fr\/wp-json\/wp\/v2\/posts"}],"about":[{"href":"https:\/\/www.bellunopress.it\/fr\/wp-json\/wp\/v2\/types\/post"}],"author":[{"embeddable":true,"href":"https:\/\/www.bellunopress.it\/fr\/wp-json\/wp\/v2\/users\/2"}],"replies":[{"embeddable":true,"href":"https:\/\/www.bellunopress.it\/fr\/wp-json\/wp\/v2\/comments?post=164290"}],"version-history":[{"count":1,"href":"https:\/\/www.bellunopress.it\/fr\/wp-json\/wp\/v2\/posts\/164290\/revisions"}],"predecessor-version":[{"id":164291,"href":"https:\/\/www.bellunopress.it\/fr\/wp-json\/wp\/v2\/posts\/164290\/revisions\/164291"}],"wp:featuredmedia":[{"embeddable":true,"href":"https:\/\/www.bellunopress.it\/fr\/wp-json\/wp\/v2\/media\/137184"}],"wp:attachment":[{"href":"https:\/\/www.bellunopress.it\/fr\/wp-json\/wp\/v2\/media?parent=164290"}],"wp:term":[{"taxonomy":"category","embeddable":true,"href":"https:\/\/www.bellunopress.it\/fr\/wp-json\/wp\/v2\/categories?post=164290"},{"taxonomy":"post_tag","embeddable":true,"href":"https:\/\/www.bellunopress.it\/fr\/wp-json\/wp\/v2\/tags?post=164290"}],"curies":[{"name":"wp","href":"https:\/\/api.w.org\/{rel}","templated":true}]}}