{"id":164285,"date":"2025-10-21T19:05:36","date_gmt":"2025-10-21T17:05:36","guid":{"rendered":"https:\/\/www.bellunopress.it\/?p=164285"},"modified":"2025-10-21T19:05:36","modified_gmt":"2025-10-21T17:05:36","slug":"i-premiati-della-xxv-edizione-del-bellunesi-che-onorano-la-provincia-domenica-la-cerimonia-al-teatro-comunale","status":"publish","type":"post","link":"https:\/\/www.bellunopress.it\/fr\/2025\/10\/21\/i-premiati-della-xxv-edizione-del-bellunesi-che-onorano-la-provincia-domenica-la-cerimonia-al-teatro-comunale\/","title":{"rendered":"I premiati della XXV edizione del \u201cBellunesi che onorano la provincia\u201d, Domenica la cerimonia al Teatro Comunale"},"content":{"rendered":"<figure id=\"attachment_155535\" aria-describedby=\"caption-attachment-155535\" style=\"width: 1000px\" class=\"wp-caption aligncenter\"><img loading=\"lazy\" decoding=\"async\" class=\"size-full wp-image-155535\" src=\"https:\/\/www.bellunopress.it\/wp-content\/uploads\/2024\/11\/teatro-comunale-dino-buzzati.jpg\" alt=\"\" width=\"1000\" height=\"750\" srcset=\"https:\/\/www.bellunopress.it\/wp-content\/uploads\/2024\/11\/teatro-comunale-dino-buzzati.jpg 1000w, https:\/\/www.bellunopress.it\/wp-content\/uploads\/2024\/11\/teatro-comunale-dino-buzzati-500x375.jpg 500w, https:\/\/www.bellunopress.it\/wp-content\/uploads\/2024\/11\/teatro-comunale-dino-buzzati-560x420.jpg 560w, https:\/\/www.bellunopress.it\/wp-content\/uploads\/2024\/11\/teatro-comunale-dino-buzzati-80x60.jpg 80w, https:\/\/www.bellunopress.it\/wp-content\/uploads\/2024\/11\/teatro-comunale-dino-buzzati-696x522.jpg 696w\" sizes=\"auto, (max-width: 1000px) 100vw, 1000px\" \/><figcaption id=\"caption-attachment-155535\" class=\"wp-caption-text\">Teatro Comunale &#8220;Dino Buzzati&#8221; di Belluno<\/figcaption><\/figure>\n<p>Belluno, 21 ottobre 2025 \u2013 Il Teatro Dino Buzzati di Belluno ospiter\u00e0 domenica 23 novembre 2025 la XXV edizione del Premio Internazionale \u201cBellunesi che onorano la provincia in Italia e nel Mondo\u201d. L&#8217;evento, promosso da Provincia di Belluno, Associazione Bellunesi nel Mondo (ABM) e dai Rotary Club locali, celebra i bellunesi e i loro discendenti che si sono distinti in vari campi, mantenendo vivo il legame con la terra d\u2019origine.<\/p>\n<p><strong>Ecco i principali premiati nelle tre categorie e i riconoscimenti speciali:<\/strong><\/p>\n<p>Economia e Imprenditoria: D\u2019Alpaos e Tormen<br \/>\nPer il settore economico, imprenditoriale e professionale, il premio va al Professor Luigi D\u2019Alpaos e all\u2019imprenditore brasiliano Maximino Jacinto Tormen.<\/p>\n<p>Luigi D\u2019Alpaos, Professore Emerito di Idraulica all&#8217;Universit\u00e0 di Padova e originario di Pieve d&#8217;Alpago, \u00e8 una figura chiave nella difesa idraulica del Veneto, con un contributo fondamentale alla gestione dei sistemi fluviali (Piave, Livenza) e alla salvaguardia della Laguna di Venezia, oltre al ruolo nella Commissione Grandi Rischi della Regione.<\/p>\n<p>Maximino Jacinto Tormen, nato in Brasile ma di origini bellunesi, \u00e8 un affermato imprenditore nel settore dell&#8217;erba mate, dell&#8217;agricoltura e dell&#8217;edilizia, fondatore della Claramax Pap\u00e9is (leader nella produzione di carta igienica) e vicepresidente attivo dell&#8217;ABM &#8211; Famiglia Erechim.<\/p>\n<p>Istituzioni, Arte e Cultura: trionfa la lirica<br \/>\nLa categoria Istituzioni, Arte e Cultura riconosce il talento di due grandi voci bellunesi della lirica, il soprano Chiara Isotton e il tenore Domenico Menini, che per l&#8217;occasione allieteranno la cerimonia con un intermezzo musicale. Entrambi vantano carriere internazionali che li hanno portati a esibirsi nei teatri pi\u00f9 prestigiosi del mondo, dalla Scala di Milano al Bolshoi di Mosca, diffondendo l&#8217;eccellenza musicale italiana.<\/p>\n<p>Sociale e Solidaristico: Onder e Dalle Court<br \/>\nIl riconoscimento per il settore sociale e solidaristico va al giornalista e divulgatore scientifico Luciano Onder e all\u2019attivista italo-brasiliana Leni Dalle Court.<\/p>\n<p>Luciano Onder, storico volto Rai (Medicina 33) e pioniere della divulgazione medica in TV, viene premiato per il suo impegno cinquantennale nel rendere accessibili al grande pubblico temi complessi legati alla salute.<\/p>\n<p>Leni Dalle Court, brasiliana con radici nella Val d\u2019Agordino, \u00e8 premiata per il suo instancabile impegno nel mantenere viva la cultura bellunese in Brasile, come socia fondatrice e presidente della sezione ABM a Jaragu\u00e1 do Sul.<\/p>\n<p>Premi Speciali: Paniz e Fant<br \/>\nDue premi speciali d\u2019eccezione arricchiscono l\u2019edizione:<\/p>\n<p>Il Premio Speciale \u201cBarcelloni Corte \u2013 De Martin Modolado\u201d sar\u00e0 assegnato a Maurizio Paniz, avvocato cassazionista ed ex deputato per tre legislature, per il suo impegno nell&#8217;Associazione Bellunesi nel Mondo, di cui \u00e8 stato presidente per oltre 15 anni, e i suoi ruoli di rilievo a livello nazionale e sportivo.<\/p>\n<p>Il Premio Speciale alla Carriera va al Maestro Luigi Fant, titolare della Premiata Sartoria Fant di Limana. Autentico ambasciatore dell\u2019eccellenza artigiana bellunese nel mondo, vanta riconoscimenti internazionali e ha realizzato, tra gli altri, l&#8217;abito da montagna per Papa Giovanni Paolo II.<\/p>\n<p>La cerimonia, presentata da Nicola Maccagnan, sar\u00e0 trasmessa in diretta sulle frequenze di Radio ABM. A conclusione dell&#8217;evento, a Palazzo Crepadona sar\u00e0 inaugurata la mostra fotografica \u201cBelluno nel cuore del mondo: 25 edizioni di merito e orgoglio\u201d, dedicata a tutti i vincitori del quarto di secolo del Premio.<\/p>","protected":false},"excerpt":{"rendered":"<p>Belluno, 21 ottobre 2025 \u2013 Il Teatro Dino Buzzati di Belluno ospiter\u00e0 domenica 23 novembre 2025 la XXV edizione del Premio Internazionale \u201cBellunesi che onorano la provincia in Italia e nel Mondo\u201d. L&#8217;evento, promosso da Provincia di Belluno, Associazione Bellunesi nel Mondo (ABM) e dai Rotary Club locali, celebra i bellunesi e i loro discendenti [&hellip;]<\/p>\n","protected":false},"author":2,"featured_media":125311,"comment_status":"closed","ping_status":"open","sticky":false,"template":"","format":"standard","meta":{"footnotes":""},"categories":[26,8],"tags":[],"class_list":["post-164285","post","type-post","status-publish","format-standard","has-post-thumbnail","category-prima-pagina","category-societa-istituzioni"],"yoast_head":"<!-- This site is optimized with the Yoast SEO plugin v28.4 - https:\/\/yoast.com\/product\/yoast-seo-wordpress\/ -->\n<title>I premiati della XXV edizione del \u201cBellunesi che onorano la provincia\u201d, Domenica la cerimonia al Teatro Comunale - Bellunopress - Dolomiti<\/title>\n<meta name=\"robots\" content=\"index, follow, max-snippet:-1, max-image-preview:large, max-video-preview:-1\" \/>\n<link rel=\"canonical\" href=\"https:\/\/www.bellunopress.it\/fr\/2025\/10\/21\/i-premiati-della-xxv-edizione-del-bellunesi-che-onorano-la-provincia-domenica-la-cerimonia-al-teatro-comunale\/\" \/>\n<meta property=\"og:locale\" content=\"fr_FR\" \/>\n<meta property=\"og:type\" content=\"article\" \/>\n<meta property=\"og:title\" content=\"I premiati della XXV edizione del \u201cBellunesi che onorano la provincia\u201d, Domenica la cerimonia al Teatro Comunale - Bellunopress - Dolomiti\" \/>\n<meta property=\"og:description\" content=\"Belluno, 21 ottobre 2025 \u2013 Il Teatro Dino Buzzati di Belluno ospiter\u00e0 domenica 23 novembre 2025 la XXV edizione del Premio Internazionale \u201cBellunesi che onorano la provincia in Italia e nel Mondo\u201d. L&#8217;evento, promosso da Provincia di Belluno, Associazione Bellunesi nel Mondo (ABM) e dai Rotary Club locali, celebra i bellunesi e i loro discendenti [&hellip;]\" \/>\n<meta property=\"og:url\" content=\"https:\/\/www.bellunopress.it\/fr\/2025\/10\/21\/i-premiati-della-xxv-edizione-del-bellunesi-che-onorano-la-provincia-domenica-la-cerimonia-al-teatro-comunale\/\" \/>\n<meta property=\"og:site_name\" content=\"Bellunopress - Dolomiti\" \/>\n<meta property=\"article:publisher\" content=\"https:\/\/www.facebook.com\/profile.php?id=100008943462799\" \/>\n<meta property=\"article:published_time\" content=\"2025-10-21T17:05:36+00:00\" \/>\n<meta property=\"og:image\" content=\"https:\/\/www.bellunopress.it\/wp-content\/uploads\/2021\/06\/teatro-comunale-1-piano_edited.jpg\" \/>\n\t<meta property=\"og:image:width\" content=\"800\" \/>\n\t<meta property=\"og:image:height\" content=\"600\" \/>\n\t<meta property=\"og:image:type\" content=\"image\/jpeg\" \/>\n<meta name=\"author\" content=\"redazione\" \/>\n<meta name=\"twitter:card\" content=\"summary_large_image\" \/>\n<meta name=\"twitter:creator\" content=\"@bellunopress\" \/>\n<meta name=\"twitter:site\" content=\"@bellunopress\" \/>\n<meta name=\"twitter:label1\" content=\"\u00c9crit par\" \/>\n\t<meta name=\"twitter:data1\" content=\"redazione\" \/>\n\t<meta name=\"twitter:label2\" content=\"Dur\u00e9e de lecture estim\u00e9e\" \/>\n\t<meta name=\"twitter:data2\" content=\"3 minutes\" \/>\n<script type=\"application\/ld+json\" class=\"yoast-schema-graph\">{\"@context\":\"https:\\\/\\\/schema.org\",\"@graph\":[{\"@type\":\"Article\",\"@id\":\"https:\\\/\\\/www.bellunopress.it\\\/2025\\\/10\\\/21\\\/i-premiati-della-xxv-edizione-del-bellunesi-che-onorano-la-provincia-domenica-la-cerimonia-al-teatro-comunale\\\/#article\",\"isPartOf\":{\"@id\":\"https:\\\/\\\/www.bellunopress.it\\\/2025\\\/10\\\/21\\\/i-premiati-della-xxv-edizione-del-bellunesi-che-onorano-la-provincia-domenica-la-cerimonia-al-teatro-comunale\\\/\"},\"author\":{\"name\":\"redazione\",\"@id\":\"https:\\\/\\\/www.bellunopress.it\\\/#\\\/schema\\\/person\\\/79bb06722b37ece1c03d3e94beb30d73\"},\"headline\":\"I premiati della XXV edizione del \u201cBellunesi che onorano la provincia\u201d, Domenica la cerimonia al Teatro Comunale\",\"datePublished\":\"2025-10-21T17:05:36+00:00\",\"mainEntityOfPage\":{\"@id\":\"https:\\\/\\\/www.bellunopress.it\\\/2025\\\/10\\\/21\\\/i-premiati-della-xxv-edizione-del-bellunesi-che-onorano-la-provincia-domenica-la-cerimonia-al-teatro-comunale\\\/\"},\"wordCount\":552,\"publisher\":{\"@id\":\"https:\\\/\\\/www.bellunopress.it\\\/#organization\"},\"image\":{\"@id\":\"https:\\\/\\\/www.bellunopress.it\\\/2025\\\/10\\\/21\\\/i-premiati-della-xxv-edizione-del-bellunesi-che-onorano-la-provincia-domenica-la-cerimonia-al-teatro-comunale\\\/#primaryimage\"},\"thumbnailUrl\":\"https:\\\/\\\/www.bellunopress.it\\\/wp-content\\\/uploads\\\/2021\\\/06\\\/teatro-comunale-1-piano_edited.jpg\",\"articleSection\":[\"Prima Pagina\",\"Societ\u00e0, Associazioni, Istituzioni\"],\"inLanguage\":\"fr-FR\"},{\"@type\":\"WebPage\",\"@id\":\"https:\\\/\\\/www.bellunopress.it\\\/2025\\\/10\\\/21\\\/i-premiati-della-xxv-edizione-del-bellunesi-che-onorano-la-provincia-domenica-la-cerimonia-al-teatro-comunale\\\/\",\"url\":\"https:\\\/\\\/www.bellunopress.it\\\/2025\\\/10\\\/21\\\/i-premiati-della-xxv-edizione-del-bellunesi-che-onorano-la-provincia-domenica-la-cerimonia-al-teatro-comunale\\\/\",\"name\":\"I premiati della XXV edizione del \u201cBellunesi che onorano la provincia\u201d, Domenica la cerimonia al Teatro Comunale - Bellunopress - Dolomiti\",\"isPartOf\":{\"@id\":\"https:\\\/\\\/www.bellunopress.it\\\/#website\"},\"primaryImageOfPage\":{\"@id\":\"https:\\\/\\\/www.bellunopress.it\\\/2025\\\/10\\\/21\\\/i-premiati-della-xxv-edizione-del-bellunesi-che-onorano-la-provincia-domenica-la-cerimonia-al-teatro-comunale\\\/#primaryimage\"},\"image\":{\"@id\":\"https:\\\/\\\/www.bellunopress.it\\\/2025\\\/10\\\/21\\\/i-premiati-della-xxv-edizione-del-bellunesi-che-onorano-la-provincia-domenica-la-cerimonia-al-teatro-comunale\\\/#primaryimage\"},\"thumbnailUrl\":\"https:\\\/\\\/www.bellunopress.it\\\/wp-content\\\/uploads\\\/2021\\\/06\\\/teatro-comunale-1-piano_edited.jpg\",\"datePublished\":\"2025-10-21T17:05:36+00:00\",\"breadcrumb\":{\"@id\":\"https:\\\/\\\/www.bellunopress.it\\\/2025\\\/10\\\/21\\\/i-premiati-della-xxv-edizione-del-bellunesi-che-onorano-la-provincia-domenica-la-cerimonia-al-teatro-comunale\\\/#breadcrumb\"},\"inLanguage\":\"fr-FR\",\"potentialAction\":[{\"@type\":\"ReadAction\",\"target\":[\"https:\\\/\\\/www.bellunopress.it\\\/2025\\\/10\\\/21\\\/i-premiati-della-xxv-edizione-del-bellunesi-che-onorano-la-provincia-domenica-la-cerimonia-al-teatro-comunale\\\/\"]}]},{\"@type\":\"ImageObject\",\"inLanguage\":\"fr-FR\",\"@id\":\"https:\\\/\\\/www.bellunopress.it\\\/2025\\\/10\\\/21\\\/i-premiati-della-xxv-edizione-del-bellunesi-che-onorano-la-provincia-domenica-la-cerimonia-al-teatro-comunale\\\/#primaryimage\",\"url\":\"https:\\\/\\\/www.bellunopress.it\\\/wp-content\\\/uploads\\\/2021\\\/06\\\/teatro-comunale-1-piano_edited.jpg\",\"contentUrl\":\"https:\\\/\\\/www.bellunopress.it\\\/wp-content\\\/uploads\\\/2021\\\/06\\\/teatro-comunale-1-piano_edited.jpg\",\"width\":800,\"height\":600,\"caption\":\"Teatro Comunale di Belluno\"},{\"@type\":\"BreadcrumbList\",\"@id\":\"https:\\\/\\\/www.bellunopress.it\\\/2025\\\/10\\\/21\\\/i-premiati-della-xxv-edizione-del-bellunesi-che-onorano-la-provincia-domenica-la-cerimonia-al-teatro-comunale\\\/#breadcrumb\",\"itemListElement\":[{\"@type\":\"ListItem\",\"position\":1,\"name\":\"Home\",\"item\":\"https:\\\/\\\/www.bellunopress.it\\\/\"},{\"@type\":\"ListItem\",\"position\":2,\"name\":\"I premiati della XXV edizione del \u201cBellunesi che onorano la provincia\u201d, Domenica la cerimonia al Teatro Comunale\"}]},{\"@type\":\"WebSite\",\"@id\":\"https:\\\/\\\/www.bellunopress.it\\\/#website\",\"url\":\"https:\\\/\\\/www.bellunopress.it\\\/\",\"name\":\"Bellunopress - Dolomiti\",\"description\":\"e-mail: redazione@bellunopress.it\",\"publisher\":{\"@id\":\"https:\\\/\\\/www.bellunopress.it\\\/#organization\"},\"potentialAction\":[{\"@type\":\"SearchAction\",\"target\":{\"@type\":\"EntryPoint\",\"urlTemplate\":\"https:\\\/\\\/www.bellunopress.it\\\/?s={search_term_string}\"},\"query-input\":{\"@type\":\"PropertyValueSpecification\",\"valueRequired\":true,\"valueName\":\"search_term_string\"}}],\"inLanguage\":\"fr-FR\"},{\"@type\":\"Organization\",\"@id\":\"https:\\\/\\\/www.bellunopress.it\\\/#organization\",\"name\":\"Bellunopress\",\"url\":\"https:\\\/\\\/www.bellunopress.it\\\/\",\"logo\":{\"@type\":\"ImageObject\",\"inLanguage\":\"fr-FR\",\"@id\":\"https:\\\/\\\/www.bellunopress.it\\\/#\\\/schema\\\/logo\\\/image\\\/\",\"url\":\"https:\\\/\\\/www.bellunopress.it\\\/wp-content\\\/uploads\\\/2011\\\/05\\\/cropped-logo-bellunopress-.jpg\",\"contentUrl\":\"https:\\\/\\\/www.bellunopress.it\\\/wp-content\\\/uploads\\\/2011\\\/05\\\/cropped-logo-bellunopress-.jpg\",\"width\":512,\"height\":512,\"caption\":\"Bellunopress\"},\"image\":{\"@id\":\"https:\\\/\\\/www.bellunopress.it\\\/#\\\/schema\\\/logo\\\/image\\\/\"},\"sameAs\":[\"https:\\\/\\\/www.facebook.com\\\/profile.php?id=100008943462799\",\"https:\\\/\\\/x.com\\\/bellunopress\",\"https:\\\/\\\/www.linkedin.com\\\/hp\\\/?dnr=JBzUWaJfMUw8vbXJJ2tVW5-I3jZKvC4wsoxE&amp;amp;amp;amp;amp;amp;trk=nav_responsive_tab_home\",\"https:\\\/\\\/www.youtube.com\\\/channel\\\/UCxL0wu1uN0_3_7hGG0306cw\"]},{\"@type\":\"Person\",\"@id\":\"https:\\\/\\\/www.bellunopress.it\\\/#\\\/schema\\\/person\\\/79bb06722b37ece1c03d3e94beb30d73\",\"name\":\"redazione\",\"image\":{\"@type\":\"ImageObject\",\"inLanguage\":\"fr-FR\",\"@id\":\"https:\\\/\\\/secure.gravatar.com\\\/avatar\\\/37d968a2e67a6fd04c169c4bdef102d0bc5d31b2546345219e348575eb80e9a0?s=96&d=mm&r=g\",\"url\":\"https:\\\/\\\/secure.gravatar.com\\\/avatar\\\/37d968a2e67a6fd04c169c4bdef102d0bc5d31b2546345219e348575eb80e9a0?s=96&d=mm&r=g\",\"contentUrl\":\"https:\\\/\\\/secure.gravatar.com\\\/avatar\\\/37d968a2e67a6fd04c169c4bdef102d0bc5d31b2546345219e348575eb80e9a0?s=96&d=mm&r=g\",\"caption\":\"redazione\"},\"sameAs\":[\"http:\\\/\\\/www.bellunopress.it\",\"https:\\\/\\\/x.com\\\/bellunopress\"],\"url\":\"https:\\\/\\\/www.bellunopress.it\\\/fr\\\/author\\\/redazione\\\/\"}]}<\/script>\n<!-- \/ Yoast SEO plugin. -->","yoast_head_json":{"title":"I premiati della XXV edizione del \u201cBellunesi che onorano la provincia\u201d, Domenica la cerimonia al Teatro Comunale - Bellunopress - Dolomiti","robots":{"index":"index","follow":"follow","max-snippet":"max-snippet:-1","max-image-preview":"max-image-preview:large","max-video-preview":"max-video-preview:-1"},"canonical":"https:\/\/www.bellunopress.it\/fr\/2025\/10\/21\/i-premiati-della-xxv-edizione-del-bellunesi-che-onorano-la-provincia-domenica-la-cerimonia-al-teatro-comunale\/","og_locale":"fr_FR","og_type":"article","og_title":"I premiati della XXV edizione del \u201cBellunesi che onorano la provincia\u201d, Domenica la cerimonia al Teatro Comunale - Bellunopress - Dolomiti","og_description":"Belluno, 21 ottobre 2025 \u2013 Il Teatro Dino Buzzati di Belluno ospiter\u00e0 domenica 23 novembre 2025 la XXV edizione del Premio Internazionale \u201cBellunesi che onorano la provincia in Italia e nel Mondo\u201d. L&#8217;evento, promosso da Provincia di Belluno, Associazione Bellunesi nel Mondo (ABM) e dai Rotary Club locali, celebra i bellunesi e i loro discendenti [&hellip;]","og_url":"https:\/\/www.bellunopress.it\/fr\/2025\/10\/21\/i-premiati-della-xxv-edizione-del-bellunesi-che-onorano-la-provincia-domenica-la-cerimonia-al-teatro-comunale\/","og_site_name":"Bellunopress - Dolomiti","article_publisher":"https:\/\/www.facebook.com\/profile.php?id=100008943462799","article_published_time":"2025-10-21T17:05:36+00:00","og_image":[{"width":800,"height":600,"url":"https:\/\/www.bellunopress.it\/wp-content\/uploads\/2021\/06\/teatro-comunale-1-piano_edited.jpg","type":"image\/jpeg"}],"author":"redazione","twitter_card":"summary_large_image","twitter_creator":"@bellunopress","twitter_site":"@bellunopress","twitter_misc":{"\u00c9crit par":"redazione","Dur\u00e9e de lecture estim\u00e9e":"3 minutes"},"schema":{"@context":"https:\/\/schema.org","@graph":[{"@type":"Article","@id":"https:\/\/www.bellunopress.it\/2025\/10\/21\/i-premiati-della-xxv-edizione-del-bellunesi-che-onorano-la-provincia-domenica-la-cerimonia-al-teatro-comunale\/#article","isPartOf":{"@id":"https:\/\/www.bellunopress.it\/2025\/10\/21\/i-premiati-della-xxv-edizione-del-bellunesi-che-onorano-la-provincia-domenica-la-cerimonia-al-teatro-comunale\/"},"author":{"name":"redazione","@id":"https:\/\/www.bellunopress.it\/#\/schema\/person\/79bb06722b37ece1c03d3e94beb30d73"},"headline":"I premiati della XXV edizione del \u201cBellunesi che onorano la provincia\u201d, Domenica la cerimonia al Teatro Comunale","datePublished":"2025-10-21T17:05:36+00:00","mainEntityOfPage":{"@id":"https:\/\/www.bellunopress.it\/2025\/10\/21\/i-premiati-della-xxv-edizione-del-bellunesi-che-onorano-la-provincia-domenica-la-cerimonia-al-teatro-comunale\/"},"wordCount":552,"publisher":{"@id":"https:\/\/www.bellunopress.it\/#organization"},"image":{"@id":"https:\/\/www.bellunopress.it\/2025\/10\/21\/i-premiati-della-xxv-edizione-del-bellunesi-che-onorano-la-provincia-domenica-la-cerimonia-al-teatro-comunale\/#primaryimage"},"thumbnailUrl":"https:\/\/www.bellunopress.it\/wp-content\/uploads\/2021\/06\/teatro-comunale-1-piano_edited.jpg","articleSection":["Prima Pagina","Societ\u00e0, Associazioni, Istituzioni"],"inLanguage":"fr-FR"},{"@type":"WebPage","@id":"https:\/\/www.bellunopress.it\/2025\/10\/21\/i-premiati-della-xxv-edizione-del-bellunesi-che-onorano-la-provincia-domenica-la-cerimonia-al-teatro-comunale\/","url":"https:\/\/www.bellunopress.it\/2025\/10\/21\/i-premiati-della-xxv-edizione-del-bellunesi-che-onorano-la-provincia-domenica-la-cerimonia-al-teatro-comunale\/","name":"I premiati della XXV edizione del \u201cBellunesi che onorano la provincia\u201d, Domenica la cerimonia al Teatro Comunale - Bellunopress - Dolomiti","isPartOf":{"@id":"https:\/\/www.bellunopress.it\/#website"},"primaryImageOfPage":{"@id":"https:\/\/www.bellunopress.it\/2025\/10\/21\/i-premiati-della-xxv-edizione-del-bellunesi-che-onorano-la-provincia-domenica-la-cerimonia-al-teatro-comunale\/#primaryimage"},"image":{"@id":"https:\/\/www.bellunopress.it\/2025\/10\/21\/i-premiati-della-xxv-edizione-del-bellunesi-che-onorano-la-provincia-domenica-la-cerimonia-al-teatro-comunale\/#primaryimage"},"thumbnailUrl":"https:\/\/www.bellunopress.it\/wp-content\/uploads\/2021\/06\/teatro-comunale-1-piano_edited.jpg","datePublished":"2025-10-21T17:05:36+00:00","breadcrumb":{"@id":"https:\/\/www.bellunopress.it\/2025\/10\/21\/i-premiati-della-xxv-edizione-del-bellunesi-che-onorano-la-provincia-domenica-la-cerimonia-al-teatro-comunale\/#breadcrumb"},"inLanguage":"fr-FR","potentialAction":[{"@type":"ReadAction","target":["https:\/\/www.bellunopress.it\/2025\/10\/21\/i-premiati-della-xxv-edizione-del-bellunesi-che-onorano-la-provincia-domenica-la-cerimonia-al-teatro-comunale\/"]}]},{"@type":"ImageObject","inLanguage":"fr-FR","@id":"https:\/\/www.bellunopress.it\/2025\/10\/21\/i-premiati-della-xxv-edizione-del-bellunesi-che-onorano-la-provincia-domenica-la-cerimonia-al-teatro-comunale\/#primaryimage","url":"https:\/\/www.bellunopress.it\/wp-content\/uploads\/2021\/06\/teatro-comunale-1-piano_edited.jpg","contentUrl":"https:\/\/www.bellunopress.it\/wp-content\/uploads\/2021\/06\/teatro-comunale-1-piano_edited.jpg","width":800,"height":600,"caption":"Teatro Comunale di Belluno"},{"@type":"BreadcrumbList","@id":"https:\/\/www.bellunopress.it\/2025\/10\/21\/i-premiati-della-xxv-edizione-del-bellunesi-che-onorano-la-provincia-domenica-la-cerimonia-al-teatro-comunale\/#breadcrumb","itemListElement":[{"@type":"ListItem","position":1,"name":"Home","item":"https:\/\/www.bellunopress.it\/"},{"@type":"ListItem","position":2,"name":"I premiati della XXV edizione del \u201cBellunesi che onorano la provincia\u201d, Domenica la cerimonia al Teatro Comunale"}]},{"@type":"WebSite","@id":"https:\/\/www.bellunopress.it\/#website","url":"https:\/\/www.bellunopress.it\/","name":"Bellunopress - Dolomiti","description":"e-mail: redazione@bellunopress.it","publisher":{"@id":"https:\/\/www.bellunopress.it\/#organization"},"potentialAction":[{"@type":"SearchAction","target":{"@type":"EntryPoint","urlTemplate":"https:\/\/www.bellunopress.it\/?s={search_term_string}"},"query-input":{"@type":"PropertyValueSpecification","valueRequired":true,"valueName":"search_term_string"}}],"inLanguage":"fr-FR"},{"@type":"Organization","@id":"https:\/\/www.bellunopress.it\/#organization","name":"Bellunopress","url":"https:\/\/www.bellunopress.it\/","logo":{"@type":"ImageObject","inLanguage":"fr-FR","@id":"https:\/\/www.bellunopress.it\/#\/schema\/logo\/image\/","url":"https:\/\/www.bellunopress.it\/wp-content\/uploads\/2011\/05\/cropped-logo-bellunopress-.jpg","contentUrl":"https:\/\/www.bellunopress.it\/wp-content\/uploads\/2011\/05\/cropped-logo-bellunopress-.jpg","width":512,"height":512,"caption":"Bellunopress"},"image":{"@id":"https:\/\/www.bellunopress.it\/#\/schema\/logo\/image\/"},"sameAs":["https:\/\/www.facebook.com\/profile.php?id=100008943462799","https:\/\/x.com\/bellunopress","https:\/\/www.linkedin.com\/hp\/?dnr=JBzUWaJfMUw8vbXJJ2tVW5-I3jZKvC4wsoxE&amp;amp;amp;amp;amp;amp;trk=nav_responsive_tab_home","https:\/\/www.youtube.com\/channel\/UCxL0wu1uN0_3_7hGG0306cw"]},{"@type":"Person","@id":"https:\/\/www.bellunopress.it\/#\/schema\/person\/79bb06722b37ece1c03d3e94beb30d73","name":"r\u00e9daction","image":{"@type":"ImageObject","inLanguage":"fr-FR","@id":"https:\/\/secure.gravatar.com\/avatar\/37d968a2e67a6fd04c169c4bdef102d0bc5d31b2546345219e348575eb80e9a0?s=96&d=mm&r=g","url":"https:\/\/secure.gravatar.com\/avatar\/37d968a2e67a6fd04c169c4bdef102d0bc5d31b2546345219e348575eb80e9a0?s=96&d=mm&r=g","contentUrl":"https:\/\/secure.gravatar.com\/avatar\/37d968a2e67a6fd04c169c4bdef102d0bc5d31b2546345219e348575eb80e9a0?s=96&d=mm&r=g","caption":"redazione"},"sameAs":["http:\/\/www.bellunopress.it","https:\/\/x.com\/bellunopress"],"url":"https:\/\/www.bellunopress.it\/fr\/author\/redazione\/"}]}},"_links":{"self":[{"href":"https:\/\/www.bellunopress.it\/fr\/wp-json\/wp\/v2\/posts\/164285","targetHints":{"allow":["GET"]}}],"collection":[{"href":"https:\/\/www.bellunopress.it\/fr\/wp-json\/wp\/v2\/posts"}],"about":[{"href":"https:\/\/www.bellunopress.it\/fr\/wp-json\/wp\/v2\/types\/post"}],"author":[{"embeddable":true,"href":"https:\/\/www.bellunopress.it\/fr\/wp-json\/wp\/v2\/users\/2"}],"replies":[{"embeddable":true,"href":"https:\/\/www.bellunopress.it\/fr\/wp-json\/wp\/v2\/comments?post=164285"}],"version-history":[{"count":1,"href":"https:\/\/www.bellunopress.it\/fr\/wp-json\/wp\/v2\/posts\/164285\/revisions"}],"predecessor-version":[{"id":164286,"href":"https:\/\/www.bellunopress.it\/fr\/wp-json\/wp\/v2\/posts\/164285\/revisions\/164286"}],"wp:featuredmedia":[{"embeddable":true,"href":"https:\/\/www.bellunopress.it\/fr\/wp-json\/wp\/v2\/media\/125311"}],"wp:attachment":[{"href":"https:\/\/www.bellunopress.it\/fr\/wp-json\/wp\/v2\/media?parent=164285"}],"wp:term":[{"taxonomy":"category","embeddable":true,"href":"https:\/\/www.bellunopress.it\/fr\/wp-json\/wp\/v2\/categories?post=164285"},{"taxonomy":"post_tag","embeddable":true,"href":"https:\/\/www.bellunopress.it\/fr\/wp-json\/wp\/v2\/tags?post=164285"}],"curies":[{"name":"wp","href":"https:\/\/api.w.org\/{rel}","templated":true}]}}