{"id":164275,"date":"2025-10-21T15:03:28","date_gmt":"2025-10-21T13:03:28","guid":{"rendered":"https:\/\/www.bellunopress.it\/?p=164275"},"modified":"2025-10-21T15:03:28","modified_gmt":"2025-10-21T13:03:28","slug":"confartigianato-imprese-belluno-alimentazione-e-prevenzione-mangiare-bene-per-stare-meglio","status":"publish","type":"post","link":"https:\/\/www.bellunopress.it\/fr\/2025\/10\/21\/confartigianato-imprese-belluno-alimentazione-e-prevenzione-mangiare-bene-per-stare-meglio\/","title":{"rendered":"Confartigianato Imprese Belluno.\u00a0Alimentazione e prevenzione: mangiare bene per stare meglio"},"content":{"rendered":"<p><img loading=\"lazy\" decoding=\"async\" class=\"aligncenter size-large wp-image-164276\" src=\"https:\/\/www.bellunopress.it\/wp-content\/uploads\/2025\/10\/Confartigianato-Belluno-Convegno-Alimentazione_edited.jpg\" alt=\"\" width=\"696\" height=\"494\" srcset=\"https:\/\/www.bellunopress.it\/wp-content\/uploads\/2025\/10\/Confartigianato-Belluno-Convegno-Alimentazione_edited.jpg 800w, https:\/\/www.bellunopress.it\/wp-content\/uploads\/2025\/10\/Confartigianato-Belluno-Convegno-Alimentazione_edited-500x355.jpg 500w, https:\/\/www.bellunopress.it\/wp-content\/uploads\/2025\/10\/Confartigianato-Belluno-Convegno-Alimentazione_edited-592x420.jpg 592w, https:\/\/www.bellunopress.it\/wp-content\/uploads\/2025\/10\/Confartigianato-Belluno-Convegno-Alimentazione_edited-696x494.jpg 696w\" sizes=\"auto, (max-width: 696px) 100vw, 696px\" \/>Parte da Belluno il nuovo progetto promosso dal presidente dalla Federazione alimentazione di Confartigianato, l&#8217;alpagoto Cristiano Gaggion, con il primo incontro sul tema prevenzione e stili di vita organizzato da Confartigianato Imprese Belluno, moderato dal direttore Michele Basso.<\/p>\n<p>&#8220;In consiglio nazionale \u00e8 nata l&#8217;idea di una serie di incontri \u2013 spiega Cristiano Gaggion &#8211; per insegnare come alimentarci per stare bene: abbiamo costruito un format che parte dalla nostra provincia e sar\u00e0 itinerante in tutta Italia. Si sa infatti che l&#8217;alimentazione rappresenta uno dei pilastri fondamentali per il mantenimento della salute e del benessere psicofisico. In rete si trovano tante informazioni, che creano per\u00f2 solo confusione: con i nostri incontri vogliamo fare chiarezza. Il nostro settore \u00e8 in salute: ora cerchiamo di trasmettere un messaggio corretto, invitando a corretti stili di vita, a leggere le etichette di quel che mangiamo, a preferire prodotti locali e non processati, come quelli che escono dai laboratori artigiani. Numerosi studi scientifici confermano che seguire una dieta equilibrata e ricca di alimenti freschi, naturali e poco processati non solo contribuisce a migliorare la qualit\u00e0 della vita, ma svolge anche un ruolo cruciale nella prevenzione di molte malattie croniche, comprese quelle oncologiche&#8221;.<\/p>\n<p>Dal registro regionale dei tumori emerge che nella Ulss 1 Dolomiti i nuovi casi di tumore sono in leggero aumento e con una media superiore al resto del Veneto rispetto alla popolazione provinciale. I dati si riferiscono ad una stima per il 2024, calcolata dall&#8217;istituto regionale, sulla base dei dati degli anni precedenti in proprio possesso: si tratta di 1596 nuovi casi (840 per gli uomini e 756 per le donne), pari a 8,1 casi ogni mille persone (la media veneta \u00e8 di 7,1). Nel 2021 (dato effettivo) erano stati 1483 casi. Il tumore pi\u00f9 diffuso \u00e8 quello alla mammella (242 casi), a fronte di 211 casi di tumore alla prostata. Per gli uomini i pi\u00f9 diffusi oltre alla prostata sono colon retto e polmone (83 casi) e vescica (76), per le donne oltre alla mammella colon retto (73), polmone (57) e colon (55).<\/p>\n<p>Di tumori ha parlato nella sua relazione il dottor Luca Cancian, radiologo-oncologo, direttore dell&#8217;UOC Radiologia all&#8217;ospedale di Conegliano, che \u00e8 partito dall&#8217;analisi dell&#8217;aspettativa di vita (&#8220;ma attenzione \u2013 ha detto \u2013 si vive di pi\u00f9 ma ci si ammala prima, quindi possiamo e dobbiamo fare meglio!&#8221;) e delle cause di morte, per analizzare i vari fattori di rischio soprattutto per le malattie cardiache, che sono la principale causa di morte &#8211; fumo, rumore, scarsa attivit\u00e0 fisica, eccesso di zuccheri e alcol (che comportano un aumento dell&#8217;obesit\u00e0) &#8211; sottolineando l&#8217;importanza dell&#8217;alimentazione per la loro prevenzione. Si \u00e8 quindi soffermato sui nuovi casi di tumore in Veneto: nel 2023 sono stati 34.512 (18.482 uomini e 16.030 donne. Come in provincia di Belluno, i pi\u00f9 frequenti sono a prostata (22%), polmone e colon retto negli uomini, e mammella (32,7%), colon retto e polmone nelle donne, specificando anche come ad oggi ci siano percentuali di sopravvivenza altissime soprattutto per certi tumori (testicolo, tiroide e prostata tra gli uomini e tiroide, melanoma cutaneo e mammella nelle donne sono oltre il 90%). &#8220;Per ridurre le possibilit\u00e0 di ammalarsi \u2013 ha detto &#8211; \u00e8 fondamentale controllare i fattori favorenti la cancerogenesi: bisogna dunque tenere bassi i livelli di glicemia, di insulina e di infiammazione e i fattori di crescita&#8221;. Ha quindi analizzato i meccanismi che legano la dieta e il rischio di carcinoma mammario, sottolineando i consigli del Fondo Mondiale per la Ricerca sul Cancro per proteggersi dal cancro, le relazioni tra alimentazione, movimento e diversi tipi di tumore e i contenuti del codice europeo contro il cancro, con i suoi 12 modi per ridurre il rischio.<\/p>\n<p>Le biologhe nutrizioniste toscane Carlotta Calitri e Jessica Miranda, evidenziando come il Fondo Mondiale per la Ricerca sul Cancro si occupi di studiare continuamente il profondo legame tra nutrizione, attivit\u00e0 fisica e lo sviluppo di tumori, hanno spiegato quali sono le raccomandazioni da seguire in ambito nutrizionale: il consumo di cereali integrali, verdure, frutta e legumi; la limitazione di consumo di alimenti processati ricchi in grassi e zuccheri, di carni rosse e lavorate, di bevande zuccherate e alcoliche. &#8220;I cibi da preferire sono frutta e verdura (possibilmente a km0 e comunque stagionali), cereali integrali, olio d&#8217;oliva, semi oleosi e frutta secca a guscio, legumi e pesce; quelli da limitare sono zuccheri semplici, alcol, alimenti processati ricchi in grassi e zuccheri, sale, carni rosse e processate. Una scorretta alimentazione pu\u00f2 portare a malattie cronico-degenerative, cardiovascolari o neurodegenerative, a tumori, a una scarsa o scorretta idratazione&#8221;. Hanno quindi spiegato l&#8217;importanza dell&#8217;organizzare i pasti quando non si pu\u00f2 mangiare a casa propria e il tipo di cottura da preferire. &#8220;Mangiare bene al lavoro \u00e8 fondamentale \u2013 hanno detto &#8211; , non solo perch\u00e9 fa bene alla salute, ma anche perch\u00e9 migliora la concentrazione e l&#8217;energia, riduce stress e affaticamento, aumenta la produttivit\u00e0&#8221;. Hanno infine dato dei consigli pratici evidenziando le cattive abitudini, nelle quali i presenti si sono riconosciuti.<\/p>\n<p>Ha chiuso la giornata l&#8217;assessore regionale all&#8217;agricoltura Federico Caner, che ha sottolineato &#8220;l&#8217;impegno della regione Veneto per la sicurezza alimentare, portando l&#8217;attenzione sul come i prodotti vengano realizzati. In questo ambito ci siamo occupati anche di fattorie didattiche (per mettere in relazione i giovanissimi con i produttori e la produzione), di caratterizzazione qualitativa dei prodotti ortofrutticoli; nel lattiero-caseario abbiamo finanziato uno studio dell&#8217;universit\u00e0 di Padova per curare le vacche da latte senza antibiotici, raggiungendo cos\u00ec in anticipo un obbiettivo europeo sulla certificazione del latte. La promozione del nostro territorio a livello turistico \u2013 ha concluso &#8211; passa anche attraverso la qualit\u00e0 di prodotti e processi agroalimentari&#8221;.<\/p>","protected":false},"excerpt":{"rendered":"<p>Parte da Belluno il nuovo progetto promosso dal presidente dalla Federazione alimentazione di Confartigianato, l&#8217;alpagoto Cristiano Gaggion, con il primo incontro sul tema prevenzione e stili di vita organizzato da Confartigianato Imprese Belluno, moderato dal direttore Michele Basso. &#8220;In consiglio nazionale \u00e8 nata l&#8217;idea di una serie di incontri \u2013 spiega Cristiano Gaggion &#8211; per [&hellip;]<\/p>\n","protected":false},"author":2,"featured_media":164276,"comment_status":"closed","ping_status":"open","sticky":false,"template":"","format":"standard","meta":{"footnotes":""},"categories":[26,17,8],"tags":[],"class_list":["post-164275","post","type-post","status-publish","format-standard","has-post-thumbnail","category-prima-pagina","category-sanita","category-societa-istituzioni"],"yoast_head":"<!-- This site is optimized with the Yoast SEO plugin v28.4 - https:\/\/yoast.com\/product\/yoast-seo-wordpress\/ -->\n<title>Confartigianato Imprese Belluno.\u00a0Alimentazione e prevenzione: mangiare bene per stare meglio - Bellunopress - Dolomiti<\/title>\n<meta name=\"robots\" content=\"index, follow, max-snippet:-1, max-image-preview:large, max-video-preview:-1\" \/>\n<link rel=\"canonical\" href=\"https:\/\/www.bellunopress.it\/fr\/2025\/10\/21\/confartigianato-imprese-belluno-alimentazione-e-prevenzione-mangiare-bene-per-stare-meglio\/\" \/>\n<meta property=\"og:locale\" content=\"fr_FR\" \/>\n<meta property=\"og:type\" content=\"article\" \/>\n<meta property=\"og:title\" content=\"Confartigianato Imprese Belluno.\u00a0Alimentazione e prevenzione: mangiare bene per stare meglio - Bellunopress - Dolomiti\" \/>\n<meta property=\"og:description\" content=\"Parte da Belluno il nuovo progetto promosso dal presidente dalla Federazione alimentazione di Confartigianato, l&#8217;alpagoto Cristiano Gaggion, con il primo incontro sul tema prevenzione e stili di vita organizzato da Confartigianato Imprese Belluno, moderato dal direttore Michele Basso. &#8220;In consiglio nazionale \u00e8 nata l&#8217;idea di una serie di incontri \u2013 spiega Cristiano Gaggion &#8211; per [&hellip;]\" \/>\n<meta property=\"og:url\" content=\"https:\/\/www.bellunopress.it\/fr\/2025\/10\/21\/confartigianato-imprese-belluno-alimentazione-e-prevenzione-mangiare-bene-per-stare-meglio\/\" \/>\n<meta property=\"og:site_name\" content=\"Bellunopress - Dolomiti\" \/>\n<meta property=\"article:publisher\" content=\"https:\/\/www.facebook.com\/profile.php?id=100008943462799\" \/>\n<meta property=\"article:published_time\" content=\"2025-10-21T13:03:28+00:00\" \/>\n<meta property=\"og:image\" content=\"https:\/\/www.bellunopress.it\/wp-content\/uploads\/2025\/10\/Confartigianato-Belluno-Convegno-Alimentazione_edited.jpg\" \/>\n\t<meta property=\"og:image:width\" content=\"800\" \/>\n\t<meta property=\"og:image:height\" content=\"568\" \/>\n\t<meta property=\"og:image:type\" content=\"image\/jpeg\" \/>\n<meta name=\"author\" content=\"redazione\" \/>\n<meta name=\"twitter:card\" content=\"summary_large_image\" \/>\n<meta name=\"twitter:creator\" content=\"@bellunopress\" \/>\n<meta name=\"twitter:site\" content=\"@bellunopress\" \/>\n<meta name=\"twitter:label1\" content=\"\u00c9crit par\" \/>\n\t<meta name=\"twitter:data1\" content=\"redazione\" \/>\n\t<meta name=\"twitter:label2\" content=\"Dur\u00e9e de lecture estim\u00e9e\" \/>\n\t<meta name=\"twitter:data2\" content=\"4 minutes\" \/>\n<script type=\"application\/ld+json\" class=\"yoast-schema-graph\">{\"@context\":\"https:\\\/\\\/schema.org\",\"@graph\":[{\"@type\":\"Article\",\"@id\":\"https:\\\/\\\/www.bellunopress.it\\\/2025\\\/10\\\/21\\\/confartigianato-imprese-belluno-alimentazione-e-prevenzione-mangiare-bene-per-stare-meglio\\\/#article\",\"isPartOf\":{\"@id\":\"https:\\\/\\\/www.bellunopress.it\\\/2025\\\/10\\\/21\\\/confartigianato-imprese-belluno-alimentazione-e-prevenzione-mangiare-bene-per-stare-meglio\\\/\"},\"author\":{\"name\":\"redazione\",\"@id\":\"https:\\\/\\\/www.bellunopress.it\\\/#\\\/schema\\\/person\\\/79bb06722b37ece1c03d3e94beb30d73\"},\"headline\":\"Confartigianato Imprese Belluno.\u00a0Alimentazione e prevenzione: mangiare bene per stare meglio\",\"datePublished\":\"2025-10-21T13:03:28+00:00\",\"mainEntityOfPage\":{\"@id\":\"https:\\\/\\\/www.bellunopress.it\\\/2025\\\/10\\\/21\\\/confartigianato-imprese-belluno-alimentazione-e-prevenzione-mangiare-bene-per-stare-meglio\\\/\"},\"wordCount\":924,\"publisher\":{\"@id\":\"https:\\\/\\\/www.bellunopress.it\\\/#organization\"},\"image\":{\"@id\":\"https:\\\/\\\/www.bellunopress.it\\\/2025\\\/10\\\/21\\\/confartigianato-imprese-belluno-alimentazione-e-prevenzione-mangiare-bene-per-stare-meglio\\\/#primaryimage\"},\"thumbnailUrl\":\"https:\\\/\\\/www.bellunopress.it\\\/wp-content\\\/uploads\\\/2025\\\/10\\\/Confartigianato-Belluno-Convegno-Alimentazione_edited.jpg\",\"articleSection\":[\"Prima Pagina\",\"Sanit\u00e0 Medicina\",\"Societ\u00e0, Associazioni, Istituzioni\"],\"inLanguage\":\"fr-FR\"},{\"@type\":\"WebPage\",\"@id\":\"https:\\\/\\\/www.bellunopress.it\\\/2025\\\/10\\\/21\\\/confartigianato-imprese-belluno-alimentazione-e-prevenzione-mangiare-bene-per-stare-meglio\\\/\",\"url\":\"https:\\\/\\\/www.bellunopress.it\\\/2025\\\/10\\\/21\\\/confartigianato-imprese-belluno-alimentazione-e-prevenzione-mangiare-bene-per-stare-meglio\\\/\",\"name\":\"Confartigianato Imprese Belluno.\u00a0Alimentazione e prevenzione: mangiare bene per stare meglio - Bellunopress - Dolomiti\",\"isPartOf\":{\"@id\":\"https:\\\/\\\/www.bellunopress.it\\\/#website\"},\"primaryImageOfPage\":{\"@id\":\"https:\\\/\\\/www.bellunopress.it\\\/2025\\\/10\\\/21\\\/confartigianato-imprese-belluno-alimentazione-e-prevenzione-mangiare-bene-per-stare-meglio\\\/#primaryimage\"},\"image\":{\"@id\":\"https:\\\/\\\/www.bellunopress.it\\\/2025\\\/10\\\/21\\\/confartigianato-imprese-belluno-alimentazione-e-prevenzione-mangiare-bene-per-stare-meglio\\\/#primaryimage\"},\"thumbnailUrl\":\"https:\\\/\\\/www.bellunopress.it\\\/wp-content\\\/uploads\\\/2025\\\/10\\\/Confartigianato-Belluno-Convegno-Alimentazione_edited.jpg\",\"datePublished\":\"2025-10-21T13:03:28+00:00\",\"breadcrumb\":{\"@id\":\"https:\\\/\\\/www.bellunopress.it\\\/2025\\\/10\\\/21\\\/confartigianato-imprese-belluno-alimentazione-e-prevenzione-mangiare-bene-per-stare-meglio\\\/#breadcrumb\"},\"inLanguage\":\"fr-FR\",\"potentialAction\":[{\"@type\":\"ReadAction\",\"target\":[\"https:\\\/\\\/www.bellunopress.it\\\/2025\\\/10\\\/21\\\/confartigianato-imprese-belluno-alimentazione-e-prevenzione-mangiare-bene-per-stare-meglio\\\/\"]}]},{\"@type\":\"ImageObject\",\"inLanguage\":\"fr-FR\",\"@id\":\"https:\\\/\\\/www.bellunopress.it\\\/2025\\\/10\\\/21\\\/confartigianato-imprese-belluno-alimentazione-e-prevenzione-mangiare-bene-per-stare-meglio\\\/#primaryimage\",\"url\":\"https:\\\/\\\/www.bellunopress.it\\\/wp-content\\\/uploads\\\/2025\\\/10\\\/Confartigianato-Belluno-Convegno-Alimentazione_edited.jpg\",\"contentUrl\":\"https:\\\/\\\/www.bellunopress.it\\\/wp-content\\\/uploads\\\/2025\\\/10\\\/Confartigianato-Belluno-Convegno-Alimentazione_edited.jpg\",\"width\":800,\"height\":568},{\"@type\":\"BreadcrumbList\",\"@id\":\"https:\\\/\\\/www.bellunopress.it\\\/2025\\\/10\\\/21\\\/confartigianato-imprese-belluno-alimentazione-e-prevenzione-mangiare-bene-per-stare-meglio\\\/#breadcrumb\",\"itemListElement\":[{\"@type\":\"ListItem\",\"position\":1,\"name\":\"Home\",\"item\":\"https:\\\/\\\/www.bellunopress.it\\\/\"},{\"@type\":\"ListItem\",\"position\":2,\"name\":\"Confartigianato Imprese Belluno.\u00a0Alimentazione e prevenzione: mangiare bene per stare meglio\"}]},{\"@type\":\"WebSite\",\"@id\":\"https:\\\/\\\/www.bellunopress.it\\\/#website\",\"url\":\"https:\\\/\\\/www.bellunopress.it\\\/\",\"name\":\"Bellunopress - Dolomiti\",\"description\":\"e-mail: redazione@bellunopress.it\",\"publisher\":{\"@id\":\"https:\\\/\\\/www.bellunopress.it\\\/#organization\"},\"potentialAction\":[{\"@type\":\"SearchAction\",\"target\":{\"@type\":\"EntryPoint\",\"urlTemplate\":\"https:\\\/\\\/www.bellunopress.it\\\/?s={search_term_string}\"},\"query-input\":{\"@type\":\"PropertyValueSpecification\",\"valueRequired\":true,\"valueName\":\"search_term_string\"}}],\"inLanguage\":\"fr-FR\"},{\"@type\":\"Organization\",\"@id\":\"https:\\\/\\\/www.bellunopress.it\\\/#organization\",\"name\":\"Bellunopress\",\"url\":\"https:\\\/\\\/www.bellunopress.it\\\/\",\"logo\":{\"@type\":\"ImageObject\",\"inLanguage\":\"fr-FR\",\"@id\":\"https:\\\/\\\/www.bellunopress.it\\\/#\\\/schema\\\/logo\\\/image\\\/\",\"url\":\"https:\\\/\\\/www.bellunopress.it\\\/wp-content\\\/uploads\\\/2011\\\/05\\\/cropped-logo-bellunopress-.jpg\",\"contentUrl\":\"https:\\\/\\\/www.bellunopress.it\\\/wp-content\\\/uploads\\\/2011\\\/05\\\/cropped-logo-bellunopress-.jpg\",\"width\":512,\"height\":512,\"caption\":\"Bellunopress\"},\"image\":{\"@id\":\"https:\\\/\\\/www.bellunopress.it\\\/#\\\/schema\\\/logo\\\/image\\\/\"},\"sameAs\":[\"https:\\\/\\\/www.facebook.com\\\/profile.php?id=100008943462799\",\"https:\\\/\\\/x.com\\\/bellunopress\",\"https:\\\/\\\/www.linkedin.com\\\/hp\\\/?dnr=JBzUWaJfMUw8vbXJJ2tVW5-I3jZKvC4wsoxE&amp;amp;amp;amp;amp;amp;trk=nav_responsive_tab_home\",\"https:\\\/\\\/www.youtube.com\\\/channel\\\/UCxL0wu1uN0_3_7hGG0306cw\"]},{\"@type\":\"Person\",\"@id\":\"https:\\\/\\\/www.bellunopress.it\\\/#\\\/schema\\\/person\\\/79bb06722b37ece1c03d3e94beb30d73\",\"name\":\"redazione\",\"image\":{\"@type\":\"ImageObject\",\"inLanguage\":\"fr-FR\",\"@id\":\"https:\\\/\\\/secure.gravatar.com\\\/avatar\\\/37d968a2e67a6fd04c169c4bdef102d0bc5d31b2546345219e348575eb80e9a0?s=96&d=mm&r=g\",\"url\":\"https:\\\/\\\/secure.gravatar.com\\\/avatar\\\/37d968a2e67a6fd04c169c4bdef102d0bc5d31b2546345219e348575eb80e9a0?s=96&d=mm&r=g\",\"contentUrl\":\"https:\\\/\\\/secure.gravatar.com\\\/avatar\\\/37d968a2e67a6fd04c169c4bdef102d0bc5d31b2546345219e348575eb80e9a0?s=96&d=mm&r=g\",\"caption\":\"redazione\"},\"sameAs\":[\"http:\\\/\\\/www.bellunopress.it\",\"https:\\\/\\\/x.com\\\/bellunopress\"],\"url\":\"https:\\\/\\\/www.bellunopress.it\\\/fr\\\/author\\\/redazione\\\/\"}]}<\/script>\n<!-- \/ Yoast SEO plugin. -->","yoast_head_json":{"title":"Confartigianato Imprese Belluno.\u00a0Alimentazione e prevenzione: mangiare bene per stare meglio - Bellunopress - Dolomiti","robots":{"index":"index","follow":"follow","max-snippet":"max-snippet:-1","max-image-preview":"max-image-preview:large","max-video-preview":"max-video-preview:-1"},"canonical":"https:\/\/www.bellunopress.it\/fr\/2025\/10\/21\/confartigianato-imprese-belluno-alimentazione-e-prevenzione-mangiare-bene-per-stare-meglio\/","og_locale":"fr_FR","og_type":"article","og_title":"Confartigianato Imprese Belluno.\u00a0Alimentazione e prevenzione: mangiare bene per stare meglio - Bellunopress - Dolomiti","og_description":"Parte da Belluno il nuovo progetto promosso dal presidente dalla Federazione alimentazione di Confartigianato, l&#8217;alpagoto Cristiano Gaggion, con il primo incontro sul tema prevenzione e stili di vita organizzato da Confartigianato Imprese Belluno, moderato dal direttore Michele Basso. &#8220;In consiglio nazionale \u00e8 nata l&#8217;idea di una serie di incontri \u2013 spiega Cristiano Gaggion &#8211; per [&hellip;]","og_url":"https:\/\/www.bellunopress.it\/fr\/2025\/10\/21\/confartigianato-imprese-belluno-alimentazione-e-prevenzione-mangiare-bene-per-stare-meglio\/","og_site_name":"Bellunopress - Dolomiti","article_publisher":"https:\/\/www.facebook.com\/profile.php?id=100008943462799","article_published_time":"2025-10-21T13:03:28+00:00","og_image":[{"width":800,"height":568,"url":"https:\/\/www.bellunopress.it\/wp-content\/uploads\/2025\/10\/Confartigianato-Belluno-Convegno-Alimentazione_edited.jpg","type":"image\/jpeg"}],"author":"redazione","twitter_card":"summary_large_image","twitter_creator":"@bellunopress","twitter_site":"@bellunopress","twitter_misc":{"\u00c9crit par":"redazione","Dur\u00e9e de lecture estim\u00e9e":"4 minutes"},"schema":{"@context":"https:\/\/schema.org","@graph":[{"@type":"Article","@id":"https:\/\/www.bellunopress.it\/2025\/10\/21\/confartigianato-imprese-belluno-alimentazione-e-prevenzione-mangiare-bene-per-stare-meglio\/#article","isPartOf":{"@id":"https:\/\/www.bellunopress.it\/2025\/10\/21\/confartigianato-imprese-belluno-alimentazione-e-prevenzione-mangiare-bene-per-stare-meglio\/"},"author":{"name":"redazione","@id":"https:\/\/www.bellunopress.it\/#\/schema\/person\/79bb06722b37ece1c03d3e94beb30d73"},"headline":"Confartigianato Imprese Belluno.\u00a0Alimentazione e prevenzione: mangiare bene per stare meglio","datePublished":"2025-10-21T13:03:28+00:00","mainEntityOfPage":{"@id":"https:\/\/www.bellunopress.it\/2025\/10\/21\/confartigianato-imprese-belluno-alimentazione-e-prevenzione-mangiare-bene-per-stare-meglio\/"},"wordCount":924,"publisher":{"@id":"https:\/\/www.bellunopress.it\/#organization"},"image":{"@id":"https:\/\/www.bellunopress.it\/2025\/10\/21\/confartigianato-imprese-belluno-alimentazione-e-prevenzione-mangiare-bene-per-stare-meglio\/#primaryimage"},"thumbnailUrl":"https:\/\/www.bellunopress.it\/wp-content\/uploads\/2025\/10\/Confartigianato-Belluno-Convegno-Alimentazione_edited.jpg","articleSection":["Prima Pagina","Sanit\u00e0 Medicina","Societ\u00e0, Associazioni, Istituzioni"],"inLanguage":"fr-FR"},{"@type":"WebPage","@id":"https:\/\/www.bellunopress.it\/2025\/10\/21\/confartigianato-imprese-belluno-alimentazione-e-prevenzione-mangiare-bene-per-stare-meglio\/","url":"https:\/\/www.bellunopress.it\/2025\/10\/21\/confartigianato-imprese-belluno-alimentazione-e-prevenzione-mangiare-bene-per-stare-meglio\/","name":"Confartigianato Imprese Belluno.\u00a0Alimentazione e prevenzione: mangiare bene per stare meglio - Bellunopress - Dolomiti","isPartOf":{"@id":"https:\/\/www.bellunopress.it\/#website"},"primaryImageOfPage":{"@id":"https:\/\/www.bellunopress.it\/2025\/10\/21\/confartigianato-imprese-belluno-alimentazione-e-prevenzione-mangiare-bene-per-stare-meglio\/#primaryimage"},"image":{"@id":"https:\/\/www.bellunopress.it\/2025\/10\/21\/confartigianato-imprese-belluno-alimentazione-e-prevenzione-mangiare-bene-per-stare-meglio\/#primaryimage"},"thumbnailUrl":"https:\/\/www.bellunopress.it\/wp-content\/uploads\/2025\/10\/Confartigianato-Belluno-Convegno-Alimentazione_edited.jpg","datePublished":"2025-10-21T13:03:28+00:00","breadcrumb":{"@id":"https:\/\/www.bellunopress.it\/2025\/10\/21\/confartigianato-imprese-belluno-alimentazione-e-prevenzione-mangiare-bene-per-stare-meglio\/#breadcrumb"},"inLanguage":"fr-FR","potentialAction":[{"@type":"ReadAction","target":["https:\/\/www.bellunopress.it\/2025\/10\/21\/confartigianato-imprese-belluno-alimentazione-e-prevenzione-mangiare-bene-per-stare-meglio\/"]}]},{"@type":"ImageObject","inLanguage":"fr-FR","@id":"https:\/\/www.bellunopress.it\/2025\/10\/21\/confartigianato-imprese-belluno-alimentazione-e-prevenzione-mangiare-bene-per-stare-meglio\/#primaryimage","url":"https:\/\/www.bellunopress.it\/wp-content\/uploads\/2025\/10\/Confartigianato-Belluno-Convegno-Alimentazione_edited.jpg","contentUrl":"https:\/\/www.bellunopress.it\/wp-content\/uploads\/2025\/10\/Confartigianato-Belluno-Convegno-Alimentazione_edited.jpg","width":800,"height":568},{"@type":"BreadcrumbList","@id":"https:\/\/www.bellunopress.it\/2025\/10\/21\/confartigianato-imprese-belluno-alimentazione-e-prevenzione-mangiare-bene-per-stare-meglio\/#breadcrumb","itemListElement":[{"@type":"ListItem","position":1,"name":"Home","item":"https:\/\/www.bellunopress.it\/"},{"@type":"ListItem","position":2,"name":"Confartigianato Imprese Belluno.\u00a0Alimentazione e prevenzione: mangiare bene per stare meglio"}]},{"@type":"WebSite","@id":"https:\/\/www.bellunopress.it\/#website","url":"https:\/\/www.bellunopress.it\/","name":"Bellunopress - Dolomiti","description":"e-mail: redazione@bellunopress.it","publisher":{"@id":"https:\/\/www.bellunopress.it\/#organization"},"potentialAction":[{"@type":"SearchAction","target":{"@type":"EntryPoint","urlTemplate":"https:\/\/www.bellunopress.it\/?s={search_term_string}"},"query-input":{"@type":"PropertyValueSpecification","valueRequired":true,"valueName":"search_term_string"}}],"inLanguage":"fr-FR"},{"@type":"Organization","@id":"https:\/\/www.bellunopress.it\/#organization","name":"Bellunopress","url":"https:\/\/www.bellunopress.it\/","logo":{"@type":"ImageObject","inLanguage":"fr-FR","@id":"https:\/\/www.bellunopress.it\/#\/schema\/logo\/image\/","url":"https:\/\/www.bellunopress.it\/wp-content\/uploads\/2011\/05\/cropped-logo-bellunopress-.jpg","contentUrl":"https:\/\/www.bellunopress.it\/wp-content\/uploads\/2011\/05\/cropped-logo-bellunopress-.jpg","width":512,"height":512,"caption":"Bellunopress"},"image":{"@id":"https:\/\/www.bellunopress.it\/#\/schema\/logo\/image\/"},"sameAs":["https:\/\/www.facebook.com\/profile.php?id=100008943462799","https:\/\/x.com\/bellunopress","https:\/\/www.linkedin.com\/hp\/?dnr=JBzUWaJfMUw8vbXJJ2tVW5-I3jZKvC4wsoxE&amp;amp;amp;amp;amp;amp;trk=nav_responsive_tab_home","https:\/\/www.youtube.com\/channel\/UCxL0wu1uN0_3_7hGG0306cw"]},{"@type":"Person","@id":"https:\/\/www.bellunopress.it\/#\/schema\/person\/79bb06722b37ece1c03d3e94beb30d73","name":"r\u00e9daction","image":{"@type":"ImageObject","inLanguage":"fr-FR","@id":"https:\/\/secure.gravatar.com\/avatar\/37d968a2e67a6fd04c169c4bdef102d0bc5d31b2546345219e348575eb80e9a0?s=96&d=mm&r=g","url":"https:\/\/secure.gravatar.com\/avatar\/37d968a2e67a6fd04c169c4bdef102d0bc5d31b2546345219e348575eb80e9a0?s=96&d=mm&r=g","contentUrl":"https:\/\/secure.gravatar.com\/avatar\/37d968a2e67a6fd04c169c4bdef102d0bc5d31b2546345219e348575eb80e9a0?s=96&d=mm&r=g","caption":"redazione"},"sameAs":["http:\/\/www.bellunopress.it","https:\/\/x.com\/bellunopress"],"url":"https:\/\/www.bellunopress.it\/fr\/author\/redazione\/"}]}},"_links":{"self":[{"href":"https:\/\/www.bellunopress.it\/fr\/wp-json\/wp\/v2\/posts\/164275","targetHints":{"allow":["GET"]}}],"collection":[{"href":"https:\/\/www.bellunopress.it\/fr\/wp-json\/wp\/v2\/posts"}],"about":[{"href":"https:\/\/www.bellunopress.it\/fr\/wp-json\/wp\/v2\/types\/post"}],"author":[{"embeddable":true,"href":"https:\/\/www.bellunopress.it\/fr\/wp-json\/wp\/v2\/users\/2"}],"replies":[{"embeddable":true,"href":"https:\/\/www.bellunopress.it\/fr\/wp-json\/wp\/v2\/comments?post=164275"}],"version-history":[{"count":1,"href":"https:\/\/www.bellunopress.it\/fr\/wp-json\/wp\/v2\/posts\/164275\/revisions"}],"predecessor-version":[{"id":164277,"href":"https:\/\/www.bellunopress.it\/fr\/wp-json\/wp\/v2\/posts\/164275\/revisions\/164277"}],"wp:featuredmedia":[{"embeddable":true,"href":"https:\/\/www.bellunopress.it\/fr\/wp-json\/wp\/v2\/media\/164276"}],"wp:attachment":[{"href":"https:\/\/www.bellunopress.it\/fr\/wp-json\/wp\/v2\/media?parent=164275"}],"wp:term":[{"taxonomy":"category","embeddable":true,"href":"https:\/\/www.bellunopress.it\/fr\/wp-json\/wp\/v2\/categories?post=164275"},{"taxonomy":"post_tag","embeddable":true,"href":"https:\/\/www.bellunopress.it\/fr\/wp-json\/wp\/v2\/tags?post=164275"}],"curies":[{"name":"wp","href":"https:\/\/api.w.org\/{rel}","templated":true}]}}