{"id":164251,"date":"2025-10-21T09:01:20","date_gmt":"2025-10-21T07:01:20","guid":{"rendered":"https:\/\/www.bellunopress.it\/?p=164251"},"modified":"2025-10-20T20:44:48","modified_gmt":"2025-10-20T18:44:48","slug":"demenza-convegno-a-palazzo-bianco-di-feltre-in-sala-rustici-venerdi-mattina","status":"publish","type":"post","link":"https:\/\/www.bellunopress.it\/fr\/2025\/10\/21\/demenza-convegno-a-palazzo-bianco-di-feltre-in-sala-rustici-venerdi-mattina\/","title":{"rendered":"Demenza. Convegno a Palazzo Bianco di Feltre, in Sala Rustici, venerd\u00ec mattina"},"content":{"rendered":"<figure id=\"attachment_129217\" aria-describedby=\"caption-attachment-129217\" style=\"width: 512px\" class=\"wp-caption aligncenter\"><img loading=\"lazy\" decoding=\"async\" class=\"size-full wp-image-129217\" src=\"https:\/\/www.bellunopress.it\/wp-content\/uploads\/2021\/11\/Azienda-feltrina-servizi-alla-persona_edited.jpg\" alt=\"\" width=\"512\" height=\"384\" srcset=\"https:\/\/www.bellunopress.it\/wp-content\/uploads\/2021\/11\/Azienda-feltrina-servizi-alla-persona_edited.jpg 512w, https:\/\/www.bellunopress.it\/wp-content\/uploads\/2021\/11\/Azienda-feltrina-servizi-alla-persona_edited-500x375.jpg 500w, https:\/\/www.bellunopress.it\/wp-content\/uploads\/2021\/11\/Azienda-feltrina-servizi-alla-persona_edited-80x60.jpg 80w, https:\/\/www.bellunopress.it\/wp-content\/uploads\/2021\/11\/Azienda-feltrina-servizi-alla-persona_edited-265x198.jpg 265w\" sizes=\"auto, (max-width: 512px) 100vw, 512px\" \/><figcaption id=\"caption-attachment-129217\" class=\"wp-caption-text\">Azienda Feltrina Servizi alla Persona<\/figcaption><\/figure>\n<p><strong>Costruiamo una comunit\u00e0 amica della persona con demenza<\/strong>.<br \/>\nCreare una rete di cittadini consapevoli che sappiano ascoltare e rapportarsi in modo corretto alla persona con demenza per farla sentire parte attiva della comunit\u00e0, avviando un repentino e graduale percorso di cambiamento che renda la citt\u00e0, con i suoi spazi, iniziative e relazioni sociali pienamente accessibile e fruibile senza escludere, stigmatizzare e isolare le fasce deboli della popolazione.<\/p>\n<p>\u00c8 questo lo scopo del convegno Costruiamo una comunit\u00e0 amica della persona con demenza, promosso dall\u2019Azienda Feltrina per i Servizi alla Persona, che si terr\u00e0 venerd\u00ec 24 ottobre 2025 dalle ore 9.00 alle ore 12.30 presso la suggestiva Sala Luciani Rustici di Palazzo Bianco, in via Ligont 4.<\/p>\n<p>Dopo i saluti istituzionali, ad aprire i lavori l\u2019intervento del Dr. Carlo Gabelli, medico, ricercatore presso l\u2019Azienda Ospedale e Universit\u00e0 degli Studi di Padova e fino allo scorso maggio responsabile del Centro Regionale per lo studio e la Cura dell\u2019Invecchiamento Cerebrale (CRIC), che porr\u00e0 l\u2019attenzione sull\u2019importanza di umanizzare le cure rivolte alle persone affette da Alzheimer e altre demenze, attraverso la predisposizione di un sistema integrato per la diagnosi, la presa in cura, la continuit\u00e0 assistenziale, l\u2019informazione e il sostegno al paziente e alla sua famiglia nelle diverse fasi della patologia e, pi\u00f9 in generale, nei differenti contesti di vita quotidiana.<\/p>\n<p>A seguire il Dott. Maurizio Gallucci, specialista in Geriatra presso il Centro per la Memoria<br \/>\ndell\u2019Ospedale Giovanni XXIII a Monastier di Treviso, Professore a contratto presso Sapienza<br \/>\nUniversit\u00e0 di Roma e gi\u00e0 Direttore del Centro per i Disturbi Cognitivi e le Demenze (CDCD)<br \/>\ndell\u2019Azienda ULSS 2 Marca Trevigiana, che si soffermer\u00e0 sull\u2019attivit\u00e0 di prevenzione e cura del Decadimento Cognitivo nel Trevigiano.<br \/>\nLa Dr. Roberta Padoan, neurologa dell\u2019Azienda ULSS 1 Dolomiti fornir\u00e0 un\u2019ampia disamina in merito al supporto alla persona con demenza e ai suoi familiari, mettendo in risalto l\u2019esperienza portata avanti dal CDCD dell\u2019AULSS1 Dolomiti.<\/p>\n<p>Dopo una breve pausa seguita da un Coffee Break, la Dott.ssa Elena Galiano, psicologa dell\u2019Azienda Feltrina per i Servizi alla Persona e presso Ser.S.A. Servizi Sociali Assistenziali S.r.l. \u2013 Casa di Riposo di Belluno, fornir\u00e0 un\u2019ampia disamina del programma formativo demenze promosso dall\u2019Azienda Feltrina per i Servizi alla Persona, destinato a fornire competenze e conoscenze sulla corretta gestione e assistenza delle persone con difficolt\u00e0 cognitive conclamate, rivolto in primis agli operatori sanitari e sociosanitari.<\/p>\n<p>A trarre le conclusioni per poi lasciare ampio spazio ad un significativo momento di confronto e scambio di opinioni, il Dott. Paolo Battocchio, Direttore Generale della Casa di Soggiorno Rosa e Ettore Mione \u2013 Valbelluna Servizi S.r.l. e la Dott.ssa Valentina De Marchi, antropologa culturale, Film Maker ed educatrice museale, che nei loro interventi si soffermeranno sulla presentazione dei vari progetti inerenti la promozione dell\u2019Invecchiamento Attivo, definito dall\u2019Organizzazione Mondiale della Sanit\u00e0 (OMS) come \u201cil processo di ottimizzazione delle opportunit\u00e0 di salute, partecipazione e sicurezza per migliorare la qualit\u00e0 della vita delle persone anziane, e gli effetti benefici sulla salute fisica e mentale.<br \/>\nModera il tavolo di lavoro la Dott.ssa Annalisa Basso, attuale Direttrice dell\u2019Azienda Feltrina per i Servizi alla Persona, con alle spalle una carriera trentennale nella Pubblica Amministrazione.<br \/>\nUn\u2019importante occasione di dialogo per porre in essere un primo solco di azioni e iniziative concrete volte a migliorare il benessere e la qualit\u00e0 della vita delle persone con demenza e dei loro familiari (Caregiver), allo scopo di iniziare a costruire \u201cmattone dopo mattone\u201d una comunit\u00e0 attiva e partecipe, che sappia ascoltare, accogliere, comprendere e coinvolgere i soggetti pi\u00f9 fragili, promuovendo al contempo una maggiore conoscenza della malattia come strumento per ridurre l\u2019emarginazione e il pregiudizio sociale.<\/p>","protected":false},"excerpt":{"rendered":"<p>Costruiamo una comunit\u00e0 amica della persona con demenza. Creare una rete di cittadini consapevoli che sappiano ascoltare e rapportarsi in modo corretto alla persona con demenza per farla sentire parte attiva della comunit\u00e0, avviando un repentino e graduale percorso di cambiamento che renda la citt\u00e0, con i suoi spazi, iniziative e relazioni sociali pienamente accessibile [&hellip;]<\/p>\n","protected":false},"author":2,"featured_media":129217,"comment_status":"closed","ping_status":"open","sticky":false,"template":"","format":"standard","meta":{"footnotes":""},"categories":[17,8],"tags":[],"class_list":["post-164251","post","type-post","status-publish","format-standard","has-post-thumbnail","category-sanita","category-societa-istituzioni"],"yoast_head":"<!-- This site is optimized with the Yoast SEO plugin v28.4 - https:\/\/yoast.com\/product\/yoast-seo-wordpress\/ -->\n<title>Demenza. Convegno a Palazzo Bianco di Feltre, in Sala Rustici, venerd\u00ec mattina - Bellunopress - Dolomiti<\/title>\n<meta name=\"robots\" content=\"index, follow, max-snippet:-1, max-image-preview:large, max-video-preview:-1\" \/>\n<link rel=\"canonical\" href=\"https:\/\/www.bellunopress.it\/fr\/2025\/10\/21\/demenza-convegno-a-palazzo-bianco-di-feltre-in-sala-rustici-venerdi-mattina\/\" \/>\n<meta property=\"og:locale\" content=\"fr_FR\" \/>\n<meta property=\"og:type\" content=\"article\" \/>\n<meta property=\"og:title\" content=\"Demenza. Convegno a Palazzo Bianco di Feltre, in Sala Rustici, venerd\u00ec mattina - Bellunopress - Dolomiti\" \/>\n<meta property=\"og:description\" content=\"Costruiamo una comunit\u00e0 amica della persona con demenza. Creare una rete di cittadini consapevoli che sappiano ascoltare e rapportarsi in modo corretto alla persona con demenza per farla sentire parte attiva della comunit\u00e0, avviando un repentino e graduale percorso di cambiamento che renda la citt\u00e0, con i suoi spazi, iniziative e relazioni sociali pienamente accessibile [&hellip;]\" \/>\n<meta property=\"og:url\" content=\"https:\/\/www.bellunopress.it\/fr\/2025\/10\/21\/demenza-convegno-a-palazzo-bianco-di-feltre-in-sala-rustici-venerdi-mattina\/\" \/>\n<meta property=\"og:site_name\" content=\"Bellunopress - Dolomiti\" \/>\n<meta property=\"article:publisher\" content=\"https:\/\/www.facebook.com\/profile.php?id=100008943462799\" \/>\n<meta property=\"article:published_time\" content=\"2025-10-21T07:01:20+00:00\" \/>\n<meta property=\"og:image\" content=\"https:\/\/www.bellunopress.it\/wp-content\/uploads\/2021\/11\/Azienda-feltrina-servizi-alla-persona_edited.jpg\" \/>\n\t<meta property=\"og:image:width\" content=\"512\" \/>\n\t<meta property=\"og:image:height\" content=\"384\" \/>\n\t<meta property=\"og:image:type\" content=\"image\/jpeg\" \/>\n<meta name=\"author\" content=\"redazione\" \/>\n<meta name=\"twitter:card\" content=\"summary_large_image\" \/>\n<meta name=\"twitter:creator\" content=\"@bellunopress\" \/>\n<meta name=\"twitter:site\" content=\"@bellunopress\" \/>\n<meta name=\"twitter:label1\" content=\"\u00c9crit par\" \/>\n\t<meta name=\"twitter:data1\" content=\"redazione\" \/>\n\t<meta name=\"twitter:label2\" content=\"Dur\u00e9e de lecture estim\u00e9e\" \/>\n\t<meta name=\"twitter:data2\" content=\"3 minutes\" \/>\n<script type=\"application\/ld+json\" class=\"yoast-schema-graph\">{\"@context\":\"https:\\\/\\\/schema.org\",\"@graph\":[{\"@type\":\"Article\",\"@id\":\"https:\\\/\\\/www.bellunopress.it\\\/2025\\\/10\\\/21\\\/demenza-convegno-a-palazzo-bianco-di-feltre-in-sala-rustici-venerdi-mattina\\\/#article\",\"isPartOf\":{\"@id\":\"https:\\\/\\\/www.bellunopress.it\\\/2025\\\/10\\\/21\\\/demenza-convegno-a-palazzo-bianco-di-feltre-in-sala-rustici-venerdi-mattina\\\/\"},\"author\":{\"name\":\"redazione\",\"@id\":\"https:\\\/\\\/www.bellunopress.it\\\/#\\\/schema\\\/person\\\/79bb06722b37ece1c03d3e94beb30d73\"},\"headline\":\"Demenza. Convegno a Palazzo Bianco di Feltre, in Sala Rustici, venerd\u00ec mattina\",\"datePublished\":\"2025-10-21T07:01:20+00:00\",\"mainEntityOfPage\":{\"@id\":\"https:\\\/\\\/www.bellunopress.it\\\/2025\\\/10\\\/21\\\/demenza-convegno-a-palazzo-bianco-di-feltre-in-sala-rustici-venerdi-mattina\\\/\"},\"wordCount\":636,\"publisher\":{\"@id\":\"https:\\\/\\\/www.bellunopress.it\\\/#organization\"},\"image\":{\"@id\":\"https:\\\/\\\/www.bellunopress.it\\\/2025\\\/10\\\/21\\\/demenza-convegno-a-palazzo-bianco-di-feltre-in-sala-rustici-venerdi-mattina\\\/#primaryimage\"},\"thumbnailUrl\":\"https:\\\/\\\/www.bellunopress.it\\\/wp-content\\\/uploads\\\/2021\\\/11\\\/Azienda-feltrina-servizi-alla-persona_edited.jpg\",\"articleSection\":[\"Sanit\u00e0 Medicina\",\"Societ\u00e0, Associazioni, Istituzioni\"],\"inLanguage\":\"fr-FR\"},{\"@type\":\"WebPage\",\"@id\":\"https:\\\/\\\/www.bellunopress.it\\\/2025\\\/10\\\/21\\\/demenza-convegno-a-palazzo-bianco-di-feltre-in-sala-rustici-venerdi-mattina\\\/\",\"url\":\"https:\\\/\\\/www.bellunopress.it\\\/2025\\\/10\\\/21\\\/demenza-convegno-a-palazzo-bianco-di-feltre-in-sala-rustici-venerdi-mattina\\\/\",\"name\":\"Demenza. Convegno a Palazzo Bianco di Feltre, in Sala Rustici, venerd\u00ec mattina - Bellunopress - Dolomiti\",\"isPartOf\":{\"@id\":\"https:\\\/\\\/www.bellunopress.it\\\/#website\"},\"primaryImageOfPage\":{\"@id\":\"https:\\\/\\\/www.bellunopress.it\\\/2025\\\/10\\\/21\\\/demenza-convegno-a-palazzo-bianco-di-feltre-in-sala-rustici-venerdi-mattina\\\/#primaryimage\"},\"image\":{\"@id\":\"https:\\\/\\\/www.bellunopress.it\\\/2025\\\/10\\\/21\\\/demenza-convegno-a-palazzo-bianco-di-feltre-in-sala-rustici-venerdi-mattina\\\/#primaryimage\"},\"thumbnailUrl\":\"https:\\\/\\\/www.bellunopress.it\\\/wp-content\\\/uploads\\\/2021\\\/11\\\/Azienda-feltrina-servizi-alla-persona_edited.jpg\",\"datePublished\":\"2025-10-21T07:01:20+00:00\",\"breadcrumb\":{\"@id\":\"https:\\\/\\\/www.bellunopress.it\\\/2025\\\/10\\\/21\\\/demenza-convegno-a-palazzo-bianco-di-feltre-in-sala-rustici-venerdi-mattina\\\/#breadcrumb\"},\"inLanguage\":\"fr-FR\",\"potentialAction\":[{\"@type\":\"ReadAction\",\"target\":[\"https:\\\/\\\/www.bellunopress.it\\\/2025\\\/10\\\/21\\\/demenza-convegno-a-palazzo-bianco-di-feltre-in-sala-rustici-venerdi-mattina\\\/\"]}]},{\"@type\":\"ImageObject\",\"inLanguage\":\"fr-FR\",\"@id\":\"https:\\\/\\\/www.bellunopress.it\\\/2025\\\/10\\\/21\\\/demenza-convegno-a-palazzo-bianco-di-feltre-in-sala-rustici-venerdi-mattina\\\/#primaryimage\",\"url\":\"https:\\\/\\\/www.bellunopress.it\\\/wp-content\\\/uploads\\\/2021\\\/11\\\/Azienda-feltrina-servizi-alla-persona_edited.jpg\",\"contentUrl\":\"https:\\\/\\\/www.bellunopress.it\\\/wp-content\\\/uploads\\\/2021\\\/11\\\/Azienda-feltrina-servizi-alla-persona_edited.jpg\",\"width\":512,\"height\":384,\"caption\":\"Azienda Feltrina Servizi alla Persona\"},{\"@type\":\"BreadcrumbList\",\"@id\":\"https:\\\/\\\/www.bellunopress.it\\\/2025\\\/10\\\/21\\\/demenza-convegno-a-palazzo-bianco-di-feltre-in-sala-rustici-venerdi-mattina\\\/#breadcrumb\",\"itemListElement\":[{\"@type\":\"ListItem\",\"position\":1,\"name\":\"Home\",\"item\":\"https:\\\/\\\/www.bellunopress.it\\\/\"},{\"@type\":\"ListItem\",\"position\":2,\"name\":\"Demenza. Convegno a Palazzo Bianco di Feltre, in Sala Rustici, venerd\u00ec mattina\"}]},{\"@type\":\"WebSite\",\"@id\":\"https:\\\/\\\/www.bellunopress.it\\\/#website\",\"url\":\"https:\\\/\\\/www.bellunopress.it\\\/\",\"name\":\"Bellunopress - Dolomiti\",\"description\":\"e-mail: redazione@bellunopress.it\",\"publisher\":{\"@id\":\"https:\\\/\\\/www.bellunopress.it\\\/#organization\"},\"potentialAction\":[{\"@type\":\"SearchAction\",\"target\":{\"@type\":\"EntryPoint\",\"urlTemplate\":\"https:\\\/\\\/www.bellunopress.it\\\/?s={search_term_string}\"},\"query-input\":{\"@type\":\"PropertyValueSpecification\",\"valueRequired\":true,\"valueName\":\"search_term_string\"}}],\"inLanguage\":\"fr-FR\"},{\"@type\":\"Organization\",\"@id\":\"https:\\\/\\\/www.bellunopress.it\\\/#organization\",\"name\":\"Bellunopress\",\"url\":\"https:\\\/\\\/www.bellunopress.it\\\/\",\"logo\":{\"@type\":\"ImageObject\",\"inLanguage\":\"fr-FR\",\"@id\":\"https:\\\/\\\/www.bellunopress.it\\\/#\\\/schema\\\/logo\\\/image\\\/\",\"url\":\"https:\\\/\\\/www.bellunopress.it\\\/wp-content\\\/uploads\\\/2011\\\/05\\\/cropped-logo-bellunopress-.jpg\",\"contentUrl\":\"https:\\\/\\\/www.bellunopress.it\\\/wp-content\\\/uploads\\\/2011\\\/05\\\/cropped-logo-bellunopress-.jpg\",\"width\":512,\"height\":512,\"caption\":\"Bellunopress\"},\"image\":{\"@id\":\"https:\\\/\\\/www.bellunopress.it\\\/#\\\/schema\\\/logo\\\/image\\\/\"},\"sameAs\":[\"https:\\\/\\\/www.facebook.com\\\/profile.php?id=100008943462799\",\"https:\\\/\\\/x.com\\\/bellunopress\",\"https:\\\/\\\/www.linkedin.com\\\/hp\\\/?dnr=JBzUWaJfMUw8vbXJJ2tVW5-I3jZKvC4wsoxE&amp;amp;amp;amp;amp;amp;trk=nav_responsive_tab_home\",\"https:\\\/\\\/www.youtube.com\\\/channel\\\/UCxL0wu1uN0_3_7hGG0306cw\"]},{\"@type\":\"Person\",\"@id\":\"https:\\\/\\\/www.bellunopress.it\\\/#\\\/schema\\\/person\\\/79bb06722b37ece1c03d3e94beb30d73\",\"name\":\"redazione\",\"image\":{\"@type\":\"ImageObject\",\"inLanguage\":\"fr-FR\",\"@id\":\"https:\\\/\\\/secure.gravatar.com\\\/avatar\\\/37d968a2e67a6fd04c169c4bdef102d0bc5d31b2546345219e348575eb80e9a0?s=96&d=mm&r=g\",\"url\":\"https:\\\/\\\/secure.gravatar.com\\\/avatar\\\/37d968a2e67a6fd04c169c4bdef102d0bc5d31b2546345219e348575eb80e9a0?s=96&d=mm&r=g\",\"contentUrl\":\"https:\\\/\\\/secure.gravatar.com\\\/avatar\\\/37d968a2e67a6fd04c169c4bdef102d0bc5d31b2546345219e348575eb80e9a0?s=96&d=mm&r=g\",\"caption\":\"redazione\"},\"sameAs\":[\"http:\\\/\\\/www.bellunopress.it\",\"https:\\\/\\\/x.com\\\/bellunopress\"],\"url\":\"https:\\\/\\\/www.bellunopress.it\\\/fr\\\/author\\\/redazione\\\/\"}]}<\/script>\n<!-- \/ Yoast SEO plugin. -->","yoast_head_json":{"title":"Demenza. Convegno a Palazzo Bianco di Feltre, in Sala Rustici, venerd\u00ec mattina - Bellunopress - Dolomiti","robots":{"index":"index","follow":"follow","max-snippet":"max-snippet:-1","max-image-preview":"max-image-preview:large","max-video-preview":"max-video-preview:-1"},"canonical":"https:\/\/www.bellunopress.it\/fr\/2025\/10\/21\/demenza-convegno-a-palazzo-bianco-di-feltre-in-sala-rustici-venerdi-mattina\/","og_locale":"fr_FR","og_type":"article","og_title":"Demenza. Convegno a Palazzo Bianco di Feltre, in Sala Rustici, venerd\u00ec mattina - Bellunopress - Dolomiti","og_description":"Costruiamo una comunit\u00e0 amica della persona con demenza. Creare una rete di cittadini consapevoli che sappiano ascoltare e rapportarsi in modo corretto alla persona con demenza per farla sentire parte attiva della comunit\u00e0, avviando un repentino e graduale percorso di cambiamento che renda la citt\u00e0, con i suoi spazi, iniziative e relazioni sociali pienamente accessibile [&hellip;]","og_url":"https:\/\/www.bellunopress.it\/fr\/2025\/10\/21\/demenza-convegno-a-palazzo-bianco-di-feltre-in-sala-rustici-venerdi-mattina\/","og_site_name":"Bellunopress - Dolomiti","article_publisher":"https:\/\/www.facebook.com\/profile.php?id=100008943462799","article_published_time":"2025-10-21T07:01:20+00:00","og_image":[{"width":512,"height":384,"url":"https:\/\/www.bellunopress.it\/wp-content\/uploads\/2021\/11\/Azienda-feltrina-servizi-alla-persona_edited.jpg","type":"image\/jpeg"}],"author":"redazione","twitter_card":"summary_large_image","twitter_creator":"@bellunopress","twitter_site":"@bellunopress","twitter_misc":{"\u00c9crit par":"redazione","Dur\u00e9e de lecture estim\u00e9e":"3 minutes"},"schema":{"@context":"https:\/\/schema.org","@graph":[{"@type":"Article","@id":"https:\/\/www.bellunopress.it\/2025\/10\/21\/demenza-convegno-a-palazzo-bianco-di-feltre-in-sala-rustici-venerdi-mattina\/#article","isPartOf":{"@id":"https:\/\/www.bellunopress.it\/2025\/10\/21\/demenza-convegno-a-palazzo-bianco-di-feltre-in-sala-rustici-venerdi-mattina\/"},"author":{"name":"redazione","@id":"https:\/\/www.bellunopress.it\/#\/schema\/person\/79bb06722b37ece1c03d3e94beb30d73"},"headline":"Demenza. Convegno a Palazzo Bianco di Feltre, in Sala Rustici, venerd\u00ec mattina","datePublished":"2025-10-21T07:01:20+00:00","mainEntityOfPage":{"@id":"https:\/\/www.bellunopress.it\/2025\/10\/21\/demenza-convegno-a-palazzo-bianco-di-feltre-in-sala-rustici-venerdi-mattina\/"},"wordCount":636,"publisher":{"@id":"https:\/\/www.bellunopress.it\/#organization"},"image":{"@id":"https:\/\/www.bellunopress.it\/2025\/10\/21\/demenza-convegno-a-palazzo-bianco-di-feltre-in-sala-rustici-venerdi-mattina\/#primaryimage"},"thumbnailUrl":"https:\/\/www.bellunopress.it\/wp-content\/uploads\/2021\/11\/Azienda-feltrina-servizi-alla-persona_edited.jpg","articleSection":["Sanit\u00e0 Medicina","Societ\u00e0, Associazioni, Istituzioni"],"inLanguage":"fr-FR"},{"@type":"WebPage","@id":"https:\/\/www.bellunopress.it\/2025\/10\/21\/demenza-convegno-a-palazzo-bianco-di-feltre-in-sala-rustici-venerdi-mattina\/","url":"https:\/\/www.bellunopress.it\/2025\/10\/21\/demenza-convegno-a-palazzo-bianco-di-feltre-in-sala-rustici-venerdi-mattina\/","name":"Demenza. Convegno a Palazzo Bianco di Feltre, in Sala Rustici, venerd\u00ec mattina - Bellunopress - Dolomiti","isPartOf":{"@id":"https:\/\/www.bellunopress.it\/#website"},"primaryImageOfPage":{"@id":"https:\/\/www.bellunopress.it\/2025\/10\/21\/demenza-convegno-a-palazzo-bianco-di-feltre-in-sala-rustici-venerdi-mattina\/#primaryimage"},"image":{"@id":"https:\/\/www.bellunopress.it\/2025\/10\/21\/demenza-convegno-a-palazzo-bianco-di-feltre-in-sala-rustici-venerdi-mattina\/#primaryimage"},"thumbnailUrl":"https:\/\/www.bellunopress.it\/wp-content\/uploads\/2021\/11\/Azienda-feltrina-servizi-alla-persona_edited.jpg","datePublished":"2025-10-21T07:01:20+00:00","breadcrumb":{"@id":"https:\/\/www.bellunopress.it\/2025\/10\/21\/demenza-convegno-a-palazzo-bianco-di-feltre-in-sala-rustici-venerdi-mattina\/#breadcrumb"},"inLanguage":"fr-FR","potentialAction":[{"@type":"ReadAction","target":["https:\/\/www.bellunopress.it\/2025\/10\/21\/demenza-convegno-a-palazzo-bianco-di-feltre-in-sala-rustici-venerdi-mattina\/"]}]},{"@type":"ImageObject","inLanguage":"fr-FR","@id":"https:\/\/www.bellunopress.it\/2025\/10\/21\/demenza-convegno-a-palazzo-bianco-di-feltre-in-sala-rustici-venerdi-mattina\/#primaryimage","url":"https:\/\/www.bellunopress.it\/wp-content\/uploads\/2021\/11\/Azienda-feltrina-servizi-alla-persona_edited.jpg","contentUrl":"https:\/\/www.bellunopress.it\/wp-content\/uploads\/2021\/11\/Azienda-feltrina-servizi-alla-persona_edited.jpg","width":512,"height":384,"caption":"Azienda Feltrina Servizi alla Persona"},{"@type":"BreadcrumbList","@id":"https:\/\/www.bellunopress.it\/2025\/10\/21\/demenza-convegno-a-palazzo-bianco-di-feltre-in-sala-rustici-venerdi-mattina\/#breadcrumb","itemListElement":[{"@type":"ListItem","position":1,"name":"Home","item":"https:\/\/www.bellunopress.it\/"},{"@type":"ListItem","position":2,"name":"Demenza. Convegno a Palazzo Bianco di Feltre, in Sala Rustici, venerd\u00ec mattina"}]},{"@type":"WebSite","@id":"https:\/\/www.bellunopress.it\/#website","url":"https:\/\/www.bellunopress.it\/","name":"Bellunopress - Dolomiti","description":"e-mail: redazione@bellunopress.it","publisher":{"@id":"https:\/\/www.bellunopress.it\/#organization"},"potentialAction":[{"@type":"SearchAction","target":{"@type":"EntryPoint","urlTemplate":"https:\/\/www.bellunopress.it\/?s={search_term_string}"},"query-input":{"@type":"PropertyValueSpecification","valueRequired":true,"valueName":"search_term_string"}}],"inLanguage":"fr-FR"},{"@type":"Organization","@id":"https:\/\/www.bellunopress.it\/#organization","name":"Bellunopress","url":"https:\/\/www.bellunopress.it\/","logo":{"@type":"ImageObject","inLanguage":"fr-FR","@id":"https:\/\/www.bellunopress.it\/#\/schema\/logo\/image\/","url":"https:\/\/www.bellunopress.it\/wp-content\/uploads\/2011\/05\/cropped-logo-bellunopress-.jpg","contentUrl":"https:\/\/www.bellunopress.it\/wp-content\/uploads\/2011\/05\/cropped-logo-bellunopress-.jpg","width":512,"height":512,"caption":"Bellunopress"},"image":{"@id":"https:\/\/www.bellunopress.it\/#\/schema\/logo\/image\/"},"sameAs":["https:\/\/www.facebook.com\/profile.php?id=100008943462799","https:\/\/x.com\/bellunopress","https:\/\/www.linkedin.com\/hp\/?dnr=JBzUWaJfMUw8vbXJJ2tVW5-I3jZKvC4wsoxE&amp;amp;amp;amp;amp;amp;trk=nav_responsive_tab_home","https:\/\/www.youtube.com\/channel\/UCxL0wu1uN0_3_7hGG0306cw"]},{"@type":"Person","@id":"https:\/\/www.bellunopress.it\/#\/schema\/person\/79bb06722b37ece1c03d3e94beb30d73","name":"r\u00e9daction","image":{"@type":"ImageObject","inLanguage":"fr-FR","@id":"https:\/\/secure.gravatar.com\/avatar\/37d968a2e67a6fd04c169c4bdef102d0bc5d31b2546345219e348575eb80e9a0?s=96&d=mm&r=g","url":"https:\/\/secure.gravatar.com\/avatar\/37d968a2e67a6fd04c169c4bdef102d0bc5d31b2546345219e348575eb80e9a0?s=96&d=mm&r=g","contentUrl":"https:\/\/secure.gravatar.com\/avatar\/37d968a2e67a6fd04c169c4bdef102d0bc5d31b2546345219e348575eb80e9a0?s=96&d=mm&r=g","caption":"redazione"},"sameAs":["http:\/\/www.bellunopress.it","https:\/\/x.com\/bellunopress"],"url":"https:\/\/www.bellunopress.it\/fr\/author\/redazione\/"}]}},"_links":{"self":[{"href":"https:\/\/www.bellunopress.it\/fr\/wp-json\/wp\/v2\/posts\/164251","targetHints":{"allow":["GET"]}}],"collection":[{"href":"https:\/\/www.bellunopress.it\/fr\/wp-json\/wp\/v2\/posts"}],"about":[{"href":"https:\/\/www.bellunopress.it\/fr\/wp-json\/wp\/v2\/types\/post"}],"author":[{"embeddable":true,"href":"https:\/\/www.bellunopress.it\/fr\/wp-json\/wp\/v2\/users\/2"}],"replies":[{"embeddable":true,"href":"https:\/\/www.bellunopress.it\/fr\/wp-json\/wp\/v2\/comments?post=164251"}],"version-history":[{"count":1,"href":"https:\/\/www.bellunopress.it\/fr\/wp-json\/wp\/v2\/posts\/164251\/revisions"}],"predecessor-version":[{"id":164252,"href":"https:\/\/www.bellunopress.it\/fr\/wp-json\/wp\/v2\/posts\/164251\/revisions\/164252"}],"wp:featuredmedia":[{"embeddable":true,"href":"https:\/\/www.bellunopress.it\/fr\/wp-json\/wp\/v2\/media\/129217"}],"wp:attachment":[{"href":"https:\/\/www.bellunopress.it\/fr\/wp-json\/wp\/v2\/media?parent=164251"}],"wp:term":[{"taxonomy":"category","embeddable":true,"href":"https:\/\/www.bellunopress.it\/fr\/wp-json\/wp\/v2\/categories?post=164251"},{"taxonomy":"post_tag","embeddable":true,"href":"https:\/\/www.bellunopress.it\/fr\/wp-json\/wp\/v2\/tags?post=164251"}],"curies":[{"name":"wp","href":"https:\/\/api.w.org\/{rel}","templated":true}]}}