{"id":164239,"date":"2025-10-20T16:12:52","date_gmt":"2025-10-20T14:12:52","guid":{"rendered":"https:\/\/www.bellunopress.it\/?p=164239"},"modified":"2025-10-20T16:12:52","modified_gmt":"2025-10-20T14:12:52","slug":"belluno-rinasce-il-granaio-di-villa-buzzati-un-nuovo-polo-culturale-per-la-comunita","status":"publish","type":"post","link":"https:\/\/www.bellunopress.it\/fr\/2025\/10\/20\/belluno-rinasce-il-granaio-di-villa-buzzati-un-nuovo-polo-culturale-per-la-comunita\/","title":{"rendered":"Belluno, rinasce il Granaio di Villa Buzzati: un nuovo polo culturale per la comunit\u00e0"},"content":{"rendered":"<p><b><img loading=\"lazy\" decoding=\"async\" class=\"aligncenter size-full wp-image-164240\" src=\"https:\/\/www.bellunopress.it\/wp-content\/uploads\/2025\/10\/riapre-il-granaio-Villa-Buzzati_edited.jpg\" alt=\"\" width=\"800\" height=\"529\" srcset=\"https:\/\/www.bellunopress.it\/wp-content\/uploads\/2025\/10\/riapre-il-granaio-Villa-Buzzati_edited.jpg 800w, https:\/\/www.bellunopress.it\/wp-content\/uploads\/2025\/10\/riapre-il-granaio-Villa-Buzzati_edited-500x331.jpg 500w, https:\/\/www.bellunopress.it\/wp-content\/uploads\/2025\/10\/riapre-il-granaio-Villa-Buzzati_edited-635x420.jpg 635w, https:\/\/www.bellunopress.it\/wp-content\/uploads\/2025\/10\/riapre-il-granaio-Villa-Buzzati_edited-696x460.jpg 696w\" sizes=\"auto, (max-width: 800px) 100vw, 800px\" \/> <img loading=\"lazy\" decoding=\"async\" class=\"aligncenter size-large wp-image-164241\" src=\"https:\/\/www.bellunopress.it\/wp-content\/uploads\/2025\/10\/Sala-Granaio-Villa-Buzzati.jpg\" alt=\"\" width=\"696\" height=\"522\" srcset=\"https:\/\/www.bellunopress.it\/wp-content\/uploads\/2025\/10\/Sala-Granaio-Villa-Buzzati.jpg 800w, https:\/\/www.bellunopress.it\/wp-content\/uploads\/2025\/10\/Sala-Granaio-Villa-Buzzati-500x375.jpg 500w, https:\/\/www.bellunopress.it\/wp-content\/uploads\/2025\/10\/Sala-Granaio-Villa-Buzzati-560x420.jpg 560w, https:\/\/www.bellunopress.it\/wp-content\/uploads\/2025\/10\/Sala-Granaio-Villa-Buzzati-80x60.jpg 80w, https:\/\/www.bellunopress.it\/wp-content\/uploads\/2025\/10\/Sala-Granaio-Villa-Buzzati-696x522.jpg 696w\" sizes=\"auto, (max-width: 696px) 100vw, 696px\" \/>Dopo un importante intervento di ristrutturazione, riapre l&#8217;antico Granaio del &#8216;600 a Belluno, trasformato in un centro polifunzionale e accessibile, custode e promotore di cultura. L&#8217;inaugurazione \u00e8 fissata per sabato 25 ottobre, in via Visome 18, a partire dalle ore 16.<\/b><\/p>\n<p>Belluno, 20 ottobre 2025 <b>&#8211; <\/b>Torna all\u2019antico splendore il caratteristico Granaio di Villa Buzzati, risalente al Seicento. Dopo due anni e mezzo di lavori e un significativo intervento di restauro e rifunzionalizzazione del piano terra, l\u2019edificio riapre le sue porte alla comunit\u00e0 bellunese in una veste completamente nuova: un polo culturale dinamico e inclusivo.<\/p>\n<p>L\u2019intervento \u00e8 stato reso possibile grazie al bando PNRR M1C3 Investimento 2.2, finanziato dall\u2019Unione europea nell\u2019ambito di NextGeneration EU. A Belluno, in via Visome 18, nasce cos\u00ec il Centro Culturale Il Granaio di Villa Buzzati, fortemente voluto e sostenuto da Valentina Morassutti, presidente dell\u2019Associazione Villa Buzzati, San Pellegrino, Il Granaio e discendente di Dino Buzzati (nipote della sorella Nina).<\/p>\n<p>&#8220;Si \u00e8 potuto effettuare un restauro e una rifunzionalizzazione del piano terra dell\u2019edificio, che offrir\u00e0 alla comunit\u00e0 una sala polifunzionale completamente accessibile, adatta a ospitare convegni, videoconferenze, corsi di aggiornamento, eventi, mostre, spettacoli, residenze artistiche e molto altro&#8221;, ha precisato Valentina Morassutti. La nuova sala, ricavata nell&#8217;ex cantina e capace di ospitare fino a 100 persone, si propone come un luogo dove &#8220;raccogliere, custodire e diffondere cultura&#8221;.<\/p>\n<p>L&#8217;obiettivo del nuovo centro \u00e8 ambizioso: creare sinergie tra i poli culturali cittadini, dalla Biblioteca Civica al Museo, e le Associazioni del territorio, ampliando lo sviluppo culturale e sociale con &#8220;nuove e suggestive interconnessioni ad ampio raggio di vedute&#8221;, anche grazie alla crescente popolarit\u00e0 internazionale di Buzzati.<\/p>\n<p>Il progetto di rilancio si inserisce in un contesto di rinnovato interesse per la figura dello scrittore e giornalista del Novecento, grazie anche alla neonata Fondazione Buzzati a Milano e alla stretta collaborazione con le associazioni locali (Associazione Internazionale \/Centro Studi Dino Buzzati di Feltre e Associazione Culturale Villa Buzzati S. Pellegrino di Belluno). Belluno, sottolineano i promotori, deve essere &#8220;soggetto promotore e sostenitore&#8221; per l&#8217;indubbia ricaduta di immagine sull&#8217;intero territorio.<\/p>\n<p>Il Granaio non sar\u00e0 solo uno spazio per eventi, ma anche un luogo per la conservazione e la divulgazione. \u00c8 gi\u00e0 avviato il lavoro di catalogazione per la creazione de &#8220;Il fondo \u2013 granaio di Villa Buzzati&#8221;, che accoglier\u00e0 anche la biblioteca dell\u2019architetto Bruno Morassutti (padre di Valentina e figlio di Nina Buzzati), valorizzandone l&#8217;opera con eventi su architettura, paesaggio e ambiente.<\/p>\n<p><b>Il programma dell&#8217;inaugurazione<\/b><\/p>\n<p>L&#8217;evento di sabato 25 ottobre avr\u00e0 inizio alle ore 16:00 e sar\u00e0 arricchito da momenti culturali e musicali:<\/p>\n<ul>\n<li>Lorenzo Vigan\u00f2, esperto di Buzzati e curatore dell\u2019opera per Mondadori, presenter\u00e0 \u201cle Storie Dipinte\u201d, la nuova edizione di un volume introvabile che unisce le opere pittoriche dello scrittore a piccoli testi che ne narrano la storia.<\/li>\n<li>Enrico Colle, Direttore del Museo Stibbert di Firenze, racconter\u00e0 gli intrecci artistici e letterari che hanno reso unica la storia di Villa Buzzati attraverso il Novecento.<\/li>\n<li>L\u2019atmosfera sar\u00e0 allietata dalle note jazz del nuovo Collettivo Belluno Jazz, con Mos\u00e8 Andrich al piano e Gabriele Tormen al contrabbasso.<\/li>\n<li>Per il catering, saranno presenti i prodotti locali dell\u2019Azienda Agricola Ultracosta di Tambre, con la sua &#8220;agricoltura ribelle, radici profonde&#8221;.<\/li>\n<\/ul>\n<p>La riapertura del Granaio si annuncia come un momento significativo per la vita culturale di Belluno, riallacciandosi alle parole dello stesso Buzzati (dal racconto <i>Plenilunio<\/i>, 1970): &#8220;Questa la casa dove sono nato, questi i prati dove ho imparato a camminare&#8230; Da queste erbe, cespugli, alberi, fossati, viottoli, muri, stanze, corridoi, scale, libri, mobili, fienili, solai, ho ricevuto la prima poesia\u2026&#8221;.<\/p>","protected":false},"excerpt":{"rendered":"<p>Dopo un importante intervento di ristrutturazione, riapre l&#8217;antico Granaio del &#8216;600 a Belluno, trasformato in un centro polifunzionale e accessibile, custode e promotore di cultura. L&#8217;inaugurazione \u00e8 fissata per sabato 25 ottobre, in via Visome 18, a partire dalle ore 16. Belluno, 20 ottobre 2025 &#8211; Torna all\u2019antico splendore il caratteristico Granaio di Villa Buzzati, [&hellip;]<\/p>\n","protected":false},"author":2,"featured_media":164240,"comment_status":"closed","ping_status":"open","sticky":false,"template":"","format":"standard","meta":{"footnotes":""},"categories":[27,3,3446,26],"tags":[],"class_list":["post-164239","post","type-post","status-publish","format-standard","has-post-thumbnail","category-appuntamenti","category-arte-cultura-spettacoli-scienza-archivi","category-featured","category-prima-pagina"],"yoast_head":"<!-- This site is optimized with the Yoast SEO plugin v28.4 - https:\/\/yoast.com\/product\/yoast-seo-wordpress\/ -->\n<title>Belluno, rinasce il Granaio di Villa Buzzati: un nuovo polo culturale per la comunit\u00e0 - Bellunopress - Dolomiti<\/title>\n<meta name=\"robots\" content=\"index, follow, max-snippet:-1, max-image-preview:large, max-video-preview:-1\" \/>\n<link rel=\"canonical\" href=\"https:\/\/www.bellunopress.it\/fr\/2025\/10\/20\/belluno-rinasce-il-granaio-di-villa-buzzati-un-nuovo-polo-culturale-per-la-comunita\/\" \/>\n<meta property=\"og:locale\" content=\"fr_FR\" \/>\n<meta property=\"og:type\" content=\"article\" \/>\n<meta property=\"og:title\" content=\"Belluno, rinasce il Granaio di Villa Buzzati: un nuovo polo culturale per la comunit\u00e0 - Bellunopress - Dolomiti\" \/>\n<meta property=\"og:description\" content=\"Dopo un importante intervento di ristrutturazione, riapre l&#8217;antico Granaio del &#8216;600 a Belluno, trasformato in un centro polifunzionale e accessibile, custode e promotore di cultura. L&#8217;inaugurazione \u00e8 fissata per sabato 25 ottobre, in via Visome 18, a partire dalle ore 16. Belluno, 20 ottobre 2025 &#8211; Torna all\u2019antico splendore il caratteristico Granaio di Villa Buzzati, [&hellip;]\" \/>\n<meta property=\"og:url\" content=\"https:\/\/www.bellunopress.it\/fr\/2025\/10\/20\/belluno-rinasce-il-granaio-di-villa-buzzati-un-nuovo-polo-culturale-per-la-comunita\/\" \/>\n<meta property=\"og:site_name\" content=\"Bellunopress - Dolomiti\" \/>\n<meta property=\"article:publisher\" content=\"https:\/\/www.facebook.com\/profile.php?id=100008943462799\" \/>\n<meta property=\"article:published_time\" content=\"2025-10-20T14:12:52+00:00\" \/>\n<meta property=\"og:image\" content=\"https:\/\/www.bellunopress.it\/wp-content\/uploads\/2025\/10\/riapre-il-granaio-Villa-Buzzati_edited.jpg\" \/>\n\t<meta property=\"og:image:width\" content=\"800\" \/>\n\t<meta property=\"og:image:height\" content=\"529\" \/>\n\t<meta property=\"og:image:type\" content=\"image\/jpeg\" \/>\n<meta name=\"author\" content=\"redazione\" \/>\n<meta name=\"twitter:card\" content=\"summary_large_image\" \/>\n<meta name=\"twitter:creator\" content=\"@bellunopress\" \/>\n<meta name=\"twitter:site\" content=\"@bellunopress\" \/>\n<meta name=\"twitter:label1\" content=\"\u00c9crit par\" \/>\n\t<meta name=\"twitter:data1\" content=\"redazione\" \/>\n\t<meta name=\"twitter:label2\" content=\"Dur\u00e9e de lecture estim\u00e9e\" \/>\n\t<meta name=\"twitter:data2\" content=\"3 minutes\" \/>\n<script type=\"application\/ld+json\" class=\"yoast-schema-graph\">{\"@context\":\"https:\\\/\\\/schema.org\",\"@graph\":[{\"@type\":\"Article\",\"@id\":\"https:\\\/\\\/www.bellunopress.it\\\/2025\\\/10\\\/20\\\/belluno-rinasce-il-granaio-di-villa-buzzati-un-nuovo-polo-culturale-per-la-comunita\\\/#article\",\"isPartOf\":{\"@id\":\"https:\\\/\\\/www.bellunopress.it\\\/2025\\\/10\\\/20\\\/belluno-rinasce-il-granaio-di-villa-buzzati-un-nuovo-polo-culturale-per-la-comunita\\\/\"},\"author\":{\"name\":\"redazione\",\"@id\":\"https:\\\/\\\/www.bellunopress.it\\\/#\\\/schema\\\/person\\\/79bb06722b37ece1c03d3e94beb30d73\"},\"headline\":\"Belluno, rinasce il Granaio di Villa Buzzati: un nuovo polo culturale per la comunit\u00e0\",\"datePublished\":\"2025-10-20T14:12:52+00:00\",\"mainEntityOfPage\":{\"@id\":\"https:\\\/\\\/www.bellunopress.it\\\/2025\\\/10\\\/20\\\/belluno-rinasce-il-granaio-di-villa-buzzati-un-nuovo-polo-culturale-per-la-comunita\\\/\"},\"wordCount\":602,\"publisher\":{\"@id\":\"https:\\\/\\\/www.bellunopress.it\\\/#organization\"},\"image\":{\"@id\":\"https:\\\/\\\/www.bellunopress.it\\\/2025\\\/10\\\/20\\\/belluno-rinasce-il-granaio-di-villa-buzzati-un-nuovo-polo-culturale-per-la-comunita\\\/#primaryimage\"},\"thumbnailUrl\":\"https:\\\/\\\/www.bellunopress.it\\\/wp-content\\\/uploads\\\/2025\\\/10\\\/riapre-il-granaio-Villa-Buzzati_edited.jpg\",\"articleSection\":[\"Appuntamenti, Eventi\",\"Arte, Cultura, Spettacoli, Scienza\",\"Featured\",\"Prima Pagina\"],\"inLanguage\":\"fr-FR\"},{\"@type\":\"WebPage\",\"@id\":\"https:\\\/\\\/www.bellunopress.it\\\/2025\\\/10\\\/20\\\/belluno-rinasce-il-granaio-di-villa-buzzati-un-nuovo-polo-culturale-per-la-comunita\\\/\",\"url\":\"https:\\\/\\\/www.bellunopress.it\\\/2025\\\/10\\\/20\\\/belluno-rinasce-il-granaio-di-villa-buzzati-un-nuovo-polo-culturale-per-la-comunita\\\/\",\"name\":\"Belluno, rinasce il Granaio di Villa Buzzati: un nuovo polo culturale per la comunit\u00e0 - Bellunopress - Dolomiti\",\"isPartOf\":{\"@id\":\"https:\\\/\\\/www.bellunopress.it\\\/#website\"},\"primaryImageOfPage\":{\"@id\":\"https:\\\/\\\/www.bellunopress.it\\\/2025\\\/10\\\/20\\\/belluno-rinasce-il-granaio-di-villa-buzzati-un-nuovo-polo-culturale-per-la-comunita\\\/#primaryimage\"},\"image\":{\"@id\":\"https:\\\/\\\/www.bellunopress.it\\\/2025\\\/10\\\/20\\\/belluno-rinasce-il-granaio-di-villa-buzzati-un-nuovo-polo-culturale-per-la-comunita\\\/#primaryimage\"},\"thumbnailUrl\":\"https:\\\/\\\/www.bellunopress.it\\\/wp-content\\\/uploads\\\/2025\\\/10\\\/riapre-il-granaio-Villa-Buzzati_edited.jpg\",\"datePublished\":\"2025-10-20T14:12:52+00:00\",\"breadcrumb\":{\"@id\":\"https:\\\/\\\/www.bellunopress.it\\\/2025\\\/10\\\/20\\\/belluno-rinasce-il-granaio-di-villa-buzzati-un-nuovo-polo-culturale-per-la-comunita\\\/#breadcrumb\"},\"inLanguage\":\"fr-FR\",\"potentialAction\":[{\"@type\":\"ReadAction\",\"target\":[\"https:\\\/\\\/www.bellunopress.it\\\/2025\\\/10\\\/20\\\/belluno-rinasce-il-granaio-di-villa-buzzati-un-nuovo-polo-culturale-per-la-comunita\\\/\"]}]},{\"@type\":\"ImageObject\",\"inLanguage\":\"fr-FR\",\"@id\":\"https:\\\/\\\/www.bellunopress.it\\\/2025\\\/10\\\/20\\\/belluno-rinasce-il-granaio-di-villa-buzzati-un-nuovo-polo-culturale-per-la-comunita\\\/#primaryimage\",\"url\":\"https:\\\/\\\/www.bellunopress.it\\\/wp-content\\\/uploads\\\/2025\\\/10\\\/riapre-il-granaio-Villa-Buzzati_edited.jpg\",\"contentUrl\":\"https:\\\/\\\/www.bellunopress.it\\\/wp-content\\\/uploads\\\/2025\\\/10\\\/riapre-il-granaio-Villa-Buzzati_edited.jpg\",\"width\":800,\"height\":529,\"caption\":\"Il Granaio di Villa Buzzati - Belluno\"},{\"@type\":\"BreadcrumbList\",\"@id\":\"https:\\\/\\\/www.bellunopress.it\\\/2025\\\/10\\\/20\\\/belluno-rinasce-il-granaio-di-villa-buzzati-un-nuovo-polo-culturale-per-la-comunita\\\/#breadcrumb\",\"itemListElement\":[{\"@type\":\"ListItem\",\"position\":1,\"name\":\"Home\",\"item\":\"https:\\\/\\\/www.bellunopress.it\\\/\"},{\"@type\":\"ListItem\",\"position\":2,\"name\":\"Belluno, rinasce il Granaio di Villa Buzzati: un nuovo polo culturale per la comunit\u00e0\"}]},{\"@type\":\"WebSite\",\"@id\":\"https:\\\/\\\/www.bellunopress.it\\\/#website\",\"url\":\"https:\\\/\\\/www.bellunopress.it\\\/\",\"name\":\"Bellunopress - Dolomiti\",\"description\":\"e-mail: redazione@bellunopress.it\",\"publisher\":{\"@id\":\"https:\\\/\\\/www.bellunopress.it\\\/#organization\"},\"potentialAction\":[{\"@type\":\"SearchAction\",\"target\":{\"@type\":\"EntryPoint\",\"urlTemplate\":\"https:\\\/\\\/www.bellunopress.it\\\/?s={search_term_string}\"},\"query-input\":{\"@type\":\"PropertyValueSpecification\",\"valueRequired\":true,\"valueName\":\"search_term_string\"}}],\"inLanguage\":\"fr-FR\"},{\"@type\":\"Organization\",\"@id\":\"https:\\\/\\\/www.bellunopress.it\\\/#organization\",\"name\":\"Bellunopress\",\"url\":\"https:\\\/\\\/www.bellunopress.it\\\/\",\"logo\":{\"@type\":\"ImageObject\",\"inLanguage\":\"fr-FR\",\"@id\":\"https:\\\/\\\/www.bellunopress.it\\\/#\\\/schema\\\/logo\\\/image\\\/\",\"url\":\"https:\\\/\\\/www.bellunopress.it\\\/wp-content\\\/uploads\\\/2011\\\/05\\\/cropped-logo-bellunopress-.jpg\",\"contentUrl\":\"https:\\\/\\\/www.bellunopress.it\\\/wp-content\\\/uploads\\\/2011\\\/05\\\/cropped-logo-bellunopress-.jpg\",\"width\":512,\"height\":512,\"caption\":\"Bellunopress\"},\"image\":{\"@id\":\"https:\\\/\\\/www.bellunopress.it\\\/#\\\/schema\\\/logo\\\/image\\\/\"},\"sameAs\":[\"https:\\\/\\\/www.facebook.com\\\/profile.php?id=100008943462799\",\"https:\\\/\\\/x.com\\\/bellunopress\",\"https:\\\/\\\/www.linkedin.com\\\/hp\\\/?dnr=JBzUWaJfMUw8vbXJJ2tVW5-I3jZKvC4wsoxE&amp;amp;amp;amp;amp;amp;trk=nav_responsive_tab_home\",\"https:\\\/\\\/www.youtube.com\\\/channel\\\/UCxL0wu1uN0_3_7hGG0306cw\"]},{\"@type\":\"Person\",\"@id\":\"https:\\\/\\\/www.bellunopress.it\\\/#\\\/schema\\\/person\\\/79bb06722b37ece1c03d3e94beb30d73\",\"name\":\"redazione\",\"image\":{\"@type\":\"ImageObject\",\"inLanguage\":\"fr-FR\",\"@id\":\"https:\\\/\\\/secure.gravatar.com\\\/avatar\\\/37d968a2e67a6fd04c169c4bdef102d0bc5d31b2546345219e348575eb80e9a0?s=96&d=mm&r=g\",\"url\":\"https:\\\/\\\/secure.gravatar.com\\\/avatar\\\/37d968a2e67a6fd04c169c4bdef102d0bc5d31b2546345219e348575eb80e9a0?s=96&d=mm&r=g\",\"contentUrl\":\"https:\\\/\\\/secure.gravatar.com\\\/avatar\\\/37d968a2e67a6fd04c169c4bdef102d0bc5d31b2546345219e348575eb80e9a0?s=96&d=mm&r=g\",\"caption\":\"redazione\"},\"sameAs\":[\"http:\\\/\\\/www.bellunopress.it\",\"https:\\\/\\\/x.com\\\/bellunopress\"],\"url\":\"https:\\\/\\\/www.bellunopress.it\\\/fr\\\/author\\\/redazione\\\/\"}]}<\/script>\n<!-- \/ Yoast SEO plugin. -->","yoast_head_json":{"title":"Belluno, rinasce il Granaio di Villa Buzzati: un nuovo polo culturale per la comunit\u00e0 - Bellunopress - Dolomiti","robots":{"index":"index","follow":"follow","max-snippet":"max-snippet:-1","max-image-preview":"max-image-preview:large","max-video-preview":"max-video-preview:-1"},"canonical":"https:\/\/www.bellunopress.it\/fr\/2025\/10\/20\/belluno-rinasce-il-granaio-di-villa-buzzati-un-nuovo-polo-culturale-per-la-comunita\/","og_locale":"fr_FR","og_type":"article","og_title":"Belluno, rinasce il Granaio di Villa Buzzati: un nuovo polo culturale per la comunit\u00e0 - Bellunopress - Dolomiti","og_description":"Dopo un importante intervento di ristrutturazione, riapre l&#8217;antico Granaio del &#8216;600 a Belluno, trasformato in un centro polifunzionale e accessibile, custode e promotore di cultura. L&#8217;inaugurazione \u00e8 fissata per sabato 25 ottobre, in via Visome 18, a partire dalle ore 16. Belluno, 20 ottobre 2025 &#8211; Torna all\u2019antico splendore il caratteristico Granaio di Villa Buzzati, [&hellip;]","og_url":"https:\/\/www.bellunopress.it\/fr\/2025\/10\/20\/belluno-rinasce-il-granaio-di-villa-buzzati-un-nuovo-polo-culturale-per-la-comunita\/","og_site_name":"Bellunopress - Dolomiti","article_publisher":"https:\/\/www.facebook.com\/profile.php?id=100008943462799","article_published_time":"2025-10-20T14:12:52+00:00","og_image":[{"width":800,"height":529,"url":"https:\/\/www.bellunopress.it\/wp-content\/uploads\/2025\/10\/riapre-il-granaio-Villa-Buzzati_edited.jpg","type":"image\/jpeg"}],"author":"redazione","twitter_card":"summary_large_image","twitter_creator":"@bellunopress","twitter_site":"@bellunopress","twitter_misc":{"\u00c9crit par":"redazione","Dur\u00e9e de lecture estim\u00e9e":"3 minutes"},"schema":{"@context":"https:\/\/schema.org","@graph":[{"@type":"Article","@id":"https:\/\/www.bellunopress.it\/2025\/10\/20\/belluno-rinasce-il-granaio-di-villa-buzzati-un-nuovo-polo-culturale-per-la-comunita\/#article","isPartOf":{"@id":"https:\/\/www.bellunopress.it\/2025\/10\/20\/belluno-rinasce-il-granaio-di-villa-buzzati-un-nuovo-polo-culturale-per-la-comunita\/"},"author":{"name":"redazione","@id":"https:\/\/www.bellunopress.it\/#\/schema\/person\/79bb06722b37ece1c03d3e94beb30d73"},"headline":"Belluno, rinasce il Granaio di Villa Buzzati: un nuovo polo culturale per la comunit\u00e0","datePublished":"2025-10-20T14:12:52+00:00","mainEntityOfPage":{"@id":"https:\/\/www.bellunopress.it\/2025\/10\/20\/belluno-rinasce-il-granaio-di-villa-buzzati-un-nuovo-polo-culturale-per-la-comunita\/"},"wordCount":602,"publisher":{"@id":"https:\/\/www.bellunopress.it\/#organization"},"image":{"@id":"https:\/\/www.bellunopress.it\/2025\/10\/20\/belluno-rinasce-il-granaio-di-villa-buzzati-un-nuovo-polo-culturale-per-la-comunita\/#primaryimage"},"thumbnailUrl":"https:\/\/www.bellunopress.it\/wp-content\/uploads\/2025\/10\/riapre-il-granaio-Villa-Buzzati_edited.jpg","articleSection":["Appuntamenti, Eventi","Arte, Cultura, Spettacoli, Scienza","Featured","Prima Pagina"],"inLanguage":"fr-FR"},{"@type":"WebPage","@id":"https:\/\/www.bellunopress.it\/2025\/10\/20\/belluno-rinasce-il-granaio-di-villa-buzzati-un-nuovo-polo-culturale-per-la-comunita\/","url":"https:\/\/www.bellunopress.it\/2025\/10\/20\/belluno-rinasce-il-granaio-di-villa-buzzati-un-nuovo-polo-culturale-per-la-comunita\/","name":"Belluno, rinasce il Granaio di Villa Buzzati: un nuovo polo culturale per la comunit\u00e0 - Bellunopress - Dolomiti","isPartOf":{"@id":"https:\/\/www.bellunopress.it\/#website"},"primaryImageOfPage":{"@id":"https:\/\/www.bellunopress.it\/2025\/10\/20\/belluno-rinasce-il-granaio-di-villa-buzzati-un-nuovo-polo-culturale-per-la-comunita\/#primaryimage"},"image":{"@id":"https:\/\/www.bellunopress.it\/2025\/10\/20\/belluno-rinasce-il-granaio-di-villa-buzzati-un-nuovo-polo-culturale-per-la-comunita\/#primaryimage"},"thumbnailUrl":"https:\/\/www.bellunopress.it\/wp-content\/uploads\/2025\/10\/riapre-il-granaio-Villa-Buzzati_edited.jpg","datePublished":"2025-10-20T14:12:52+00:00","breadcrumb":{"@id":"https:\/\/www.bellunopress.it\/2025\/10\/20\/belluno-rinasce-il-granaio-di-villa-buzzati-un-nuovo-polo-culturale-per-la-comunita\/#breadcrumb"},"inLanguage":"fr-FR","potentialAction":[{"@type":"ReadAction","target":["https:\/\/www.bellunopress.it\/2025\/10\/20\/belluno-rinasce-il-granaio-di-villa-buzzati-un-nuovo-polo-culturale-per-la-comunita\/"]}]},{"@type":"ImageObject","inLanguage":"fr-FR","@id":"https:\/\/www.bellunopress.it\/2025\/10\/20\/belluno-rinasce-il-granaio-di-villa-buzzati-un-nuovo-polo-culturale-per-la-comunita\/#primaryimage","url":"https:\/\/www.bellunopress.it\/wp-content\/uploads\/2025\/10\/riapre-il-granaio-Villa-Buzzati_edited.jpg","contentUrl":"https:\/\/www.bellunopress.it\/wp-content\/uploads\/2025\/10\/riapre-il-granaio-Villa-Buzzati_edited.jpg","width":800,"height":529,"caption":"Il Granaio di Villa Buzzati - Belluno"},{"@type":"BreadcrumbList","@id":"https:\/\/www.bellunopress.it\/2025\/10\/20\/belluno-rinasce-il-granaio-di-villa-buzzati-un-nuovo-polo-culturale-per-la-comunita\/#breadcrumb","itemListElement":[{"@type":"ListItem","position":1,"name":"Home","item":"https:\/\/www.bellunopress.it\/"},{"@type":"ListItem","position":2,"name":"Belluno, rinasce il Granaio di Villa Buzzati: un nuovo polo culturale per la comunit\u00e0"}]},{"@type":"WebSite","@id":"https:\/\/www.bellunopress.it\/#website","url":"https:\/\/www.bellunopress.it\/","name":"Bellunopress - Dolomiti","description":"e-mail: redazione@bellunopress.it","publisher":{"@id":"https:\/\/www.bellunopress.it\/#organization"},"potentialAction":[{"@type":"SearchAction","target":{"@type":"EntryPoint","urlTemplate":"https:\/\/www.bellunopress.it\/?s={search_term_string}"},"query-input":{"@type":"PropertyValueSpecification","valueRequired":true,"valueName":"search_term_string"}}],"inLanguage":"fr-FR"},{"@type":"Organization","@id":"https:\/\/www.bellunopress.it\/#organization","name":"Bellunopress","url":"https:\/\/www.bellunopress.it\/","logo":{"@type":"ImageObject","inLanguage":"fr-FR","@id":"https:\/\/www.bellunopress.it\/#\/schema\/logo\/image\/","url":"https:\/\/www.bellunopress.it\/wp-content\/uploads\/2011\/05\/cropped-logo-bellunopress-.jpg","contentUrl":"https:\/\/www.bellunopress.it\/wp-content\/uploads\/2011\/05\/cropped-logo-bellunopress-.jpg","width":512,"height":512,"caption":"Bellunopress"},"image":{"@id":"https:\/\/www.bellunopress.it\/#\/schema\/logo\/image\/"},"sameAs":["https:\/\/www.facebook.com\/profile.php?id=100008943462799","https:\/\/x.com\/bellunopress","https:\/\/www.linkedin.com\/hp\/?dnr=JBzUWaJfMUw8vbXJJ2tVW5-I3jZKvC4wsoxE&amp;amp;amp;amp;amp;amp;trk=nav_responsive_tab_home","https:\/\/www.youtube.com\/channel\/UCxL0wu1uN0_3_7hGG0306cw"]},{"@type":"Person","@id":"https:\/\/www.bellunopress.it\/#\/schema\/person\/79bb06722b37ece1c03d3e94beb30d73","name":"r\u00e9daction","image":{"@type":"ImageObject","inLanguage":"fr-FR","@id":"https:\/\/secure.gravatar.com\/avatar\/37d968a2e67a6fd04c169c4bdef102d0bc5d31b2546345219e348575eb80e9a0?s=96&d=mm&r=g","url":"https:\/\/secure.gravatar.com\/avatar\/37d968a2e67a6fd04c169c4bdef102d0bc5d31b2546345219e348575eb80e9a0?s=96&d=mm&r=g","contentUrl":"https:\/\/secure.gravatar.com\/avatar\/37d968a2e67a6fd04c169c4bdef102d0bc5d31b2546345219e348575eb80e9a0?s=96&d=mm&r=g","caption":"redazione"},"sameAs":["http:\/\/www.bellunopress.it","https:\/\/x.com\/bellunopress"],"url":"https:\/\/www.bellunopress.it\/fr\/author\/redazione\/"}]}},"_links":{"self":[{"href":"https:\/\/www.bellunopress.it\/fr\/wp-json\/wp\/v2\/posts\/164239","targetHints":{"allow":["GET"]}}],"collection":[{"href":"https:\/\/www.bellunopress.it\/fr\/wp-json\/wp\/v2\/posts"}],"about":[{"href":"https:\/\/www.bellunopress.it\/fr\/wp-json\/wp\/v2\/types\/post"}],"author":[{"embeddable":true,"href":"https:\/\/www.bellunopress.it\/fr\/wp-json\/wp\/v2\/users\/2"}],"replies":[{"embeddable":true,"href":"https:\/\/www.bellunopress.it\/fr\/wp-json\/wp\/v2\/comments?post=164239"}],"version-history":[{"count":1,"href":"https:\/\/www.bellunopress.it\/fr\/wp-json\/wp\/v2\/posts\/164239\/revisions"}],"predecessor-version":[{"id":164242,"href":"https:\/\/www.bellunopress.it\/fr\/wp-json\/wp\/v2\/posts\/164239\/revisions\/164242"}],"wp:featuredmedia":[{"embeddable":true,"href":"https:\/\/www.bellunopress.it\/fr\/wp-json\/wp\/v2\/media\/164240"}],"wp:attachment":[{"href":"https:\/\/www.bellunopress.it\/fr\/wp-json\/wp\/v2\/media?parent=164239"}],"wp:term":[{"taxonomy":"category","embeddable":true,"href":"https:\/\/www.bellunopress.it\/fr\/wp-json\/wp\/v2\/categories?post=164239"},{"taxonomy":"post_tag","embeddable":true,"href":"https:\/\/www.bellunopress.it\/fr\/wp-json\/wp\/v2\/tags?post=164239"}],"curies":[{"name":"wp","href":"https:\/\/api.w.org\/{rel}","templated":true}]}}