{"id":164226,"date":"2025-10-19T21:40:58","date_gmt":"2025-10-19T19:40:58","guid":{"rendered":"https:\/\/www.bellunopress.it\/?p=164226"},"modified":"2025-10-19T21:40:58","modified_gmt":"2025-10-19T19:40:58","slug":"rientro-dei-discendenti-degli-emigranti-ecco-il-piano-di-rilancio-della-provincia-per-superare-la-denatalita","status":"publish","type":"post","link":"https:\/\/www.bellunopress.it\/fr\/2025\/10\/19\/rientro-dei-discendenti-degli-emigranti-ecco-il-piano-di-rilancio-della-provincia-per-superare-la-denatalita\/","title":{"rendered":"Rientro dei discendenti degli emigranti. Ecco il piano di rilancio della Provincia per superare la denatalit\u00e0"},"content":{"rendered":"<p><img loading=\"lazy\" decoding=\"async\" class=\"aligncenter size-full wp-image-164227\" src=\"https:\/\/www.bellunopress.it\/wp-content\/uploads\/2025\/10\/Convegno-Lions-ABM-Le-nostre-radici.jpg\" alt=\"\" width=\"600\" height=\"435\" srcset=\"https:\/\/www.bellunopress.it\/wp-content\/uploads\/2025\/10\/Convegno-Lions-ABM-Le-nostre-radici.jpg 600w, https:\/\/www.bellunopress.it\/wp-content\/uploads\/2025\/10\/Convegno-Lions-ABM-Le-nostre-radici-500x363.jpg 500w, https:\/\/www.bellunopress.it\/wp-content\/uploads\/2025\/10\/Convegno-Lions-ABM-Le-nostre-radici-579x420.jpg 579w\" sizes=\"auto, (max-width: 600px) 100vw, 600px\" \/>Belluno, 19 ottobre 2025 &#8211; Contrastare denatalit\u00e0 e carenza di manodopera ripartendo dalle proprie radici: \u00e8 questa la proposta lanciata dal convegno &#8220;Le nostre Radici&#8221;, tenutosi ieri in Sala Muccin del Centro Giovanni XXIII di Belluno. L&#8217;evento, organizzato dal Lions Club Belluno in collaborazione con l\u2019Associazione Bellunesi nel Mondo (ABM), e con il patrocinio di Comune e Provincia, ha messo al centro la possibilit\u00e0 del rientro dei discendenti degli emigranti come soluzione strategica allo spopolamento.<\/p>\n<p>La sala gremita, alla presenza di numerose autorit\u00e0 civili e militari \u2013 tra cui il prefetto Antonello Roccoberton, il presidente della Provincia Roberto Padrin e il questore Roberto Della Rocca \u2013 ha fatto da cornice a una riflessione che, partendo dalla storia, ha tracciato proposte concrete per il futuro.<\/p>\n<p><strong>Da Venezia ai &#8220;Cervelli in Fuga&#8221;: cinque secoli di emigrazione<\/strong><br \/>\nA dare il via ai lavori, coordinati da Cecilia Franciosi, \u00e8 stato il Presidente del Lions Club Belluno, Alessandro Toscano, che ha ribadito l&#8217;impegno del club nel &#8220;prefigurare il futuro&#8221; per una provincia che rappresenta il 20% della superficie regionale ma solo il 5% della popolazione. L&#8217;auspicio \u00e8 quello di &#8220;ritrovare la capacit\u00e0 di fare squadra&#8221; attorno ai nuovi problemi.<\/p>\n<p>Il cuore storico del convegno \u00e8 stato l&#8217;intervento di Dino Bridda, direttore della rivista \u201cBellunesi nel Mondo\u201d. Bridda ha ripercorso cinque secoli di storia migratoria, dalle figure del Quattrocento come i &#8220;b\u00f2ter&#8221; e le &#8220;balie&#8221;, fino alla grande emigrazione di massa verso le Americhe tra &#8216;800 e &#8216;900. L&#8217;excursus si \u00e8 concluso con l\u2019emigrazione contemporanea, dove &#8220;non emigra pi\u00f9 la valigia di cartone, ma il cervello&#8221;, portando all&#8217;estero giovani laureati e con competenze elevate.<\/p>\n<p>La vicepresidente ABM, Patrizia Burigo, ha poi posto l&#8217;accento sul ruolo cruciale delle donne nell&#8217;emigrazione, ricordando storie di balie, domestiche e imprenditrici come Ana Rech in Brasile.<\/p>\n<p>Una toccante testimonianza di &#8220;cervello rientrato&#8221; \u00e8 stata portata dalla cardiologa (e LIon) Debora De Cian, che dopo esperienze professionali in Sud America, Africa e Spagna, ha scelto di tornare in provincia: &#8220;Riesco ad apprezzare gli aspetti positivi e le bellezze del nostro territorio in modo pi\u00f9 consapevole,&#8221; ha confessato.<\/p>\n<p><strong>Proposta shock: attrarre 70 milioni di &#8220;Italici&#8221; con un Piano casa<\/strong><br \/>\nIl punto di svolta \u00e8 arrivato con la proposta per il rilancio demografico ed economico. Paolo Doglioni, presidente di Ascom Belluno, ha evidenziato l&#8217;allarme demografico: se nel 1970 c&#8217;era un anziano per ogni giovane, oggi quel rapporto \u00e8 di 5,5 a 1. La soluzione proposta \u00e8 &#8220;trovare nuovi italiani, meglio se discendenti di italiani&#8221;, puntando alle vaste comunit\u00e0 di oriundi in Paesi come Brasile e Argentina.<\/p>\n<p>Doglioni ha suggerito un progetto pubblico-privato per recuperare le case abbandonate e destinarle a queste famiglie, con un percorso a lungo termine che potrebbe portare all\u2019acquisto dell\u2019immobile.<\/p>\n<p>L&#8217;appello per una visione pi\u00f9 ampia \u00e8 stato lanciato da Oscar De Bona, presidente di ABM e UNAIE. Dopo aver annunciato un protocollo nazionale con Confcommercio Italia per il reperimento di manodopera oriunda, De Bona ha quantificato la &#8220;miniera d\u2019oro&#8221; in circa 70-80 milioni di discendenti diretti di italiani nel mondo.<\/p>\n<p>Il vero ostacolo, tuttavia, risiede nelle normative rigide che limitano la doppia cittadinanza e non agevolano il riconoscimento dei titoli di studio e la ricerca di alloggi. Per questo, De Bona ha lanciato un forte appello affinch\u00e9 &#8220;la provincia prenda l\u2019iniziativa e metta attorno a un tavolo tutti i soggetti&#8221; per elaborare una proposta unitaria da portare a Roma.<\/p>\n<p>Il convegno \u201cLe nostre Radici\u201d si chiude dunque non come semplice rievocazione storica, ma come un laboratorio di idee per il futuro. La sfida \u00e8 lanciata: per combattere lo spopolamento e la crisi economica, Belluno deve guardare oltre i confini, facilitando il ritorno dei suoi figli e nipoti sparsi per il mondo.<\/p>","protected":false},"excerpt":{"rendered":"<p>Belluno, 19 ottobre 2025 &#8211; Contrastare denatalit\u00e0 e carenza di manodopera ripartendo dalle proprie radici: \u00e8 questa la proposta lanciata dal convegno &#8220;Le nostre Radici&#8221;, tenutosi ieri in Sala Muccin del Centro Giovanni XXIII di Belluno. L&#8217;evento, organizzato dal Lions Club Belluno in collaborazione con l\u2019Associazione Bellunesi nel Mondo (ABM), e con il patrocinio di [&hellip;]<\/p>\n","protected":false},"author":2,"featured_media":164227,"comment_status":"closed","ping_status":"open","sticky":false,"template":"","format":"standard","meta":{"footnotes":""},"categories":[3446,26,8],"tags":[],"class_list":["post-164226","post","type-post","status-publish","format-standard","has-post-thumbnail","category-featured","category-prima-pagina","category-societa-istituzioni"],"yoast_head":"<!-- This site is optimized with the Yoast SEO plugin v28.4 - https:\/\/yoast.com\/product\/yoast-seo-wordpress\/ -->\n<title>Rientro dei discendenti degli emigranti. Ecco il piano di rilancio della Provincia per superare la denatalit\u00e0 - Bellunopress - Dolomiti<\/title>\n<meta name=\"robots\" content=\"index, follow, max-snippet:-1, max-image-preview:large, max-video-preview:-1\" \/>\n<link rel=\"canonical\" href=\"https:\/\/www.bellunopress.it\/fr\/2025\/10\/19\/rientro-dei-discendenti-degli-emigranti-ecco-il-piano-di-rilancio-della-provincia-per-superare-la-denatalita\/\" \/>\n<meta property=\"og:locale\" content=\"fr_FR\" \/>\n<meta property=\"og:type\" content=\"article\" \/>\n<meta property=\"og:title\" content=\"Rientro dei discendenti degli emigranti. Ecco il piano di rilancio della Provincia per superare la denatalit\u00e0 - Bellunopress - Dolomiti\" \/>\n<meta property=\"og:description\" content=\"Belluno, 19 ottobre 2025 &#8211; Contrastare denatalit\u00e0 e carenza di manodopera ripartendo dalle proprie radici: \u00e8 questa la proposta lanciata dal convegno &#8220;Le nostre Radici&#8221;, tenutosi ieri in Sala Muccin del Centro Giovanni XXIII di Belluno. L&#8217;evento, organizzato dal Lions Club Belluno in collaborazione con l\u2019Associazione Bellunesi nel Mondo (ABM), e con il patrocinio di [&hellip;]\" \/>\n<meta property=\"og:url\" content=\"https:\/\/www.bellunopress.it\/fr\/2025\/10\/19\/rientro-dei-discendenti-degli-emigranti-ecco-il-piano-di-rilancio-della-provincia-per-superare-la-denatalita\/\" \/>\n<meta property=\"og:site_name\" content=\"Bellunopress - Dolomiti\" \/>\n<meta property=\"article:publisher\" content=\"https:\/\/www.facebook.com\/profile.php?id=100008943462799\" \/>\n<meta property=\"article:published_time\" content=\"2025-10-19T19:40:58+00:00\" \/>\n<meta property=\"og:image\" content=\"https:\/\/www.bellunopress.it\/wp-content\/uploads\/2025\/10\/Convegno-Lions-ABM-Le-nostre-radici.jpg\" \/>\n\t<meta property=\"og:image:width\" content=\"600\" \/>\n\t<meta property=\"og:image:height\" content=\"435\" \/>\n\t<meta property=\"og:image:type\" content=\"image\/jpeg\" \/>\n<meta name=\"author\" content=\"redazione\" \/>\n<meta name=\"twitter:card\" content=\"summary_large_image\" \/>\n<meta name=\"twitter:creator\" content=\"@bellunopress\" \/>\n<meta name=\"twitter:site\" content=\"@bellunopress\" \/>\n<meta name=\"twitter:label1\" content=\"\u00c9crit par\" \/>\n\t<meta name=\"twitter:data1\" content=\"redazione\" \/>\n\t<meta name=\"twitter:label2\" content=\"Dur\u00e9e de lecture estim\u00e9e\" \/>\n\t<meta name=\"twitter:data2\" content=\"3 minutes\" \/>\n<script type=\"application\/ld+json\" class=\"yoast-schema-graph\">{\"@context\":\"https:\\\/\\\/schema.org\",\"@graph\":[{\"@type\":\"Article\",\"@id\":\"https:\\\/\\\/www.bellunopress.it\\\/2025\\\/10\\\/19\\\/rientro-dei-discendenti-degli-emigranti-ecco-il-piano-di-rilancio-della-provincia-per-superare-la-denatalita\\\/#article\",\"isPartOf\":{\"@id\":\"https:\\\/\\\/www.bellunopress.it\\\/2025\\\/10\\\/19\\\/rientro-dei-discendenti-degli-emigranti-ecco-il-piano-di-rilancio-della-provincia-per-superare-la-denatalita\\\/\"},\"author\":{\"name\":\"redazione\",\"@id\":\"https:\\\/\\\/www.bellunopress.it\\\/#\\\/schema\\\/person\\\/79bb06722b37ece1c03d3e94beb30d73\"},\"headline\":\"Rientro dei discendenti degli emigranti. Ecco il piano di rilancio della Provincia per superare la denatalit\u00e0\",\"datePublished\":\"2025-10-19T19:40:58+00:00\",\"mainEntityOfPage\":{\"@id\":\"https:\\\/\\\/www.bellunopress.it\\\/2025\\\/10\\\/19\\\/rientro-dei-discendenti-degli-emigranti-ecco-il-piano-di-rilancio-della-provincia-per-superare-la-denatalita\\\/\"},\"wordCount\":622,\"publisher\":{\"@id\":\"https:\\\/\\\/www.bellunopress.it\\\/#organization\"},\"image\":{\"@id\":\"https:\\\/\\\/www.bellunopress.it\\\/2025\\\/10\\\/19\\\/rientro-dei-discendenti-degli-emigranti-ecco-il-piano-di-rilancio-della-provincia-per-superare-la-denatalita\\\/#primaryimage\"},\"thumbnailUrl\":\"https:\\\/\\\/www.bellunopress.it\\\/wp-content\\\/uploads\\\/2025\\\/10\\\/Convegno-Lions-ABM-Le-nostre-radici.jpg\",\"articleSection\":[\"Featured\",\"Prima Pagina\",\"Societ\u00e0, Associazioni, Istituzioni\"],\"inLanguage\":\"fr-FR\"},{\"@type\":\"WebPage\",\"@id\":\"https:\\\/\\\/www.bellunopress.it\\\/2025\\\/10\\\/19\\\/rientro-dei-discendenti-degli-emigranti-ecco-il-piano-di-rilancio-della-provincia-per-superare-la-denatalita\\\/\",\"url\":\"https:\\\/\\\/www.bellunopress.it\\\/2025\\\/10\\\/19\\\/rientro-dei-discendenti-degli-emigranti-ecco-il-piano-di-rilancio-della-provincia-per-superare-la-denatalita\\\/\",\"name\":\"Rientro dei discendenti degli emigranti. Ecco il piano di rilancio della Provincia per superare la denatalit\u00e0 - Bellunopress - Dolomiti\",\"isPartOf\":{\"@id\":\"https:\\\/\\\/www.bellunopress.it\\\/#website\"},\"primaryImageOfPage\":{\"@id\":\"https:\\\/\\\/www.bellunopress.it\\\/2025\\\/10\\\/19\\\/rientro-dei-discendenti-degli-emigranti-ecco-il-piano-di-rilancio-della-provincia-per-superare-la-denatalita\\\/#primaryimage\"},\"image\":{\"@id\":\"https:\\\/\\\/www.bellunopress.it\\\/2025\\\/10\\\/19\\\/rientro-dei-discendenti-degli-emigranti-ecco-il-piano-di-rilancio-della-provincia-per-superare-la-denatalita\\\/#primaryimage\"},\"thumbnailUrl\":\"https:\\\/\\\/www.bellunopress.it\\\/wp-content\\\/uploads\\\/2025\\\/10\\\/Convegno-Lions-ABM-Le-nostre-radici.jpg\",\"datePublished\":\"2025-10-19T19:40:58+00:00\",\"breadcrumb\":{\"@id\":\"https:\\\/\\\/www.bellunopress.it\\\/2025\\\/10\\\/19\\\/rientro-dei-discendenti-degli-emigranti-ecco-il-piano-di-rilancio-della-provincia-per-superare-la-denatalita\\\/#breadcrumb\"},\"inLanguage\":\"fr-FR\",\"potentialAction\":[{\"@type\":\"ReadAction\",\"target\":[\"https:\\\/\\\/www.bellunopress.it\\\/2025\\\/10\\\/19\\\/rientro-dei-discendenti-degli-emigranti-ecco-il-piano-di-rilancio-della-provincia-per-superare-la-denatalita\\\/\"]}]},{\"@type\":\"ImageObject\",\"inLanguage\":\"fr-FR\",\"@id\":\"https:\\\/\\\/www.bellunopress.it\\\/2025\\\/10\\\/19\\\/rientro-dei-discendenti-degli-emigranti-ecco-il-piano-di-rilancio-della-provincia-per-superare-la-denatalita\\\/#primaryimage\",\"url\":\"https:\\\/\\\/www.bellunopress.it\\\/wp-content\\\/uploads\\\/2025\\\/10\\\/Convegno-Lions-ABM-Le-nostre-radici.jpg\",\"contentUrl\":\"https:\\\/\\\/www.bellunopress.it\\\/wp-content\\\/uploads\\\/2025\\\/10\\\/Convegno-Lions-ABM-Le-nostre-radici.jpg\",\"width\":600,\"height\":435},{\"@type\":\"BreadcrumbList\",\"@id\":\"https:\\\/\\\/www.bellunopress.it\\\/2025\\\/10\\\/19\\\/rientro-dei-discendenti-degli-emigranti-ecco-il-piano-di-rilancio-della-provincia-per-superare-la-denatalita\\\/#breadcrumb\",\"itemListElement\":[{\"@type\":\"ListItem\",\"position\":1,\"name\":\"Home\",\"item\":\"https:\\\/\\\/www.bellunopress.it\\\/\"},{\"@type\":\"ListItem\",\"position\":2,\"name\":\"Rientro dei discendenti degli emigranti. Ecco il piano di rilancio della Provincia per superare la denatalit\u00e0\"}]},{\"@type\":\"WebSite\",\"@id\":\"https:\\\/\\\/www.bellunopress.it\\\/#website\",\"url\":\"https:\\\/\\\/www.bellunopress.it\\\/\",\"name\":\"Bellunopress - Dolomiti\",\"description\":\"e-mail: redazione@bellunopress.it\",\"publisher\":{\"@id\":\"https:\\\/\\\/www.bellunopress.it\\\/#organization\"},\"potentialAction\":[{\"@type\":\"SearchAction\",\"target\":{\"@type\":\"EntryPoint\",\"urlTemplate\":\"https:\\\/\\\/www.bellunopress.it\\\/?s={search_term_string}\"},\"query-input\":{\"@type\":\"PropertyValueSpecification\",\"valueRequired\":true,\"valueName\":\"search_term_string\"}}],\"inLanguage\":\"fr-FR\"},{\"@type\":\"Organization\",\"@id\":\"https:\\\/\\\/www.bellunopress.it\\\/#organization\",\"name\":\"Bellunopress\",\"url\":\"https:\\\/\\\/www.bellunopress.it\\\/\",\"logo\":{\"@type\":\"ImageObject\",\"inLanguage\":\"fr-FR\",\"@id\":\"https:\\\/\\\/www.bellunopress.it\\\/#\\\/schema\\\/logo\\\/image\\\/\",\"url\":\"https:\\\/\\\/www.bellunopress.it\\\/wp-content\\\/uploads\\\/2011\\\/05\\\/cropped-logo-bellunopress-.jpg\",\"contentUrl\":\"https:\\\/\\\/www.bellunopress.it\\\/wp-content\\\/uploads\\\/2011\\\/05\\\/cropped-logo-bellunopress-.jpg\",\"width\":512,\"height\":512,\"caption\":\"Bellunopress\"},\"image\":{\"@id\":\"https:\\\/\\\/www.bellunopress.it\\\/#\\\/schema\\\/logo\\\/image\\\/\"},\"sameAs\":[\"https:\\\/\\\/www.facebook.com\\\/profile.php?id=100008943462799\",\"https:\\\/\\\/x.com\\\/bellunopress\",\"https:\\\/\\\/www.linkedin.com\\\/hp\\\/?dnr=JBzUWaJfMUw8vbXJJ2tVW5-I3jZKvC4wsoxE&amp;amp;amp;amp;amp;amp;trk=nav_responsive_tab_home\",\"https:\\\/\\\/www.youtube.com\\\/channel\\\/UCxL0wu1uN0_3_7hGG0306cw\"]},{\"@type\":\"Person\",\"@id\":\"https:\\\/\\\/www.bellunopress.it\\\/#\\\/schema\\\/person\\\/79bb06722b37ece1c03d3e94beb30d73\",\"name\":\"redazione\",\"image\":{\"@type\":\"ImageObject\",\"inLanguage\":\"fr-FR\",\"@id\":\"https:\\\/\\\/secure.gravatar.com\\\/avatar\\\/37d968a2e67a6fd04c169c4bdef102d0bc5d31b2546345219e348575eb80e9a0?s=96&d=mm&r=g\",\"url\":\"https:\\\/\\\/secure.gravatar.com\\\/avatar\\\/37d968a2e67a6fd04c169c4bdef102d0bc5d31b2546345219e348575eb80e9a0?s=96&d=mm&r=g\",\"contentUrl\":\"https:\\\/\\\/secure.gravatar.com\\\/avatar\\\/37d968a2e67a6fd04c169c4bdef102d0bc5d31b2546345219e348575eb80e9a0?s=96&d=mm&r=g\",\"caption\":\"redazione\"},\"sameAs\":[\"http:\\\/\\\/www.bellunopress.it\",\"https:\\\/\\\/x.com\\\/bellunopress\"],\"url\":\"https:\\\/\\\/www.bellunopress.it\\\/fr\\\/author\\\/redazione\\\/\"}]}<\/script>\n<!-- \/ Yoast SEO plugin. -->","yoast_head_json":{"title":"Rientro dei discendenti degli emigranti. Ecco il piano di rilancio della Provincia per superare la denatalit\u00e0 - Bellunopress - Dolomiti","robots":{"index":"index","follow":"follow","max-snippet":"max-snippet:-1","max-image-preview":"max-image-preview:large","max-video-preview":"max-video-preview:-1"},"canonical":"https:\/\/www.bellunopress.it\/fr\/2025\/10\/19\/rientro-dei-discendenti-degli-emigranti-ecco-il-piano-di-rilancio-della-provincia-per-superare-la-denatalita\/","og_locale":"fr_FR","og_type":"article","og_title":"Rientro dei discendenti degli emigranti. Ecco il piano di rilancio della Provincia per superare la denatalit\u00e0 - Bellunopress - Dolomiti","og_description":"Belluno, 19 ottobre 2025 &#8211; Contrastare denatalit\u00e0 e carenza di manodopera ripartendo dalle proprie radici: \u00e8 questa la proposta lanciata dal convegno &#8220;Le nostre Radici&#8221;, tenutosi ieri in Sala Muccin del Centro Giovanni XXIII di Belluno. L&#8217;evento, organizzato dal Lions Club Belluno in collaborazione con l\u2019Associazione Bellunesi nel Mondo (ABM), e con il patrocinio di [&hellip;]","og_url":"https:\/\/www.bellunopress.it\/fr\/2025\/10\/19\/rientro-dei-discendenti-degli-emigranti-ecco-il-piano-di-rilancio-della-provincia-per-superare-la-denatalita\/","og_site_name":"Bellunopress - Dolomiti","article_publisher":"https:\/\/www.facebook.com\/profile.php?id=100008943462799","article_published_time":"2025-10-19T19:40:58+00:00","og_image":[{"width":600,"height":435,"url":"https:\/\/www.bellunopress.it\/wp-content\/uploads\/2025\/10\/Convegno-Lions-ABM-Le-nostre-radici.jpg","type":"image\/jpeg"}],"author":"redazione","twitter_card":"summary_large_image","twitter_creator":"@bellunopress","twitter_site":"@bellunopress","twitter_misc":{"\u00c9crit par":"redazione","Dur\u00e9e de lecture estim\u00e9e":"3 minutes"},"schema":{"@context":"https:\/\/schema.org","@graph":[{"@type":"Article","@id":"https:\/\/www.bellunopress.it\/2025\/10\/19\/rientro-dei-discendenti-degli-emigranti-ecco-il-piano-di-rilancio-della-provincia-per-superare-la-denatalita\/#article","isPartOf":{"@id":"https:\/\/www.bellunopress.it\/2025\/10\/19\/rientro-dei-discendenti-degli-emigranti-ecco-il-piano-di-rilancio-della-provincia-per-superare-la-denatalita\/"},"author":{"name":"redazione","@id":"https:\/\/www.bellunopress.it\/#\/schema\/person\/79bb06722b37ece1c03d3e94beb30d73"},"headline":"Rientro dei discendenti degli emigranti. Ecco il piano di rilancio della Provincia per superare la denatalit\u00e0","datePublished":"2025-10-19T19:40:58+00:00","mainEntityOfPage":{"@id":"https:\/\/www.bellunopress.it\/2025\/10\/19\/rientro-dei-discendenti-degli-emigranti-ecco-il-piano-di-rilancio-della-provincia-per-superare-la-denatalita\/"},"wordCount":622,"publisher":{"@id":"https:\/\/www.bellunopress.it\/#organization"},"image":{"@id":"https:\/\/www.bellunopress.it\/2025\/10\/19\/rientro-dei-discendenti-degli-emigranti-ecco-il-piano-di-rilancio-della-provincia-per-superare-la-denatalita\/#primaryimage"},"thumbnailUrl":"https:\/\/www.bellunopress.it\/wp-content\/uploads\/2025\/10\/Convegno-Lions-ABM-Le-nostre-radici.jpg","articleSection":["Featured","Prima Pagina","Societ\u00e0, Associazioni, Istituzioni"],"inLanguage":"fr-FR"},{"@type":"WebPage","@id":"https:\/\/www.bellunopress.it\/2025\/10\/19\/rientro-dei-discendenti-degli-emigranti-ecco-il-piano-di-rilancio-della-provincia-per-superare-la-denatalita\/","url":"https:\/\/www.bellunopress.it\/2025\/10\/19\/rientro-dei-discendenti-degli-emigranti-ecco-il-piano-di-rilancio-della-provincia-per-superare-la-denatalita\/","name":"Rientro dei discendenti degli emigranti. Ecco il piano di rilancio della Provincia per superare la denatalit\u00e0 - Bellunopress - Dolomiti","isPartOf":{"@id":"https:\/\/www.bellunopress.it\/#website"},"primaryImageOfPage":{"@id":"https:\/\/www.bellunopress.it\/2025\/10\/19\/rientro-dei-discendenti-degli-emigranti-ecco-il-piano-di-rilancio-della-provincia-per-superare-la-denatalita\/#primaryimage"},"image":{"@id":"https:\/\/www.bellunopress.it\/2025\/10\/19\/rientro-dei-discendenti-degli-emigranti-ecco-il-piano-di-rilancio-della-provincia-per-superare-la-denatalita\/#primaryimage"},"thumbnailUrl":"https:\/\/www.bellunopress.it\/wp-content\/uploads\/2025\/10\/Convegno-Lions-ABM-Le-nostre-radici.jpg","datePublished":"2025-10-19T19:40:58+00:00","breadcrumb":{"@id":"https:\/\/www.bellunopress.it\/2025\/10\/19\/rientro-dei-discendenti-degli-emigranti-ecco-il-piano-di-rilancio-della-provincia-per-superare-la-denatalita\/#breadcrumb"},"inLanguage":"fr-FR","potentialAction":[{"@type":"ReadAction","target":["https:\/\/www.bellunopress.it\/2025\/10\/19\/rientro-dei-discendenti-degli-emigranti-ecco-il-piano-di-rilancio-della-provincia-per-superare-la-denatalita\/"]}]},{"@type":"ImageObject","inLanguage":"fr-FR","@id":"https:\/\/www.bellunopress.it\/2025\/10\/19\/rientro-dei-discendenti-degli-emigranti-ecco-il-piano-di-rilancio-della-provincia-per-superare-la-denatalita\/#primaryimage","url":"https:\/\/www.bellunopress.it\/wp-content\/uploads\/2025\/10\/Convegno-Lions-ABM-Le-nostre-radici.jpg","contentUrl":"https:\/\/www.bellunopress.it\/wp-content\/uploads\/2025\/10\/Convegno-Lions-ABM-Le-nostre-radici.jpg","width":600,"height":435},{"@type":"BreadcrumbList","@id":"https:\/\/www.bellunopress.it\/2025\/10\/19\/rientro-dei-discendenti-degli-emigranti-ecco-il-piano-di-rilancio-della-provincia-per-superare-la-denatalita\/#breadcrumb","itemListElement":[{"@type":"ListItem","position":1,"name":"Home","item":"https:\/\/www.bellunopress.it\/"},{"@type":"ListItem","position":2,"name":"Rientro dei discendenti degli emigranti. Ecco il piano di rilancio della Provincia per superare la denatalit\u00e0"}]},{"@type":"WebSite","@id":"https:\/\/www.bellunopress.it\/#website","url":"https:\/\/www.bellunopress.it\/","name":"Bellunopress - Dolomiti","description":"e-mail: redazione@bellunopress.it","publisher":{"@id":"https:\/\/www.bellunopress.it\/#organization"},"potentialAction":[{"@type":"SearchAction","target":{"@type":"EntryPoint","urlTemplate":"https:\/\/www.bellunopress.it\/?s={search_term_string}"},"query-input":{"@type":"PropertyValueSpecification","valueRequired":true,"valueName":"search_term_string"}}],"inLanguage":"fr-FR"},{"@type":"Organization","@id":"https:\/\/www.bellunopress.it\/#organization","name":"Bellunopress","url":"https:\/\/www.bellunopress.it\/","logo":{"@type":"ImageObject","inLanguage":"fr-FR","@id":"https:\/\/www.bellunopress.it\/#\/schema\/logo\/image\/","url":"https:\/\/www.bellunopress.it\/wp-content\/uploads\/2011\/05\/cropped-logo-bellunopress-.jpg","contentUrl":"https:\/\/www.bellunopress.it\/wp-content\/uploads\/2011\/05\/cropped-logo-bellunopress-.jpg","width":512,"height":512,"caption":"Bellunopress"},"image":{"@id":"https:\/\/www.bellunopress.it\/#\/schema\/logo\/image\/"},"sameAs":["https:\/\/www.facebook.com\/profile.php?id=100008943462799","https:\/\/x.com\/bellunopress","https:\/\/www.linkedin.com\/hp\/?dnr=JBzUWaJfMUw8vbXJJ2tVW5-I3jZKvC4wsoxE&amp;amp;amp;amp;amp;amp;trk=nav_responsive_tab_home","https:\/\/www.youtube.com\/channel\/UCxL0wu1uN0_3_7hGG0306cw"]},{"@type":"Person","@id":"https:\/\/www.bellunopress.it\/#\/schema\/person\/79bb06722b37ece1c03d3e94beb30d73","name":"r\u00e9daction","image":{"@type":"ImageObject","inLanguage":"fr-FR","@id":"https:\/\/secure.gravatar.com\/avatar\/37d968a2e67a6fd04c169c4bdef102d0bc5d31b2546345219e348575eb80e9a0?s=96&d=mm&r=g","url":"https:\/\/secure.gravatar.com\/avatar\/37d968a2e67a6fd04c169c4bdef102d0bc5d31b2546345219e348575eb80e9a0?s=96&d=mm&r=g","contentUrl":"https:\/\/secure.gravatar.com\/avatar\/37d968a2e67a6fd04c169c4bdef102d0bc5d31b2546345219e348575eb80e9a0?s=96&d=mm&r=g","caption":"redazione"},"sameAs":["http:\/\/www.bellunopress.it","https:\/\/x.com\/bellunopress"],"url":"https:\/\/www.bellunopress.it\/fr\/author\/redazione\/"}]}},"_links":{"self":[{"href":"https:\/\/www.bellunopress.it\/fr\/wp-json\/wp\/v2\/posts\/164226","targetHints":{"allow":["GET"]}}],"collection":[{"href":"https:\/\/www.bellunopress.it\/fr\/wp-json\/wp\/v2\/posts"}],"about":[{"href":"https:\/\/www.bellunopress.it\/fr\/wp-json\/wp\/v2\/types\/post"}],"author":[{"embeddable":true,"href":"https:\/\/www.bellunopress.it\/fr\/wp-json\/wp\/v2\/users\/2"}],"replies":[{"embeddable":true,"href":"https:\/\/www.bellunopress.it\/fr\/wp-json\/wp\/v2\/comments?post=164226"}],"version-history":[{"count":1,"href":"https:\/\/www.bellunopress.it\/fr\/wp-json\/wp\/v2\/posts\/164226\/revisions"}],"predecessor-version":[{"id":164228,"href":"https:\/\/www.bellunopress.it\/fr\/wp-json\/wp\/v2\/posts\/164226\/revisions\/164228"}],"wp:featuredmedia":[{"embeddable":true,"href":"https:\/\/www.bellunopress.it\/fr\/wp-json\/wp\/v2\/media\/164227"}],"wp:attachment":[{"href":"https:\/\/www.bellunopress.it\/fr\/wp-json\/wp\/v2\/media?parent=164226"}],"wp:term":[{"taxonomy":"category","embeddable":true,"href":"https:\/\/www.bellunopress.it\/fr\/wp-json\/wp\/v2\/categories?post=164226"},{"taxonomy":"post_tag","embeddable":true,"href":"https:\/\/www.bellunopress.it\/fr\/wp-json\/wp\/v2\/tags?post=164226"}],"curies":[{"name":"wp","href":"https:\/\/api.w.org\/{rel}","templated":true}]}}