{"id":164223,"date":"2025-10-19T21:18:26","date_gmt":"2025-10-19T19:18:26","guid":{"rendered":"https:\/\/www.bellunopress.it\/?p=164223"},"modified":"2025-10-19T21:18:26","modified_gmt":"2025-10-19T19:18:26","slug":"sedico-in-scena-la-salute-mentale-con-lo-spettacolo-due-di-una","status":"publish","type":"post","link":"https:\/\/www.bellunopress.it\/fr\/2025\/10\/19\/sedico-in-scena-la-salute-mentale-con-lo-spettacolo-due-di-una\/","title":{"rendered":"Sedico. In scena la salute mentale con lo spettacolo &#8220;Due di Una&#8221;"},"content":{"rendered":"<figure id=\"attachment_164224\" aria-describedby=\"caption-attachment-164224\" style=\"width: 700px\" class=\"wp-caption aligncenter\"><img loading=\"lazy\" decoding=\"async\" class=\"size-full wp-image-164224\" src=\"https:\/\/www.bellunopress.it\/wp-content\/uploads\/2025\/10\/spettacolo-Due-di-Una.jpg\" alt=\"\" width=\"700\" height=\"525\" srcset=\"https:\/\/www.bellunopress.it\/wp-content\/uploads\/2025\/10\/spettacolo-Due-di-Una.jpg 700w, https:\/\/www.bellunopress.it\/wp-content\/uploads\/2025\/10\/spettacolo-Due-di-Una-500x375.jpg 500w, https:\/\/www.bellunopress.it\/wp-content\/uploads\/2025\/10\/spettacolo-Due-di-Una-560x420.jpg 560w, https:\/\/www.bellunopress.it\/wp-content\/uploads\/2025\/10\/spettacolo-Due-di-Una-80x60.jpg 80w, https:\/\/www.bellunopress.it\/wp-content\/uploads\/2025\/10\/spettacolo-Due-di-Una-696x522.jpg 696w\" sizes=\"auto, (max-width: 700px) 100vw, 700px\" \/><figcaption id=\"caption-attachment-164224\" class=\"wp-caption-text\">&#8220;Due di una&#8221;. Cristina Gianni e Margherira Bertoli<\/figcaption><\/figure>\n<p>Sedico, 19 ottobre 2025 &#8211; Un pubblico attento e coinvolto ha partecipato ieri sera, sabato 18 ottobre, all\u2019evento conclusivo della Settimana della Salute Mentale, coordinata dall&#8217;ULSS1 Dolomiti. Il tema cruciale e delicato del benessere psicologico \u00e8 stato esplorato con successo attraverso il linguaggio evocativo del teatro, grazie alla rappresentazione di \u201cDue di Una\u201d.<\/p>\n<p>Lo spettacolo, ospitato nella sala incontri della Biblioteca di Sedico, \u00e8 frutto della penna di Cristina Gianni, della direzione di Anna Della Bruma, e ha visto in scena l&#8217;autrice stessa al fianco di Margherita Bertoli. L\u2019iniziativa \u00e8 stata fortemente voluta e organizzata dal Comune di Santa Giustina, in particolare dall&#8217;Ufficio Cultura e dall\u2019Assessorato alle Politiche Sociali.<\/p>\n<p>La serata non si \u00e8 esaurita con la chiusura del sipario. Le artiste hanno dialogato con gli spettatori, dando vita a un proficuo momento di scambio di idee e riflessioni. Al centro del dibattito, il concetto di &#8220;normalit\u00e0&#8221; e la sua ambigua connotazione. \u00c8 emerso come questa spesso si carichi di un peso morale e di giudizio, andando ben oltre una semplice classificazione.<\/p>\n<p>Tale percezione, alimentata dai pregiudizi che circondano il disagio e i disturbi psicologici, contribuisce spesso all&#8217;isolamento di chi ne soffre. L&#8217;evento ha ribadito l&#8217;urgenza di dedicare adeguata attenzione e riguardo a una tematica di fondamentale importanza sociale.<\/p>\n<p>L&#8217;impegno delle artiste non si ferma a Sedico. Nei prossimi mesi, Cristina Gianni e Margherita Bertoli saranno impegnate in una serie di repliche dello spettacolo destinate al mondo della scuola. Queste rappresentazioni offriranno un\u2019ulteriore, preziosa opportunit\u00e0 per sensibilizzare il pubblico giovane, in particolare gli adolescenti, sul tema della salute mentale, cercando di abbattere i muri del pregiudizio fin dalle nuove generazioni.<\/p>","protected":false},"excerpt":{"rendered":"<p>Sedico, 19 ottobre 2025 &#8211; Un pubblico attento e coinvolto ha partecipato ieri sera, sabato 18 ottobre, all\u2019evento conclusivo della Settimana della Salute Mentale, coordinata dall&#8217;ULSS1 Dolomiti. Il tema cruciale e delicato del benessere psicologico \u00e8 stato esplorato con successo attraverso il linguaggio evocativo del teatro, grazie alla rappresentazione di \u201cDue di Una\u201d. Lo spettacolo, [&hellip;]<\/p>\n","protected":false},"author":2,"featured_media":164224,"comment_status":"closed","ping_status":"open","sticky":false,"template":"","format":"standard","meta":{"footnotes":""},"categories":[3,17,8],"tags":[],"class_list":["post-164223","post","type-post","status-publish","format-standard","has-post-thumbnail","category-arte-cultura-spettacoli-scienza-archivi","category-sanita","category-societa-istituzioni"],"yoast_head":"<!-- This site is optimized with the Yoast SEO plugin v28.4 - https:\/\/yoast.com\/product\/yoast-seo-wordpress\/ -->\n<title>Sedico. In scena la salute mentale con lo spettacolo &quot;Due di Una&quot; - Bellunopress - Dolomiti<\/title>\n<meta name=\"robots\" content=\"index, follow, max-snippet:-1, max-image-preview:large, max-video-preview:-1\" \/>\n<link rel=\"canonical\" href=\"https:\/\/www.bellunopress.it\/fr\/2025\/10\/19\/sedico-in-scena-la-salute-mentale-con-lo-spettacolo-due-di-una\/\" \/>\n<meta property=\"og:locale\" content=\"fr_FR\" \/>\n<meta property=\"og:type\" content=\"article\" \/>\n<meta property=\"og:title\" content=\"Sedico. In scena la salute mentale con lo spettacolo &quot;Due di Una&quot; - Bellunopress - Dolomiti\" \/>\n<meta property=\"og:description\" content=\"Sedico, 19 ottobre 2025 &#8211; Un pubblico attento e coinvolto ha partecipato ieri sera, sabato 18 ottobre, all\u2019evento conclusivo della Settimana della Salute Mentale, coordinata dall&#8217;ULSS1 Dolomiti. Il tema cruciale e delicato del benessere psicologico \u00e8 stato esplorato con successo attraverso il linguaggio evocativo del teatro, grazie alla rappresentazione di \u201cDue di Una\u201d. Lo spettacolo, [&hellip;]\" \/>\n<meta property=\"og:url\" content=\"https:\/\/www.bellunopress.it\/fr\/2025\/10\/19\/sedico-in-scena-la-salute-mentale-con-lo-spettacolo-due-di-una\/\" \/>\n<meta property=\"og:site_name\" content=\"Bellunopress - Dolomiti\" \/>\n<meta property=\"article:publisher\" content=\"https:\/\/www.facebook.com\/profile.php?id=100008943462799\" \/>\n<meta property=\"article:published_time\" content=\"2025-10-19T19:18:26+00:00\" \/>\n<meta property=\"og:image\" content=\"https:\/\/www.bellunopress.it\/wp-content\/uploads\/2025\/10\/spettacolo-Due-di-Una.jpg\" \/>\n\t<meta property=\"og:image:width\" content=\"700\" \/>\n\t<meta property=\"og:image:height\" content=\"525\" \/>\n\t<meta property=\"og:image:type\" content=\"image\/jpeg\" \/>\n<meta name=\"author\" content=\"redazione\" \/>\n<meta name=\"twitter:card\" content=\"summary_large_image\" \/>\n<meta name=\"twitter:creator\" content=\"@bellunopress\" \/>\n<meta name=\"twitter:site\" content=\"@bellunopress\" \/>\n<meta name=\"twitter:label1\" content=\"\u00c9crit par\" \/>\n\t<meta name=\"twitter:data1\" content=\"redazione\" \/>\n\t<meta name=\"twitter:label2\" content=\"Dur\u00e9e de lecture estim\u00e9e\" \/>\n\t<meta name=\"twitter:data2\" content=\"1 minute\" \/>\n<script type=\"application\/ld+json\" class=\"yoast-schema-graph\">{\"@context\":\"https:\\\/\\\/schema.org\",\"@graph\":[{\"@type\":\"Article\",\"@id\":\"https:\\\/\\\/www.bellunopress.it\\\/2025\\\/10\\\/19\\\/sedico-in-scena-la-salute-mentale-con-lo-spettacolo-due-di-una\\\/#article\",\"isPartOf\":{\"@id\":\"https:\\\/\\\/www.bellunopress.it\\\/2025\\\/10\\\/19\\\/sedico-in-scena-la-salute-mentale-con-lo-spettacolo-due-di-una\\\/\"},\"author\":{\"name\":\"redazione\",\"@id\":\"https:\\\/\\\/www.bellunopress.it\\\/#\\\/schema\\\/person\\\/79bb06722b37ece1c03d3e94beb30d73\"},\"headline\":\"Sedico. In scena la salute mentale con lo spettacolo &#8220;Due di Una&#8221;\",\"datePublished\":\"2025-10-19T19:18:26+00:00\",\"mainEntityOfPage\":{\"@id\":\"https:\\\/\\\/www.bellunopress.it\\\/2025\\\/10\\\/19\\\/sedico-in-scena-la-salute-mentale-con-lo-spettacolo-due-di-una\\\/\"},\"wordCount\":300,\"publisher\":{\"@id\":\"https:\\\/\\\/www.bellunopress.it\\\/#organization\"},\"image\":{\"@id\":\"https:\\\/\\\/www.bellunopress.it\\\/2025\\\/10\\\/19\\\/sedico-in-scena-la-salute-mentale-con-lo-spettacolo-due-di-una\\\/#primaryimage\"},\"thumbnailUrl\":\"https:\\\/\\\/www.bellunopress.it\\\/wp-content\\\/uploads\\\/2025\\\/10\\\/spettacolo-Due-di-Una.jpg\",\"articleSection\":[\"Arte, Cultura, Spettacoli, Scienza\",\"Sanit\u00e0 Medicina\",\"Societ\u00e0, Associazioni, Istituzioni\"],\"inLanguage\":\"fr-FR\"},{\"@type\":\"WebPage\",\"@id\":\"https:\\\/\\\/www.bellunopress.it\\\/2025\\\/10\\\/19\\\/sedico-in-scena-la-salute-mentale-con-lo-spettacolo-due-di-una\\\/\",\"url\":\"https:\\\/\\\/www.bellunopress.it\\\/2025\\\/10\\\/19\\\/sedico-in-scena-la-salute-mentale-con-lo-spettacolo-due-di-una\\\/\",\"name\":\"Sedico. In scena la salute mentale con lo spettacolo \\\"Due di Una\\\" - Bellunopress - Dolomiti\",\"isPartOf\":{\"@id\":\"https:\\\/\\\/www.bellunopress.it\\\/#website\"},\"primaryImageOfPage\":{\"@id\":\"https:\\\/\\\/www.bellunopress.it\\\/2025\\\/10\\\/19\\\/sedico-in-scena-la-salute-mentale-con-lo-spettacolo-due-di-una\\\/#primaryimage\"},\"image\":{\"@id\":\"https:\\\/\\\/www.bellunopress.it\\\/2025\\\/10\\\/19\\\/sedico-in-scena-la-salute-mentale-con-lo-spettacolo-due-di-una\\\/#primaryimage\"},\"thumbnailUrl\":\"https:\\\/\\\/www.bellunopress.it\\\/wp-content\\\/uploads\\\/2025\\\/10\\\/spettacolo-Due-di-Una.jpg\",\"datePublished\":\"2025-10-19T19:18:26+00:00\",\"breadcrumb\":{\"@id\":\"https:\\\/\\\/www.bellunopress.it\\\/2025\\\/10\\\/19\\\/sedico-in-scena-la-salute-mentale-con-lo-spettacolo-due-di-una\\\/#breadcrumb\"},\"inLanguage\":\"fr-FR\",\"potentialAction\":[{\"@type\":\"ReadAction\",\"target\":[\"https:\\\/\\\/www.bellunopress.it\\\/2025\\\/10\\\/19\\\/sedico-in-scena-la-salute-mentale-con-lo-spettacolo-due-di-una\\\/\"]}]},{\"@type\":\"ImageObject\",\"inLanguage\":\"fr-FR\",\"@id\":\"https:\\\/\\\/www.bellunopress.it\\\/2025\\\/10\\\/19\\\/sedico-in-scena-la-salute-mentale-con-lo-spettacolo-due-di-una\\\/#primaryimage\",\"url\":\"https:\\\/\\\/www.bellunopress.it\\\/wp-content\\\/uploads\\\/2025\\\/10\\\/spettacolo-Due-di-Una.jpg\",\"contentUrl\":\"https:\\\/\\\/www.bellunopress.it\\\/wp-content\\\/uploads\\\/2025\\\/10\\\/spettacolo-Due-di-Una.jpg\",\"width\":700,\"height\":525,\"caption\":\"\\\"Due di una\\\". Cristina Gianni e Margherira Bertoli\"},{\"@type\":\"BreadcrumbList\",\"@id\":\"https:\\\/\\\/www.bellunopress.it\\\/2025\\\/10\\\/19\\\/sedico-in-scena-la-salute-mentale-con-lo-spettacolo-due-di-una\\\/#breadcrumb\",\"itemListElement\":[{\"@type\":\"ListItem\",\"position\":1,\"name\":\"Home\",\"item\":\"https:\\\/\\\/www.bellunopress.it\\\/\"},{\"@type\":\"ListItem\",\"position\":2,\"name\":\"Sedico. In scena la salute mentale con lo spettacolo &#8220;Due di Una&#8221;\"}]},{\"@type\":\"WebSite\",\"@id\":\"https:\\\/\\\/www.bellunopress.it\\\/#website\",\"url\":\"https:\\\/\\\/www.bellunopress.it\\\/\",\"name\":\"Bellunopress - Dolomiti\",\"description\":\"e-mail: redazione@bellunopress.it\",\"publisher\":{\"@id\":\"https:\\\/\\\/www.bellunopress.it\\\/#organization\"},\"potentialAction\":[{\"@type\":\"SearchAction\",\"target\":{\"@type\":\"EntryPoint\",\"urlTemplate\":\"https:\\\/\\\/www.bellunopress.it\\\/?s={search_term_string}\"},\"query-input\":{\"@type\":\"PropertyValueSpecification\",\"valueRequired\":true,\"valueName\":\"search_term_string\"}}],\"inLanguage\":\"fr-FR\"},{\"@type\":\"Organization\",\"@id\":\"https:\\\/\\\/www.bellunopress.it\\\/#organization\",\"name\":\"Bellunopress\",\"url\":\"https:\\\/\\\/www.bellunopress.it\\\/\",\"logo\":{\"@type\":\"ImageObject\",\"inLanguage\":\"fr-FR\",\"@id\":\"https:\\\/\\\/www.bellunopress.it\\\/#\\\/schema\\\/logo\\\/image\\\/\",\"url\":\"https:\\\/\\\/www.bellunopress.it\\\/wp-content\\\/uploads\\\/2011\\\/05\\\/cropped-logo-bellunopress-.jpg\",\"contentUrl\":\"https:\\\/\\\/www.bellunopress.it\\\/wp-content\\\/uploads\\\/2011\\\/05\\\/cropped-logo-bellunopress-.jpg\",\"width\":512,\"height\":512,\"caption\":\"Bellunopress\"},\"image\":{\"@id\":\"https:\\\/\\\/www.bellunopress.it\\\/#\\\/schema\\\/logo\\\/image\\\/\"},\"sameAs\":[\"https:\\\/\\\/www.facebook.com\\\/profile.php?id=100008943462799\",\"https:\\\/\\\/x.com\\\/bellunopress\",\"https:\\\/\\\/www.linkedin.com\\\/hp\\\/?dnr=JBzUWaJfMUw8vbXJJ2tVW5-I3jZKvC4wsoxE&amp;amp;amp;amp;amp;amp;trk=nav_responsive_tab_home\",\"https:\\\/\\\/www.youtube.com\\\/channel\\\/UCxL0wu1uN0_3_7hGG0306cw\"]},{\"@type\":\"Person\",\"@id\":\"https:\\\/\\\/www.bellunopress.it\\\/#\\\/schema\\\/person\\\/79bb06722b37ece1c03d3e94beb30d73\",\"name\":\"redazione\",\"image\":{\"@type\":\"ImageObject\",\"inLanguage\":\"fr-FR\",\"@id\":\"https:\\\/\\\/secure.gravatar.com\\\/avatar\\\/37d968a2e67a6fd04c169c4bdef102d0bc5d31b2546345219e348575eb80e9a0?s=96&d=mm&r=g\",\"url\":\"https:\\\/\\\/secure.gravatar.com\\\/avatar\\\/37d968a2e67a6fd04c169c4bdef102d0bc5d31b2546345219e348575eb80e9a0?s=96&d=mm&r=g\",\"contentUrl\":\"https:\\\/\\\/secure.gravatar.com\\\/avatar\\\/37d968a2e67a6fd04c169c4bdef102d0bc5d31b2546345219e348575eb80e9a0?s=96&d=mm&r=g\",\"caption\":\"redazione\"},\"sameAs\":[\"http:\\\/\\\/www.bellunopress.it\",\"https:\\\/\\\/x.com\\\/bellunopress\"],\"url\":\"https:\\\/\\\/www.bellunopress.it\\\/fr\\\/author\\\/redazione\\\/\"}]}<\/script>\n<!-- \/ Yoast SEO plugin. -->","yoast_head_json":{"title":"Sedico. In scena la salute mentale con lo spettacolo \"Due di Una\" - Bellunopress - Dolomiti","robots":{"index":"index","follow":"follow","max-snippet":"max-snippet:-1","max-image-preview":"max-image-preview:large","max-video-preview":"max-video-preview:-1"},"canonical":"https:\/\/www.bellunopress.it\/fr\/2025\/10\/19\/sedico-in-scena-la-salute-mentale-con-lo-spettacolo-due-di-una\/","og_locale":"fr_FR","og_type":"article","og_title":"Sedico. In scena la salute mentale con lo spettacolo \"Due di Una\" - Bellunopress - Dolomiti","og_description":"Sedico, 19 ottobre 2025 &#8211; Un pubblico attento e coinvolto ha partecipato ieri sera, sabato 18 ottobre, all\u2019evento conclusivo della Settimana della Salute Mentale, coordinata dall&#8217;ULSS1 Dolomiti. Il tema cruciale e delicato del benessere psicologico \u00e8 stato esplorato con successo attraverso il linguaggio evocativo del teatro, grazie alla rappresentazione di \u201cDue di Una\u201d. Lo spettacolo, [&hellip;]","og_url":"https:\/\/www.bellunopress.it\/fr\/2025\/10\/19\/sedico-in-scena-la-salute-mentale-con-lo-spettacolo-due-di-una\/","og_site_name":"Bellunopress - Dolomiti","article_publisher":"https:\/\/www.facebook.com\/profile.php?id=100008943462799","article_published_time":"2025-10-19T19:18:26+00:00","og_image":[{"width":700,"height":525,"url":"https:\/\/www.bellunopress.it\/wp-content\/uploads\/2025\/10\/spettacolo-Due-di-Una.jpg","type":"image\/jpeg"}],"author":"redazione","twitter_card":"summary_large_image","twitter_creator":"@bellunopress","twitter_site":"@bellunopress","twitter_misc":{"\u00c9crit par":"redazione","Dur\u00e9e de lecture estim\u00e9e":"1 minute"},"schema":{"@context":"https:\/\/schema.org","@graph":[{"@type":"Article","@id":"https:\/\/www.bellunopress.it\/2025\/10\/19\/sedico-in-scena-la-salute-mentale-con-lo-spettacolo-due-di-una\/#article","isPartOf":{"@id":"https:\/\/www.bellunopress.it\/2025\/10\/19\/sedico-in-scena-la-salute-mentale-con-lo-spettacolo-due-di-una\/"},"author":{"name":"redazione","@id":"https:\/\/www.bellunopress.it\/#\/schema\/person\/79bb06722b37ece1c03d3e94beb30d73"},"headline":"Sedico. In scena la salute mentale con lo spettacolo &#8220;Due di Una&#8221;","datePublished":"2025-10-19T19:18:26+00:00","mainEntityOfPage":{"@id":"https:\/\/www.bellunopress.it\/2025\/10\/19\/sedico-in-scena-la-salute-mentale-con-lo-spettacolo-due-di-una\/"},"wordCount":300,"publisher":{"@id":"https:\/\/www.bellunopress.it\/#organization"},"image":{"@id":"https:\/\/www.bellunopress.it\/2025\/10\/19\/sedico-in-scena-la-salute-mentale-con-lo-spettacolo-due-di-una\/#primaryimage"},"thumbnailUrl":"https:\/\/www.bellunopress.it\/wp-content\/uploads\/2025\/10\/spettacolo-Due-di-Una.jpg","articleSection":["Arte, Cultura, Spettacoli, Scienza","Sanit\u00e0 Medicina","Societ\u00e0, Associazioni, Istituzioni"],"inLanguage":"fr-FR"},{"@type":"WebPage","@id":"https:\/\/www.bellunopress.it\/2025\/10\/19\/sedico-in-scena-la-salute-mentale-con-lo-spettacolo-due-di-una\/","url":"https:\/\/www.bellunopress.it\/2025\/10\/19\/sedico-in-scena-la-salute-mentale-con-lo-spettacolo-due-di-una\/","name":"Sedico. In scena la salute mentale con lo spettacolo \"Due di Una\" - Bellunopress - Dolomiti","isPartOf":{"@id":"https:\/\/www.bellunopress.it\/#website"},"primaryImageOfPage":{"@id":"https:\/\/www.bellunopress.it\/2025\/10\/19\/sedico-in-scena-la-salute-mentale-con-lo-spettacolo-due-di-una\/#primaryimage"},"image":{"@id":"https:\/\/www.bellunopress.it\/2025\/10\/19\/sedico-in-scena-la-salute-mentale-con-lo-spettacolo-due-di-una\/#primaryimage"},"thumbnailUrl":"https:\/\/www.bellunopress.it\/wp-content\/uploads\/2025\/10\/spettacolo-Due-di-Una.jpg","datePublished":"2025-10-19T19:18:26+00:00","breadcrumb":{"@id":"https:\/\/www.bellunopress.it\/2025\/10\/19\/sedico-in-scena-la-salute-mentale-con-lo-spettacolo-due-di-una\/#breadcrumb"},"inLanguage":"fr-FR","potentialAction":[{"@type":"ReadAction","target":["https:\/\/www.bellunopress.it\/2025\/10\/19\/sedico-in-scena-la-salute-mentale-con-lo-spettacolo-due-di-una\/"]}]},{"@type":"ImageObject","inLanguage":"fr-FR","@id":"https:\/\/www.bellunopress.it\/2025\/10\/19\/sedico-in-scena-la-salute-mentale-con-lo-spettacolo-due-di-una\/#primaryimage","url":"https:\/\/www.bellunopress.it\/wp-content\/uploads\/2025\/10\/spettacolo-Due-di-Una.jpg","contentUrl":"https:\/\/www.bellunopress.it\/wp-content\/uploads\/2025\/10\/spettacolo-Due-di-Una.jpg","width":700,"height":525,"caption":"\"Due di una\". Cristina Gianni e Margherira Bertoli"},{"@type":"BreadcrumbList","@id":"https:\/\/www.bellunopress.it\/2025\/10\/19\/sedico-in-scena-la-salute-mentale-con-lo-spettacolo-due-di-una\/#breadcrumb","itemListElement":[{"@type":"ListItem","position":1,"name":"Home","item":"https:\/\/www.bellunopress.it\/"},{"@type":"ListItem","position":2,"name":"Sedico. In scena la salute mentale con lo spettacolo &#8220;Due di Una&#8221;"}]},{"@type":"WebSite","@id":"https:\/\/www.bellunopress.it\/#website","url":"https:\/\/www.bellunopress.it\/","name":"Bellunopress - Dolomiti","description":"e-mail: redazione@bellunopress.it","publisher":{"@id":"https:\/\/www.bellunopress.it\/#organization"},"potentialAction":[{"@type":"SearchAction","target":{"@type":"EntryPoint","urlTemplate":"https:\/\/www.bellunopress.it\/?s={search_term_string}"},"query-input":{"@type":"PropertyValueSpecification","valueRequired":true,"valueName":"search_term_string"}}],"inLanguage":"fr-FR"},{"@type":"Organization","@id":"https:\/\/www.bellunopress.it\/#organization","name":"Bellunopress","url":"https:\/\/www.bellunopress.it\/","logo":{"@type":"ImageObject","inLanguage":"fr-FR","@id":"https:\/\/www.bellunopress.it\/#\/schema\/logo\/image\/","url":"https:\/\/www.bellunopress.it\/wp-content\/uploads\/2011\/05\/cropped-logo-bellunopress-.jpg","contentUrl":"https:\/\/www.bellunopress.it\/wp-content\/uploads\/2011\/05\/cropped-logo-bellunopress-.jpg","width":512,"height":512,"caption":"Bellunopress"},"image":{"@id":"https:\/\/www.bellunopress.it\/#\/schema\/logo\/image\/"},"sameAs":["https:\/\/www.facebook.com\/profile.php?id=100008943462799","https:\/\/x.com\/bellunopress","https:\/\/www.linkedin.com\/hp\/?dnr=JBzUWaJfMUw8vbXJJ2tVW5-I3jZKvC4wsoxE&amp;amp;amp;amp;amp;amp;trk=nav_responsive_tab_home","https:\/\/www.youtube.com\/channel\/UCxL0wu1uN0_3_7hGG0306cw"]},{"@type":"Person","@id":"https:\/\/www.bellunopress.it\/#\/schema\/person\/79bb06722b37ece1c03d3e94beb30d73","name":"r\u00e9daction","image":{"@type":"ImageObject","inLanguage":"fr-FR","@id":"https:\/\/secure.gravatar.com\/avatar\/37d968a2e67a6fd04c169c4bdef102d0bc5d31b2546345219e348575eb80e9a0?s=96&d=mm&r=g","url":"https:\/\/secure.gravatar.com\/avatar\/37d968a2e67a6fd04c169c4bdef102d0bc5d31b2546345219e348575eb80e9a0?s=96&d=mm&r=g","contentUrl":"https:\/\/secure.gravatar.com\/avatar\/37d968a2e67a6fd04c169c4bdef102d0bc5d31b2546345219e348575eb80e9a0?s=96&d=mm&r=g","caption":"redazione"},"sameAs":["http:\/\/www.bellunopress.it","https:\/\/x.com\/bellunopress"],"url":"https:\/\/www.bellunopress.it\/fr\/author\/redazione\/"}]}},"_links":{"self":[{"href":"https:\/\/www.bellunopress.it\/fr\/wp-json\/wp\/v2\/posts\/164223","targetHints":{"allow":["GET"]}}],"collection":[{"href":"https:\/\/www.bellunopress.it\/fr\/wp-json\/wp\/v2\/posts"}],"about":[{"href":"https:\/\/www.bellunopress.it\/fr\/wp-json\/wp\/v2\/types\/post"}],"author":[{"embeddable":true,"href":"https:\/\/www.bellunopress.it\/fr\/wp-json\/wp\/v2\/users\/2"}],"replies":[{"embeddable":true,"href":"https:\/\/www.bellunopress.it\/fr\/wp-json\/wp\/v2\/comments?post=164223"}],"version-history":[{"count":1,"href":"https:\/\/www.bellunopress.it\/fr\/wp-json\/wp\/v2\/posts\/164223\/revisions"}],"predecessor-version":[{"id":164225,"href":"https:\/\/www.bellunopress.it\/fr\/wp-json\/wp\/v2\/posts\/164223\/revisions\/164225"}],"wp:featuredmedia":[{"embeddable":true,"href":"https:\/\/www.bellunopress.it\/fr\/wp-json\/wp\/v2\/media\/164224"}],"wp:attachment":[{"href":"https:\/\/www.bellunopress.it\/fr\/wp-json\/wp\/v2\/media?parent=164223"}],"wp:term":[{"taxonomy":"category","embeddable":true,"href":"https:\/\/www.bellunopress.it\/fr\/wp-json\/wp\/v2\/categories?post=164223"},{"taxonomy":"post_tag","embeddable":true,"href":"https:\/\/www.bellunopress.it\/fr\/wp-json\/wp\/v2\/tags?post=164223"}],"curies":[{"name":"wp","href":"https:\/\/api.w.org\/{rel}","templated":true}]}}