{"id":164220,"date":"2025-10-20T08:48:51","date_gmt":"2025-10-20T06:48:51","guid":{"rendered":"https:\/\/www.bellunopress.it\/?p=164220"},"modified":"2025-10-19T21:02:08","modified_gmt":"2025-10-19T19:02:08","slug":"da-via-vola-nella-mezza-maratona-1h0356-ai-tricolori-di-cremona","status":"publish","type":"post","link":"https:\/\/www.bellunopress.it\/fr\/2025\/10\/20\/da-via-vola-nella-mezza-maratona-1h0356-ai-tricolori-di-cremona\/","title":{"rendered":"Da Vi\u00e0 vola nella mezza maratona: 1h03&#8217;56&#8221; ai Tricolori di Cremona"},"content":{"rendered":"<figure id=\"attachment_164221\" aria-describedby=\"caption-attachment-164221\" style=\"width: 600px\" class=\"wp-caption aligncenter\"><img loading=\"lazy\" decoding=\"async\" class=\"size-full wp-image-164221\" src=\"https:\/\/www.bellunopress.it\/wp-content\/uploads\/2025\/10\/Da-Via-Francesco_credit-Matteo-Battaglia.jpg\" alt=\"\" width=\"600\" height=\"497\" srcset=\"https:\/\/www.bellunopress.it\/wp-content\/uploads\/2025\/10\/Da-Via-Francesco_credit-Matteo-Battaglia.jpg 600w, https:\/\/www.bellunopress.it\/wp-content\/uploads\/2025\/10\/Da-Via-Francesco_credit-Matteo-Battaglia-500x414.jpg 500w, https:\/\/www.bellunopress.it\/wp-content\/uploads\/2025\/10\/Da-Via-Francesco_credit-Matteo-Battaglia-507x420.jpg 507w\" sizes=\"auto, (max-width: 600px) 100vw, 600px\" \/><figcaption id=\"caption-attachment-164221\" class=\"wp-caption-text\">Francesco Da Vi\u00e0 (Foto: Matteo Battaglia)<\/figcaption><\/figure>\n<p><strong>Il 24enne bellunese, da quest\u2019anno in prestito al G.P. Parco Alpi Apuane, si migliora di oltre tre minuti e mezzo, arrivando decimo ai Campionati Italiani Assoluti<\/strong><\/p>\n<p>Borgo Valbelluna (Belluno), 19 ottobre 2025 \u2013 Francesco Da Vi\u00e0 corre in un nuova dimensione: oggi, a Cremona, il 24enne bellunese ha fermato il cronometro a 1h03\u201956\u201d nella mezza maratona dei Campionati Italiani.<\/p>\n<p>Per Da Vi\u00e0 \u00e8 un miglioramento netto: ben 3\u201938\u201d sul record personale, stabilito nella primavera del 2023 sulle strade veneziane della Dogi\u2019s Half Marathon che in quella stagione arrivava a Fiesso d\u2019Artico. Non solo: l\u2019ottima prestazione cronometrica \u00e8 anche valsa all\u2019allievo di Johnny Schievenin la decima piazza assoluta nel Campionato Italiano.<\/p>\n<p>Da quest\u2019anno in prestito alla societ\u00e0 toscana G.P. Parco Alpi Apuane, dopo aver vestito per otto stagioni la maglia del Gs La Piave 2000, Da Vi\u00e0 \u00e8 al secondo record personale nell\u2019arco di sette giorni. Domenica scorsa si era migliorato nei 10 km su strada, corsi a Verona in 29\u201928\u201d. La condizione evidentemente c\u2019\u00e8, e Francesco \u00e8 stato bravo a sfruttarla anche sulle strade cremonesi.<\/p>\n<p>\u201cSono felicissimo del risultato cronometrico e del piazzamento \u2013 commenta Da Vi\u00e0 \u2013 Sapevo di poter correre attorno all\u20191h04\u2019 e ho fatto anche un po\u2019 meglio, senza neppure soffrire particolarmente\u201d. \u201cCorrere 21 km alla media di 3\u201901\u201d non \u00e8 affatto facile \u2013 aggiunge Schievenin -. La stagione era iniziata male a causa di una microfrattura da stress al coccige che ci ha fatto perdere la prima parte dell\u2019anno, ma con pazienza e impegno abbiamo recuperato e adesso Francesco va che \u00e8 un piacere. A Cremona ha fatto una grande gara ed era solo alla seconda esperienza sulla distanza\u201d.<\/p>\n<p>Tra due settimane, il 2 novembre, Da Vi\u00e0 garegger\u00e0 a Prato nei Tricolori dei 10 km su strada. Poi si dedicher\u00e0 all\u2019attivit\u00e0 crossistica. Il sogno? Trovare un posto in squadra per gli Europei di corsa campestre che si svolgeranno a Lagoa, in Portogallo, il 14 dicembre.<\/p>\n<p>&nbsp;<\/p>","protected":false},"excerpt":{"rendered":"<p>Il 24enne bellunese, da quest\u2019anno in prestito al G.P. Parco Alpi Apuane, si migliora di oltre tre minuti e mezzo, arrivando decimo ai Campionati Italiani Assoluti Borgo Valbelluna (Belluno), 19 ottobre 2025 \u2013 Francesco Da Vi\u00e0 corre in un nuova dimensione: oggi, a Cremona, il 24enne bellunese ha fermato il cronometro a 1h03\u201956\u201d nella mezza [&hellip;]<\/p>\n","protected":false},"author":2,"featured_media":164221,"comment_status":"closed","ping_status":"open","sticky":false,"template":"","format":"standard","meta":{"footnotes":""},"categories":[4],"tags":[],"class_list":["post-164220","post","type-post","status-publish","format-standard","has-post-thumbnail","category-sport"],"yoast_head":"<!-- This site is optimized with the Yoast SEO plugin v28.4 - https:\/\/yoast.com\/product\/yoast-seo-wordpress\/ -->\n<title>Da Vi\u00e0 vola nella mezza maratona: 1h03&#039;56&quot; ai Tricolori di Cremona - Bellunopress - Dolomiti<\/title>\n<meta name=\"robots\" content=\"index, follow, max-snippet:-1, max-image-preview:large, max-video-preview:-1\" \/>\n<link rel=\"canonical\" href=\"https:\/\/www.bellunopress.it\/fr\/2025\/10\/20\/da-via-vola-nella-mezza-maratona-1h0356-ai-tricolori-di-cremona\/\" \/>\n<meta property=\"og:locale\" content=\"fr_FR\" \/>\n<meta property=\"og:type\" content=\"article\" \/>\n<meta property=\"og:title\" content=\"Da Vi\u00e0 vola nella mezza maratona: 1h03&#039;56&quot; ai Tricolori di Cremona - Bellunopress - Dolomiti\" \/>\n<meta property=\"og:description\" content=\"Il 24enne bellunese, da quest\u2019anno in prestito al G.P. Parco Alpi Apuane, si migliora di oltre tre minuti e mezzo, arrivando decimo ai Campionati Italiani Assoluti Borgo Valbelluna (Belluno), 19 ottobre 2025 \u2013 Francesco Da Vi\u00e0 corre in un nuova dimensione: oggi, a Cremona, il 24enne bellunese ha fermato il cronometro a 1h03\u201956\u201d nella mezza [&hellip;]\" \/>\n<meta property=\"og:url\" content=\"https:\/\/www.bellunopress.it\/fr\/2025\/10\/20\/da-via-vola-nella-mezza-maratona-1h0356-ai-tricolori-di-cremona\/\" \/>\n<meta property=\"og:site_name\" content=\"Bellunopress - Dolomiti\" \/>\n<meta property=\"article:publisher\" content=\"https:\/\/www.facebook.com\/profile.php?id=100008943462799\" \/>\n<meta property=\"article:published_time\" content=\"2025-10-20T06:48:51+00:00\" \/>\n<meta property=\"og:image\" content=\"https:\/\/www.bellunopress.it\/wp-content\/uploads\/2025\/10\/Da-Via-Francesco_credit-Matteo-Battaglia.jpg\" \/>\n\t<meta property=\"og:image:width\" content=\"600\" \/>\n\t<meta property=\"og:image:height\" content=\"497\" \/>\n\t<meta property=\"og:image:type\" content=\"image\/jpeg\" \/>\n<meta name=\"author\" content=\"redazione\" \/>\n<meta name=\"twitter:card\" content=\"summary_large_image\" \/>\n<meta name=\"twitter:creator\" content=\"@bellunopress\" \/>\n<meta name=\"twitter:site\" content=\"@bellunopress\" \/>\n<meta name=\"twitter:label1\" content=\"\u00c9crit par\" \/>\n\t<meta name=\"twitter:data1\" content=\"redazione\" \/>\n\t<meta name=\"twitter:label2\" content=\"Dur\u00e9e de lecture estim\u00e9e\" \/>\n\t<meta name=\"twitter:data2\" content=\"2 minutes\" \/>\n<script type=\"application\/ld+json\" class=\"yoast-schema-graph\">{\"@context\":\"https:\\\/\\\/schema.org\",\"@graph\":[{\"@type\":\"Article\",\"@id\":\"https:\\\/\\\/www.bellunopress.it\\\/2025\\\/10\\\/20\\\/da-via-vola-nella-mezza-maratona-1h0356-ai-tricolori-di-cremona\\\/#article\",\"isPartOf\":{\"@id\":\"https:\\\/\\\/www.bellunopress.it\\\/2025\\\/10\\\/20\\\/da-via-vola-nella-mezza-maratona-1h0356-ai-tricolori-di-cremona\\\/\"},\"author\":{\"name\":\"redazione\",\"@id\":\"https:\\\/\\\/www.bellunopress.it\\\/#\\\/schema\\\/person\\\/79bb06722b37ece1c03d3e94beb30d73\"},\"headline\":\"Da Vi\u00e0 vola nella mezza maratona: 1h03&#8217;56&#8221; ai Tricolori di Cremona\",\"datePublished\":\"2025-10-20T06:48:51+00:00\",\"mainEntityOfPage\":{\"@id\":\"https:\\\/\\\/www.bellunopress.it\\\/2025\\\/10\\\/20\\\/da-via-vola-nella-mezza-maratona-1h0356-ai-tricolori-di-cremona\\\/\"},\"wordCount\":334,\"publisher\":{\"@id\":\"https:\\\/\\\/www.bellunopress.it\\\/#organization\"},\"image\":{\"@id\":\"https:\\\/\\\/www.bellunopress.it\\\/2025\\\/10\\\/20\\\/da-via-vola-nella-mezza-maratona-1h0356-ai-tricolori-di-cremona\\\/#primaryimage\"},\"thumbnailUrl\":\"https:\\\/\\\/www.bellunopress.it\\\/wp-content\\\/uploads\\\/2025\\\/10\\\/Da-Via-Francesco_credit-Matteo-Battaglia.jpg\",\"articleSection\":[\"Sport, tempo libero\"],\"inLanguage\":\"fr-FR\"},{\"@type\":\"WebPage\",\"@id\":\"https:\\\/\\\/www.bellunopress.it\\\/2025\\\/10\\\/20\\\/da-via-vola-nella-mezza-maratona-1h0356-ai-tricolori-di-cremona\\\/\",\"url\":\"https:\\\/\\\/www.bellunopress.it\\\/2025\\\/10\\\/20\\\/da-via-vola-nella-mezza-maratona-1h0356-ai-tricolori-di-cremona\\\/\",\"name\":\"Da Vi\u00e0 vola nella mezza maratona: 1h03'56\\\" ai Tricolori di Cremona - Bellunopress - Dolomiti\",\"isPartOf\":{\"@id\":\"https:\\\/\\\/www.bellunopress.it\\\/#website\"},\"primaryImageOfPage\":{\"@id\":\"https:\\\/\\\/www.bellunopress.it\\\/2025\\\/10\\\/20\\\/da-via-vola-nella-mezza-maratona-1h0356-ai-tricolori-di-cremona\\\/#primaryimage\"},\"image\":{\"@id\":\"https:\\\/\\\/www.bellunopress.it\\\/2025\\\/10\\\/20\\\/da-via-vola-nella-mezza-maratona-1h0356-ai-tricolori-di-cremona\\\/#primaryimage\"},\"thumbnailUrl\":\"https:\\\/\\\/www.bellunopress.it\\\/wp-content\\\/uploads\\\/2025\\\/10\\\/Da-Via-Francesco_credit-Matteo-Battaglia.jpg\",\"datePublished\":\"2025-10-20T06:48:51+00:00\",\"breadcrumb\":{\"@id\":\"https:\\\/\\\/www.bellunopress.it\\\/2025\\\/10\\\/20\\\/da-via-vola-nella-mezza-maratona-1h0356-ai-tricolori-di-cremona\\\/#breadcrumb\"},\"inLanguage\":\"fr-FR\",\"potentialAction\":[{\"@type\":\"ReadAction\",\"target\":[\"https:\\\/\\\/www.bellunopress.it\\\/2025\\\/10\\\/20\\\/da-via-vola-nella-mezza-maratona-1h0356-ai-tricolori-di-cremona\\\/\"]}]},{\"@type\":\"ImageObject\",\"inLanguage\":\"fr-FR\",\"@id\":\"https:\\\/\\\/www.bellunopress.it\\\/2025\\\/10\\\/20\\\/da-via-vola-nella-mezza-maratona-1h0356-ai-tricolori-di-cremona\\\/#primaryimage\",\"url\":\"https:\\\/\\\/www.bellunopress.it\\\/wp-content\\\/uploads\\\/2025\\\/10\\\/Da-Via-Francesco_credit-Matteo-Battaglia.jpg\",\"contentUrl\":\"https:\\\/\\\/www.bellunopress.it\\\/wp-content\\\/uploads\\\/2025\\\/10\\\/Da-Via-Francesco_credit-Matteo-Battaglia.jpg\",\"width\":600,\"height\":497,\"caption\":\"Francesco Da Vi\u00e0 (Foto: Matteo Battaglia)\"},{\"@type\":\"BreadcrumbList\",\"@id\":\"https:\\\/\\\/www.bellunopress.it\\\/2025\\\/10\\\/20\\\/da-via-vola-nella-mezza-maratona-1h0356-ai-tricolori-di-cremona\\\/#breadcrumb\",\"itemListElement\":[{\"@type\":\"ListItem\",\"position\":1,\"name\":\"Home\",\"item\":\"https:\\\/\\\/www.bellunopress.it\\\/\"},{\"@type\":\"ListItem\",\"position\":2,\"name\":\"Da Vi\u00e0 vola nella mezza maratona: 1h03&#8217;56&#8221; ai Tricolori di Cremona\"}]},{\"@type\":\"WebSite\",\"@id\":\"https:\\\/\\\/www.bellunopress.it\\\/#website\",\"url\":\"https:\\\/\\\/www.bellunopress.it\\\/\",\"name\":\"Bellunopress - Dolomiti\",\"description\":\"e-mail: redazione@bellunopress.it\",\"publisher\":{\"@id\":\"https:\\\/\\\/www.bellunopress.it\\\/#organization\"},\"potentialAction\":[{\"@type\":\"SearchAction\",\"target\":{\"@type\":\"EntryPoint\",\"urlTemplate\":\"https:\\\/\\\/www.bellunopress.it\\\/?s={search_term_string}\"},\"query-input\":{\"@type\":\"PropertyValueSpecification\",\"valueRequired\":true,\"valueName\":\"search_term_string\"}}],\"inLanguage\":\"fr-FR\"},{\"@type\":\"Organization\",\"@id\":\"https:\\\/\\\/www.bellunopress.it\\\/#organization\",\"name\":\"Bellunopress\",\"url\":\"https:\\\/\\\/www.bellunopress.it\\\/\",\"logo\":{\"@type\":\"ImageObject\",\"inLanguage\":\"fr-FR\",\"@id\":\"https:\\\/\\\/www.bellunopress.it\\\/#\\\/schema\\\/logo\\\/image\\\/\",\"url\":\"https:\\\/\\\/www.bellunopress.it\\\/wp-content\\\/uploads\\\/2011\\\/05\\\/cropped-logo-bellunopress-.jpg\",\"contentUrl\":\"https:\\\/\\\/www.bellunopress.it\\\/wp-content\\\/uploads\\\/2011\\\/05\\\/cropped-logo-bellunopress-.jpg\",\"width\":512,\"height\":512,\"caption\":\"Bellunopress\"},\"image\":{\"@id\":\"https:\\\/\\\/www.bellunopress.it\\\/#\\\/schema\\\/logo\\\/image\\\/\"},\"sameAs\":[\"https:\\\/\\\/www.facebook.com\\\/profile.php?id=100008943462799\",\"https:\\\/\\\/x.com\\\/bellunopress\",\"https:\\\/\\\/www.linkedin.com\\\/hp\\\/?dnr=JBzUWaJfMUw8vbXJJ2tVW5-I3jZKvC4wsoxE&amp;amp;amp;amp;amp;amp;trk=nav_responsive_tab_home\",\"https:\\\/\\\/www.youtube.com\\\/channel\\\/UCxL0wu1uN0_3_7hGG0306cw\"]},{\"@type\":\"Person\",\"@id\":\"https:\\\/\\\/www.bellunopress.it\\\/#\\\/schema\\\/person\\\/79bb06722b37ece1c03d3e94beb30d73\",\"name\":\"redazione\",\"image\":{\"@type\":\"ImageObject\",\"inLanguage\":\"fr-FR\",\"@id\":\"https:\\\/\\\/secure.gravatar.com\\\/avatar\\\/37d968a2e67a6fd04c169c4bdef102d0bc5d31b2546345219e348575eb80e9a0?s=96&d=mm&r=g\",\"url\":\"https:\\\/\\\/secure.gravatar.com\\\/avatar\\\/37d968a2e67a6fd04c169c4bdef102d0bc5d31b2546345219e348575eb80e9a0?s=96&d=mm&r=g\",\"contentUrl\":\"https:\\\/\\\/secure.gravatar.com\\\/avatar\\\/37d968a2e67a6fd04c169c4bdef102d0bc5d31b2546345219e348575eb80e9a0?s=96&d=mm&r=g\",\"caption\":\"redazione\"},\"sameAs\":[\"http:\\\/\\\/www.bellunopress.it\",\"https:\\\/\\\/x.com\\\/bellunopress\"],\"url\":\"https:\\\/\\\/www.bellunopress.it\\\/fr\\\/author\\\/redazione\\\/\"}]}<\/script>\n<!-- \/ Yoast SEO plugin. -->","yoast_head_json":{"title":"Da Vi\u00e0 vola nella mezza maratona: 1h03'56\" ai Tricolori di Cremona - Bellunopress - Dolomiti","robots":{"index":"index","follow":"follow","max-snippet":"max-snippet:-1","max-image-preview":"max-image-preview:large","max-video-preview":"max-video-preview:-1"},"canonical":"https:\/\/www.bellunopress.it\/fr\/2025\/10\/20\/da-via-vola-nella-mezza-maratona-1h0356-ai-tricolori-di-cremona\/","og_locale":"fr_FR","og_type":"article","og_title":"Da Vi\u00e0 vola nella mezza maratona: 1h03'56\" ai Tricolori di Cremona - Bellunopress - Dolomiti","og_description":"Il 24enne bellunese, da quest\u2019anno in prestito al G.P. Parco Alpi Apuane, si migliora di oltre tre minuti e mezzo, arrivando decimo ai Campionati Italiani Assoluti Borgo Valbelluna (Belluno), 19 ottobre 2025 \u2013 Francesco Da Vi\u00e0 corre in un nuova dimensione: oggi, a Cremona, il 24enne bellunese ha fermato il cronometro a 1h03\u201956\u201d nella mezza [&hellip;]","og_url":"https:\/\/www.bellunopress.it\/fr\/2025\/10\/20\/da-via-vola-nella-mezza-maratona-1h0356-ai-tricolori-di-cremona\/","og_site_name":"Bellunopress - Dolomiti","article_publisher":"https:\/\/www.facebook.com\/profile.php?id=100008943462799","article_published_time":"2025-10-20T06:48:51+00:00","og_image":[{"width":600,"height":497,"url":"https:\/\/www.bellunopress.it\/wp-content\/uploads\/2025\/10\/Da-Via-Francesco_credit-Matteo-Battaglia.jpg","type":"image\/jpeg"}],"author":"redazione","twitter_card":"summary_large_image","twitter_creator":"@bellunopress","twitter_site":"@bellunopress","twitter_misc":{"\u00c9crit par":"redazione","Dur\u00e9e de lecture estim\u00e9e":"2 minutes"},"schema":{"@context":"https:\/\/schema.org","@graph":[{"@type":"Article","@id":"https:\/\/www.bellunopress.it\/2025\/10\/20\/da-via-vola-nella-mezza-maratona-1h0356-ai-tricolori-di-cremona\/#article","isPartOf":{"@id":"https:\/\/www.bellunopress.it\/2025\/10\/20\/da-via-vola-nella-mezza-maratona-1h0356-ai-tricolori-di-cremona\/"},"author":{"name":"redazione","@id":"https:\/\/www.bellunopress.it\/#\/schema\/person\/79bb06722b37ece1c03d3e94beb30d73"},"headline":"Da Vi\u00e0 vola nella mezza maratona: 1h03&#8217;56&#8221; ai Tricolori di Cremona","datePublished":"2025-10-20T06:48:51+00:00","mainEntityOfPage":{"@id":"https:\/\/www.bellunopress.it\/2025\/10\/20\/da-via-vola-nella-mezza-maratona-1h0356-ai-tricolori-di-cremona\/"},"wordCount":334,"publisher":{"@id":"https:\/\/www.bellunopress.it\/#organization"},"image":{"@id":"https:\/\/www.bellunopress.it\/2025\/10\/20\/da-via-vola-nella-mezza-maratona-1h0356-ai-tricolori-di-cremona\/#primaryimage"},"thumbnailUrl":"https:\/\/www.bellunopress.it\/wp-content\/uploads\/2025\/10\/Da-Via-Francesco_credit-Matteo-Battaglia.jpg","articleSection":["Sport, tempo libero"],"inLanguage":"fr-FR"},{"@type":"WebPage","@id":"https:\/\/www.bellunopress.it\/2025\/10\/20\/da-via-vola-nella-mezza-maratona-1h0356-ai-tricolori-di-cremona\/","url":"https:\/\/www.bellunopress.it\/2025\/10\/20\/da-via-vola-nella-mezza-maratona-1h0356-ai-tricolori-di-cremona\/","name":"Da Vi\u00e0 vola nella mezza maratona: 1h03'56\" ai Tricolori di Cremona - Bellunopress - Dolomiti","isPartOf":{"@id":"https:\/\/www.bellunopress.it\/#website"},"primaryImageOfPage":{"@id":"https:\/\/www.bellunopress.it\/2025\/10\/20\/da-via-vola-nella-mezza-maratona-1h0356-ai-tricolori-di-cremona\/#primaryimage"},"image":{"@id":"https:\/\/www.bellunopress.it\/2025\/10\/20\/da-via-vola-nella-mezza-maratona-1h0356-ai-tricolori-di-cremona\/#primaryimage"},"thumbnailUrl":"https:\/\/www.bellunopress.it\/wp-content\/uploads\/2025\/10\/Da-Via-Francesco_credit-Matteo-Battaglia.jpg","datePublished":"2025-10-20T06:48:51+00:00","breadcrumb":{"@id":"https:\/\/www.bellunopress.it\/2025\/10\/20\/da-via-vola-nella-mezza-maratona-1h0356-ai-tricolori-di-cremona\/#breadcrumb"},"inLanguage":"fr-FR","potentialAction":[{"@type":"ReadAction","target":["https:\/\/www.bellunopress.it\/2025\/10\/20\/da-via-vola-nella-mezza-maratona-1h0356-ai-tricolori-di-cremona\/"]}]},{"@type":"ImageObject","inLanguage":"fr-FR","@id":"https:\/\/www.bellunopress.it\/2025\/10\/20\/da-via-vola-nella-mezza-maratona-1h0356-ai-tricolori-di-cremona\/#primaryimage","url":"https:\/\/www.bellunopress.it\/wp-content\/uploads\/2025\/10\/Da-Via-Francesco_credit-Matteo-Battaglia.jpg","contentUrl":"https:\/\/www.bellunopress.it\/wp-content\/uploads\/2025\/10\/Da-Via-Francesco_credit-Matteo-Battaglia.jpg","width":600,"height":497,"caption":"Francesco Da Vi\u00e0 (Foto: Matteo Battaglia)"},{"@type":"BreadcrumbList","@id":"https:\/\/www.bellunopress.it\/2025\/10\/20\/da-via-vola-nella-mezza-maratona-1h0356-ai-tricolori-di-cremona\/#breadcrumb","itemListElement":[{"@type":"ListItem","position":1,"name":"Home","item":"https:\/\/www.bellunopress.it\/"},{"@type":"ListItem","position":2,"name":"Da Vi\u00e0 vola nella mezza maratona: 1h03&#8217;56&#8221; ai Tricolori di Cremona"}]},{"@type":"WebSite","@id":"https:\/\/www.bellunopress.it\/#website","url":"https:\/\/www.bellunopress.it\/","name":"Bellunopress - Dolomiti","description":"e-mail: redazione@bellunopress.it","publisher":{"@id":"https:\/\/www.bellunopress.it\/#organization"},"potentialAction":[{"@type":"SearchAction","target":{"@type":"EntryPoint","urlTemplate":"https:\/\/www.bellunopress.it\/?s={search_term_string}"},"query-input":{"@type":"PropertyValueSpecification","valueRequired":true,"valueName":"search_term_string"}}],"inLanguage":"fr-FR"},{"@type":"Organization","@id":"https:\/\/www.bellunopress.it\/#organization","name":"Bellunopress","url":"https:\/\/www.bellunopress.it\/","logo":{"@type":"ImageObject","inLanguage":"fr-FR","@id":"https:\/\/www.bellunopress.it\/#\/schema\/logo\/image\/","url":"https:\/\/www.bellunopress.it\/wp-content\/uploads\/2011\/05\/cropped-logo-bellunopress-.jpg","contentUrl":"https:\/\/www.bellunopress.it\/wp-content\/uploads\/2011\/05\/cropped-logo-bellunopress-.jpg","width":512,"height":512,"caption":"Bellunopress"},"image":{"@id":"https:\/\/www.bellunopress.it\/#\/schema\/logo\/image\/"},"sameAs":["https:\/\/www.facebook.com\/profile.php?id=100008943462799","https:\/\/x.com\/bellunopress","https:\/\/www.linkedin.com\/hp\/?dnr=JBzUWaJfMUw8vbXJJ2tVW5-I3jZKvC4wsoxE&amp;amp;amp;amp;amp;amp;trk=nav_responsive_tab_home","https:\/\/www.youtube.com\/channel\/UCxL0wu1uN0_3_7hGG0306cw"]},{"@type":"Person","@id":"https:\/\/www.bellunopress.it\/#\/schema\/person\/79bb06722b37ece1c03d3e94beb30d73","name":"r\u00e9daction","image":{"@type":"ImageObject","inLanguage":"fr-FR","@id":"https:\/\/secure.gravatar.com\/avatar\/37d968a2e67a6fd04c169c4bdef102d0bc5d31b2546345219e348575eb80e9a0?s=96&d=mm&r=g","url":"https:\/\/secure.gravatar.com\/avatar\/37d968a2e67a6fd04c169c4bdef102d0bc5d31b2546345219e348575eb80e9a0?s=96&d=mm&r=g","contentUrl":"https:\/\/secure.gravatar.com\/avatar\/37d968a2e67a6fd04c169c4bdef102d0bc5d31b2546345219e348575eb80e9a0?s=96&d=mm&r=g","caption":"redazione"},"sameAs":["http:\/\/www.bellunopress.it","https:\/\/x.com\/bellunopress"],"url":"https:\/\/www.bellunopress.it\/fr\/author\/redazione\/"}]}},"_links":{"self":[{"href":"https:\/\/www.bellunopress.it\/fr\/wp-json\/wp\/v2\/posts\/164220","targetHints":{"allow":["GET"]}}],"collection":[{"href":"https:\/\/www.bellunopress.it\/fr\/wp-json\/wp\/v2\/posts"}],"about":[{"href":"https:\/\/www.bellunopress.it\/fr\/wp-json\/wp\/v2\/types\/post"}],"author":[{"embeddable":true,"href":"https:\/\/www.bellunopress.it\/fr\/wp-json\/wp\/v2\/users\/2"}],"replies":[{"embeddable":true,"href":"https:\/\/www.bellunopress.it\/fr\/wp-json\/wp\/v2\/comments?post=164220"}],"version-history":[{"count":1,"href":"https:\/\/www.bellunopress.it\/fr\/wp-json\/wp\/v2\/posts\/164220\/revisions"}],"predecessor-version":[{"id":164222,"href":"https:\/\/www.bellunopress.it\/fr\/wp-json\/wp\/v2\/posts\/164220\/revisions\/164222"}],"wp:featuredmedia":[{"embeddable":true,"href":"https:\/\/www.bellunopress.it\/fr\/wp-json\/wp\/v2\/media\/164221"}],"wp:attachment":[{"href":"https:\/\/www.bellunopress.it\/fr\/wp-json\/wp\/v2\/media?parent=164220"}],"wp:term":[{"taxonomy":"category","embeddable":true,"href":"https:\/\/www.bellunopress.it\/fr\/wp-json\/wp\/v2\/categories?post=164220"},{"taxonomy":"post_tag","embeddable":true,"href":"https:\/\/www.bellunopress.it\/fr\/wp-json\/wp\/v2\/tags?post=164220"}],"curies":[{"name":"wp","href":"https:\/\/api.w.org\/{rel}","templated":true}]}}