{"id":164164,"date":"2025-10-16T18:14:14","date_gmt":"2025-10-16T16:14:14","guid":{"rendered":"https:\/\/www.bellunopress.it\/?p=164164"},"modified":"2025-10-16T18:14:14","modified_gmt":"2025-10-16T16:14:14","slug":"giovanifuturo-esulta-12-milioni-per-calmierare-le-bollette-dellacqua-alle-famiglie-in-difficolta","status":"publish","type":"post","link":"https:\/\/www.bellunopress.it\/fr\/2025\/10\/16\/giovanifuturo-esulta-12-milioni-per-calmierare-le-bollette-dellacqua-alle-famiglie-in-difficolta\/","title":{"rendered":"Giovani&#038;Futuro esulta: 1,2 milioni per calmierare le bollette dell&#8217;acqua alle famiglie in difficolt\u00e0"},"content":{"rendered":"<figure id=\"attachment_164165\" aria-describedby=\"caption-attachment-164165\" style=\"width: 800px\" class=\"wp-caption aligncenter\"><img loading=\"lazy\" decoding=\"async\" class=\"size-full wp-image-164165\" src=\"https:\/\/www.bellunopress.it\/wp-content\/uploads\/2025\/10\/GiovaniFuturo-Frescura-e-Menia-Corbanese.jpg\" alt=\"\" width=\"800\" height=\"746\" srcset=\"https:\/\/www.bellunopress.it\/wp-content\/uploads\/2025\/10\/GiovaniFuturo-Frescura-e-Menia-Corbanese.jpg 800w, https:\/\/www.bellunopress.it\/wp-content\/uploads\/2025\/10\/GiovaniFuturo-Frescura-e-Menia-Corbanese-500x466.jpg 500w, https:\/\/www.bellunopress.it\/wp-content\/uploads\/2025\/10\/GiovaniFuturo-Frescura-e-Menia-Corbanese-450x420.jpg 450w, https:\/\/www.bellunopress.it\/wp-content\/uploads\/2025\/10\/GiovaniFuturo-Frescura-e-Menia-Corbanese-696x649.jpg 696w\" sizes=\"auto, (max-width: 800px) 100vw, 800px\" \/><figcaption id=\"caption-attachment-164165\" class=\"wp-caption-text\">Giovani&amp;Futuro, Luca Frescura e Thomas Menia Corbanese<\/figcaption><\/figure>\n<p>Soddisfazione da parte di Giovani&amp;Futuro per la decisione di destinare 1,2 milioni di euro<br \/>\nal contenimento delle bollette dell\u2019acqua per migliaia di famiglie bellunesi.<\/p>\n<p>\u201cDopo mesi di impegno, arriva un risultato concreto: molte famiglie della provincia di<br \/>\nBelluno vedranno una riduzione sulla bolletta dell\u2019acqua, grazie a un fondo da 1,2 milioni<br \/>\ndi euro e alle soglie ISEE definite dall\u2019assemblea dei soci di S.I.B.\u201d \u2013 dichiarano Luca<br \/>\nFrescura e Thomas Menia Corbanese, Presidente e Vicepresidente di Giovani&amp;Futuro.<br \/>\n\u201cSiamo stati i primi a porre il tema della riduzione delle bollette idriche. Avevamo<br \/>\nverificato che esistevano le condizioni economiche per un intervento concreto a sostegno<br \/>\ndelle famiglie bellunesi. Dopo anni in cui la vecchia politica aumentava costantemente le<br \/>\ntariffe, oggi arriva un segnale di svolta reale.\u201d<\/p>\n<p>\u201cC\u2019\u00e8 chi oggi cerca di prendersi i meriti, dopo anni di silenzio e indifferenza. A noi non<br \/>\ninteressano i riconoscimenti: ci basta sapere che il nostro lavoro ha prodotto un risultato<br \/>\nutile a migliaia di cittadini. Purtroppo, nella misura approvata dai sindaci restano escluse<br \/>\nle imprese. Continueremo a lavorare per un taglio strutturale e duraturo, che includa anche<br \/>\nloro: le risorse ci sono, serve la volont\u00e0 politica.\u201d<\/p>\n<p>\u201cSiamo soddisfatti anche per un\u2019altra ragione: troppo spesso sentiamo dire che \u2018la coperta<br \/>\n\u00e8 corta\u2019 o che \u2018non ci sono soldi\u2019, usandolo come scusa per giustificare aumenti continui.<br \/>\nQuesto tempo \u00e8 finito. Con Giovani&amp;Futuro abbiamo dimostrato che, con impegno e<br \/>\nvisione, si possono ottenere risultati senza pesare sulle famiglie. Abbiamo lavorato per<br \/>\nmesi per costruire una proposta credibile, perch\u00e9 aumentare tasse e bollette non \u00e8 nel nostro vocabolario.\u201d<\/p>\n<p>Un ringraziamento speciale ai sindaci di Lozzo di Cadore e San Nicol\u00f2, che hanno<br \/>\nsostenuto la proposta sin dal primo giorno, credendo nella battaglia lanciata da<br \/>\nGiovani&amp;Futuro.<\/p>\n<p>\u201cQuesto \u00e8 solo un primo passo \u2013 concludono Frescura e Menia Corbanese \u2013 ma \u00e8 un passo<br \/>\nche ci rende felici ci emoziona. C\u2019\u00e8 ancora tanto da fare e noi non abbiamo alcuna<br \/>\nintenzione di fermarci\u201d.<\/p>","protected":false},"excerpt":{"rendered":"<p>Soddisfazione da parte di Giovani&amp;Futuro per la decisione di destinare 1,2 milioni di euro al contenimento delle bollette dell\u2019acqua per migliaia di famiglie bellunesi. \u201cDopo mesi di impegno, arriva un risultato concreto: molte famiglie della provincia di Belluno vedranno una riduzione sulla bolletta dell\u2019acqua, grazie a un fondo da 1,2 milioni di euro e alle [&hellip;]<\/p>\n","protected":false},"author":2,"featured_media":164165,"comment_status":"closed","ping_status":"open","sticky":false,"template":"","format":"standard","meta":{"footnotes":""},"categories":[5,26],"tags":[],"class_list":["post-164164","post","type-post","status-publish","format-standard","has-post-thumbnail","category-cronaca","category-prima-pagina"],"yoast_head":"<!-- This site is optimized with the Yoast SEO plugin v28.4 - https:\/\/yoast.com\/product\/yoast-seo-wordpress\/ -->\n<title>Giovani&amp;Futuro esulta: 1,2 milioni per calmierare le bollette dell&#039;acqua alle famiglie in difficolt\u00e0 - Bellunopress - Dolomiti<\/title>\n<meta name=\"robots\" content=\"index, follow, max-snippet:-1, max-image-preview:large, max-video-preview:-1\" \/>\n<link rel=\"canonical\" href=\"https:\/\/www.bellunopress.it\/fr\/2025\/10\/16\/giovanifuturo-esulta-12-milioni-per-calmierare-le-bollette-dellacqua-alle-famiglie-in-difficolta\/\" \/>\n<meta property=\"og:locale\" content=\"fr_FR\" \/>\n<meta property=\"og:type\" content=\"article\" \/>\n<meta property=\"og:title\" content=\"Giovani&amp;Futuro esulta: 1,2 milioni per calmierare le bollette dell&#039;acqua alle famiglie in difficolt\u00e0 - Bellunopress - Dolomiti\" \/>\n<meta property=\"og:description\" content=\"Soddisfazione da parte di Giovani&amp;Futuro per la decisione di destinare 1,2 milioni di euro al contenimento delle bollette dell\u2019acqua per migliaia di famiglie bellunesi. \u201cDopo mesi di impegno, arriva un risultato concreto: molte famiglie della provincia di Belluno vedranno una riduzione sulla bolletta dell\u2019acqua, grazie a un fondo da 1,2 milioni di euro e alle [&hellip;]\" \/>\n<meta property=\"og:url\" content=\"https:\/\/www.bellunopress.it\/fr\/2025\/10\/16\/giovanifuturo-esulta-12-milioni-per-calmierare-le-bollette-dellacqua-alle-famiglie-in-difficolta\/\" \/>\n<meta property=\"og:site_name\" content=\"Bellunopress - Dolomiti\" \/>\n<meta property=\"article:publisher\" content=\"https:\/\/www.facebook.com\/profile.php?id=100008943462799\" \/>\n<meta property=\"article:published_time\" content=\"2025-10-16T16:14:14+00:00\" \/>\n<meta property=\"og:image\" content=\"https:\/\/www.bellunopress.it\/wp-content\/uploads\/2025\/10\/GiovaniFuturo-Frescura-e-Menia-Corbanese.jpg\" \/>\n\t<meta property=\"og:image:width\" content=\"800\" \/>\n\t<meta property=\"og:image:height\" content=\"746\" \/>\n\t<meta property=\"og:image:type\" content=\"image\/jpeg\" \/>\n<meta name=\"author\" content=\"redazione\" \/>\n<meta name=\"twitter:card\" content=\"summary_large_image\" \/>\n<meta name=\"twitter:creator\" content=\"@bellunopress\" \/>\n<meta name=\"twitter:site\" content=\"@bellunopress\" \/>\n<meta name=\"twitter:label1\" content=\"\u00c9crit par\" \/>\n\t<meta name=\"twitter:data1\" content=\"redazione\" \/>\n\t<meta name=\"twitter:label2\" content=\"Dur\u00e9e de lecture estim\u00e9e\" \/>\n\t<meta name=\"twitter:data2\" content=\"2 minutes\" \/>\n<script type=\"application\/ld+json\" class=\"yoast-schema-graph\">{\"@context\":\"https:\\\/\\\/schema.org\",\"@graph\":[{\"@type\":\"Article\",\"@id\":\"https:\\\/\\\/www.bellunopress.it\\\/2025\\\/10\\\/16\\\/giovanifuturo-esulta-12-milioni-per-calmierare-le-bollette-dellacqua-alle-famiglie-in-difficolta\\\/#article\",\"isPartOf\":{\"@id\":\"https:\\\/\\\/www.bellunopress.it\\\/2025\\\/10\\\/16\\\/giovanifuturo-esulta-12-milioni-per-calmierare-le-bollette-dellacqua-alle-famiglie-in-difficolta\\\/\"},\"author\":{\"name\":\"redazione\",\"@id\":\"https:\\\/\\\/www.bellunopress.it\\\/#\\\/schema\\\/person\\\/79bb06722b37ece1c03d3e94beb30d73\"},\"headline\":\"Giovani&#038;Futuro esulta: 1,2 milioni per calmierare le bollette dell&#8217;acqua alle famiglie in difficolt\u00e0\",\"datePublished\":\"2025-10-16T16:14:14+00:00\",\"mainEntityOfPage\":{\"@id\":\"https:\\\/\\\/www.bellunopress.it\\\/2025\\\/10\\\/16\\\/giovanifuturo-esulta-12-milioni-per-calmierare-le-bollette-dellacqua-alle-famiglie-in-difficolta\\\/\"},\"wordCount\":355,\"publisher\":{\"@id\":\"https:\\\/\\\/www.bellunopress.it\\\/#organization\"},\"image\":{\"@id\":\"https:\\\/\\\/www.bellunopress.it\\\/2025\\\/10\\\/16\\\/giovanifuturo-esulta-12-milioni-per-calmierare-le-bollette-dellacqua-alle-famiglie-in-difficolta\\\/#primaryimage\"},\"thumbnailUrl\":\"https:\\\/\\\/www.bellunopress.it\\\/wp-content\\\/uploads\\\/2025\\\/10\\\/GiovaniFuturo-Frescura-e-Menia-Corbanese.jpg\",\"articleSection\":[\"Cronaca\\\/Politica\",\"Prima Pagina\"],\"inLanguage\":\"fr-FR\"},{\"@type\":\"WebPage\",\"@id\":\"https:\\\/\\\/www.bellunopress.it\\\/2025\\\/10\\\/16\\\/giovanifuturo-esulta-12-milioni-per-calmierare-le-bollette-dellacqua-alle-famiglie-in-difficolta\\\/\",\"url\":\"https:\\\/\\\/www.bellunopress.it\\\/2025\\\/10\\\/16\\\/giovanifuturo-esulta-12-milioni-per-calmierare-le-bollette-dellacqua-alle-famiglie-in-difficolta\\\/\",\"name\":\"Giovani&Futuro esulta: 1,2 milioni per calmierare le bollette dell'acqua alle famiglie in difficolt\u00e0 - Bellunopress - Dolomiti\",\"isPartOf\":{\"@id\":\"https:\\\/\\\/www.bellunopress.it\\\/#website\"},\"primaryImageOfPage\":{\"@id\":\"https:\\\/\\\/www.bellunopress.it\\\/2025\\\/10\\\/16\\\/giovanifuturo-esulta-12-milioni-per-calmierare-le-bollette-dellacqua-alle-famiglie-in-difficolta\\\/#primaryimage\"},\"image\":{\"@id\":\"https:\\\/\\\/www.bellunopress.it\\\/2025\\\/10\\\/16\\\/giovanifuturo-esulta-12-milioni-per-calmierare-le-bollette-dellacqua-alle-famiglie-in-difficolta\\\/#primaryimage\"},\"thumbnailUrl\":\"https:\\\/\\\/www.bellunopress.it\\\/wp-content\\\/uploads\\\/2025\\\/10\\\/GiovaniFuturo-Frescura-e-Menia-Corbanese.jpg\",\"datePublished\":\"2025-10-16T16:14:14+00:00\",\"breadcrumb\":{\"@id\":\"https:\\\/\\\/www.bellunopress.it\\\/2025\\\/10\\\/16\\\/giovanifuturo-esulta-12-milioni-per-calmierare-le-bollette-dellacqua-alle-famiglie-in-difficolta\\\/#breadcrumb\"},\"inLanguage\":\"fr-FR\",\"potentialAction\":[{\"@type\":\"ReadAction\",\"target\":[\"https:\\\/\\\/www.bellunopress.it\\\/2025\\\/10\\\/16\\\/giovanifuturo-esulta-12-milioni-per-calmierare-le-bollette-dellacqua-alle-famiglie-in-difficolta\\\/\"]}]},{\"@type\":\"ImageObject\",\"inLanguage\":\"fr-FR\",\"@id\":\"https:\\\/\\\/www.bellunopress.it\\\/2025\\\/10\\\/16\\\/giovanifuturo-esulta-12-milioni-per-calmierare-le-bollette-dellacqua-alle-famiglie-in-difficolta\\\/#primaryimage\",\"url\":\"https:\\\/\\\/www.bellunopress.it\\\/wp-content\\\/uploads\\\/2025\\\/10\\\/GiovaniFuturo-Frescura-e-Menia-Corbanese.jpg\",\"contentUrl\":\"https:\\\/\\\/www.bellunopress.it\\\/wp-content\\\/uploads\\\/2025\\\/10\\\/GiovaniFuturo-Frescura-e-Menia-Corbanese.jpg\",\"width\":800,\"height\":746,\"caption\":\"Giovani&Futuro, Luca Frescura e Thomas Menia Corbanese\"},{\"@type\":\"BreadcrumbList\",\"@id\":\"https:\\\/\\\/www.bellunopress.it\\\/2025\\\/10\\\/16\\\/giovanifuturo-esulta-12-milioni-per-calmierare-le-bollette-dellacqua-alle-famiglie-in-difficolta\\\/#breadcrumb\",\"itemListElement\":[{\"@type\":\"ListItem\",\"position\":1,\"name\":\"Home\",\"item\":\"https:\\\/\\\/www.bellunopress.it\\\/\"},{\"@type\":\"ListItem\",\"position\":2,\"name\":\"Giovani&#038;Futuro esulta: 1,2 milioni per calmierare le bollette dell&#8217;acqua alle famiglie in difficolt\u00e0\"}]},{\"@type\":\"WebSite\",\"@id\":\"https:\\\/\\\/www.bellunopress.it\\\/#website\",\"url\":\"https:\\\/\\\/www.bellunopress.it\\\/\",\"name\":\"Bellunopress - Dolomiti\",\"description\":\"e-mail: redazione@bellunopress.it\",\"publisher\":{\"@id\":\"https:\\\/\\\/www.bellunopress.it\\\/#organization\"},\"potentialAction\":[{\"@type\":\"SearchAction\",\"target\":{\"@type\":\"EntryPoint\",\"urlTemplate\":\"https:\\\/\\\/www.bellunopress.it\\\/?s={search_term_string}\"},\"query-input\":{\"@type\":\"PropertyValueSpecification\",\"valueRequired\":true,\"valueName\":\"search_term_string\"}}],\"inLanguage\":\"fr-FR\"},{\"@type\":\"Organization\",\"@id\":\"https:\\\/\\\/www.bellunopress.it\\\/#organization\",\"name\":\"Bellunopress\",\"url\":\"https:\\\/\\\/www.bellunopress.it\\\/\",\"logo\":{\"@type\":\"ImageObject\",\"inLanguage\":\"fr-FR\",\"@id\":\"https:\\\/\\\/www.bellunopress.it\\\/#\\\/schema\\\/logo\\\/image\\\/\",\"url\":\"https:\\\/\\\/www.bellunopress.it\\\/wp-content\\\/uploads\\\/2011\\\/05\\\/cropped-logo-bellunopress-.jpg\",\"contentUrl\":\"https:\\\/\\\/www.bellunopress.it\\\/wp-content\\\/uploads\\\/2011\\\/05\\\/cropped-logo-bellunopress-.jpg\",\"width\":512,\"height\":512,\"caption\":\"Bellunopress\"},\"image\":{\"@id\":\"https:\\\/\\\/www.bellunopress.it\\\/#\\\/schema\\\/logo\\\/image\\\/\"},\"sameAs\":[\"https:\\\/\\\/www.facebook.com\\\/profile.php?id=100008943462799\",\"https:\\\/\\\/x.com\\\/bellunopress\",\"https:\\\/\\\/www.linkedin.com\\\/hp\\\/?dnr=JBzUWaJfMUw8vbXJJ2tVW5-I3jZKvC4wsoxE&amp;amp;amp;amp;amp;amp;trk=nav_responsive_tab_home\",\"https:\\\/\\\/www.youtube.com\\\/channel\\\/UCxL0wu1uN0_3_7hGG0306cw\"]},{\"@type\":\"Person\",\"@id\":\"https:\\\/\\\/www.bellunopress.it\\\/#\\\/schema\\\/person\\\/79bb06722b37ece1c03d3e94beb30d73\",\"name\":\"redazione\",\"image\":{\"@type\":\"ImageObject\",\"inLanguage\":\"fr-FR\",\"@id\":\"https:\\\/\\\/secure.gravatar.com\\\/avatar\\\/37d968a2e67a6fd04c169c4bdef102d0bc5d31b2546345219e348575eb80e9a0?s=96&d=mm&r=g\",\"url\":\"https:\\\/\\\/secure.gravatar.com\\\/avatar\\\/37d968a2e67a6fd04c169c4bdef102d0bc5d31b2546345219e348575eb80e9a0?s=96&d=mm&r=g\",\"contentUrl\":\"https:\\\/\\\/secure.gravatar.com\\\/avatar\\\/37d968a2e67a6fd04c169c4bdef102d0bc5d31b2546345219e348575eb80e9a0?s=96&d=mm&r=g\",\"caption\":\"redazione\"},\"sameAs\":[\"http:\\\/\\\/www.bellunopress.it\",\"https:\\\/\\\/x.com\\\/bellunopress\"],\"url\":\"https:\\\/\\\/www.bellunopress.it\\\/fr\\\/author\\\/redazione\\\/\"}]}<\/script>\n<!-- \/ Yoast SEO plugin. -->","yoast_head_json":{"title":"Giovani&Futuro esulta: 1,2 milioni per calmierare le bollette dell'acqua alle famiglie in difficolt\u00e0 - Bellunopress - Dolomiti","robots":{"index":"index","follow":"follow","max-snippet":"max-snippet:-1","max-image-preview":"max-image-preview:large","max-video-preview":"max-video-preview:-1"},"canonical":"https:\/\/www.bellunopress.it\/fr\/2025\/10\/16\/giovanifuturo-esulta-12-milioni-per-calmierare-le-bollette-dellacqua-alle-famiglie-in-difficolta\/","og_locale":"fr_FR","og_type":"article","og_title":"Giovani&Futuro esulta: 1,2 milioni per calmierare le bollette dell'acqua alle famiglie in difficolt\u00e0 - Bellunopress - Dolomiti","og_description":"Soddisfazione da parte di Giovani&amp;Futuro per la decisione di destinare 1,2 milioni di euro al contenimento delle bollette dell\u2019acqua per migliaia di famiglie bellunesi. \u201cDopo mesi di impegno, arriva un risultato concreto: molte famiglie della provincia di Belluno vedranno una riduzione sulla bolletta dell\u2019acqua, grazie a un fondo da 1,2 milioni di euro e alle [&hellip;]","og_url":"https:\/\/www.bellunopress.it\/fr\/2025\/10\/16\/giovanifuturo-esulta-12-milioni-per-calmierare-le-bollette-dellacqua-alle-famiglie-in-difficolta\/","og_site_name":"Bellunopress - Dolomiti","article_publisher":"https:\/\/www.facebook.com\/profile.php?id=100008943462799","article_published_time":"2025-10-16T16:14:14+00:00","og_image":[{"width":800,"height":746,"url":"https:\/\/www.bellunopress.it\/wp-content\/uploads\/2025\/10\/GiovaniFuturo-Frescura-e-Menia-Corbanese.jpg","type":"image\/jpeg"}],"author":"redazione","twitter_card":"summary_large_image","twitter_creator":"@bellunopress","twitter_site":"@bellunopress","twitter_misc":{"\u00c9crit par":"redazione","Dur\u00e9e de lecture estim\u00e9e":"2 minutes"},"schema":{"@context":"https:\/\/schema.org","@graph":[{"@type":"Article","@id":"https:\/\/www.bellunopress.it\/2025\/10\/16\/giovanifuturo-esulta-12-milioni-per-calmierare-le-bollette-dellacqua-alle-famiglie-in-difficolta\/#article","isPartOf":{"@id":"https:\/\/www.bellunopress.it\/2025\/10\/16\/giovanifuturo-esulta-12-milioni-per-calmierare-le-bollette-dellacqua-alle-famiglie-in-difficolta\/"},"author":{"name":"redazione","@id":"https:\/\/www.bellunopress.it\/#\/schema\/person\/79bb06722b37ece1c03d3e94beb30d73"},"headline":"Giovani&#038;Futuro esulta: 1,2 milioni per calmierare le bollette dell&#8217;acqua alle famiglie in difficolt\u00e0","datePublished":"2025-10-16T16:14:14+00:00","mainEntityOfPage":{"@id":"https:\/\/www.bellunopress.it\/2025\/10\/16\/giovanifuturo-esulta-12-milioni-per-calmierare-le-bollette-dellacqua-alle-famiglie-in-difficolta\/"},"wordCount":355,"publisher":{"@id":"https:\/\/www.bellunopress.it\/#organization"},"image":{"@id":"https:\/\/www.bellunopress.it\/2025\/10\/16\/giovanifuturo-esulta-12-milioni-per-calmierare-le-bollette-dellacqua-alle-famiglie-in-difficolta\/#primaryimage"},"thumbnailUrl":"https:\/\/www.bellunopress.it\/wp-content\/uploads\/2025\/10\/GiovaniFuturo-Frescura-e-Menia-Corbanese.jpg","articleSection":["Cronaca\/Politica","Prima Pagina"],"inLanguage":"fr-FR"},{"@type":"WebPage","@id":"https:\/\/www.bellunopress.it\/2025\/10\/16\/giovanifuturo-esulta-12-milioni-per-calmierare-le-bollette-dellacqua-alle-famiglie-in-difficolta\/","url":"https:\/\/www.bellunopress.it\/2025\/10\/16\/giovanifuturo-esulta-12-milioni-per-calmierare-le-bollette-dellacqua-alle-famiglie-in-difficolta\/","name":"Giovani&Futuro esulta: 1,2 milioni per calmierare le bollette dell'acqua alle famiglie in difficolt\u00e0 - Bellunopress - Dolomiti","isPartOf":{"@id":"https:\/\/www.bellunopress.it\/#website"},"primaryImageOfPage":{"@id":"https:\/\/www.bellunopress.it\/2025\/10\/16\/giovanifuturo-esulta-12-milioni-per-calmierare-le-bollette-dellacqua-alle-famiglie-in-difficolta\/#primaryimage"},"image":{"@id":"https:\/\/www.bellunopress.it\/2025\/10\/16\/giovanifuturo-esulta-12-milioni-per-calmierare-le-bollette-dellacqua-alle-famiglie-in-difficolta\/#primaryimage"},"thumbnailUrl":"https:\/\/www.bellunopress.it\/wp-content\/uploads\/2025\/10\/GiovaniFuturo-Frescura-e-Menia-Corbanese.jpg","datePublished":"2025-10-16T16:14:14+00:00","breadcrumb":{"@id":"https:\/\/www.bellunopress.it\/2025\/10\/16\/giovanifuturo-esulta-12-milioni-per-calmierare-le-bollette-dellacqua-alle-famiglie-in-difficolta\/#breadcrumb"},"inLanguage":"fr-FR","potentialAction":[{"@type":"ReadAction","target":["https:\/\/www.bellunopress.it\/2025\/10\/16\/giovanifuturo-esulta-12-milioni-per-calmierare-le-bollette-dellacqua-alle-famiglie-in-difficolta\/"]}]},{"@type":"ImageObject","inLanguage":"fr-FR","@id":"https:\/\/www.bellunopress.it\/2025\/10\/16\/giovanifuturo-esulta-12-milioni-per-calmierare-le-bollette-dellacqua-alle-famiglie-in-difficolta\/#primaryimage","url":"https:\/\/www.bellunopress.it\/wp-content\/uploads\/2025\/10\/GiovaniFuturo-Frescura-e-Menia-Corbanese.jpg","contentUrl":"https:\/\/www.bellunopress.it\/wp-content\/uploads\/2025\/10\/GiovaniFuturo-Frescura-e-Menia-Corbanese.jpg","width":800,"height":746,"caption":"Giovani&Futuro, Luca Frescura e Thomas Menia Corbanese"},{"@type":"BreadcrumbList","@id":"https:\/\/www.bellunopress.it\/2025\/10\/16\/giovanifuturo-esulta-12-milioni-per-calmierare-le-bollette-dellacqua-alle-famiglie-in-difficolta\/#breadcrumb","itemListElement":[{"@type":"ListItem","position":1,"name":"Home","item":"https:\/\/www.bellunopress.it\/"},{"@type":"ListItem","position":2,"name":"Giovani&#038;Futuro esulta: 1,2 milioni per calmierare le bollette dell&#8217;acqua alle famiglie in difficolt\u00e0"}]},{"@type":"WebSite","@id":"https:\/\/www.bellunopress.it\/#website","url":"https:\/\/www.bellunopress.it\/","name":"Bellunopress - Dolomiti","description":"e-mail: redazione@bellunopress.it","publisher":{"@id":"https:\/\/www.bellunopress.it\/#organization"},"potentialAction":[{"@type":"SearchAction","target":{"@type":"EntryPoint","urlTemplate":"https:\/\/www.bellunopress.it\/?s={search_term_string}"},"query-input":{"@type":"PropertyValueSpecification","valueRequired":true,"valueName":"search_term_string"}}],"inLanguage":"fr-FR"},{"@type":"Organization","@id":"https:\/\/www.bellunopress.it\/#organization","name":"Bellunopress","url":"https:\/\/www.bellunopress.it\/","logo":{"@type":"ImageObject","inLanguage":"fr-FR","@id":"https:\/\/www.bellunopress.it\/#\/schema\/logo\/image\/","url":"https:\/\/www.bellunopress.it\/wp-content\/uploads\/2011\/05\/cropped-logo-bellunopress-.jpg","contentUrl":"https:\/\/www.bellunopress.it\/wp-content\/uploads\/2011\/05\/cropped-logo-bellunopress-.jpg","width":512,"height":512,"caption":"Bellunopress"},"image":{"@id":"https:\/\/www.bellunopress.it\/#\/schema\/logo\/image\/"},"sameAs":["https:\/\/www.facebook.com\/profile.php?id=100008943462799","https:\/\/x.com\/bellunopress","https:\/\/www.linkedin.com\/hp\/?dnr=JBzUWaJfMUw8vbXJJ2tVW5-I3jZKvC4wsoxE&amp;amp;amp;amp;amp;amp;trk=nav_responsive_tab_home","https:\/\/www.youtube.com\/channel\/UCxL0wu1uN0_3_7hGG0306cw"]},{"@type":"Person","@id":"https:\/\/www.bellunopress.it\/#\/schema\/person\/79bb06722b37ece1c03d3e94beb30d73","name":"r\u00e9daction","image":{"@type":"ImageObject","inLanguage":"fr-FR","@id":"https:\/\/secure.gravatar.com\/avatar\/37d968a2e67a6fd04c169c4bdef102d0bc5d31b2546345219e348575eb80e9a0?s=96&d=mm&r=g","url":"https:\/\/secure.gravatar.com\/avatar\/37d968a2e67a6fd04c169c4bdef102d0bc5d31b2546345219e348575eb80e9a0?s=96&d=mm&r=g","contentUrl":"https:\/\/secure.gravatar.com\/avatar\/37d968a2e67a6fd04c169c4bdef102d0bc5d31b2546345219e348575eb80e9a0?s=96&d=mm&r=g","caption":"redazione"},"sameAs":["http:\/\/www.bellunopress.it","https:\/\/x.com\/bellunopress"],"url":"https:\/\/www.bellunopress.it\/fr\/author\/redazione\/"}]}},"_links":{"self":[{"href":"https:\/\/www.bellunopress.it\/fr\/wp-json\/wp\/v2\/posts\/164164","targetHints":{"allow":["GET"]}}],"collection":[{"href":"https:\/\/www.bellunopress.it\/fr\/wp-json\/wp\/v2\/posts"}],"about":[{"href":"https:\/\/www.bellunopress.it\/fr\/wp-json\/wp\/v2\/types\/post"}],"author":[{"embeddable":true,"href":"https:\/\/www.bellunopress.it\/fr\/wp-json\/wp\/v2\/users\/2"}],"replies":[{"embeddable":true,"href":"https:\/\/www.bellunopress.it\/fr\/wp-json\/wp\/v2\/comments?post=164164"}],"version-history":[{"count":1,"href":"https:\/\/www.bellunopress.it\/fr\/wp-json\/wp\/v2\/posts\/164164\/revisions"}],"predecessor-version":[{"id":164166,"href":"https:\/\/www.bellunopress.it\/fr\/wp-json\/wp\/v2\/posts\/164164\/revisions\/164166"}],"wp:featuredmedia":[{"embeddable":true,"href":"https:\/\/www.bellunopress.it\/fr\/wp-json\/wp\/v2\/media\/164165"}],"wp:attachment":[{"href":"https:\/\/www.bellunopress.it\/fr\/wp-json\/wp\/v2\/media?parent=164164"}],"wp:term":[{"taxonomy":"category","embeddable":true,"href":"https:\/\/www.bellunopress.it\/fr\/wp-json\/wp\/v2\/categories?post=164164"},{"taxonomy":"post_tag","embeddable":true,"href":"https:\/\/www.bellunopress.it\/fr\/wp-json\/wp\/v2\/tags?post=164164"}],"curies":[{"name":"wp","href":"https:\/\/api.w.org\/{rel}","templated":true}]}}