{"id":164161,"date":"2025-10-16T17:24:19","date_gmt":"2025-10-16T15:24:19","guid":{"rendered":"https:\/\/www.bellunopress.it\/?p=164161"},"modified":"2025-10-16T17:24:19","modified_gmt":"2025-10-16T15:24:19","slug":"sei-motivi-per-cui-il-marocco-attrae-come-meta-turistica","status":"publish","type":"post","link":"https:\/\/www.bellunopress.it\/fr\/2025\/10\/16\/sei-motivi-per-cui-il-marocco-attrae-come-meta-turistica\/","title":{"rendered":"Sei motivi per cui il Marocco attrae come meta turistica"},"content":{"rendered":"<p><img loading=\"lazy\" decoding=\"async\" class=\"aligncenter size-full wp-image-164162\" src=\"https:\/\/www.bellunopress.it\/wp-content\/uploads\/2025\/10\/Marocco-meta-turistica_edited.jpg\" alt=\"\" width=\"800\" height=\"534\" srcset=\"https:\/\/www.bellunopress.it\/wp-content\/uploads\/2025\/10\/Marocco-meta-turistica_edited.jpg 800w, https:\/\/www.bellunopress.it\/wp-content\/uploads\/2025\/10\/Marocco-meta-turistica_edited-500x334.jpg 500w, https:\/\/www.bellunopress.it\/wp-content\/uploads\/2025\/10\/Marocco-meta-turistica_edited-629x420.jpg 629w, https:\/\/www.bellunopress.it\/wp-content\/uploads\/2025\/10\/Marocco-meta-turistica_edited-696x465.jpg 696w\" sizes=\"auto, (max-width: 800px) 100vw, 800px\" \/>Negli ultimi anni il Marocco ha registrato cifre record nel turismo che ne confermano il crescente fascino. Nel 2024 ha accolto <strong>17,4 milioni di visitatori<\/strong>, con un aumento del <strong>20% rispetto al 2023<\/strong>, anticipando di due anni gli obiettivi del suo piano turistico triennale. Nei primi sette mesi del 2025 il numero ha superato gli <strong>11,6 milioni di turisti<\/strong>, segnando un +16% rispetto allo stesso periodo dell\u2019anno precedente. Dati che mostrano come il Marocco non sia pi\u00f9 solo desiderio, ma una meta concreta e attrattiva per milioni di viaggiatori ogni anno.<\/p>\n<p>Dietro questi numeri non ci sono solo statistiche, ma la forza di un Paese che conquista con i suoi profumi di spezie, i colori accesi dei mercati, i silenzi del deserto e l\u2019ospitalit\u00e0 calorosa della sua gente. Non resta che unirsi ai viaggiatori con i <a href=\"https:\/\/inmaroccoconlisa.it\/come-partire-preparati-informazioni-generali-sul-marocco\/\">tour di <strong>Lisa Florian<\/strong> <strong>di inmaroccoconlisa.it<\/strong><\/a>, con l\u2019esperienza della quale abbiamo selezionato sei motivi che raccontano perch\u00e9 il Marocco non \u00e8 soltanto una meta di viaggio, ma un\u2019esperienza che lascia emozioni vive e ricordi indelebili in chi lo visita.<\/p>\n<h2>Marocco: cultura millenaria e tradizioni vive<\/h2>\n<p>Il Marocco \u00e8 una terra in cui il passato e il presente convivono in armonia: le citt\u00e0 imperiali come Marrakech, F\u00e8s, Mekn\u00e8s e Rabat sono veri e propri musei a cielo aperto, con palazzi decorati, moschee monumentali, medine labirintiche raccontano secoli di storia. Al tempo stesso, le tradizioni locali non si limitano ai siti storici ma vivono nella quotidianit\u00e0. Un t\u00e8 alla menta condiviso in una casa marocchina o una passeggiata nei souk affollati, permettono al viaggiatore di immergersi in un <strong>tessuto culturale che resta genuino<\/strong>, nonostante la crescente modernit\u00e0.<\/p>\n<h2>Marocco: natura spettacolare e paesaggi contrastanti<\/h2>\n<p>Pochi Paesi al mondo offrono una variet\u00e0 di scenari paragonabile a quella marocchina. In poche ore di viaggio si pu\u00f2 passare dalle cime innevate dell\u2019Atlante alle dune dorate del deserto del Sahara, fino alle coste atlantiche e mediterranee. Per chi ama l\u2019outdoor, il Marocco \u00e8 un paradiso: trekking tra i villaggi berberi, escursioni nelle gole e canyon, surf lungo la costa di Essaouira o Agadir. Questa ricchezza naturale permette di organizzare <strong>itinerari dinamici e sempre diversi<\/strong>, capaci di soddisfare viaggiatori dalle passioni pi\u00f9 eterogenee.<\/p>\n<h2>Marocco: gastronomia autentica e sensoriale<\/h2>\n<p>Un viaggio in Marocco \u00e8 anche un percorso tra sapori e profumi. La cucina marocchina \u00e8 rinomata per la sua variet\u00e0 e l\u2019equilibrio di spezie e aromi: couscous, tajine, le zuppe di harira e i dolci a base di mandorle e miele, sono solo alcune delle specialit\u00e0 che conquistano i palati di chi visita il Paese. Non \u00e8 solo questione di gusto: ogni pasto \u00e8 un rito, un momento di convivialit\u00e0 che permette di comprendere meglio la cultura locale. Sempre pi\u00f9 tour operator inseriscono <strong>esperienze gastronomiche<\/strong> nei loro programmi, come lezioni di cucina tradizionale o cene in riad storici, per avvicinare i viaggiatori al cuore autentico della cucina marocchina.<\/p>\n<h2>Marocco: artigianato e mercati colorati<\/h2>\n<p>L\u2019artigianato marocchino \u00e8 uno dei grandi tesori del Paese. Nei souk si trovano tappeti tessuti a mano, ceramiche decorate, lampade in metallo intarsiato, pellami e gioielli. Ogni oggetto non \u00e8 solo un souvenir, ma racconta una tradizione tramandata di generazione in generazione. L\u2019incontro con gli artigiani, spesso inserito nei programmi di viaggio organizzati, consente di scoprire il valore culturale e sociale di queste produzioni. Per i viaggiatori pi\u00f9 attenti, acquistare artigianato locale diventa un modo per sostenere le comunit\u00e0 e conservare un <strong>ricordo autentico del Marocco<\/strong>.<\/p>\n<h2>Marocco: il fascino del deserto<\/h2>\n<p>Tra le esperienze pi\u00f9 sognate dai viaggiatori c\u2019\u00e8 sicuramente il deserto. Le dune del Sahara, che si estendono a perdita d\u2019occhio, offrono scenari che restano impressi nella memoria. Dormire in un campo tendato, ammirare il tramonto sulle dune o lasciarsi incantare dal cielo stellato senza inquinamento luminoso, sono momenti che trasformano un semplice viaggio in un\u2019esperienza indimenticabile. Lisa Florian propone sempre itinerari che includano il deserto, garantendo comfort e sicurezza anche in un ambiente tanto remoto.<\/p>\n<h2>Marocco e citt\u00e0 imperiali, tra storia e modernit\u00e0<\/h2>\n<p>Le citt\u00e0 imperiali del Marocco non sono solo patrimonio storico, ma vivono una doppia anima: quella antica, legata a palazzi, madrase e medine, e quella moderna, fatta di quartieri eleganti, musei contemporanei e festival culturali. <strong>Marrakech<\/strong>, con la sua vivace piazza Jemaa el-Fna, rappresenta un punto di partenza iconico, mentre <strong>F\u00e8s<\/strong> rimane la culla spirituale e artigiana del Paese. <strong>Rabat<\/strong>, capitale amministrativa, unisce tradizione e innovazione, mentre <strong>Mekn\u00e8s<\/strong> conserva un fascino pi\u00f9 intimo. I viaggiatori che scelgono un viaggio organizzato hanno la possibilit\u00e0 di esplorare queste citt\u00e0 in maniera completa, senza tralasciare dettagli che da soli potrebbero sfuggire.<\/p>\n<h2>Marocco: un Paese che non smette di sorprendere<\/h2>\n<p>Il Marocco attrae perch\u00e9 riesce a unire autenticit\u00e0 e ospitalit\u00e0, variet\u00e0 di paesaggi e ricchezza culturale, storia millenaria e nuove tendenze. \u00c8 una meta che parla a diverse tipologie di viaggiatori: <strong>chi cerca avventura, chi vuole un viaggio rilassante, chi desidera immergersi nella cultura o chi ama l\u2019enogastronomia<\/strong>. Affidarsi a un tour operator italiano permette di vivere queste esperienze in modo strutturato e senza pensieri, ma con la libert\u00e0 di lasciarsi sorprendere da un Paese che sa sempre regalare emozioni nuove.<\/p>","protected":false},"excerpt":{"rendered":"<p>Negli ultimi anni il Marocco ha registrato cifre record nel turismo che ne confermano il crescente fascino. Nel 2024 ha accolto 17,4 milioni di visitatori, con un aumento del 20% rispetto al 2023, anticipando di due anni gli obiettivi del suo piano turistico triennale. Nei primi sette mesi del 2025 il numero ha superato gli [&hellip;]<\/p>\n","protected":false},"author":2,"featured_media":164162,"comment_status":"closed","ping_status":"open","sticky":false,"template":"","format":"standard","meta":{"footnotes":""},"categories":[3394],"tags":[],"class_list":["post-164161","post","type-post","status-publish","format-standard","has-post-thumbnail","category-cultura-e-spettacoli-fuori-provincia"],"yoast_head":"<!-- This site is optimized with the Yoast SEO plugin v28.4 - https:\/\/yoast.com\/product\/yoast-seo-wordpress\/ -->\n<title>Sei motivi per cui il Marocco attrae come meta turistica - Bellunopress - Dolomiti<\/title>\n<meta name=\"robots\" content=\"index, follow, max-snippet:-1, max-image-preview:large, max-video-preview:-1\" \/>\n<link rel=\"canonical\" href=\"https:\/\/www.bellunopress.it\/fr\/2025\/10\/16\/sei-motivi-per-cui-il-marocco-attrae-come-meta-turistica\/\" \/>\n<meta property=\"og:locale\" content=\"fr_FR\" \/>\n<meta property=\"og:type\" content=\"article\" \/>\n<meta property=\"og:title\" content=\"Sei motivi per cui il Marocco attrae come meta turistica - Bellunopress - Dolomiti\" \/>\n<meta property=\"og:description\" content=\"Negli ultimi anni il Marocco ha registrato cifre record nel turismo che ne confermano il crescente fascino. Nel 2024 ha accolto 17,4 milioni di visitatori, con un aumento del 20% rispetto al 2023, anticipando di due anni gli obiettivi del suo piano turistico triennale. Nei primi sette mesi del 2025 il numero ha superato gli [&hellip;]\" \/>\n<meta property=\"og:url\" content=\"https:\/\/www.bellunopress.it\/fr\/2025\/10\/16\/sei-motivi-per-cui-il-marocco-attrae-come-meta-turistica\/\" \/>\n<meta property=\"og:site_name\" content=\"Bellunopress - Dolomiti\" \/>\n<meta property=\"article:publisher\" content=\"https:\/\/www.facebook.com\/profile.php?id=100008943462799\" \/>\n<meta property=\"article:published_time\" content=\"2025-10-16T15:24:19+00:00\" \/>\n<meta property=\"og:image\" content=\"https:\/\/www.bellunopress.it\/wp-content\/uploads\/2025\/10\/Marocco-meta-turistica_edited.jpg\" \/>\n\t<meta property=\"og:image:width\" content=\"800\" \/>\n\t<meta property=\"og:image:height\" content=\"534\" \/>\n\t<meta property=\"og:image:type\" content=\"image\/jpeg\" \/>\n<meta name=\"author\" content=\"redazione\" \/>\n<meta name=\"twitter:card\" content=\"summary_large_image\" \/>\n<meta name=\"twitter:creator\" content=\"@bellunopress\" \/>\n<meta name=\"twitter:site\" content=\"@bellunopress\" \/>\n<meta name=\"twitter:label1\" content=\"\u00c9crit par\" \/>\n\t<meta name=\"twitter:data1\" content=\"redazione\" \/>\n\t<meta name=\"twitter:label2\" content=\"Dur\u00e9e de lecture estim\u00e9e\" \/>\n\t<meta name=\"twitter:data2\" content=\"4 minutes\" \/>\n<script type=\"application\/ld+json\" class=\"yoast-schema-graph\">{\"@context\":\"https:\\\/\\\/schema.org\",\"@graph\":[{\"@type\":\"Article\",\"@id\":\"https:\\\/\\\/www.bellunopress.it\\\/2025\\\/10\\\/16\\\/sei-motivi-per-cui-il-marocco-attrae-come-meta-turistica\\\/#article\",\"isPartOf\":{\"@id\":\"https:\\\/\\\/www.bellunopress.it\\\/2025\\\/10\\\/16\\\/sei-motivi-per-cui-il-marocco-attrae-come-meta-turistica\\\/\"},\"author\":{\"name\":\"redazione\",\"@id\":\"https:\\\/\\\/www.bellunopress.it\\\/#\\\/schema\\\/person\\\/79bb06722b37ece1c03d3e94beb30d73\"},\"headline\":\"Sei motivi per cui il Marocco attrae come meta turistica\",\"datePublished\":\"2025-10-16T15:24:19+00:00\",\"mainEntityOfPage\":{\"@id\":\"https:\\\/\\\/www.bellunopress.it\\\/2025\\\/10\\\/16\\\/sei-motivi-per-cui-il-marocco-attrae-come-meta-turistica\\\/\"},\"wordCount\":852,\"publisher\":{\"@id\":\"https:\\\/\\\/www.bellunopress.it\\\/#organization\"},\"image\":{\"@id\":\"https:\\\/\\\/www.bellunopress.it\\\/2025\\\/10\\\/16\\\/sei-motivi-per-cui-il-marocco-attrae-come-meta-turistica\\\/#primaryimage\"},\"thumbnailUrl\":\"https:\\\/\\\/www.bellunopress.it\\\/wp-content\\\/uploads\\\/2025\\\/10\\\/Marocco-meta-turistica_edited.jpg\",\"articleSection\":[\"Cultura e spettacoli, tempo libero, benessere, fuori provincia\"],\"inLanguage\":\"fr-FR\"},{\"@type\":\"WebPage\",\"@id\":\"https:\\\/\\\/www.bellunopress.it\\\/2025\\\/10\\\/16\\\/sei-motivi-per-cui-il-marocco-attrae-come-meta-turistica\\\/\",\"url\":\"https:\\\/\\\/www.bellunopress.it\\\/2025\\\/10\\\/16\\\/sei-motivi-per-cui-il-marocco-attrae-come-meta-turistica\\\/\",\"name\":\"Sei motivi per cui il Marocco attrae come meta turistica - Bellunopress - Dolomiti\",\"isPartOf\":{\"@id\":\"https:\\\/\\\/www.bellunopress.it\\\/#website\"},\"primaryImageOfPage\":{\"@id\":\"https:\\\/\\\/www.bellunopress.it\\\/2025\\\/10\\\/16\\\/sei-motivi-per-cui-il-marocco-attrae-come-meta-turistica\\\/#primaryimage\"},\"image\":{\"@id\":\"https:\\\/\\\/www.bellunopress.it\\\/2025\\\/10\\\/16\\\/sei-motivi-per-cui-il-marocco-attrae-come-meta-turistica\\\/#primaryimage\"},\"thumbnailUrl\":\"https:\\\/\\\/www.bellunopress.it\\\/wp-content\\\/uploads\\\/2025\\\/10\\\/Marocco-meta-turistica_edited.jpg\",\"datePublished\":\"2025-10-16T15:24:19+00:00\",\"breadcrumb\":{\"@id\":\"https:\\\/\\\/www.bellunopress.it\\\/2025\\\/10\\\/16\\\/sei-motivi-per-cui-il-marocco-attrae-come-meta-turistica\\\/#breadcrumb\"},\"inLanguage\":\"fr-FR\",\"potentialAction\":[{\"@type\":\"ReadAction\",\"target\":[\"https:\\\/\\\/www.bellunopress.it\\\/2025\\\/10\\\/16\\\/sei-motivi-per-cui-il-marocco-attrae-come-meta-turistica\\\/\"]}]},{\"@type\":\"ImageObject\",\"inLanguage\":\"fr-FR\",\"@id\":\"https:\\\/\\\/www.bellunopress.it\\\/2025\\\/10\\\/16\\\/sei-motivi-per-cui-il-marocco-attrae-come-meta-turistica\\\/#primaryimage\",\"url\":\"https:\\\/\\\/www.bellunopress.it\\\/wp-content\\\/uploads\\\/2025\\\/10\\\/Marocco-meta-turistica_edited.jpg\",\"contentUrl\":\"https:\\\/\\\/www.bellunopress.it\\\/wp-content\\\/uploads\\\/2025\\\/10\\\/Marocco-meta-turistica_edited.jpg\",\"width\":800,\"height\":534},{\"@type\":\"BreadcrumbList\",\"@id\":\"https:\\\/\\\/www.bellunopress.it\\\/2025\\\/10\\\/16\\\/sei-motivi-per-cui-il-marocco-attrae-come-meta-turistica\\\/#breadcrumb\",\"itemListElement\":[{\"@type\":\"ListItem\",\"position\":1,\"name\":\"Home\",\"item\":\"https:\\\/\\\/www.bellunopress.it\\\/\"},{\"@type\":\"ListItem\",\"position\":2,\"name\":\"Sei motivi per cui il Marocco attrae come meta turistica\"}]},{\"@type\":\"WebSite\",\"@id\":\"https:\\\/\\\/www.bellunopress.it\\\/#website\",\"url\":\"https:\\\/\\\/www.bellunopress.it\\\/\",\"name\":\"Bellunopress - Dolomiti\",\"description\":\"e-mail: redazione@bellunopress.it\",\"publisher\":{\"@id\":\"https:\\\/\\\/www.bellunopress.it\\\/#organization\"},\"potentialAction\":[{\"@type\":\"SearchAction\",\"target\":{\"@type\":\"EntryPoint\",\"urlTemplate\":\"https:\\\/\\\/www.bellunopress.it\\\/?s={search_term_string}\"},\"query-input\":{\"@type\":\"PropertyValueSpecification\",\"valueRequired\":true,\"valueName\":\"search_term_string\"}}],\"inLanguage\":\"fr-FR\"},{\"@type\":\"Organization\",\"@id\":\"https:\\\/\\\/www.bellunopress.it\\\/#organization\",\"name\":\"Bellunopress\",\"url\":\"https:\\\/\\\/www.bellunopress.it\\\/\",\"logo\":{\"@type\":\"ImageObject\",\"inLanguage\":\"fr-FR\",\"@id\":\"https:\\\/\\\/www.bellunopress.it\\\/#\\\/schema\\\/logo\\\/image\\\/\",\"url\":\"https:\\\/\\\/www.bellunopress.it\\\/wp-content\\\/uploads\\\/2011\\\/05\\\/cropped-logo-bellunopress-.jpg\",\"contentUrl\":\"https:\\\/\\\/www.bellunopress.it\\\/wp-content\\\/uploads\\\/2011\\\/05\\\/cropped-logo-bellunopress-.jpg\",\"width\":512,\"height\":512,\"caption\":\"Bellunopress\"},\"image\":{\"@id\":\"https:\\\/\\\/www.bellunopress.it\\\/#\\\/schema\\\/logo\\\/image\\\/\"},\"sameAs\":[\"https:\\\/\\\/www.facebook.com\\\/profile.php?id=100008943462799\",\"https:\\\/\\\/x.com\\\/bellunopress\",\"https:\\\/\\\/www.linkedin.com\\\/hp\\\/?dnr=JBzUWaJfMUw8vbXJJ2tVW5-I3jZKvC4wsoxE&amp;amp;amp;amp;amp;amp;trk=nav_responsive_tab_home\",\"https:\\\/\\\/www.youtube.com\\\/channel\\\/UCxL0wu1uN0_3_7hGG0306cw\"]},{\"@type\":\"Person\",\"@id\":\"https:\\\/\\\/www.bellunopress.it\\\/#\\\/schema\\\/person\\\/79bb06722b37ece1c03d3e94beb30d73\",\"name\":\"redazione\",\"image\":{\"@type\":\"ImageObject\",\"inLanguage\":\"fr-FR\",\"@id\":\"https:\\\/\\\/secure.gravatar.com\\\/avatar\\\/37d968a2e67a6fd04c169c4bdef102d0bc5d31b2546345219e348575eb80e9a0?s=96&d=mm&r=g\",\"url\":\"https:\\\/\\\/secure.gravatar.com\\\/avatar\\\/37d968a2e67a6fd04c169c4bdef102d0bc5d31b2546345219e348575eb80e9a0?s=96&d=mm&r=g\",\"contentUrl\":\"https:\\\/\\\/secure.gravatar.com\\\/avatar\\\/37d968a2e67a6fd04c169c4bdef102d0bc5d31b2546345219e348575eb80e9a0?s=96&d=mm&r=g\",\"caption\":\"redazione\"},\"sameAs\":[\"http:\\\/\\\/www.bellunopress.it\",\"https:\\\/\\\/x.com\\\/bellunopress\"],\"url\":\"https:\\\/\\\/www.bellunopress.it\\\/fr\\\/author\\\/redazione\\\/\"}]}<\/script>\n<!-- \/ Yoast SEO plugin. -->","yoast_head_json":{"title":"Sei motivi per cui il Marocco attrae come meta turistica - Bellunopress - Dolomiti","robots":{"index":"index","follow":"follow","max-snippet":"max-snippet:-1","max-image-preview":"max-image-preview:large","max-video-preview":"max-video-preview:-1"},"canonical":"https:\/\/www.bellunopress.it\/fr\/2025\/10\/16\/sei-motivi-per-cui-il-marocco-attrae-come-meta-turistica\/","og_locale":"fr_FR","og_type":"article","og_title":"Sei motivi per cui il Marocco attrae come meta turistica - Bellunopress - Dolomiti","og_description":"Negli ultimi anni il Marocco ha registrato cifre record nel turismo che ne confermano il crescente fascino. Nel 2024 ha accolto 17,4 milioni di visitatori, con un aumento del 20% rispetto al 2023, anticipando di due anni gli obiettivi del suo piano turistico triennale. Nei primi sette mesi del 2025 il numero ha superato gli [&hellip;]","og_url":"https:\/\/www.bellunopress.it\/fr\/2025\/10\/16\/sei-motivi-per-cui-il-marocco-attrae-come-meta-turistica\/","og_site_name":"Bellunopress - Dolomiti","article_publisher":"https:\/\/www.facebook.com\/profile.php?id=100008943462799","article_published_time":"2025-10-16T15:24:19+00:00","og_image":[{"width":800,"height":534,"url":"https:\/\/www.bellunopress.it\/wp-content\/uploads\/2025\/10\/Marocco-meta-turistica_edited.jpg","type":"image\/jpeg"}],"author":"redazione","twitter_card":"summary_large_image","twitter_creator":"@bellunopress","twitter_site":"@bellunopress","twitter_misc":{"\u00c9crit par":"redazione","Dur\u00e9e de lecture estim\u00e9e":"4 minutes"},"schema":{"@context":"https:\/\/schema.org","@graph":[{"@type":"Article","@id":"https:\/\/www.bellunopress.it\/2025\/10\/16\/sei-motivi-per-cui-il-marocco-attrae-come-meta-turistica\/#article","isPartOf":{"@id":"https:\/\/www.bellunopress.it\/2025\/10\/16\/sei-motivi-per-cui-il-marocco-attrae-come-meta-turistica\/"},"author":{"name":"redazione","@id":"https:\/\/www.bellunopress.it\/#\/schema\/person\/79bb06722b37ece1c03d3e94beb30d73"},"headline":"Sei motivi per cui il Marocco attrae come meta turistica","datePublished":"2025-10-16T15:24:19+00:00","mainEntityOfPage":{"@id":"https:\/\/www.bellunopress.it\/2025\/10\/16\/sei-motivi-per-cui-il-marocco-attrae-come-meta-turistica\/"},"wordCount":852,"publisher":{"@id":"https:\/\/www.bellunopress.it\/#organization"},"image":{"@id":"https:\/\/www.bellunopress.it\/2025\/10\/16\/sei-motivi-per-cui-il-marocco-attrae-come-meta-turistica\/#primaryimage"},"thumbnailUrl":"https:\/\/www.bellunopress.it\/wp-content\/uploads\/2025\/10\/Marocco-meta-turistica_edited.jpg","articleSection":["Cultura e spettacoli, tempo libero, benessere, fuori provincia"],"inLanguage":"fr-FR"},{"@type":"WebPage","@id":"https:\/\/www.bellunopress.it\/2025\/10\/16\/sei-motivi-per-cui-il-marocco-attrae-come-meta-turistica\/","url":"https:\/\/www.bellunopress.it\/2025\/10\/16\/sei-motivi-per-cui-il-marocco-attrae-come-meta-turistica\/","name":"Sei motivi per cui il Marocco attrae come meta turistica - Bellunopress - Dolomiti","isPartOf":{"@id":"https:\/\/www.bellunopress.it\/#website"},"primaryImageOfPage":{"@id":"https:\/\/www.bellunopress.it\/2025\/10\/16\/sei-motivi-per-cui-il-marocco-attrae-come-meta-turistica\/#primaryimage"},"image":{"@id":"https:\/\/www.bellunopress.it\/2025\/10\/16\/sei-motivi-per-cui-il-marocco-attrae-come-meta-turistica\/#primaryimage"},"thumbnailUrl":"https:\/\/www.bellunopress.it\/wp-content\/uploads\/2025\/10\/Marocco-meta-turistica_edited.jpg","datePublished":"2025-10-16T15:24:19+00:00","breadcrumb":{"@id":"https:\/\/www.bellunopress.it\/2025\/10\/16\/sei-motivi-per-cui-il-marocco-attrae-come-meta-turistica\/#breadcrumb"},"inLanguage":"fr-FR","potentialAction":[{"@type":"ReadAction","target":["https:\/\/www.bellunopress.it\/2025\/10\/16\/sei-motivi-per-cui-il-marocco-attrae-come-meta-turistica\/"]}]},{"@type":"ImageObject","inLanguage":"fr-FR","@id":"https:\/\/www.bellunopress.it\/2025\/10\/16\/sei-motivi-per-cui-il-marocco-attrae-come-meta-turistica\/#primaryimage","url":"https:\/\/www.bellunopress.it\/wp-content\/uploads\/2025\/10\/Marocco-meta-turistica_edited.jpg","contentUrl":"https:\/\/www.bellunopress.it\/wp-content\/uploads\/2025\/10\/Marocco-meta-turistica_edited.jpg","width":800,"height":534},{"@type":"BreadcrumbList","@id":"https:\/\/www.bellunopress.it\/2025\/10\/16\/sei-motivi-per-cui-il-marocco-attrae-come-meta-turistica\/#breadcrumb","itemListElement":[{"@type":"ListItem","position":1,"name":"Home","item":"https:\/\/www.bellunopress.it\/"},{"@type":"ListItem","position":2,"name":"Sei motivi per cui il Marocco attrae come meta turistica"}]},{"@type":"WebSite","@id":"https:\/\/www.bellunopress.it\/#website","url":"https:\/\/www.bellunopress.it\/","name":"Bellunopress - Dolomiti","description":"e-mail: redazione@bellunopress.it","publisher":{"@id":"https:\/\/www.bellunopress.it\/#organization"},"potentialAction":[{"@type":"SearchAction","target":{"@type":"EntryPoint","urlTemplate":"https:\/\/www.bellunopress.it\/?s={search_term_string}"},"query-input":{"@type":"PropertyValueSpecification","valueRequired":true,"valueName":"search_term_string"}}],"inLanguage":"fr-FR"},{"@type":"Organization","@id":"https:\/\/www.bellunopress.it\/#organization","name":"Bellunopress","url":"https:\/\/www.bellunopress.it\/","logo":{"@type":"ImageObject","inLanguage":"fr-FR","@id":"https:\/\/www.bellunopress.it\/#\/schema\/logo\/image\/","url":"https:\/\/www.bellunopress.it\/wp-content\/uploads\/2011\/05\/cropped-logo-bellunopress-.jpg","contentUrl":"https:\/\/www.bellunopress.it\/wp-content\/uploads\/2011\/05\/cropped-logo-bellunopress-.jpg","width":512,"height":512,"caption":"Bellunopress"},"image":{"@id":"https:\/\/www.bellunopress.it\/#\/schema\/logo\/image\/"},"sameAs":["https:\/\/www.facebook.com\/profile.php?id=100008943462799","https:\/\/x.com\/bellunopress","https:\/\/www.linkedin.com\/hp\/?dnr=JBzUWaJfMUw8vbXJJ2tVW5-I3jZKvC4wsoxE&amp;amp;amp;amp;amp;amp;trk=nav_responsive_tab_home","https:\/\/www.youtube.com\/channel\/UCxL0wu1uN0_3_7hGG0306cw"]},{"@type":"Person","@id":"https:\/\/www.bellunopress.it\/#\/schema\/person\/79bb06722b37ece1c03d3e94beb30d73","name":"r\u00e9daction","image":{"@type":"ImageObject","inLanguage":"fr-FR","@id":"https:\/\/secure.gravatar.com\/avatar\/37d968a2e67a6fd04c169c4bdef102d0bc5d31b2546345219e348575eb80e9a0?s=96&d=mm&r=g","url":"https:\/\/secure.gravatar.com\/avatar\/37d968a2e67a6fd04c169c4bdef102d0bc5d31b2546345219e348575eb80e9a0?s=96&d=mm&r=g","contentUrl":"https:\/\/secure.gravatar.com\/avatar\/37d968a2e67a6fd04c169c4bdef102d0bc5d31b2546345219e348575eb80e9a0?s=96&d=mm&r=g","caption":"redazione"},"sameAs":["http:\/\/www.bellunopress.it","https:\/\/x.com\/bellunopress"],"url":"https:\/\/www.bellunopress.it\/fr\/author\/redazione\/"}]}},"_links":{"self":[{"href":"https:\/\/www.bellunopress.it\/fr\/wp-json\/wp\/v2\/posts\/164161","targetHints":{"allow":["GET"]}}],"collection":[{"href":"https:\/\/www.bellunopress.it\/fr\/wp-json\/wp\/v2\/posts"}],"about":[{"href":"https:\/\/www.bellunopress.it\/fr\/wp-json\/wp\/v2\/types\/post"}],"author":[{"embeddable":true,"href":"https:\/\/www.bellunopress.it\/fr\/wp-json\/wp\/v2\/users\/2"}],"replies":[{"embeddable":true,"href":"https:\/\/www.bellunopress.it\/fr\/wp-json\/wp\/v2\/comments?post=164161"}],"version-history":[{"count":1,"href":"https:\/\/www.bellunopress.it\/fr\/wp-json\/wp\/v2\/posts\/164161\/revisions"}],"predecessor-version":[{"id":164163,"href":"https:\/\/www.bellunopress.it\/fr\/wp-json\/wp\/v2\/posts\/164161\/revisions\/164163"}],"wp:featuredmedia":[{"embeddable":true,"href":"https:\/\/www.bellunopress.it\/fr\/wp-json\/wp\/v2\/media\/164162"}],"wp:attachment":[{"href":"https:\/\/www.bellunopress.it\/fr\/wp-json\/wp\/v2\/media?parent=164161"}],"wp:term":[{"taxonomy":"category","embeddable":true,"href":"https:\/\/www.bellunopress.it\/fr\/wp-json\/wp\/v2\/categories?post=164161"},{"taxonomy":"post_tag","embeddable":true,"href":"https:\/\/www.bellunopress.it\/fr\/wp-json\/wp\/v2\/tags?post=164161"}],"curies":[{"name":"wp","href":"https:\/\/api.w.org\/{rel}","templated":true}]}}