{"id":164148,"date":"2025-10-16T09:16:13","date_gmt":"2025-10-16T07:16:13","guid":{"rendered":"https:\/\/www.bellunopress.it\/?p=164148"},"modified":"2025-10-16T08:18:18","modified_gmt":"2025-10-16T06:18:18","slug":"quindici-nuovi-istruttori-nazionali-per-il-collegio-delle-guide-alpine-italiane","status":"publish","type":"post","link":"https:\/\/www.bellunopress.it\/fr\/2025\/10\/16\/quindici-nuovi-istruttori-nazionali-per-il-collegio-delle-guide-alpine-italiane\/","title":{"rendered":"Quindici nuovi istruttori nazionali per il Collegio delle Guide Alpine Italiane"},"content":{"rendered":"<p><img loading=\"lazy\" decoding=\"async\" class=\"aligncenter size-full wp-image-164149\" src=\"https:\/\/www.bellunopress.it\/wp-content\/uploads\/2025\/10\/Guide-alpine-italiane_edited.jpg\" alt=\"\" width=\"800\" height=\"600\" srcset=\"https:\/\/www.bellunopress.it\/wp-content\/uploads\/2025\/10\/Guide-alpine-italiane_edited.jpg 800w, https:\/\/www.bellunopress.it\/wp-content\/uploads\/2025\/10\/Guide-alpine-italiane_edited-500x375.jpg 500w, https:\/\/www.bellunopress.it\/wp-content\/uploads\/2025\/10\/Guide-alpine-italiane_edited-560x420.jpg 560w, https:\/\/www.bellunopress.it\/wp-content\/uploads\/2025\/10\/Guide-alpine-italiane_edited-80x60.jpg 80w, https:\/\/www.bellunopress.it\/wp-content\/uploads\/2025\/10\/Guide-alpine-italiane_edited-696x522.jpg 696w\" sizes=\"auto, (max-width: 800px) 100vw, 800px\" \/>Si \u00e8 concluso nei giorni scorsi il corso nazionale per guida alpina istruttore, specializzazione del Collegio Nazionale delle Guide Alpine Italiane riservata alle guide alpine-maestri alpinismo. Un traguardo che richiede ai candidati impegno e dedizione ma che al suo termine permette di entrare negli organici dei corsi di formazione per aspirante guida e guida alpina-maestro di alpinismo e formare le nuove generazioni di professionisti.<\/p>\n<p>I nuovi istruttori provengono da tutto il territorio italiano e sono Alex Corr\u00f2, Fabrizio Della Rossa, Andrea Migliano, Claudio Migliorini, Paolo Marazzi, Peter Moser, Paolo Pernigotti, Edoardo Saccaro, Francesco Salvaterra, Luca Salvadori, Giovanni Stecca, Andrea Tamilla, Maurizio Tasca, Giovanni Zaccaria e Luigi Zignone.<\/p>\n<p>&#8220;Gli istruttori sono la spina dorsale del nostro sistema formativo \u2014 afferma Cristiano Virgilio, presidente della Commissione Tecnica Nazionale \u2014 perch\u00e9 assicurano continuit\u00e0, qualit\u00e0 didattica e aggiornamento tecnico costante, elementi fondamentali per chi svolge la nostra professione&#8221;.<\/p>\n<p>Il corso istruttori, che si tiene ogni tre anni, rappresenta il livello pi\u00f9 alto della formazione per le guide alpine. &#8220;I candidati sono guide alpine di grande esperienza, sia dal punto di vista tecnico che didattico. La selezione \u00e8 molto impegnativa: le competenze richieste in arrampicata, ghiaccio, sci e negli altri campi devono essere molto alte e solo una parte ristretta delle candidature viene accettata. \u00c8 sempre difficile valutare i propri colleghi, ma \u00e8 indispensabile per mantenere al massimo livello il nostro corpo istruttori.&#8221;<\/p>\n<p>Il percorso dura circa un anno e comprende moduli teorici, attivit\u00e0 pratiche e un tirocinio nei corsi per guide, affiancando istruttori esperti. &#8220;Al termine del percorso \u2014 aggiunge Virgilio \u2014 ogni candidato presenta una tesi su temi di attualit\u00e0 professionale, che cambiano ad ogni edizione. Quest&#8217;anno il focus, fra le altre cose, era sulle &#8220;non technical skills&#8221;, cio\u00e8 le capacit\u00e0 relazionali, di leadership, di comunicazione, oggi sempre pi\u00f9 importanti per chi lavora a stretto contatto con le persone. Il lavoro viene svolto in piccoli gruppi e la discussione delle tesi \u00e8 un momento di confronto approfondito e interessante&#8221;.<\/p>\n<p>Tra Guide alpine-Maestri di Alpinismo. Aspiranti Guida, Accompagnatori di media Montagna e Guide vulcanologiche, ad oggi l&#8217;Ordine professionale delle Guide Alpine Italiane conta su 2924 iscritti nei 14 Collegi Regionali (dato aggiornato al 31\/07\/2025).<\/p>","protected":false},"excerpt":{"rendered":"<p>Si \u00e8 concluso nei giorni scorsi il corso nazionale per guida alpina istruttore, specializzazione del Collegio Nazionale delle Guide Alpine Italiane riservata alle guide alpine-maestri alpinismo. Un traguardo che richiede ai candidati impegno e dedizione ma che al suo termine permette di entrare negli organici dei corsi di formazione per aspirante guida e guida alpina-maestro [&hellip;]<\/p>\n","protected":false},"author":2,"featured_media":164149,"comment_status":"closed","ping_status":"open","sticky":false,"template":"","format":"standard","meta":{"footnotes":""},"categories":[36,26],"tags":[],"class_list":["post-164148","post","type-post","status-publish","format-standard","has-post-thumbnail","category-lavoro-economia","category-prima-pagina"],"yoast_head":"<!-- This site is optimized with the Yoast SEO plugin v28.4 - https:\/\/yoast.com\/product\/yoast-seo-wordpress\/ -->\n<title>Quindici nuovi istruttori nazionali per il Collegio delle Guide Alpine Italiane - Bellunopress - Dolomiti<\/title>\n<meta name=\"robots\" content=\"index, follow, max-snippet:-1, max-image-preview:large, max-video-preview:-1\" \/>\n<link rel=\"canonical\" href=\"https:\/\/www.bellunopress.it\/fr\/2025\/10\/16\/quindici-nuovi-istruttori-nazionali-per-il-collegio-delle-guide-alpine-italiane\/\" \/>\n<meta property=\"og:locale\" content=\"fr_FR\" \/>\n<meta property=\"og:type\" content=\"article\" \/>\n<meta property=\"og:title\" content=\"Quindici nuovi istruttori nazionali per il Collegio delle Guide Alpine Italiane - Bellunopress - Dolomiti\" \/>\n<meta property=\"og:description\" content=\"Si \u00e8 concluso nei giorni scorsi il corso nazionale per guida alpina istruttore, specializzazione del Collegio Nazionale delle Guide Alpine Italiane riservata alle guide alpine-maestri alpinismo. Un traguardo che richiede ai candidati impegno e dedizione ma che al suo termine permette di entrare negli organici dei corsi di formazione per aspirante guida e guida alpina-maestro [&hellip;]\" \/>\n<meta property=\"og:url\" content=\"https:\/\/www.bellunopress.it\/fr\/2025\/10\/16\/quindici-nuovi-istruttori-nazionali-per-il-collegio-delle-guide-alpine-italiane\/\" \/>\n<meta property=\"og:site_name\" content=\"Bellunopress - Dolomiti\" \/>\n<meta property=\"article:publisher\" content=\"https:\/\/www.facebook.com\/profile.php?id=100008943462799\" \/>\n<meta property=\"article:published_time\" content=\"2025-10-16T07:16:13+00:00\" \/>\n<meta property=\"og:image\" content=\"https:\/\/www.bellunopress.it\/wp-content\/uploads\/2025\/10\/Guide-alpine-italiane_edited.jpg\" \/>\n\t<meta property=\"og:image:width\" content=\"800\" \/>\n\t<meta property=\"og:image:height\" content=\"600\" \/>\n\t<meta property=\"og:image:type\" content=\"image\/jpeg\" \/>\n<meta name=\"author\" content=\"redazione\" \/>\n<meta name=\"twitter:card\" content=\"summary_large_image\" \/>\n<meta name=\"twitter:creator\" content=\"@bellunopress\" \/>\n<meta name=\"twitter:site\" content=\"@bellunopress\" \/>\n<meta name=\"twitter:label1\" content=\"\u00c9crit par\" \/>\n\t<meta name=\"twitter:data1\" content=\"redazione\" \/>\n\t<meta name=\"twitter:label2\" content=\"Dur\u00e9e de lecture estim\u00e9e\" \/>\n\t<meta name=\"twitter:data2\" content=\"2 minutes\" \/>\n<script type=\"application\/ld+json\" class=\"yoast-schema-graph\">{\"@context\":\"https:\\\/\\\/schema.org\",\"@graph\":[{\"@type\":\"Article\",\"@id\":\"https:\\\/\\\/www.bellunopress.it\\\/2025\\\/10\\\/16\\\/quindici-nuovi-istruttori-nazionali-per-il-collegio-delle-guide-alpine-italiane\\\/#article\",\"isPartOf\":{\"@id\":\"https:\\\/\\\/www.bellunopress.it\\\/2025\\\/10\\\/16\\\/quindici-nuovi-istruttori-nazionali-per-il-collegio-delle-guide-alpine-italiane\\\/\"},\"author\":{\"name\":\"redazione\",\"@id\":\"https:\\\/\\\/www.bellunopress.it\\\/#\\\/schema\\\/person\\\/79bb06722b37ece1c03d3e94beb30d73\"},\"headline\":\"Quindici nuovi istruttori nazionali per il Collegio delle Guide Alpine Italiane\",\"datePublished\":\"2025-10-16T07:16:13+00:00\",\"mainEntityOfPage\":{\"@id\":\"https:\\\/\\\/www.bellunopress.it\\\/2025\\\/10\\\/16\\\/quindici-nuovi-istruttori-nazionali-per-il-collegio-delle-guide-alpine-italiane\\\/\"},\"wordCount\":361,\"publisher\":{\"@id\":\"https:\\\/\\\/www.bellunopress.it\\\/#organization\"},\"image\":{\"@id\":\"https:\\\/\\\/www.bellunopress.it\\\/2025\\\/10\\\/16\\\/quindici-nuovi-istruttori-nazionali-per-il-collegio-delle-guide-alpine-italiane\\\/#primaryimage\"},\"thumbnailUrl\":\"https:\\\/\\\/www.bellunopress.it\\\/wp-content\\\/uploads\\\/2025\\\/10\\\/Guide-alpine-italiane_edited.jpg\",\"articleSection\":[\"Lavoro, Economia, Turismo\",\"Prima Pagina\"],\"inLanguage\":\"fr-FR\"},{\"@type\":\"WebPage\",\"@id\":\"https:\\\/\\\/www.bellunopress.it\\\/2025\\\/10\\\/16\\\/quindici-nuovi-istruttori-nazionali-per-il-collegio-delle-guide-alpine-italiane\\\/\",\"url\":\"https:\\\/\\\/www.bellunopress.it\\\/2025\\\/10\\\/16\\\/quindici-nuovi-istruttori-nazionali-per-il-collegio-delle-guide-alpine-italiane\\\/\",\"name\":\"Quindici nuovi istruttori nazionali per il Collegio delle Guide Alpine Italiane - Bellunopress - Dolomiti\",\"isPartOf\":{\"@id\":\"https:\\\/\\\/www.bellunopress.it\\\/#website\"},\"primaryImageOfPage\":{\"@id\":\"https:\\\/\\\/www.bellunopress.it\\\/2025\\\/10\\\/16\\\/quindici-nuovi-istruttori-nazionali-per-il-collegio-delle-guide-alpine-italiane\\\/#primaryimage\"},\"image\":{\"@id\":\"https:\\\/\\\/www.bellunopress.it\\\/2025\\\/10\\\/16\\\/quindici-nuovi-istruttori-nazionali-per-il-collegio-delle-guide-alpine-italiane\\\/#primaryimage\"},\"thumbnailUrl\":\"https:\\\/\\\/www.bellunopress.it\\\/wp-content\\\/uploads\\\/2025\\\/10\\\/Guide-alpine-italiane_edited.jpg\",\"datePublished\":\"2025-10-16T07:16:13+00:00\",\"breadcrumb\":{\"@id\":\"https:\\\/\\\/www.bellunopress.it\\\/2025\\\/10\\\/16\\\/quindici-nuovi-istruttori-nazionali-per-il-collegio-delle-guide-alpine-italiane\\\/#breadcrumb\"},\"inLanguage\":\"fr-FR\",\"potentialAction\":[{\"@type\":\"ReadAction\",\"target\":[\"https:\\\/\\\/www.bellunopress.it\\\/2025\\\/10\\\/16\\\/quindici-nuovi-istruttori-nazionali-per-il-collegio-delle-guide-alpine-italiane\\\/\"]}]},{\"@type\":\"ImageObject\",\"inLanguage\":\"fr-FR\",\"@id\":\"https:\\\/\\\/www.bellunopress.it\\\/2025\\\/10\\\/16\\\/quindici-nuovi-istruttori-nazionali-per-il-collegio-delle-guide-alpine-italiane\\\/#primaryimage\",\"url\":\"https:\\\/\\\/www.bellunopress.it\\\/wp-content\\\/uploads\\\/2025\\\/10\\\/Guide-alpine-italiane_edited.jpg\",\"contentUrl\":\"https:\\\/\\\/www.bellunopress.it\\\/wp-content\\\/uploads\\\/2025\\\/10\\\/Guide-alpine-italiane_edited.jpg\",\"width\":800,\"height\":600},{\"@type\":\"BreadcrumbList\",\"@id\":\"https:\\\/\\\/www.bellunopress.it\\\/2025\\\/10\\\/16\\\/quindici-nuovi-istruttori-nazionali-per-il-collegio-delle-guide-alpine-italiane\\\/#breadcrumb\",\"itemListElement\":[{\"@type\":\"ListItem\",\"position\":1,\"name\":\"Home\",\"item\":\"https:\\\/\\\/www.bellunopress.it\\\/\"},{\"@type\":\"ListItem\",\"position\":2,\"name\":\"Quindici nuovi istruttori nazionali per il Collegio delle Guide Alpine Italiane\"}]},{\"@type\":\"WebSite\",\"@id\":\"https:\\\/\\\/www.bellunopress.it\\\/#website\",\"url\":\"https:\\\/\\\/www.bellunopress.it\\\/\",\"name\":\"Bellunopress - Dolomiti\",\"description\":\"e-mail: redazione@bellunopress.it\",\"publisher\":{\"@id\":\"https:\\\/\\\/www.bellunopress.it\\\/#organization\"},\"potentialAction\":[{\"@type\":\"SearchAction\",\"target\":{\"@type\":\"EntryPoint\",\"urlTemplate\":\"https:\\\/\\\/www.bellunopress.it\\\/?s={search_term_string}\"},\"query-input\":{\"@type\":\"PropertyValueSpecification\",\"valueRequired\":true,\"valueName\":\"search_term_string\"}}],\"inLanguage\":\"fr-FR\"},{\"@type\":\"Organization\",\"@id\":\"https:\\\/\\\/www.bellunopress.it\\\/#organization\",\"name\":\"Bellunopress\",\"url\":\"https:\\\/\\\/www.bellunopress.it\\\/\",\"logo\":{\"@type\":\"ImageObject\",\"inLanguage\":\"fr-FR\",\"@id\":\"https:\\\/\\\/www.bellunopress.it\\\/#\\\/schema\\\/logo\\\/image\\\/\",\"url\":\"https:\\\/\\\/www.bellunopress.it\\\/wp-content\\\/uploads\\\/2011\\\/05\\\/cropped-logo-bellunopress-.jpg\",\"contentUrl\":\"https:\\\/\\\/www.bellunopress.it\\\/wp-content\\\/uploads\\\/2011\\\/05\\\/cropped-logo-bellunopress-.jpg\",\"width\":512,\"height\":512,\"caption\":\"Bellunopress\"},\"image\":{\"@id\":\"https:\\\/\\\/www.bellunopress.it\\\/#\\\/schema\\\/logo\\\/image\\\/\"},\"sameAs\":[\"https:\\\/\\\/www.facebook.com\\\/profile.php?id=100008943462799\",\"https:\\\/\\\/x.com\\\/bellunopress\",\"https:\\\/\\\/www.linkedin.com\\\/hp\\\/?dnr=JBzUWaJfMUw8vbXJJ2tVW5-I3jZKvC4wsoxE&amp;amp;amp;amp;amp;amp;trk=nav_responsive_tab_home\",\"https:\\\/\\\/www.youtube.com\\\/channel\\\/UCxL0wu1uN0_3_7hGG0306cw\"]},{\"@type\":\"Person\",\"@id\":\"https:\\\/\\\/www.bellunopress.it\\\/#\\\/schema\\\/person\\\/79bb06722b37ece1c03d3e94beb30d73\",\"name\":\"redazione\",\"image\":{\"@type\":\"ImageObject\",\"inLanguage\":\"fr-FR\",\"@id\":\"https:\\\/\\\/secure.gravatar.com\\\/avatar\\\/37d968a2e67a6fd04c169c4bdef102d0bc5d31b2546345219e348575eb80e9a0?s=96&d=mm&r=g\",\"url\":\"https:\\\/\\\/secure.gravatar.com\\\/avatar\\\/37d968a2e67a6fd04c169c4bdef102d0bc5d31b2546345219e348575eb80e9a0?s=96&d=mm&r=g\",\"contentUrl\":\"https:\\\/\\\/secure.gravatar.com\\\/avatar\\\/37d968a2e67a6fd04c169c4bdef102d0bc5d31b2546345219e348575eb80e9a0?s=96&d=mm&r=g\",\"caption\":\"redazione\"},\"sameAs\":[\"http:\\\/\\\/www.bellunopress.it\",\"https:\\\/\\\/x.com\\\/bellunopress\"],\"url\":\"https:\\\/\\\/www.bellunopress.it\\\/fr\\\/author\\\/redazione\\\/\"}]}<\/script>\n<!-- \/ Yoast SEO plugin. -->","yoast_head_json":{"title":"Quindici nuovi istruttori nazionali per il Collegio delle Guide Alpine Italiane - Bellunopress - Dolomiti","robots":{"index":"index","follow":"follow","max-snippet":"max-snippet:-1","max-image-preview":"max-image-preview:large","max-video-preview":"max-video-preview:-1"},"canonical":"https:\/\/www.bellunopress.it\/fr\/2025\/10\/16\/quindici-nuovi-istruttori-nazionali-per-il-collegio-delle-guide-alpine-italiane\/","og_locale":"fr_FR","og_type":"article","og_title":"Quindici nuovi istruttori nazionali per il Collegio delle Guide Alpine Italiane - Bellunopress - Dolomiti","og_description":"Si \u00e8 concluso nei giorni scorsi il corso nazionale per guida alpina istruttore, specializzazione del Collegio Nazionale delle Guide Alpine Italiane riservata alle guide alpine-maestri alpinismo. Un traguardo che richiede ai candidati impegno e dedizione ma che al suo termine permette di entrare negli organici dei corsi di formazione per aspirante guida e guida alpina-maestro [&hellip;]","og_url":"https:\/\/www.bellunopress.it\/fr\/2025\/10\/16\/quindici-nuovi-istruttori-nazionali-per-il-collegio-delle-guide-alpine-italiane\/","og_site_name":"Bellunopress - Dolomiti","article_publisher":"https:\/\/www.facebook.com\/profile.php?id=100008943462799","article_published_time":"2025-10-16T07:16:13+00:00","og_image":[{"width":800,"height":600,"url":"https:\/\/www.bellunopress.it\/wp-content\/uploads\/2025\/10\/Guide-alpine-italiane_edited.jpg","type":"image\/jpeg"}],"author":"redazione","twitter_card":"summary_large_image","twitter_creator":"@bellunopress","twitter_site":"@bellunopress","twitter_misc":{"\u00c9crit par":"redazione","Dur\u00e9e de lecture estim\u00e9e":"2 minutes"},"schema":{"@context":"https:\/\/schema.org","@graph":[{"@type":"Article","@id":"https:\/\/www.bellunopress.it\/2025\/10\/16\/quindici-nuovi-istruttori-nazionali-per-il-collegio-delle-guide-alpine-italiane\/#article","isPartOf":{"@id":"https:\/\/www.bellunopress.it\/2025\/10\/16\/quindici-nuovi-istruttori-nazionali-per-il-collegio-delle-guide-alpine-italiane\/"},"author":{"name":"redazione","@id":"https:\/\/www.bellunopress.it\/#\/schema\/person\/79bb06722b37ece1c03d3e94beb30d73"},"headline":"Quindici nuovi istruttori nazionali per il Collegio delle Guide Alpine Italiane","datePublished":"2025-10-16T07:16:13+00:00","mainEntityOfPage":{"@id":"https:\/\/www.bellunopress.it\/2025\/10\/16\/quindici-nuovi-istruttori-nazionali-per-il-collegio-delle-guide-alpine-italiane\/"},"wordCount":361,"publisher":{"@id":"https:\/\/www.bellunopress.it\/#organization"},"image":{"@id":"https:\/\/www.bellunopress.it\/2025\/10\/16\/quindici-nuovi-istruttori-nazionali-per-il-collegio-delle-guide-alpine-italiane\/#primaryimage"},"thumbnailUrl":"https:\/\/www.bellunopress.it\/wp-content\/uploads\/2025\/10\/Guide-alpine-italiane_edited.jpg","articleSection":["Lavoro, Economia, Turismo","Prima Pagina"],"inLanguage":"fr-FR"},{"@type":"WebPage","@id":"https:\/\/www.bellunopress.it\/2025\/10\/16\/quindici-nuovi-istruttori-nazionali-per-il-collegio-delle-guide-alpine-italiane\/","url":"https:\/\/www.bellunopress.it\/2025\/10\/16\/quindici-nuovi-istruttori-nazionali-per-il-collegio-delle-guide-alpine-italiane\/","name":"Quindici nuovi istruttori nazionali per il Collegio delle Guide Alpine Italiane - Bellunopress - Dolomiti","isPartOf":{"@id":"https:\/\/www.bellunopress.it\/#website"},"primaryImageOfPage":{"@id":"https:\/\/www.bellunopress.it\/2025\/10\/16\/quindici-nuovi-istruttori-nazionali-per-il-collegio-delle-guide-alpine-italiane\/#primaryimage"},"image":{"@id":"https:\/\/www.bellunopress.it\/2025\/10\/16\/quindici-nuovi-istruttori-nazionali-per-il-collegio-delle-guide-alpine-italiane\/#primaryimage"},"thumbnailUrl":"https:\/\/www.bellunopress.it\/wp-content\/uploads\/2025\/10\/Guide-alpine-italiane_edited.jpg","datePublished":"2025-10-16T07:16:13+00:00","breadcrumb":{"@id":"https:\/\/www.bellunopress.it\/2025\/10\/16\/quindici-nuovi-istruttori-nazionali-per-il-collegio-delle-guide-alpine-italiane\/#breadcrumb"},"inLanguage":"fr-FR","potentialAction":[{"@type":"ReadAction","target":["https:\/\/www.bellunopress.it\/2025\/10\/16\/quindici-nuovi-istruttori-nazionali-per-il-collegio-delle-guide-alpine-italiane\/"]}]},{"@type":"ImageObject","inLanguage":"fr-FR","@id":"https:\/\/www.bellunopress.it\/2025\/10\/16\/quindici-nuovi-istruttori-nazionali-per-il-collegio-delle-guide-alpine-italiane\/#primaryimage","url":"https:\/\/www.bellunopress.it\/wp-content\/uploads\/2025\/10\/Guide-alpine-italiane_edited.jpg","contentUrl":"https:\/\/www.bellunopress.it\/wp-content\/uploads\/2025\/10\/Guide-alpine-italiane_edited.jpg","width":800,"height":600},{"@type":"BreadcrumbList","@id":"https:\/\/www.bellunopress.it\/2025\/10\/16\/quindici-nuovi-istruttori-nazionali-per-il-collegio-delle-guide-alpine-italiane\/#breadcrumb","itemListElement":[{"@type":"ListItem","position":1,"name":"Home","item":"https:\/\/www.bellunopress.it\/"},{"@type":"ListItem","position":2,"name":"Quindici nuovi istruttori nazionali per il Collegio delle Guide Alpine Italiane"}]},{"@type":"WebSite","@id":"https:\/\/www.bellunopress.it\/#website","url":"https:\/\/www.bellunopress.it\/","name":"Bellunopress - Dolomiti","description":"e-mail: redazione@bellunopress.it","publisher":{"@id":"https:\/\/www.bellunopress.it\/#organization"},"potentialAction":[{"@type":"SearchAction","target":{"@type":"EntryPoint","urlTemplate":"https:\/\/www.bellunopress.it\/?s={search_term_string}"},"query-input":{"@type":"PropertyValueSpecification","valueRequired":true,"valueName":"search_term_string"}}],"inLanguage":"fr-FR"},{"@type":"Organization","@id":"https:\/\/www.bellunopress.it\/#organization","name":"Bellunopress","url":"https:\/\/www.bellunopress.it\/","logo":{"@type":"ImageObject","inLanguage":"fr-FR","@id":"https:\/\/www.bellunopress.it\/#\/schema\/logo\/image\/","url":"https:\/\/www.bellunopress.it\/wp-content\/uploads\/2011\/05\/cropped-logo-bellunopress-.jpg","contentUrl":"https:\/\/www.bellunopress.it\/wp-content\/uploads\/2011\/05\/cropped-logo-bellunopress-.jpg","width":512,"height":512,"caption":"Bellunopress"},"image":{"@id":"https:\/\/www.bellunopress.it\/#\/schema\/logo\/image\/"},"sameAs":["https:\/\/www.facebook.com\/profile.php?id=100008943462799","https:\/\/x.com\/bellunopress","https:\/\/www.linkedin.com\/hp\/?dnr=JBzUWaJfMUw8vbXJJ2tVW5-I3jZKvC4wsoxE&amp;amp;amp;amp;amp;amp;trk=nav_responsive_tab_home","https:\/\/www.youtube.com\/channel\/UCxL0wu1uN0_3_7hGG0306cw"]},{"@type":"Person","@id":"https:\/\/www.bellunopress.it\/#\/schema\/person\/79bb06722b37ece1c03d3e94beb30d73","name":"r\u00e9daction","image":{"@type":"ImageObject","inLanguage":"fr-FR","@id":"https:\/\/secure.gravatar.com\/avatar\/37d968a2e67a6fd04c169c4bdef102d0bc5d31b2546345219e348575eb80e9a0?s=96&d=mm&r=g","url":"https:\/\/secure.gravatar.com\/avatar\/37d968a2e67a6fd04c169c4bdef102d0bc5d31b2546345219e348575eb80e9a0?s=96&d=mm&r=g","contentUrl":"https:\/\/secure.gravatar.com\/avatar\/37d968a2e67a6fd04c169c4bdef102d0bc5d31b2546345219e348575eb80e9a0?s=96&d=mm&r=g","caption":"redazione"},"sameAs":["http:\/\/www.bellunopress.it","https:\/\/x.com\/bellunopress"],"url":"https:\/\/www.bellunopress.it\/fr\/author\/redazione\/"}]}},"_links":{"self":[{"href":"https:\/\/www.bellunopress.it\/fr\/wp-json\/wp\/v2\/posts\/164148","targetHints":{"allow":["GET"]}}],"collection":[{"href":"https:\/\/www.bellunopress.it\/fr\/wp-json\/wp\/v2\/posts"}],"about":[{"href":"https:\/\/www.bellunopress.it\/fr\/wp-json\/wp\/v2\/types\/post"}],"author":[{"embeddable":true,"href":"https:\/\/www.bellunopress.it\/fr\/wp-json\/wp\/v2\/users\/2"}],"replies":[{"embeddable":true,"href":"https:\/\/www.bellunopress.it\/fr\/wp-json\/wp\/v2\/comments?post=164148"}],"version-history":[{"count":1,"href":"https:\/\/www.bellunopress.it\/fr\/wp-json\/wp\/v2\/posts\/164148\/revisions"}],"predecessor-version":[{"id":164150,"href":"https:\/\/www.bellunopress.it\/fr\/wp-json\/wp\/v2\/posts\/164148\/revisions\/164150"}],"wp:featuredmedia":[{"embeddable":true,"href":"https:\/\/www.bellunopress.it\/fr\/wp-json\/wp\/v2\/media\/164149"}],"wp:attachment":[{"href":"https:\/\/www.bellunopress.it\/fr\/wp-json\/wp\/v2\/media?parent=164148"}],"wp:term":[{"taxonomy":"category","embeddable":true,"href":"https:\/\/www.bellunopress.it\/fr\/wp-json\/wp\/v2\/categories?post=164148"},{"taxonomy":"post_tag","embeddable":true,"href":"https:\/\/www.bellunopress.it\/fr\/wp-json\/wp\/v2\/tags?post=164148"}],"curies":[{"name":"wp","href":"https:\/\/api.w.org\/{rel}","templated":true}]}}