{"id":164141,"date":"2025-10-16T09:15:02","date_gmt":"2025-10-16T07:15:02","guid":{"rendered":"https:\/\/www.bellunopress.it\/?p=164141"},"modified":"2025-10-16T07:32:38","modified_gmt":"2025-10-16T05:32:38","slug":"due-occhi-per-chi-non-vede-il-lions-a-mele-a-mel-per-la-raccolti-di-fondi-per-la-donazione-di-un-cane-guida","status":"publish","type":"post","link":"https:\/\/www.bellunopress.it\/fr\/2025\/10\/16\/due-occhi-per-chi-non-vede-il-lions-a-mele-a-mel-per-la-raccolti-di-fondi-per-la-donazione-di-un-cane-guida\/","title":{"rendered":"Due occhi per chi non vede. Il Lions a Mele a Mel per la raccolti di fondi per la donazione di un cane guida"},"content":{"rendered":"<figure id=\"attachment_164142\" aria-describedby=\"caption-attachment-164142\" style=\"width: 800px\" class=\"wp-caption aligncenter\"><img loading=\"lazy\" decoding=\"async\" class=\"size-full wp-image-164142\" src=\"https:\/\/www.bellunopress.it\/wp-content\/uploads\/2025\/10\/Lions-service-cane-guida_edited.jpg\" alt=\"\" width=\"800\" height=\"450\" srcset=\"https:\/\/www.bellunopress.it\/wp-content\/uploads\/2025\/10\/Lions-service-cane-guida_edited.jpg 800w, https:\/\/www.bellunopress.it\/wp-content\/uploads\/2025\/10\/Lions-service-cane-guida_edited-500x281.jpg 500w, https:\/\/www.bellunopress.it\/wp-content\/uploads\/2025\/10\/Lions-service-cane-guida_edited-747x420.jpg 747w, https:\/\/www.bellunopress.it\/wp-content\/uploads\/2025\/10\/Lions-service-cane-guida_edited-696x392.jpg 696w\" sizes=\"auto, (max-width: 800px) 100vw, 800px\" \/><figcaption id=\"caption-attachment-164142\" class=\"wp-caption-text\">Lions, service cane guida, in occasione della manifestazione Mele a Mel<\/figcaption><\/figure>\n<p>Raccogliere dei fondi per l\u2019acquisto e la donazione di un cane guida ad una persona non vedente. Questo \u00e8 stato l\u2019obiettivo del \u2019\u2019service\u2019\u2019 promosso dal Lions Club Feltre Castello di Alboino, all\u2019interno della manifestazione Mele a Mel che si tiene il secondo fine settimana di Ottobre, nel centro storico di Mel di Borgo Valbelluna.<\/p>\n<p>Come si inserisce il Lions in questa manifestazione? \u2019\u2019Il Lions \u00e8 una associazione di volontariato che, nella sua mission, ha il preciso compito di sostenere la comunit\u00e0 locale relativamente ai suoi bisogni economici e sociali, nello spirito della solidariet\u00e0\u2019\u2019, spiega il presidente del Club Claudio Barp.\u2019\u2019Da qualche anno partecipiamo a questa manifestazione con un obiettivo ben preciso, quello di raccogliere fondi per l\u2019acquisto di un cane guida per non vedenti\u2019\u2019.<\/p>\n<p>Lo stand \u00e8 stato allestito dai volontari del club all\u2019interno del cortile dello storico palazzo Fabris Moret, messo gentilmente a disposizione di questa nobile finalit\u00e0 dai soci Nilva e Dorino Moret proprietari della dimora. Ai tantissimi visitatori sono stati offerti assaggi gastronomici, biscotti e marmellate, muffin e torte, tutti a base di mele, di produzione locale, come pure il vino prodotto in Valbelluna e offerto dal socio Gianni Gorza, sempre molto disponibile per iniziative di solidariet\u00e0 di questo genere. Non sono mancati i momenti di animazione ed intrattenimento, con Rachel e il suo &#8216;trucca bimbi&#8217; per i piu\u2019 piccoli, con Mauro Canton di San Antonio di Tortal, il liutaio che ha dato dimostrazione della sua grande passione e maestria nella realizzazione di violini ed altri strumenti a corda.<\/p>\n<p>\u2019\u2019Tante le persone che anche quest\u2019anno si sono fermate al nostro stand, e che, consapevoli dell&#8217;importante finalit\u00e0 dell\u2019iniziativa, hanno poi lasciato il loro generoso contributo, indispensabile per l&#8217;acquisto e prossima consegna di un cane guida ad una persona non vedente\u2019\u2019 ha precisato Barp. \u2019\u2019Presentare questo service all\u2019interno di una manifestazione cosi importante, che ha visto l&#8217;afflusso di migliaia di visitatori, ci ha dato la possibilit\u00e0 di parlare del Lions e dell\u2019obiettivo della raccolta fondi. Abbiamo avuto il piacere di avere con noi Claudia Cattadori, una ragazza non vedente, con il suo cane guida Pink ricevuto in dono dal Lions, che si \u00e8 resa disponibile a rispondere alle tante domande dei passanti\u2019\u2019.<\/p>\n<p>Alcune persone amiche del nostro club si sono messe a disposizione per aiutarci nella realizzazione del service contribuendo cosi all\u2019ottimo risultato dell\u2019iniziativa: Manuela, Francesca, Angelo, Franco e Maura e il giovane Francesco con il miele da lui prodotto. Ivonne e Alessandro hanno che hanno offerto il loro contributo per il servizio di sicurezza antincendio, Norma e Patrizia.<br \/>\nMolto significativa la testimonianza di Mattia, un giovane bellunese che, fermatosi allo stand, ci ha riferito della sua esperienza con Art\u00f9, un cane guida Lions \u2019\u2019 in pensione\u2019\u2019, perch\u00e8 affetto da dermatite. Questo era stato accolto anni fa nella sua casa di montagna. \u2019\u2019In seguito erano arrivati anche Toby e Brillo\u2019\u2019, per cui Mattia riusciva a coinvolgere anche suo amico in questa bella azione di amore, verso i cani non pi\u00f9 idonei a condurre persone non vedenti<\/p>\n<p>Sergio Cugnach<\/p>\n<p>&nbsp;<\/p>\n<p>&nbsp;<\/p>\n<p>&nbsp;<\/p>","protected":false},"excerpt":{"rendered":"<p>Raccogliere dei fondi per l\u2019acquisto e la donazione di un cane guida ad una persona non vedente. Questo \u00e8 stato l\u2019obiettivo del \u2019\u2019service\u2019\u2019 promosso dal Lions Club Feltre Castello di Alboino, all\u2019interno della manifestazione Mele a Mel che si tiene il secondo fine settimana di Ottobre, nel centro storico di Mel di Borgo Valbelluna. Come [&hellip;]<\/p>\n","protected":false},"author":2,"featured_media":164142,"comment_status":"closed","ping_status":"open","sticky":false,"template":"","format":"standard","meta":{"footnotes":""},"categories":[26,8],"tags":[],"class_list":["post-164141","post","type-post","status-publish","format-standard","has-post-thumbnail","category-prima-pagina","category-societa-istituzioni"],"yoast_head":"<!-- This site is optimized with the Yoast SEO plugin v28.4 - https:\/\/yoast.com\/product\/yoast-seo-wordpress\/ -->\n<title>Due occhi per chi non vede. Il Lions a Mele a Mel per la raccolti di fondi per la donazione di un cane guida - Bellunopress - Dolomiti<\/title>\n<meta name=\"robots\" content=\"index, follow, max-snippet:-1, max-image-preview:large, max-video-preview:-1\" \/>\n<link rel=\"canonical\" href=\"https:\/\/www.bellunopress.it\/fr\/2025\/10\/16\/due-occhi-per-chi-non-vede-il-lions-a-mele-a-mel-per-la-raccolti-di-fondi-per-la-donazione-di-un-cane-guida\/\" \/>\n<meta property=\"og:locale\" content=\"fr_FR\" \/>\n<meta property=\"og:type\" content=\"article\" \/>\n<meta property=\"og:title\" content=\"Due occhi per chi non vede. Il Lions a Mele a Mel per la raccolti di fondi per la donazione di un cane guida - Bellunopress - Dolomiti\" \/>\n<meta property=\"og:description\" content=\"Raccogliere dei fondi per l\u2019acquisto e la donazione di un cane guida ad una persona non vedente. Questo \u00e8 stato l\u2019obiettivo del \u2019\u2019service\u2019\u2019 promosso dal Lions Club Feltre Castello di Alboino, all\u2019interno della manifestazione Mele a Mel che si tiene il secondo fine settimana di Ottobre, nel centro storico di Mel di Borgo Valbelluna. Come [&hellip;]\" \/>\n<meta property=\"og:url\" content=\"https:\/\/www.bellunopress.it\/fr\/2025\/10\/16\/due-occhi-per-chi-non-vede-il-lions-a-mele-a-mel-per-la-raccolti-di-fondi-per-la-donazione-di-un-cane-guida\/\" \/>\n<meta property=\"og:site_name\" content=\"Bellunopress - Dolomiti\" \/>\n<meta property=\"article:publisher\" content=\"https:\/\/www.facebook.com\/profile.php?id=100008943462799\" \/>\n<meta property=\"article:published_time\" content=\"2025-10-16T07:15:02+00:00\" \/>\n<meta property=\"og:image\" content=\"https:\/\/www.bellunopress.it\/wp-content\/uploads\/2025\/10\/Lions-service-cane-guida_edited.jpg\" \/>\n\t<meta property=\"og:image:width\" content=\"800\" \/>\n\t<meta property=\"og:image:height\" content=\"450\" \/>\n\t<meta property=\"og:image:type\" content=\"image\/jpeg\" \/>\n<meta name=\"author\" content=\"redazione\" \/>\n<meta name=\"twitter:card\" content=\"summary_large_image\" \/>\n<meta name=\"twitter:creator\" content=\"@bellunopress\" \/>\n<meta name=\"twitter:site\" content=\"@bellunopress\" \/>\n<meta name=\"twitter:label1\" content=\"\u00c9crit par\" \/>\n\t<meta name=\"twitter:data1\" content=\"redazione\" \/>\n\t<meta name=\"twitter:label2\" content=\"Dur\u00e9e de lecture estim\u00e9e\" \/>\n\t<meta name=\"twitter:data2\" content=\"3 minutes\" \/>\n<script type=\"application\/ld+json\" class=\"yoast-schema-graph\">{\"@context\":\"https:\\\/\\\/schema.org\",\"@graph\":[{\"@type\":\"Article\",\"@id\":\"https:\\\/\\\/www.bellunopress.it\\\/2025\\\/10\\\/16\\\/due-occhi-per-chi-non-vede-il-lions-a-mele-a-mel-per-la-raccolti-di-fondi-per-la-donazione-di-un-cane-guida\\\/#article\",\"isPartOf\":{\"@id\":\"https:\\\/\\\/www.bellunopress.it\\\/2025\\\/10\\\/16\\\/due-occhi-per-chi-non-vede-il-lions-a-mele-a-mel-per-la-raccolti-di-fondi-per-la-donazione-di-un-cane-guida\\\/\"},\"author\":{\"name\":\"redazione\",\"@id\":\"https:\\\/\\\/www.bellunopress.it\\\/#\\\/schema\\\/person\\\/79bb06722b37ece1c03d3e94beb30d73\"},\"headline\":\"Due occhi per chi non vede. Il Lions a Mele a Mel per la raccolti di fondi per la donazione di un cane guida\",\"datePublished\":\"2025-10-16T07:15:02+00:00\",\"mainEntityOfPage\":{\"@id\":\"https:\\\/\\\/www.bellunopress.it\\\/2025\\\/10\\\/16\\\/due-occhi-per-chi-non-vede-il-lions-a-mele-a-mel-per-la-raccolti-di-fondi-per-la-donazione-di-un-cane-guida\\\/\"},\"wordCount\":554,\"publisher\":{\"@id\":\"https:\\\/\\\/www.bellunopress.it\\\/#organization\"},\"image\":{\"@id\":\"https:\\\/\\\/www.bellunopress.it\\\/2025\\\/10\\\/16\\\/due-occhi-per-chi-non-vede-il-lions-a-mele-a-mel-per-la-raccolti-di-fondi-per-la-donazione-di-un-cane-guida\\\/#primaryimage\"},\"thumbnailUrl\":\"https:\\\/\\\/www.bellunopress.it\\\/wp-content\\\/uploads\\\/2025\\\/10\\\/Lions-service-cane-guida_edited.jpg\",\"articleSection\":[\"Prima Pagina\",\"Societ\u00e0, Associazioni, Istituzioni\"],\"inLanguage\":\"fr-FR\"},{\"@type\":\"WebPage\",\"@id\":\"https:\\\/\\\/www.bellunopress.it\\\/2025\\\/10\\\/16\\\/due-occhi-per-chi-non-vede-il-lions-a-mele-a-mel-per-la-raccolti-di-fondi-per-la-donazione-di-un-cane-guida\\\/\",\"url\":\"https:\\\/\\\/www.bellunopress.it\\\/2025\\\/10\\\/16\\\/due-occhi-per-chi-non-vede-il-lions-a-mele-a-mel-per-la-raccolti-di-fondi-per-la-donazione-di-un-cane-guida\\\/\",\"name\":\"Due occhi per chi non vede. Il Lions a Mele a Mel per la raccolti di fondi per la donazione di un cane guida - Bellunopress - Dolomiti\",\"isPartOf\":{\"@id\":\"https:\\\/\\\/www.bellunopress.it\\\/#website\"},\"primaryImageOfPage\":{\"@id\":\"https:\\\/\\\/www.bellunopress.it\\\/2025\\\/10\\\/16\\\/due-occhi-per-chi-non-vede-il-lions-a-mele-a-mel-per-la-raccolti-di-fondi-per-la-donazione-di-un-cane-guida\\\/#primaryimage\"},\"image\":{\"@id\":\"https:\\\/\\\/www.bellunopress.it\\\/2025\\\/10\\\/16\\\/due-occhi-per-chi-non-vede-il-lions-a-mele-a-mel-per-la-raccolti-di-fondi-per-la-donazione-di-un-cane-guida\\\/#primaryimage\"},\"thumbnailUrl\":\"https:\\\/\\\/www.bellunopress.it\\\/wp-content\\\/uploads\\\/2025\\\/10\\\/Lions-service-cane-guida_edited.jpg\",\"datePublished\":\"2025-10-16T07:15:02+00:00\",\"breadcrumb\":{\"@id\":\"https:\\\/\\\/www.bellunopress.it\\\/2025\\\/10\\\/16\\\/due-occhi-per-chi-non-vede-il-lions-a-mele-a-mel-per-la-raccolti-di-fondi-per-la-donazione-di-un-cane-guida\\\/#breadcrumb\"},\"inLanguage\":\"fr-FR\",\"potentialAction\":[{\"@type\":\"ReadAction\",\"target\":[\"https:\\\/\\\/www.bellunopress.it\\\/2025\\\/10\\\/16\\\/due-occhi-per-chi-non-vede-il-lions-a-mele-a-mel-per-la-raccolti-di-fondi-per-la-donazione-di-un-cane-guida\\\/\"]}]},{\"@type\":\"ImageObject\",\"inLanguage\":\"fr-FR\",\"@id\":\"https:\\\/\\\/www.bellunopress.it\\\/2025\\\/10\\\/16\\\/due-occhi-per-chi-non-vede-il-lions-a-mele-a-mel-per-la-raccolti-di-fondi-per-la-donazione-di-un-cane-guida\\\/#primaryimage\",\"url\":\"https:\\\/\\\/www.bellunopress.it\\\/wp-content\\\/uploads\\\/2025\\\/10\\\/Lions-service-cane-guida_edited.jpg\",\"contentUrl\":\"https:\\\/\\\/www.bellunopress.it\\\/wp-content\\\/uploads\\\/2025\\\/10\\\/Lions-service-cane-guida_edited.jpg\",\"width\":800,\"height\":450,\"caption\":\"Lions, service cane guida, in occasione della manifestazione Mele a Mel\"},{\"@type\":\"BreadcrumbList\",\"@id\":\"https:\\\/\\\/www.bellunopress.it\\\/2025\\\/10\\\/16\\\/due-occhi-per-chi-non-vede-il-lions-a-mele-a-mel-per-la-raccolti-di-fondi-per-la-donazione-di-un-cane-guida\\\/#breadcrumb\",\"itemListElement\":[{\"@type\":\"ListItem\",\"position\":1,\"name\":\"Home\",\"item\":\"https:\\\/\\\/www.bellunopress.it\\\/\"},{\"@type\":\"ListItem\",\"position\":2,\"name\":\"Due occhi per chi non vede. Il Lions a Mele a Mel per la raccolti di fondi per la donazione di un cane guida\"}]},{\"@type\":\"WebSite\",\"@id\":\"https:\\\/\\\/www.bellunopress.it\\\/#website\",\"url\":\"https:\\\/\\\/www.bellunopress.it\\\/\",\"name\":\"Bellunopress - Dolomiti\",\"description\":\"e-mail: redazione@bellunopress.it\",\"publisher\":{\"@id\":\"https:\\\/\\\/www.bellunopress.it\\\/#organization\"},\"potentialAction\":[{\"@type\":\"SearchAction\",\"target\":{\"@type\":\"EntryPoint\",\"urlTemplate\":\"https:\\\/\\\/www.bellunopress.it\\\/?s={search_term_string}\"},\"query-input\":{\"@type\":\"PropertyValueSpecification\",\"valueRequired\":true,\"valueName\":\"search_term_string\"}}],\"inLanguage\":\"fr-FR\"},{\"@type\":\"Organization\",\"@id\":\"https:\\\/\\\/www.bellunopress.it\\\/#organization\",\"name\":\"Bellunopress\",\"url\":\"https:\\\/\\\/www.bellunopress.it\\\/\",\"logo\":{\"@type\":\"ImageObject\",\"inLanguage\":\"fr-FR\",\"@id\":\"https:\\\/\\\/www.bellunopress.it\\\/#\\\/schema\\\/logo\\\/image\\\/\",\"url\":\"https:\\\/\\\/www.bellunopress.it\\\/wp-content\\\/uploads\\\/2011\\\/05\\\/cropped-logo-bellunopress-.jpg\",\"contentUrl\":\"https:\\\/\\\/www.bellunopress.it\\\/wp-content\\\/uploads\\\/2011\\\/05\\\/cropped-logo-bellunopress-.jpg\",\"width\":512,\"height\":512,\"caption\":\"Bellunopress\"},\"image\":{\"@id\":\"https:\\\/\\\/www.bellunopress.it\\\/#\\\/schema\\\/logo\\\/image\\\/\"},\"sameAs\":[\"https:\\\/\\\/www.facebook.com\\\/profile.php?id=100008943462799\",\"https:\\\/\\\/x.com\\\/bellunopress\",\"https:\\\/\\\/www.linkedin.com\\\/hp\\\/?dnr=JBzUWaJfMUw8vbXJJ2tVW5-I3jZKvC4wsoxE&amp;amp;amp;amp;amp;amp;trk=nav_responsive_tab_home\",\"https:\\\/\\\/www.youtube.com\\\/channel\\\/UCxL0wu1uN0_3_7hGG0306cw\"]},{\"@type\":\"Person\",\"@id\":\"https:\\\/\\\/www.bellunopress.it\\\/#\\\/schema\\\/person\\\/79bb06722b37ece1c03d3e94beb30d73\",\"name\":\"redazione\",\"image\":{\"@type\":\"ImageObject\",\"inLanguage\":\"fr-FR\",\"@id\":\"https:\\\/\\\/secure.gravatar.com\\\/avatar\\\/37d968a2e67a6fd04c169c4bdef102d0bc5d31b2546345219e348575eb80e9a0?s=96&d=mm&r=g\",\"url\":\"https:\\\/\\\/secure.gravatar.com\\\/avatar\\\/37d968a2e67a6fd04c169c4bdef102d0bc5d31b2546345219e348575eb80e9a0?s=96&d=mm&r=g\",\"contentUrl\":\"https:\\\/\\\/secure.gravatar.com\\\/avatar\\\/37d968a2e67a6fd04c169c4bdef102d0bc5d31b2546345219e348575eb80e9a0?s=96&d=mm&r=g\",\"caption\":\"redazione\"},\"sameAs\":[\"http:\\\/\\\/www.bellunopress.it\",\"https:\\\/\\\/x.com\\\/bellunopress\"],\"url\":\"https:\\\/\\\/www.bellunopress.it\\\/fr\\\/author\\\/redazione\\\/\"}]}<\/script>\n<!-- \/ Yoast SEO plugin. -->","yoast_head_json":{"title":"Due occhi per chi non vede. Il Lions a Mele a Mel per la raccolti di fondi per la donazione di un cane guida - Bellunopress - Dolomiti","robots":{"index":"index","follow":"follow","max-snippet":"max-snippet:-1","max-image-preview":"max-image-preview:large","max-video-preview":"max-video-preview:-1"},"canonical":"https:\/\/www.bellunopress.it\/fr\/2025\/10\/16\/due-occhi-per-chi-non-vede-il-lions-a-mele-a-mel-per-la-raccolti-di-fondi-per-la-donazione-di-un-cane-guida\/","og_locale":"fr_FR","og_type":"article","og_title":"Due occhi per chi non vede. Il Lions a Mele a Mel per la raccolti di fondi per la donazione di un cane guida - Bellunopress - Dolomiti","og_description":"Raccogliere dei fondi per l\u2019acquisto e la donazione di un cane guida ad una persona non vedente. Questo \u00e8 stato l\u2019obiettivo del \u2019\u2019service\u2019\u2019 promosso dal Lions Club Feltre Castello di Alboino, all\u2019interno della manifestazione Mele a Mel che si tiene il secondo fine settimana di Ottobre, nel centro storico di Mel di Borgo Valbelluna. Come [&hellip;]","og_url":"https:\/\/www.bellunopress.it\/fr\/2025\/10\/16\/due-occhi-per-chi-non-vede-il-lions-a-mele-a-mel-per-la-raccolti-di-fondi-per-la-donazione-di-un-cane-guida\/","og_site_name":"Bellunopress - Dolomiti","article_publisher":"https:\/\/www.facebook.com\/profile.php?id=100008943462799","article_published_time":"2025-10-16T07:15:02+00:00","og_image":[{"width":800,"height":450,"url":"https:\/\/www.bellunopress.it\/wp-content\/uploads\/2025\/10\/Lions-service-cane-guida_edited.jpg","type":"image\/jpeg"}],"author":"redazione","twitter_card":"summary_large_image","twitter_creator":"@bellunopress","twitter_site":"@bellunopress","twitter_misc":{"\u00c9crit par":"redazione","Dur\u00e9e de lecture estim\u00e9e":"3 minutes"},"schema":{"@context":"https:\/\/schema.org","@graph":[{"@type":"Article","@id":"https:\/\/www.bellunopress.it\/2025\/10\/16\/due-occhi-per-chi-non-vede-il-lions-a-mele-a-mel-per-la-raccolti-di-fondi-per-la-donazione-di-un-cane-guida\/#article","isPartOf":{"@id":"https:\/\/www.bellunopress.it\/2025\/10\/16\/due-occhi-per-chi-non-vede-il-lions-a-mele-a-mel-per-la-raccolti-di-fondi-per-la-donazione-di-un-cane-guida\/"},"author":{"name":"redazione","@id":"https:\/\/www.bellunopress.it\/#\/schema\/person\/79bb06722b37ece1c03d3e94beb30d73"},"headline":"Due occhi per chi non vede. Il Lions a Mele a Mel per la raccolti di fondi per la donazione di un cane guida","datePublished":"2025-10-16T07:15:02+00:00","mainEntityOfPage":{"@id":"https:\/\/www.bellunopress.it\/2025\/10\/16\/due-occhi-per-chi-non-vede-il-lions-a-mele-a-mel-per-la-raccolti-di-fondi-per-la-donazione-di-un-cane-guida\/"},"wordCount":554,"publisher":{"@id":"https:\/\/www.bellunopress.it\/#organization"},"image":{"@id":"https:\/\/www.bellunopress.it\/2025\/10\/16\/due-occhi-per-chi-non-vede-il-lions-a-mele-a-mel-per-la-raccolti-di-fondi-per-la-donazione-di-un-cane-guida\/#primaryimage"},"thumbnailUrl":"https:\/\/www.bellunopress.it\/wp-content\/uploads\/2025\/10\/Lions-service-cane-guida_edited.jpg","articleSection":["Prima Pagina","Societ\u00e0, Associazioni, Istituzioni"],"inLanguage":"fr-FR"},{"@type":"WebPage","@id":"https:\/\/www.bellunopress.it\/2025\/10\/16\/due-occhi-per-chi-non-vede-il-lions-a-mele-a-mel-per-la-raccolti-di-fondi-per-la-donazione-di-un-cane-guida\/","url":"https:\/\/www.bellunopress.it\/2025\/10\/16\/due-occhi-per-chi-non-vede-il-lions-a-mele-a-mel-per-la-raccolti-di-fondi-per-la-donazione-di-un-cane-guida\/","name":"Due occhi per chi non vede. Il Lions a Mele a Mel per la raccolti di fondi per la donazione di un cane guida - Bellunopress - Dolomiti","isPartOf":{"@id":"https:\/\/www.bellunopress.it\/#website"},"primaryImageOfPage":{"@id":"https:\/\/www.bellunopress.it\/2025\/10\/16\/due-occhi-per-chi-non-vede-il-lions-a-mele-a-mel-per-la-raccolti-di-fondi-per-la-donazione-di-un-cane-guida\/#primaryimage"},"image":{"@id":"https:\/\/www.bellunopress.it\/2025\/10\/16\/due-occhi-per-chi-non-vede-il-lions-a-mele-a-mel-per-la-raccolti-di-fondi-per-la-donazione-di-un-cane-guida\/#primaryimage"},"thumbnailUrl":"https:\/\/www.bellunopress.it\/wp-content\/uploads\/2025\/10\/Lions-service-cane-guida_edited.jpg","datePublished":"2025-10-16T07:15:02+00:00","breadcrumb":{"@id":"https:\/\/www.bellunopress.it\/2025\/10\/16\/due-occhi-per-chi-non-vede-il-lions-a-mele-a-mel-per-la-raccolti-di-fondi-per-la-donazione-di-un-cane-guida\/#breadcrumb"},"inLanguage":"fr-FR","potentialAction":[{"@type":"ReadAction","target":["https:\/\/www.bellunopress.it\/2025\/10\/16\/due-occhi-per-chi-non-vede-il-lions-a-mele-a-mel-per-la-raccolti-di-fondi-per-la-donazione-di-un-cane-guida\/"]}]},{"@type":"ImageObject","inLanguage":"fr-FR","@id":"https:\/\/www.bellunopress.it\/2025\/10\/16\/due-occhi-per-chi-non-vede-il-lions-a-mele-a-mel-per-la-raccolti-di-fondi-per-la-donazione-di-un-cane-guida\/#primaryimage","url":"https:\/\/www.bellunopress.it\/wp-content\/uploads\/2025\/10\/Lions-service-cane-guida_edited.jpg","contentUrl":"https:\/\/www.bellunopress.it\/wp-content\/uploads\/2025\/10\/Lions-service-cane-guida_edited.jpg","width":800,"height":450,"caption":"Lions, service cane guida, in occasione della manifestazione Mele a Mel"},{"@type":"BreadcrumbList","@id":"https:\/\/www.bellunopress.it\/2025\/10\/16\/due-occhi-per-chi-non-vede-il-lions-a-mele-a-mel-per-la-raccolti-di-fondi-per-la-donazione-di-un-cane-guida\/#breadcrumb","itemListElement":[{"@type":"ListItem","position":1,"name":"Home","item":"https:\/\/www.bellunopress.it\/"},{"@type":"ListItem","position":2,"name":"Due occhi per chi non vede. Il Lions a Mele a Mel per la raccolti di fondi per la donazione di un cane guida"}]},{"@type":"WebSite","@id":"https:\/\/www.bellunopress.it\/#website","url":"https:\/\/www.bellunopress.it\/","name":"Bellunopress - Dolomiti","description":"e-mail: redazione@bellunopress.it","publisher":{"@id":"https:\/\/www.bellunopress.it\/#organization"},"potentialAction":[{"@type":"SearchAction","target":{"@type":"EntryPoint","urlTemplate":"https:\/\/www.bellunopress.it\/?s={search_term_string}"},"query-input":{"@type":"PropertyValueSpecification","valueRequired":true,"valueName":"search_term_string"}}],"inLanguage":"fr-FR"},{"@type":"Organization","@id":"https:\/\/www.bellunopress.it\/#organization","name":"Bellunopress","url":"https:\/\/www.bellunopress.it\/","logo":{"@type":"ImageObject","inLanguage":"fr-FR","@id":"https:\/\/www.bellunopress.it\/#\/schema\/logo\/image\/","url":"https:\/\/www.bellunopress.it\/wp-content\/uploads\/2011\/05\/cropped-logo-bellunopress-.jpg","contentUrl":"https:\/\/www.bellunopress.it\/wp-content\/uploads\/2011\/05\/cropped-logo-bellunopress-.jpg","width":512,"height":512,"caption":"Bellunopress"},"image":{"@id":"https:\/\/www.bellunopress.it\/#\/schema\/logo\/image\/"},"sameAs":["https:\/\/www.facebook.com\/profile.php?id=100008943462799","https:\/\/x.com\/bellunopress","https:\/\/www.linkedin.com\/hp\/?dnr=JBzUWaJfMUw8vbXJJ2tVW5-I3jZKvC4wsoxE&amp;amp;amp;amp;amp;amp;trk=nav_responsive_tab_home","https:\/\/www.youtube.com\/channel\/UCxL0wu1uN0_3_7hGG0306cw"]},{"@type":"Person","@id":"https:\/\/www.bellunopress.it\/#\/schema\/person\/79bb06722b37ece1c03d3e94beb30d73","name":"r\u00e9daction","image":{"@type":"ImageObject","inLanguage":"fr-FR","@id":"https:\/\/secure.gravatar.com\/avatar\/37d968a2e67a6fd04c169c4bdef102d0bc5d31b2546345219e348575eb80e9a0?s=96&d=mm&r=g","url":"https:\/\/secure.gravatar.com\/avatar\/37d968a2e67a6fd04c169c4bdef102d0bc5d31b2546345219e348575eb80e9a0?s=96&d=mm&r=g","contentUrl":"https:\/\/secure.gravatar.com\/avatar\/37d968a2e67a6fd04c169c4bdef102d0bc5d31b2546345219e348575eb80e9a0?s=96&d=mm&r=g","caption":"redazione"},"sameAs":["http:\/\/www.bellunopress.it","https:\/\/x.com\/bellunopress"],"url":"https:\/\/www.bellunopress.it\/fr\/author\/redazione\/"}]}},"_links":{"self":[{"href":"https:\/\/www.bellunopress.it\/fr\/wp-json\/wp\/v2\/posts\/164141","targetHints":{"allow":["GET"]}}],"collection":[{"href":"https:\/\/www.bellunopress.it\/fr\/wp-json\/wp\/v2\/posts"}],"about":[{"href":"https:\/\/www.bellunopress.it\/fr\/wp-json\/wp\/v2\/types\/post"}],"author":[{"embeddable":true,"href":"https:\/\/www.bellunopress.it\/fr\/wp-json\/wp\/v2\/users\/2"}],"replies":[{"embeddable":true,"href":"https:\/\/www.bellunopress.it\/fr\/wp-json\/wp\/v2\/comments?post=164141"}],"version-history":[{"count":1,"href":"https:\/\/www.bellunopress.it\/fr\/wp-json\/wp\/v2\/posts\/164141\/revisions"}],"predecessor-version":[{"id":164143,"href":"https:\/\/www.bellunopress.it\/fr\/wp-json\/wp\/v2\/posts\/164141\/revisions\/164143"}],"wp:featuredmedia":[{"embeddable":true,"href":"https:\/\/www.bellunopress.it\/fr\/wp-json\/wp\/v2\/media\/164142"}],"wp:attachment":[{"href":"https:\/\/www.bellunopress.it\/fr\/wp-json\/wp\/v2\/media?parent=164141"}],"wp:term":[{"taxonomy":"category","embeddable":true,"href":"https:\/\/www.bellunopress.it\/fr\/wp-json\/wp\/v2\/categories?post=164141"},{"taxonomy":"post_tag","embeddable":true,"href":"https:\/\/www.bellunopress.it\/fr\/wp-json\/wp\/v2\/tags?post=164141"}],"curies":[{"name":"wp","href":"https:\/\/api.w.org\/{rel}","templated":true}]}}