{"id":164139,"date":"2025-10-15T20:32:39","date_gmt":"2025-10-15T18:32:39","guid":{"rendered":"https:\/\/www.bellunopress.it\/?p=164139"},"modified":"2025-10-15T20:32:39","modified_gmt":"2025-10-15T18:32:39","slug":"belluno-torna-clorofilla-via-ad-un-non-festival-darte-senza-fine","status":"publish","type":"post","link":"https:\/\/www.bellunopress.it\/fr\/2025\/10\/15\/belluno-torna-clorofilla-via-ad-un-non-festival-darte-senza-fine\/","title":{"rendered":"Belluno. Torna Clorofilla: via ad un &#8220;non-festival&#8221; d&#8217;arte senza fine"},"content":{"rendered":"<figure id=\"attachment_135264\" aria-describedby=\"caption-attachment-135264\" style=\"width: 1000px\" class=\"wp-caption aligncenter\"><img loading=\"lazy\" decoding=\"async\" class=\"size-full wp-image-135264\" src=\"https:\/\/www.bellunopress.it\/wp-content\/uploads\/2022\/07\/casa-beni-comuni-1_edited.jpg\" alt=\"ex caserma piave\" width=\"1000\" height=\"667\" srcset=\"https:\/\/www.bellunopress.it\/wp-content\/uploads\/2022\/07\/casa-beni-comuni-1_edited.jpg 1000w, https:\/\/www.bellunopress.it\/wp-content\/uploads\/2022\/07\/casa-beni-comuni-1_edited-500x334.jpg 500w, https:\/\/www.bellunopress.it\/wp-content\/uploads\/2022\/07\/casa-beni-comuni-1_edited-696x464.jpg 696w, https:\/\/www.bellunopress.it\/wp-content\/uploads\/2022\/07\/casa-beni-comuni-1_edited-630x420.jpg 630w\" sizes=\"auto, (max-width: 1000px) 100vw, 1000px\" \/><figcaption id=\"caption-attachment-135264\" class=\"wp-caption-text\">Casa Beni Comuni &#8211; Belluno via Tiziano Vecellio<\/figcaption><\/figure>\n<p><strong>Dall&#8217;ottobre 2025 un nuovo format fluido e comunitario che coinvolger\u00e0 artisti, musicisti e realt\u00e0 locali con eventi fino all&#8217;estate 2026<\/strong><\/p>\n<p>Belluno, 15 ottobre 2025 &#8211; Clorofilla, il progetto di arte pubblica che ha colorato Belluno a partire dal 2015,\u00a0torna in una forma completamente nuova: un &#8220;non-festival&#8221; senza una fine definita. A partire dal 17 ottobre 2025, una serie di eventi e attivit\u00e0 animer\u00e0 la citt\u00e0 fino all&#8217;estate 2026, con il ritorno di molti dei muralisti che hanno segnato le prime edizioni alla ex Caserma Piave, arricchiti da un\u00a0programma ricco e diversificato.<\/p>\n<p>\u00abAbbiamo scelto di dare a Clorofilla una forma fluida, mettendo al centro gli artisti, le loro opere e\u00a0la relazione con lo spazio pubblico e le persone che lo vivono\u00bb, spiegano gli organizzatori. \u00abSar\u00e0 un festival di comunit\u00e0 e di relazione, in cui moltissimi artisti contemporanei, fumettisti e musicisti\u00a0saranno ospiti a Belluno. Attorno a loro costruiremo occasioni di confronto ed eventi pubblici. Sar\u00e0 anche un modo per collaborare con molte altre realt\u00e0 bellunesi e non, mescolando linguaggi e esperienze\u00bb.<\/p>\n<p><strong>Il via con Claudio Calia e il graphic journalism<\/strong><\/p>\n<p>Il programma prender\u00e0 il via il 17, 18 e 19 ottobre con un focus sul graphic journalism. Ospite\u00a0d&#8217;eccezione sar\u00e0 Claudio Calia, uno dei principali autori italiani del genere, che presenter\u00e0 il suo\u00a0nuovo fumetto &#8220;Dov&#8217;\u00e8 la bellezza?&#8221;. La graphic novel racconta la vita straordinaria di Kamaran\u00a0Najm, il primo fotoreporter di guerra iracheno, attraverso un viaggio nel Kurdistan iracheno.<\/p>\n<p>Nei giorni di sabato 18 e domenica 19 ottobre, Calia terr\u00e0 un corso gratuito di fumetto dalle 9 alle 13 e dalle 14 alle 16 presso la Casa dei Beni Comuni, con pranzo incluso. Il corso \u00e8 a numero\u00a0chiuso: per iscriversi \u00e8 necessario inviare una mail a serigrafia.beeink@gmail.com.<\/p>\n<p><strong>Un weekend di comunit\u00e0 alla Casa dei Beni Comuni<\/strong><\/p>\n<p>Il clou delle prime settimane sar\u00e0 il weekend del 25 e 26 ottobre con due giorni interi di comunit\u00e0<\/p>\n<p>alla Casa dei Beni Comuni. Tutti i progetti che abitano lo spazio porteranno il loro contributo con\u00a0un ricco calendario che include: workshop di circo, ciclofficina aperta con asta di biciclette, Drag\u00a0Show, spettacoli di ballo e musica. Domenica 26 \u00e8 in programma il pranzo sociale e l&#8217;inaugurazione ufficiale dello Skate Park, il nuovo progetto nato quest&#8217;anno all&#8217;interno della Casa dei Beni Comuni, voluto e realizzato da un gruppo di giovani attivisti e studenti.<\/p>\n<p>In questi due giorni sar\u00e0 possibile vedere all&#8217;opera i primi artisti in residenza: Andrea D&#8217;Ascanio, Kiki Skipi e Andrea Casciu, tre grandi nomi dell&#8217;arte sarda che saranno ospiti a Belluno fino a fine\u00a0mese.<\/p>\n<p><strong>Appuntamento<\/strong><\/p>\n<p>Il pubblico \u00e8 invitato a partecipare agli eventi di apertura:<\/p>\n<p>Venerd\u00ec 17 ottobre con apertura dalle ore 18.30 e presentazione dalle 20 con Claudio Calia.<\/p>\n<p>Sabato 18 Domenica 19 dalle 9: Workshop Claudio Calia<\/p>\n<p>Sabato 25 ottobre dalle ore 14.30 alle 24: Giornata di eventi alla Casa dei Beni Comuni.<\/p>\n<p>Domenica 26 ottobre dalle 12.30 alle 19: Pranzo sociale, inaugurazione Skate Park e attivit\u00e0.<\/p>","protected":false},"excerpt":{"rendered":"<p>Dall&#8217;ottobre 2025 un nuovo format fluido e comunitario che coinvolger\u00e0 artisti, musicisti e realt\u00e0 locali con eventi fino all&#8217;estate 2026 Belluno, 15 ottobre 2025 &#8211; Clorofilla, il progetto di arte pubblica che ha colorato Belluno a partire dal 2015,\u00a0torna in una forma completamente nuova: un &#8220;non-festival&#8221; senza una fine definita. A partire dal 17 ottobre [&hellip;]<\/p>\n","protected":false},"author":2,"featured_media":135264,"comment_status":"closed","ping_status":"open","sticky":false,"template":"","format":"standard","meta":{"footnotes":""},"categories":[27,25],"tags":[],"class_list":["post-164139","post","type-post","status-publish","format-standard","has-post-thumbnail","category-appuntamenti","category-pausa-caffe"],"yoast_head":"<!-- This site is optimized with the Yoast SEO plugin v28.4 - https:\/\/yoast.com\/product\/yoast-seo-wordpress\/ -->\n<title>Belluno. Torna Clorofilla: via ad un &quot;non-festival&quot; d&#039;arte senza fine - Bellunopress - Dolomiti<\/title>\n<meta name=\"robots\" content=\"index, follow, max-snippet:-1, max-image-preview:large, max-video-preview:-1\" \/>\n<link rel=\"canonical\" href=\"https:\/\/www.bellunopress.it\/fr\/2025\/10\/15\/belluno-torna-clorofilla-via-ad-un-non-festival-darte-senza-fine\/\" \/>\n<meta property=\"og:locale\" content=\"fr_FR\" \/>\n<meta property=\"og:type\" content=\"article\" \/>\n<meta property=\"og:title\" content=\"Belluno. Torna Clorofilla: via ad un &quot;non-festival&quot; d&#039;arte senza fine - Bellunopress - Dolomiti\" \/>\n<meta property=\"og:description\" content=\"Dall&#8217;ottobre 2025 un nuovo format fluido e comunitario che coinvolger\u00e0 artisti, musicisti e realt\u00e0 locali con eventi fino all&#8217;estate 2026 Belluno, 15 ottobre 2025 &#8211; Clorofilla, il progetto di arte pubblica che ha colorato Belluno a partire dal 2015,\u00a0torna in una forma completamente nuova: un &#8220;non-festival&#8221; senza una fine definita. A partire dal 17 ottobre [&hellip;]\" \/>\n<meta property=\"og:url\" content=\"https:\/\/www.bellunopress.it\/fr\/2025\/10\/15\/belluno-torna-clorofilla-via-ad-un-non-festival-darte-senza-fine\/\" \/>\n<meta property=\"og:site_name\" content=\"Bellunopress - Dolomiti\" \/>\n<meta property=\"article:publisher\" content=\"https:\/\/www.facebook.com\/profile.php?id=100008943462799\" \/>\n<meta property=\"article:published_time\" content=\"2025-10-15T18:32:39+00:00\" \/>\n<meta property=\"og:image\" content=\"https:\/\/www.bellunopress.it\/wp-content\/uploads\/2022\/07\/casa-beni-comuni-1_edited.jpg\" \/>\n\t<meta property=\"og:image:width\" content=\"1000\" \/>\n\t<meta property=\"og:image:height\" content=\"667\" \/>\n\t<meta property=\"og:image:type\" content=\"image\/jpeg\" \/>\n<meta name=\"author\" content=\"redazione\" \/>\n<meta name=\"twitter:card\" content=\"summary_large_image\" \/>\n<meta name=\"twitter:creator\" content=\"@bellunopress\" \/>\n<meta name=\"twitter:site\" content=\"@bellunopress\" \/>\n<meta name=\"twitter:label1\" content=\"Written by\" \/>\n\t<meta name=\"twitter:data1\" content=\"redazione\" \/>\n\t<meta name=\"twitter:label2\" content=\"Est. reading time\" \/>\n\t<meta name=\"twitter:data2\" content=\"2 minutes\" \/>\n<script type=\"application\/ld+json\" class=\"yoast-schema-graph\">{\"@context\":\"https:\\\/\\\/schema.org\",\"@graph\":[{\"@type\":\"Article\",\"@id\":\"https:\\\/\\\/www.bellunopress.it\\\/2025\\\/10\\\/15\\\/belluno-torna-clorofilla-via-ad-un-non-festival-darte-senza-fine\\\/#article\",\"isPartOf\":{\"@id\":\"https:\\\/\\\/www.bellunopress.it\\\/2025\\\/10\\\/15\\\/belluno-torna-clorofilla-via-ad-un-non-festival-darte-senza-fine\\\/\"},\"author\":{\"name\":\"redazione\",\"@id\":\"https:\\\/\\\/www.bellunopress.it\\\/#\\\/schema\\\/person\\\/79bb06722b37ece1c03d3e94beb30d73\"},\"headline\":\"Belluno. Torna Clorofilla: via ad un &#8220;non-festival&#8221; d&#8217;arte senza fine\",\"datePublished\":\"2025-10-15T18:32:39+00:00\",\"mainEntityOfPage\":{\"@id\":\"https:\\\/\\\/www.bellunopress.it\\\/2025\\\/10\\\/15\\\/belluno-torna-clorofilla-via-ad-un-non-festival-darte-senza-fine\\\/\"},\"wordCount\":495,\"publisher\":{\"@id\":\"https:\\\/\\\/www.bellunopress.it\\\/#organization\"},\"image\":{\"@id\":\"https:\\\/\\\/www.bellunopress.it\\\/2025\\\/10\\\/15\\\/belluno-torna-clorofilla-via-ad-un-non-festival-darte-senza-fine\\\/#primaryimage\"},\"thumbnailUrl\":\"https:\\\/\\\/www.bellunopress.it\\\/wp-content\\\/uploads\\\/2022\\\/07\\\/casa-beni-comuni-1_edited.jpg\",\"articleSection\":[\"Appuntamenti, Eventi\",\"Pausa Caff\u00e8\"],\"inLanguage\":\"fr-FR\"},{\"@type\":\"WebPage\",\"@id\":\"https:\\\/\\\/www.bellunopress.it\\\/2025\\\/10\\\/15\\\/belluno-torna-clorofilla-via-ad-un-non-festival-darte-senza-fine\\\/\",\"url\":\"https:\\\/\\\/www.bellunopress.it\\\/2025\\\/10\\\/15\\\/belluno-torna-clorofilla-via-ad-un-non-festival-darte-senza-fine\\\/\",\"name\":\"Belluno. Torna Clorofilla: via ad un \\\"non-festival\\\" d'arte senza fine - Bellunopress - Dolomiti\",\"isPartOf\":{\"@id\":\"https:\\\/\\\/www.bellunopress.it\\\/#website\"},\"primaryImageOfPage\":{\"@id\":\"https:\\\/\\\/www.bellunopress.it\\\/2025\\\/10\\\/15\\\/belluno-torna-clorofilla-via-ad-un-non-festival-darte-senza-fine\\\/#primaryimage\"},\"image\":{\"@id\":\"https:\\\/\\\/www.bellunopress.it\\\/2025\\\/10\\\/15\\\/belluno-torna-clorofilla-via-ad-un-non-festival-darte-senza-fine\\\/#primaryimage\"},\"thumbnailUrl\":\"https:\\\/\\\/www.bellunopress.it\\\/wp-content\\\/uploads\\\/2022\\\/07\\\/casa-beni-comuni-1_edited.jpg\",\"datePublished\":\"2025-10-15T18:32:39+00:00\",\"breadcrumb\":{\"@id\":\"https:\\\/\\\/www.bellunopress.it\\\/2025\\\/10\\\/15\\\/belluno-torna-clorofilla-via-ad-un-non-festival-darte-senza-fine\\\/#breadcrumb\"},\"inLanguage\":\"fr-FR\",\"potentialAction\":[{\"@type\":\"ReadAction\",\"target\":[\"https:\\\/\\\/www.bellunopress.it\\\/2025\\\/10\\\/15\\\/belluno-torna-clorofilla-via-ad-un-non-festival-darte-senza-fine\\\/\"]}]},{\"@type\":\"ImageObject\",\"inLanguage\":\"fr-FR\",\"@id\":\"https:\\\/\\\/www.bellunopress.it\\\/2025\\\/10\\\/15\\\/belluno-torna-clorofilla-via-ad-un-non-festival-darte-senza-fine\\\/#primaryimage\",\"url\":\"https:\\\/\\\/www.bellunopress.it\\\/wp-content\\\/uploads\\\/2022\\\/07\\\/casa-beni-comuni-1_edited.jpg\",\"contentUrl\":\"https:\\\/\\\/www.bellunopress.it\\\/wp-content\\\/uploads\\\/2022\\\/07\\\/casa-beni-comuni-1_edited.jpg\",\"width\":1000,\"height\":667,\"caption\":\"Casa Beni Comuni - Belluno via Tiziano Vecellio\"},{\"@type\":\"BreadcrumbList\",\"@id\":\"https:\\\/\\\/www.bellunopress.it\\\/2025\\\/10\\\/15\\\/belluno-torna-clorofilla-via-ad-un-non-festival-darte-senza-fine\\\/#breadcrumb\",\"itemListElement\":[{\"@type\":\"ListItem\",\"position\":1,\"name\":\"Home\",\"item\":\"https:\\\/\\\/www.bellunopress.it\\\/\"},{\"@type\":\"ListItem\",\"position\":2,\"name\":\"Belluno. Torna Clorofilla: via ad un &#8220;non-festival&#8221; d&#8217;arte senza fine\"}]},{\"@type\":\"WebSite\",\"@id\":\"https:\\\/\\\/www.bellunopress.it\\\/#website\",\"url\":\"https:\\\/\\\/www.bellunopress.it\\\/\",\"name\":\"Bellunopress - Dolomiti\",\"description\":\"e-mail: redazione@bellunopress.it\",\"publisher\":{\"@id\":\"https:\\\/\\\/www.bellunopress.it\\\/#organization\"},\"potentialAction\":[{\"@type\":\"SearchAction\",\"target\":{\"@type\":\"EntryPoint\",\"urlTemplate\":\"https:\\\/\\\/www.bellunopress.it\\\/?s={search_term_string}\"},\"query-input\":{\"@type\":\"PropertyValueSpecification\",\"valueRequired\":true,\"valueName\":\"search_term_string\"}}],\"inLanguage\":\"fr-FR\"},{\"@type\":\"Organization\",\"@id\":\"https:\\\/\\\/www.bellunopress.it\\\/#organization\",\"name\":\"Bellunopress\",\"url\":\"https:\\\/\\\/www.bellunopress.it\\\/\",\"logo\":{\"@type\":\"ImageObject\",\"inLanguage\":\"fr-FR\",\"@id\":\"https:\\\/\\\/www.bellunopress.it\\\/#\\\/schema\\\/logo\\\/image\\\/\",\"url\":\"https:\\\/\\\/www.bellunopress.it\\\/wp-content\\\/uploads\\\/2011\\\/05\\\/cropped-logo-bellunopress-.jpg\",\"contentUrl\":\"https:\\\/\\\/www.bellunopress.it\\\/wp-content\\\/uploads\\\/2011\\\/05\\\/cropped-logo-bellunopress-.jpg\",\"width\":512,\"height\":512,\"caption\":\"Bellunopress\"},\"image\":{\"@id\":\"https:\\\/\\\/www.bellunopress.it\\\/#\\\/schema\\\/logo\\\/image\\\/\"},\"sameAs\":[\"https:\\\/\\\/www.facebook.com\\\/profile.php?id=100008943462799\",\"https:\\\/\\\/x.com\\\/bellunopress\",\"https:\\\/\\\/www.linkedin.com\\\/hp\\\/?dnr=JBzUWaJfMUw8vbXJJ2tVW5-I3jZKvC4wsoxE&amp;amp;amp;amp;amp;amp;trk=nav_responsive_tab_home\",\"https:\\\/\\\/www.youtube.com\\\/channel\\\/UCxL0wu1uN0_3_7hGG0306cw\"]},{\"@type\":\"Person\",\"@id\":\"https:\\\/\\\/www.bellunopress.it\\\/#\\\/schema\\\/person\\\/79bb06722b37ece1c03d3e94beb30d73\",\"name\":\"redazione\",\"image\":{\"@type\":\"ImageObject\",\"inLanguage\":\"fr-FR\",\"@id\":\"https:\\\/\\\/secure.gravatar.com\\\/avatar\\\/37d968a2e67a6fd04c169c4bdef102d0bc5d31b2546345219e348575eb80e9a0?s=96&d=mm&r=g\",\"url\":\"https:\\\/\\\/secure.gravatar.com\\\/avatar\\\/37d968a2e67a6fd04c169c4bdef102d0bc5d31b2546345219e348575eb80e9a0?s=96&d=mm&r=g\",\"contentUrl\":\"https:\\\/\\\/secure.gravatar.com\\\/avatar\\\/37d968a2e67a6fd04c169c4bdef102d0bc5d31b2546345219e348575eb80e9a0?s=96&d=mm&r=g\",\"caption\":\"redazione\"},\"sameAs\":[\"http:\\\/\\\/www.bellunopress.it\",\"https:\\\/\\\/x.com\\\/bellunopress\"],\"url\":\"https:\\\/\\\/www.bellunopress.it\\\/fr\\\/author\\\/redazione\\\/\"}]}<\/script>\n<!-- \/ Yoast SEO plugin. -->","yoast_head_json":{"title":"Belluno. Torna Clorofilla: via ad un \"non-festival\" d'arte senza fine - Bellunopress - Dolomiti","robots":{"index":"index","follow":"follow","max-snippet":"max-snippet:-1","max-image-preview":"max-image-preview:large","max-video-preview":"max-video-preview:-1"},"canonical":"https:\/\/www.bellunopress.it\/fr\/2025\/10\/15\/belluno-torna-clorofilla-via-ad-un-non-festival-darte-senza-fine\/","og_locale":"fr_FR","og_type":"article","og_title":"Belluno. Torna Clorofilla: via ad un \"non-festival\" d'arte senza fine - Bellunopress - Dolomiti","og_description":"Dall&#8217;ottobre 2025 un nuovo format fluido e comunitario che coinvolger\u00e0 artisti, musicisti e realt\u00e0 locali con eventi fino all&#8217;estate 2026 Belluno, 15 ottobre 2025 &#8211; Clorofilla, il progetto di arte pubblica che ha colorato Belluno a partire dal 2015,\u00a0torna in una forma completamente nuova: un &#8220;non-festival&#8221; senza una fine definita. A partire dal 17 ottobre [&hellip;]","og_url":"https:\/\/www.bellunopress.it\/fr\/2025\/10\/15\/belluno-torna-clorofilla-via-ad-un-non-festival-darte-senza-fine\/","og_site_name":"Bellunopress - Dolomiti","article_publisher":"https:\/\/www.facebook.com\/profile.php?id=100008943462799","article_published_time":"2025-10-15T18:32:39+00:00","og_image":[{"width":1000,"height":667,"url":"https:\/\/www.bellunopress.it\/wp-content\/uploads\/2022\/07\/casa-beni-comuni-1_edited.jpg","type":"image\/jpeg"}],"author":"redazione","twitter_card":"summary_large_image","twitter_creator":"@bellunopress","twitter_site":"@bellunopress","twitter_misc":{"Written by":"redazione","Est. reading time":"2 minutes"},"schema":{"@context":"https:\/\/schema.org","@graph":[{"@type":"Article","@id":"https:\/\/www.bellunopress.it\/2025\/10\/15\/belluno-torna-clorofilla-via-ad-un-non-festival-darte-senza-fine\/#article","isPartOf":{"@id":"https:\/\/www.bellunopress.it\/2025\/10\/15\/belluno-torna-clorofilla-via-ad-un-non-festival-darte-senza-fine\/"},"author":{"name":"redazione","@id":"https:\/\/www.bellunopress.it\/#\/schema\/person\/79bb06722b37ece1c03d3e94beb30d73"},"headline":"Belluno. Torna Clorofilla: via ad un &#8220;non-festival&#8221; d&#8217;arte senza fine","datePublished":"2025-10-15T18:32:39+00:00","mainEntityOfPage":{"@id":"https:\/\/www.bellunopress.it\/2025\/10\/15\/belluno-torna-clorofilla-via-ad-un-non-festival-darte-senza-fine\/"},"wordCount":495,"publisher":{"@id":"https:\/\/www.bellunopress.it\/#organization"},"image":{"@id":"https:\/\/www.bellunopress.it\/2025\/10\/15\/belluno-torna-clorofilla-via-ad-un-non-festival-darte-senza-fine\/#primaryimage"},"thumbnailUrl":"https:\/\/www.bellunopress.it\/wp-content\/uploads\/2022\/07\/casa-beni-comuni-1_edited.jpg","articleSection":["Appuntamenti, Eventi","Pausa Caff\u00e8"],"inLanguage":"fr-FR"},{"@type":"WebPage","@id":"https:\/\/www.bellunopress.it\/2025\/10\/15\/belluno-torna-clorofilla-via-ad-un-non-festival-darte-senza-fine\/","url":"https:\/\/www.bellunopress.it\/2025\/10\/15\/belluno-torna-clorofilla-via-ad-un-non-festival-darte-senza-fine\/","name":"Belluno. Torna Clorofilla: via ad un \"non-festival\" d'arte senza fine - Bellunopress - Dolomiti","isPartOf":{"@id":"https:\/\/www.bellunopress.it\/#website"},"primaryImageOfPage":{"@id":"https:\/\/www.bellunopress.it\/2025\/10\/15\/belluno-torna-clorofilla-via-ad-un-non-festival-darte-senza-fine\/#primaryimage"},"image":{"@id":"https:\/\/www.bellunopress.it\/2025\/10\/15\/belluno-torna-clorofilla-via-ad-un-non-festival-darte-senza-fine\/#primaryimage"},"thumbnailUrl":"https:\/\/www.bellunopress.it\/wp-content\/uploads\/2022\/07\/casa-beni-comuni-1_edited.jpg","datePublished":"2025-10-15T18:32:39+00:00","breadcrumb":{"@id":"https:\/\/www.bellunopress.it\/2025\/10\/15\/belluno-torna-clorofilla-via-ad-un-non-festival-darte-senza-fine\/#breadcrumb"},"inLanguage":"fr-FR","potentialAction":[{"@type":"ReadAction","target":["https:\/\/www.bellunopress.it\/2025\/10\/15\/belluno-torna-clorofilla-via-ad-un-non-festival-darte-senza-fine\/"]}]},{"@type":"ImageObject","inLanguage":"fr-FR","@id":"https:\/\/www.bellunopress.it\/2025\/10\/15\/belluno-torna-clorofilla-via-ad-un-non-festival-darte-senza-fine\/#primaryimage","url":"https:\/\/www.bellunopress.it\/wp-content\/uploads\/2022\/07\/casa-beni-comuni-1_edited.jpg","contentUrl":"https:\/\/www.bellunopress.it\/wp-content\/uploads\/2022\/07\/casa-beni-comuni-1_edited.jpg","width":1000,"height":667,"caption":"Casa Beni Comuni - Belluno via Tiziano Vecellio"},{"@type":"BreadcrumbList","@id":"https:\/\/www.bellunopress.it\/2025\/10\/15\/belluno-torna-clorofilla-via-ad-un-non-festival-darte-senza-fine\/#breadcrumb","itemListElement":[{"@type":"ListItem","position":1,"name":"Home","item":"https:\/\/www.bellunopress.it\/"},{"@type":"ListItem","position":2,"name":"Belluno. Torna Clorofilla: via ad un &#8220;non-festival&#8221; d&#8217;arte senza fine"}]},{"@type":"WebSite","@id":"https:\/\/www.bellunopress.it\/#website","url":"https:\/\/www.bellunopress.it\/","name":"Bellunopress - Dolomiti","description":"e-mail: redazione@bellunopress.it","publisher":{"@id":"https:\/\/www.bellunopress.it\/#organization"},"potentialAction":[{"@type":"SearchAction","target":{"@type":"EntryPoint","urlTemplate":"https:\/\/www.bellunopress.it\/?s={search_term_string}"},"query-input":{"@type":"PropertyValueSpecification","valueRequired":true,"valueName":"search_term_string"}}],"inLanguage":"fr-FR"},{"@type":"Organization","@id":"https:\/\/www.bellunopress.it\/#organization","name":"Bellunopress","url":"https:\/\/www.bellunopress.it\/","logo":{"@type":"ImageObject","inLanguage":"fr-FR","@id":"https:\/\/www.bellunopress.it\/#\/schema\/logo\/image\/","url":"https:\/\/www.bellunopress.it\/wp-content\/uploads\/2011\/05\/cropped-logo-bellunopress-.jpg","contentUrl":"https:\/\/www.bellunopress.it\/wp-content\/uploads\/2011\/05\/cropped-logo-bellunopress-.jpg","width":512,"height":512,"caption":"Bellunopress"},"image":{"@id":"https:\/\/www.bellunopress.it\/#\/schema\/logo\/image\/"},"sameAs":["https:\/\/www.facebook.com\/profile.php?id=100008943462799","https:\/\/x.com\/bellunopress","https:\/\/www.linkedin.com\/hp\/?dnr=JBzUWaJfMUw8vbXJJ2tVW5-I3jZKvC4wsoxE&amp;amp;amp;amp;amp;amp;trk=nav_responsive_tab_home","https:\/\/www.youtube.com\/channel\/UCxL0wu1uN0_3_7hGG0306cw"]},{"@type":"Person","@id":"https:\/\/www.bellunopress.it\/#\/schema\/person\/79bb06722b37ece1c03d3e94beb30d73","name":"r\u00e9daction","image":{"@type":"ImageObject","inLanguage":"fr-FR","@id":"https:\/\/secure.gravatar.com\/avatar\/37d968a2e67a6fd04c169c4bdef102d0bc5d31b2546345219e348575eb80e9a0?s=96&d=mm&r=g","url":"https:\/\/secure.gravatar.com\/avatar\/37d968a2e67a6fd04c169c4bdef102d0bc5d31b2546345219e348575eb80e9a0?s=96&d=mm&r=g","contentUrl":"https:\/\/secure.gravatar.com\/avatar\/37d968a2e67a6fd04c169c4bdef102d0bc5d31b2546345219e348575eb80e9a0?s=96&d=mm&r=g","caption":"redazione"},"sameAs":["http:\/\/www.bellunopress.it","https:\/\/x.com\/bellunopress"],"url":"https:\/\/www.bellunopress.it\/fr\/author\/redazione\/"}]}},"_links":{"self":[{"href":"https:\/\/www.bellunopress.it\/fr\/wp-json\/wp\/v2\/posts\/164139","targetHints":{"allow":["GET"]}}],"collection":[{"href":"https:\/\/www.bellunopress.it\/fr\/wp-json\/wp\/v2\/posts"}],"about":[{"href":"https:\/\/www.bellunopress.it\/fr\/wp-json\/wp\/v2\/types\/post"}],"author":[{"embeddable":true,"href":"https:\/\/www.bellunopress.it\/fr\/wp-json\/wp\/v2\/users\/2"}],"replies":[{"embeddable":true,"href":"https:\/\/www.bellunopress.it\/fr\/wp-json\/wp\/v2\/comments?post=164139"}],"version-history":[{"count":1,"href":"https:\/\/www.bellunopress.it\/fr\/wp-json\/wp\/v2\/posts\/164139\/revisions"}],"predecessor-version":[{"id":164140,"href":"https:\/\/www.bellunopress.it\/fr\/wp-json\/wp\/v2\/posts\/164139\/revisions\/164140"}],"wp:featuredmedia":[{"embeddable":true,"href":"https:\/\/www.bellunopress.it\/fr\/wp-json\/wp\/v2\/media\/135264"}],"wp:attachment":[{"href":"https:\/\/www.bellunopress.it\/fr\/wp-json\/wp\/v2\/media?parent=164139"}],"wp:term":[{"taxonomy":"category","embeddable":true,"href":"https:\/\/www.bellunopress.it\/fr\/wp-json\/wp\/v2\/categories?post=164139"},{"taxonomy":"post_tag","embeddable":true,"href":"https:\/\/www.bellunopress.it\/fr\/wp-json\/wp\/v2\/tags?post=164139"}],"curies":[{"name":"wp","href":"https:\/\/api.w.org\/{rel}","templated":true}]}}