{"id":164137,"date":"2025-10-15T16:12:42","date_gmt":"2025-10-15T14:12:42","guid":{"rendered":"https:\/\/www.bellunopress.it\/?p=164137"},"modified":"2025-10-15T16:12:42","modified_gmt":"2025-10-15T14:12:42","slug":"riforma-dellartigianato","status":"publish","type":"post","link":"https:\/\/www.bellunopress.it\/fr\/2025\/10\/15\/riforma-dellartigianato\/","title":{"rendered":"Riforma dell&#8217;artigianato"},"content":{"rendered":"<figure id=\"attachment_161169\" aria-describedby=\"caption-attachment-161169\" style=\"width: 1000px\" class=\"wp-caption aligncenter\"><img loading=\"lazy\" decoding=\"async\" class=\"size-full wp-image-161169\" src=\"https:\/\/www.bellunopress.it\/wp-content\/uploads\/2025\/06\/Andrea-Cerentin-presid-Appia-Cna-Belluno_edited.jpg\" alt=\"\" width=\"1000\" height=\"580\" srcset=\"https:\/\/www.bellunopress.it\/wp-content\/uploads\/2025\/06\/Andrea-Cerentin-presid-Appia-Cna-Belluno_edited.jpg 1000w, https:\/\/www.bellunopress.it\/wp-content\/uploads\/2025\/06\/Andrea-Cerentin-presid-Appia-Cna-Belluno_edited-500x290.jpg 500w, https:\/\/www.bellunopress.it\/wp-content\/uploads\/2025\/06\/Andrea-Cerentin-presid-Appia-Cna-Belluno_edited-724x420.jpg 724w, https:\/\/www.bellunopress.it\/wp-content\/uploads\/2025\/06\/Andrea-Cerentin-presid-Appia-Cna-Belluno_edited-696x404.jpg 696w\" sizes=\"auto, (max-width: 1000px) 100vw, 1000px\" \/><figcaption id=\"caption-attachment-161169\" class=\"wp-caption-text\">Andrea Cerentin, presidente Appia Cna Belluno (Foto Zanfron)<\/figcaption><\/figure>\n<p><strong>Il plauso di Appia CNA Belluno all&#8217;avvio del processo di rinnovamento della legge sull&#8217;artigianato da parte del Parlamento<\/strong><\/p>\n<p>\u00abUna nuova legge sull&#8217;artigianato \u2013 attuale, moderna, inclusiva \u2013 \u00e8 quello che attendavamo da tempo, un nuovo tassello per contrastare lo spopolamento della montagna\u00bb: la notizia dell&#8217;approvazione dell&#8217;emendamento che vede come primo firmatario il senatore bellunese Luca De Carlo e che d\u00e0 il via alla riforma della legge sull&#8217;artigianato vede il plauso del presidente di Appia CNA Belluno, Andrea Cerentin.<br \/>\n\u00abSi va a rinnovare una legge che ha quasi la mia et\u00e0, &#8211; sottolinea Cerentin, classe 1981 \u2013 e che in quarant&#8217;anni ha visto cambiare il mondo intorno a s\u00e9: il valore dell&#8217;artigianato e dell&#8217;artigiano non si \u00e8 mai perso in questi anni, ma abbiamo assistito ad evoluzioni e novit\u00e0 dei mercati, ad un&#8217;accelerata nel campo della tecnologia e delle innovazioni, che non possono vedere ferma al palo la piccola e media impresa. \u201cSvecchiare\u201d una legge vuol dire togliere burocrazia, vuol dire aprire il settore ai giovani imprenditori, vuol dire valorizzare sui territori quelle competenze che altrimenti rischierebbero di essere fagocitate dai grandi gruppi e dalle grandi citt\u00e0; una nuova legge sull&#8217;artigianato vuol dire dare alle terre alte nuovi strumenti per contrastare l&#8217;abbandono dei territorio\u00bb.<br \/>\n\u00abNon possiamo poi non sottolineare \u2013 aggiunge il direttore Cristian Sacchet \u2013 alcuni passaggi tecnici della proposta di riforma che sicuramente porteranno a un&#8217;evoluzione del comparto artigiano: penso ad esempio alla promozione di aggregazione fra imprese artigiane, perch\u00e9 \u201cpiccolo \u00e8 bello\u201d ma allo stesso ci vuole forza e unit\u00e0 per partecipare a bandi regionali ed europei, e al rafforzamento dei controlli sull&#8217;utilizzo dei riferimenti all&#8217;artigianato, tutelando cos\u00ec il saper fare dei nostri artigiani di fronte alla concorrenza sleale di prodotti di bassa qualit\u00e0, senza storia n\u00e9 cultura artigiana\u00bb.<\/p>\n<figure id=\"attachment_161230\" aria-describedby=\"caption-attachment-161230\" style=\"width: 558px\" class=\"wp-caption aligncenter\"><img loading=\"lazy\" decoding=\"async\" class=\"size-full wp-image-161230\" src=\"https:\/\/www.bellunopress.it\/wp-content\/uploads\/2025\/06\/claudia-scarzanella.jpg\" alt=\"\" width=\"558\" height=\"635\" srcset=\"https:\/\/www.bellunopress.it\/wp-content\/uploads\/2025\/06\/claudia-scarzanella.jpg 558w, https:\/\/www.bellunopress.it\/wp-content\/uploads\/2025\/06\/claudia-scarzanella-439x500.jpg 439w, https:\/\/www.bellunopress.it\/wp-content\/uploads\/2025\/06\/claudia-scarzanella-369x420.jpg 369w\" sizes=\"auto, (max-width: 558px) 100vw, 558px\" \/><figcaption id=\"caption-attachment-161230\" class=\"wp-caption-text\">Claudia Scarzanella &#8211; Presidente di Confartigianato Imprese Belluno<\/figcaption><\/figure>\n<p><strong>Via libera del Senato verso la riforma della legge sull&#8217;artigianato. La soddisfazione e l&#8217;orgoglio di Claudia Scarzanella e Michele Basso (Confartigianato Imprese Belluno)<\/strong><br \/>\n&#8220;Da tempo insistiamo sull&#8217;importanza del ruolo sociale oltre che economico dell&#8217;artigianato che \u00e8 identit\u00e0, tradizione, cultura ma deve anche essere innovazione, tecnologia e futuro. Il via libera della delega al Governo per la riforma della legge quadro sull&#8217;artigianato certifica il riconoscimento della centralit\u00e0 del nostro settore nell&#8217;economia italiana, anche sul piano della coesione sociale e della tutela e sviluppo del territorio&#8221;.<\/p>\n<p>Claudia Scarzanella, presidente di Confartigianato Imprese Belluno, saluta con soddisfazione l&#8217;approvazione di oggi, in Commissione Industria del Senato, dell&#8217;emendamento al Ddl annuale per le Pmi.<br \/>\n&#8220;La sofferenza del nostro mondo, per l&#8217;invecchiamento delle imprese e le fatiche nei passaggi generazionali e nel reperimento di forze giovani, ci ha portato a lanciare l&#8217;allarme in ogni occasione. E la mia di oggi non \u00e8 solo soddisfazione, ma vero orgoglio perch\u00e9 questo straordinario risultato lo dobbiamo al lavoro e alla caparbiet\u00e0 del nostro senatore bellunese Luca De Carlo, che ringraziamo per averci prima saputo ascoltare, capire e poi per aver lavorato per l&#8217;avvio di un percorso di riforma di cui l&#8217;artigianato ha bisogno per la sua sopravvivenza&#8221;.<br \/>\n&#8220;A quarant&#8217;anni dalla sua entrata in vigore \u2013 aggiunge Michele Basso, direttore di Confartigianato Imprese Belluno -, la legge quadro 433 del 1985 deve essere superata, togliendo una serie di vincoli che oggi non hanno pi\u00f9 senso di esistere, e che anzi ostacolano il lavoro di migliaia di imprese artigiane, che sostengono l&#8217;economia del Paese, rappresentando il 95% delle imprese sotto i 10 dipendenti e movimentando mille miliardi di euro all&#8217;anno.<br \/>\nLa delega al Governo di oggi \u00e8 un passo fondamentale per proseguire il percorso necessario a realizzare un quadro normativo allineato all&#8217;attualit\u00e0 e coerente con l&#8217;evoluzione delle nostre imprese con le loro esigenze e problematiche, ma anche con le loro peculiarit\u00e0 e potenzialit\u00e0&#8221;.<\/p>","protected":false},"excerpt":{"rendered":"<p>Il plauso di Appia CNA Belluno all&#8217;avvio del processo di rinnovamento della legge sull&#8217;artigianato da parte del Parlamento \u00abUna nuova legge sull&#8217;artigianato \u2013 attuale, moderna, inclusiva \u2013 \u00e8 quello che attendavamo da tempo, un nuovo tassello per contrastare lo spopolamento della montagna\u00bb: la notizia dell&#8217;approvazione dell&#8217;emendamento che vede come primo firmatario il senatore bellunese Luca [&hellip;]<\/p>\n","protected":false},"author":2,"featured_media":161230,"comment_status":"closed","ping_status":"open","sticky":false,"template":"","format":"standard","meta":{"footnotes":""},"categories":[36,26],"tags":[],"class_list":["post-164137","post","type-post","status-publish","format-standard","has-post-thumbnail","category-lavoro-economia","category-prima-pagina"],"yoast_head":"<!-- This site is optimized with the Yoast SEO plugin v28.4 - https:\/\/yoast.com\/product\/yoast-seo-wordpress\/ -->\n<title>Riforma dell&#039;artigianato - Bellunopress - Dolomiti<\/title>\n<meta name=\"robots\" content=\"index, follow, max-snippet:-1, max-image-preview:large, max-video-preview:-1\" \/>\n<link rel=\"canonical\" href=\"https:\/\/www.bellunopress.it\/fr\/2025\/10\/15\/riforma-dellartigianato\/\" \/>\n<meta property=\"og:locale\" content=\"fr_FR\" \/>\n<meta property=\"og:type\" content=\"article\" \/>\n<meta property=\"og:title\" content=\"Riforma dell&#039;artigianato - Bellunopress - Dolomiti\" \/>\n<meta property=\"og:description\" content=\"Il plauso di Appia CNA Belluno all&#8217;avvio del processo di rinnovamento della legge sull&#8217;artigianato da parte del Parlamento \u00abUna nuova legge sull&#8217;artigianato \u2013 attuale, moderna, inclusiva \u2013 \u00e8 quello che attendavamo da tempo, un nuovo tassello per contrastare lo spopolamento della montagna\u00bb: la notizia dell&#8217;approvazione dell&#8217;emendamento che vede come primo firmatario il senatore bellunese Luca [&hellip;]\" \/>\n<meta property=\"og:url\" content=\"https:\/\/www.bellunopress.it\/fr\/2025\/10\/15\/riforma-dellartigianato\/\" \/>\n<meta property=\"og:site_name\" content=\"Bellunopress - Dolomiti\" \/>\n<meta property=\"article:publisher\" content=\"https:\/\/www.facebook.com\/profile.php?id=100008943462799\" \/>\n<meta property=\"article:published_time\" content=\"2025-10-15T14:12:42+00:00\" \/>\n<meta property=\"og:image\" content=\"https:\/\/www.bellunopress.it\/wp-content\/uploads\/2025\/06\/claudia-scarzanella.jpg\" \/>\n\t<meta property=\"og:image:width\" content=\"558\" \/>\n\t<meta property=\"og:image:height\" content=\"635\" \/>\n\t<meta property=\"og:image:type\" content=\"image\/jpeg\" \/>\n<meta name=\"author\" content=\"redazione\" \/>\n<meta name=\"twitter:card\" content=\"summary_large_image\" \/>\n<meta name=\"twitter:creator\" content=\"@bellunopress\" \/>\n<meta name=\"twitter:site\" content=\"@bellunopress\" \/>\n<meta name=\"twitter:label1\" content=\"Written by\" \/>\n\t<meta name=\"twitter:data1\" content=\"redazione\" \/>\n\t<meta name=\"twitter:label2\" content=\"Est. reading time\" \/>\n\t<meta name=\"twitter:data2\" content=\"3 minutes\" \/>\n<script type=\"application\/ld+json\" class=\"yoast-schema-graph\">{\"@context\":\"https:\\\/\\\/schema.org\",\"@graph\":[{\"@type\":\"Article\",\"@id\":\"https:\\\/\\\/www.bellunopress.it\\\/2025\\\/10\\\/15\\\/riforma-dellartigianato\\\/#article\",\"isPartOf\":{\"@id\":\"https:\\\/\\\/www.bellunopress.it\\\/2025\\\/10\\\/15\\\/riforma-dellartigianato\\\/\"},\"author\":{\"name\":\"redazione\",\"@id\":\"https:\\\/\\\/www.bellunopress.it\\\/#\\\/schema\\\/person\\\/79bb06722b37ece1c03d3e94beb30d73\"},\"headline\":\"Riforma dell&#8217;artigianato\",\"datePublished\":\"2025-10-15T14:12:42+00:00\",\"mainEntityOfPage\":{\"@id\":\"https:\\\/\\\/www.bellunopress.it\\\/2025\\\/10\\\/15\\\/riforma-dellartigianato\\\/\"},\"wordCount\":651,\"publisher\":{\"@id\":\"https:\\\/\\\/www.bellunopress.it\\\/#organization\"},\"image\":{\"@id\":\"https:\\\/\\\/www.bellunopress.it\\\/2025\\\/10\\\/15\\\/riforma-dellartigianato\\\/#primaryimage\"},\"thumbnailUrl\":\"https:\\\/\\\/www.bellunopress.it\\\/wp-content\\\/uploads\\\/2025\\\/06\\\/claudia-scarzanella.jpg\",\"articleSection\":[\"Lavoro, Economia, Turismo\",\"Prima Pagina\"],\"inLanguage\":\"fr-FR\"},{\"@type\":\"WebPage\",\"@id\":\"https:\\\/\\\/www.bellunopress.it\\\/2025\\\/10\\\/15\\\/riforma-dellartigianato\\\/\",\"url\":\"https:\\\/\\\/www.bellunopress.it\\\/2025\\\/10\\\/15\\\/riforma-dellartigianato\\\/\",\"name\":\"Riforma dell'artigianato - Bellunopress - Dolomiti\",\"isPartOf\":{\"@id\":\"https:\\\/\\\/www.bellunopress.it\\\/#website\"},\"primaryImageOfPage\":{\"@id\":\"https:\\\/\\\/www.bellunopress.it\\\/2025\\\/10\\\/15\\\/riforma-dellartigianato\\\/#primaryimage\"},\"image\":{\"@id\":\"https:\\\/\\\/www.bellunopress.it\\\/2025\\\/10\\\/15\\\/riforma-dellartigianato\\\/#primaryimage\"},\"thumbnailUrl\":\"https:\\\/\\\/www.bellunopress.it\\\/wp-content\\\/uploads\\\/2025\\\/06\\\/claudia-scarzanella.jpg\",\"datePublished\":\"2025-10-15T14:12:42+00:00\",\"breadcrumb\":{\"@id\":\"https:\\\/\\\/www.bellunopress.it\\\/2025\\\/10\\\/15\\\/riforma-dellartigianato\\\/#breadcrumb\"},\"inLanguage\":\"fr-FR\",\"potentialAction\":[{\"@type\":\"ReadAction\",\"target\":[\"https:\\\/\\\/www.bellunopress.it\\\/2025\\\/10\\\/15\\\/riforma-dellartigianato\\\/\"]}]},{\"@type\":\"ImageObject\",\"inLanguage\":\"fr-FR\",\"@id\":\"https:\\\/\\\/www.bellunopress.it\\\/2025\\\/10\\\/15\\\/riforma-dellartigianato\\\/#primaryimage\",\"url\":\"https:\\\/\\\/www.bellunopress.it\\\/wp-content\\\/uploads\\\/2025\\\/06\\\/claudia-scarzanella.jpg\",\"contentUrl\":\"https:\\\/\\\/www.bellunopress.it\\\/wp-content\\\/uploads\\\/2025\\\/06\\\/claudia-scarzanella.jpg\",\"width\":558,\"height\":635,\"caption\":\"Claudia Scarzanella - Presidente di Confartigianato Imprese Belluno\"},{\"@type\":\"BreadcrumbList\",\"@id\":\"https:\\\/\\\/www.bellunopress.it\\\/2025\\\/10\\\/15\\\/riforma-dellartigianato\\\/#breadcrumb\",\"itemListElement\":[{\"@type\":\"ListItem\",\"position\":1,\"name\":\"Home\",\"item\":\"https:\\\/\\\/www.bellunopress.it\\\/\"},{\"@type\":\"ListItem\",\"position\":2,\"name\":\"Riforma dell&#8217;artigianato\"}]},{\"@type\":\"WebSite\",\"@id\":\"https:\\\/\\\/www.bellunopress.it\\\/#website\",\"url\":\"https:\\\/\\\/www.bellunopress.it\\\/\",\"name\":\"Bellunopress - Dolomiti\",\"description\":\"e-mail: redazione@bellunopress.it\",\"publisher\":{\"@id\":\"https:\\\/\\\/www.bellunopress.it\\\/#organization\"},\"potentialAction\":[{\"@type\":\"SearchAction\",\"target\":{\"@type\":\"EntryPoint\",\"urlTemplate\":\"https:\\\/\\\/www.bellunopress.it\\\/?s={search_term_string}\"},\"query-input\":{\"@type\":\"PropertyValueSpecification\",\"valueRequired\":true,\"valueName\":\"search_term_string\"}}],\"inLanguage\":\"fr-FR\"},{\"@type\":\"Organization\",\"@id\":\"https:\\\/\\\/www.bellunopress.it\\\/#organization\",\"name\":\"Bellunopress\",\"url\":\"https:\\\/\\\/www.bellunopress.it\\\/\",\"logo\":{\"@type\":\"ImageObject\",\"inLanguage\":\"fr-FR\",\"@id\":\"https:\\\/\\\/www.bellunopress.it\\\/#\\\/schema\\\/logo\\\/image\\\/\",\"url\":\"https:\\\/\\\/www.bellunopress.it\\\/wp-content\\\/uploads\\\/2011\\\/05\\\/cropped-logo-bellunopress-.jpg\",\"contentUrl\":\"https:\\\/\\\/www.bellunopress.it\\\/wp-content\\\/uploads\\\/2011\\\/05\\\/cropped-logo-bellunopress-.jpg\",\"width\":512,\"height\":512,\"caption\":\"Bellunopress\"},\"image\":{\"@id\":\"https:\\\/\\\/www.bellunopress.it\\\/#\\\/schema\\\/logo\\\/image\\\/\"},\"sameAs\":[\"https:\\\/\\\/www.facebook.com\\\/profile.php?id=100008943462799\",\"https:\\\/\\\/x.com\\\/bellunopress\",\"https:\\\/\\\/www.linkedin.com\\\/hp\\\/?dnr=JBzUWaJfMUw8vbXJJ2tVW5-I3jZKvC4wsoxE&amp;amp;amp;amp;amp;amp;trk=nav_responsive_tab_home\",\"https:\\\/\\\/www.youtube.com\\\/channel\\\/UCxL0wu1uN0_3_7hGG0306cw\"]},{\"@type\":\"Person\",\"@id\":\"https:\\\/\\\/www.bellunopress.it\\\/#\\\/schema\\\/person\\\/79bb06722b37ece1c03d3e94beb30d73\",\"name\":\"redazione\",\"image\":{\"@type\":\"ImageObject\",\"inLanguage\":\"fr-FR\",\"@id\":\"https:\\\/\\\/secure.gravatar.com\\\/avatar\\\/37d968a2e67a6fd04c169c4bdef102d0bc5d31b2546345219e348575eb80e9a0?s=96&d=mm&r=g\",\"url\":\"https:\\\/\\\/secure.gravatar.com\\\/avatar\\\/37d968a2e67a6fd04c169c4bdef102d0bc5d31b2546345219e348575eb80e9a0?s=96&d=mm&r=g\",\"contentUrl\":\"https:\\\/\\\/secure.gravatar.com\\\/avatar\\\/37d968a2e67a6fd04c169c4bdef102d0bc5d31b2546345219e348575eb80e9a0?s=96&d=mm&r=g\",\"caption\":\"redazione\"},\"sameAs\":[\"http:\\\/\\\/www.bellunopress.it\",\"https:\\\/\\\/x.com\\\/bellunopress\"],\"url\":\"https:\\\/\\\/www.bellunopress.it\\\/fr\\\/author\\\/redazione\\\/\"}]}<\/script>\n<!-- \/ Yoast SEO plugin. -->","yoast_head_json":{"title":"Riforma dell'artigianato - Bellunopress - Dolomiti","robots":{"index":"index","follow":"follow","max-snippet":"max-snippet:-1","max-image-preview":"max-image-preview:large","max-video-preview":"max-video-preview:-1"},"canonical":"https:\/\/www.bellunopress.it\/fr\/2025\/10\/15\/riforma-dellartigianato\/","og_locale":"fr_FR","og_type":"article","og_title":"Riforma dell'artigianato - Bellunopress - Dolomiti","og_description":"Il plauso di Appia CNA Belluno all&#8217;avvio del processo di rinnovamento della legge sull&#8217;artigianato da parte del Parlamento \u00abUna nuova legge sull&#8217;artigianato \u2013 attuale, moderna, inclusiva \u2013 \u00e8 quello che attendavamo da tempo, un nuovo tassello per contrastare lo spopolamento della montagna\u00bb: la notizia dell&#8217;approvazione dell&#8217;emendamento che vede come primo firmatario il senatore bellunese Luca [&hellip;]","og_url":"https:\/\/www.bellunopress.it\/fr\/2025\/10\/15\/riforma-dellartigianato\/","og_site_name":"Bellunopress - Dolomiti","article_publisher":"https:\/\/www.facebook.com\/profile.php?id=100008943462799","article_published_time":"2025-10-15T14:12:42+00:00","og_image":[{"width":558,"height":635,"url":"https:\/\/www.bellunopress.it\/wp-content\/uploads\/2025\/06\/claudia-scarzanella.jpg","type":"image\/jpeg"}],"author":"redazione","twitter_card":"summary_large_image","twitter_creator":"@bellunopress","twitter_site":"@bellunopress","twitter_misc":{"Written by":"redazione","Est. reading time":"3 minutes"},"schema":{"@context":"https:\/\/schema.org","@graph":[{"@type":"Article","@id":"https:\/\/www.bellunopress.it\/2025\/10\/15\/riforma-dellartigianato\/#article","isPartOf":{"@id":"https:\/\/www.bellunopress.it\/2025\/10\/15\/riforma-dellartigianato\/"},"author":{"name":"redazione","@id":"https:\/\/www.bellunopress.it\/#\/schema\/person\/79bb06722b37ece1c03d3e94beb30d73"},"headline":"Riforma dell&#8217;artigianato","datePublished":"2025-10-15T14:12:42+00:00","mainEntityOfPage":{"@id":"https:\/\/www.bellunopress.it\/2025\/10\/15\/riforma-dellartigianato\/"},"wordCount":651,"publisher":{"@id":"https:\/\/www.bellunopress.it\/#organization"},"image":{"@id":"https:\/\/www.bellunopress.it\/2025\/10\/15\/riforma-dellartigianato\/#primaryimage"},"thumbnailUrl":"https:\/\/www.bellunopress.it\/wp-content\/uploads\/2025\/06\/claudia-scarzanella.jpg","articleSection":["Lavoro, Economia, Turismo","Prima Pagina"],"inLanguage":"fr-FR"},{"@type":"WebPage","@id":"https:\/\/www.bellunopress.it\/2025\/10\/15\/riforma-dellartigianato\/","url":"https:\/\/www.bellunopress.it\/2025\/10\/15\/riforma-dellartigianato\/","name":"Riforma dell'artigianato - Bellunopress - Dolomiti","isPartOf":{"@id":"https:\/\/www.bellunopress.it\/#website"},"primaryImageOfPage":{"@id":"https:\/\/www.bellunopress.it\/2025\/10\/15\/riforma-dellartigianato\/#primaryimage"},"image":{"@id":"https:\/\/www.bellunopress.it\/2025\/10\/15\/riforma-dellartigianato\/#primaryimage"},"thumbnailUrl":"https:\/\/www.bellunopress.it\/wp-content\/uploads\/2025\/06\/claudia-scarzanella.jpg","datePublished":"2025-10-15T14:12:42+00:00","breadcrumb":{"@id":"https:\/\/www.bellunopress.it\/2025\/10\/15\/riforma-dellartigianato\/#breadcrumb"},"inLanguage":"fr-FR","potentialAction":[{"@type":"ReadAction","target":["https:\/\/www.bellunopress.it\/2025\/10\/15\/riforma-dellartigianato\/"]}]},{"@type":"ImageObject","inLanguage":"fr-FR","@id":"https:\/\/www.bellunopress.it\/2025\/10\/15\/riforma-dellartigianato\/#primaryimage","url":"https:\/\/www.bellunopress.it\/wp-content\/uploads\/2025\/06\/claudia-scarzanella.jpg","contentUrl":"https:\/\/www.bellunopress.it\/wp-content\/uploads\/2025\/06\/claudia-scarzanella.jpg","width":558,"height":635,"caption":"Claudia Scarzanella - Presidente di Confartigianato Imprese Belluno"},{"@type":"BreadcrumbList","@id":"https:\/\/www.bellunopress.it\/2025\/10\/15\/riforma-dellartigianato\/#breadcrumb","itemListElement":[{"@type":"ListItem","position":1,"name":"Home","item":"https:\/\/www.bellunopress.it\/"},{"@type":"ListItem","position":2,"name":"Riforma dell&#8217;artigianato"}]},{"@type":"WebSite","@id":"https:\/\/www.bellunopress.it\/#website","url":"https:\/\/www.bellunopress.it\/","name":"Bellunopress - Dolomiti","description":"e-mail: redazione@bellunopress.it","publisher":{"@id":"https:\/\/www.bellunopress.it\/#organization"},"potentialAction":[{"@type":"SearchAction","target":{"@type":"EntryPoint","urlTemplate":"https:\/\/www.bellunopress.it\/?s={search_term_string}"},"query-input":{"@type":"PropertyValueSpecification","valueRequired":true,"valueName":"search_term_string"}}],"inLanguage":"fr-FR"},{"@type":"Organization","@id":"https:\/\/www.bellunopress.it\/#organization","name":"Bellunopress","url":"https:\/\/www.bellunopress.it\/","logo":{"@type":"ImageObject","inLanguage":"fr-FR","@id":"https:\/\/www.bellunopress.it\/#\/schema\/logo\/image\/","url":"https:\/\/www.bellunopress.it\/wp-content\/uploads\/2011\/05\/cropped-logo-bellunopress-.jpg","contentUrl":"https:\/\/www.bellunopress.it\/wp-content\/uploads\/2011\/05\/cropped-logo-bellunopress-.jpg","width":512,"height":512,"caption":"Bellunopress"},"image":{"@id":"https:\/\/www.bellunopress.it\/#\/schema\/logo\/image\/"},"sameAs":["https:\/\/www.facebook.com\/profile.php?id=100008943462799","https:\/\/x.com\/bellunopress","https:\/\/www.linkedin.com\/hp\/?dnr=JBzUWaJfMUw8vbXJJ2tVW5-I3jZKvC4wsoxE&amp;amp;amp;amp;amp;amp;trk=nav_responsive_tab_home","https:\/\/www.youtube.com\/channel\/UCxL0wu1uN0_3_7hGG0306cw"]},{"@type":"Person","@id":"https:\/\/www.bellunopress.it\/#\/schema\/person\/79bb06722b37ece1c03d3e94beb30d73","name":"r\u00e9daction","image":{"@type":"ImageObject","inLanguage":"fr-FR","@id":"https:\/\/secure.gravatar.com\/avatar\/37d968a2e67a6fd04c169c4bdef102d0bc5d31b2546345219e348575eb80e9a0?s=96&d=mm&r=g","url":"https:\/\/secure.gravatar.com\/avatar\/37d968a2e67a6fd04c169c4bdef102d0bc5d31b2546345219e348575eb80e9a0?s=96&d=mm&r=g","contentUrl":"https:\/\/secure.gravatar.com\/avatar\/37d968a2e67a6fd04c169c4bdef102d0bc5d31b2546345219e348575eb80e9a0?s=96&d=mm&r=g","caption":"redazione"},"sameAs":["http:\/\/www.bellunopress.it","https:\/\/x.com\/bellunopress"],"url":"https:\/\/www.bellunopress.it\/fr\/author\/redazione\/"}]}},"_links":{"self":[{"href":"https:\/\/www.bellunopress.it\/fr\/wp-json\/wp\/v2\/posts\/164137","targetHints":{"allow":["GET"]}}],"collection":[{"href":"https:\/\/www.bellunopress.it\/fr\/wp-json\/wp\/v2\/posts"}],"about":[{"href":"https:\/\/www.bellunopress.it\/fr\/wp-json\/wp\/v2\/types\/post"}],"author":[{"embeddable":true,"href":"https:\/\/www.bellunopress.it\/fr\/wp-json\/wp\/v2\/users\/2"}],"replies":[{"embeddable":true,"href":"https:\/\/www.bellunopress.it\/fr\/wp-json\/wp\/v2\/comments?post=164137"}],"version-history":[{"count":1,"href":"https:\/\/www.bellunopress.it\/fr\/wp-json\/wp\/v2\/posts\/164137\/revisions"}],"predecessor-version":[{"id":164138,"href":"https:\/\/www.bellunopress.it\/fr\/wp-json\/wp\/v2\/posts\/164137\/revisions\/164138"}],"wp:featuredmedia":[{"embeddable":true,"href":"https:\/\/www.bellunopress.it\/fr\/wp-json\/wp\/v2\/media\/161230"}],"wp:attachment":[{"href":"https:\/\/www.bellunopress.it\/fr\/wp-json\/wp\/v2\/media?parent=164137"}],"wp:term":[{"taxonomy":"category","embeddable":true,"href":"https:\/\/www.bellunopress.it\/fr\/wp-json\/wp\/v2\/categories?post=164137"},{"taxonomy":"post_tag","embeddable":true,"href":"https:\/\/www.bellunopress.it\/fr\/wp-json\/wp\/v2\/tags?post=164137"}],"curies":[{"name":"wp","href":"https:\/\/api.w.org\/{rel}","templated":true}]}}