{"id":164132,"date":"2025-10-15T15:41:31","date_gmt":"2025-10-15T13:41:31","guid":{"rendered":"https:\/\/www.bellunopress.it\/?p=164132"},"modified":"2025-10-15T15:44:38","modified_gmt":"2025-10-15T13:44:38","slug":"parita-di-genere-la-camera-di-commercio-treviso-belluno-vince-il-premio-impatto-riconoscimento-nazionale-per-lente","status":"publish","type":"post","link":"https:\/\/www.bellunopress.it\/fr\/2025\/10\/15\/parita-di-genere-la-camera-di-commercio-treviso-belluno-vince-il-premio-impatto-riconoscimento-nazionale-per-lente\/","title":{"rendered":"Parit\u00e0 di genere. La Camera di Commercio Treviso-Belluno vince il Premio Impatto Riconoscimento Nazionale per l&#8217;Ente"},"content":{"rendered":"<p><img loading=\"lazy\" decoding=\"async\" class=\"aligncenter size-full wp-image-164135\" src=\"https:\/\/www.bellunopress.it\/wp-content\/uploads\/2025\/10\/Parita-di-genere-Premiata-la-Camera-di-Commercio-TV-BL.jpg\" alt=\"\" width=\"800\" height=\"534\" srcset=\"https:\/\/www.bellunopress.it\/wp-content\/uploads\/2025\/10\/Parita-di-genere-Premiata-la-Camera-di-Commercio-TV-BL.jpg 800w, https:\/\/www.bellunopress.it\/wp-content\/uploads\/2025\/10\/Parita-di-genere-Premiata-la-Camera-di-Commercio-TV-BL-500x334.jpg 500w, https:\/\/www.bellunopress.it\/wp-content\/uploads\/2025\/10\/Parita-di-genere-Premiata-la-Camera-di-Commercio-TV-BL-629x420.jpg 629w, https:\/\/www.bellunopress.it\/wp-content\/uploads\/2025\/10\/Parita-di-genere-Premiata-la-Camera-di-Commercio-TV-BL-696x465.jpg 696w\" sizes=\"auto, (max-width: 800px) 100vw, 800px\" \/>Treviso, 15 ottobre 2025 \u2013 Un traguardo nazionale che corona un percorso di inclusivit\u00e0: la Camera di Commercio di Treviso-Belluno ha conquistato il prestigioso Premio Impatto nella categoria Pubbliche Amministrazioni. Il riconoscimento, organizzato dal Salone della CSR e dell&#8217;innovazione sociale, \u00e8 stato consegnato lo scorso 8 ottobre 2025 durante la cerimonia presso l&#8217;Universit\u00e0 Bocconi di Milano.<\/p>\n<p>La vittoria arriva a seguito della Certificazione per la Parit\u00e0 di genere ottenuta dall&#8217;Ente lo scorso anno, che aveva gi\u00e0 distinto la Camera come prima in Italia ad aggiudicarsi tale attestato.<\/p>\n<p>Il progetto premiato non si \u00e8 limitato al conseguimento della certificazione, ma ha dimostrato di saperne misurare l&#8217;impatto socio-economico, elemento cruciale per la Giuria del Premio Impatto, giunto alla sua quarta edizione. La Camera ha saputo fornire evidenze precise, quantificate e monetizzate che dimostrano come l&#8217;inclusione e l&#8217;equilibrio di genere portino benefici tangibili.<\/p>\n<figure id=\"attachment_145120\" aria-describedby=\"caption-attachment-145120\" style=\"width: 1000px\" class=\"wp-caption aligncenter\"><img loading=\"lazy\" decoding=\"async\" class=\"size-full wp-image-145120\" src=\"https:\/\/www.bellunopress.it\/wp-content\/uploads\/2023\/10\/Mario-Pozza_edited.jpg\" alt=\"\" width=\"1000\" height=\"800\" srcset=\"https:\/\/www.bellunopress.it\/wp-content\/uploads\/2023\/10\/Mario-Pozza_edited.jpg 1000w, https:\/\/www.bellunopress.it\/wp-content\/uploads\/2023\/10\/Mario-Pozza_edited-500x400.jpg 500w, https:\/\/www.bellunopress.it\/wp-content\/uploads\/2023\/10\/Mario-Pozza_edited-696x557.jpg 696w\" sizes=\"auto, (max-width: 1000px) 100vw, 1000px\" \/><figcaption id=\"caption-attachment-145120\" class=\"wp-caption-text\">Mario Pozza &#8211; Presidente Camera di Commercio Treviso\/Belluno\/Dolomiti<\/figcaption><\/figure>\n<p>&#8220;Lo scorso anno la Camera di commercio di Treviso \u2013 Belluno \u00e8 stata la prima in Italia ad avere ottenuto la certificazione, dimostrando l&#8217;interesse per le proprie risorse umane, per un clima lavorativo disteso e per l&#8217;innalzamento del benessere generale,&#8221; ha commentato con soddisfazione il Presidente Pozza in occasione della riunione del Consiglio camerale che ha plaudito al successo.<\/p>\n<p>Il Presidente ha poi sottolineato la duplice valenza del progetto: interna, per il miglioramento della qualit\u00e0 del lavoro (maggiore benessere del personale, diffusione dello smart working fino a tre giorni a settimana, conversione del premio di risultato in fringe benefit) e delle performance, ed esterna, per l&#8217;effetto emulativo sul territorio.<\/p>\n<p>L&#8217;obiettivo ambizioso della Camera era anche quello di fungere da best practice e da sprone per le imprese locali. I dati sull&#8217;impatto sono inequivocabili: in soli otto mesi, il numero di aziende certificate per la Parit\u00e0 di genere \u00e8 pi\u00f9 che raddoppiato nel territorio, passando da 209 a 414 a Treviso e da 49 a 106 a Belluno. Un risultato incoraggiato anche dalle specifiche misure agevolative che la Camera ha inserito nei propri bandi.<\/p>\n<p>&#8220;Le aziende pi\u00f9 inclusive sono in grado di creare un valore pi\u00f9 elevato e possono beneficiare di agevolazioni e contributi a livello locale, statale e comunitario,&#8221; ha aggiunto il Presidente Pozza, evidenziando come l&#8217;impegno verso la Responsabilit\u00e0 Sociale d&#8217;Impresa (CSR) diventi un fattore strategico per attrarre talenti e migliorare l&#8217;intero sistema economico locale.<\/p>\n<p><strong>La motivazione della giuria<\/strong><br \/>\nLa Giuria ha lodato in particolare la metodologia strutturata e solida adottata dalla Camera per il progetto, che ha permesso di superare &#8220;lo stereotipo delle politiche della parit\u00e0 di genere dal generalismo virtuoso attualizzandolo nella specificit\u00e0 operativa delle pari opportunit\u00e0 e dell&#8217;inclusione&#8221;. La costituzione di un Comitato Guida e di auditor interni ha evidenziato una volont\u00e0 fattuale e un approccio rigoroso, con l&#8217;utilizzo di specifici KPI per misurare il cambiamento generato.<\/p>\n<p>Il progetto, i cui beneficiari vanno dal personale interno agli stakeholder e all&#8217;intera Comunit\u00e0 locale, si pone cos\u00ec come un esempio da imitare non solo per le altre Pubbliche Amministrazioni ma anche per il tessuto produttivo, dimostrando che l&#8217;equit\u00e0 e l&#8217;inclusivit\u00e0 sono motori di sviluppo sostenibile e di maggiore performance complessiva.<\/p>","protected":false},"excerpt":{"rendered":"<p>Treviso, 15 ottobre 2025 \u2013 Un traguardo nazionale che corona un percorso di inclusivit\u00e0: la Camera di Commercio di Treviso-Belluno ha conquistato il prestigioso Premio Impatto nella categoria Pubbliche Amministrazioni. Il riconoscimento, organizzato dal Salone della CSR e dell&#8217;innovazione sociale, \u00e8 stato consegnato lo scorso 8 ottobre 2025 durante la cerimonia presso l&#8217;Universit\u00e0 Bocconi di [&hellip;]<\/p>\n","protected":false},"author":2,"featured_media":145120,"comment_status":"closed","ping_status":"open","sticky":false,"template":"","format":"standard","meta":{"footnotes":""},"categories":[26,8],"tags":[],"class_list":["post-164132","post","type-post","status-publish","format-standard","has-post-thumbnail","category-prima-pagina","category-societa-istituzioni"],"yoast_head":"<!-- This site is optimized with the Yoast SEO plugin v28.4 - https:\/\/yoast.com\/product\/yoast-seo-wordpress\/ -->\n<title>Parit\u00e0 di genere. La Camera di Commercio Treviso-Belluno vince il Premio Impatto Riconoscimento Nazionale per l&#039;Ente - Bellunopress - Dolomiti<\/title>\n<meta name=\"robots\" content=\"index, follow, max-snippet:-1, max-image-preview:large, max-video-preview:-1\" \/>\n<link rel=\"canonical\" href=\"https:\/\/www.bellunopress.it\/fr\/2025\/10\/15\/parita-di-genere-la-camera-di-commercio-treviso-belluno-vince-il-premio-impatto-riconoscimento-nazionale-per-lente\/\" \/>\n<meta property=\"og:locale\" content=\"fr_FR\" \/>\n<meta property=\"og:type\" content=\"article\" \/>\n<meta property=\"og:title\" content=\"Parit\u00e0 di genere. La Camera di Commercio Treviso-Belluno vince il Premio Impatto Riconoscimento Nazionale per l&#039;Ente - Bellunopress - Dolomiti\" \/>\n<meta property=\"og:description\" content=\"Treviso, 15 ottobre 2025 \u2013 Un traguardo nazionale che corona un percorso di inclusivit\u00e0: la Camera di Commercio di Treviso-Belluno ha conquistato il prestigioso Premio Impatto nella categoria Pubbliche Amministrazioni. Il riconoscimento, organizzato dal Salone della CSR e dell&#8217;innovazione sociale, \u00e8 stato consegnato lo scorso 8 ottobre 2025 durante la cerimonia presso l&#8217;Universit\u00e0 Bocconi di [&hellip;]\" \/>\n<meta property=\"og:url\" content=\"https:\/\/www.bellunopress.it\/fr\/2025\/10\/15\/parita-di-genere-la-camera-di-commercio-treviso-belluno-vince-il-premio-impatto-riconoscimento-nazionale-per-lente\/\" \/>\n<meta property=\"og:site_name\" content=\"Bellunopress - Dolomiti\" \/>\n<meta property=\"article:publisher\" content=\"https:\/\/www.facebook.com\/profile.php?id=100008943462799\" \/>\n<meta property=\"article:published_time\" content=\"2025-10-15T13:41:31+00:00\" \/>\n<meta property=\"article:modified_time\" content=\"2025-10-15T13:44:38+00:00\" \/>\n<meta property=\"og:image\" content=\"https:\/\/www.bellunopress.it\/wp-content\/uploads\/2023\/10\/Mario-Pozza_edited.jpg\" \/>\n\t<meta property=\"og:image:width\" content=\"1000\" \/>\n\t<meta property=\"og:image:height\" content=\"800\" \/>\n\t<meta property=\"og:image:type\" content=\"image\/jpeg\" \/>\n<meta name=\"author\" content=\"redazione\" \/>\n<meta name=\"twitter:card\" content=\"summary_large_image\" \/>\n<meta name=\"twitter:creator\" content=\"@bellunopress\" \/>\n<meta name=\"twitter:site\" content=\"@bellunopress\" \/>\n<meta name=\"twitter:label1\" content=\"\u00c9crit par\" \/>\n\t<meta name=\"twitter:data1\" content=\"redazione\" \/>\n\t<meta name=\"twitter:label2\" content=\"Dur\u00e9e de lecture estim\u00e9e\" \/>\n\t<meta name=\"twitter:data2\" content=\"3 minutes\" \/>\n<script type=\"application\/ld+json\" class=\"yoast-schema-graph\">{\"@context\":\"https:\\\/\\\/schema.org\",\"@graph\":[{\"@type\":\"Article\",\"@id\":\"https:\\\/\\\/www.bellunopress.it\\\/2025\\\/10\\\/15\\\/parita-di-genere-la-camera-di-commercio-treviso-belluno-vince-il-premio-impatto-riconoscimento-nazionale-per-lente\\\/#article\",\"isPartOf\":{\"@id\":\"https:\\\/\\\/www.bellunopress.it\\\/2025\\\/10\\\/15\\\/parita-di-genere-la-camera-di-commercio-treviso-belluno-vince-il-premio-impatto-riconoscimento-nazionale-per-lente\\\/\"},\"author\":{\"name\":\"redazione\",\"@id\":\"https:\\\/\\\/www.bellunopress.it\\\/#\\\/schema\\\/person\\\/79bb06722b37ece1c03d3e94beb30d73\"},\"headline\":\"Parit\u00e0 di genere. La Camera di Commercio Treviso-Belluno vince il Premio Impatto Riconoscimento Nazionale per l&#8217;Ente\",\"datePublished\":\"2025-10-15T13:41:31+00:00\",\"dateModified\":\"2025-10-15T13:44:38+00:00\",\"mainEntityOfPage\":{\"@id\":\"https:\\\/\\\/www.bellunopress.it\\\/2025\\\/10\\\/15\\\/parita-di-genere-la-camera-di-commercio-treviso-belluno-vince-il-premio-impatto-riconoscimento-nazionale-per-lente\\\/\"},\"wordCount\":541,\"publisher\":{\"@id\":\"https:\\\/\\\/www.bellunopress.it\\\/#organization\"},\"image\":{\"@id\":\"https:\\\/\\\/www.bellunopress.it\\\/2025\\\/10\\\/15\\\/parita-di-genere-la-camera-di-commercio-treviso-belluno-vince-il-premio-impatto-riconoscimento-nazionale-per-lente\\\/#primaryimage\"},\"thumbnailUrl\":\"https:\\\/\\\/www.bellunopress.it\\\/wp-content\\\/uploads\\\/2023\\\/10\\\/Mario-Pozza_edited.jpg\",\"articleSection\":[\"Prima Pagina\",\"Societ\u00e0, Associazioni, Istituzioni\"],\"inLanguage\":\"fr-FR\"},{\"@type\":\"WebPage\",\"@id\":\"https:\\\/\\\/www.bellunopress.it\\\/2025\\\/10\\\/15\\\/parita-di-genere-la-camera-di-commercio-treviso-belluno-vince-il-premio-impatto-riconoscimento-nazionale-per-lente\\\/\",\"url\":\"https:\\\/\\\/www.bellunopress.it\\\/2025\\\/10\\\/15\\\/parita-di-genere-la-camera-di-commercio-treviso-belluno-vince-il-premio-impatto-riconoscimento-nazionale-per-lente\\\/\",\"name\":\"Parit\u00e0 di genere. La Camera di Commercio Treviso-Belluno vince il Premio Impatto Riconoscimento Nazionale per l'Ente - Bellunopress - Dolomiti\",\"isPartOf\":{\"@id\":\"https:\\\/\\\/www.bellunopress.it\\\/#website\"},\"primaryImageOfPage\":{\"@id\":\"https:\\\/\\\/www.bellunopress.it\\\/2025\\\/10\\\/15\\\/parita-di-genere-la-camera-di-commercio-treviso-belluno-vince-il-premio-impatto-riconoscimento-nazionale-per-lente\\\/#primaryimage\"},\"image\":{\"@id\":\"https:\\\/\\\/www.bellunopress.it\\\/2025\\\/10\\\/15\\\/parita-di-genere-la-camera-di-commercio-treviso-belluno-vince-il-premio-impatto-riconoscimento-nazionale-per-lente\\\/#primaryimage\"},\"thumbnailUrl\":\"https:\\\/\\\/www.bellunopress.it\\\/wp-content\\\/uploads\\\/2023\\\/10\\\/Mario-Pozza_edited.jpg\",\"datePublished\":\"2025-10-15T13:41:31+00:00\",\"dateModified\":\"2025-10-15T13:44:38+00:00\",\"breadcrumb\":{\"@id\":\"https:\\\/\\\/www.bellunopress.it\\\/2025\\\/10\\\/15\\\/parita-di-genere-la-camera-di-commercio-treviso-belluno-vince-il-premio-impatto-riconoscimento-nazionale-per-lente\\\/#breadcrumb\"},\"inLanguage\":\"fr-FR\",\"potentialAction\":[{\"@type\":\"ReadAction\",\"target\":[\"https:\\\/\\\/www.bellunopress.it\\\/2025\\\/10\\\/15\\\/parita-di-genere-la-camera-di-commercio-treviso-belluno-vince-il-premio-impatto-riconoscimento-nazionale-per-lente\\\/\"]}]},{\"@type\":\"ImageObject\",\"inLanguage\":\"fr-FR\",\"@id\":\"https:\\\/\\\/www.bellunopress.it\\\/2025\\\/10\\\/15\\\/parita-di-genere-la-camera-di-commercio-treviso-belluno-vince-il-premio-impatto-riconoscimento-nazionale-per-lente\\\/#primaryimage\",\"url\":\"https:\\\/\\\/www.bellunopress.it\\\/wp-content\\\/uploads\\\/2023\\\/10\\\/Mario-Pozza_edited.jpg\",\"contentUrl\":\"https:\\\/\\\/www.bellunopress.it\\\/wp-content\\\/uploads\\\/2023\\\/10\\\/Mario-Pozza_edited.jpg\",\"width\":1000,\"height\":800,\"caption\":\"Mario Pozza - Presidente Camera di Commercio Treviso\\\/Belluno\\\/Dolomiti\"},{\"@type\":\"BreadcrumbList\",\"@id\":\"https:\\\/\\\/www.bellunopress.it\\\/2025\\\/10\\\/15\\\/parita-di-genere-la-camera-di-commercio-treviso-belluno-vince-il-premio-impatto-riconoscimento-nazionale-per-lente\\\/#breadcrumb\",\"itemListElement\":[{\"@type\":\"ListItem\",\"position\":1,\"name\":\"Home\",\"item\":\"https:\\\/\\\/www.bellunopress.it\\\/\"},{\"@type\":\"ListItem\",\"position\":2,\"name\":\"Parit\u00e0 di genere. La Camera di Commercio Treviso-Belluno vince il Premio Impatto Riconoscimento Nazionale per l&#8217;Ente\"}]},{\"@type\":\"WebSite\",\"@id\":\"https:\\\/\\\/www.bellunopress.it\\\/#website\",\"url\":\"https:\\\/\\\/www.bellunopress.it\\\/\",\"name\":\"Bellunopress - Dolomiti\",\"description\":\"e-mail: redazione@bellunopress.it\",\"publisher\":{\"@id\":\"https:\\\/\\\/www.bellunopress.it\\\/#organization\"},\"potentialAction\":[{\"@type\":\"SearchAction\",\"target\":{\"@type\":\"EntryPoint\",\"urlTemplate\":\"https:\\\/\\\/www.bellunopress.it\\\/?s={search_term_string}\"},\"query-input\":{\"@type\":\"PropertyValueSpecification\",\"valueRequired\":true,\"valueName\":\"search_term_string\"}}],\"inLanguage\":\"fr-FR\"},{\"@type\":\"Organization\",\"@id\":\"https:\\\/\\\/www.bellunopress.it\\\/#organization\",\"name\":\"Bellunopress\",\"url\":\"https:\\\/\\\/www.bellunopress.it\\\/\",\"logo\":{\"@type\":\"ImageObject\",\"inLanguage\":\"fr-FR\",\"@id\":\"https:\\\/\\\/www.bellunopress.it\\\/#\\\/schema\\\/logo\\\/image\\\/\",\"url\":\"https:\\\/\\\/www.bellunopress.it\\\/wp-content\\\/uploads\\\/2011\\\/05\\\/cropped-logo-bellunopress-.jpg\",\"contentUrl\":\"https:\\\/\\\/www.bellunopress.it\\\/wp-content\\\/uploads\\\/2011\\\/05\\\/cropped-logo-bellunopress-.jpg\",\"width\":512,\"height\":512,\"caption\":\"Bellunopress\"},\"image\":{\"@id\":\"https:\\\/\\\/www.bellunopress.it\\\/#\\\/schema\\\/logo\\\/image\\\/\"},\"sameAs\":[\"https:\\\/\\\/www.facebook.com\\\/profile.php?id=100008943462799\",\"https:\\\/\\\/x.com\\\/bellunopress\",\"https:\\\/\\\/www.linkedin.com\\\/hp\\\/?dnr=JBzUWaJfMUw8vbXJJ2tVW5-I3jZKvC4wsoxE&amp;amp;amp;amp;amp;amp;trk=nav_responsive_tab_home\",\"https:\\\/\\\/www.youtube.com\\\/channel\\\/UCxL0wu1uN0_3_7hGG0306cw\"]},{\"@type\":\"Person\",\"@id\":\"https:\\\/\\\/www.bellunopress.it\\\/#\\\/schema\\\/person\\\/79bb06722b37ece1c03d3e94beb30d73\",\"name\":\"redazione\",\"image\":{\"@type\":\"ImageObject\",\"inLanguage\":\"fr-FR\",\"@id\":\"https:\\\/\\\/secure.gravatar.com\\\/avatar\\\/37d968a2e67a6fd04c169c4bdef102d0bc5d31b2546345219e348575eb80e9a0?s=96&d=mm&r=g\",\"url\":\"https:\\\/\\\/secure.gravatar.com\\\/avatar\\\/37d968a2e67a6fd04c169c4bdef102d0bc5d31b2546345219e348575eb80e9a0?s=96&d=mm&r=g\",\"contentUrl\":\"https:\\\/\\\/secure.gravatar.com\\\/avatar\\\/37d968a2e67a6fd04c169c4bdef102d0bc5d31b2546345219e348575eb80e9a0?s=96&d=mm&r=g\",\"caption\":\"redazione\"},\"sameAs\":[\"http:\\\/\\\/www.bellunopress.it\",\"https:\\\/\\\/x.com\\\/bellunopress\"],\"url\":\"https:\\\/\\\/www.bellunopress.it\\\/fr\\\/author\\\/redazione\\\/\"}]}<\/script>\n<!-- \/ Yoast SEO plugin. -->","yoast_head_json":{"title":"Parit\u00e0 di genere. La Camera di Commercio Treviso-Belluno vince il Premio Impatto Riconoscimento Nazionale per l'Ente - Bellunopress - Dolomiti","robots":{"index":"index","follow":"follow","max-snippet":"max-snippet:-1","max-image-preview":"max-image-preview:large","max-video-preview":"max-video-preview:-1"},"canonical":"https:\/\/www.bellunopress.it\/fr\/2025\/10\/15\/parita-di-genere-la-camera-di-commercio-treviso-belluno-vince-il-premio-impatto-riconoscimento-nazionale-per-lente\/","og_locale":"fr_FR","og_type":"article","og_title":"Parit\u00e0 di genere. La Camera di Commercio Treviso-Belluno vince il Premio Impatto Riconoscimento Nazionale per l'Ente - Bellunopress - Dolomiti","og_description":"Treviso, 15 ottobre 2025 \u2013 Un traguardo nazionale che corona un percorso di inclusivit\u00e0: la Camera di Commercio di Treviso-Belluno ha conquistato il prestigioso Premio Impatto nella categoria Pubbliche Amministrazioni. Il riconoscimento, organizzato dal Salone della CSR e dell&#8217;innovazione sociale, \u00e8 stato consegnato lo scorso 8 ottobre 2025 durante la cerimonia presso l&#8217;Universit\u00e0 Bocconi di [&hellip;]","og_url":"https:\/\/www.bellunopress.it\/fr\/2025\/10\/15\/parita-di-genere-la-camera-di-commercio-treviso-belluno-vince-il-premio-impatto-riconoscimento-nazionale-per-lente\/","og_site_name":"Bellunopress - Dolomiti","article_publisher":"https:\/\/www.facebook.com\/profile.php?id=100008943462799","article_published_time":"2025-10-15T13:41:31+00:00","article_modified_time":"2025-10-15T13:44:38+00:00","og_image":[{"width":1000,"height":800,"url":"https:\/\/www.bellunopress.it\/wp-content\/uploads\/2023\/10\/Mario-Pozza_edited.jpg","type":"image\/jpeg"}],"author":"redazione","twitter_card":"summary_large_image","twitter_creator":"@bellunopress","twitter_site":"@bellunopress","twitter_misc":{"\u00c9crit par":"redazione","Dur\u00e9e de lecture estim\u00e9e":"3 minutes"},"schema":{"@context":"https:\/\/schema.org","@graph":[{"@type":"Article","@id":"https:\/\/www.bellunopress.it\/2025\/10\/15\/parita-di-genere-la-camera-di-commercio-treviso-belluno-vince-il-premio-impatto-riconoscimento-nazionale-per-lente\/#article","isPartOf":{"@id":"https:\/\/www.bellunopress.it\/2025\/10\/15\/parita-di-genere-la-camera-di-commercio-treviso-belluno-vince-il-premio-impatto-riconoscimento-nazionale-per-lente\/"},"author":{"name":"redazione","@id":"https:\/\/www.bellunopress.it\/#\/schema\/person\/79bb06722b37ece1c03d3e94beb30d73"},"headline":"Parit\u00e0 di genere. La Camera di Commercio Treviso-Belluno vince il Premio Impatto Riconoscimento Nazionale per l&#8217;Ente","datePublished":"2025-10-15T13:41:31+00:00","dateModified":"2025-10-15T13:44:38+00:00","mainEntityOfPage":{"@id":"https:\/\/www.bellunopress.it\/2025\/10\/15\/parita-di-genere-la-camera-di-commercio-treviso-belluno-vince-il-premio-impatto-riconoscimento-nazionale-per-lente\/"},"wordCount":541,"publisher":{"@id":"https:\/\/www.bellunopress.it\/#organization"},"image":{"@id":"https:\/\/www.bellunopress.it\/2025\/10\/15\/parita-di-genere-la-camera-di-commercio-treviso-belluno-vince-il-premio-impatto-riconoscimento-nazionale-per-lente\/#primaryimage"},"thumbnailUrl":"https:\/\/www.bellunopress.it\/wp-content\/uploads\/2023\/10\/Mario-Pozza_edited.jpg","articleSection":["Prima Pagina","Societ\u00e0, Associazioni, Istituzioni"],"inLanguage":"fr-FR"},{"@type":"WebPage","@id":"https:\/\/www.bellunopress.it\/2025\/10\/15\/parita-di-genere-la-camera-di-commercio-treviso-belluno-vince-il-premio-impatto-riconoscimento-nazionale-per-lente\/","url":"https:\/\/www.bellunopress.it\/2025\/10\/15\/parita-di-genere-la-camera-di-commercio-treviso-belluno-vince-il-premio-impatto-riconoscimento-nazionale-per-lente\/","name":"Parit\u00e0 di genere. La Camera di Commercio Treviso-Belluno vince il Premio Impatto Riconoscimento Nazionale per l'Ente - Bellunopress - Dolomiti","isPartOf":{"@id":"https:\/\/www.bellunopress.it\/#website"},"primaryImageOfPage":{"@id":"https:\/\/www.bellunopress.it\/2025\/10\/15\/parita-di-genere-la-camera-di-commercio-treviso-belluno-vince-il-premio-impatto-riconoscimento-nazionale-per-lente\/#primaryimage"},"image":{"@id":"https:\/\/www.bellunopress.it\/2025\/10\/15\/parita-di-genere-la-camera-di-commercio-treviso-belluno-vince-il-premio-impatto-riconoscimento-nazionale-per-lente\/#primaryimage"},"thumbnailUrl":"https:\/\/www.bellunopress.it\/wp-content\/uploads\/2023\/10\/Mario-Pozza_edited.jpg","datePublished":"2025-10-15T13:41:31+00:00","dateModified":"2025-10-15T13:44:38+00:00","breadcrumb":{"@id":"https:\/\/www.bellunopress.it\/2025\/10\/15\/parita-di-genere-la-camera-di-commercio-treviso-belluno-vince-il-premio-impatto-riconoscimento-nazionale-per-lente\/#breadcrumb"},"inLanguage":"fr-FR","potentialAction":[{"@type":"ReadAction","target":["https:\/\/www.bellunopress.it\/2025\/10\/15\/parita-di-genere-la-camera-di-commercio-treviso-belluno-vince-il-premio-impatto-riconoscimento-nazionale-per-lente\/"]}]},{"@type":"ImageObject","inLanguage":"fr-FR","@id":"https:\/\/www.bellunopress.it\/2025\/10\/15\/parita-di-genere-la-camera-di-commercio-treviso-belluno-vince-il-premio-impatto-riconoscimento-nazionale-per-lente\/#primaryimage","url":"https:\/\/www.bellunopress.it\/wp-content\/uploads\/2023\/10\/Mario-Pozza_edited.jpg","contentUrl":"https:\/\/www.bellunopress.it\/wp-content\/uploads\/2023\/10\/Mario-Pozza_edited.jpg","width":1000,"height":800,"caption":"Mario Pozza - Presidente Camera di Commercio Treviso\/Belluno\/Dolomiti"},{"@type":"BreadcrumbList","@id":"https:\/\/www.bellunopress.it\/2025\/10\/15\/parita-di-genere-la-camera-di-commercio-treviso-belluno-vince-il-premio-impatto-riconoscimento-nazionale-per-lente\/#breadcrumb","itemListElement":[{"@type":"ListItem","position":1,"name":"Home","item":"https:\/\/www.bellunopress.it\/"},{"@type":"ListItem","position":2,"name":"Parit\u00e0 di genere. La Camera di Commercio Treviso-Belluno vince il Premio Impatto Riconoscimento Nazionale per l&#8217;Ente"}]},{"@type":"WebSite","@id":"https:\/\/www.bellunopress.it\/#website","url":"https:\/\/www.bellunopress.it\/","name":"Bellunopress - Dolomiti","description":"e-mail: redazione@bellunopress.it","publisher":{"@id":"https:\/\/www.bellunopress.it\/#organization"},"potentialAction":[{"@type":"SearchAction","target":{"@type":"EntryPoint","urlTemplate":"https:\/\/www.bellunopress.it\/?s={search_term_string}"},"query-input":{"@type":"PropertyValueSpecification","valueRequired":true,"valueName":"search_term_string"}}],"inLanguage":"fr-FR"},{"@type":"Organization","@id":"https:\/\/www.bellunopress.it\/#organization","name":"Bellunopress","url":"https:\/\/www.bellunopress.it\/","logo":{"@type":"ImageObject","inLanguage":"fr-FR","@id":"https:\/\/www.bellunopress.it\/#\/schema\/logo\/image\/","url":"https:\/\/www.bellunopress.it\/wp-content\/uploads\/2011\/05\/cropped-logo-bellunopress-.jpg","contentUrl":"https:\/\/www.bellunopress.it\/wp-content\/uploads\/2011\/05\/cropped-logo-bellunopress-.jpg","width":512,"height":512,"caption":"Bellunopress"},"image":{"@id":"https:\/\/www.bellunopress.it\/#\/schema\/logo\/image\/"},"sameAs":["https:\/\/www.facebook.com\/profile.php?id=100008943462799","https:\/\/x.com\/bellunopress","https:\/\/www.linkedin.com\/hp\/?dnr=JBzUWaJfMUw8vbXJJ2tVW5-I3jZKvC4wsoxE&amp;amp;amp;amp;amp;amp;trk=nav_responsive_tab_home","https:\/\/www.youtube.com\/channel\/UCxL0wu1uN0_3_7hGG0306cw"]},{"@type":"Person","@id":"https:\/\/www.bellunopress.it\/#\/schema\/person\/79bb06722b37ece1c03d3e94beb30d73","name":"r\u00e9daction","image":{"@type":"ImageObject","inLanguage":"fr-FR","@id":"https:\/\/secure.gravatar.com\/avatar\/37d968a2e67a6fd04c169c4bdef102d0bc5d31b2546345219e348575eb80e9a0?s=96&d=mm&r=g","url":"https:\/\/secure.gravatar.com\/avatar\/37d968a2e67a6fd04c169c4bdef102d0bc5d31b2546345219e348575eb80e9a0?s=96&d=mm&r=g","contentUrl":"https:\/\/secure.gravatar.com\/avatar\/37d968a2e67a6fd04c169c4bdef102d0bc5d31b2546345219e348575eb80e9a0?s=96&d=mm&r=g","caption":"redazione"},"sameAs":["http:\/\/www.bellunopress.it","https:\/\/x.com\/bellunopress"],"url":"https:\/\/www.bellunopress.it\/fr\/author\/redazione\/"}]}},"_links":{"self":[{"href":"https:\/\/www.bellunopress.it\/fr\/wp-json\/wp\/v2\/posts\/164132","targetHints":{"allow":["GET"]}}],"collection":[{"href":"https:\/\/www.bellunopress.it\/fr\/wp-json\/wp\/v2\/posts"}],"about":[{"href":"https:\/\/www.bellunopress.it\/fr\/wp-json\/wp\/v2\/types\/post"}],"author":[{"embeddable":true,"href":"https:\/\/www.bellunopress.it\/fr\/wp-json\/wp\/v2\/users\/2"}],"replies":[{"embeddable":true,"href":"https:\/\/www.bellunopress.it\/fr\/wp-json\/wp\/v2\/comments?post=164132"}],"version-history":[{"count":3,"href":"https:\/\/www.bellunopress.it\/fr\/wp-json\/wp\/v2\/posts\/164132\/revisions"}],"predecessor-version":[{"id":164136,"href":"https:\/\/www.bellunopress.it\/fr\/wp-json\/wp\/v2\/posts\/164132\/revisions\/164136"}],"wp:featuredmedia":[{"embeddable":true,"href":"https:\/\/www.bellunopress.it\/fr\/wp-json\/wp\/v2\/media\/145120"}],"wp:attachment":[{"href":"https:\/\/www.bellunopress.it\/fr\/wp-json\/wp\/v2\/media?parent=164132"}],"wp:term":[{"taxonomy":"category","embeddable":true,"href":"https:\/\/www.bellunopress.it\/fr\/wp-json\/wp\/v2\/categories?post=164132"},{"taxonomy":"post_tag","embeddable":true,"href":"https:\/\/www.bellunopress.it\/fr\/wp-json\/wp\/v2\/tags?post=164132"}],"curies":[{"name":"wp","href":"https:\/\/api.w.org\/{rel}","templated":true}]}}