{"id":164120,"date":"2025-10-15T10:40:40","date_gmt":"2025-10-15T08:40:40","guid":{"rendered":"https:\/\/www.bellunopress.it\/?p=164120"},"modified":"2025-10-15T10:40:40","modified_gmt":"2025-10-15T08:40:40","slug":"mercato-residenziale-nel-1-semestre-2025-tra-le-regioni-il-veneto-e-al-quinto-posto-per-numero-di-compravendite","status":"publish","type":"post","link":"https:\/\/www.bellunopress.it\/fr\/2025\/10\/15\/mercato-residenziale-nel-1-semestre-2025-tra-le-regioni-il-veneto-e-al-quinto-posto-per-numero-di-compravendite\/","title":{"rendered":"Mercato residenziale: nel 1\u00b0 semestre 2025 tra le regioni il Veneto \u00e8 al quinto posto per numero di compravendite"},"content":{"rendered":"<p><strong><img loading=\"lazy\" decoding=\"async\" class=\"aligncenter size-full wp-image-133247\" src=\"https:\/\/www.bellunopress.it\/wp-content\/uploads\/2022\/05\/cantiere-edile_edited.jpg\" alt=\"\" width=\"1000\" height=\"750\" srcset=\"https:\/\/www.bellunopress.it\/wp-content\/uploads\/2022\/05\/cantiere-edile_edited.jpg 1000w, https:\/\/www.bellunopress.it\/wp-content\/uploads\/2022\/05\/cantiere-edile_edited-500x375.jpg 500w, https:\/\/www.bellunopress.it\/wp-content\/uploads\/2022\/05\/cantiere-edile_edited-696x522.jpg 696w, https:\/\/www.bellunopress.it\/wp-content\/uploads\/2022\/05\/cantiere-edile_edited-560x420.jpg 560w, https:\/\/www.bellunopress.it\/wp-content\/uploads\/2022\/05\/cantiere-edile_edited-80x60.jpg 80w, https:\/\/www.bellunopress.it\/wp-content\/uploads\/2022\/05\/cantiere-edile_edited-265x198.jpg 265w\" sizes=\"auto, (max-width: 1000px) 100vw, 1000px\" \/>Treviso la citt\u00e0 pi\u00f9 vivace, segue Padova e Vicenza. Belluno quarta con Venezia, ultima Rovigo<\/strong><\/p>\n<p>Milano, 15 ottobre 2025 \u2013 Il mercato immobiliare residenziale in Veneto ha registrato nel I semestre 2025 un aumento delle compravendite del +10,5%, un dato che posiziona la regione al quinto posto per numerosit\u00e0. Ma cosa succede se si rapportano le compravendite con la popolazione maggiorenne residente? Secondo l\u2019analisi di Abitare Co., societ\u00e0 di intermediazione e servizi immobiliari specializzata in nuove costruzioni, la regione passa in sesta posizione con 78 compravendite ogni 10mila residenti maggiorenni .<\/p>\n<p>Anche a livello territoriale, rispetto agli abitanti la classifica cambia radicalmente, con Treviso al primo posto con 100 compravendite ogni 10mila residenti maggiorenni, seguita da Padova e Vicenza (91), Venezia e Belluno (90), Verona (82) e Rovigo (79).<br \/>\nIl confronto tra i capoluoghi a livello nazionale<\/p>\n<p>Se guardiamo ai numeri assoluti, le grandi citt\u00e0 metropolitane guidano la classifica, con Roma, Milano e Torino sul podio. Ma rispetto agli abitanti maggiorenni i centri urbani medio-piccoli mostrano un mercato pi\u00f9 attivo. Nei primi sei mesi dell\u2019anno nelle prime dieci posizioni troviamo al primo posto Biella, con 121 compravendite ogni 10.000 residenti maggiorenni, seguita da Ravenna (110), Torino (107), Lodi e Sondrio (105), Mantova (104), Pavia e Milano (103), Piacenza (102) e infine Vercelli e Treviso (100). In fondo alla classifica si posizionano Pesaro con 20 transazioni ogni 10.000 residenti maggiorenni, Reggio Calabria con 42 e Potenza con 44.<\/p>\n<p>\u201cPer capire quanto si muove davvero il mercato immobiliare, non \u00e8 sufficiente analizzare il numero delle case vendute, ma \u00e8 necessario osservare il dato in rapporto a chi, potenzialmente, potrebbe comprarle \u2013 ha dichiarato Giuseppe Crupi, CEO di Abitare Co. \u2013 Mettendo a confronto il numero di compravendite con la popolazione maggiorenne di ciascun comune, si ottiene un indicatore che misura la \u201cvivacit\u00e0\u201d del mercato locale. Spesso i centri medio-piccoli sono pi\u00f9 dinamici rispetto alle grandi citt\u00e0 grazie alla maggiore accessibilit\u00e0 dei prezzi e a un\u2019offerta abitativa pi\u00f9 ampia in rapporto alla domanda. Nel complesso \u2013 conclude Crupi \u2013 il quadro evidenzia un\u2019Italia immobiliare \u201ca due velocit\u00e0\u201d: da un lato i grandi centri, dove il mercato resta solido ma meno dinamico in termini relativi; dall\u2019altro, una rete di citt\u00e0 medio-piccole che, grazie a prezzi pi\u00f9 competitivi e qualit\u00e0 della vita pi\u00f9 elevata, stanno intercettando una quota crescente della domanda abitativa e di investimento.\u201d<br \/>\nFonte: Elaborazione Abitare Co. su base dati Osservatorio Mercato Immobiliare (OMI) \u2013 Agenzia delle Entrate e Istat \u2013 popolazione residente al 1\u00b0 gennaio 2025. Non sono disponibili i dati per alcuni capoluoghi (Monza, Gorizia, Trieste, Bolzano, Trento, Fermo, Barletta-Andria-Trani, Sud Sardegna) e per la regione Trentino-Alto-Adige. I dati relativi alla provincia di Massa-Carrara si riferiscono esclusivamente al capoluogo di Massa.<\/p>\n<p>&nbsp;<\/p>","protected":false},"excerpt":{"rendered":"<p>Treviso la citt\u00e0 pi\u00f9 vivace, segue Padova e Vicenza. Belluno quarta con Venezia, ultima Rovigo Milano, 15 ottobre 2025 \u2013 Il mercato immobiliare residenziale in Veneto ha registrato nel I semestre 2025 un aumento delle compravendite del +10,5%, un dato che posiziona la regione al quinto posto per numerosit\u00e0. Ma cosa succede se si rapportano [&hellip;]<\/p>\n","protected":false},"author":2,"featured_media":133247,"comment_status":"closed","ping_status":"open","sticky":false,"template":"","format":"standard","meta":{"footnotes":""},"categories":[8],"tags":[],"class_list":["post-164120","post","type-post","status-publish","format-standard","has-post-thumbnail","category-societa-istituzioni"],"yoast_head":"<!-- This site is optimized with the Yoast SEO plugin v28.4 - https:\/\/yoast.com\/product\/yoast-seo-wordpress\/ -->\n<title>Mercato residenziale: nel 1\u00b0 semestre 2025 tra le regioni il Veneto \u00e8 al quinto posto per numero di compravendite - Bellunopress - Dolomiti<\/title>\n<meta name=\"robots\" content=\"index, follow, max-snippet:-1, max-image-preview:large, max-video-preview:-1\" \/>\n<link rel=\"canonical\" href=\"https:\/\/www.bellunopress.it\/fr\/2025\/10\/15\/mercato-residenziale-nel-1-semestre-2025-tra-le-regioni-il-veneto-e-al-quinto-posto-per-numero-di-compravendite\/\" \/>\n<meta property=\"og:locale\" content=\"fr_FR\" \/>\n<meta property=\"og:type\" content=\"article\" \/>\n<meta property=\"og:title\" content=\"Mercato residenziale: nel 1\u00b0 semestre 2025 tra le regioni il Veneto \u00e8 al quinto posto per numero di compravendite - Bellunopress - Dolomiti\" \/>\n<meta property=\"og:description\" content=\"Treviso la citt\u00e0 pi\u00f9 vivace, segue Padova e Vicenza. Belluno quarta con Venezia, ultima Rovigo Milano, 15 ottobre 2025 \u2013 Il mercato immobiliare residenziale in Veneto ha registrato nel I semestre 2025 un aumento delle compravendite del +10,5%, un dato che posiziona la regione al quinto posto per numerosit\u00e0. Ma cosa succede se si rapportano [&hellip;]\" \/>\n<meta property=\"og:url\" content=\"https:\/\/www.bellunopress.it\/fr\/2025\/10\/15\/mercato-residenziale-nel-1-semestre-2025-tra-le-regioni-il-veneto-e-al-quinto-posto-per-numero-di-compravendite\/\" \/>\n<meta property=\"og:site_name\" content=\"Bellunopress - Dolomiti\" \/>\n<meta property=\"article:publisher\" content=\"https:\/\/www.facebook.com\/profile.php?id=100008943462799\" \/>\n<meta property=\"article:published_time\" content=\"2025-10-15T08:40:40+00:00\" \/>\n<meta property=\"og:image\" content=\"https:\/\/www.bellunopress.it\/wp-content\/uploads\/2022\/05\/cantiere-edile_edited.jpg\" \/>\n\t<meta property=\"og:image:width\" content=\"1000\" \/>\n\t<meta property=\"og:image:height\" content=\"750\" \/>\n\t<meta property=\"og:image:type\" content=\"image\/jpeg\" \/>\n<meta name=\"author\" content=\"redazione\" \/>\n<meta name=\"twitter:card\" content=\"summary_large_image\" \/>\n<meta name=\"twitter:creator\" content=\"@bellunopress\" \/>\n<meta name=\"twitter:site\" content=\"@bellunopress\" \/>\n<meta name=\"twitter:label1\" content=\"\u00c9crit par\" \/>\n\t<meta name=\"twitter:data1\" content=\"redazione\" \/>\n\t<meta name=\"twitter:label2\" content=\"Dur\u00e9e de lecture estim\u00e9e\" \/>\n\t<meta name=\"twitter:data2\" content=\"2 minutes\" \/>\n<script type=\"application\/ld+json\" class=\"yoast-schema-graph\">{\"@context\":\"https:\\\/\\\/schema.org\",\"@graph\":[{\"@type\":\"Article\",\"@id\":\"https:\\\/\\\/www.bellunopress.it\\\/2025\\\/10\\\/15\\\/mercato-residenziale-nel-1-semestre-2025-tra-le-regioni-il-veneto-e-al-quinto-posto-per-numero-di-compravendite\\\/#article\",\"isPartOf\":{\"@id\":\"https:\\\/\\\/www.bellunopress.it\\\/2025\\\/10\\\/15\\\/mercato-residenziale-nel-1-semestre-2025-tra-le-regioni-il-veneto-e-al-quinto-posto-per-numero-di-compravendite\\\/\"},\"author\":{\"name\":\"redazione\",\"@id\":\"https:\\\/\\\/www.bellunopress.it\\\/#\\\/schema\\\/person\\\/79bb06722b37ece1c03d3e94beb30d73\"},\"headline\":\"Mercato residenziale: nel 1\u00b0 semestre 2025 tra le regioni il Veneto \u00e8 al quinto posto per numero di compravendite\",\"datePublished\":\"2025-10-15T08:40:40+00:00\",\"mainEntityOfPage\":{\"@id\":\"https:\\\/\\\/www.bellunopress.it\\\/2025\\\/10\\\/15\\\/mercato-residenziale-nel-1-semestre-2025-tra-le-regioni-il-veneto-e-al-quinto-posto-per-numero-di-compravendite\\\/\"},\"wordCount\":437,\"publisher\":{\"@id\":\"https:\\\/\\\/www.bellunopress.it\\\/#organization\"},\"image\":{\"@id\":\"https:\\\/\\\/www.bellunopress.it\\\/2025\\\/10\\\/15\\\/mercato-residenziale-nel-1-semestre-2025-tra-le-regioni-il-veneto-e-al-quinto-posto-per-numero-di-compravendite\\\/#primaryimage\"},\"thumbnailUrl\":\"https:\\\/\\\/www.bellunopress.it\\\/wp-content\\\/uploads\\\/2022\\\/05\\\/cantiere-edile_edited.jpg\",\"articleSection\":[\"Societ\u00e0, Associazioni, Istituzioni\"],\"inLanguage\":\"fr-FR\"},{\"@type\":\"WebPage\",\"@id\":\"https:\\\/\\\/www.bellunopress.it\\\/2025\\\/10\\\/15\\\/mercato-residenziale-nel-1-semestre-2025-tra-le-regioni-il-veneto-e-al-quinto-posto-per-numero-di-compravendite\\\/\",\"url\":\"https:\\\/\\\/www.bellunopress.it\\\/2025\\\/10\\\/15\\\/mercato-residenziale-nel-1-semestre-2025-tra-le-regioni-il-veneto-e-al-quinto-posto-per-numero-di-compravendite\\\/\",\"name\":\"Mercato residenziale: nel 1\u00b0 semestre 2025 tra le regioni il Veneto \u00e8 al quinto posto per numero di compravendite - Bellunopress - Dolomiti\",\"isPartOf\":{\"@id\":\"https:\\\/\\\/www.bellunopress.it\\\/#website\"},\"primaryImageOfPage\":{\"@id\":\"https:\\\/\\\/www.bellunopress.it\\\/2025\\\/10\\\/15\\\/mercato-residenziale-nel-1-semestre-2025-tra-le-regioni-il-veneto-e-al-quinto-posto-per-numero-di-compravendite\\\/#primaryimage\"},\"image\":{\"@id\":\"https:\\\/\\\/www.bellunopress.it\\\/2025\\\/10\\\/15\\\/mercato-residenziale-nel-1-semestre-2025-tra-le-regioni-il-veneto-e-al-quinto-posto-per-numero-di-compravendite\\\/#primaryimage\"},\"thumbnailUrl\":\"https:\\\/\\\/www.bellunopress.it\\\/wp-content\\\/uploads\\\/2022\\\/05\\\/cantiere-edile_edited.jpg\",\"datePublished\":\"2025-10-15T08:40:40+00:00\",\"breadcrumb\":{\"@id\":\"https:\\\/\\\/www.bellunopress.it\\\/2025\\\/10\\\/15\\\/mercato-residenziale-nel-1-semestre-2025-tra-le-regioni-il-veneto-e-al-quinto-posto-per-numero-di-compravendite\\\/#breadcrumb\"},\"inLanguage\":\"fr-FR\",\"potentialAction\":[{\"@type\":\"ReadAction\",\"target\":[\"https:\\\/\\\/www.bellunopress.it\\\/2025\\\/10\\\/15\\\/mercato-residenziale-nel-1-semestre-2025-tra-le-regioni-il-veneto-e-al-quinto-posto-per-numero-di-compravendite\\\/\"]}]},{\"@type\":\"ImageObject\",\"inLanguage\":\"fr-FR\",\"@id\":\"https:\\\/\\\/www.bellunopress.it\\\/2025\\\/10\\\/15\\\/mercato-residenziale-nel-1-semestre-2025-tra-le-regioni-il-veneto-e-al-quinto-posto-per-numero-di-compravendite\\\/#primaryimage\",\"url\":\"https:\\\/\\\/www.bellunopress.it\\\/wp-content\\\/uploads\\\/2022\\\/05\\\/cantiere-edile_edited.jpg\",\"contentUrl\":\"https:\\\/\\\/www.bellunopress.it\\\/wp-content\\\/uploads\\\/2022\\\/05\\\/cantiere-edile_edited.jpg\",\"width\":1000,\"height\":750},{\"@type\":\"BreadcrumbList\",\"@id\":\"https:\\\/\\\/www.bellunopress.it\\\/2025\\\/10\\\/15\\\/mercato-residenziale-nel-1-semestre-2025-tra-le-regioni-il-veneto-e-al-quinto-posto-per-numero-di-compravendite\\\/#breadcrumb\",\"itemListElement\":[{\"@type\":\"ListItem\",\"position\":1,\"name\":\"Home\",\"item\":\"https:\\\/\\\/www.bellunopress.it\\\/\"},{\"@type\":\"ListItem\",\"position\":2,\"name\":\"Mercato residenziale: nel 1\u00b0 semestre 2025 tra le regioni il Veneto \u00e8 al quinto posto per numero di compravendite\"}]},{\"@type\":\"WebSite\",\"@id\":\"https:\\\/\\\/www.bellunopress.it\\\/#website\",\"url\":\"https:\\\/\\\/www.bellunopress.it\\\/\",\"name\":\"Bellunopress - Dolomiti\",\"description\":\"e-mail: redazione@bellunopress.it\",\"publisher\":{\"@id\":\"https:\\\/\\\/www.bellunopress.it\\\/#organization\"},\"potentialAction\":[{\"@type\":\"SearchAction\",\"target\":{\"@type\":\"EntryPoint\",\"urlTemplate\":\"https:\\\/\\\/www.bellunopress.it\\\/?s={search_term_string}\"},\"query-input\":{\"@type\":\"PropertyValueSpecification\",\"valueRequired\":true,\"valueName\":\"search_term_string\"}}],\"inLanguage\":\"fr-FR\"},{\"@type\":\"Organization\",\"@id\":\"https:\\\/\\\/www.bellunopress.it\\\/#organization\",\"name\":\"Bellunopress\",\"url\":\"https:\\\/\\\/www.bellunopress.it\\\/\",\"logo\":{\"@type\":\"ImageObject\",\"inLanguage\":\"fr-FR\",\"@id\":\"https:\\\/\\\/www.bellunopress.it\\\/#\\\/schema\\\/logo\\\/image\\\/\",\"url\":\"https:\\\/\\\/www.bellunopress.it\\\/wp-content\\\/uploads\\\/2011\\\/05\\\/cropped-logo-bellunopress-.jpg\",\"contentUrl\":\"https:\\\/\\\/www.bellunopress.it\\\/wp-content\\\/uploads\\\/2011\\\/05\\\/cropped-logo-bellunopress-.jpg\",\"width\":512,\"height\":512,\"caption\":\"Bellunopress\"},\"image\":{\"@id\":\"https:\\\/\\\/www.bellunopress.it\\\/#\\\/schema\\\/logo\\\/image\\\/\"},\"sameAs\":[\"https:\\\/\\\/www.facebook.com\\\/profile.php?id=100008943462799\",\"https:\\\/\\\/x.com\\\/bellunopress\",\"https:\\\/\\\/www.linkedin.com\\\/hp\\\/?dnr=JBzUWaJfMUw8vbXJJ2tVW5-I3jZKvC4wsoxE&amp;amp;amp;amp;amp;amp;trk=nav_responsive_tab_home\",\"https:\\\/\\\/www.youtube.com\\\/channel\\\/UCxL0wu1uN0_3_7hGG0306cw\"]},{\"@type\":\"Person\",\"@id\":\"https:\\\/\\\/www.bellunopress.it\\\/#\\\/schema\\\/person\\\/79bb06722b37ece1c03d3e94beb30d73\",\"name\":\"redazione\",\"image\":{\"@type\":\"ImageObject\",\"inLanguage\":\"fr-FR\",\"@id\":\"https:\\\/\\\/secure.gravatar.com\\\/avatar\\\/37d968a2e67a6fd04c169c4bdef102d0bc5d31b2546345219e348575eb80e9a0?s=96&d=mm&r=g\",\"url\":\"https:\\\/\\\/secure.gravatar.com\\\/avatar\\\/37d968a2e67a6fd04c169c4bdef102d0bc5d31b2546345219e348575eb80e9a0?s=96&d=mm&r=g\",\"contentUrl\":\"https:\\\/\\\/secure.gravatar.com\\\/avatar\\\/37d968a2e67a6fd04c169c4bdef102d0bc5d31b2546345219e348575eb80e9a0?s=96&d=mm&r=g\",\"caption\":\"redazione\"},\"sameAs\":[\"http:\\\/\\\/www.bellunopress.it\",\"https:\\\/\\\/x.com\\\/bellunopress\"],\"url\":\"https:\\\/\\\/www.bellunopress.it\\\/fr\\\/author\\\/redazione\\\/\"}]}<\/script>\n<!-- \/ Yoast SEO plugin. -->","yoast_head_json":{"title":"Mercato residenziale: nel 1\u00b0 semestre 2025 tra le regioni il Veneto \u00e8 al quinto posto per numero di compravendite - Bellunopress - Dolomiti","robots":{"index":"index","follow":"follow","max-snippet":"max-snippet:-1","max-image-preview":"max-image-preview:large","max-video-preview":"max-video-preview:-1"},"canonical":"https:\/\/www.bellunopress.it\/fr\/2025\/10\/15\/mercato-residenziale-nel-1-semestre-2025-tra-le-regioni-il-veneto-e-al-quinto-posto-per-numero-di-compravendite\/","og_locale":"fr_FR","og_type":"article","og_title":"Mercato residenziale: nel 1\u00b0 semestre 2025 tra le regioni il Veneto \u00e8 al quinto posto per numero di compravendite - Bellunopress - Dolomiti","og_description":"Treviso la citt\u00e0 pi\u00f9 vivace, segue Padova e Vicenza. Belluno quarta con Venezia, ultima Rovigo Milano, 15 ottobre 2025 \u2013 Il mercato immobiliare residenziale in Veneto ha registrato nel I semestre 2025 un aumento delle compravendite del +10,5%, un dato che posiziona la regione al quinto posto per numerosit\u00e0. Ma cosa succede se si rapportano [&hellip;]","og_url":"https:\/\/www.bellunopress.it\/fr\/2025\/10\/15\/mercato-residenziale-nel-1-semestre-2025-tra-le-regioni-il-veneto-e-al-quinto-posto-per-numero-di-compravendite\/","og_site_name":"Bellunopress - Dolomiti","article_publisher":"https:\/\/www.facebook.com\/profile.php?id=100008943462799","article_published_time":"2025-10-15T08:40:40+00:00","og_image":[{"width":1000,"height":750,"url":"https:\/\/www.bellunopress.it\/wp-content\/uploads\/2022\/05\/cantiere-edile_edited.jpg","type":"image\/jpeg"}],"author":"redazione","twitter_card":"summary_large_image","twitter_creator":"@bellunopress","twitter_site":"@bellunopress","twitter_misc":{"\u00c9crit par":"redazione","Dur\u00e9e de lecture estim\u00e9e":"2 minutes"},"schema":{"@context":"https:\/\/schema.org","@graph":[{"@type":"Article","@id":"https:\/\/www.bellunopress.it\/2025\/10\/15\/mercato-residenziale-nel-1-semestre-2025-tra-le-regioni-il-veneto-e-al-quinto-posto-per-numero-di-compravendite\/#article","isPartOf":{"@id":"https:\/\/www.bellunopress.it\/2025\/10\/15\/mercato-residenziale-nel-1-semestre-2025-tra-le-regioni-il-veneto-e-al-quinto-posto-per-numero-di-compravendite\/"},"author":{"name":"redazione","@id":"https:\/\/www.bellunopress.it\/#\/schema\/person\/79bb06722b37ece1c03d3e94beb30d73"},"headline":"Mercato residenziale: nel 1\u00b0 semestre 2025 tra le regioni il Veneto \u00e8 al quinto posto per numero di compravendite","datePublished":"2025-10-15T08:40:40+00:00","mainEntityOfPage":{"@id":"https:\/\/www.bellunopress.it\/2025\/10\/15\/mercato-residenziale-nel-1-semestre-2025-tra-le-regioni-il-veneto-e-al-quinto-posto-per-numero-di-compravendite\/"},"wordCount":437,"publisher":{"@id":"https:\/\/www.bellunopress.it\/#organization"},"image":{"@id":"https:\/\/www.bellunopress.it\/2025\/10\/15\/mercato-residenziale-nel-1-semestre-2025-tra-le-regioni-il-veneto-e-al-quinto-posto-per-numero-di-compravendite\/#primaryimage"},"thumbnailUrl":"https:\/\/www.bellunopress.it\/wp-content\/uploads\/2022\/05\/cantiere-edile_edited.jpg","articleSection":["Societ\u00e0, Associazioni, Istituzioni"],"inLanguage":"fr-FR"},{"@type":"WebPage","@id":"https:\/\/www.bellunopress.it\/2025\/10\/15\/mercato-residenziale-nel-1-semestre-2025-tra-le-regioni-il-veneto-e-al-quinto-posto-per-numero-di-compravendite\/","url":"https:\/\/www.bellunopress.it\/2025\/10\/15\/mercato-residenziale-nel-1-semestre-2025-tra-le-regioni-il-veneto-e-al-quinto-posto-per-numero-di-compravendite\/","name":"Mercato residenziale: nel 1\u00b0 semestre 2025 tra le regioni il Veneto \u00e8 al quinto posto per numero di compravendite - Bellunopress - Dolomiti","isPartOf":{"@id":"https:\/\/www.bellunopress.it\/#website"},"primaryImageOfPage":{"@id":"https:\/\/www.bellunopress.it\/2025\/10\/15\/mercato-residenziale-nel-1-semestre-2025-tra-le-regioni-il-veneto-e-al-quinto-posto-per-numero-di-compravendite\/#primaryimage"},"image":{"@id":"https:\/\/www.bellunopress.it\/2025\/10\/15\/mercato-residenziale-nel-1-semestre-2025-tra-le-regioni-il-veneto-e-al-quinto-posto-per-numero-di-compravendite\/#primaryimage"},"thumbnailUrl":"https:\/\/www.bellunopress.it\/wp-content\/uploads\/2022\/05\/cantiere-edile_edited.jpg","datePublished":"2025-10-15T08:40:40+00:00","breadcrumb":{"@id":"https:\/\/www.bellunopress.it\/2025\/10\/15\/mercato-residenziale-nel-1-semestre-2025-tra-le-regioni-il-veneto-e-al-quinto-posto-per-numero-di-compravendite\/#breadcrumb"},"inLanguage":"fr-FR","potentialAction":[{"@type":"ReadAction","target":["https:\/\/www.bellunopress.it\/2025\/10\/15\/mercato-residenziale-nel-1-semestre-2025-tra-le-regioni-il-veneto-e-al-quinto-posto-per-numero-di-compravendite\/"]}]},{"@type":"ImageObject","inLanguage":"fr-FR","@id":"https:\/\/www.bellunopress.it\/2025\/10\/15\/mercato-residenziale-nel-1-semestre-2025-tra-le-regioni-il-veneto-e-al-quinto-posto-per-numero-di-compravendite\/#primaryimage","url":"https:\/\/www.bellunopress.it\/wp-content\/uploads\/2022\/05\/cantiere-edile_edited.jpg","contentUrl":"https:\/\/www.bellunopress.it\/wp-content\/uploads\/2022\/05\/cantiere-edile_edited.jpg","width":1000,"height":750},{"@type":"BreadcrumbList","@id":"https:\/\/www.bellunopress.it\/2025\/10\/15\/mercato-residenziale-nel-1-semestre-2025-tra-le-regioni-il-veneto-e-al-quinto-posto-per-numero-di-compravendite\/#breadcrumb","itemListElement":[{"@type":"ListItem","position":1,"name":"Home","item":"https:\/\/www.bellunopress.it\/"},{"@type":"ListItem","position":2,"name":"Mercato residenziale: nel 1\u00b0 semestre 2025 tra le regioni il Veneto \u00e8 al quinto posto per numero di compravendite"}]},{"@type":"WebSite","@id":"https:\/\/www.bellunopress.it\/#website","url":"https:\/\/www.bellunopress.it\/","name":"Bellunopress - Dolomiti","description":"e-mail: redazione@bellunopress.it","publisher":{"@id":"https:\/\/www.bellunopress.it\/#organization"},"potentialAction":[{"@type":"SearchAction","target":{"@type":"EntryPoint","urlTemplate":"https:\/\/www.bellunopress.it\/?s={search_term_string}"},"query-input":{"@type":"PropertyValueSpecification","valueRequired":true,"valueName":"search_term_string"}}],"inLanguage":"fr-FR"},{"@type":"Organization","@id":"https:\/\/www.bellunopress.it\/#organization","name":"Bellunopress","url":"https:\/\/www.bellunopress.it\/","logo":{"@type":"ImageObject","inLanguage":"fr-FR","@id":"https:\/\/www.bellunopress.it\/#\/schema\/logo\/image\/","url":"https:\/\/www.bellunopress.it\/wp-content\/uploads\/2011\/05\/cropped-logo-bellunopress-.jpg","contentUrl":"https:\/\/www.bellunopress.it\/wp-content\/uploads\/2011\/05\/cropped-logo-bellunopress-.jpg","width":512,"height":512,"caption":"Bellunopress"},"image":{"@id":"https:\/\/www.bellunopress.it\/#\/schema\/logo\/image\/"},"sameAs":["https:\/\/www.facebook.com\/profile.php?id=100008943462799","https:\/\/x.com\/bellunopress","https:\/\/www.linkedin.com\/hp\/?dnr=JBzUWaJfMUw8vbXJJ2tVW5-I3jZKvC4wsoxE&amp;amp;amp;amp;amp;amp;trk=nav_responsive_tab_home","https:\/\/www.youtube.com\/channel\/UCxL0wu1uN0_3_7hGG0306cw"]},{"@type":"Person","@id":"https:\/\/www.bellunopress.it\/#\/schema\/person\/79bb06722b37ece1c03d3e94beb30d73","name":"r\u00e9daction","image":{"@type":"ImageObject","inLanguage":"fr-FR","@id":"https:\/\/secure.gravatar.com\/avatar\/37d968a2e67a6fd04c169c4bdef102d0bc5d31b2546345219e348575eb80e9a0?s=96&d=mm&r=g","url":"https:\/\/secure.gravatar.com\/avatar\/37d968a2e67a6fd04c169c4bdef102d0bc5d31b2546345219e348575eb80e9a0?s=96&d=mm&r=g","contentUrl":"https:\/\/secure.gravatar.com\/avatar\/37d968a2e67a6fd04c169c4bdef102d0bc5d31b2546345219e348575eb80e9a0?s=96&d=mm&r=g","caption":"redazione"},"sameAs":["http:\/\/www.bellunopress.it","https:\/\/x.com\/bellunopress"],"url":"https:\/\/www.bellunopress.it\/fr\/author\/redazione\/"}]}},"_links":{"self":[{"href":"https:\/\/www.bellunopress.it\/fr\/wp-json\/wp\/v2\/posts\/164120","targetHints":{"allow":["GET"]}}],"collection":[{"href":"https:\/\/www.bellunopress.it\/fr\/wp-json\/wp\/v2\/posts"}],"about":[{"href":"https:\/\/www.bellunopress.it\/fr\/wp-json\/wp\/v2\/types\/post"}],"author":[{"embeddable":true,"href":"https:\/\/www.bellunopress.it\/fr\/wp-json\/wp\/v2\/users\/2"}],"replies":[{"embeddable":true,"href":"https:\/\/www.bellunopress.it\/fr\/wp-json\/wp\/v2\/comments?post=164120"}],"version-history":[{"count":1,"href":"https:\/\/www.bellunopress.it\/fr\/wp-json\/wp\/v2\/posts\/164120\/revisions"}],"predecessor-version":[{"id":164121,"href":"https:\/\/www.bellunopress.it\/fr\/wp-json\/wp\/v2\/posts\/164120\/revisions\/164121"}],"wp:featuredmedia":[{"embeddable":true,"href":"https:\/\/www.bellunopress.it\/fr\/wp-json\/wp\/v2\/media\/133247"}],"wp:attachment":[{"href":"https:\/\/www.bellunopress.it\/fr\/wp-json\/wp\/v2\/media?parent=164120"}],"wp:term":[{"taxonomy":"category","embeddable":true,"href":"https:\/\/www.bellunopress.it\/fr\/wp-json\/wp\/v2\/categories?post=164120"},{"taxonomy":"post_tag","embeddable":true,"href":"https:\/\/www.bellunopress.it\/fr\/wp-json\/wp\/v2\/tags?post=164120"}],"curies":[{"name":"wp","href":"https:\/\/api.w.org\/{rel}","templated":true}]}}