{"id":164117,"date":"2025-10-16T07:16:23","date_gmt":"2025-10-16T05:16:23","guid":{"rendered":"https:\/\/www.bellunopress.it\/?p=164117"},"modified":"2025-10-15T10:21:42","modified_gmt":"2025-10-15T08:21:42","slug":"laceto-balsamico-come-simbolo-di-identita-culturale-emiliana","status":"publish","type":"post","link":"https:\/\/www.bellunopress.it\/fr\/2025\/10\/16\/laceto-balsamico-come-simbolo-di-identita-culturale-emiliana\/","title":{"rendered":"L\u2019aceto balsamico come simbolo di identit\u00e0 culturale emiliana"},"content":{"rendered":"<p><img loading=\"lazy\" decoding=\"async\" class=\"aligncenter size-full wp-image-164118\" src=\"https:\/\/www.bellunopress.it\/wp-content\/uploads\/2025\/10\/aceto-balsamico-di-Modena_edited.jpg\" alt=\"\" width=\"800\" height=\"754\" srcset=\"https:\/\/www.bellunopress.it\/wp-content\/uploads\/2025\/10\/aceto-balsamico-di-Modena_edited.jpg 800w, https:\/\/www.bellunopress.it\/wp-content\/uploads\/2025\/10\/aceto-balsamico-di-Modena_edited-500x471.jpg 500w, https:\/\/www.bellunopress.it\/wp-content\/uploads\/2025\/10\/aceto-balsamico-di-Modena_edited-446x420.jpg 446w, https:\/\/www.bellunopress.it\/wp-content\/uploads\/2025\/10\/aceto-balsamico-di-Modena_edited-696x656.jpg 696w\" sizes=\"auto, (max-width: 800px) 100vw, 800px\" \/>L\u2019aceto balsamico di Modena rappresenta molto pi\u00f9 di un condimento: \u00e8 un simbolo dell\u2019<strong>identit\u00e0 culturale emiliana<\/strong>. Le sue origini, profondamente legate al territorio e al lavoro delle famiglie modenesi, ne fanno un prodotto che incarna valori come <strong>pazienza, dedizione e legame con la terra<\/strong>. Ogni goccia racchiude secoli di storia, un patrimonio gastronomico che continua a vivere grazie al rispetto delle tradizioni e alla capacit\u00e0 di rinnovarsi senza perdere autenticit\u00e0.<\/p>\n<p>Apprezzato in tutto il mondo, l\u2019aceto balsamico racconta la <strong>storia di una comunit\u00e0 e di un territorio<\/strong>, diventando ambasciatore di una cultura che si esprime attraverso il gusto.<\/p>\n<h2>Storia e radici dell\u2019aceto balsamico emiliano<\/h2>\n<p>Le prime testimonianze dell\u2019<strong>aceto balsamico<\/strong> risalgono al Medioevo, quando era considerato un prodotto raro e prezioso, custodito nelle famiglie nobili emiliane come simbolo di prestigio. Nel corso dei secoli, la sua produzione si \u00e8 trasformata in una <strong>tradizione tramandata di padre in figlio<\/strong>, mantenendo intatti i gesti rituali che caratterizzano ancora oggi le acetaie modenesi.<\/p>\n<p>Il microclima della pianura padana, con estati calde e inverni rigidi, ha da sempre avuto un ruolo decisivo nel favorire i processi di fermentazione e invecchiamento del mosto. Questa combinazione naturale, unita alla <strong>sapienza artigianale delle famiglie emiliane<\/strong>, ha permesso all\u2019aceto balsamico di consolidarsi come una delle eccellenze pi\u00f9 rappresentative del territorio.<\/p>\n<p>Non \u00e8 solo un prodotto gastronomico, ma un vero e proprio <strong>patrimonio culturale<\/strong>, che continua a raccontare la storia e le tradizioni dell\u2019Emilia-Romagna attraverso i suoi profumi e sapori unici.<\/p>\n<h2>Acetaia Leonardi: custode della tradizione modenese<\/h2>\n<p>Tra le realt\u00e0 che incarnano al meglio il valore culturale dell\u2019<a href=\"https:\/\/www.acetaialeonardi.it\/\">aceto balsamico di Modena<\/a> vi \u00e8 <strong>Acetaia Leonardi<\/strong>, azienda storica che da secoli porta avanti con passione l\u2019arte dell\u2019invecchiamento. Situata nella suggestiva <strong>Corte dei Campi Macri<\/strong>, la famiglia Leonardi segue direttamente ogni fase della produzione, dalla <strong>vendemmia manuale delle uve Trebbiano e Lambrusco<\/strong> alla lunga maturazione nelle botti di legni diversi.<\/p>\n<p>Ci\u00f2 che distingue questa acetaia \u00e8 la scelta di mantenere un ciclo a <strong>filiera corta<\/strong>, coltivando in proprio i vigneti e controllando ogni passaggio fino all\u2019imbottigliamento. Le botti secolari custodite nei sottotetti della tenuta raccontano una storia di <strong>pazienza e dedizione<\/strong>, in cui il tempo diventa il principale alleato per ottenere un aceto balsamico dalla complessit\u00e0 aromatica inconfondibile.<\/p>\n<p>Grazie a riconoscimenti internazionali e certificazioni come <strong>BRC e IFS<\/strong>, Acetaia Leonardi \u00e8 sinonimo di qualit\u00e0, un ambasciatore credibile della tradizione modenese nel mondo, capace di coniugare <strong>identit\u00e0 culturale e innovazione<\/strong>.<\/p>\n<h2>L\u2019aceto balsamico come ambasciatore della cultura italiana<\/h2>\n<p>L\u2019aceto balsamico di Modena ha superato da tempo i confini dell\u2019Emilia-Romagna, affermandosi come uno dei prodotti simbolo della <strong>cultura enogastronomica italiana<\/strong>. Presente in oltre 130 Paesi, \u00e8 apprezzato per la sua capacit\u00e0 di rappresentare al tempo stesso la <strong>storia locale<\/strong> e l\u2019<strong>eccellenza del Made in Italy<\/strong>. Ogni bottiglia porta con s\u00e9 non solo un condimento, ma un racconto fatto di territorio, tradizione e passione artigianale.<\/p>\n<p>Utilizzato nelle cucine di tutto il mondo, dalle case degli appassionati ai ristoranti stellati, l\u2019aceto balsamico rimane un punto di incontro tra <strong>memoria e innovazione<\/strong>, in grado di unire ricette antiche a interpretazioni moderne. In questo senso, continua a essere un ambasciatore d\u2019eccezione, <strong>capace di trasmettere l\u2019anima dell\u2019Emilia Romagna<\/strong> e il prestigio della gastronomia italiana a livello internazionale.<\/p>","protected":false},"excerpt":{"rendered":"<p>L\u2019aceto balsamico di Modena rappresenta molto pi\u00f9 di un condimento: \u00e8 un simbolo dell\u2019identit\u00e0 culturale emiliana. Le sue origini, profondamente legate al territorio e al lavoro delle famiglie modenesi, ne fanno un prodotto che incarna valori come pazienza, dedizione e legame con la terra. Ogni goccia racchiude secoli di storia, un patrimonio gastronomico che continua [&hellip;]<\/p>\n","protected":false},"author":2,"featured_media":164118,"comment_status":"closed","ping_status":"open","sticky":false,"template":"","format":"standard","meta":{"footnotes":""},"categories":[3393],"tags":[],"class_list":["post-164117","post","type-post","status-publish","format-standard","has-post-thumbnail","category-eventi-enogastronomici"],"yoast_head":"<!-- This site is optimized with the Yoast SEO plugin v28.4 - https:\/\/yoast.com\/product\/yoast-seo-wordpress\/ -->\n<title>L\u2019aceto balsamico come simbolo di identit\u00e0 culturale emiliana - Bellunopress - Dolomiti<\/title>\n<meta name=\"robots\" content=\"index, follow, max-snippet:-1, max-image-preview:large, max-video-preview:-1\" \/>\n<link rel=\"canonical\" href=\"https:\/\/www.bellunopress.it\/fr\/2025\/10\/16\/laceto-balsamico-come-simbolo-di-identita-culturale-emiliana\/\" \/>\n<meta property=\"og:locale\" content=\"fr_FR\" \/>\n<meta property=\"og:type\" content=\"article\" \/>\n<meta property=\"og:title\" content=\"L\u2019aceto balsamico come simbolo di identit\u00e0 culturale emiliana - Bellunopress - Dolomiti\" \/>\n<meta property=\"og:description\" content=\"L\u2019aceto balsamico di Modena rappresenta molto pi\u00f9 di un condimento: \u00e8 un simbolo dell\u2019identit\u00e0 culturale emiliana. Le sue origini, profondamente legate al territorio e al lavoro delle famiglie modenesi, ne fanno un prodotto che incarna valori come pazienza, dedizione e legame con la terra. Ogni goccia racchiude secoli di storia, un patrimonio gastronomico che continua [&hellip;]\" \/>\n<meta property=\"og:url\" content=\"https:\/\/www.bellunopress.it\/fr\/2025\/10\/16\/laceto-balsamico-come-simbolo-di-identita-culturale-emiliana\/\" \/>\n<meta property=\"og:site_name\" content=\"Bellunopress - Dolomiti\" \/>\n<meta property=\"article:publisher\" content=\"https:\/\/www.facebook.com\/profile.php?id=100008943462799\" \/>\n<meta property=\"article:published_time\" content=\"2025-10-16T05:16:23+00:00\" \/>\n<meta property=\"og:image\" content=\"https:\/\/www.bellunopress.it\/wp-content\/uploads\/2025\/10\/aceto-balsamico-di-Modena_edited.jpg\" \/>\n\t<meta property=\"og:image:width\" content=\"800\" \/>\n\t<meta property=\"og:image:height\" content=\"754\" \/>\n\t<meta property=\"og:image:type\" content=\"image\/jpeg\" \/>\n<meta name=\"author\" content=\"redazione\" \/>\n<meta name=\"twitter:card\" content=\"summary_large_image\" \/>\n<meta name=\"twitter:creator\" content=\"@bellunopress\" \/>\n<meta name=\"twitter:site\" content=\"@bellunopress\" \/>\n<meta name=\"twitter:label1\" content=\"Written by\" \/>\n\t<meta name=\"twitter:data1\" content=\"redazione\" \/>\n\t<meta name=\"twitter:label2\" content=\"Est. reading time\" \/>\n\t<meta name=\"twitter:data2\" content=\"3 minutes\" \/>\n<script type=\"application\/ld+json\" class=\"yoast-schema-graph\">{\"@context\":\"https:\\\/\\\/schema.org\",\"@graph\":[{\"@type\":\"Article\",\"@id\":\"https:\\\/\\\/www.bellunopress.it\\\/2025\\\/10\\\/16\\\/laceto-balsamico-come-simbolo-di-identita-culturale-emiliana\\\/#article\",\"isPartOf\":{\"@id\":\"https:\\\/\\\/www.bellunopress.it\\\/2025\\\/10\\\/16\\\/laceto-balsamico-come-simbolo-di-identita-culturale-emiliana\\\/\"},\"author\":{\"name\":\"redazione\",\"@id\":\"https:\\\/\\\/www.bellunopress.it\\\/#\\\/schema\\\/person\\\/79bb06722b37ece1c03d3e94beb30d73\"},\"headline\":\"L\u2019aceto balsamico come simbolo di identit\u00e0 culturale emiliana\",\"datePublished\":\"2025-10-16T05:16:23+00:00\",\"mainEntityOfPage\":{\"@id\":\"https:\\\/\\\/www.bellunopress.it\\\/2025\\\/10\\\/16\\\/laceto-balsamico-come-simbolo-di-identita-culturale-emiliana\\\/\"},\"wordCount\":547,\"publisher\":{\"@id\":\"https:\\\/\\\/www.bellunopress.it\\\/#organization\"},\"image\":{\"@id\":\"https:\\\/\\\/www.bellunopress.it\\\/2025\\\/10\\\/16\\\/laceto-balsamico-come-simbolo-di-identita-culturale-emiliana\\\/#primaryimage\"},\"thumbnailUrl\":\"https:\\\/\\\/www.bellunopress.it\\\/wp-content\\\/uploads\\\/2025\\\/10\\\/aceto-balsamico-di-Modena_edited.jpg\",\"articleSection\":[\"Eventi enogastronomici\"],\"inLanguage\":\"fr-FR\"},{\"@type\":\"WebPage\",\"@id\":\"https:\\\/\\\/www.bellunopress.it\\\/2025\\\/10\\\/16\\\/laceto-balsamico-come-simbolo-di-identita-culturale-emiliana\\\/\",\"url\":\"https:\\\/\\\/www.bellunopress.it\\\/2025\\\/10\\\/16\\\/laceto-balsamico-come-simbolo-di-identita-culturale-emiliana\\\/\",\"name\":\"L\u2019aceto balsamico come simbolo di identit\u00e0 culturale emiliana - Bellunopress - Dolomiti\",\"isPartOf\":{\"@id\":\"https:\\\/\\\/www.bellunopress.it\\\/#website\"},\"primaryImageOfPage\":{\"@id\":\"https:\\\/\\\/www.bellunopress.it\\\/2025\\\/10\\\/16\\\/laceto-balsamico-come-simbolo-di-identita-culturale-emiliana\\\/#primaryimage\"},\"image\":{\"@id\":\"https:\\\/\\\/www.bellunopress.it\\\/2025\\\/10\\\/16\\\/laceto-balsamico-come-simbolo-di-identita-culturale-emiliana\\\/#primaryimage\"},\"thumbnailUrl\":\"https:\\\/\\\/www.bellunopress.it\\\/wp-content\\\/uploads\\\/2025\\\/10\\\/aceto-balsamico-di-Modena_edited.jpg\",\"datePublished\":\"2025-10-16T05:16:23+00:00\",\"breadcrumb\":{\"@id\":\"https:\\\/\\\/www.bellunopress.it\\\/2025\\\/10\\\/16\\\/laceto-balsamico-come-simbolo-di-identita-culturale-emiliana\\\/#breadcrumb\"},\"inLanguage\":\"fr-FR\",\"potentialAction\":[{\"@type\":\"ReadAction\",\"target\":[\"https:\\\/\\\/www.bellunopress.it\\\/2025\\\/10\\\/16\\\/laceto-balsamico-come-simbolo-di-identita-culturale-emiliana\\\/\"]}]},{\"@type\":\"ImageObject\",\"inLanguage\":\"fr-FR\",\"@id\":\"https:\\\/\\\/www.bellunopress.it\\\/2025\\\/10\\\/16\\\/laceto-balsamico-come-simbolo-di-identita-culturale-emiliana\\\/#primaryimage\",\"url\":\"https:\\\/\\\/www.bellunopress.it\\\/wp-content\\\/uploads\\\/2025\\\/10\\\/aceto-balsamico-di-Modena_edited.jpg\",\"contentUrl\":\"https:\\\/\\\/www.bellunopress.it\\\/wp-content\\\/uploads\\\/2025\\\/10\\\/aceto-balsamico-di-Modena_edited.jpg\",\"width\":800,\"height\":754},{\"@type\":\"BreadcrumbList\",\"@id\":\"https:\\\/\\\/www.bellunopress.it\\\/2025\\\/10\\\/16\\\/laceto-balsamico-come-simbolo-di-identita-culturale-emiliana\\\/#breadcrumb\",\"itemListElement\":[{\"@type\":\"ListItem\",\"position\":1,\"name\":\"Home\",\"item\":\"https:\\\/\\\/www.bellunopress.it\\\/\"},{\"@type\":\"ListItem\",\"position\":2,\"name\":\"L\u2019aceto balsamico come simbolo di identit\u00e0 culturale emiliana\"}]},{\"@type\":\"WebSite\",\"@id\":\"https:\\\/\\\/www.bellunopress.it\\\/#website\",\"url\":\"https:\\\/\\\/www.bellunopress.it\\\/\",\"name\":\"Bellunopress - Dolomiti\",\"description\":\"e-mail: redazione@bellunopress.it\",\"publisher\":{\"@id\":\"https:\\\/\\\/www.bellunopress.it\\\/#organization\"},\"potentialAction\":[{\"@type\":\"SearchAction\",\"target\":{\"@type\":\"EntryPoint\",\"urlTemplate\":\"https:\\\/\\\/www.bellunopress.it\\\/?s={search_term_string}\"},\"query-input\":{\"@type\":\"PropertyValueSpecification\",\"valueRequired\":true,\"valueName\":\"search_term_string\"}}],\"inLanguage\":\"fr-FR\"},{\"@type\":\"Organization\",\"@id\":\"https:\\\/\\\/www.bellunopress.it\\\/#organization\",\"name\":\"Bellunopress\",\"url\":\"https:\\\/\\\/www.bellunopress.it\\\/\",\"logo\":{\"@type\":\"ImageObject\",\"inLanguage\":\"fr-FR\",\"@id\":\"https:\\\/\\\/www.bellunopress.it\\\/#\\\/schema\\\/logo\\\/image\\\/\",\"url\":\"https:\\\/\\\/www.bellunopress.it\\\/wp-content\\\/uploads\\\/2011\\\/05\\\/cropped-logo-bellunopress-.jpg\",\"contentUrl\":\"https:\\\/\\\/www.bellunopress.it\\\/wp-content\\\/uploads\\\/2011\\\/05\\\/cropped-logo-bellunopress-.jpg\",\"width\":512,\"height\":512,\"caption\":\"Bellunopress\"},\"image\":{\"@id\":\"https:\\\/\\\/www.bellunopress.it\\\/#\\\/schema\\\/logo\\\/image\\\/\"},\"sameAs\":[\"https:\\\/\\\/www.facebook.com\\\/profile.php?id=100008943462799\",\"https:\\\/\\\/x.com\\\/bellunopress\",\"https:\\\/\\\/www.linkedin.com\\\/hp\\\/?dnr=JBzUWaJfMUw8vbXJJ2tVW5-I3jZKvC4wsoxE&amp;amp;amp;amp;amp;amp;trk=nav_responsive_tab_home\",\"https:\\\/\\\/www.youtube.com\\\/channel\\\/UCxL0wu1uN0_3_7hGG0306cw\"]},{\"@type\":\"Person\",\"@id\":\"https:\\\/\\\/www.bellunopress.it\\\/#\\\/schema\\\/person\\\/79bb06722b37ece1c03d3e94beb30d73\",\"name\":\"redazione\",\"image\":{\"@type\":\"ImageObject\",\"inLanguage\":\"fr-FR\",\"@id\":\"https:\\\/\\\/secure.gravatar.com\\\/avatar\\\/37d968a2e67a6fd04c169c4bdef102d0bc5d31b2546345219e348575eb80e9a0?s=96&d=mm&r=g\",\"url\":\"https:\\\/\\\/secure.gravatar.com\\\/avatar\\\/37d968a2e67a6fd04c169c4bdef102d0bc5d31b2546345219e348575eb80e9a0?s=96&d=mm&r=g\",\"contentUrl\":\"https:\\\/\\\/secure.gravatar.com\\\/avatar\\\/37d968a2e67a6fd04c169c4bdef102d0bc5d31b2546345219e348575eb80e9a0?s=96&d=mm&r=g\",\"caption\":\"redazione\"},\"sameAs\":[\"http:\\\/\\\/www.bellunopress.it\",\"https:\\\/\\\/x.com\\\/bellunopress\"],\"url\":\"https:\\\/\\\/www.bellunopress.it\\\/fr\\\/author\\\/redazione\\\/\"}]}<\/script>\n<!-- \/ Yoast SEO plugin. -->","yoast_head_json":{"title":"L\u2019aceto balsamico come simbolo di identit\u00e0 culturale emiliana - Bellunopress - Dolomiti","robots":{"index":"index","follow":"follow","max-snippet":"max-snippet:-1","max-image-preview":"max-image-preview:large","max-video-preview":"max-video-preview:-1"},"canonical":"https:\/\/www.bellunopress.it\/fr\/2025\/10\/16\/laceto-balsamico-come-simbolo-di-identita-culturale-emiliana\/","og_locale":"fr_FR","og_type":"article","og_title":"L\u2019aceto balsamico come simbolo di identit\u00e0 culturale emiliana - Bellunopress - Dolomiti","og_description":"L\u2019aceto balsamico di Modena rappresenta molto pi\u00f9 di un condimento: \u00e8 un simbolo dell\u2019identit\u00e0 culturale emiliana. Le sue origini, profondamente legate al territorio e al lavoro delle famiglie modenesi, ne fanno un prodotto che incarna valori come pazienza, dedizione e legame con la terra. Ogni goccia racchiude secoli di storia, un patrimonio gastronomico che continua [&hellip;]","og_url":"https:\/\/www.bellunopress.it\/fr\/2025\/10\/16\/laceto-balsamico-come-simbolo-di-identita-culturale-emiliana\/","og_site_name":"Bellunopress - Dolomiti","article_publisher":"https:\/\/www.facebook.com\/profile.php?id=100008943462799","article_published_time":"2025-10-16T05:16:23+00:00","og_image":[{"width":800,"height":754,"url":"https:\/\/www.bellunopress.it\/wp-content\/uploads\/2025\/10\/aceto-balsamico-di-Modena_edited.jpg","type":"image\/jpeg"}],"author":"redazione","twitter_card":"summary_large_image","twitter_creator":"@bellunopress","twitter_site":"@bellunopress","twitter_misc":{"Written by":"redazione","Est. reading time":"3 minutes"},"schema":{"@context":"https:\/\/schema.org","@graph":[{"@type":"Article","@id":"https:\/\/www.bellunopress.it\/2025\/10\/16\/laceto-balsamico-come-simbolo-di-identita-culturale-emiliana\/#article","isPartOf":{"@id":"https:\/\/www.bellunopress.it\/2025\/10\/16\/laceto-balsamico-come-simbolo-di-identita-culturale-emiliana\/"},"author":{"name":"redazione","@id":"https:\/\/www.bellunopress.it\/#\/schema\/person\/79bb06722b37ece1c03d3e94beb30d73"},"headline":"L\u2019aceto balsamico come simbolo di identit\u00e0 culturale emiliana","datePublished":"2025-10-16T05:16:23+00:00","mainEntityOfPage":{"@id":"https:\/\/www.bellunopress.it\/2025\/10\/16\/laceto-balsamico-come-simbolo-di-identita-culturale-emiliana\/"},"wordCount":547,"publisher":{"@id":"https:\/\/www.bellunopress.it\/#organization"},"image":{"@id":"https:\/\/www.bellunopress.it\/2025\/10\/16\/laceto-balsamico-come-simbolo-di-identita-culturale-emiliana\/#primaryimage"},"thumbnailUrl":"https:\/\/www.bellunopress.it\/wp-content\/uploads\/2025\/10\/aceto-balsamico-di-Modena_edited.jpg","articleSection":["Eventi enogastronomici"],"inLanguage":"fr-FR"},{"@type":"WebPage","@id":"https:\/\/www.bellunopress.it\/2025\/10\/16\/laceto-balsamico-come-simbolo-di-identita-culturale-emiliana\/","url":"https:\/\/www.bellunopress.it\/2025\/10\/16\/laceto-balsamico-come-simbolo-di-identita-culturale-emiliana\/","name":"L\u2019aceto balsamico come simbolo di identit\u00e0 culturale emiliana - Bellunopress - Dolomiti","isPartOf":{"@id":"https:\/\/www.bellunopress.it\/#website"},"primaryImageOfPage":{"@id":"https:\/\/www.bellunopress.it\/2025\/10\/16\/laceto-balsamico-come-simbolo-di-identita-culturale-emiliana\/#primaryimage"},"image":{"@id":"https:\/\/www.bellunopress.it\/2025\/10\/16\/laceto-balsamico-come-simbolo-di-identita-culturale-emiliana\/#primaryimage"},"thumbnailUrl":"https:\/\/www.bellunopress.it\/wp-content\/uploads\/2025\/10\/aceto-balsamico-di-Modena_edited.jpg","datePublished":"2025-10-16T05:16:23+00:00","breadcrumb":{"@id":"https:\/\/www.bellunopress.it\/2025\/10\/16\/laceto-balsamico-come-simbolo-di-identita-culturale-emiliana\/#breadcrumb"},"inLanguage":"fr-FR","potentialAction":[{"@type":"ReadAction","target":["https:\/\/www.bellunopress.it\/2025\/10\/16\/laceto-balsamico-come-simbolo-di-identita-culturale-emiliana\/"]}]},{"@type":"ImageObject","inLanguage":"fr-FR","@id":"https:\/\/www.bellunopress.it\/2025\/10\/16\/laceto-balsamico-come-simbolo-di-identita-culturale-emiliana\/#primaryimage","url":"https:\/\/www.bellunopress.it\/wp-content\/uploads\/2025\/10\/aceto-balsamico-di-Modena_edited.jpg","contentUrl":"https:\/\/www.bellunopress.it\/wp-content\/uploads\/2025\/10\/aceto-balsamico-di-Modena_edited.jpg","width":800,"height":754},{"@type":"BreadcrumbList","@id":"https:\/\/www.bellunopress.it\/2025\/10\/16\/laceto-balsamico-come-simbolo-di-identita-culturale-emiliana\/#breadcrumb","itemListElement":[{"@type":"ListItem","position":1,"name":"Home","item":"https:\/\/www.bellunopress.it\/"},{"@type":"ListItem","position":2,"name":"L\u2019aceto balsamico come simbolo di identit\u00e0 culturale emiliana"}]},{"@type":"WebSite","@id":"https:\/\/www.bellunopress.it\/#website","url":"https:\/\/www.bellunopress.it\/","name":"Bellunopress - Dolomiti","description":"e-mail: redazione@bellunopress.it","publisher":{"@id":"https:\/\/www.bellunopress.it\/#organization"},"potentialAction":[{"@type":"SearchAction","target":{"@type":"EntryPoint","urlTemplate":"https:\/\/www.bellunopress.it\/?s={search_term_string}"},"query-input":{"@type":"PropertyValueSpecification","valueRequired":true,"valueName":"search_term_string"}}],"inLanguage":"fr-FR"},{"@type":"Organization","@id":"https:\/\/www.bellunopress.it\/#organization","name":"Bellunopress","url":"https:\/\/www.bellunopress.it\/","logo":{"@type":"ImageObject","inLanguage":"fr-FR","@id":"https:\/\/www.bellunopress.it\/#\/schema\/logo\/image\/","url":"https:\/\/www.bellunopress.it\/wp-content\/uploads\/2011\/05\/cropped-logo-bellunopress-.jpg","contentUrl":"https:\/\/www.bellunopress.it\/wp-content\/uploads\/2011\/05\/cropped-logo-bellunopress-.jpg","width":512,"height":512,"caption":"Bellunopress"},"image":{"@id":"https:\/\/www.bellunopress.it\/#\/schema\/logo\/image\/"},"sameAs":["https:\/\/www.facebook.com\/profile.php?id=100008943462799","https:\/\/x.com\/bellunopress","https:\/\/www.linkedin.com\/hp\/?dnr=JBzUWaJfMUw8vbXJJ2tVW5-I3jZKvC4wsoxE&amp;amp;amp;amp;amp;amp;trk=nav_responsive_tab_home","https:\/\/www.youtube.com\/channel\/UCxL0wu1uN0_3_7hGG0306cw"]},{"@type":"Person","@id":"https:\/\/www.bellunopress.it\/#\/schema\/person\/79bb06722b37ece1c03d3e94beb30d73","name":"r\u00e9daction","image":{"@type":"ImageObject","inLanguage":"fr-FR","@id":"https:\/\/secure.gravatar.com\/avatar\/37d968a2e67a6fd04c169c4bdef102d0bc5d31b2546345219e348575eb80e9a0?s=96&d=mm&r=g","url":"https:\/\/secure.gravatar.com\/avatar\/37d968a2e67a6fd04c169c4bdef102d0bc5d31b2546345219e348575eb80e9a0?s=96&d=mm&r=g","contentUrl":"https:\/\/secure.gravatar.com\/avatar\/37d968a2e67a6fd04c169c4bdef102d0bc5d31b2546345219e348575eb80e9a0?s=96&d=mm&r=g","caption":"redazione"},"sameAs":["http:\/\/www.bellunopress.it","https:\/\/x.com\/bellunopress"],"url":"https:\/\/www.bellunopress.it\/fr\/author\/redazione\/"}]}},"_links":{"self":[{"href":"https:\/\/www.bellunopress.it\/fr\/wp-json\/wp\/v2\/posts\/164117","targetHints":{"allow":["GET"]}}],"collection":[{"href":"https:\/\/www.bellunopress.it\/fr\/wp-json\/wp\/v2\/posts"}],"about":[{"href":"https:\/\/www.bellunopress.it\/fr\/wp-json\/wp\/v2\/types\/post"}],"author":[{"embeddable":true,"href":"https:\/\/www.bellunopress.it\/fr\/wp-json\/wp\/v2\/users\/2"}],"replies":[{"embeddable":true,"href":"https:\/\/www.bellunopress.it\/fr\/wp-json\/wp\/v2\/comments?post=164117"}],"version-history":[{"count":1,"href":"https:\/\/www.bellunopress.it\/fr\/wp-json\/wp\/v2\/posts\/164117\/revisions"}],"predecessor-version":[{"id":164119,"href":"https:\/\/www.bellunopress.it\/fr\/wp-json\/wp\/v2\/posts\/164117\/revisions\/164119"}],"wp:featuredmedia":[{"embeddable":true,"href":"https:\/\/www.bellunopress.it\/fr\/wp-json\/wp\/v2\/media\/164118"}],"wp:attachment":[{"href":"https:\/\/www.bellunopress.it\/fr\/wp-json\/wp\/v2\/media?parent=164117"}],"wp:term":[{"taxonomy":"category","embeddable":true,"href":"https:\/\/www.bellunopress.it\/fr\/wp-json\/wp\/v2\/categories?post=164117"},{"taxonomy":"post_tag","embeddable":true,"href":"https:\/\/www.bellunopress.it\/fr\/wp-json\/wp\/v2\/tags?post=164117"}],"curies":[{"name":"wp","href":"https:\/\/api.w.org\/{rel}","templated":true}]}}