{"id":164103,"date":"2025-10-14T15:12:19","date_gmt":"2025-10-14T13:12:19","guid":{"rendered":"https:\/\/www.bellunopress.it\/?p=164103"},"modified":"2025-10-14T15:12:19","modified_gmt":"2025-10-14T13:12:19","slug":"caos-allistituto-follador-de-rossi-i-sindacati-denunciano-la-paralisi-gestionale-della-dirigenza","status":"publish","type":"post","link":"https:\/\/www.bellunopress.it\/fr\/2025\/10\/14\/caos-allistituto-follador-de-rossi-i-sindacati-denunciano-la-paralisi-gestionale-della-dirigenza\/","title":{"rendered":"Caos all&#8217;Istituto &#8220;Follador-De Rossi&#8221;: i sindacati denunciano la paralisi gestionale della Dirigenza"},"content":{"rendered":"<figure id=\"attachment_164104\" aria-describedby=\"caption-attachment-164104\" style=\"width: 800px\" class=\"wp-caption aligncenter\"><img loading=\"lazy\" decoding=\"async\" class=\"size-full wp-image-164104\" src=\"https:\/\/www.bellunopress.it\/wp-content\/uploads\/2025\/10\/Istituto-Follador-Agordo_edited.jpg\" alt=\"\" width=\"800\" height=\"623\" srcset=\"https:\/\/www.bellunopress.it\/wp-content\/uploads\/2025\/10\/Istituto-Follador-Agordo_edited.jpg 800w, https:\/\/www.bellunopress.it\/wp-content\/uploads\/2025\/10\/Istituto-Follador-Agordo_edited-500x389.jpg 500w, https:\/\/www.bellunopress.it\/wp-content\/uploads\/2025\/10\/Istituto-Follador-Agordo_edited-539x420.jpg 539w, https:\/\/www.bellunopress.it\/wp-content\/uploads\/2025\/10\/Istituto-Follador-Agordo_edited-696x542.jpg 696w\" sizes=\"auto, (max-width: 800px) 100vw, 800px\" \/><figcaption id=\"caption-attachment-164104\" class=\"wp-caption-text\">Istituto Superiore &#8220;FolladorDe Rossi&#8221;<\/figcaption><\/figure>\n<p><strong>Mancata programmazione, violazioni contrattuali e un muro contro il dialogo<\/strong><br \/>\n<strong>mettono a rischio l&#8217;anno scolastico. Pesanti ricadute su personale, studenti e famiglie<\/strong><\/p>\n<p>Agordo (BL), 14 ottobre 2025 \u2013 Le Organizzazioni Sindacali denunciano una situazione di<br \/>\ngrave criticit\u00e0 gestionale, organizzativa e relazionale presso l&#8217;Istituto Superiore &#8220;FolladorDe Rossi&#8221;, attribuita a una serie di irregolarit\u00e0 da parte della Dirigenza scolastica. A pi\u00f9 di<br \/>\nun mese dall&#8217;inizio delle lezioni, regnano ancora incertezza e disorganizzazione, con un<br \/>\nimpatto negativo sulla vita lavorativa del personale e sulla stabilit\u00e0 didattica per gli<br \/>\nstudenti e le loro famiglie.<\/p>\n<p>Il problema pi\u00f9 eclatante riguarda la gestione dell&#8217;orario scolastico. Si sono verificati e si<br \/>\nstanno verificando tuttora, continui cambiamenti dell\u2019orario scolastico, spesso comunicati<br \/>\ncon scarso o nullo preavviso.<br \/>\nTali modifiche hanno comportato, e stanno comportando, notevoli disagi organizzativi per<br \/>\nle famiglie, il personale scolastico e gli studenti, rendendo difficile la regolare<br \/>\npianificazione delle attivit\u00e0 didattiche e personali.<br \/>\nLe criticit\u00e0 si estendono a numerose violazioni delle norme. Si va dalle cattedre assegnate<br \/>\nsolo la mattina dell&#8217;8 settembre, lo stesso giorno di riunioni cruciali, al Piano Annuale<br \/>\ndelle Attivit\u00e0 non ancora deliberato. Il Collegio dei Docenti viene convocato senza un<br \/>\nordine del giorno, i verbali di sedute precedenti non sono mai stati condivisi e si assiste<br \/>\nall&#8217;aggiunta di punti da deliberare in corso di seduta, pratica in palese contrasto con le<br \/>\nnorme contrattuali. In diverse comunicazioni ufficiali, inoltre, la Dirigenza adduce a<br \/>\nnorme non corrette e fa riferimento a Contratti Collettivi Nazionali inesistenti,<br \/>\ndimostrando una preoccupante approssimazione amministrativa.<\/p>\n<p>A questo si aggiungono decisioni unilaterali, come l&#8217;introduzione di lezioni da 60 minuti<br \/>\nsenza la necessaria delibera del Consiglio di Istituto, ignorando le esigenze di trasporto<br \/>\ndegli studenti per cui molti istituti della provincia adottano unit\u00e0 da 50 minuti. La<br \/>\nsituazione \u00e8 ulteriormente aggravata da una grave carenza di personale presso il<br \/>\nconvitto di Falcade, dove mancano quattro educatori che, nei turni notturni, vengono<br \/>\nsostituiti dai collaboratori scolastici, anch\u2019essi peraltro diminuiti di 4 unit\u00e0 rispetto allo<br \/>\nscorso anno scolastico.<\/p>\n<p>Le Organizzazioni Sindacali denunciano infine la totale indisponibilit\u00e0 al dialogo da parte<br \/>\ndella Dirigenza. Durante l&#8217;incontro del 29 settembre, di fronte a legittime richieste di<br \/>\nfornire i dati dell\u2019informativa sindacale, la Dirigente ha abbandonato il tavolo,<br \/>\ninterrompendo di fatto il confronto sindacale. Questo atteggiamento di chiusura non \u00e8<br \/>\nnuovo: gi\u00e0 lo scorso anno scolastico la contrattazione d&#8217;istituto, pur avviata<br \/>\ncorrettamente, \u00e8 stata trascinata per mesi senza che venisse rivista la parte normativa<br \/>\ndel contratto, fino alla firma di un atto unilaterale a luglio che ha completamente<br \/>\nignorato le volont\u00e0 espresse dalla RSU e dalle OO.SS, con determina dirigenziale per la<br \/>\nparte economica e nessuna revisione della parte normativa, risalente al 2022.<br \/>\nLe scriventi Organizzazioni Sindacali esprimono profonda preoccupazione per la situazione<br \/>\ndi paralisi gestionale che sta interessando l\u2019Istituto, nonch\u00e9 per le gravi difficolt\u00e0 di<br \/>\ncomunicazione con la Dirigente scolastica.<\/p>\n<p>Tale situazione sta compromettendo il regolare svolgimento delle attivit\u00e0 scolastiche e<br \/>\ngenerando un clima di tensione e sfiducia diffuso tra il personale.<br \/>\nSi segnala, inoltre, che il benessere lavorativo dei dipendenti risulta fortemente<br \/>\ncompromesso a causa dell\u2019atteggiamento della Dirigente, determinando un crescente<br \/>\nmalessere diffuso che non pu\u00f2 pi\u00f9 essere ignorato.<\/p>\n<p>Si ritiene pertanto indispensabile un intervento immediato da parte delle autorit\u00e0<br \/>\ncompetenti al fine di ripristinare il dialogo, la legalit\u00e0, la trasparenza e un clima di<br \/>\nserenit\u00e0, elementi imprescindibili per garantire il diritto allo studio degli studenti e la<br \/>\ndignit\u00e0 del lavoro di tutto il personale scolastico.<\/p>\n<p><strong>Per le Organizzazioni Sindacali<\/strong><br \/>\n<strong>FLC CGIL, CISL FSUR, SNALS CONFSAL<\/strong><br \/>\n<strong>Aessia Cerentin,\u00a0 Mariagiovanna Gaetano, Danila Tirabeni<\/strong><\/p>","protected":false},"excerpt":{"rendered":"<p>Mancata programmazione, violazioni contrattuali e un muro contro il dialogo mettono a rischio l&#8217;anno scolastico. Pesanti ricadute su personale, studenti e famiglie Agordo (BL), 14 ottobre 2025 \u2013 Le Organizzazioni Sindacali denunciano una situazione di grave criticit\u00e0 gestionale, organizzativa e relazionale presso l&#8217;Istituto Superiore &#8220;FolladorDe Rossi&#8221;, attribuita a una serie di irregolarit\u00e0 da parte della [&hellip;]<\/p>\n","protected":false},"author":2,"featured_media":164104,"comment_status":"closed","ping_status":"open","sticky":false,"template":"","format":"standard","meta":{"footnotes":""},"categories":[26,15],"tags":[],"class_list":["post-164103","post","type-post","status-publish","format-standard","has-post-thumbnail","category-prima-pagina","category-scuola"],"yoast_head":"<!-- This site is optimized with the Yoast SEO plugin v28.4 - https:\/\/yoast.com\/product\/yoast-seo-wordpress\/ -->\n<title>Caos all&#039;Istituto &quot;Follador-De Rossi&quot;: i sindacati denunciano la paralisi gestionale della Dirigenza - Bellunopress - Dolomiti<\/title>\n<meta name=\"robots\" content=\"index, follow, max-snippet:-1, max-image-preview:large, max-video-preview:-1\" \/>\n<link rel=\"canonical\" href=\"https:\/\/www.bellunopress.it\/fr\/2025\/10\/14\/caos-allistituto-follador-de-rossi-i-sindacati-denunciano-la-paralisi-gestionale-della-dirigenza\/\" \/>\n<meta property=\"og:locale\" content=\"fr_FR\" \/>\n<meta property=\"og:type\" content=\"article\" \/>\n<meta property=\"og:title\" content=\"Caos all&#039;Istituto &quot;Follador-De Rossi&quot;: i sindacati denunciano la paralisi gestionale della Dirigenza - Bellunopress - Dolomiti\" \/>\n<meta property=\"og:description\" content=\"Mancata programmazione, violazioni contrattuali e un muro contro il dialogo mettono a rischio l&#8217;anno scolastico. Pesanti ricadute su personale, studenti e famiglie Agordo (BL), 14 ottobre 2025 \u2013 Le Organizzazioni Sindacali denunciano una situazione di grave criticit\u00e0 gestionale, organizzativa e relazionale presso l&#8217;Istituto Superiore &#8220;FolladorDe Rossi&#8221;, attribuita a una serie di irregolarit\u00e0 da parte della [&hellip;]\" \/>\n<meta property=\"og:url\" content=\"https:\/\/www.bellunopress.it\/fr\/2025\/10\/14\/caos-allistituto-follador-de-rossi-i-sindacati-denunciano-la-paralisi-gestionale-della-dirigenza\/\" \/>\n<meta property=\"og:site_name\" content=\"Bellunopress - Dolomiti\" \/>\n<meta property=\"article:publisher\" content=\"https:\/\/www.facebook.com\/profile.php?id=100008943462799\" \/>\n<meta property=\"article:published_time\" content=\"2025-10-14T13:12:19+00:00\" \/>\n<meta property=\"og:image\" content=\"https:\/\/www.bellunopress.it\/wp-content\/uploads\/2025\/10\/Istituto-Follador-Agordo_edited.jpg\" \/>\n\t<meta property=\"og:image:width\" content=\"800\" \/>\n\t<meta property=\"og:image:height\" content=\"623\" \/>\n\t<meta property=\"og:image:type\" content=\"image\/jpeg\" \/>\n<meta name=\"author\" content=\"redazione\" \/>\n<meta name=\"twitter:card\" content=\"summary_large_image\" \/>\n<meta name=\"twitter:creator\" content=\"@bellunopress\" \/>\n<meta name=\"twitter:site\" content=\"@bellunopress\" \/>\n<meta name=\"twitter:label1\" content=\"\u00c9crit par\" \/>\n\t<meta name=\"twitter:data1\" content=\"redazione\" \/>\n\t<meta name=\"twitter:label2\" content=\"Dur\u00e9e de lecture estim\u00e9e\" \/>\n\t<meta name=\"twitter:data2\" content=\"3 minutes\" \/>\n<script type=\"application\/ld+json\" class=\"yoast-schema-graph\">{\"@context\":\"https:\\\/\\\/schema.org\",\"@graph\":[{\"@type\":\"Article\",\"@id\":\"https:\\\/\\\/www.bellunopress.it\\\/2025\\\/10\\\/14\\\/caos-allistituto-follador-de-rossi-i-sindacati-denunciano-la-paralisi-gestionale-della-dirigenza\\\/#article\",\"isPartOf\":{\"@id\":\"https:\\\/\\\/www.bellunopress.it\\\/2025\\\/10\\\/14\\\/caos-allistituto-follador-de-rossi-i-sindacati-denunciano-la-paralisi-gestionale-della-dirigenza\\\/\"},\"author\":{\"name\":\"redazione\",\"@id\":\"https:\\\/\\\/www.bellunopress.it\\\/#\\\/schema\\\/person\\\/79bb06722b37ece1c03d3e94beb30d73\"},\"headline\":\"Caos all&#8217;Istituto &#8220;Follador-De Rossi&#8221;: i sindacati denunciano la paralisi gestionale della Dirigenza\",\"datePublished\":\"2025-10-14T13:12:19+00:00\",\"mainEntityOfPage\":{\"@id\":\"https:\\\/\\\/www.bellunopress.it\\\/2025\\\/10\\\/14\\\/caos-allistituto-follador-de-rossi-i-sindacati-denunciano-la-paralisi-gestionale-della-dirigenza\\\/\"},\"wordCount\":604,\"publisher\":{\"@id\":\"https:\\\/\\\/www.bellunopress.it\\\/#organization\"},\"image\":{\"@id\":\"https:\\\/\\\/www.bellunopress.it\\\/2025\\\/10\\\/14\\\/caos-allistituto-follador-de-rossi-i-sindacati-denunciano-la-paralisi-gestionale-della-dirigenza\\\/#primaryimage\"},\"thumbnailUrl\":\"https:\\\/\\\/www.bellunopress.it\\\/wp-content\\\/uploads\\\/2025\\\/10\\\/Istituto-Follador-Agordo_edited.jpg\",\"articleSection\":[\"Prima Pagina\",\"Scuola\"],\"inLanguage\":\"fr-FR\"},{\"@type\":\"WebPage\",\"@id\":\"https:\\\/\\\/www.bellunopress.it\\\/2025\\\/10\\\/14\\\/caos-allistituto-follador-de-rossi-i-sindacati-denunciano-la-paralisi-gestionale-della-dirigenza\\\/\",\"url\":\"https:\\\/\\\/www.bellunopress.it\\\/2025\\\/10\\\/14\\\/caos-allistituto-follador-de-rossi-i-sindacati-denunciano-la-paralisi-gestionale-della-dirigenza\\\/\",\"name\":\"Caos all'Istituto \\\"Follador-De Rossi\\\": i sindacati denunciano la paralisi gestionale della Dirigenza - Bellunopress - Dolomiti\",\"isPartOf\":{\"@id\":\"https:\\\/\\\/www.bellunopress.it\\\/#website\"},\"primaryImageOfPage\":{\"@id\":\"https:\\\/\\\/www.bellunopress.it\\\/2025\\\/10\\\/14\\\/caos-allistituto-follador-de-rossi-i-sindacati-denunciano-la-paralisi-gestionale-della-dirigenza\\\/#primaryimage\"},\"image\":{\"@id\":\"https:\\\/\\\/www.bellunopress.it\\\/2025\\\/10\\\/14\\\/caos-allistituto-follador-de-rossi-i-sindacati-denunciano-la-paralisi-gestionale-della-dirigenza\\\/#primaryimage\"},\"thumbnailUrl\":\"https:\\\/\\\/www.bellunopress.it\\\/wp-content\\\/uploads\\\/2025\\\/10\\\/Istituto-Follador-Agordo_edited.jpg\",\"datePublished\":\"2025-10-14T13:12:19+00:00\",\"breadcrumb\":{\"@id\":\"https:\\\/\\\/www.bellunopress.it\\\/2025\\\/10\\\/14\\\/caos-allistituto-follador-de-rossi-i-sindacati-denunciano-la-paralisi-gestionale-della-dirigenza\\\/#breadcrumb\"},\"inLanguage\":\"fr-FR\",\"potentialAction\":[{\"@type\":\"ReadAction\",\"target\":[\"https:\\\/\\\/www.bellunopress.it\\\/2025\\\/10\\\/14\\\/caos-allistituto-follador-de-rossi-i-sindacati-denunciano-la-paralisi-gestionale-della-dirigenza\\\/\"]}]},{\"@type\":\"ImageObject\",\"inLanguage\":\"fr-FR\",\"@id\":\"https:\\\/\\\/www.bellunopress.it\\\/2025\\\/10\\\/14\\\/caos-allistituto-follador-de-rossi-i-sindacati-denunciano-la-paralisi-gestionale-della-dirigenza\\\/#primaryimage\",\"url\":\"https:\\\/\\\/www.bellunopress.it\\\/wp-content\\\/uploads\\\/2025\\\/10\\\/Istituto-Follador-Agordo_edited.jpg\",\"contentUrl\":\"https:\\\/\\\/www.bellunopress.it\\\/wp-content\\\/uploads\\\/2025\\\/10\\\/Istituto-Follador-Agordo_edited.jpg\",\"width\":800,\"height\":623,\"caption\":\"Istituto Superiore \\\"FolladorDe Rossi\\\"\"},{\"@type\":\"BreadcrumbList\",\"@id\":\"https:\\\/\\\/www.bellunopress.it\\\/2025\\\/10\\\/14\\\/caos-allistituto-follador-de-rossi-i-sindacati-denunciano-la-paralisi-gestionale-della-dirigenza\\\/#breadcrumb\",\"itemListElement\":[{\"@type\":\"ListItem\",\"position\":1,\"name\":\"Home\",\"item\":\"https:\\\/\\\/www.bellunopress.it\\\/\"},{\"@type\":\"ListItem\",\"position\":2,\"name\":\"Caos all&#8217;Istituto &#8220;Follador-De Rossi&#8221;: i sindacati denunciano la paralisi gestionale della Dirigenza\"}]},{\"@type\":\"WebSite\",\"@id\":\"https:\\\/\\\/www.bellunopress.it\\\/#website\",\"url\":\"https:\\\/\\\/www.bellunopress.it\\\/\",\"name\":\"Bellunopress - Dolomiti\",\"description\":\"e-mail: redazione@bellunopress.it\",\"publisher\":{\"@id\":\"https:\\\/\\\/www.bellunopress.it\\\/#organization\"},\"potentialAction\":[{\"@type\":\"SearchAction\",\"target\":{\"@type\":\"EntryPoint\",\"urlTemplate\":\"https:\\\/\\\/www.bellunopress.it\\\/?s={search_term_string}\"},\"query-input\":{\"@type\":\"PropertyValueSpecification\",\"valueRequired\":true,\"valueName\":\"search_term_string\"}}],\"inLanguage\":\"fr-FR\"},{\"@type\":\"Organization\",\"@id\":\"https:\\\/\\\/www.bellunopress.it\\\/#organization\",\"name\":\"Bellunopress\",\"url\":\"https:\\\/\\\/www.bellunopress.it\\\/\",\"logo\":{\"@type\":\"ImageObject\",\"inLanguage\":\"fr-FR\",\"@id\":\"https:\\\/\\\/www.bellunopress.it\\\/#\\\/schema\\\/logo\\\/image\\\/\",\"url\":\"https:\\\/\\\/www.bellunopress.it\\\/wp-content\\\/uploads\\\/2011\\\/05\\\/cropped-logo-bellunopress-.jpg\",\"contentUrl\":\"https:\\\/\\\/www.bellunopress.it\\\/wp-content\\\/uploads\\\/2011\\\/05\\\/cropped-logo-bellunopress-.jpg\",\"width\":512,\"height\":512,\"caption\":\"Bellunopress\"},\"image\":{\"@id\":\"https:\\\/\\\/www.bellunopress.it\\\/#\\\/schema\\\/logo\\\/image\\\/\"},\"sameAs\":[\"https:\\\/\\\/www.facebook.com\\\/profile.php?id=100008943462799\",\"https:\\\/\\\/x.com\\\/bellunopress\",\"https:\\\/\\\/www.linkedin.com\\\/hp\\\/?dnr=JBzUWaJfMUw8vbXJJ2tVW5-I3jZKvC4wsoxE&amp;amp;amp;amp;amp;amp;trk=nav_responsive_tab_home\",\"https:\\\/\\\/www.youtube.com\\\/channel\\\/UCxL0wu1uN0_3_7hGG0306cw\"]},{\"@type\":\"Person\",\"@id\":\"https:\\\/\\\/www.bellunopress.it\\\/#\\\/schema\\\/person\\\/79bb06722b37ece1c03d3e94beb30d73\",\"name\":\"redazione\",\"image\":{\"@type\":\"ImageObject\",\"inLanguage\":\"fr-FR\",\"@id\":\"https:\\\/\\\/secure.gravatar.com\\\/avatar\\\/37d968a2e67a6fd04c169c4bdef102d0bc5d31b2546345219e348575eb80e9a0?s=96&d=mm&r=g\",\"url\":\"https:\\\/\\\/secure.gravatar.com\\\/avatar\\\/37d968a2e67a6fd04c169c4bdef102d0bc5d31b2546345219e348575eb80e9a0?s=96&d=mm&r=g\",\"contentUrl\":\"https:\\\/\\\/secure.gravatar.com\\\/avatar\\\/37d968a2e67a6fd04c169c4bdef102d0bc5d31b2546345219e348575eb80e9a0?s=96&d=mm&r=g\",\"caption\":\"redazione\"},\"sameAs\":[\"http:\\\/\\\/www.bellunopress.it\",\"https:\\\/\\\/x.com\\\/bellunopress\"],\"url\":\"https:\\\/\\\/www.bellunopress.it\\\/fr\\\/author\\\/redazione\\\/\"}]}<\/script>\n<!-- \/ Yoast SEO plugin. -->","yoast_head_json":{"title":"Caos all'Istituto \"Follador-De Rossi\": i sindacati denunciano la paralisi gestionale della Dirigenza - Bellunopress - Dolomiti","robots":{"index":"index","follow":"follow","max-snippet":"max-snippet:-1","max-image-preview":"max-image-preview:large","max-video-preview":"max-video-preview:-1"},"canonical":"https:\/\/www.bellunopress.it\/fr\/2025\/10\/14\/caos-allistituto-follador-de-rossi-i-sindacati-denunciano-la-paralisi-gestionale-della-dirigenza\/","og_locale":"fr_FR","og_type":"article","og_title":"Caos all'Istituto \"Follador-De Rossi\": i sindacati denunciano la paralisi gestionale della Dirigenza - Bellunopress - Dolomiti","og_description":"Mancata programmazione, violazioni contrattuali e un muro contro il dialogo mettono a rischio l&#8217;anno scolastico. Pesanti ricadute su personale, studenti e famiglie Agordo (BL), 14 ottobre 2025 \u2013 Le Organizzazioni Sindacali denunciano una situazione di grave criticit\u00e0 gestionale, organizzativa e relazionale presso l&#8217;Istituto Superiore &#8220;FolladorDe Rossi&#8221;, attribuita a una serie di irregolarit\u00e0 da parte della [&hellip;]","og_url":"https:\/\/www.bellunopress.it\/fr\/2025\/10\/14\/caos-allistituto-follador-de-rossi-i-sindacati-denunciano-la-paralisi-gestionale-della-dirigenza\/","og_site_name":"Bellunopress - Dolomiti","article_publisher":"https:\/\/www.facebook.com\/profile.php?id=100008943462799","article_published_time":"2025-10-14T13:12:19+00:00","og_image":[{"width":800,"height":623,"url":"https:\/\/www.bellunopress.it\/wp-content\/uploads\/2025\/10\/Istituto-Follador-Agordo_edited.jpg","type":"image\/jpeg"}],"author":"redazione","twitter_card":"summary_large_image","twitter_creator":"@bellunopress","twitter_site":"@bellunopress","twitter_misc":{"\u00c9crit par":"redazione","Dur\u00e9e de lecture estim\u00e9e":"3 minutes"},"schema":{"@context":"https:\/\/schema.org","@graph":[{"@type":"Article","@id":"https:\/\/www.bellunopress.it\/2025\/10\/14\/caos-allistituto-follador-de-rossi-i-sindacati-denunciano-la-paralisi-gestionale-della-dirigenza\/#article","isPartOf":{"@id":"https:\/\/www.bellunopress.it\/2025\/10\/14\/caos-allistituto-follador-de-rossi-i-sindacati-denunciano-la-paralisi-gestionale-della-dirigenza\/"},"author":{"name":"redazione","@id":"https:\/\/www.bellunopress.it\/#\/schema\/person\/79bb06722b37ece1c03d3e94beb30d73"},"headline":"Caos all&#8217;Istituto &#8220;Follador-De Rossi&#8221;: i sindacati denunciano la paralisi gestionale della Dirigenza","datePublished":"2025-10-14T13:12:19+00:00","mainEntityOfPage":{"@id":"https:\/\/www.bellunopress.it\/2025\/10\/14\/caos-allistituto-follador-de-rossi-i-sindacati-denunciano-la-paralisi-gestionale-della-dirigenza\/"},"wordCount":604,"publisher":{"@id":"https:\/\/www.bellunopress.it\/#organization"},"image":{"@id":"https:\/\/www.bellunopress.it\/2025\/10\/14\/caos-allistituto-follador-de-rossi-i-sindacati-denunciano-la-paralisi-gestionale-della-dirigenza\/#primaryimage"},"thumbnailUrl":"https:\/\/www.bellunopress.it\/wp-content\/uploads\/2025\/10\/Istituto-Follador-Agordo_edited.jpg","articleSection":["Prima Pagina","Scuola"],"inLanguage":"fr-FR"},{"@type":"WebPage","@id":"https:\/\/www.bellunopress.it\/2025\/10\/14\/caos-allistituto-follador-de-rossi-i-sindacati-denunciano-la-paralisi-gestionale-della-dirigenza\/","url":"https:\/\/www.bellunopress.it\/2025\/10\/14\/caos-allistituto-follador-de-rossi-i-sindacati-denunciano-la-paralisi-gestionale-della-dirigenza\/","name":"Caos all'Istituto \"Follador-De Rossi\": i sindacati denunciano la paralisi gestionale della Dirigenza - Bellunopress - Dolomiti","isPartOf":{"@id":"https:\/\/www.bellunopress.it\/#website"},"primaryImageOfPage":{"@id":"https:\/\/www.bellunopress.it\/2025\/10\/14\/caos-allistituto-follador-de-rossi-i-sindacati-denunciano-la-paralisi-gestionale-della-dirigenza\/#primaryimage"},"image":{"@id":"https:\/\/www.bellunopress.it\/2025\/10\/14\/caos-allistituto-follador-de-rossi-i-sindacati-denunciano-la-paralisi-gestionale-della-dirigenza\/#primaryimage"},"thumbnailUrl":"https:\/\/www.bellunopress.it\/wp-content\/uploads\/2025\/10\/Istituto-Follador-Agordo_edited.jpg","datePublished":"2025-10-14T13:12:19+00:00","breadcrumb":{"@id":"https:\/\/www.bellunopress.it\/2025\/10\/14\/caos-allistituto-follador-de-rossi-i-sindacati-denunciano-la-paralisi-gestionale-della-dirigenza\/#breadcrumb"},"inLanguage":"fr-FR","potentialAction":[{"@type":"ReadAction","target":["https:\/\/www.bellunopress.it\/2025\/10\/14\/caos-allistituto-follador-de-rossi-i-sindacati-denunciano-la-paralisi-gestionale-della-dirigenza\/"]}]},{"@type":"ImageObject","inLanguage":"fr-FR","@id":"https:\/\/www.bellunopress.it\/2025\/10\/14\/caos-allistituto-follador-de-rossi-i-sindacati-denunciano-la-paralisi-gestionale-della-dirigenza\/#primaryimage","url":"https:\/\/www.bellunopress.it\/wp-content\/uploads\/2025\/10\/Istituto-Follador-Agordo_edited.jpg","contentUrl":"https:\/\/www.bellunopress.it\/wp-content\/uploads\/2025\/10\/Istituto-Follador-Agordo_edited.jpg","width":800,"height":623,"caption":"Istituto Superiore \"FolladorDe Rossi\""},{"@type":"BreadcrumbList","@id":"https:\/\/www.bellunopress.it\/2025\/10\/14\/caos-allistituto-follador-de-rossi-i-sindacati-denunciano-la-paralisi-gestionale-della-dirigenza\/#breadcrumb","itemListElement":[{"@type":"ListItem","position":1,"name":"Home","item":"https:\/\/www.bellunopress.it\/"},{"@type":"ListItem","position":2,"name":"Caos all&#8217;Istituto &#8220;Follador-De Rossi&#8221;: i sindacati denunciano la paralisi gestionale della Dirigenza"}]},{"@type":"WebSite","@id":"https:\/\/www.bellunopress.it\/#website","url":"https:\/\/www.bellunopress.it\/","name":"Bellunopress - Dolomiti","description":"e-mail: redazione@bellunopress.it","publisher":{"@id":"https:\/\/www.bellunopress.it\/#organization"},"potentialAction":[{"@type":"SearchAction","target":{"@type":"EntryPoint","urlTemplate":"https:\/\/www.bellunopress.it\/?s={search_term_string}"},"query-input":{"@type":"PropertyValueSpecification","valueRequired":true,"valueName":"search_term_string"}}],"inLanguage":"fr-FR"},{"@type":"Organization","@id":"https:\/\/www.bellunopress.it\/#organization","name":"Bellunopress","url":"https:\/\/www.bellunopress.it\/","logo":{"@type":"ImageObject","inLanguage":"fr-FR","@id":"https:\/\/www.bellunopress.it\/#\/schema\/logo\/image\/","url":"https:\/\/www.bellunopress.it\/wp-content\/uploads\/2011\/05\/cropped-logo-bellunopress-.jpg","contentUrl":"https:\/\/www.bellunopress.it\/wp-content\/uploads\/2011\/05\/cropped-logo-bellunopress-.jpg","width":512,"height":512,"caption":"Bellunopress"},"image":{"@id":"https:\/\/www.bellunopress.it\/#\/schema\/logo\/image\/"},"sameAs":["https:\/\/www.facebook.com\/profile.php?id=100008943462799","https:\/\/x.com\/bellunopress","https:\/\/www.linkedin.com\/hp\/?dnr=JBzUWaJfMUw8vbXJJ2tVW5-I3jZKvC4wsoxE&amp;amp;amp;amp;amp;amp;trk=nav_responsive_tab_home","https:\/\/www.youtube.com\/channel\/UCxL0wu1uN0_3_7hGG0306cw"]},{"@type":"Person","@id":"https:\/\/www.bellunopress.it\/#\/schema\/person\/79bb06722b37ece1c03d3e94beb30d73","name":"r\u00e9daction","image":{"@type":"ImageObject","inLanguage":"fr-FR","@id":"https:\/\/secure.gravatar.com\/avatar\/37d968a2e67a6fd04c169c4bdef102d0bc5d31b2546345219e348575eb80e9a0?s=96&d=mm&r=g","url":"https:\/\/secure.gravatar.com\/avatar\/37d968a2e67a6fd04c169c4bdef102d0bc5d31b2546345219e348575eb80e9a0?s=96&d=mm&r=g","contentUrl":"https:\/\/secure.gravatar.com\/avatar\/37d968a2e67a6fd04c169c4bdef102d0bc5d31b2546345219e348575eb80e9a0?s=96&d=mm&r=g","caption":"redazione"},"sameAs":["http:\/\/www.bellunopress.it","https:\/\/x.com\/bellunopress"],"url":"https:\/\/www.bellunopress.it\/fr\/author\/redazione\/"}]}},"_links":{"self":[{"href":"https:\/\/www.bellunopress.it\/fr\/wp-json\/wp\/v2\/posts\/164103","targetHints":{"allow":["GET"]}}],"collection":[{"href":"https:\/\/www.bellunopress.it\/fr\/wp-json\/wp\/v2\/posts"}],"about":[{"href":"https:\/\/www.bellunopress.it\/fr\/wp-json\/wp\/v2\/types\/post"}],"author":[{"embeddable":true,"href":"https:\/\/www.bellunopress.it\/fr\/wp-json\/wp\/v2\/users\/2"}],"replies":[{"embeddable":true,"href":"https:\/\/www.bellunopress.it\/fr\/wp-json\/wp\/v2\/comments?post=164103"}],"version-history":[{"count":1,"href":"https:\/\/www.bellunopress.it\/fr\/wp-json\/wp\/v2\/posts\/164103\/revisions"}],"predecessor-version":[{"id":164105,"href":"https:\/\/www.bellunopress.it\/fr\/wp-json\/wp\/v2\/posts\/164103\/revisions\/164105"}],"wp:featuredmedia":[{"embeddable":true,"href":"https:\/\/www.bellunopress.it\/fr\/wp-json\/wp\/v2\/media\/164104"}],"wp:attachment":[{"href":"https:\/\/www.bellunopress.it\/fr\/wp-json\/wp\/v2\/media?parent=164103"}],"wp:term":[{"taxonomy":"category","embeddable":true,"href":"https:\/\/www.bellunopress.it\/fr\/wp-json\/wp\/v2\/categories?post=164103"},{"taxonomy":"post_tag","embeddable":true,"href":"https:\/\/www.bellunopress.it\/fr\/wp-json\/wp\/v2\/tags?post=164103"}],"curies":[{"name":"wp","href":"https:\/\/api.w.org\/{rel}","templated":true}]}}