{"id":164098,"date":"2025-10-14T13:48:43","date_gmt":"2025-10-14T11:48:43","guid":{"rendered":"https:\/\/www.bellunopress.it\/?p=164098"},"modified":"2025-10-14T13:48:43","modified_gmt":"2025-10-14T11:48:43","slug":"tragedia-castel-dazzano-bandiere-a-mezzasta-in-tutto-il-veneto","status":"publish","type":"post","link":"https:\/\/www.bellunopress.it\/fr\/2025\/10\/14\/tragedia-castel-dazzano-bandiere-a-mezzasta-in-tutto-il-veneto\/","title":{"rendered":"Tragedia Castel d&#8217;Azzano. Bandiere a mezz&#8217;asta in tutto il Veneto"},"content":{"rendered":"<p><strong><img loading=\"lazy\" decoding=\"async\" class=\"aligncenter size-full wp-image-119261\" src=\"https:\/\/www.bellunopress.it\/wp-content\/uploads\/2020\/11\/lutto_edited.jpg\" alt=\"\" width=\"800\" height=\"445\" srcset=\"https:\/\/www.bellunopress.it\/wp-content\/uploads\/2020\/11\/lutto_edited.jpg 800w, https:\/\/www.bellunopress.it\/wp-content\/uploads\/2020\/11\/lutto_edited-500x278.jpg 500w, https:\/\/www.bellunopress.it\/wp-content\/uploads\/2020\/11\/lutto_edited-696x387.jpg 696w, https:\/\/www.bellunopress.it\/wp-content\/uploads\/2020\/11\/lutto_edited-755x420.jpg 755w\" sizes=\"auto, (max-width: 800px) 100vw, 800px\" \/>Presidente della Regione proclama tre giorni di lutto regionale<\/strong><\/p>\n<p>Castel d&#8217;Azzano (Verona), 14 ottobre 2025 &#8211; L&#8217;Italia si sveglia sotto il peso di una tragedia che ha spezzato la vita di tre servitori dello Stato. I carabinieri Marco Piffari, Valerio Dapr\u00e0 e Davide Bernardello sono morti questa mattina a Castel D&#8217;Azzano, in provincia di Verona, travolti dall&#8217;esplosione di un casolare colonico durante una delicata operazione di perquisizione e sgombero.\u00a0I tre militari dell&#8217;Arma, in servizio tra Padova e Mestre, erano stati chiamati a intervenire proprio in virt\u00f9 dell&#8217;estrema pericolosit\u00e0 della situazione. Il casolare, oggetto di una procedura di sgombero, era occupato dai fratelli Rampone, i quali avevano gi\u00e0 in precedenza manifestato la volont\u00e0 di &#8220;far saltare in aria&#8221; l&#8217;abitazione, minacciando di innescare una deflagrazione con il gas pur di impedire l&#8217;accesso alle forze dell&#8217;ordine.\u00a0Una minaccia che purtroppo si \u00e8 trasformata in una tragica realt\u00e0. La deflagrazione, innescata dai fratelli Rampone per fermare l&#8217;avanzare della perquisizione, \u00e8 stata violenta e fatale. Il casolare \u00e8 stato distrutto, travolgendo i carabinieri intervenuti.<\/p>\n<p>Venezia, 14 ottobre 2024 &#8211; In seguito alla tragedia di Castel d\u2019Azzano (Verona), il Presidente della Regione del Veneto, Luca Zaia, ha firmato il decreto che proclama il lutto regionale per tre giorni e per il giorno in cui saranno fissate le esequie dei Carabinieri caduti. In questi giorni su tutto il territorio veneto \u00e8 previsto vengano esposte le bandiere a mezz\u2019asta nelle sedi istituzionali. Il Governatore ha dato comunicazione del decreto alla Prefettura di Venezia per la pi\u00f9 ampia diffusione a tutte le Istituzioni.<\/p>\n<p>Elisa Venturini (consigliere regionale Veneto FI):\u00a0\u00abCon profondo sgomento apprendo della tragica scomparsa dei tre Carabinieri caduti a Castel d&#8217;Azzano, mentre svolgevano il loro dovere con dedizione, altruismo e coraggio.<br \/>\nEsprimo le mie pi\u00f9 sincere condoglianze alle loro famiglie, ai colleghi e a tutta l&#8217;Arma dei Carabinieri.\u00a0Ogni volta che viene toccato un esponente delle Forze dell&#8217;Ordine, \u00e8 l&#8217;intera comunit\u00e0 a esserne ferita: questi uomini e donne rappresentano lo Stato, la sicurezza, la legalit\u00e0, e il loro sacrificio ci riguarda tutti.\u00a0Siamo in attesa dei risultati completi delle indagini, ma quanto emerge dai primi rilievi e dalle dichiarazioni del Procuratore della Repubblica di Verona, Raffaele Tito \u2014 che parla di &#8220;omicidio premeditato e volontario&#8221; e non esclude l&#8217;ipotesi di &#8220;strage&#8221; \u2014 delinea un quadro davvero inquietante.<br \/>\nLe prime ricostruzioni fanno pensare che questa tragedia sia stata preparata, anche alla luce del fatto che in un precedente sopralluogo per lo sgombero erano state viste molotov nascoste sul tetto della casa. Tutto ci\u00f2 lascia un fortissimo senso di sgomento e di smarrimento in ciascuno di noi.\u00a0Di fronte a un fatto di tale gravit\u00e0, la nostra vicinanza e il nostro rispetto vanno a tutte le Forze dell&#8217;Ordine che ogni giorno, con coraggio, affrontano rischi enormi per difendere la sicurezza dei cittadini e i valori della nostra<\/p>","protected":false},"excerpt":{"rendered":"<p>Presidente della Regione proclama tre giorni di lutto regionale Castel d&#8217;Azzano (Verona), 14 ottobre 2025 &#8211; L&#8217;Italia si sveglia sotto il peso di una tragedia che ha spezzato la vita di tre servitori dello Stato. I carabinieri Marco Piffari, Valerio Dapr\u00e0 e Davide Bernardello sono morti questa mattina a Castel D&#8217;Azzano, in provincia di Verona, [&hellip;]<\/p>\n","protected":false},"author":2,"featured_media":119261,"comment_status":"closed","ping_status":"open","sticky":false,"template":"","format":"standard","meta":{"footnotes":""},"categories":[5,26],"tags":[],"class_list":["post-164098","post","type-post","status-publish","format-standard","has-post-thumbnail","category-cronaca","category-prima-pagina"],"yoast_head":"<!-- This site is optimized with the Yoast SEO plugin v28.4 - https:\/\/yoast.com\/product\/yoast-seo-wordpress\/ -->\n<title>Tragedia Castel d&#039;Azzano. Bandiere a mezz&#039;asta in tutto il Veneto - Bellunopress - Dolomiti<\/title>\n<meta name=\"robots\" content=\"index, follow, max-snippet:-1, max-image-preview:large, max-video-preview:-1\" \/>\n<link rel=\"canonical\" href=\"https:\/\/www.bellunopress.it\/fr\/2025\/10\/14\/tragedia-castel-dazzano-bandiere-a-mezzasta-in-tutto-il-veneto\/\" \/>\n<meta property=\"og:locale\" content=\"fr_FR\" \/>\n<meta property=\"og:type\" content=\"article\" \/>\n<meta property=\"og:title\" content=\"Tragedia Castel d&#039;Azzano. Bandiere a mezz&#039;asta in tutto il Veneto - Bellunopress - Dolomiti\" \/>\n<meta property=\"og:description\" content=\"Presidente della Regione proclama tre giorni di lutto regionale Castel d&#8217;Azzano (Verona), 14 ottobre 2025 &#8211; L&#8217;Italia si sveglia sotto il peso di una tragedia che ha spezzato la vita di tre servitori dello Stato. I carabinieri Marco Piffari, Valerio Dapr\u00e0 e Davide Bernardello sono morti questa mattina a Castel D&#8217;Azzano, in provincia di Verona, [&hellip;]\" \/>\n<meta property=\"og:url\" content=\"https:\/\/www.bellunopress.it\/fr\/2025\/10\/14\/tragedia-castel-dazzano-bandiere-a-mezzasta-in-tutto-il-veneto\/\" \/>\n<meta property=\"og:site_name\" content=\"Bellunopress - Dolomiti\" \/>\n<meta property=\"article:publisher\" content=\"https:\/\/www.facebook.com\/profile.php?id=100008943462799\" \/>\n<meta property=\"article:published_time\" content=\"2025-10-14T11:48:43+00:00\" \/>\n<meta property=\"og:image\" content=\"https:\/\/www.bellunopress.it\/wp-content\/uploads\/2020\/11\/lutto_edited.jpg\" \/>\n\t<meta property=\"og:image:width\" content=\"800\" \/>\n\t<meta property=\"og:image:height\" content=\"445\" \/>\n\t<meta property=\"og:image:type\" content=\"image\/jpeg\" \/>\n<meta name=\"author\" content=\"redazione\" \/>\n<meta name=\"twitter:card\" content=\"summary_large_image\" \/>\n<meta name=\"twitter:creator\" content=\"@bellunopress\" \/>\n<meta name=\"twitter:site\" content=\"@bellunopress\" \/>\n<meta name=\"twitter:label1\" content=\"\u00c9crit par\" \/>\n\t<meta name=\"twitter:data1\" content=\"redazione\" \/>\n\t<meta name=\"twitter:label2\" content=\"Dur\u00e9e de lecture estim\u00e9e\" \/>\n\t<meta name=\"twitter:data2\" content=\"2 minutes\" \/>\n<script type=\"application\/ld+json\" class=\"yoast-schema-graph\">{\"@context\":\"https:\\\/\\\/schema.org\",\"@graph\":[{\"@type\":\"Article\",\"@id\":\"https:\\\/\\\/www.bellunopress.it\\\/2025\\\/10\\\/14\\\/tragedia-castel-dazzano-bandiere-a-mezzasta-in-tutto-il-veneto\\\/#article\",\"isPartOf\":{\"@id\":\"https:\\\/\\\/www.bellunopress.it\\\/2025\\\/10\\\/14\\\/tragedia-castel-dazzano-bandiere-a-mezzasta-in-tutto-il-veneto\\\/\"},\"author\":{\"name\":\"redazione\",\"@id\":\"https:\\\/\\\/www.bellunopress.it\\\/#\\\/schema\\\/person\\\/79bb06722b37ece1c03d3e94beb30d73\"},\"headline\":\"Tragedia Castel d&#8217;Azzano. Bandiere a mezz&#8217;asta in tutto il Veneto\",\"datePublished\":\"2025-10-14T11:48:43+00:00\",\"mainEntityOfPage\":{\"@id\":\"https:\\\/\\\/www.bellunopress.it\\\/2025\\\/10\\\/14\\\/tragedia-castel-dazzano-bandiere-a-mezzasta-in-tutto-il-veneto\\\/\"},\"wordCount\":488,\"publisher\":{\"@id\":\"https:\\\/\\\/www.bellunopress.it\\\/#organization\"},\"image\":{\"@id\":\"https:\\\/\\\/www.bellunopress.it\\\/2025\\\/10\\\/14\\\/tragedia-castel-dazzano-bandiere-a-mezzasta-in-tutto-il-veneto\\\/#primaryimage\"},\"thumbnailUrl\":\"https:\\\/\\\/www.bellunopress.it\\\/wp-content\\\/uploads\\\/2020\\\/11\\\/lutto_edited.jpg\",\"articleSection\":[\"Cronaca\\\/Politica\",\"Prima Pagina\"],\"inLanguage\":\"fr-FR\"},{\"@type\":\"WebPage\",\"@id\":\"https:\\\/\\\/www.bellunopress.it\\\/2025\\\/10\\\/14\\\/tragedia-castel-dazzano-bandiere-a-mezzasta-in-tutto-il-veneto\\\/\",\"url\":\"https:\\\/\\\/www.bellunopress.it\\\/2025\\\/10\\\/14\\\/tragedia-castel-dazzano-bandiere-a-mezzasta-in-tutto-il-veneto\\\/\",\"name\":\"Tragedia Castel d'Azzano. Bandiere a mezz'asta in tutto il Veneto - Bellunopress - Dolomiti\",\"isPartOf\":{\"@id\":\"https:\\\/\\\/www.bellunopress.it\\\/#website\"},\"primaryImageOfPage\":{\"@id\":\"https:\\\/\\\/www.bellunopress.it\\\/2025\\\/10\\\/14\\\/tragedia-castel-dazzano-bandiere-a-mezzasta-in-tutto-il-veneto\\\/#primaryimage\"},\"image\":{\"@id\":\"https:\\\/\\\/www.bellunopress.it\\\/2025\\\/10\\\/14\\\/tragedia-castel-dazzano-bandiere-a-mezzasta-in-tutto-il-veneto\\\/#primaryimage\"},\"thumbnailUrl\":\"https:\\\/\\\/www.bellunopress.it\\\/wp-content\\\/uploads\\\/2020\\\/11\\\/lutto_edited.jpg\",\"datePublished\":\"2025-10-14T11:48:43+00:00\",\"breadcrumb\":{\"@id\":\"https:\\\/\\\/www.bellunopress.it\\\/2025\\\/10\\\/14\\\/tragedia-castel-dazzano-bandiere-a-mezzasta-in-tutto-il-veneto\\\/#breadcrumb\"},\"inLanguage\":\"fr-FR\",\"potentialAction\":[{\"@type\":\"ReadAction\",\"target\":[\"https:\\\/\\\/www.bellunopress.it\\\/2025\\\/10\\\/14\\\/tragedia-castel-dazzano-bandiere-a-mezzasta-in-tutto-il-veneto\\\/\"]}]},{\"@type\":\"ImageObject\",\"inLanguage\":\"fr-FR\",\"@id\":\"https:\\\/\\\/www.bellunopress.it\\\/2025\\\/10\\\/14\\\/tragedia-castel-dazzano-bandiere-a-mezzasta-in-tutto-il-veneto\\\/#primaryimage\",\"url\":\"https:\\\/\\\/www.bellunopress.it\\\/wp-content\\\/uploads\\\/2020\\\/11\\\/lutto_edited.jpg\",\"contentUrl\":\"https:\\\/\\\/www.bellunopress.it\\\/wp-content\\\/uploads\\\/2020\\\/11\\\/lutto_edited.jpg\",\"width\":800,\"height\":445},{\"@type\":\"BreadcrumbList\",\"@id\":\"https:\\\/\\\/www.bellunopress.it\\\/2025\\\/10\\\/14\\\/tragedia-castel-dazzano-bandiere-a-mezzasta-in-tutto-il-veneto\\\/#breadcrumb\",\"itemListElement\":[{\"@type\":\"ListItem\",\"position\":1,\"name\":\"Home\",\"item\":\"https:\\\/\\\/www.bellunopress.it\\\/\"},{\"@type\":\"ListItem\",\"position\":2,\"name\":\"Tragedia Castel d&#8217;Azzano. Bandiere a mezz&#8217;asta in tutto il Veneto\"}]},{\"@type\":\"WebSite\",\"@id\":\"https:\\\/\\\/www.bellunopress.it\\\/#website\",\"url\":\"https:\\\/\\\/www.bellunopress.it\\\/\",\"name\":\"Bellunopress - Dolomiti\",\"description\":\"e-mail: redazione@bellunopress.it\",\"publisher\":{\"@id\":\"https:\\\/\\\/www.bellunopress.it\\\/#organization\"},\"potentialAction\":[{\"@type\":\"SearchAction\",\"target\":{\"@type\":\"EntryPoint\",\"urlTemplate\":\"https:\\\/\\\/www.bellunopress.it\\\/?s={search_term_string}\"},\"query-input\":{\"@type\":\"PropertyValueSpecification\",\"valueRequired\":true,\"valueName\":\"search_term_string\"}}],\"inLanguage\":\"fr-FR\"},{\"@type\":\"Organization\",\"@id\":\"https:\\\/\\\/www.bellunopress.it\\\/#organization\",\"name\":\"Bellunopress\",\"url\":\"https:\\\/\\\/www.bellunopress.it\\\/\",\"logo\":{\"@type\":\"ImageObject\",\"inLanguage\":\"fr-FR\",\"@id\":\"https:\\\/\\\/www.bellunopress.it\\\/#\\\/schema\\\/logo\\\/image\\\/\",\"url\":\"https:\\\/\\\/www.bellunopress.it\\\/wp-content\\\/uploads\\\/2011\\\/05\\\/cropped-logo-bellunopress-.jpg\",\"contentUrl\":\"https:\\\/\\\/www.bellunopress.it\\\/wp-content\\\/uploads\\\/2011\\\/05\\\/cropped-logo-bellunopress-.jpg\",\"width\":512,\"height\":512,\"caption\":\"Bellunopress\"},\"image\":{\"@id\":\"https:\\\/\\\/www.bellunopress.it\\\/#\\\/schema\\\/logo\\\/image\\\/\"},\"sameAs\":[\"https:\\\/\\\/www.facebook.com\\\/profile.php?id=100008943462799\",\"https:\\\/\\\/x.com\\\/bellunopress\",\"https:\\\/\\\/www.linkedin.com\\\/hp\\\/?dnr=JBzUWaJfMUw8vbXJJ2tVW5-I3jZKvC4wsoxE&amp;amp;amp;amp;amp;amp;trk=nav_responsive_tab_home\",\"https:\\\/\\\/www.youtube.com\\\/channel\\\/UCxL0wu1uN0_3_7hGG0306cw\"]},{\"@type\":\"Person\",\"@id\":\"https:\\\/\\\/www.bellunopress.it\\\/#\\\/schema\\\/person\\\/79bb06722b37ece1c03d3e94beb30d73\",\"name\":\"redazione\",\"image\":{\"@type\":\"ImageObject\",\"inLanguage\":\"fr-FR\",\"@id\":\"https:\\\/\\\/secure.gravatar.com\\\/avatar\\\/37d968a2e67a6fd04c169c4bdef102d0bc5d31b2546345219e348575eb80e9a0?s=96&d=mm&r=g\",\"url\":\"https:\\\/\\\/secure.gravatar.com\\\/avatar\\\/37d968a2e67a6fd04c169c4bdef102d0bc5d31b2546345219e348575eb80e9a0?s=96&d=mm&r=g\",\"contentUrl\":\"https:\\\/\\\/secure.gravatar.com\\\/avatar\\\/37d968a2e67a6fd04c169c4bdef102d0bc5d31b2546345219e348575eb80e9a0?s=96&d=mm&r=g\",\"caption\":\"redazione\"},\"sameAs\":[\"http:\\\/\\\/www.bellunopress.it\",\"https:\\\/\\\/x.com\\\/bellunopress\"],\"url\":\"https:\\\/\\\/www.bellunopress.it\\\/fr\\\/author\\\/redazione\\\/\"}]}<\/script>\n<!-- \/ Yoast SEO plugin. -->","yoast_head_json":{"title":"Tragedia Castel d'Azzano. Bandiere a mezz'asta in tutto il Veneto - Bellunopress - Dolomiti","robots":{"index":"index","follow":"follow","max-snippet":"max-snippet:-1","max-image-preview":"max-image-preview:large","max-video-preview":"max-video-preview:-1"},"canonical":"https:\/\/www.bellunopress.it\/fr\/2025\/10\/14\/tragedia-castel-dazzano-bandiere-a-mezzasta-in-tutto-il-veneto\/","og_locale":"fr_FR","og_type":"article","og_title":"Tragedia Castel d'Azzano. Bandiere a mezz'asta in tutto il Veneto - Bellunopress - Dolomiti","og_description":"Presidente della Regione proclama tre giorni di lutto regionale Castel d&#8217;Azzano (Verona), 14 ottobre 2025 &#8211; L&#8217;Italia si sveglia sotto il peso di una tragedia che ha spezzato la vita di tre servitori dello Stato. I carabinieri Marco Piffari, Valerio Dapr\u00e0 e Davide Bernardello sono morti questa mattina a Castel D&#8217;Azzano, in provincia di Verona, [&hellip;]","og_url":"https:\/\/www.bellunopress.it\/fr\/2025\/10\/14\/tragedia-castel-dazzano-bandiere-a-mezzasta-in-tutto-il-veneto\/","og_site_name":"Bellunopress - Dolomiti","article_publisher":"https:\/\/www.facebook.com\/profile.php?id=100008943462799","article_published_time":"2025-10-14T11:48:43+00:00","og_image":[{"width":800,"height":445,"url":"https:\/\/www.bellunopress.it\/wp-content\/uploads\/2020\/11\/lutto_edited.jpg","type":"image\/jpeg"}],"author":"redazione","twitter_card":"summary_large_image","twitter_creator":"@bellunopress","twitter_site":"@bellunopress","twitter_misc":{"\u00c9crit par":"redazione","Dur\u00e9e de lecture estim\u00e9e":"2 minutes"},"schema":{"@context":"https:\/\/schema.org","@graph":[{"@type":"Article","@id":"https:\/\/www.bellunopress.it\/2025\/10\/14\/tragedia-castel-dazzano-bandiere-a-mezzasta-in-tutto-il-veneto\/#article","isPartOf":{"@id":"https:\/\/www.bellunopress.it\/2025\/10\/14\/tragedia-castel-dazzano-bandiere-a-mezzasta-in-tutto-il-veneto\/"},"author":{"name":"redazione","@id":"https:\/\/www.bellunopress.it\/#\/schema\/person\/79bb06722b37ece1c03d3e94beb30d73"},"headline":"Tragedia Castel d&#8217;Azzano. Bandiere a mezz&#8217;asta in tutto il Veneto","datePublished":"2025-10-14T11:48:43+00:00","mainEntityOfPage":{"@id":"https:\/\/www.bellunopress.it\/2025\/10\/14\/tragedia-castel-dazzano-bandiere-a-mezzasta-in-tutto-il-veneto\/"},"wordCount":488,"publisher":{"@id":"https:\/\/www.bellunopress.it\/#organization"},"image":{"@id":"https:\/\/www.bellunopress.it\/2025\/10\/14\/tragedia-castel-dazzano-bandiere-a-mezzasta-in-tutto-il-veneto\/#primaryimage"},"thumbnailUrl":"https:\/\/www.bellunopress.it\/wp-content\/uploads\/2020\/11\/lutto_edited.jpg","articleSection":["Cronaca\/Politica","Prima Pagina"],"inLanguage":"fr-FR"},{"@type":"WebPage","@id":"https:\/\/www.bellunopress.it\/2025\/10\/14\/tragedia-castel-dazzano-bandiere-a-mezzasta-in-tutto-il-veneto\/","url":"https:\/\/www.bellunopress.it\/2025\/10\/14\/tragedia-castel-dazzano-bandiere-a-mezzasta-in-tutto-il-veneto\/","name":"Tragedia Castel d'Azzano. Bandiere a mezz'asta in tutto il Veneto - Bellunopress - Dolomiti","isPartOf":{"@id":"https:\/\/www.bellunopress.it\/#website"},"primaryImageOfPage":{"@id":"https:\/\/www.bellunopress.it\/2025\/10\/14\/tragedia-castel-dazzano-bandiere-a-mezzasta-in-tutto-il-veneto\/#primaryimage"},"image":{"@id":"https:\/\/www.bellunopress.it\/2025\/10\/14\/tragedia-castel-dazzano-bandiere-a-mezzasta-in-tutto-il-veneto\/#primaryimage"},"thumbnailUrl":"https:\/\/www.bellunopress.it\/wp-content\/uploads\/2020\/11\/lutto_edited.jpg","datePublished":"2025-10-14T11:48:43+00:00","breadcrumb":{"@id":"https:\/\/www.bellunopress.it\/2025\/10\/14\/tragedia-castel-dazzano-bandiere-a-mezzasta-in-tutto-il-veneto\/#breadcrumb"},"inLanguage":"fr-FR","potentialAction":[{"@type":"ReadAction","target":["https:\/\/www.bellunopress.it\/2025\/10\/14\/tragedia-castel-dazzano-bandiere-a-mezzasta-in-tutto-il-veneto\/"]}]},{"@type":"ImageObject","inLanguage":"fr-FR","@id":"https:\/\/www.bellunopress.it\/2025\/10\/14\/tragedia-castel-dazzano-bandiere-a-mezzasta-in-tutto-il-veneto\/#primaryimage","url":"https:\/\/www.bellunopress.it\/wp-content\/uploads\/2020\/11\/lutto_edited.jpg","contentUrl":"https:\/\/www.bellunopress.it\/wp-content\/uploads\/2020\/11\/lutto_edited.jpg","width":800,"height":445},{"@type":"BreadcrumbList","@id":"https:\/\/www.bellunopress.it\/2025\/10\/14\/tragedia-castel-dazzano-bandiere-a-mezzasta-in-tutto-il-veneto\/#breadcrumb","itemListElement":[{"@type":"ListItem","position":1,"name":"Home","item":"https:\/\/www.bellunopress.it\/"},{"@type":"ListItem","position":2,"name":"Tragedia Castel d&#8217;Azzano. Bandiere a mezz&#8217;asta in tutto il Veneto"}]},{"@type":"WebSite","@id":"https:\/\/www.bellunopress.it\/#website","url":"https:\/\/www.bellunopress.it\/","name":"Bellunopress - Dolomiti","description":"e-mail: redazione@bellunopress.it","publisher":{"@id":"https:\/\/www.bellunopress.it\/#organization"},"potentialAction":[{"@type":"SearchAction","target":{"@type":"EntryPoint","urlTemplate":"https:\/\/www.bellunopress.it\/?s={search_term_string}"},"query-input":{"@type":"PropertyValueSpecification","valueRequired":true,"valueName":"search_term_string"}}],"inLanguage":"fr-FR"},{"@type":"Organization","@id":"https:\/\/www.bellunopress.it\/#organization","name":"Bellunopress","url":"https:\/\/www.bellunopress.it\/","logo":{"@type":"ImageObject","inLanguage":"fr-FR","@id":"https:\/\/www.bellunopress.it\/#\/schema\/logo\/image\/","url":"https:\/\/www.bellunopress.it\/wp-content\/uploads\/2011\/05\/cropped-logo-bellunopress-.jpg","contentUrl":"https:\/\/www.bellunopress.it\/wp-content\/uploads\/2011\/05\/cropped-logo-bellunopress-.jpg","width":512,"height":512,"caption":"Bellunopress"},"image":{"@id":"https:\/\/www.bellunopress.it\/#\/schema\/logo\/image\/"},"sameAs":["https:\/\/www.facebook.com\/profile.php?id=100008943462799","https:\/\/x.com\/bellunopress","https:\/\/www.linkedin.com\/hp\/?dnr=JBzUWaJfMUw8vbXJJ2tVW5-I3jZKvC4wsoxE&amp;amp;amp;amp;amp;amp;trk=nav_responsive_tab_home","https:\/\/www.youtube.com\/channel\/UCxL0wu1uN0_3_7hGG0306cw"]},{"@type":"Person","@id":"https:\/\/www.bellunopress.it\/#\/schema\/person\/79bb06722b37ece1c03d3e94beb30d73","name":"r\u00e9daction","image":{"@type":"ImageObject","inLanguage":"fr-FR","@id":"https:\/\/secure.gravatar.com\/avatar\/37d968a2e67a6fd04c169c4bdef102d0bc5d31b2546345219e348575eb80e9a0?s=96&d=mm&r=g","url":"https:\/\/secure.gravatar.com\/avatar\/37d968a2e67a6fd04c169c4bdef102d0bc5d31b2546345219e348575eb80e9a0?s=96&d=mm&r=g","contentUrl":"https:\/\/secure.gravatar.com\/avatar\/37d968a2e67a6fd04c169c4bdef102d0bc5d31b2546345219e348575eb80e9a0?s=96&d=mm&r=g","caption":"redazione"},"sameAs":["http:\/\/www.bellunopress.it","https:\/\/x.com\/bellunopress"],"url":"https:\/\/www.bellunopress.it\/fr\/author\/redazione\/"}]}},"_links":{"self":[{"href":"https:\/\/www.bellunopress.it\/fr\/wp-json\/wp\/v2\/posts\/164098","targetHints":{"allow":["GET"]}}],"collection":[{"href":"https:\/\/www.bellunopress.it\/fr\/wp-json\/wp\/v2\/posts"}],"about":[{"href":"https:\/\/www.bellunopress.it\/fr\/wp-json\/wp\/v2\/types\/post"}],"author":[{"embeddable":true,"href":"https:\/\/www.bellunopress.it\/fr\/wp-json\/wp\/v2\/users\/2"}],"replies":[{"embeddable":true,"href":"https:\/\/www.bellunopress.it\/fr\/wp-json\/wp\/v2\/comments?post=164098"}],"version-history":[{"count":1,"href":"https:\/\/www.bellunopress.it\/fr\/wp-json\/wp\/v2\/posts\/164098\/revisions"}],"predecessor-version":[{"id":164099,"href":"https:\/\/www.bellunopress.it\/fr\/wp-json\/wp\/v2\/posts\/164098\/revisions\/164099"}],"wp:featuredmedia":[{"embeddable":true,"href":"https:\/\/www.bellunopress.it\/fr\/wp-json\/wp\/v2\/media\/119261"}],"wp:attachment":[{"href":"https:\/\/www.bellunopress.it\/fr\/wp-json\/wp\/v2\/media?parent=164098"}],"wp:term":[{"taxonomy":"category","embeddable":true,"href":"https:\/\/www.bellunopress.it\/fr\/wp-json\/wp\/v2\/categories?post=164098"},{"taxonomy":"post_tag","embeddable":true,"href":"https:\/\/www.bellunopress.it\/fr\/wp-json\/wp\/v2\/tags?post=164098"}],"curies":[{"name":"wp","href":"https:\/\/api.w.org\/{rel}","templated":true}]}}